{"id":78978,"date":"2019-11-01T09:54:06","date_gmt":"2019-11-01T15:54:06","guid":{"rendered":"https:\/\/canal7slp.tv\/2019\/?p=78978"},"modified":"2019-11-01T09:54:06","modified_gmt":"2019-11-01T15:54:06","slug":"el-ine-interpone-accion-de-inconstitucionalidad-en-corte-por-ley-bonilla","status":"publish","type":"post","link":"https:\/\/canal7slp.tv\/2019\/el-ine-interpone-accion-de-inconstitucionalidad-en-corte-por-ley-bonilla\/","title":{"rendered":"El INE interpone acci\u00f3n de inconstitucionalidad en Corte por &#8220;Ley Bonilla&#8221;"},"content":{"rendered":"<ul>\n<li style=\"text-align: justify\">El Instituto present\u00f3 el recurso ante la Suprema Corte de Justicia de la Naci\u00f3n, con el que busca que se declare inconstitucional el decreto que modifica el mandato por el que fue electo el candidato Jaime Bonilla<\/li>\n<\/ul>\n<p style=\"text-align: justify\">M\u00e9xico.- El Instituto Nacional Electoral (INE) present\u00f3 una acci\u00f3n de inconstitucionalidad ante la Suprema Corte de Justicia de la Naci\u00f3n (SCJN) para continuar las acciones a su alcance con el fin de dar certeza jur\u00eddica al proceso electoral en Baja California el 2 de junio pasado.<\/p>\n<p style=\"text-align: justify\">Dicho recurso presentado por el secretario ejecutivo, Edmundo Jacobo Molina, busca que la Corte declare inconstitucional el Decreto 351 aprobado por el Congreso de Baja California el 11 de septiembre, mediante el cual se modifica el mandato para el cual fue electo el candidato Jaime Bonilla, pasando de dos a cinco a\u00f1os.<\/p>\n<p style=\"text-align: justify\">El INE argument\u00f3 ante la Suprema Corte que el decreto publicado el 17 de octubre contraviene la Constituci\u00f3n federal, ya que dicho ordenamiento pretende dar efecto retroactivo a una norma expedida con posterioridad a que se realizara el proceso electoral local en Baja California.<\/p>\n<p style=\"text-align: justify\">&#8220;El INE hizo valer sus facultades constitucionales impl\u00edcitas, considerando que el recurso ante la SCJN se inscribe en su funci\u00f3n de mantener un Estado democr\u00e1tico, como rector de los procesos electorales a nivel nacional y garante del sufragio secreto, efectivo, libre, informado y directo&#8221;, subray\u00f3.<\/p>\n<p style=\"text-align: justify\">Record\u00f3 que la Constituci\u00f3n se\u00f1ala en su Art\u00edculo 105 que &#8220;las leyes electorales federal y locales deber\u00e1n promulgarse y publicarse, por lo menos, 90 d\u00edas antes de que inicie el proceso electoral en que vayan a aplicarse y, durante el mismo, no podr\u00e1 haber modificaciones legales fundamentales&#8221;.<\/p>\n<p style=\"text-align: justify\">Asegur\u00f3 que el decreto expedido por el Congreso local pretende desconocer ese hecho y lesiona principios fundamentales de la democracia, cuyos preceptos se han venido construyendo en el pa\u00eds.<\/p>\n<p style=\"text-align: justify\">&#8220;El INE, con base en el mandato que la Constituci\u00f3n le ha encomendado, continuar\u00e1 con las acciones jur\u00eddicas a su alcance para defender los principios de la democracia en nuestro pa\u00eds y dotar de certeza jur\u00eddica a la ciudadan\u00eda de Baja California&#8221;.<\/p>\n<p style=\"text-align: justify\">La acci\u00f3n de inconstitucionalidad presentada este jueves se suma a la acci\u00f3n declarativa que el 24 de octubre present\u00f3 ante el Tribunal Electoral del Poder Judicial de la Federaci\u00f3n y que fue desechada por la Sala Superior.<\/p>\n","protected":false},"excerpt":{"rendered":"<p>El Instituto present\u00f3 el recurso ante la Suprema Corte de Justicia de la Naci\u00f3n, con el que busca que se declare inconstitucional el decreto que modifica el mandato por el que fue electo el candidato Jaime Bonilla M\u00e9xico.- El Instituto Nacional Electoral (INE) present\u00f3 una acci\u00f3n de inconstitucionalidad ante la Suprema Corte de Justicia de [&hellip;]<\/p>\n","protected":false},"author":2,"featured_media":78979,"comment_status":"open","ping_status":"open","sticky":false,"template":"","format":"standard","meta":{"footnotes":""},"categories":[30],"tags":[],"class_list":["post-78978","post","type-post","status-publish","format-standard","has-post-thumbnail","hentry","category-nacional"],"yoast_head":"<!-- This site is optimized with the Yoast SEO plugin v27.4 - https:\/\/yoast.com\/product\/yoast-seo-wordpress\/ -->\n<title>El INE interpone acci\u00f3n de inconstitucionalidad en Corte por &quot;Ley Bonilla&quot; - Canal 7 SLP - 2019<\/title>\n<meta name=\"robots\" content=\"index, follow, max-snippet:-1, max-image-preview:large, max-video-preview:-1\" \/>\n<link rel=\"canonical\" href=\"https:\/\/canal7slp.tv\/2019\/el-ine-interpone-accion-de-inconstitucionalidad-en-corte-por-ley-bonilla\/\" \/>\n<meta property=\"og:locale\" content=\"es_ES\" \/>\n<meta property=\"og:type\" content=\"article\" \/>\n<meta property=\"og:title\" content=\"El INE interpone acci\u00f3n de inconstitucionalidad en Corte por &quot;Ley Bonilla&quot; - Canal 7 SLP - 2019\" \/>\n<meta property=\"og:description\" content=\"El Instituto present\u00f3 el recurso ante la Suprema Corte de Justicia de la Naci\u00f3n, con el que busca que se declare inconstitucional el decreto que modifica el mandato por el que fue electo el candidato Jaime Bonilla M\u00e9xico.- El Instituto Nacional Electoral (INE) present\u00f3 una acci\u00f3n de inconstitucionalidad ante la Suprema Corte de Justicia de [&hellip;]\" \/>\n<meta property=\"og:url\" content=\"https:\/\/canal7slp.tv\/2019\/el-ine-interpone-accion-de-inconstitucionalidad-en-corte-por-ley-bonilla\/\" \/>\n<meta property=\"og:site_name\" content=\"Canal 7 SLP - 2019\" \/>\n<meta property=\"article:publisher\" content=\"https:\/\/www.facebook.com\/CANAL7SLP\/\" \/>\n<meta property=\"article:published_time\" content=\"2019-11-01T15:54:06+00:00\" \/>\n<meta property=\"og:image\" content=\"https:\/\/canal7slp.tv\/2019\/wp-content\/uploads\/2019\/11\/1045.jpg\" \/>\n\t<meta property=\"og:image:width\" content=\"770\" \/>\n\t<meta property=\"og:image:height\" content=\"485\" \/>\n\t<meta property=\"og:image:type\" content=\"image\/jpeg\" \/>\n<meta name=\"author\" content=\"edicionweb\" \/>\n<meta name=\"twitter:card\" content=\"summary_large_image\" \/>\n<meta name=\"twitter:creator\" content=\"@canal7_slp\" \/>\n<meta name=\"twitter:site\" content=\"@canal7_slp\" \/>\n<meta name=\"twitter:label1\" content=\"Escrito por\" \/>\n\t<meta name=\"twitter:data1\" content=\"edicionweb\" \/>\n\t<meta name=\"twitter:label2\" content=\"Tiempo de lectura\" \/>\n\t<meta name=\"twitter:data2\" content=\"2 minutos\" \/>\n<script type=\"application\/ld+json\" class=\"yoast-schema-graph\">{\"@context\":\"https:\\\/\\\/schema.org\",\"@graph\":[{\"@type\":\"Article\",\"@id\":\"https:\\\/\\\/canal7slp.tv\\\/2019\\\/el-ine-interpone-accion-de-inconstitucionalidad-en-corte-por-ley-bonilla\\\/#article\",\"isPartOf\":{\"@id\":\"https:\\\/\\\/canal7slp.tv\\\/2019\\\/el-ine-interpone-accion-de-inconstitucionalidad-en-corte-por-ley-bonilla\\\/\"},\"author\":{\"name\":\"edicionweb\",\"@id\":\"https:\\\/\\\/canal7slp.tv\\\/2019\\\/#\\\/schema\\\/person\\\/11d941c1c6ca30ac0a46b95fa37aa2e3\"},\"headline\":\"El INE interpone acci\u00f3n de inconstitucionalidad en Corte por &#8220;Ley Bonilla&#8221;\",\"datePublished\":\"2019-11-01T15:54:06+00:00\",\"mainEntityOfPage\":{\"@id\":\"https:\\\/\\\/canal7slp.tv\\\/2019\\\/el-ine-interpone-accion-de-inconstitucionalidad-en-corte-por-ley-bonilla\\\/\"},\"wordCount\":409,\"commentCount\":0,\"publisher\":{\"@id\":\"https:\\\/\\\/canal7slp.tv\\\/2019\\\/#organization\"},\"image\":{\"@id\":\"https:\\\/\\\/canal7slp.tv\\\/2019\\\/el-ine-interpone-accion-de-inconstitucionalidad-en-corte-por-ley-bonilla\\\/#primaryimage\"},\"thumbnailUrl\":\"https:\\\/\\\/canal7slp.tv\\\/2019\\\/wp-content\\\/uploads\\\/2019\\\/11\\\/1045.jpg\",\"articleSection\":[\"NACIONAL\"],\"inLanguage\":\"es\",\"potentialAction\":[{\"@type\":\"CommentAction\",\"name\":\"Comment\",\"target\":[\"https:\\\/\\\/canal7slp.tv\\\/2019\\\/el-ine-interpone-accion-de-inconstitucionalidad-en-corte-por-ley-bonilla\\\/#respond\"]}]},{\"@type\":\"WebPage\",\"@id\":\"https:\\\/\\\/canal7slp.tv\\\/2019\\\/el-ine-interpone-accion-de-inconstitucionalidad-en-corte-por-ley-bonilla\\\/\",\"url\":\"https:\\\/\\\/canal7slp.tv\\\/2019\\\/el-ine-interpone-accion-de-inconstitucionalidad-en-corte-por-ley-bonilla\\\/\",\"name\":\"El INE interpone acci\u00f3n de inconstitucionalidad en Corte por \\\"Ley Bonilla\\\" - Canal 7 SLP - 2019\",\"isPartOf\":{\"@id\":\"https:\\\/\\\/canal7slp.tv\\\/2019\\\/#website\"},\"primaryImageOfPage\":{\"@id\":\"https:\\\/\\\/canal7slp.tv\\\/2019\\\/el-ine-interpone-accion-de-inconstitucionalidad-en-corte-por-ley-bonilla\\\/#primaryimage\"},\"image\":{\"@id\":\"https:\\\/\\\/canal7slp.tv\\\/2019\\\/el-ine-interpone-accion-de-inconstitucionalidad-en-corte-por-ley-bonilla\\\/#primaryimage\"},\"thumbnailUrl\":\"https:\\\/\\\/canal7slp.tv\\\/2019\\\/wp-content\\\/uploads\\\/2019\\\/11\\\/1045.jpg\",\"datePublished\":\"2019-11-01T15:54:06+00:00\",\"breadcrumb\":{\"@id\":\"https:\\\/\\\/canal7slp.tv\\\/2019\\\/el-ine-interpone-accion-de-inconstitucionalidad-en-corte-por-ley-bonilla\\\/#breadcrumb\"},\"inLanguage\":\"es\",\"potentialAction\":[{\"@type\":\"ReadAction\",\"target\":[\"https:\\\/\\\/canal7slp.tv\\\/2019\\\/el-ine-interpone-accion-de-inconstitucionalidad-en-corte-por-ley-bonilla\\\/\"]}]},{\"@type\":\"ImageObject\",\"inLanguage\":\"es\",\"@id\":\"https:\\\/\\\/canal7slp.tv\\\/2019\\\/el-ine-interpone-accion-de-inconstitucionalidad-en-corte-por-ley-bonilla\\\/#primaryimage\",\"url\":\"https:\\\/\\\/canal7slp.tv\\\/2019\\\/wp-content\\\/uploads\\\/2019\\\/11\\\/1045.jpg\",\"contentUrl\":\"https:\\\/\\\/canal7slp.tv\\\/2019\\\/wp-content\\\/uploads\\\/2019\\\/11\\\/1045.jpg\",\"width\":770,\"height\":485},{\"@type\":\"BreadcrumbList\",\"@id\":\"https:\\\/\\\/canal7slp.tv\\\/2019\\\/el-ine-interpone-accion-de-inconstitucionalidad-en-corte-por-ley-bonilla\\\/#breadcrumb\",\"itemListElement\":[{\"@type\":\"ListItem\",\"position\":1,\"name\":\"Home\",\"item\":\"https:\\\/\\\/canal7slp.tv\\\/2019\\\/\"},{\"@type\":\"ListItem\",\"position\":2,\"name\":\"El INE interpone acci\u00f3n de inconstitucionalidad en Corte por &#8220;Ley Bonilla&#8221;\"}]},{\"@type\":\"WebSite\",\"@id\":\"https:\\\/\\\/canal7slp.tv\\\/2019\\\/#website\",\"url\":\"https:\\\/\\\/canal7slp.tv\\\/2019\\\/\",\"name\":\"Canal 7 SLP - Somos TV\",\"description\":\"Somos un Canal de 10\",\"publisher\":{\"@id\":\"https:\\\/\\\/canal7slp.tv\\\/2019\\\/#organization\"},\"potentialAction\":[{\"@type\":\"SearchAction\",\"target\":{\"@type\":\"EntryPoint\",\"urlTemplate\":\"https:\\\/\\\/canal7slp.tv\\\/2019\\\/?s={search_term_string}\"},\"query-input\":{\"@type\":\"PropertyValueSpecification\",\"valueRequired\":true,\"valueName\":\"search_term_string\"}}],\"inLanguage\":\"es\"},{\"@type\":\"Organization\",\"@id\":\"https:\\\/\\\/canal7slp.tv\\\/2019\\\/#organization\",\"name\":\"Comunicaci\u00f3n 2000 S.A. de C.V.\",\"url\":\"https:\\\/\\\/canal7slp.tv\\\/2019\\\/\",\"logo\":{\"@type\":\"ImageObject\",\"inLanguage\":\"es\",\"@id\":\"https:\\\/\\\/canal7slp.tv\\\/2019\\\/#\\\/schema\\\/logo\\\/image\\\/\",\"url\":\"https:\\\/\\\/canal7slp.tv\\\/2019\\\/wp-content\\\/uploads\\\/2019\\\/07\\\/logo-c7.png\",\"contentUrl\":\"https:\\\/\\\/canal7slp.tv\\\/2019\\\/wp-content\\\/uploads\\\/2019\\\/07\\\/logo-c7.png\",\"width\":220,\"height\":60,\"caption\":\"Comunicaci\u00f3n 2000 S.A. de C.V.\"},\"image\":{\"@id\":\"https:\\\/\\\/canal7slp.tv\\\/2019\\\/#\\\/schema\\\/logo\\\/image\\\/\"},\"sameAs\":[\"https:\\\/\\\/www.facebook.com\\\/CANAL7SLP\\\/\",\"https:\\\/\\\/x.com\\\/canal7_slp\",\"https:\\\/\\\/www.instagram.com\\\/canal7_slp\",\"https:\\\/\\\/www.youtube.com\\\/user\\\/NOTICIEROSCANAL7SLP\\\/\"]},{\"@type\":\"Person\",\"@id\":\"https:\\\/\\\/canal7slp.tv\\\/2019\\\/#\\\/schema\\\/person\\\/11d941c1c6ca30ac0a46b95fa37aa2e3\",\"name\":\"edicionweb\",\"image\":{\"@type\":\"ImageObject\",\"inLanguage\":\"es\",\"@id\":\"https:\\\/\\\/secure.gravatar.com\\\/avatar\\\/eee448fc3f7164808013b816ba91ac7e43bbe82a70bebac296f8bc6f0addaa1a?s=96&d=mm&r=g\",\"url\":\"https:\\\/\\\/secure.gravatar.com\\\/avatar\\\/eee448fc3f7164808013b816ba91ac7e43bbe82a70bebac296f8bc6f0addaa1a?s=96&d=mm&r=g\",\"contentUrl\":\"https:\\\/\\\/secure.gravatar.com\\\/avatar\\\/eee448fc3f7164808013b816ba91ac7e43bbe82a70bebac296f8bc6f0addaa1a?s=96&d=mm&r=g\",\"caption\":\"edicionweb\"}}]}<\/script>\n<!-- \/ Yoast SEO plugin. -->","yoast_head_json":{"title":"El INE interpone acci\u00f3n de inconstitucionalidad en Corte por \"Ley Bonilla\" - Canal 7 SLP - 2019","robots":{"index":"index","follow":"follow","max-snippet":"max-snippet:-1","max-image-preview":"max-image-preview:large","max-video-preview":"max-video-preview:-1"},"canonical":"https:\/\/canal7slp.tv\/2019\/el-ine-interpone-accion-de-inconstitucionalidad-en-corte-por-ley-bonilla\/","og_locale":"es_ES","og_type":"article","og_title":"El INE interpone acci\u00f3n de inconstitucionalidad en Corte por \"Ley Bonilla\" - Canal 7 SLP - 2019","og_description":"El Instituto present\u00f3 el recurso ante la Suprema Corte de Justicia de la Naci\u00f3n, con el que busca que se declare inconstitucional el decreto que modifica el mandato por el que fue electo el candidato Jaime Bonilla M\u00e9xico.- El Instituto Nacional Electoral (INE) present\u00f3 una acci\u00f3n de inconstitucionalidad ante la Suprema Corte de Justicia de [&hellip;]","og_url":"https:\/\/canal7slp.tv\/2019\/el-ine-interpone-accion-de-inconstitucionalidad-en-corte-por-ley-bonilla\/","og_site_name":"Canal 7 SLP - 2019","article_publisher":"https:\/\/www.facebook.com\/CANAL7SLP\/","article_published_time":"2019-11-01T15:54:06+00:00","og_image":[{"width":770,"height":485,"url":"https:\/\/canal7slp.tv\/2019\/wp-content\/uploads\/2019\/11\/1045.jpg","type":"image\/jpeg"}],"author":"edicionweb","twitter_card":"summary_large_image","twitter_creator":"@canal7_slp","twitter_site":"@canal7_slp","twitter_misc":{"Escrito por":"edicionweb","Tiempo de lectura":"2 minutos"},"schema":{"@context":"https:\/\/schema.org","@graph":[{"@type":"Article","@id":"https:\/\/canal7slp.tv\/2019\/el-ine-interpone-accion-de-inconstitucionalidad-en-corte-por-ley-bonilla\/#article","isPartOf":{"@id":"https:\/\/canal7slp.tv\/2019\/el-ine-interpone-accion-de-inconstitucionalidad-en-corte-por-ley-bonilla\/"},"author":{"name":"edicionweb","@id":"https:\/\/canal7slp.tv\/2019\/#\/schema\/person\/11d941c1c6ca30ac0a46b95fa37aa2e3"},"headline":"El INE interpone acci\u00f3n de inconstitucionalidad en Corte por &#8220;Ley Bonilla&#8221;","datePublished":"2019-11-01T15:54:06+00:00","mainEntityOfPage":{"@id":"https:\/\/canal7slp.tv\/2019\/el-ine-interpone-accion-de-inconstitucionalidad-en-corte-por-ley-bonilla\/"},"wordCount":409,"commentCount":0,"publisher":{"@id":"https:\/\/canal7slp.tv\/2019\/#organization"},"image":{"@id":"https:\/\/canal7slp.tv\/2019\/el-ine-interpone-accion-de-inconstitucionalidad-en-corte-por-ley-bonilla\/#primaryimage"},"thumbnailUrl":"https:\/\/canal7slp.tv\/2019\/wp-content\/uploads\/2019\/11\/1045.jpg","articleSection":["NACIONAL"],"inLanguage":"es","potentialAction":[{"@type":"CommentAction","name":"Comment","target":["https:\/\/canal7slp.tv\/2019\/el-ine-interpone-accion-de-inconstitucionalidad-en-corte-por-ley-bonilla\/#respond"]}]},{"@type":"WebPage","@id":"https:\/\/canal7slp.tv\/2019\/el-ine-interpone-accion-de-inconstitucionalidad-en-corte-por-ley-bonilla\/","url":"https:\/\/canal7slp.tv\/2019\/el-ine-interpone-accion-de-inconstitucionalidad-en-corte-por-ley-bonilla\/","name":"El INE interpone acci\u00f3n de inconstitucionalidad en Corte por \"Ley Bonilla\" - Canal 7 SLP - 2019","isPartOf":{"@id":"https:\/\/canal7slp.tv\/2019\/#website"},"primaryImageOfPage":{"@id":"https:\/\/canal7slp.tv\/2019\/el-ine-interpone-accion-de-inconstitucionalidad-en-corte-por-ley-bonilla\/#primaryimage"},"image":{"@id":"https:\/\/canal7slp.tv\/2019\/el-ine-interpone-accion-de-inconstitucionalidad-en-corte-por-ley-bonilla\/#primaryimage"},"thumbnailUrl":"https:\/\/canal7slp.tv\/2019\/wp-content\/uploads\/2019\/11\/1045.jpg","datePublished":"2019-11-01T15:54:06+00:00","breadcrumb":{"@id":"https:\/\/canal7slp.tv\/2019\/el-ine-interpone-accion-de-inconstitucionalidad-en-corte-por-ley-bonilla\/#breadcrumb"},"inLanguage":"es","potentialAction":[{"@type":"ReadAction","target":["https:\/\/canal7slp.tv\/2019\/el-ine-interpone-accion-de-inconstitucionalidad-en-corte-por-ley-bonilla\/"]}]},{"@type":"ImageObject","inLanguage":"es","@id":"https:\/\/canal7slp.tv\/2019\/el-ine-interpone-accion-de-inconstitucionalidad-en-corte-por-ley-bonilla\/#primaryimage","url":"https:\/\/canal7slp.tv\/2019\/wp-content\/uploads\/2019\/11\/1045.jpg","contentUrl":"https:\/\/canal7slp.tv\/2019\/wp-content\/uploads\/2019\/11\/1045.jpg","width":770,"height":485},{"@type":"BreadcrumbList","@id":"https:\/\/canal7slp.tv\/2019\/el-ine-interpone-accion-de-inconstitucionalidad-en-corte-por-ley-bonilla\/#breadcrumb","itemListElement":[{"@type":"ListItem","position":1,"name":"Home","item":"https:\/\/canal7slp.tv\/2019\/"},{"@type":"ListItem","position":2,"name":"El INE interpone acci\u00f3n de inconstitucionalidad en Corte por &#8220;Ley Bonilla&#8221;"}]},{"@type":"WebSite","@id":"https:\/\/canal7slp.tv\/2019\/#website","url":"https:\/\/canal7slp.tv\/2019\/","name":"Canal 7 SLP - Somos TV","description":"Somos un Canal de 10","publisher":{"@id":"https:\/\/canal7slp.tv\/2019\/#organization"},"potentialAction":[{"@type":"SearchAction","target":{"@type":"EntryPoint","urlTemplate":"https:\/\/canal7slp.tv\/2019\/?s={search_term_string}"},"query-input":{"@type":"PropertyValueSpecification","valueRequired":true,"valueName":"search_term_string"}}],"inLanguage":"es"},{"@type":"Organization","@id":"https:\/\/canal7slp.tv\/2019\/#organization","name":"Comunicaci\u00f3n 2000 S.A. de C.V.","url":"https:\/\/canal7slp.tv\/2019\/","logo":{"@type":"ImageObject","inLanguage":"es","@id":"https:\/\/canal7slp.tv\/2019\/#\/schema\/logo\/image\/","url":"https:\/\/canal7slp.tv\/2019\/wp-content\/uploads\/2019\/07\/logo-c7.png","contentUrl":"https:\/\/canal7slp.tv\/2019\/wp-content\/uploads\/2019\/07\/logo-c7.png","width":220,"height":60,"caption":"Comunicaci\u00f3n 2000 S.A. de C.V."},"image":{"@id":"https:\/\/canal7slp.tv\/2019\/#\/schema\/logo\/image\/"},"sameAs":["https:\/\/www.facebook.com\/CANAL7SLP\/","https:\/\/x.com\/canal7_slp","https:\/\/www.instagram.com\/canal7_slp","https:\/\/www.youtube.com\/user\/NOTICIEROSCANAL7SLP\/"]},{"@type":"Person","@id":"https:\/\/canal7slp.tv\/2019\/#\/schema\/person\/11d941c1c6ca30ac0a46b95fa37aa2e3","name":"edicionweb","image":{"@type":"ImageObject","inLanguage":"es","@id":"https:\/\/secure.gravatar.com\/avatar\/eee448fc3f7164808013b816ba91ac7e43bbe82a70bebac296f8bc6f0addaa1a?s=96&d=mm&r=g","url":"https:\/\/secure.gravatar.com\/avatar\/eee448fc3f7164808013b816ba91ac7e43bbe82a70bebac296f8bc6f0addaa1a?s=96&d=mm&r=g","contentUrl":"https:\/\/secure.gravatar.com\/avatar\/eee448fc3f7164808013b816ba91ac7e43bbe82a70bebac296f8bc6f0addaa1a?s=96&d=mm&r=g","caption":"edicionweb"}}]}},"amp_enabled":true,"cmb2":{"video_ids_in_playlist":{"vid_p_videos":""},"video_ids_in_channel":{"vid_c_videos":""},"playlist_ids_in_channel":{"vid_c_playlists":""},"series_ids_in_channel":{"vid_c_series":""},"channel_images":{"vid_c_logo":"","vid_c_banner":""},"poster_feature_image":{"vid_m_poster_image":""},"gif_feature_image":{"vid_m_gif_image":""},"video_movie_settings":{"vid_m_director":"","vid_m_actor":"","vid_m_imdb_ratings":"","vid_m_amazon_associates":""},"vid_youtube_broadcasts_settings":{"vid_yb_broadcast_title":"","vid_yb_q":"","vid_yb_channelid":"","vid_yb_videocategoryid":"","vid_yb_maxresults":"","vid_yb_order":"","vid_yb_regioncode":"","vid_yb_videosyndicated":"","vid_yb_style":"","vid_yb_reload_first":""},"video_series_settings":{"vid_m_director":"","vid_m_actor":"","vid_m_imdb_ratings":"","video_series_group":""},"amazon_associates_settings":{"amazon_associates":"","amazon_native_ad":""},"vid_youtube_automatic_settings":{"vid_ya_youtube_source":"","vid_ya_update_every":"","vid_ya_update_unit":"","vid_ya_categories":"","vid_ya_published_after":"","vid_ya_published_before":"","vid_ya_playlists":"","vid_ya_channels":"","vid_ya_director":"","vid_ya_actor":"","vid_ya_author":"","vid_ya_import_post_date":"","vid_ya_status":"","vid_ya_sub_api_key":""},"vid_ads_m_videoads_settings_post":{"vid_ads_m_video_ads":"","vid_ads_m_video_ads_type":"","vid_ads_m_group_google_ima":"","vid_ads_m_group_image":"","vid_ads_m_group_html5_video":"","vid_ads_m_group_html":"","vid_ads_m_vast_preroll":"","vid_ads_m_vast_postroll":"","vid_ads_m_vast_pauseroll":"","vid_ads_m_vast_midroll":[{"vid_ads_m_vast_timer_seconds":"50"}],"vid_ads_m_time_to_show_ads":"","vid_ads_m_time_skip_ads":"","vid_ads_m_time_to_hide_ads":""},"page_slider_settings":{"display_slider_group":"","page_slider_group":""},"blog_page_settings":{"blog_page_title":"","blog_page_heading":"","blog_page_ic":"","blog_page_it":"","blog_page_ec":"","blog_page_ip":"","archive_loop_style":"","blog_image_ratio":"","blog_show_categories":"","blog_show_excerpt":"","blog_show_author":"","blog_show_date":"","blog_show_comment_count":"","blog_show_view_count":"","blog_show_like_count":"","blog_show_dislike_count":"","blog_items_per_page":"","blog_pag_type":""},"page_options":{"get_page_template":"","color_mode":"","main_layout":"","main_layout_full_with":"","main_logo":"","main_logo_retina":"","main_logo_mobile":"","main_logo_mobile_retina":"","sticky_logo":"","sticky_logo_retina":"","main_nav_layout":"","ajax_search":"","header_background":"","theme_sidebar":"","instagram_feed":"","instagram_feed_position":"","popular_videos":"","popular_videos_title_1":"","popular_videos_title_2":"","popular_videos_ic":"","popular_videos_it":"","theme_background":"","page_custom_css":""},"feature_image_settings":{"feature_image_position":""},"video_player_settings":{"single_video_style":"","video_player_position":"","vm_video_url":"","video_player_library":"","video_streaming":"","vm_media_sources":"","vid_auto_play":"","vm_video_shortcode":"","vid_p_sync_playlist":"","vid_c_sync_channel":"","get_post_format":"","multiple_links_structure":"default","multi_links_title":"","vm_video_multi_links":"","vm_duration":"","vid_social_locker":"off","vid_social_locker_id":"","vid_membership_action":"content-video","vm_video_trailer_url":"","vid_download_type":"free","vid_download_target":"download","vid_woo_product":"","vm_media_download":"","user_rating":"","user_rating_position":"","user_rating_mode":"","user_rating_multi_sets":""},"video_auto_fetch_settings":{"vm_video_fetch":"on"},"video_fake_views_likes":{"vm_fake_views":"","vm_fake_likes":"","vm_fake_dislikes":""},"gallery_settings":{"gallery_position":""},"quote_settings":{"quote_position":""},"post_options":{"main_layout":"","main_logo":"","main_logo_retina":"","main_logo_mobile":"","main_logo_mobile_retina":"","sticky_logo":"","sticky_logo_retina":"","main_nav_layout":"","header_background":"","theme_sidebar":"","single_post_comment_type":"","theme_background":""}},"_links":{"self":[{"href":"https:\/\/canal7slp.tv\/2019\/wp-json\/wp\/v2\/posts\/78978","targetHints":{"allow":["GET"]}}],"collection":[{"href":"https:\/\/canal7slp.tv\/2019\/wp-json\/wp\/v2\/posts"}],"about":[{"href":"https:\/\/canal7slp.tv\/2019\/wp-json\/wp\/v2\/types\/post"}],"author":[{"embeddable":true,"href":"https:\/\/canal7slp.tv\/2019\/wp-json\/wp\/v2\/users\/2"}],"replies":[{"embeddable":true,"href":"https:\/\/canal7slp.tv\/2019\/wp-json\/wp\/v2\/comments?post=78978"}],"version-history":[{"count":0,"href":"https:\/\/canal7slp.tv\/2019\/wp-json\/wp\/v2\/posts\/78978\/revisions"}],"wp:featuredmedia":[{"embeddable":true,"href":"https:\/\/canal7slp.tv\/2019\/wp-json\/wp\/v2\/media\/78979"}],"wp:attachment":[{"href":"https:\/\/canal7slp.tv\/2019\/wp-json\/wp\/v2\/media?parent=78978"}],"wp:term":[{"taxonomy":"category","embeddable":true,"href":"https:\/\/canal7slp.tv\/2019\/wp-json\/wp\/v2\/categories?post=78978"},{"taxonomy":"post_tag","embeddable":true,"href":"https:\/\/canal7slp.tv\/2019\/wp-json\/wp\/v2\/tags?post=78978"}],"curies":[{"name":"wp","href":"https:\/\/api.w.org\/{rel}","templated":true}]}}