{"id":78942,"date":"2019-11-01T08:26:54","date_gmt":"2019-11-01T14:26:54","guid":{"rendered":"https:\/\/canal7slp.tv\/2019\/?p=78942"},"modified":"2019-11-01T08:26:54","modified_gmt":"2019-11-01T14:26:54","slug":"van-27-defensores-de-dh-asesinados-en-gobierno-de-lopez-obrador","status":"publish","type":"post","link":"https:\/\/canal7slp.tv\/2019\/van-27-defensores-de-dh-asesinados-en-gobierno-de-lopez-obrador\/","title":{"rendered":"Van 27 defensores de DH asesinados en gobierno de L\u00f3pez Obrador"},"content":{"rendered":"<ul>\n<li style=\"text-align: justify\">Organismos de la sociedad civil presentan un recuento de los activistas que han perdido la vida de manera violenta en la administraci\u00f3n del morenista<\/li>\n<\/ul>\n<p style=\"text-align: justify\">M\u00e9xico.- En los primeros 11 meses del gobierno de Andr\u00e9s Manuel L\u00f3pez Obrador, 27 defensores de derechos humanos y del territorio fueron asesinados en diferentes entidades del pa\u00eds, seg\u00fan un recuento realizado por organismos de la sociedad civil.<\/p>\n<p style=\"text-align: justify\">Cinco de esos homicidios dolosos fueron contra activistas de Oaxaca; la lista de v\u00edctimas la encabeza el estado de Chiapas.<\/p>\n<p style=\"text-align: justify\">Guerrero y Chihuahua tambi\u00e9n resaltan por el n\u00famero de defensores asesinados, la primera entidad con cuatro, la segunda con tres. Y nueve entidades del pa\u00eds figuran con un defensor asesinado en cada una de ellas.<\/p>\n<p style=\"text-align: justify\">Oaxaca es el tercer estado en M\u00e9xico con mayor n\u00famero de personas beneficiadas del Mecanismo de Protecci\u00f3n para Personas Defensoras de Derechos Humanos y Periodistas.<\/p>\n<p style=\"text-align: justify\">Seg\u00fan datos de la Subsecretar\u00eda de Derechos Humanos de la Secretar\u00eda de Gobernaci\u00f3n (Segob), en la actualidad 80 oaxaque\u00f1os son beneficiarios de dicho Mecanismo, el cual est\u00e1 a su cargo. De ellos, 16 son periodistas: cuatro mujeres y 12 hombres; y 64 son activistas defensores: 24 mujeres y 40 hombres.<\/p>\n<p style=\"text-align: justify\">La lista con mayor n\u00famero de beneficiarios la encabeza la Ciudad de M\u00e9xico con un total de 136, mientras en la segunda posici\u00f3n le sigue Chiapas con 91.<\/p>\n<p style=\"text-align: justify\">En Oaxaca, durante el gobierno de L\u00f3pez Obrador, han asesinado a cinco activistas. El primer homicidio ocurri\u00f3 el 20 de enero de 2019, cuando Gustavo Cruz Mendoza, miembro del Consejo Ind\u00edgena de los Pueblos de Oaxaca Ricardo Flores Mag\u00f3n (CIPO-RFM), y defensor del derecho a la tierra, fue ultimado en Santiago Jocotepec.<\/p>\n<p style=\"text-align: justify\">Un d\u00eda despu\u00e9s, el 21 de enero de 2019, fue asesinado Bernardino Garc\u00eda Hern\u00e1ndez, representante de Zimatl\u00e1n de L\u00e1zaro C\u00e1rdenas, en la comisi\u00f3n que busca la soluci\u00f3n al conflicto por medio del di\u00e1logo entre su comunidad y San Sebasti\u00e1n Nopalera, ambas poblaciones de la regi\u00f3n Mixteca.<\/p>\n<p style=\"text-align: justify\">El 9 de febrero asesinaron en Juchit\u00e1n de Zaragoza a \u00d3scar Cazorla, activista muxe y fundador de Las Aut\u00e9nticas Intr\u00e9pidas Buscadoras del Peligro y defensor de los derechos LGTB.<\/p>\n<p style=\"text-align: justify\">Mientras que el 11 de abril, Luis Armando Fuentes Aquino, defensor comunitario e integrante de la organizaci\u00f3n Corriente del Pueblo Sol Rojo, tambi\u00e9n activista de la Red de resistencia contra las Altas Tarifas de la Energ\u00eda El\u00e9ctrica, fue asesinado a balazos en San Francisco Ixhuat\u00e1n.<\/p>\n<p style=\"text-align: justify\">El 2 de mayo de 2019 asesinaron en San Agust\u00edn Loxicha, municipio de la Sierra Sur de Oaxaca, a Tel\u00e9sforo Santiago Enr\u00edquez, profesor ind\u00edgena y activista en una radio comunitaria.<\/p>\n<p style=\"text-align: justify\">Los asesinatos, agresiones, torturas, allanamiento de oficinas, intimidaciones y campa\u00f1as de desprestigio, entre otro tipo de atentados contra activistas y periodistas, no han cambiado con el gobierno de Andr\u00e9s Manuel L\u00f3pez Obrador y la &#8220;Cuarta Transformaci\u00f3n&#8221;; todo lo contrario, han aumentado.<\/p>\n<p style=\"text-align: justify\">El informe presentado el pasado mes de julio por la Oficina en M\u00e9xico del Alto Comisionado de las Naciones Unidas (ONU) para los Derechos Humanos, advierte un incremento del 70% en las solicitudes de protecci\u00f3n a la Segob, resultado de la comparaci\u00f3n de los primeros cinco meses de 2018 y el mismo periodo en este a\u00f1o.<\/p>\n","protected":false},"excerpt":{"rendered":"<p>Organismos de la sociedad civil presentan un recuento de los activistas que han perdido la vida de manera violenta en la administraci\u00f3n del morenista M\u00e9xico.- En los primeros 11 meses del gobierno de Andr\u00e9s Manuel L\u00f3pez Obrador, 27 defensores de derechos humanos y del territorio fueron asesinados en diferentes entidades del pa\u00eds, seg\u00fan un recuento [&hellip;]<\/p>\n","protected":false},"author":2,"featured_media":78943,"comment_status":"open","ping_status":"open","sticky":false,"template":"","format":"standard","meta":{"footnotes":""},"categories":[30],"tags":[],"class_list":["post-78942","post","type-post","status-publish","format-standard","has-post-thumbnail","hentry","category-nacional"],"yoast_head":"<!-- This site is optimized with the Yoast SEO plugin v27.5 - https:\/\/yoast.com\/product\/yoast-seo-wordpress\/ -->\n<title>Van 27 defensores de DH asesinados en gobierno de L\u00f3pez Obrador - Canal 7 SLP - 2019<\/title>\n<meta name=\"robots\" content=\"index, follow, max-snippet:-1, max-image-preview:large, max-video-preview:-1\" \/>\n<link rel=\"canonical\" href=\"https:\/\/canal7slp.tv\/2019\/van-27-defensores-de-dh-asesinados-en-gobierno-de-lopez-obrador\/\" \/>\n<meta property=\"og:locale\" content=\"es_ES\" \/>\n<meta property=\"og:type\" content=\"article\" \/>\n<meta property=\"og:title\" content=\"Van 27 defensores de DH asesinados en gobierno de L\u00f3pez Obrador - Canal 7 SLP - 2019\" \/>\n<meta property=\"og:description\" content=\"Organismos de la sociedad civil presentan un recuento de los activistas que han perdido la vida de manera violenta en la administraci\u00f3n del morenista M\u00e9xico.- En los primeros 11 meses del gobierno de Andr\u00e9s Manuel L\u00f3pez Obrador, 27 defensores de derechos humanos y del territorio fueron asesinados en diferentes entidades del pa\u00eds, seg\u00fan un recuento [&hellip;]\" \/>\n<meta property=\"og:url\" content=\"https:\/\/canal7slp.tv\/2019\/van-27-defensores-de-dh-asesinados-en-gobierno-de-lopez-obrador\/\" \/>\n<meta property=\"og:site_name\" content=\"Canal 7 SLP - 2019\" \/>\n<meta property=\"article:publisher\" content=\"https:\/\/www.facebook.com\/CANAL7SLP\/\" \/>\n<meta property=\"article:published_time\" content=\"2019-11-01T14:26:54+00:00\" \/>\n<meta property=\"og:image\" content=\"https:\/\/canal7slp.tv\/2019\/wp-content\/uploads\/2019\/11\/830.jpg\" \/>\n\t<meta property=\"og:image:width\" content=\"320\" \/>\n\t<meta property=\"og:image:height\" content=\"240\" \/>\n\t<meta property=\"og:image:type\" content=\"image\/jpeg\" \/>\n<meta name=\"author\" content=\"edicionweb\" \/>\n<meta name=\"twitter:card\" content=\"summary_large_image\" \/>\n<meta name=\"twitter:creator\" content=\"@canal7_slp\" \/>\n<meta name=\"twitter:site\" content=\"@canal7_slp\" \/>\n<meta name=\"twitter:label1\" content=\"Escrito por\" \/>\n\t<meta name=\"twitter:data1\" content=\"edicionweb\" \/>\n\t<meta name=\"twitter:label2\" content=\"Tiempo de lectura\" \/>\n\t<meta name=\"twitter:data2\" content=\"3 minutos\" \/>\n<script type=\"application\/ld+json\" class=\"yoast-schema-graph\">{\"@context\":\"https:\\\/\\\/schema.org\",\"@graph\":[{\"@type\":\"Article\",\"@id\":\"https:\\\/\\\/canal7slp.tv\\\/2019\\\/van-27-defensores-de-dh-asesinados-en-gobierno-de-lopez-obrador\\\/#article\",\"isPartOf\":{\"@id\":\"https:\\\/\\\/canal7slp.tv\\\/2019\\\/van-27-defensores-de-dh-asesinados-en-gobierno-de-lopez-obrador\\\/\"},\"author\":{\"name\":\"edicionweb\",\"@id\":\"https:\\\/\\\/canal7slp.tv\\\/2019\\\/#\\\/schema\\\/person\\\/11d941c1c6ca30ac0a46b95fa37aa2e3\"},\"headline\":\"Van 27 defensores de DH asesinados en gobierno de L\u00f3pez Obrador\",\"datePublished\":\"2019-11-01T14:26:54+00:00\",\"mainEntityOfPage\":{\"@id\":\"https:\\\/\\\/canal7slp.tv\\\/2019\\\/van-27-defensores-de-dh-asesinados-en-gobierno-de-lopez-obrador\\\/\"},\"wordCount\":567,\"commentCount\":0,\"publisher\":{\"@id\":\"https:\\\/\\\/canal7slp.tv\\\/2019\\\/#organization\"},\"image\":{\"@id\":\"https:\\\/\\\/canal7slp.tv\\\/2019\\\/van-27-defensores-de-dh-asesinados-en-gobierno-de-lopez-obrador\\\/#primaryimage\"},\"thumbnailUrl\":\"https:\\\/\\\/canal7slp.tv\\\/2019\\\/wp-content\\\/uploads\\\/2019\\\/11\\\/830.jpg\",\"articleSection\":[\"NACIONAL\"],\"inLanguage\":\"es\",\"potentialAction\":[{\"@type\":\"CommentAction\",\"name\":\"Comment\",\"target\":[\"https:\\\/\\\/canal7slp.tv\\\/2019\\\/van-27-defensores-de-dh-asesinados-en-gobierno-de-lopez-obrador\\\/#respond\"]}]},{\"@type\":\"WebPage\",\"@id\":\"https:\\\/\\\/canal7slp.tv\\\/2019\\\/van-27-defensores-de-dh-asesinados-en-gobierno-de-lopez-obrador\\\/\",\"url\":\"https:\\\/\\\/canal7slp.tv\\\/2019\\\/van-27-defensores-de-dh-asesinados-en-gobierno-de-lopez-obrador\\\/\",\"name\":\"Van 27 defensores de DH asesinados en gobierno de L\u00f3pez Obrador - Canal 7 SLP - 2019\",\"isPartOf\":{\"@id\":\"https:\\\/\\\/canal7slp.tv\\\/2019\\\/#website\"},\"primaryImageOfPage\":{\"@id\":\"https:\\\/\\\/canal7slp.tv\\\/2019\\\/van-27-defensores-de-dh-asesinados-en-gobierno-de-lopez-obrador\\\/#primaryimage\"},\"image\":{\"@id\":\"https:\\\/\\\/canal7slp.tv\\\/2019\\\/van-27-defensores-de-dh-asesinados-en-gobierno-de-lopez-obrador\\\/#primaryimage\"},\"thumbnailUrl\":\"https:\\\/\\\/canal7slp.tv\\\/2019\\\/wp-content\\\/uploads\\\/2019\\\/11\\\/830.jpg\",\"datePublished\":\"2019-11-01T14:26:54+00:00\",\"breadcrumb\":{\"@id\":\"https:\\\/\\\/canal7slp.tv\\\/2019\\\/van-27-defensores-de-dh-asesinados-en-gobierno-de-lopez-obrador\\\/#breadcrumb\"},\"inLanguage\":\"es\",\"potentialAction\":[{\"@type\":\"ReadAction\",\"target\":[\"https:\\\/\\\/canal7slp.tv\\\/2019\\\/van-27-defensores-de-dh-asesinados-en-gobierno-de-lopez-obrador\\\/\"]}]},{\"@type\":\"ImageObject\",\"inLanguage\":\"es\",\"@id\":\"https:\\\/\\\/canal7slp.tv\\\/2019\\\/van-27-defensores-de-dh-asesinados-en-gobierno-de-lopez-obrador\\\/#primaryimage\",\"url\":\"https:\\\/\\\/canal7slp.tv\\\/2019\\\/wp-content\\\/uploads\\\/2019\\\/11\\\/830.jpg\",\"contentUrl\":\"https:\\\/\\\/canal7slp.tv\\\/2019\\\/wp-content\\\/uploads\\\/2019\\\/11\\\/830.jpg\",\"width\":320,\"height\":240},{\"@type\":\"BreadcrumbList\",\"@id\":\"https:\\\/\\\/canal7slp.tv\\\/2019\\\/van-27-defensores-de-dh-asesinados-en-gobierno-de-lopez-obrador\\\/#breadcrumb\",\"itemListElement\":[{\"@type\":\"ListItem\",\"position\":1,\"name\":\"Home\",\"item\":\"https:\\\/\\\/canal7slp.tv\\\/2019\\\/\"},{\"@type\":\"ListItem\",\"position\":2,\"name\":\"Van 27 defensores de DH asesinados en gobierno de L\u00f3pez Obrador\"}]},{\"@type\":\"WebSite\",\"@id\":\"https:\\\/\\\/canal7slp.tv\\\/2019\\\/#website\",\"url\":\"https:\\\/\\\/canal7slp.tv\\\/2019\\\/\",\"name\":\"Canal 7 SLP - Somos TV\",\"description\":\"Somos un Canal de 10\",\"publisher\":{\"@id\":\"https:\\\/\\\/canal7slp.tv\\\/2019\\\/#organization\"},\"potentialAction\":[{\"@type\":\"SearchAction\",\"target\":{\"@type\":\"EntryPoint\",\"urlTemplate\":\"https:\\\/\\\/canal7slp.tv\\\/2019\\\/?s={search_term_string}\"},\"query-input\":{\"@type\":\"PropertyValueSpecification\",\"valueRequired\":true,\"valueName\":\"search_term_string\"}}],\"inLanguage\":\"es\"},{\"@type\":\"Organization\",\"@id\":\"https:\\\/\\\/canal7slp.tv\\\/2019\\\/#organization\",\"name\":\"Comunicaci\u00f3n 2000 S.A. de C.V.\",\"url\":\"https:\\\/\\\/canal7slp.tv\\\/2019\\\/\",\"logo\":{\"@type\":\"ImageObject\",\"inLanguage\":\"es\",\"@id\":\"https:\\\/\\\/canal7slp.tv\\\/2019\\\/#\\\/schema\\\/logo\\\/image\\\/\",\"url\":\"https:\\\/\\\/canal7slp.tv\\\/2019\\\/wp-content\\\/uploads\\\/2019\\\/07\\\/logo-c7.png\",\"contentUrl\":\"https:\\\/\\\/canal7slp.tv\\\/2019\\\/wp-content\\\/uploads\\\/2019\\\/07\\\/logo-c7.png\",\"width\":220,\"height\":60,\"caption\":\"Comunicaci\u00f3n 2000 S.A. de C.V.\"},\"image\":{\"@id\":\"https:\\\/\\\/canal7slp.tv\\\/2019\\\/#\\\/schema\\\/logo\\\/image\\\/\"},\"sameAs\":[\"https:\\\/\\\/www.facebook.com\\\/CANAL7SLP\\\/\",\"https:\\\/\\\/x.com\\\/canal7_slp\",\"https:\\\/\\\/www.instagram.com\\\/canal7_slp\",\"https:\\\/\\\/www.youtube.com\\\/user\\\/NOTICIEROSCANAL7SLP\\\/\"]},{\"@type\":\"Person\",\"@id\":\"https:\\\/\\\/canal7slp.tv\\\/2019\\\/#\\\/schema\\\/person\\\/11d941c1c6ca30ac0a46b95fa37aa2e3\",\"name\":\"edicionweb\",\"image\":{\"@type\":\"ImageObject\",\"inLanguage\":\"es\",\"@id\":\"https:\\\/\\\/secure.gravatar.com\\\/avatar\\\/eee448fc3f7164808013b816ba91ac7e43bbe82a70bebac296f8bc6f0addaa1a?s=96&d=mm&r=g\",\"url\":\"https:\\\/\\\/secure.gravatar.com\\\/avatar\\\/eee448fc3f7164808013b816ba91ac7e43bbe82a70bebac296f8bc6f0addaa1a?s=96&d=mm&r=g\",\"contentUrl\":\"https:\\\/\\\/secure.gravatar.com\\\/avatar\\\/eee448fc3f7164808013b816ba91ac7e43bbe82a70bebac296f8bc6f0addaa1a?s=96&d=mm&r=g\",\"caption\":\"edicionweb\"}}]}<\/script>\n<!-- \/ Yoast SEO plugin. -->","yoast_head_json":{"title":"Van 27 defensores de DH asesinados en gobierno de L\u00f3pez Obrador - Canal 7 SLP - 2019","robots":{"index":"index","follow":"follow","max-snippet":"max-snippet:-1","max-image-preview":"max-image-preview:large","max-video-preview":"max-video-preview:-1"},"canonical":"https:\/\/canal7slp.tv\/2019\/van-27-defensores-de-dh-asesinados-en-gobierno-de-lopez-obrador\/","og_locale":"es_ES","og_type":"article","og_title":"Van 27 defensores de DH asesinados en gobierno de L\u00f3pez Obrador - Canal 7 SLP - 2019","og_description":"Organismos de la sociedad civil presentan un recuento de los activistas que han perdido la vida de manera violenta en la administraci\u00f3n del morenista M\u00e9xico.- En los primeros 11 meses del gobierno de Andr\u00e9s Manuel L\u00f3pez Obrador, 27 defensores de derechos humanos y del territorio fueron asesinados en diferentes entidades del pa\u00eds, seg\u00fan un recuento [&hellip;]","og_url":"https:\/\/canal7slp.tv\/2019\/van-27-defensores-de-dh-asesinados-en-gobierno-de-lopez-obrador\/","og_site_name":"Canal 7 SLP - 2019","article_publisher":"https:\/\/www.facebook.com\/CANAL7SLP\/","article_published_time":"2019-11-01T14:26:54+00:00","og_image":[{"width":320,"height":240,"url":"https:\/\/canal7slp.tv\/2019\/wp-content\/uploads\/2019\/11\/830.jpg","type":"image\/jpeg"}],"author":"edicionweb","twitter_card":"summary_large_image","twitter_creator":"@canal7_slp","twitter_site":"@canal7_slp","twitter_misc":{"Escrito por":"edicionweb","Tiempo de lectura":"3 minutos"},"schema":{"@context":"https:\/\/schema.org","@graph":[{"@type":"Article","@id":"https:\/\/canal7slp.tv\/2019\/van-27-defensores-de-dh-asesinados-en-gobierno-de-lopez-obrador\/#article","isPartOf":{"@id":"https:\/\/canal7slp.tv\/2019\/van-27-defensores-de-dh-asesinados-en-gobierno-de-lopez-obrador\/"},"author":{"name":"edicionweb","@id":"https:\/\/canal7slp.tv\/2019\/#\/schema\/person\/11d941c1c6ca30ac0a46b95fa37aa2e3"},"headline":"Van 27 defensores de DH asesinados en gobierno de L\u00f3pez Obrador","datePublished":"2019-11-01T14:26:54+00:00","mainEntityOfPage":{"@id":"https:\/\/canal7slp.tv\/2019\/van-27-defensores-de-dh-asesinados-en-gobierno-de-lopez-obrador\/"},"wordCount":567,"commentCount":0,"publisher":{"@id":"https:\/\/canal7slp.tv\/2019\/#organization"},"image":{"@id":"https:\/\/canal7slp.tv\/2019\/van-27-defensores-de-dh-asesinados-en-gobierno-de-lopez-obrador\/#primaryimage"},"thumbnailUrl":"https:\/\/canal7slp.tv\/2019\/wp-content\/uploads\/2019\/11\/830.jpg","articleSection":["NACIONAL"],"inLanguage":"es","potentialAction":[{"@type":"CommentAction","name":"Comment","target":["https:\/\/canal7slp.tv\/2019\/van-27-defensores-de-dh-asesinados-en-gobierno-de-lopez-obrador\/#respond"]}]},{"@type":"WebPage","@id":"https:\/\/canal7slp.tv\/2019\/van-27-defensores-de-dh-asesinados-en-gobierno-de-lopez-obrador\/","url":"https:\/\/canal7slp.tv\/2019\/van-27-defensores-de-dh-asesinados-en-gobierno-de-lopez-obrador\/","name":"Van 27 defensores de DH asesinados en gobierno de L\u00f3pez Obrador - Canal 7 SLP - 2019","isPartOf":{"@id":"https:\/\/canal7slp.tv\/2019\/#website"},"primaryImageOfPage":{"@id":"https:\/\/canal7slp.tv\/2019\/van-27-defensores-de-dh-asesinados-en-gobierno-de-lopez-obrador\/#primaryimage"},"image":{"@id":"https:\/\/canal7slp.tv\/2019\/van-27-defensores-de-dh-asesinados-en-gobierno-de-lopez-obrador\/#primaryimage"},"thumbnailUrl":"https:\/\/canal7slp.tv\/2019\/wp-content\/uploads\/2019\/11\/830.jpg","datePublished":"2019-11-01T14:26:54+00:00","breadcrumb":{"@id":"https:\/\/canal7slp.tv\/2019\/van-27-defensores-de-dh-asesinados-en-gobierno-de-lopez-obrador\/#breadcrumb"},"inLanguage":"es","potentialAction":[{"@type":"ReadAction","target":["https:\/\/canal7slp.tv\/2019\/van-27-defensores-de-dh-asesinados-en-gobierno-de-lopez-obrador\/"]}]},{"@type":"ImageObject","inLanguage":"es","@id":"https:\/\/canal7slp.tv\/2019\/van-27-defensores-de-dh-asesinados-en-gobierno-de-lopez-obrador\/#primaryimage","url":"https:\/\/canal7slp.tv\/2019\/wp-content\/uploads\/2019\/11\/830.jpg","contentUrl":"https:\/\/canal7slp.tv\/2019\/wp-content\/uploads\/2019\/11\/830.jpg","width":320,"height":240},{"@type":"BreadcrumbList","@id":"https:\/\/canal7slp.tv\/2019\/van-27-defensores-de-dh-asesinados-en-gobierno-de-lopez-obrador\/#breadcrumb","itemListElement":[{"@type":"ListItem","position":1,"name":"Home","item":"https:\/\/canal7slp.tv\/2019\/"},{"@type":"ListItem","position":2,"name":"Van 27 defensores de DH asesinados en gobierno de L\u00f3pez Obrador"}]},{"@type":"WebSite","@id":"https:\/\/canal7slp.tv\/2019\/#website","url":"https:\/\/canal7slp.tv\/2019\/","name":"Canal 7 SLP - Somos TV","description":"Somos un Canal de 10","publisher":{"@id":"https:\/\/canal7slp.tv\/2019\/#organization"},"potentialAction":[{"@type":"SearchAction","target":{"@type":"EntryPoint","urlTemplate":"https:\/\/canal7slp.tv\/2019\/?s={search_term_string}"},"query-input":{"@type":"PropertyValueSpecification","valueRequired":true,"valueName":"search_term_string"}}],"inLanguage":"es"},{"@type":"Organization","@id":"https:\/\/canal7slp.tv\/2019\/#organization","name":"Comunicaci\u00f3n 2000 S.A. de C.V.","url":"https:\/\/canal7slp.tv\/2019\/","logo":{"@type":"ImageObject","inLanguage":"es","@id":"https:\/\/canal7slp.tv\/2019\/#\/schema\/logo\/image\/","url":"https:\/\/canal7slp.tv\/2019\/wp-content\/uploads\/2019\/07\/logo-c7.png","contentUrl":"https:\/\/canal7slp.tv\/2019\/wp-content\/uploads\/2019\/07\/logo-c7.png","width":220,"height":60,"caption":"Comunicaci\u00f3n 2000 S.A. de C.V."},"image":{"@id":"https:\/\/canal7slp.tv\/2019\/#\/schema\/logo\/image\/"},"sameAs":["https:\/\/www.facebook.com\/CANAL7SLP\/","https:\/\/x.com\/canal7_slp","https:\/\/www.instagram.com\/canal7_slp","https:\/\/www.youtube.com\/user\/NOTICIEROSCANAL7SLP\/"]},{"@type":"Person","@id":"https:\/\/canal7slp.tv\/2019\/#\/schema\/person\/11d941c1c6ca30ac0a46b95fa37aa2e3","name":"edicionweb","image":{"@type":"ImageObject","inLanguage":"es","@id":"https:\/\/secure.gravatar.com\/avatar\/eee448fc3f7164808013b816ba91ac7e43bbe82a70bebac296f8bc6f0addaa1a?s=96&d=mm&r=g","url":"https:\/\/secure.gravatar.com\/avatar\/eee448fc3f7164808013b816ba91ac7e43bbe82a70bebac296f8bc6f0addaa1a?s=96&d=mm&r=g","contentUrl":"https:\/\/secure.gravatar.com\/avatar\/eee448fc3f7164808013b816ba91ac7e43bbe82a70bebac296f8bc6f0addaa1a?s=96&d=mm&r=g","caption":"edicionweb"}}]}},"amp_enabled":true,"cmb2":{"video_ids_in_playlist":{"vid_p_videos":""},"video_ids_in_channel":{"vid_c_videos":""},"playlist_ids_in_channel":{"vid_c_playlists":""},"series_ids_in_channel":{"vid_c_series":""},"channel_images":{"vid_c_logo":"","vid_c_banner":""},"poster_feature_image":{"vid_m_poster_image":""},"gif_feature_image":{"vid_m_gif_image":""},"video_movie_settings":{"vid_m_director":"","vid_m_actor":"","vid_m_imdb_ratings":"","vid_m_amazon_associates":""},"vid_youtube_broadcasts_settings":{"vid_yb_broadcast_title":"","vid_yb_q":"","vid_yb_channelid":"","vid_yb_videocategoryid":"","vid_yb_maxresults":"","vid_yb_order":"","vid_yb_regioncode":"","vid_yb_videosyndicated":"","vid_yb_style":"","vid_yb_reload_first":""},"video_series_settings":{"vid_m_director":"","vid_m_actor":"","vid_m_imdb_ratings":"","video_series_group":""},"amazon_associates_settings":{"amazon_associates":"","amazon_native_ad":""},"vid_youtube_automatic_settings":{"vid_ya_youtube_source":"","vid_ya_update_every":"","vid_ya_update_unit":"","vid_ya_categories":"","vid_ya_published_after":"","vid_ya_published_before":"","vid_ya_playlists":"","vid_ya_channels":"","vid_ya_director":"","vid_ya_actor":"","vid_ya_author":"","vid_ya_import_post_date":"","vid_ya_status":"","vid_ya_sub_api_key":""},"vid_ads_m_videoads_settings_post":{"vid_ads_m_video_ads":"","vid_ads_m_video_ads_type":"","vid_ads_m_group_google_ima":"","vid_ads_m_group_image":"","vid_ads_m_group_html5_video":"","vid_ads_m_group_html":"","vid_ads_m_vast_preroll":"","vid_ads_m_vast_postroll":"","vid_ads_m_vast_pauseroll":"","vid_ads_m_vast_midroll":[{"vid_ads_m_vast_timer_seconds":"50"}],"vid_ads_m_time_to_show_ads":"","vid_ads_m_time_skip_ads":"","vid_ads_m_time_to_hide_ads":""},"page_slider_settings":{"display_slider_group":"","page_slider_group":""},"blog_page_settings":{"blog_page_title":"","blog_page_heading":"","blog_page_ic":"","blog_page_it":"","blog_page_ec":"","blog_page_ip":"","archive_loop_style":"","blog_image_ratio":"","blog_show_categories":"","blog_show_excerpt":"","blog_show_author":"","blog_show_date":"","blog_show_comment_count":"","blog_show_view_count":"","blog_show_like_count":"","blog_show_dislike_count":"","blog_items_per_page":"","blog_pag_type":""},"page_options":{"get_page_template":"","color_mode":"","main_layout":"","main_layout_full_with":"","main_logo":"","main_logo_retina":"","main_logo_mobile":"","main_logo_mobile_retina":"","sticky_logo":"","sticky_logo_retina":"","main_nav_layout":"","ajax_search":"","header_background":"","theme_sidebar":"","instagram_feed":"","instagram_feed_position":"","popular_videos":"","popular_videos_title_1":"","popular_videos_title_2":"","popular_videos_ic":"","popular_videos_it":"","theme_background":"","page_custom_css":""},"feature_image_settings":{"feature_image_position":""},"video_player_settings":{"single_video_style":"","video_player_position":"","vm_video_url":"","video_player_library":"","video_streaming":"","vm_media_sources":"","vid_auto_play":"","vm_video_shortcode":"","vid_p_sync_playlist":"","vid_c_sync_channel":"","get_post_format":"","multiple_links_structure":"default","multi_links_title":"","vm_video_multi_links":"","vm_duration":"","vid_social_locker":"off","vid_social_locker_id":"","vid_membership_action":"content-video","vm_video_trailer_url":"","vid_download_type":"free","vid_download_target":"download","vid_woo_product":"","vm_media_download":"","user_rating":"","user_rating_position":"","user_rating_mode":"","user_rating_multi_sets":""},"video_auto_fetch_settings":{"vm_video_fetch":"on"},"video_fake_views_likes":{"vm_fake_views":"","vm_fake_likes":"","vm_fake_dislikes":""},"gallery_settings":{"gallery_position":""},"quote_settings":{"quote_position":""},"post_options":{"main_layout":"","main_logo":"","main_logo_retina":"","main_logo_mobile":"","main_logo_mobile_retina":"","sticky_logo":"","sticky_logo_retina":"","main_nav_layout":"","header_background":"","theme_sidebar":"","single_post_comment_type":"","theme_background":""}},"_links":{"self":[{"href":"https:\/\/canal7slp.tv\/2019\/wp-json\/wp\/v2\/posts\/78942","targetHints":{"allow":["GET"]}}],"collection":[{"href":"https:\/\/canal7slp.tv\/2019\/wp-json\/wp\/v2\/posts"}],"about":[{"href":"https:\/\/canal7slp.tv\/2019\/wp-json\/wp\/v2\/types\/post"}],"author":[{"embeddable":true,"href":"https:\/\/canal7slp.tv\/2019\/wp-json\/wp\/v2\/users\/2"}],"replies":[{"embeddable":true,"href":"https:\/\/canal7slp.tv\/2019\/wp-json\/wp\/v2\/comments?post=78942"}],"version-history":[{"count":0,"href":"https:\/\/canal7slp.tv\/2019\/wp-json\/wp\/v2\/posts\/78942\/revisions"}],"wp:featuredmedia":[{"embeddable":true,"href":"https:\/\/canal7slp.tv\/2019\/wp-json\/wp\/v2\/media\/78943"}],"wp:attachment":[{"href":"https:\/\/canal7slp.tv\/2019\/wp-json\/wp\/v2\/media?parent=78942"}],"wp:term":[{"taxonomy":"category","embeddable":true,"href":"https:\/\/canal7slp.tv\/2019\/wp-json\/wp\/v2\/categories?post=78942"},{"taxonomy":"post_tag","embeddable":true,"href":"https:\/\/canal7slp.tv\/2019\/wp-json\/wp\/v2\/tags?post=78942"}],"curies":[{"name":"wp","href":"https:\/\/api.w.org\/{rel}","templated":true}]}}