{"id":78788,"date":"2019-10-31T13:55:48","date_gmt":"2019-10-31T19:55:48","guid":{"rendered":"https:\/\/canal7slp.tv\/2019\/?p=78788"},"modified":"2019-10-31T13:55:48","modified_gmt":"2019-10-31T19:55:48","slug":"camara-baja-de-eu-formaliza-proceso-para-un-juicio-politico-a-trump","status":"publish","type":"post","link":"https:\/\/canal7slp.tv\/2019\/camara-baja-de-eu-formaliza-proceso-para-un-juicio-politico-a-trump\/","title":{"rendered":"C\u00e1mara Baja de EU formaliza proceso para un juicio pol\u00edtico a Trump"},"content":{"rendered":"<ul>\n<li style=\"text-align: justify\">Al permitir audiencias p\u00fablicas y dar m\u00e1s poder a los republicanos en la investigaci\u00f3n contra el mandatario<\/li>\n<\/ul>\n<p style=\"text-align: justify\">EUA.- La C\u00e1mara de Representantes de EU, de mayor\u00eda dem\u00f3crata, aprob\u00f3 este jueves una resoluci\u00f3n que formaliza el proceso para abrir un juicio pol\u00edtico al presidente estadounidense, Donald Trump, al permitir audiencias p\u00fablicas y dar m\u00e1s poder a los republicanos en la investigaci\u00f3n contra el mandatario.<\/p>\n<p style=\"text-align: justify\">Por 232 votos a favor y 196 en contra, la C\u00e1mara Baja sac\u00f3 adelante un texto que marca una hoja de ruta, aunque no un calendario, para continuar con una investigaci\u00f3n que hasta ahora se ha desarrollado a puerta cerrada y bajo reglas marcadas por la mayor\u00eda dem\u00f3crata.<\/p>\n<p style=\"text-align: justify\">La resoluci\u00f3n autoriza al Comit\u00e9 de Inteligencia a hacer p\u00fablicas sus audiencias y elaborar un informe para que el Comit\u00e9 Judicial decida si redacta art\u00edculos para un juicio pol\u00edtico contra Trump, que se desarrollar\u00eda en el Senado, donde los republicanos tienen una estrecha mayor\u00eda.<\/p>\n<p style=\"text-align: justify\">Trump reaccion\u00f3 de inmediato con un tuit en el que denunci\u00f3 &#8220;la mayor caza de brujas en la historia estadounidense&#8221;.<\/p>\n<p style=\"text-align: justify\">Y pese a que la resoluci\u00f3n otorga derechos a Trump para defenderse, la portavoz de la Casa Blanca, Stephanie Grisham, se apresur\u00f3 a definir el proceso reci\u00e9n formalizado como &#8220;un intento descaradamente partidista de destruir al presidente&#8221;.<\/p>\n<p style=\"text-align: justify\">La resoluci\u00f3n autoriza al Comit\u00e9 de Inteligencia a hacer p\u00fablicas sus audiencias y elaborar un informe con el objetivo de que el Comit\u00e9 Judicial decida si redacta art\u00edculos para un juicio pol\u00edtico contra Trump, que se desarrollar\u00eda en el Senado, donde los republicanos tienen una estrecha mayor\u00eda.<\/p>\n<p style=\"text-align: justify\">Adem\u00e1s, permite que los abogados de Trump participen en las audiencias y que los republicanos convoquen testigos y soliciten documentos, aunque para ello necesitar\u00edan el consentimiento de una mayor\u00eda de los legisladores, lo que puede suponerles m\u00e1s trabas.<\/p>\n<p style=\"text-align: justify\">&#8220;Esta resoluci\u00f3n asegura que habr\u00e1 transparencia&#8221;, dijo la presidenta de la C\u00e1mara Baja, la dem\u00f3crata Nancy Pelosi, antes de la votaci\u00f3n en el pleno.<\/p>\n<p style=\"text-align: justify\">Sin embargo, los republicanos insistieron en que el proceso establecido favorece a los intereses de los dem\u00f3cratas y por eso ninguno de ellos vot\u00f3 a favor de la medida, mientras que dos miembros de la bancada progresista se pronunciaron en contra de ella.<\/p>\n<p style=\"text-align: justify\">&#8220;Esto sigue sin darnos ninguna garant\u00eda de debido proceso a la Administraci\u00f3n&#8221;, insisti\u00f3 la portavoz de la Casa Blanca.<\/p>\n<p style=\"text-align: justify\">&#8220;Los dem\u00f3cratas quieren llegar a un veredicto sin dar a la Administraci\u00f3n una oportunidad de montar su defensa. Eso es injusto e inconstitucional&#8221;, agreg\u00f3.<\/p>\n<p style=\"text-align: justify\">Se espera que la C\u00e1mara de Representantes re\u00fana sin problemas los votos para aprobar un juicio pol\u00edtico contra Trump, pero ese proceso se desarrollar\u00eda en el Senado, donde los republicanos ocupan la mayor parte de los esca\u00f1os y, de momento, no hay suficientes apoyos para apartar al presidente del poder.<\/p>\n<p style=\"text-align: justify\">La investigaci\u00f3n se centra en la sospecha de que Trump us\u00f3 todo el poder de la Presidencia de EU para presionar al gobierno ucraniano y obligarle a investigar a la familia del ex vicepresidente Joe Biden, un potencial rival en las elecciones de 2020.<\/p>\n","protected":false},"excerpt":{"rendered":"<p>Al permitir audiencias p\u00fablicas y dar m\u00e1s poder a los republicanos en la investigaci\u00f3n contra el mandatario EUA.- La C\u00e1mara de Representantes de EU, de mayor\u00eda dem\u00f3crata, aprob\u00f3 este jueves una resoluci\u00f3n que formaliza el proceso para abrir un juicio pol\u00edtico al presidente estadounidense, Donald Trump, al permitir audiencias p\u00fablicas y dar m\u00e1s poder a [&hellip;]<\/p>\n","protected":false},"author":2,"featured_media":78789,"comment_status":"open","ping_status":"open","sticky":false,"template":"","format":"standard","meta":{"footnotes":""},"categories":[18],"tags":[],"class_list":["post-78788","post","type-post","status-publish","format-standard","has-post-thumbnail","hentry","category-internacional"],"yoast_head":"<!-- This site is optimized with the Yoast SEO plugin v27.5 - https:\/\/yoast.com\/product\/yoast-seo-wordpress\/ -->\n<title>C\u00e1mara Baja de EU formaliza proceso para un juicio pol\u00edtico a Trump - Canal 7 SLP - 2019<\/title>\n<meta name=\"robots\" content=\"index, follow, max-snippet:-1, max-image-preview:large, max-video-preview:-1\" \/>\n<link rel=\"canonical\" href=\"https:\/\/canal7slp.tv\/2019\/camara-baja-de-eu-formaliza-proceso-para-un-juicio-politico-a-trump\/\" \/>\n<meta property=\"og:locale\" content=\"es_ES\" \/>\n<meta property=\"og:type\" content=\"article\" \/>\n<meta property=\"og:title\" content=\"C\u00e1mara Baja de EU formaliza proceso para un juicio pol\u00edtico a Trump - Canal 7 SLP - 2019\" \/>\n<meta property=\"og:description\" content=\"Al permitir audiencias p\u00fablicas y dar m\u00e1s poder a los republicanos en la investigaci\u00f3n contra el mandatario EUA.- La C\u00e1mara de Representantes de EU, de mayor\u00eda dem\u00f3crata, aprob\u00f3 este jueves una resoluci\u00f3n que formaliza el proceso para abrir un juicio pol\u00edtico al presidente estadounidense, Donald Trump, al permitir audiencias p\u00fablicas y dar m\u00e1s poder a [&hellip;]\" \/>\n<meta property=\"og:url\" content=\"https:\/\/canal7slp.tv\/2019\/camara-baja-de-eu-formaliza-proceso-para-un-juicio-politico-a-trump\/\" \/>\n<meta property=\"og:site_name\" content=\"Canal 7 SLP - 2019\" \/>\n<meta property=\"article:publisher\" content=\"https:\/\/www.facebook.com\/CANAL7SLP\/\" \/>\n<meta property=\"article:published_time\" content=\"2019-10-31T19:55:48+00:00\" \/>\n<meta property=\"og:image\" content=\"https:\/\/canal7slp.tv\/2019\/wp-content\/uploads\/2019\/10\/1420-23.jpg\" \/>\n\t<meta property=\"og:image:width\" content=\"770\" \/>\n\t<meta property=\"og:image:height\" content=\"485\" \/>\n\t<meta property=\"og:image:type\" content=\"image\/jpeg\" \/>\n<meta name=\"author\" content=\"edicionweb\" \/>\n<meta name=\"twitter:card\" content=\"summary_large_image\" \/>\n<meta name=\"twitter:creator\" content=\"@canal7_slp\" \/>\n<meta name=\"twitter:site\" content=\"@canal7_slp\" \/>\n<meta name=\"twitter:label1\" content=\"Escrito por\" \/>\n\t<meta name=\"twitter:data1\" content=\"edicionweb\" \/>\n\t<meta name=\"twitter:label2\" content=\"Tiempo de lectura\" \/>\n\t<meta name=\"twitter:data2\" content=\"3 minutos\" \/>\n<script type=\"application\/ld+json\" class=\"yoast-schema-graph\">{\"@context\":\"https:\\\/\\\/schema.org\",\"@graph\":[{\"@type\":\"Article\",\"@id\":\"https:\\\/\\\/canal7slp.tv\\\/2019\\\/camara-baja-de-eu-formaliza-proceso-para-un-juicio-politico-a-trump\\\/#article\",\"isPartOf\":{\"@id\":\"https:\\\/\\\/canal7slp.tv\\\/2019\\\/camara-baja-de-eu-formaliza-proceso-para-un-juicio-politico-a-trump\\\/\"},\"author\":{\"name\":\"edicionweb\",\"@id\":\"https:\\\/\\\/canal7slp.tv\\\/2019\\\/#\\\/schema\\\/person\\\/11d941c1c6ca30ac0a46b95fa37aa2e3\"},\"headline\":\"C\u00e1mara Baja de EU formaliza proceso para un juicio pol\u00edtico a Trump\",\"datePublished\":\"2019-10-31T19:55:48+00:00\",\"mainEntityOfPage\":{\"@id\":\"https:\\\/\\\/canal7slp.tv\\\/2019\\\/camara-baja-de-eu-formaliza-proceso-para-un-juicio-politico-a-trump\\\/\"},\"wordCount\":561,\"commentCount\":0,\"publisher\":{\"@id\":\"https:\\\/\\\/canal7slp.tv\\\/2019\\\/#organization\"},\"image\":{\"@id\":\"https:\\\/\\\/canal7slp.tv\\\/2019\\\/camara-baja-de-eu-formaliza-proceso-para-un-juicio-politico-a-trump\\\/#primaryimage\"},\"thumbnailUrl\":\"https:\\\/\\\/canal7slp.tv\\\/2019\\\/wp-content\\\/uploads\\\/2019\\\/10\\\/1420-23.jpg\",\"articleSection\":[\"INTERNACIONAL\"],\"inLanguage\":\"es\",\"potentialAction\":[{\"@type\":\"CommentAction\",\"name\":\"Comment\",\"target\":[\"https:\\\/\\\/canal7slp.tv\\\/2019\\\/camara-baja-de-eu-formaliza-proceso-para-un-juicio-politico-a-trump\\\/#respond\"]}]},{\"@type\":\"WebPage\",\"@id\":\"https:\\\/\\\/canal7slp.tv\\\/2019\\\/camara-baja-de-eu-formaliza-proceso-para-un-juicio-politico-a-trump\\\/\",\"url\":\"https:\\\/\\\/canal7slp.tv\\\/2019\\\/camara-baja-de-eu-formaliza-proceso-para-un-juicio-politico-a-trump\\\/\",\"name\":\"C\u00e1mara Baja de EU formaliza proceso para un juicio pol\u00edtico a Trump - Canal 7 SLP - 2019\",\"isPartOf\":{\"@id\":\"https:\\\/\\\/canal7slp.tv\\\/2019\\\/#website\"},\"primaryImageOfPage\":{\"@id\":\"https:\\\/\\\/canal7slp.tv\\\/2019\\\/camara-baja-de-eu-formaliza-proceso-para-un-juicio-politico-a-trump\\\/#primaryimage\"},\"image\":{\"@id\":\"https:\\\/\\\/canal7slp.tv\\\/2019\\\/camara-baja-de-eu-formaliza-proceso-para-un-juicio-politico-a-trump\\\/#primaryimage\"},\"thumbnailUrl\":\"https:\\\/\\\/canal7slp.tv\\\/2019\\\/wp-content\\\/uploads\\\/2019\\\/10\\\/1420-23.jpg\",\"datePublished\":\"2019-10-31T19:55:48+00:00\",\"breadcrumb\":{\"@id\":\"https:\\\/\\\/canal7slp.tv\\\/2019\\\/camara-baja-de-eu-formaliza-proceso-para-un-juicio-politico-a-trump\\\/#breadcrumb\"},\"inLanguage\":\"es\",\"potentialAction\":[{\"@type\":\"ReadAction\",\"target\":[\"https:\\\/\\\/canal7slp.tv\\\/2019\\\/camara-baja-de-eu-formaliza-proceso-para-un-juicio-politico-a-trump\\\/\"]}]},{\"@type\":\"ImageObject\",\"inLanguage\":\"es\",\"@id\":\"https:\\\/\\\/canal7slp.tv\\\/2019\\\/camara-baja-de-eu-formaliza-proceso-para-un-juicio-politico-a-trump\\\/#primaryimage\",\"url\":\"https:\\\/\\\/canal7slp.tv\\\/2019\\\/wp-content\\\/uploads\\\/2019\\\/10\\\/1420-23.jpg\",\"contentUrl\":\"https:\\\/\\\/canal7slp.tv\\\/2019\\\/wp-content\\\/uploads\\\/2019\\\/10\\\/1420-23.jpg\",\"width\":770,\"height\":485},{\"@type\":\"BreadcrumbList\",\"@id\":\"https:\\\/\\\/canal7slp.tv\\\/2019\\\/camara-baja-de-eu-formaliza-proceso-para-un-juicio-politico-a-trump\\\/#breadcrumb\",\"itemListElement\":[{\"@type\":\"ListItem\",\"position\":1,\"name\":\"Home\",\"item\":\"https:\\\/\\\/canal7slp.tv\\\/2019\\\/\"},{\"@type\":\"ListItem\",\"position\":2,\"name\":\"C\u00e1mara Baja de EU formaliza proceso para un juicio pol\u00edtico a Trump\"}]},{\"@type\":\"WebSite\",\"@id\":\"https:\\\/\\\/canal7slp.tv\\\/2019\\\/#website\",\"url\":\"https:\\\/\\\/canal7slp.tv\\\/2019\\\/\",\"name\":\"Canal 7 SLP - Somos TV\",\"description\":\"Somos un Canal de 10\",\"publisher\":{\"@id\":\"https:\\\/\\\/canal7slp.tv\\\/2019\\\/#organization\"},\"potentialAction\":[{\"@type\":\"SearchAction\",\"target\":{\"@type\":\"EntryPoint\",\"urlTemplate\":\"https:\\\/\\\/canal7slp.tv\\\/2019\\\/?s={search_term_string}\"},\"query-input\":{\"@type\":\"PropertyValueSpecification\",\"valueRequired\":true,\"valueName\":\"search_term_string\"}}],\"inLanguage\":\"es\"},{\"@type\":\"Organization\",\"@id\":\"https:\\\/\\\/canal7slp.tv\\\/2019\\\/#organization\",\"name\":\"Comunicaci\u00f3n 2000 S.A. de C.V.\",\"url\":\"https:\\\/\\\/canal7slp.tv\\\/2019\\\/\",\"logo\":{\"@type\":\"ImageObject\",\"inLanguage\":\"es\",\"@id\":\"https:\\\/\\\/canal7slp.tv\\\/2019\\\/#\\\/schema\\\/logo\\\/image\\\/\",\"url\":\"https:\\\/\\\/canal7slp.tv\\\/2019\\\/wp-content\\\/uploads\\\/2019\\\/07\\\/logo-c7.png\",\"contentUrl\":\"https:\\\/\\\/canal7slp.tv\\\/2019\\\/wp-content\\\/uploads\\\/2019\\\/07\\\/logo-c7.png\",\"width\":220,\"height\":60,\"caption\":\"Comunicaci\u00f3n 2000 S.A. de C.V.\"},\"image\":{\"@id\":\"https:\\\/\\\/canal7slp.tv\\\/2019\\\/#\\\/schema\\\/logo\\\/image\\\/\"},\"sameAs\":[\"https:\\\/\\\/www.facebook.com\\\/CANAL7SLP\\\/\",\"https:\\\/\\\/x.com\\\/canal7_slp\",\"https:\\\/\\\/www.instagram.com\\\/canal7_slp\",\"https:\\\/\\\/www.youtube.com\\\/user\\\/NOTICIEROSCANAL7SLP\\\/\"]},{\"@type\":\"Person\",\"@id\":\"https:\\\/\\\/canal7slp.tv\\\/2019\\\/#\\\/schema\\\/person\\\/11d941c1c6ca30ac0a46b95fa37aa2e3\",\"name\":\"edicionweb\",\"image\":{\"@type\":\"ImageObject\",\"inLanguage\":\"es\",\"@id\":\"https:\\\/\\\/secure.gravatar.com\\\/avatar\\\/eee448fc3f7164808013b816ba91ac7e43bbe82a70bebac296f8bc6f0addaa1a?s=96&d=mm&r=g\",\"url\":\"https:\\\/\\\/secure.gravatar.com\\\/avatar\\\/eee448fc3f7164808013b816ba91ac7e43bbe82a70bebac296f8bc6f0addaa1a?s=96&d=mm&r=g\",\"contentUrl\":\"https:\\\/\\\/secure.gravatar.com\\\/avatar\\\/eee448fc3f7164808013b816ba91ac7e43bbe82a70bebac296f8bc6f0addaa1a?s=96&d=mm&r=g\",\"caption\":\"edicionweb\"}}]}<\/script>\n<!-- \/ Yoast SEO plugin. -->","yoast_head_json":{"title":"C\u00e1mara Baja de EU formaliza proceso para un juicio pol\u00edtico a Trump - Canal 7 SLP - 2019","robots":{"index":"index","follow":"follow","max-snippet":"max-snippet:-1","max-image-preview":"max-image-preview:large","max-video-preview":"max-video-preview:-1"},"canonical":"https:\/\/canal7slp.tv\/2019\/camara-baja-de-eu-formaliza-proceso-para-un-juicio-politico-a-trump\/","og_locale":"es_ES","og_type":"article","og_title":"C\u00e1mara Baja de EU formaliza proceso para un juicio pol\u00edtico a Trump - Canal 7 SLP - 2019","og_description":"Al permitir audiencias p\u00fablicas y dar m\u00e1s poder a los republicanos en la investigaci\u00f3n contra el mandatario EUA.- La C\u00e1mara de Representantes de EU, de mayor\u00eda dem\u00f3crata, aprob\u00f3 este jueves una resoluci\u00f3n que formaliza el proceso para abrir un juicio pol\u00edtico al presidente estadounidense, Donald Trump, al permitir audiencias p\u00fablicas y dar m\u00e1s poder a [&hellip;]","og_url":"https:\/\/canal7slp.tv\/2019\/camara-baja-de-eu-formaliza-proceso-para-un-juicio-politico-a-trump\/","og_site_name":"Canal 7 SLP - 2019","article_publisher":"https:\/\/www.facebook.com\/CANAL7SLP\/","article_published_time":"2019-10-31T19:55:48+00:00","og_image":[{"width":770,"height":485,"url":"https:\/\/canal7slp.tv\/2019\/wp-content\/uploads\/2019\/10\/1420-23.jpg","type":"image\/jpeg"}],"author":"edicionweb","twitter_card":"summary_large_image","twitter_creator":"@canal7_slp","twitter_site":"@canal7_slp","twitter_misc":{"Escrito por":"edicionweb","Tiempo de lectura":"3 minutos"},"schema":{"@context":"https:\/\/schema.org","@graph":[{"@type":"Article","@id":"https:\/\/canal7slp.tv\/2019\/camara-baja-de-eu-formaliza-proceso-para-un-juicio-politico-a-trump\/#article","isPartOf":{"@id":"https:\/\/canal7slp.tv\/2019\/camara-baja-de-eu-formaliza-proceso-para-un-juicio-politico-a-trump\/"},"author":{"name":"edicionweb","@id":"https:\/\/canal7slp.tv\/2019\/#\/schema\/person\/11d941c1c6ca30ac0a46b95fa37aa2e3"},"headline":"C\u00e1mara Baja de EU formaliza proceso para un juicio pol\u00edtico a Trump","datePublished":"2019-10-31T19:55:48+00:00","mainEntityOfPage":{"@id":"https:\/\/canal7slp.tv\/2019\/camara-baja-de-eu-formaliza-proceso-para-un-juicio-politico-a-trump\/"},"wordCount":561,"commentCount":0,"publisher":{"@id":"https:\/\/canal7slp.tv\/2019\/#organization"},"image":{"@id":"https:\/\/canal7slp.tv\/2019\/camara-baja-de-eu-formaliza-proceso-para-un-juicio-politico-a-trump\/#primaryimage"},"thumbnailUrl":"https:\/\/canal7slp.tv\/2019\/wp-content\/uploads\/2019\/10\/1420-23.jpg","articleSection":["INTERNACIONAL"],"inLanguage":"es","potentialAction":[{"@type":"CommentAction","name":"Comment","target":["https:\/\/canal7slp.tv\/2019\/camara-baja-de-eu-formaliza-proceso-para-un-juicio-politico-a-trump\/#respond"]}]},{"@type":"WebPage","@id":"https:\/\/canal7slp.tv\/2019\/camara-baja-de-eu-formaliza-proceso-para-un-juicio-politico-a-trump\/","url":"https:\/\/canal7slp.tv\/2019\/camara-baja-de-eu-formaliza-proceso-para-un-juicio-politico-a-trump\/","name":"C\u00e1mara Baja de EU formaliza proceso para un juicio pol\u00edtico a Trump - Canal 7 SLP - 2019","isPartOf":{"@id":"https:\/\/canal7slp.tv\/2019\/#website"},"primaryImageOfPage":{"@id":"https:\/\/canal7slp.tv\/2019\/camara-baja-de-eu-formaliza-proceso-para-un-juicio-politico-a-trump\/#primaryimage"},"image":{"@id":"https:\/\/canal7slp.tv\/2019\/camara-baja-de-eu-formaliza-proceso-para-un-juicio-politico-a-trump\/#primaryimage"},"thumbnailUrl":"https:\/\/canal7slp.tv\/2019\/wp-content\/uploads\/2019\/10\/1420-23.jpg","datePublished":"2019-10-31T19:55:48+00:00","breadcrumb":{"@id":"https:\/\/canal7slp.tv\/2019\/camara-baja-de-eu-formaliza-proceso-para-un-juicio-politico-a-trump\/#breadcrumb"},"inLanguage":"es","potentialAction":[{"@type":"ReadAction","target":["https:\/\/canal7slp.tv\/2019\/camara-baja-de-eu-formaliza-proceso-para-un-juicio-politico-a-trump\/"]}]},{"@type":"ImageObject","inLanguage":"es","@id":"https:\/\/canal7slp.tv\/2019\/camara-baja-de-eu-formaliza-proceso-para-un-juicio-politico-a-trump\/#primaryimage","url":"https:\/\/canal7slp.tv\/2019\/wp-content\/uploads\/2019\/10\/1420-23.jpg","contentUrl":"https:\/\/canal7slp.tv\/2019\/wp-content\/uploads\/2019\/10\/1420-23.jpg","width":770,"height":485},{"@type":"BreadcrumbList","@id":"https:\/\/canal7slp.tv\/2019\/camara-baja-de-eu-formaliza-proceso-para-un-juicio-politico-a-trump\/#breadcrumb","itemListElement":[{"@type":"ListItem","position":1,"name":"Home","item":"https:\/\/canal7slp.tv\/2019\/"},{"@type":"ListItem","position":2,"name":"C\u00e1mara Baja de EU formaliza proceso para un juicio pol\u00edtico a Trump"}]},{"@type":"WebSite","@id":"https:\/\/canal7slp.tv\/2019\/#website","url":"https:\/\/canal7slp.tv\/2019\/","name":"Canal 7 SLP - Somos TV","description":"Somos un Canal de 10","publisher":{"@id":"https:\/\/canal7slp.tv\/2019\/#organization"},"potentialAction":[{"@type":"SearchAction","target":{"@type":"EntryPoint","urlTemplate":"https:\/\/canal7slp.tv\/2019\/?s={search_term_string}"},"query-input":{"@type":"PropertyValueSpecification","valueRequired":true,"valueName":"search_term_string"}}],"inLanguage":"es"},{"@type":"Organization","@id":"https:\/\/canal7slp.tv\/2019\/#organization","name":"Comunicaci\u00f3n 2000 S.A. de C.V.","url":"https:\/\/canal7slp.tv\/2019\/","logo":{"@type":"ImageObject","inLanguage":"es","@id":"https:\/\/canal7slp.tv\/2019\/#\/schema\/logo\/image\/","url":"https:\/\/canal7slp.tv\/2019\/wp-content\/uploads\/2019\/07\/logo-c7.png","contentUrl":"https:\/\/canal7slp.tv\/2019\/wp-content\/uploads\/2019\/07\/logo-c7.png","width":220,"height":60,"caption":"Comunicaci\u00f3n 2000 S.A. de C.V."},"image":{"@id":"https:\/\/canal7slp.tv\/2019\/#\/schema\/logo\/image\/"},"sameAs":["https:\/\/www.facebook.com\/CANAL7SLP\/","https:\/\/x.com\/canal7_slp","https:\/\/www.instagram.com\/canal7_slp","https:\/\/www.youtube.com\/user\/NOTICIEROSCANAL7SLP\/"]},{"@type":"Person","@id":"https:\/\/canal7slp.tv\/2019\/#\/schema\/person\/11d941c1c6ca30ac0a46b95fa37aa2e3","name":"edicionweb","image":{"@type":"ImageObject","inLanguage":"es","@id":"https:\/\/secure.gravatar.com\/avatar\/eee448fc3f7164808013b816ba91ac7e43bbe82a70bebac296f8bc6f0addaa1a?s=96&d=mm&r=g","url":"https:\/\/secure.gravatar.com\/avatar\/eee448fc3f7164808013b816ba91ac7e43bbe82a70bebac296f8bc6f0addaa1a?s=96&d=mm&r=g","contentUrl":"https:\/\/secure.gravatar.com\/avatar\/eee448fc3f7164808013b816ba91ac7e43bbe82a70bebac296f8bc6f0addaa1a?s=96&d=mm&r=g","caption":"edicionweb"}}]}},"amp_enabled":true,"cmb2":{"video_ids_in_playlist":{"vid_p_videos":""},"video_ids_in_channel":{"vid_c_videos":""},"playlist_ids_in_channel":{"vid_c_playlists":""},"series_ids_in_channel":{"vid_c_series":""},"channel_images":{"vid_c_logo":"","vid_c_banner":""},"poster_feature_image":{"vid_m_poster_image":""},"gif_feature_image":{"vid_m_gif_image":""},"video_movie_settings":{"vid_m_director":"","vid_m_actor":"","vid_m_imdb_ratings":"","vid_m_amazon_associates":""},"vid_youtube_broadcasts_settings":{"vid_yb_broadcast_title":"","vid_yb_q":"","vid_yb_channelid":"","vid_yb_videocategoryid":"","vid_yb_maxresults":"","vid_yb_order":"","vid_yb_regioncode":"","vid_yb_videosyndicated":"","vid_yb_style":"","vid_yb_reload_first":""},"video_series_settings":{"vid_m_director":"","vid_m_actor":"","vid_m_imdb_ratings":"","video_series_group":""},"amazon_associates_settings":{"amazon_associates":"","amazon_native_ad":""},"vid_youtube_automatic_settings":{"vid_ya_youtube_source":"","vid_ya_update_every":"","vid_ya_update_unit":"","vid_ya_categories":"","vid_ya_published_after":"","vid_ya_published_before":"","vid_ya_playlists":"","vid_ya_channels":"","vid_ya_director":"","vid_ya_actor":"","vid_ya_author":"","vid_ya_import_post_date":"","vid_ya_status":"","vid_ya_sub_api_key":""},"vid_ads_m_videoads_settings_post":{"vid_ads_m_video_ads":"","vid_ads_m_video_ads_type":"","vid_ads_m_group_google_ima":"","vid_ads_m_group_image":"","vid_ads_m_group_html5_video":"","vid_ads_m_group_html":"","vid_ads_m_vast_preroll":"","vid_ads_m_vast_postroll":"","vid_ads_m_vast_pauseroll":"","vid_ads_m_vast_midroll":[{"vid_ads_m_vast_timer_seconds":"50"}],"vid_ads_m_time_to_show_ads":"","vid_ads_m_time_skip_ads":"","vid_ads_m_time_to_hide_ads":""},"page_slider_settings":{"display_slider_group":"","page_slider_group":""},"blog_page_settings":{"blog_page_title":"","blog_page_heading":"","blog_page_ic":"","blog_page_it":"","blog_page_ec":"","blog_page_ip":"","archive_loop_style":"","blog_image_ratio":"","blog_show_categories":"","blog_show_excerpt":"","blog_show_author":"","blog_show_date":"","blog_show_comment_count":"","blog_show_view_count":"","blog_show_like_count":"","blog_show_dislike_count":"","blog_items_per_page":"","blog_pag_type":""},"page_options":{"get_page_template":"","color_mode":"","main_layout":"","main_layout_full_with":"","main_logo":"","main_logo_retina":"","main_logo_mobile":"","main_logo_mobile_retina":"","sticky_logo":"","sticky_logo_retina":"","main_nav_layout":"","ajax_search":"","header_background":"","theme_sidebar":"","instagram_feed":"","instagram_feed_position":"","popular_videos":"","popular_videos_title_1":"","popular_videos_title_2":"","popular_videos_ic":"","popular_videos_it":"","theme_background":"","page_custom_css":""},"feature_image_settings":{"feature_image_position":""},"video_player_settings":{"single_video_style":"","video_player_position":"","vm_video_url":"","video_player_library":"","video_streaming":"","vm_media_sources":"","vid_auto_play":"","vm_video_shortcode":"","vid_p_sync_playlist":"","vid_c_sync_channel":"","get_post_format":"","multiple_links_structure":"default","multi_links_title":"","vm_video_multi_links":"","vm_duration":"","vid_social_locker":"off","vid_social_locker_id":"","vid_membership_action":"content-video","vm_video_trailer_url":"","vid_download_type":"free","vid_download_target":"download","vid_woo_product":"","vm_media_download":"","user_rating":"","user_rating_position":"","user_rating_mode":"","user_rating_multi_sets":""},"video_auto_fetch_settings":{"vm_video_fetch":"on"},"video_fake_views_likes":{"vm_fake_views":"","vm_fake_likes":"","vm_fake_dislikes":""},"gallery_settings":{"gallery_position":""},"quote_settings":{"quote_position":""},"post_options":{"main_layout":"","main_logo":"","main_logo_retina":"","main_logo_mobile":"","main_logo_mobile_retina":"","sticky_logo":"","sticky_logo_retina":"","main_nav_layout":"","header_background":"","theme_sidebar":"","single_post_comment_type":"","theme_background":""}},"_links":{"self":[{"href":"https:\/\/canal7slp.tv\/2019\/wp-json\/wp\/v2\/posts\/78788","targetHints":{"allow":["GET"]}}],"collection":[{"href":"https:\/\/canal7slp.tv\/2019\/wp-json\/wp\/v2\/posts"}],"about":[{"href":"https:\/\/canal7slp.tv\/2019\/wp-json\/wp\/v2\/types\/post"}],"author":[{"embeddable":true,"href":"https:\/\/canal7slp.tv\/2019\/wp-json\/wp\/v2\/users\/2"}],"replies":[{"embeddable":true,"href":"https:\/\/canal7slp.tv\/2019\/wp-json\/wp\/v2\/comments?post=78788"}],"version-history":[{"count":0,"href":"https:\/\/canal7slp.tv\/2019\/wp-json\/wp\/v2\/posts\/78788\/revisions"}],"wp:featuredmedia":[{"embeddable":true,"href":"https:\/\/canal7slp.tv\/2019\/wp-json\/wp\/v2\/media\/78789"}],"wp:attachment":[{"href":"https:\/\/canal7slp.tv\/2019\/wp-json\/wp\/v2\/media?parent=78788"}],"wp:term":[{"taxonomy":"category","embeddable":true,"href":"https:\/\/canal7slp.tv\/2019\/wp-json\/wp\/v2\/categories?post=78788"},{"taxonomy":"post_tag","embeddable":true,"href":"https:\/\/canal7slp.tv\/2019\/wp-json\/wp\/v2\/tags?post=78788"}],"curies":[{"name":"wp","href":"https:\/\/api.w.org\/{rel}","templated":true}]}}