{"id":78656,"date":"2019-10-30T19:46:12","date_gmt":"2019-10-31T01:46:12","guid":{"rendered":"https:\/\/canal7slp.tv\/2019\/?p=78656"},"modified":"2019-10-30T19:46:12","modified_gmt":"2019-10-31T01:46:12","slug":"tribunal-electoral-anula-eleccion-de-dirigencia-de-morena","status":"publish","type":"post","link":"https:\/\/canal7slp.tv\/2019\/tribunal-electoral-anula-eleccion-de-dirigencia-de-morena\/","title":{"rendered":"Tribunal Electoral anula elecci\u00f3n de dirigencia de Morena"},"content":{"rendered":"<ul>\n<li style=\"text-align: justify\">El TEPJF determin\u00f3 que el padr\u00f3n usado en el proceso electivo carece de certeza, por lo que &#8220;no resulta confiable&#8221;<\/li>\n<\/ul>\n<p style=\"text-align: justify\">M\u00e9xico.- Por unanimidad, los magistrados del Tribunal Electoral del Poder Judicial de la Federaci\u00f3n (TEPJF) revocaron la tarde de este mi\u00e9rcoles la convocatoria al III Congreso Nacional de Morena para elegir dirigentes, por lo que se anul\u00f3 el proceso electivo en curso.<\/p>\n<p style=\"text-align: justify\">Como adelant\u00f3 El Universal, el Tribunal determin\u00f3 que el padr\u00f3n usado en el proceso electivo carece de certeza, por lo que &#8220;no resulta confiable&#8221;.<\/p>\n<p style=\"text-align: justify\">Las instancias del partido &#8220;no han llevado a cabo el proceso de depuraci\u00f3n que ellos mismos se impusieron para que sean incorporadas todas las personas con derecho&#8221; a participar en el proceso, se concluy\u00f3.<\/p>\n<p style=\"text-align: justify\">Adem\u00e1s &#8220;el derecho de auto organizaci\u00f3n no es ilimitado&#8221;, pero Morena resolvi\u00f3, por fuera de lo que marca el estatuto, que el corte del padr\u00f3n de militantes a participar en el proceso interno ser\u00eda noviembre de 2017.<\/p>\n<p style=\"text-align: justify\">Eso contra lo que marca el art\u00edculo 24 del estatuto morenista, que establece que el corte es de 30 d\u00edas antes de los congresos distritales. Estas asambleas iniciaron el 12 de octubre, por lo que el corte debi\u00f3 ser en septiembre de este a\u00f1o.<\/p>\n<p style=\"text-align: justify\">El proyecto preparado por el magistrado Indalfer Infante Gonz\u00e1les fue aprobado con rapidez y sin discusi\u00f3n, en escasos 7 minutos, pero militantes de Morena presentes en la sesi\u00f3n p\u00fablica protestaron por la presunta intromisi\u00f3n del Tribunal en las decisiones del partido, por lo que se decret\u00f3 un receso.<\/p>\n<p style=\"text-align: justify\">&#8220;Se ha violentado la autonom\u00eda y el derecho del partido&#8221;, alcanzaron a protestar los militantes de Morena presentes en el sal\u00f3n de plenos, quienes acusaron que privaron intereses pol\u00edticos externos al partido.<\/p>\n<p style=\"text-align: justify\">Ante la protesta, el magistrado presidente, Felipe Alfredo Fuentes Barrera orden\u00f3 suspender la sesi\u00f3n y en t\u00e9rminos de la Ley Org\u00e1nica del TEPJF irse a receso.<\/p>\n<p style=\"text-align: justify\">En la sesi\u00f3n, la Sala Superior resolvi\u00f3 otro asunto y dio por acreditada la militancia del diputado Sergio Guti\u00e9rrez &#8211;coordinador de la campa\u00f1a del diputado Mario Delgado a la dirigencia del partido&#8211; quien realiz\u00f3 consulta sobre el car\u00e1cter de su afiliaci\u00f3n a los \u00f3rganos de Morena y durante meses se le neg\u00f3 una respuesta.<\/p>\n<p style=\"text-align: justify\">En este caso votaron en contra los magistrados Janine Madeline Ot\u00e1lora y Reyes Rodr\u00edguez Mondrag\u00f3n.<\/p>\n","protected":false},"excerpt":{"rendered":"<p>El TEPJF determin\u00f3 que el padr\u00f3n usado en el proceso electivo carece de certeza, por lo que &#8220;no resulta confiable&#8221; M\u00e9xico.- Por unanimidad, los magistrados del Tribunal Electoral del Poder Judicial de la Federaci\u00f3n (TEPJF) revocaron la tarde de este mi\u00e9rcoles la convocatoria al III Congreso Nacional de Morena para elegir dirigentes, por lo que [&hellip;]<\/p>\n","protected":false},"author":2,"featured_media":78657,"comment_status":"open","ping_status":"open","sticky":false,"template":"","format":"standard","meta":{"footnotes":""},"categories":[30],"tags":[],"class_list":["post-78656","post","type-post","status-publish","format-standard","has-post-thumbnail","hentry","category-nacional"],"yoast_head":"<!-- This site is optimized with the Yoast SEO plugin v27.5 - https:\/\/yoast.com\/product\/yoast-seo-wordpress\/ -->\n<title>Tribunal Electoral anula elecci\u00f3n de dirigencia de Morena - Canal 7 SLP - 2019<\/title>\n<meta name=\"robots\" content=\"index, follow, max-snippet:-1, max-image-preview:large, max-video-preview:-1\" \/>\n<link rel=\"canonical\" href=\"https:\/\/canal7slp.tv\/2019\/tribunal-electoral-anula-eleccion-de-dirigencia-de-morena\/\" \/>\n<meta property=\"og:locale\" content=\"es_ES\" \/>\n<meta property=\"og:type\" content=\"article\" \/>\n<meta property=\"og:title\" content=\"Tribunal Electoral anula elecci\u00f3n de dirigencia de Morena - Canal 7 SLP - 2019\" \/>\n<meta property=\"og:description\" content=\"El TEPJF determin\u00f3 que el padr\u00f3n usado en el proceso electivo carece de certeza, por lo que &#8220;no resulta confiable&#8221; M\u00e9xico.- Por unanimidad, los magistrados del Tribunal Electoral del Poder Judicial de la Federaci\u00f3n (TEPJF) revocaron la tarde de este mi\u00e9rcoles la convocatoria al III Congreso Nacional de Morena para elegir dirigentes, por lo que [&hellip;]\" \/>\n<meta property=\"og:url\" content=\"https:\/\/canal7slp.tv\/2019\/tribunal-electoral-anula-eleccion-de-dirigencia-de-morena\/\" \/>\n<meta property=\"og:site_name\" content=\"Canal 7 SLP - 2019\" \/>\n<meta property=\"article:publisher\" content=\"https:\/\/www.facebook.com\/CANAL7SLP\/\" \/>\n<meta property=\"article:published_time\" content=\"2019-10-31T01:46:12+00:00\" \/>\n<meta property=\"og:image\" content=\"https:\/\/canal7slp.tv\/2019\/wp-content\/uploads\/2019\/10\/1948-7.jpg\" \/>\n\t<meta property=\"og:image:width\" content=\"770\" \/>\n\t<meta property=\"og:image:height\" content=\"485\" \/>\n\t<meta property=\"og:image:type\" content=\"image\/jpeg\" \/>\n<meta name=\"author\" content=\"edicionweb\" \/>\n<meta name=\"twitter:card\" content=\"summary_large_image\" \/>\n<meta name=\"twitter:creator\" content=\"@canal7_slp\" \/>\n<meta name=\"twitter:site\" content=\"@canal7_slp\" \/>\n<meta name=\"twitter:label1\" content=\"Escrito por\" \/>\n\t<meta name=\"twitter:data1\" content=\"edicionweb\" \/>\n\t<meta name=\"twitter:label2\" content=\"Tiempo de lectura\" \/>\n\t<meta name=\"twitter:data2\" content=\"2 minutos\" \/>\n<script type=\"application\/ld+json\" class=\"yoast-schema-graph\">{\"@context\":\"https:\\\/\\\/schema.org\",\"@graph\":[{\"@type\":\"Article\",\"@id\":\"https:\\\/\\\/canal7slp.tv\\\/2019\\\/tribunal-electoral-anula-eleccion-de-dirigencia-de-morena\\\/#article\",\"isPartOf\":{\"@id\":\"https:\\\/\\\/canal7slp.tv\\\/2019\\\/tribunal-electoral-anula-eleccion-de-dirigencia-de-morena\\\/\"},\"author\":{\"name\":\"edicionweb\",\"@id\":\"https:\\\/\\\/canal7slp.tv\\\/2019\\\/#\\\/schema\\\/person\\\/11d941c1c6ca30ac0a46b95fa37aa2e3\"},\"headline\":\"Tribunal Electoral anula elecci\u00f3n de dirigencia de Morena\",\"datePublished\":\"2019-10-31T01:46:12+00:00\",\"mainEntityOfPage\":{\"@id\":\"https:\\\/\\\/canal7slp.tv\\\/2019\\\/tribunal-electoral-anula-eleccion-de-dirigencia-de-morena\\\/\"},\"wordCount\":413,\"commentCount\":0,\"publisher\":{\"@id\":\"https:\\\/\\\/canal7slp.tv\\\/2019\\\/#organization\"},\"image\":{\"@id\":\"https:\\\/\\\/canal7slp.tv\\\/2019\\\/tribunal-electoral-anula-eleccion-de-dirigencia-de-morena\\\/#primaryimage\"},\"thumbnailUrl\":\"https:\\\/\\\/canal7slp.tv\\\/2019\\\/wp-content\\\/uploads\\\/2019\\\/10\\\/1948-7.jpg\",\"articleSection\":[\"NACIONAL\"],\"inLanguage\":\"es\",\"potentialAction\":[{\"@type\":\"CommentAction\",\"name\":\"Comment\",\"target\":[\"https:\\\/\\\/canal7slp.tv\\\/2019\\\/tribunal-electoral-anula-eleccion-de-dirigencia-de-morena\\\/#respond\"]}]},{\"@type\":\"WebPage\",\"@id\":\"https:\\\/\\\/canal7slp.tv\\\/2019\\\/tribunal-electoral-anula-eleccion-de-dirigencia-de-morena\\\/\",\"url\":\"https:\\\/\\\/canal7slp.tv\\\/2019\\\/tribunal-electoral-anula-eleccion-de-dirigencia-de-morena\\\/\",\"name\":\"Tribunal Electoral anula elecci\u00f3n de dirigencia de Morena - Canal 7 SLP - 2019\",\"isPartOf\":{\"@id\":\"https:\\\/\\\/canal7slp.tv\\\/2019\\\/#website\"},\"primaryImageOfPage\":{\"@id\":\"https:\\\/\\\/canal7slp.tv\\\/2019\\\/tribunal-electoral-anula-eleccion-de-dirigencia-de-morena\\\/#primaryimage\"},\"image\":{\"@id\":\"https:\\\/\\\/canal7slp.tv\\\/2019\\\/tribunal-electoral-anula-eleccion-de-dirigencia-de-morena\\\/#primaryimage\"},\"thumbnailUrl\":\"https:\\\/\\\/canal7slp.tv\\\/2019\\\/wp-content\\\/uploads\\\/2019\\\/10\\\/1948-7.jpg\",\"datePublished\":\"2019-10-31T01:46:12+00:00\",\"breadcrumb\":{\"@id\":\"https:\\\/\\\/canal7slp.tv\\\/2019\\\/tribunal-electoral-anula-eleccion-de-dirigencia-de-morena\\\/#breadcrumb\"},\"inLanguage\":\"es\",\"potentialAction\":[{\"@type\":\"ReadAction\",\"target\":[\"https:\\\/\\\/canal7slp.tv\\\/2019\\\/tribunal-electoral-anula-eleccion-de-dirigencia-de-morena\\\/\"]}]},{\"@type\":\"ImageObject\",\"inLanguage\":\"es\",\"@id\":\"https:\\\/\\\/canal7slp.tv\\\/2019\\\/tribunal-electoral-anula-eleccion-de-dirigencia-de-morena\\\/#primaryimage\",\"url\":\"https:\\\/\\\/canal7slp.tv\\\/2019\\\/wp-content\\\/uploads\\\/2019\\\/10\\\/1948-7.jpg\",\"contentUrl\":\"https:\\\/\\\/canal7slp.tv\\\/2019\\\/wp-content\\\/uploads\\\/2019\\\/10\\\/1948-7.jpg\",\"width\":770,\"height\":485},{\"@type\":\"BreadcrumbList\",\"@id\":\"https:\\\/\\\/canal7slp.tv\\\/2019\\\/tribunal-electoral-anula-eleccion-de-dirigencia-de-morena\\\/#breadcrumb\",\"itemListElement\":[{\"@type\":\"ListItem\",\"position\":1,\"name\":\"Home\",\"item\":\"https:\\\/\\\/canal7slp.tv\\\/2019\\\/\"},{\"@type\":\"ListItem\",\"position\":2,\"name\":\"Tribunal Electoral anula elecci\u00f3n de dirigencia de Morena\"}]},{\"@type\":\"WebSite\",\"@id\":\"https:\\\/\\\/canal7slp.tv\\\/2019\\\/#website\",\"url\":\"https:\\\/\\\/canal7slp.tv\\\/2019\\\/\",\"name\":\"Canal 7 SLP - Somos TV\",\"description\":\"Somos un Canal de 10\",\"publisher\":{\"@id\":\"https:\\\/\\\/canal7slp.tv\\\/2019\\\/#organization\"},\"potentialAction\":[{\"@type\":\"SearchAction\",\"target\":{\"@type\":\"EntryPoint\",\"urlTemplate\":\"https:\\\/\\\/canal7slp.tv\\\/2019\\\/?s={search_term_string}\"},\"query-input\":{\"@type\":\"PropertyValueSpecification\",\"valueRequired\":true,\"valueName\":\"search_term_string\"}}],\"inLanguage\":\"es\"},{\"@type\":\"Organization\",\"@id\":\"https:\\\/\\\/canal7slp.tv\\\/2019\\\/#organization\",\"name\":\"Comunicaci\u00f3n 2000 S.A. de C.V.\",\"url\":\"https:\\\/\\\/canal7slp.tv\\\/2019\\\/\",\"logo\":{\"@type\":\"ImageObject\",\"inLanguage\":\"es\",\"@id\":\"https:\\\/\\\/canal7slp.tv\\\/2019\\\/#\\\/schema\\\/logo\\\/image\\\/\",\"url\":\"https:\\\/\\\/canal7slp.tv\\\/2019\\\/wp-content\\\/uploads\\\/2019\\\/07\\\/logo-c7.png\",\"contentUrl\":\"https:\\\/\\\/canal7slp.tv\\\/2019\\\/wp-content\\\/uploads\\\/2019\\\/07\\\/logo-c7.png\",\"width\":220,\"height\":60,\"caption\":\"Comunicaci\u00f3n 2000 S.A. de C.V.\"},\"image\":{\"@id\":\"https:\\\/\\\/canal7slp.tv\\\/2019\\\/#\\\/schema\\\/logo\\\/image\\\/\"},\"sameAs\":[\"https:\\\/\\\/www.facebook.com\\\/CANAL7SLP\\\/\",\"https:\\\/\\\/x.com\\\/canal7_slp\",\"https:\\\/\\\/www.instagram.com\\\/canal7_slp\",\"https:\\\/\\\/www.youtube.com\\\/user\\\/NOTICIEROSCANAL7SLP\\\/\"]},{\"@type\":\"Person\",\"@id\":\"https:\\\/\\\/canal7slp.tv\\\/2019\\\/#\\\/schema\\\/person\\\/11d941c1c6ca30ac0a46b95fa37aa2e3\",\"name\":\"edicionweb\",\"image\":{\"@type\":\"ImageObject\",\"inLanguage\":\"es\",\"@id\":\"https:\\\/\\\/secure.gravatar.com\\\/avatar\\\/eee448fc3f7164808013b816ba91ac7e43bbe82a70bebac296f8bc6f0addaa1a?s=96&d=mm&r=g\",\"url\":\"https:\\\/\\\/secure.gravatar.com\\\/avatar\\\/eee448fc3f7164808013b816ba91ac7e43bbe82a70bebac296f8bc6f0addaa1a?s=96&d=mm&r=g\",\"contentUrl\":\"https:\\\/\\\/secure.gravatar.com\\\/avatar\\\/eee448fc3f7164808013b816ba91ac7e43bbe82a70bebac296f8bc6f0addaa1a?s=96&d=mm&r=g\",\"caption\":\"edicionweb\"}}]}<\/script>\n<!-- \/ Yoast SEO plugin. -->","yoast_head_json":{"title":"Tribunal Electoral anula elecci\u00f3n de dirigencia de Morena - Canal 7 SLP - 2019","robots":{"index":"index","follow":"follow","max-snippet":"max-snippet:-1","max-image-preview":"max-image-preview:large","max-video-preview":"max-video-preview:-1"},"canonical":"https:\/\/canal7slp.tv\/2019\/tribunal-electoral-anula-eleccion-de-dirigencia-de-morena\/","og_locale":"es_ES","og_type":"article","og_title":"Tribunal Electoral anula elecci\u00f3n de dirigencia de Morena - Canal 7 SLP - 2019","og_description":"El TEPJF determin\u00f3 que el padr\u00f3n usado en el proceso electivo carece de certeza, por lo que &#8220;no resulta confiable&#8221; M\u00e9xico.- Por unanimidad, los magistrados del Tribunal Electoral del Poder Judicial de la Federaci\u00f3n (TEPJF) revocaron la tarde de este mi\u00e9rcoles la convocatoria al III Congreso Nacional de Morena para elegir dirigentes, por lo que [&hellip;]","og_url":"https:\/\/canal7slp.tv\/2019\/tribunal-electoral-anula-eleccion-de-dirigencia-de-morena\/","og_site_name":"Canal 7 SLP - 2019","article_publisher":"https:\/\/www.facebook.com\/CANAL7SLP\/","article_published_time":"2019-10-31T01:46:12+00:00","og_image":[{"width":770,"height":485,"url":"https:\/\/canal7slp.tv\/2019\/wp-content\/uploads\/2019\/10\/1948-7.jpg","type":"image\/jpeg"}],"author":"edicionweb","twitter_card":"summary_large_image","twitter_creator":"@canal7_slp","twitter_site":"@canal7_slp","twitter_misc":{"Escrito por":"edicionweb","Tiempo de lectura":"2 minutos"},"schema":{"@context":"https:\/\/schema.org","@graph":[{"@type":"Article","@id":"https:\/\/canal7slp.tv\/2019\/tribunal-electoral-anula-eleccion-de-dirigencia-de-morena\/#article","isPartOf":{"@id":"https:\/\/canal7slp.tv\/2019\/tribunal-electoral-anula-eleccion-de-dirigencia-de-morena\/"},"author":{"name":"edicionweb","@id":"https:\/\/canal7slp.tv\/2019\/#\/schema\/person\/11d941c1c6ca30ac0a46b95fa37aa2e3"},"headline":"Tribunal Electoral anula elecci\u00f3n de dirigencia de Morena","datePublished":"2019-10-31T01:46:12+00:00","mainEntityOfPage":{"@id":"https:\/\/canal7slp.tv\/2019\/tribunal-electoral-anula-eleccion-de-dirigencia-de-morena\/"},"wordCount":413,"commentCount":0,"publisher":{"@id":"https:\/\/canal7slp.tv\/2019\/#organization"},"image":{"@id":"https:\/\/canal7slp.tv\/2019\/tribunal-electoral-anula-eleccion-de-dirigencia-de-morena\/#primaryimage"},"thumbnailUrl":"https:\/\/canal7slp.tv\/2019\/wp-content\/uploads\/2019\/10\/1948-7.jpg","articleSection":["NACIONAL"],"inLanguage":"es","potentialAction":[{"@type":"CommentAction","name":"Comment","target":["https:\/\/canal7slp.tv\/2019\/tribunal-electoral-anula-eleccion-de-dirigencia-de-morena\/#respond"]}]},{"@type":"WebPage","@id":"https:\/\/canal7slp.tv\/2019\/tribunal-electoral-anula-eleccion-de-dirigencia-de-morena\/","url":"https:\/\/canal7slp.tv\/2019\/tribunal-electoral-anula-eleccion-de-dirigencia-de-morena\/","name":"Tribunal Electoral anula elecci\u00f3n de dirigencia de Morena - Canal 7 SLP - 2019","isPartOf":{"@id":"https:\/\/canal7slp.tv\/2019\/#website"},"primaryImageOfPage":{"@id":"https:\/\/canal7slp.tv\/2019\/tribunal-electoral-anula-eleccion-de-dirigencia-de-morena\/#primaryimage"},"image":{"@id":"https:\/\/canal7slp.tv\/2019\/tribunal-electoral-anula-eleccion-de-dirigencia-de-morena\/#primaryimage"},"thumbnailUrl":"https:\/\/canal7slp.tv\/2019\/wp-content\/uploads\/2019\/10\/1948-7.jpg","datePublished":"2019-10-31T01:46:12+00:00","breadcrumb":{"@id":"https:\/\/canal7slp.tv\/2019\/tribunal-electoral-anula-eleccion-de-dirigencia-de-morena\/#breadcrumb"},"inLanguage":"es","potentialAction":[{"@type":"ReadAction","target":["https:\/\/canal7slp.tv\/2019\/tribunal-electoral-anula-eleccion-de-dirigencia-de-morena\/"]}]},{"@type":"ImageObject","inLanguage":"es","@id":"https:\/\/canal7slp.tv\/2019\/tribunal-electoral-anula-eleccion-de-dirigencia-de-morena\/#primaryimage","url":"https:\/\/canal7slp.tv\/2019\/wp-content\/uploads\/2019\/10\/1948-7.jpg","contentUrl":"https:\/\/canal7slp.tv\/2019\/wp-content\/uploads\/2019\/10\/1948-7.jpg","width":770,"height":485},{"@type":"BreadcrumbList","@id":"https:\/\/canal7slp.tv\/2019\/tribunal-electoral-anula-eleccion-de-dirigencia-de-morena\/#breadcrumb","itemListElement":[{"@type":"ListItem","position":1,"name":"Home","item":"https:\/\/canal7slp.tv\/2019\/"},{"@type":"ListItem","position":2,"name":"Tribunal Electoral anula elecci\u00f3n de dirigencia de Morena"}]},{"@type":"WebSite","@id":"https:\/\/canal7slp.tv\/2019\/#website","url":"https:\/\/canal7slp.tv\/2019\/","name":"Canal 7 SLP - Somos TV","description":"Somos un Canal de 10","publisher":{"@id":"https:\/\/canal7slp.tv\/2019\/#organization"},"potentialAction":[{"@type":"SearchAction","target":{"@type":"EntryPoint","urlTemplate":"https:\/\/canal7slp.tv\/2019\/?s={search_term_string}"},"query-input":{"@type":"PropertyValueSpecification","valueRequired":true,"valueName":"search_term_string"}}],"inLanguage":"es"},{"@type":"Organization","@id":"https:\/\/canal7slp.tv\/2019\/#organization","name":"Comunicaci\u00f3n 2000 S.A. de C.V.","url":"https:\/\/canal7slp.tv\/2019\/","logo":{"@type":"ImageObject","inLanguage":"es","@id":"https:\/\/canal7slp.tv\/2019\/#\/schema\/logo\/image\/","url":"https:\/\/canal7slp.tv\/2019\/wp-content\/uploads\/2019\/07\/logo-c7.png","contentUrl":"https:\/\/canal7slp.tv\/2019\/wp-content\/uploads\/2019\/07\/logo-c7.png","width":220,"height":60,"caption":"Comunicaci\u00f3n 2000 S.A. de C.V."},"image":{"@id":"https:\/\/canal7slp.tv\/2019\/#\/schema\/logo\/image\/"},"sameAs":["https:\/\/www.facebook.com\/CANAL7SLP\/","https:\/\/x.com\/canal7_slp","https:\/\/www.instagram.com\/canal7_slp","https:\/\/www.youtube.com\/user\/NOTICIEROSCANAL7SLP\/"]},{"@type":"Person","@id":"https:\/\/canal7slp.tv\/2019\/#\/schema\/person\/11d941c1c6ca30ac0a46b95fa37aa2e3","name":"edicionweb","image":{"@type":"ImageObject","inLanguage":"es","@id":"https:\/\/secure.gravatar.com\/avatar\/eee448fc3f7164808013b816ba91ac7e43bbe82a70bebac296f8bc6f0addaa1a?s=96&d=mm&r=g","url":"https:\/\/secure.gravatar.com\/avatar\/eee448fc3f7164808013b816ba91ac7e43bbe82a70bebac296f8bc6f0addaa1a?s=96&d=mm&r=g","contentUrl":"https:\/\/secure.gravatar.com\/avatar\/eee448fc3f7164808013b816ba91ac7e43bbe82a70bebac296f8bc6f0addaa1a?s=96&d=mm&r=g","caption":"edicionweb"}}]}},"amp_enabled":true,"cmb2":{"video_ids_in_playlist":{"vid_p_videos":""},"video_ids_in_channel":{"vid_c_videos":""},"playlist_ids_in_channel":{"vid_c_playlists":""},"series_ids_in_channel":{"vid_c_series":""},"channel_images":{"vid_c_logo":"","vid_c_banner":""},"poster_feature_image":{"vid_m_poster_image":""},"gif_feature_image":{"vid_m_gif_image":""},"video_movie_settings":{"vid_m_director":"","vid_m_actor":"","vid_m_imdb_ratings":"","vid_m_amazon_associates":""},"vid_youtube_broadcasts_settings":{"vid_yb_broadcast_title":"","vid_yb_q":"","vid_yb_channelid":"","vid_yb_videocategoryid":"","vid_yb_maxresults":"","vid_yb_order":"","vid_yb_regioncode":"","vid_yb_videosyndicated":"","vid_yb_style":"","vid_yb_reload_first":""},"video_series_settings":{"vid_m_director":"","vid_m_actor":"","vid_m_imdb_ratings":"","video_series_group":""},"amazon_associates_settings":{"amazon_associates":"","amazon_native_ad":""},"vid_youtube_automatic_settings":{"vid_ya_youtube_source":"","vid_ya_update_every":"","vid_ya_update_unit":"","vid_ya_categories":"","vid_ya_published_after":"","vid_ya_published_before":"","vid_ya_playlists":"","vid_ya_channels":"","vid_ya_director":"","vid_ya_actor":"","vid_ya_author":"","vid_ya_import_post_date":"","vid_ya_status":"","vid_ya_sub_api_key":""},"vid_ads_m_videoads_settings_post":{"vid_ads_m_video_ads":"","vid_ads_m_video_ads_type":"","vid_ads_m_group_google_ima":"","vid_ads_m_group_image":"","vid_ads_m_group_html5_video":"","vid_ads_m_group_html":"","vid_ads_m_vast_preroll":"","vid_ads_m_vast_postroll":"","vid_ads_m_vast_pauseroll":"","vid_ads_m_vast_midroll":[{"vid_ads_m_vast_timer_seconds":"50"}],"vid_ads_m_time_to_show_ads":"","vid_ads_m_time_skip_ads":"","vid_ads_m_time_to_hide_ads":""},"page_slider_settings":{"display_slider_group":"","page_slider_group":""},"blog_page_settings":{"blog_page_title":"","blog_page_heading":"","blog_page_ic":"","blog_page_it":"","blog_page_ec":"","blog_page_ip":"","archive_loop_style":"","blog_image_ratio":"","blog_show_categories":"","blog_show_excerpt":"","blog_show_author":"","blog_show_date":"","blog_show_comment_count":"","blog_show_view_count":"","blog_show_like_count":"","blog_show_dislike_count":"","blog_items_per_page":"","blog_pag_type":""},"page_options":{"get_page_template":"","color_mode":"","main_layout":"","main_layout_full_with":"","main_logo":"","main_logo_retina":"","main_logo_mobile":"","main_logo_mobile_retina":"","sticky_logo":"","sticky_logo_retina":"","main_nav_layout":"","ajax_search":"","header_background":"","theme_sidebar":"","instagram_feed":"","instagram_feed_position":"","popular_videos":"","popular_videos_title_1":"","popular_videos_title_2":"","popular_videos_ic":"","popular_videos_it":"","theme_background":"","page_custom_css":""},"feature_image_settings":{"feature_image_position":""},"video_player_settings":{"single_video_style":"","video_player_position":"","vm_video_url":"","video_player_library":"","video_streaming":"","vm_media_sources":"","vid_auto_play":"","vm_video_shortcode":"","vid_p_sync_playlist":"","vid_c_sync_channel":"","get_post_format":"","multiple_links_structure":"default","multi_links_title":"","vm_video_multi_links":"","vm_duration":"","vid_social_locker":"off","vid_social_locker_id":"","vid_membership_action":"content-video","vm_video_trailer_url":"","vid_download_type":"free","vid_download_target":"download","vid_woo_product":"","vm_media_download":"","user_rating":"","user_rating_position":"","user_rating_mode":"","user_rating_multi_sets":""},"video_auto_fetch_settings":{"vm_video_fetch":"on"},"video_fake_views_likes":{"vm_fake_views":"","vm_fake_likes":"","vm_fake_dislikes":""},"gallery_settings":{"gallery_position":""},"quote_settings":{"quote_position":""},"post_options":{"main_layout":"","main_logo":"","main_logo_retina":"","main_logo_mobile":"","main_logo_mobile_retina":"","sticky_logo":"","sticky_logo_retina":"","main_nav_layout":"","header_background":"","theme_sidebar":"","single_post_comment_type":"","theme_background":""}},"_links":{"self":[{"href":"https:\/\/canal7slp.tv\/2019\/wp-json\/wp\/v2\/posts\/78656","targetHints":{"allow":["GET"]}}],"collection":[{"href":"https:\/\/canal7slp.tv\/2019\/wp-json\/wp\/v2\/posts"}],"about":[{"href":"https:\/\/canal7slp.tv\/2019\/wp-json\/wp\/v2\/types\/post"}],"author":[{"embeddable":true,"href":"https:\/\/canal7slp.tv\/2019\/wp-json\/wp\/v2\/users\/2"}],"replies":[{"embeddable":true,"href":"https:\/\/canal7slp.tv\/2019\/wp-json\/wp\/v2\/comments?post=78656"}],"version-history":[{"count":0,"href":"https:\/\/canal7slp.tv\/2019\/wp-json\/wp\/v2\/posts\/78656\/revisions"}],"wp:featuredmedia":[{"embeddable":true,"href":"https:\/\/canal7slp.tv\/2019\/wp-json\/wp\/v2\/media\/78657"}],"wp:attachment":[{"href":"https:\/\/canal7slp.tv\/2019\/wp-json\/wp\/v2\/media?parent=78656"}],"wp:term":[{"taxonomy":"category","embeddable":true,"href":"https:\/\/canal7slp.tv\/2019\/wp-json\/wp\/v2\/categories?post=78656"},{"taxonomy":"post_tag","embeddable":true,"href":"https:\/\/canal7slp.tv\/2019\/wp-json\/wp\/v2\/tags?post=78656"}],"curies":[{"name":"wp","href":"https:\/\/api.w.org\/{rel}","templated":true}]}}