{"id":78106,"date":"2019-10-28T18:49:55","date_gmt":"2019-10-29T00:49:55","guid":{"rendered":"https:\/\/canal7slp.tv\/2019\/?p=78106"},"modified":"2019-10-28T18:53:04","modified_gmt":"2019-10-29T00:53:04","slug":"segam-y-bwild-localizan-y-registran-fauna-en-sierra-de-san-miguelito","status":"publish","type":"post","link":"https:\/\/canal7slp.tv\/2019\/segam-y-bwild-localizan-y-registran-fauna-en-sierra-de-san-miguelito\/","title":{"rendered":"SEGAM y BWILD localizan y registran fauna en Sierra de San Miguelito"},"content":{"rendered":"<p style=\"text-align: justify\">SLP.- Al dar a conocer los avances en estudios sobre la fauna en la sierra de San Miguelito, la Secretaria de Ecolog\u00eda y Gesti\u00f3n Ambiental, Yvette Salazar Torres, concluy\u00f3 un estudio realizado con la Organizaci\u00f3n para la Conservaci\u00f3n de Vida Salvaje A.C., BWild, sobre registro y localizaci\u00f3n de especies, en el que durante seis meses se pudo localizar al 65 por ciento de animales enlistados dentro la zona.<\/p>\n<p style=\"text-align: justify\">En rueda de prensa semanal, acompa\u00f1ada por el director general de BWild, Mauricio Sam Carrera, la funcionaria estatal asever\u00f3 que luego de los incendios que se presentaron en la sierra, se le dio impulso al monitoreo faun\u00edstico, que se realiz\u00f3 durante seis meses y concluy\u00f3 en octubre, con la colocaci\u00f3n de c\u00e1maras de foto trampeo, que comienzan a grabar cuando se acerca un animal.<\/p>\n<p style=\"text-align: justify\">Carrera asegur\u00f3 que fue una gran sorpresa encontrar tanta biodiversidad, y que la fauna se mantiene, aunque con m\u00e1s frecuencia en algunos puntos espec\u00edficos de la sierra, ya que debido a la orograf\u00eda hay zonas con muchos riscos y otras muy \u00e1ridas, sin embargo, destaca el \u00e1guila real, una de las especies protegidas a nivel nacional, que contin\u00faa siendo habitante hist\u00f3rica y actual de San Miguelito.<\/p>\n<p style=\"text-align: justify\">Puntualiz\u00f3 que el que hayan encontrado el 65 por ciento de las especies no quiere decir que el resto no est\u00e9n ah\u00ed y agreg\u00f3 que entre los resultados se contabilizaron 656 videos de c\u00e1maras de foto trampeo con 15 mam\u00edferos, 1 tar\u00e1ntula, 2 anfibios, 3 reptiles y 18 aves diferentes. Entre los animales que se pueden observar se encuentra el \u00e1guila real, coyote, zorrillos, mapaches, conejos, gato mont\u00e9s, venados cola blanca, zorro gris, camale\u00f3n, cacomixtle, y se puede apreciar que la presa m\u00e1s com\u00fan\u200b es el ardill\u00f3n de roca y no el conejo como se ten\u00eda pensado.<\/p>\n<p style=\"text-align: justify\">Carrera explic\u00f3 que para la Organizaci\u00f3n que representa, es claro que San Luis Potos\u00ed necesita crecer y tambi\u00e9n necesita de nuevas v\u00edas de comunicaci\u00f3n, por lo que con este estudio pone su granito de arena para hacerlo de forma responsable hacia la biodiversidad, porque se puede encontrar un punto de equilibrio entre el desarrollo y el compromiso con el medio ambiente; \u201cesta es una forma de entender mejor la sierra y de tratar de buscar el desarrollo de forma responsable\u201d.<\/p>\n<p style=\"text-align: justify\">Salazar Torres afirm\u00f3 que el monitoreo y localizaci\u00f3n de fauna tuvo una inversi\u00f3n de 400 mil pesos, y sus resultados ser\u00e1n entregados para apoyar el estudio previo justificativo que realiza la UNAM, que ya notific\u00f3 el inicio de trabajos para el mismo desde el 1\u00ba de octubre pasado; y tambi\u00e9n ser\u00e1 difundidos a la sociedad a trav\u00e9s de cuadernillos y otros medios para que la gente conozca la importancia de cuidar y conservar la sierra de San Miguelito.<\/p>\n<p style=\"text-align: justify\">En otro tema, la titular de la SEGAM manifest\u00f3 que ha sostenido reuniones con el titular de la Secretar\u00eda de Finanzas para avanzar en el programa de Monitoreo de la Calidad del Aire, y que podr\u00eda recibir una inversi\u00f3n de 10 millones de pesos para la instalaci\u00f3n de tres casetas de monitoreo m\u00e1s durante el pr\u00f3ximo a\u00f1o, por lo que ya se trabaja en un convenio de colaboraci\u00f3n con el Instituto Nacional de Ecolog\u00eda y Cambio Clim\u00e1tico (IMECC) para localizar la mejor ubicaci\u00f3n para las nuevas casetas y asesor\u00eda en general.<\/p>\n","protected":false},"excerpt":{"rendered":"<p>SLP.- Al dar a conocer los avances en estudios sobre la fauna en la sierra de San Miguelito, la Secretaria de Ecolog\u00eda y Gesti\u00f3n Ambiental, Yvette Salazar Torres, concluy\u00f3 un estudio realizado con la Organizaci\u00f3n para la Conservaci\u00f3n de Vida Salvaje A.C., BWild, sobre registro y localizaci\u00f3n de especies, en el que durante seis meses [&hellip;]<\/p>\n","protected":false},"author":2,"featured_media":78107,"comment_status":"open","ping_status":"open","sticky":false,"template":"","format":"standard","meta":{"footnotes":""},"categories":[17],"tags":[111],"class_list":["post-78106","post","type-post","status-publish","format-standard","has-post-thumbnail","hentry","category-localesyregionales","tag-gobierno-slp"],"yoast_head":"<!-- This site is optimized with the Yoast SEO plugin v27.5 - https:\/\/yoast.com\/product\/yoast-seo-wordpress\/ -->\n<title>SEGAM y BWILD localizan y registran fauna en Sierra de San Miguelito - Canal 7 SLP - 2019<\/title>\n<meta name=\"robots\" content=\"index, follow, max-snippet:-1, max-image-preview:large, max-video-preview:-1\" \/>\n<link rel=\"canonical\" href=\"https:\/\/canal7slp.tv\/2019\/segam-y-bwild-localizan-y-registran-fauna-en-sierra-de-san-miguelito\/\" \/>\n<meta property=\"og:locale\" content=\"es_ES\" \/>\n<meta property=\"og:type\" content=\"article\" \/>\n<meta property=\"og:title\" content=\"SEGAM y BWILD localizan y registran fauna en Sierra de San Miguelito - Canal 7 SLP - 2019\" \/>\n<meta property=\"og:description\" content=\"SLP.- Al dar a conocer los avances en estudios sobre la fauna en la sierra de San Miguelito, la Secretaria de Ecolog\u00eda y Gesti\u00f3n Ambiental, Yvette Salazar Torres, concluy\u00f3 un estudio realizado con la Organizaci\u00f3n para la Conservaci\u00f3n de Vida Salvaje A.C., BWild, sobre registro y localizaci\u00f3n de especies, en el que durante seis meses [&hellip;]\" \/>\n<meta property=\"og:url\" content=\"https:\/\/canal7slp.tv\/2019\/segam-y-bwild-localizan-y-registran-fauna-en-sierra-de-san-miguelito\/\" \/>\n<meta property=\"og:site_name\" content=\"Canal 7 SLP - 2019\" \/>\n<meta property=\"article:publisher\" content=\"https:\/\/www.facebook.com\/CANAL7SLP\/\" \/>\n<meta property=\"article:published_time\" content=\"2019-10-29T00:49:55+00:00\" \/>\n<meta property=\"article:modified_time\" content=\"2019-10-29T00:53:04+00:00\" \/>\n<meta property=\"og:image\" content=\"https:\/\/canal7slp.tv\/2019\/wp-content\/uploads\/2019\/10\/1940-3.jpg\" \/>\n\t<meta property=\"og:image:width\" content=\"963\" \/>\n\t<meta property=\"og:image:height\" content=\"642\" \/>\n\t<meta property=\"og:image:type\" content=\"image\/jpeg\" \/>\n<meta name=\"author\" content=\"edicionweb\" \/>\n<meta name=\"twitter:card\" content=\"summary_large_image\" \/>\n<meta name=\"twitter:creator\" content=\"@canal7_slp\" \/>\n<meta name=\"twitter:site\" content=\"@canal7_slp\" \/>\n<meta name=\"twitter:label1\" content=\"Escrito por\" \/>\n\t<meta name=\"twitter:data1\" content=\"edicionweb\" \/>\n\t<meta name=\"twitter:label2\" content=\"Tiempo de lectura\" \/>\n\t<meta name=\"twitter:data2\" content=\"3 minutos\" \/>\n<script type=\"application\/ld+json\" class=\"yoast-schema-graph\">{\"@context\":\"https:\\\/\\\/schema.org\",\"@graph\":[{\"@type\":\"Article\",\"@id\":\"https:\\\/\\\/canal7slp.tv\\\/2019\\\/segam-y-bwild-localizan-y-registran-fauna-en-sierra-de-san-miguelito\\\/#article\",\"isPartOf\":{\"@id\":\"https:\\\/\\\/canal7slp.tv\\\/2019\\\/segam-y-bwild-localizan-y-registran-fauna-en-sierra-de-san-miguelito\\\/\"},\"author\":{\"name\":\"edicionweb\",\"@id\":\"https:\\\/\\\/canal7slp.tv\\\/2019\\\/#\\\/schema\\\/person\\\/11d941c1c6ca30ac0a46b95fa37aa2e3\"},\"headline\":\"SEGAM y BWILD localizan y registran fauna en Sierra de San Miguelito\",\"datePublished\":\"2019-10-29T00:49:55+00:00\",\"dateModified\":\"2019-10-29T00:53:04+00:00\",\"mainEntityOfPage\":{\"@id\":\"https:\\\/\\\/canal7slp.tv\\\/2019\\\/segam-y-bwild-localizan-y-registran-fauna-en-sierra-de-san-miguelito\\\/\"},\"wordCount\":592,\"commentCount\":0,\"publisher\":{\"@id\":\"https:\\\/\\\/canal7slp.tv\\\/2019\\\/#organization\"},\"image\":{\"@id\":\"https:\\\/\\\/canal7slp.tv\\\/2019\\\/segam-y-bwild-localizan-y-registran-fauna-en-sierra-de-san-miguelito\\\/#primaryimage\"},\"thumbnailUrl\":\"https:\\\/\\\/canal7slp.tv\\\/2019\\\/wp-content\\\/uploads\\\/2019\\\/10\\\/1940-3.jpg\",\"keywords\":[\"Gobierno SLP\"],\"articleSection\":[\"LOCALES Y REGIONALES\"],\"inLanguage\":\"es\",\"potentialAction\":[{\"@type\":\"CommentAction\",\"name\":\"Comment\",\"target\":[\"https:\\\/\\\/canal7slp.tv\\\/2019\\\/segam-y-bwild-localizan-y-registran-fauna-en-sierra-de-san-miguelito\\\/#respond\"]}]},{\"@type\":\"WebPage\",\"@id\":\"https:\\\/\\\/canal7slp.tv\\\/2019\\\/segam-y-bwild-localizan-y-registran-fauna-en-sierra-de-san-miguelito\\\/\",\"url\":\"https:\\\/\\\/canal7slp.tv\\\/2019\\\/segam-y-bwild-localizan-y-registran-fauna-en-sierra-de-san-miguelito\\\/\",\"name\":\"SEGAM y BWILD localizan y registran fauna en Sierra de San Miguelito - Canal 7 SLP - 2019\",\"isPartOf\":{\"@id\":\"https:\\\/\\\/canal7slp.tv\\\/2019\\\/#website\"},\"primaryImageOfPage\":{\"@id\":\"https:\\\/\\\/canal7slp.tv\\\/2019\\\/segam-y-bwild-localizan-y-registran-fauna-en-sierra-de-san-miguelito\\\/#primaryimage\"},\"image\":{\"@id\":\"https:\\\/\\\/canal7slp.tv\\\/2019\\\/segam-y-bwild-localizan-y-registran-fauna-en-sierra-de-san-miguelito\\\/#primaryimage\"},\"thumbnailUrl\":\"https:\\\/\\\/canal7slp.tv\\\/2019\\\/wp-content\\\/uploads\\\/2019\\\/10\\\/1940-3.jpg\",\"datePublished\":\"2019-10-29T00:49:55+00:00\",\"dateModified\":\"2019-10-29T00:53:04+00:00\",\"breadcrumb\":{\"@id\":\"https:\\\/\\\/canal7slp.tv\\\/2019\\\/segam-y-bwild-localizan-y-registran-fauna-en-sierra-de-san-miguelito\\\/#breadcrumb\"},\"inLanguage\":\"es\",\"potentialAction\":[{\"@type\":\"ReadAction\",\"target\":[\"https:\\\/\\\/canal7slp.tv\\\/2019\\\/segam-y-bwild-localizan-y-registran-fauna-en-sierra-de-san-miguelito\\\/\"]}]},{\"@type\":\"ImageObject\",\"inLanguage\":\"es\",\"@id\":\"https:\\\/\\\/canal7slp.tv\\\/2019\\\/segam-y-bwild-localizan-y-registran-fauna-en-sierra-de-san-miguelito\\\/#primaryimage\",\"url\":\"https:\\\/\\\/canal7slp.tv\\\/2019\\\/wp-content\\\/uploads\\\/2019\\\/10\\\/1940-3.jpg\",\"contentUrl\":\"https:\\\/\\\/canal7slp.tv\\\/2019\\\/wp-content\\\/uploads\\\/2019\\\/10\\\/1940-3.jpg\",\"width\":963,\"height\":642},{\"@type\":\"BreadcrumbList\",\"@id\":\"https:\\\/\\\/canal7slp.tv\\\/2019\\\/segam-y-bwild-localizan-y-registran-fauna-en-sierra-de-san-miguelito\\\/#breadcrumb\",\"itemListElement\":[{\"@type\":\"ListItem\",\"position\":1,\"name\":\"Home\",\"item\":\"https:\\\/\\\/canal7slp.tv\\\/2019\\\/\"},{\"@type\":\"ListItem\",\"position\":2,\"name\":\"SEGAM y BWILD localizan y registran fauna en Sierra de San Miguelito\"}]},{\"@type\":\"WebSite\",\"@id\":\"https:\\\/\\\/canal7slp.tv\\\/2019\\\/#website\",\"url\":\"https:\\\/\\\/canal7slp.tv\\\/2019\\\/\",\"name\":\"Canal 7 SLP - Somos TV\",\"description\":\"Somos un Canal de 10\",\"publisher\":{\"@id\":\"https:\\\/\\\/canal7slp.tv\\\/2019\\\/#organization\"},\"potentialAction\":[{\"@type\":\"SearchAction\",\"target\":{\"@type\":\"EntryPoint\",\"urlTemplate\":\"https:\\\/\\\/canal7slp.tv\\\/2019\\\/?s={search_term_string}\"},\"query-input\":{\"@type\":\"PropertyValueSpecification\",\"valueRequired\":true,\"valueName\":\"search_term_string\"}}],\"inLanguage\":\"es\"},{\"@type\":\"Organization\",\"@id\":\"https:\\\/\\\/canal7slp.tv\\\/2019\\\/#organization\",\"name\":\"Comunicaci\u00f3n 2000 S.A. de C.V.\",\"url\":\"https:\\\/\\\/canal7slp.tv\\\/2019\\\/\",\"logo\":{\"@type\":\"ImageObject\",\"inLanguage\":\"es\",\"@id\":\"https:\\\/\\\/canal7slp.tv\\\/2019\\\/#\\\/schema\\\/logo\\\/image\\\/\",\"url\":\"https:\\\/\\\/canal7slp.tv\\\/2019\\\/wp-content\\\/uploads\\\/2019\\\/07\\\/logo-c7.png\",\"contentUrl\":\"https:\\\/\\\/canal7slp.tv\\\/2019\\\/wp-content\\\/uploads\\\/2019\\\/07\\\/logo-c7.png\",\"width\":220,\"height\":60,\"caption\":\"Comunicaci\u00f3n 2000 S.A. de C.V.\"},\"image\":{\"@id\":\"https:\\\/\\\/canal7slp.tv\\\/2019\\\/#\\\/schema\\\/logo\\\/image\\\/\"},\"sameAs\":[\"https:\\\/\\\/www.facebook.com\\\/CANAL7SLP\\\/\",\"https:\\\/\\\/x.com\\\/canal7_slp\",\"https:\\\/\\\/www.instagram.com\\\/canal7_slp\",\"https:\\\/\\\/www.youtube.com\\\/user\\\/NOTICIEROSCANAL7SLP\\\/\"]},{\"@type\":\"Person\",\"@id\":\"https:\\\/\\\/canal7slp.tv\\\/2019\\\/#\\\/schema\\\/person\\\/11d941c1c6ca30ac0a46b95fa37aa2e3\",\"name\":\"edicionweb\",\"image\":{\"@type\":\"ImageObject\",\"inLanguage\":\"es\",\"@id\":\"https:\\\/\\\/secure.gravatar.com\\\/avatar\\\/eee448fc3f7164808013b816ba91ac7e43bbe82a70bebac296f8bc6f0addaa1a?s=96&d=mm&r=g\",\"url\":\"https:\\\/\\\/secure.gravatar.com\\\/avatar\\\/eee448fc3f7164808013b816ba91ac7e43bbe82a70bebac296f8bc6f0addaa1a?s=96&d=mm&r=g\",\"contentUrl\":\"https:\\\/\\\/secure.gravatar.com\\\/avatar\\\/eee448fc3f7164808013b816ba91ac7e43bbe82a70bebac296f8bc6f0addaa1a?s=96&d=mm&r=g\",\"caption\":\"edicionweb\"}}]}<\/script>\n<!-- \/ Yoast SEO plugin. -->","yoast_head_json":{"title":"SEGAM y BWILD localizan y registran fauna en Sierra de San Miguelito - Canal 7 SLP - 2019","robots":{"index":"index","follow":"follow","max-snippet":"max-snippet:-1","max-image-preview":"max-image-preview:large","max-video-preview":"max-video-preview:-1"},"canonical":"https:\/\/canal7slp.tv\/2019\/segam-y-bwild-localizan-y-registran-fauna-en-sierra-de-san-miguelito\/","og_locale":"es_ES","og_type":"article","og_title":"SEGAM y BWILD localizan y registran fauna en Sierra de San Miguelito - Canal 7 SLP - 2019","og_description":"SLP.- Al dar a conocer los avances en estudios sobre la fauna en la sierra de San Miguelito, la Secretaria de Ecolog\u00eda y Gesti\u00f3n Ambiental, Yvette Salazar Torres, concluy\u00f3 un estudio realizado con la Organizaci\u00f3n para la Conservaci\u00f3n de Vida Salvaje A.C., BWild, sobre registro y localizaci\u00f3n de especies, en el que durante seis meses [&hellip;]","og_url":"https:\/\/canal7slp.tv\/2019\/segam-y-bwild-localizan-y-registran-fauna-en-sierra-de-san-miguelito\/","og_site_name":"Canal 7 SLP - 2019","article_publisher":"https:\/\/www.facebook.com\/CANAL7SLP\/","article_published_time":"2019-10-29T00:49:55+00:00","article_modified_time":"2019-10-29T00:53:04+00:00","og_image":[{"width":963,"height":642,"url":"https:\/\/canal7slp.tv\/2019\/wp-content\/uploads\/2019\/10\/1940-3.jpg","type":"image\/jpeg"}],"author":"edicionweb","twitter_card":"summary_large_image","twitter_creator":"@canal7_slp","twitter_site":"@canal7_slp","twitter_misc":{"Escrito por":"edicionweb","Tiempo de lectura":"3 minutos"},"schema":{"@context":"https:\/\/schema.org","@graph":[{"@type":"Article","@id":"https:\/\/canal7slp.tv\/2019\/segam-y-bwild-localizan-y-registran-fauna-en-sierra-de-san-miguelito\/#article","isPartOf":{"@id":"https:\/\/canal7slp.tv\/2019\/segam-y-bwild-localizan-y-registran-fauna-en-sierra-de-san-miguelito\/"},"author":{"name":"edicionweb","@id":"https:\/\/canal7slp.tv\/2019\/#\/schema\/person\/11d941c1c6ca30ac0a46b95fa37aa2e3"},"headline":"SEGAM y BWILD localizan y registran fauna en Sierra de San Miguelito","datePublished":"2019-10-29T00:49:55+00:00","dateModified":"2019-10-29T00:53:04+00:00","mainEntityOfPage":{"@id":"https:\/\/canal7slp.tv\/2019\/segam-y-bwild-localizan-y-registran-fauna-en-sierra-de-san-miguelito\/"},"wordCount":592,"commentCount":0,"publisher":{"@id":"https:\/\/canal7slp.tv\/2019\/#organization"},"image":{"@id":"https:\/\/canal7slp.tv\/2019\/segam-y-bwild-localizan-y-registran-fauna-en-sierra-de-san-miguelito\/#primaryimage"},"thumbnailUrl":"https:\/\/canal7slp.tv\/2019\/wp-content\/uploads\/2019\/10\/1940-3.jpg","keywords":["Gobierno SLP"],"articleSection":["LOCALES Y REGIONALES"],"inLanguage":"es","potentialAction":[{"@type":"CommentAction","name":"Comment","target":["https:\/\/canal7slp.tv\/2019\/segam-y-bwild-localizan-y-registran-fauna-en-sierra-de-san-miguelito\/#respond"]}]},{"@type":"WebPage","@id":"https:\/\/canal7slp.tv\/2019\/segam-y-bwild-localizan-y-registran-fauna-en-sierra-de-san-miguelito\/","url":"https:\/\/canal7slp.tv\/2019\/segam-y-bwild-localizan-y-registran-fauna-en-sierra-de-san-miguelito\/","name":"SEGAM y BWILD localizan y registran fauna en Sierra de San Miguelito - Canal 7 SLP - 2019","isPartOf":{"@id":"https:\/\/canal7slp.tv\/2019\/#website"},"primaryImageOfPage":{"@id":"https:\/\/canal7slp.tv\/2019\/segam-y-bwild-localizan-y-registran-fauna-en-sierra-de-san-miguelito\/#primaryimage"},"image":{"@id":"https:\/\/canal7slp.tv\/2019\/segam-y-bwild-localizan-y-registran-fauna-en-sierra-de-san-miguelito\/#primaryimage"},"thumbnailUrl":"https:\/\/canal7slp.tv\/2019\/wp-content\/uploads\/2019\/10\/1940-3.jpg","datePublished":"2019-10-29T00:49:55+00:00","dateModified":"2019-10-29T00:53:04+00:00","breadcrumb":{"@id":"https:\/\/canal7slp.tv\/2019\/segam-y-bwild-localizan-y-registran-fauna-en-sierra-de-san-miguelito\/#breadcrumb"},"inLanguage":"es","potentialAction":[{"@type":"ReadAction","target":["https:\/\/canal7slp.tv\/2019\/segam-y-bwild-localizan-y-registran-fauna-en-sierra-de-san-miguelito\/"]}]},{"@type":"ImageObject","inLanguage":"es","@id":"https:\/\/canal7slp.tv\/2019\/segam-y-bwild-localizan-y-registran-fauna-en-sierra-de-san-miguelito\/#primaryimage","url":"https:\/\/canal7slp.tv\/2019\/wp-content\/uploads\/2019\/10\/1940-3.jpg","contentUrl":"https:\/\/canal7slp.tv\/2019\/wp-content\/uploads\/2019\/10\/1940-3.jpg","width":963,"height":642},{"@type":"BreadcrumbList","@id":"https:\/\/canal7slp.tv\/2019\/segam-y-bwild-localizan-y-registran-fauna-en-sierra-de-san-miguelito\/#breadcrumb","itemListElement":[{"@type":"ListItem","position":1,"name":"Home","item":"https:\/\/canal7slp.tv\/2019\/"},{"@type":"ListItem","position":2,"name":"SEGAM y BWILD localizan y registran fauna en Sierra de San Miguelito"}]},{"@type":"WebSite","@id":"https:\/\/canal7slp.tv\/2019\/#website","url":"https:\/\/canal7slp.tv\/2019\/","name":"Canal 7 SLP - Somos TV","description":"Somos un Canal de 10","publisher":{"@id":"https:\/\/canal7slp.tv\/2019\/#organization"},"potentialAction":[{"@type":"SearchAction","target":{"@type":"EntryPoint","urlTemplate":"https:\/\/canal7slp.tv\/2019\/?s={search_term_string}"},"query-input":{"@type":"PropertyValueSpecification","valueRequired":true,"valueName":"search_term_string"}}],"inLanguage":"es"},{"@type":"Organization","@id":"https:\/\/canal7slp.tv\/2019\/#organization","name":"Comunicaci\u00f3n 2000 S.A. de C.V.","url":"https:\/\/canal7slp.tv\/2019\/","logo":{"@type":"ImageObject","inLanguage":"es","@id":"https:\/\/canal7slp.tv\/2019\/#\/schema\/logo\/image\/","url":"https:\/\/canal7slp.tv\/2019\/wp-content\/uploads\/2019\/07\/logo-c7.png","contentUrl":"https:\/\/canal7slp.tv\/2019\/wp-content\/uploads\/2019\/07\/logo-c7.png","width":220,"height":60,"caption":"Comunicaci\u00f3n 2000 S.A. de C.V."},"image":{"@id":"https:\/\/canal7slp.tv\/2019\/#\/schema\/logo\/image\/"},"sameAs":["https:\/\/www.facebook.com\/CANAL7SLP\/","https:\/\/x.com\/canal7_slp","https:\/\/www.instagram.com\/canal7_slp","https:\/\/www.youtube.com\/user\/NOTICIEROSCANAL7SLP\/"]},{"@type":"Person","@id":"https:\/\/canal7slp.tv\/2019\/#\/schema\/person\/11d941c1c6ca30ac0a46b95fa37aa2e3","name":"edicionweb","image":{"@type":"ImageObject","inLanguage":"es","@id":"https:\/\/secure.gravatar.com\/avatar\/eee448fc3f7164808013b816ba91ac7e43bbe82a70bebac296f8bc6f0addaa1a?s=96&d=mm&r=g","url":"https:\/\/secure.gravatar.com\/avatar\/eee448fc3f7164808013b816ba91ac7e43bbe82a70bebac296f8bc6f0addaa1a?s=96&d=mm&r=g","contentUrl":"https:\/\/secure.gravatar.com\/avatar\/eee448fc3f7164808013b816ba91ac7e43bbe82a70bebac296f8bc6f0addaa1a?s=96&d=mm&r=g","caption":"edicionweb"}}]}},"amp_enabled":true,"cmb2":{"video_ids_in_playlist":{"vid_p_videos":""},"video_ids_in_channel":{"vid_c_videos":""},"playlist_ids_in_channel":{"vid_c_playlists":""},"series_ids_in_channel":{"vid_c_series":""},"channel_images":{"vid_c_logo":"","vid_c_banner":""},"poster_feature_image":{"vid_m_poster_image":""},"gif_feature_image":{"vid_m_gif_image":""},"video_movie_settings":{"vid_m_director":"","vid_m_actor":"","vid_m_imdb_ratings":"","vid_m_amazon_associates":""},"vid_youtube_broadcasts_settings":{"vid_yb_broadcast_title":"","vid_yb_q":"","vid_yb_channelid":"","vid_yb_videocategoryid":"","vid_yb_maxresults":"","vid_yb_order":"","vid_yb_regioncode":"","vid_yb_videosyndicated":"","vid_yb_style":"","vid_yb_reload_first":""},"video_series_settings":{"vid_m_director":"","vid_m_actor":"","vid_m_imdb_ratings":"","video_series_group":""},"amazon_associates_settings":{"amazon_associates":"","amazon_native_ad":""},"vid_youtube_automatic_settings":{"vid_ya_youtube_source":"","vid_ya_update_every":"","vid_ya_update_unit":"","vid_ya_categories":"","vid_ya_published_after":"","vid_ya_published_before":"","vid_ya_playlists":"","vid_ya_channels":"","vid_ya_director":"","vid_ya_actor":"","vid_ya_author":"","vid_ya_import_post_date":"","vid_ya_status":"","vid_ya_sub_api_key":""},"vid_ads_m_videoads_settings_post":{"vid_ads_m_video_ads":"","vid_ads_m_video_ads_type":"","vid_ads_m_group_google_ima":"","vid_ads_m_group_image":"","vid_ads_m_group_html5_video":"","vid_ads_m_group_html":"","vid_ads_m_vast_preroll":"","vid_ads_m_vast_postroll":"","vid_ads_m_vast_pauseroll":"","vid_ads_m_vast_midroll":[{"vid_ads_m_vast_timer_seconds":"50"}],"vid_ads_m_time_to_show_ads":"","vid_ads_m_time_skip_ads":"","vid_ads_m_time_to_hide_ads":""},"page_slider_settings":{"display_slider_group":"","page_slider_group":""},"blog_page_settings":{"blog_page_title":"","blog_page_heading":"","blog_page_ic":"","blog_page_it":"","blog_page_ec":"","blog_page_ip":"","archive_loop_style":"","blog_image_ratio":"","blog_show_categories":"","blog_show_excerpt":"","blog_show_author":"","blog_show_date":"","blog_show_comment_count":"","blog_show_view_count":"","blog_show_like_count":"","blog_show_dislike_count":"","blog_items_per_page":"","blog_pag_type":""},"page_options":{"get_page_template":"","color_mode":"","main_layout":"","main_layout_full_with":"","main_logo":"","main_logo_retina":"","main_logo_mobile":"","main_logo_mobile_retina":"","sticky_logo":"","sticky_logo_retina":"","main_nav_layout":"","ajax_search":"","header_background":"","theme_sidebar":"","instagram_feed":"","instagram_feed_position":"","popular_videos":"","popular_videos_title_1":"","popular_videos_title_2":"","popular_videos_ic":"","popular_videos_it":"","theme_background":"","page_custom_css":""},"feature_image_settings":{"feature_image_position":""},"video_player_settings":{"single_video_style":"","video_player_position":"","vm_video_url":"","video_player_library":"","video_streaming":"","vm_media_sources":"","vid_auto_play":"","vm_video_shortcode":"","vid_p_sync_playlist":"","vid_c_sync_channel":"","get_post_format":"","multiple_links_structure":"default","multi_links_title":"","vm_video_multi_links":"","vm_duration":"","vid_social_locker":"off","vid_social_locker_id":"","vid_membership_action":"content-video","vm_video_trailer_url":"","vid_download_type":"free","vid_download_target":"download","vid_woo_product":"","vm_media_download":"","user_rating":"","user_rating_position":"","user_rating_mode":"","user_rating_multi_sets":""},"video_auto_fetch_settings":{"vm_video_fetch":"on"},"video_fake_views_likes":{"vm_fake_views":"","vm_fake_likes":"","vm_fake_dislikes":""},"gallery_settings":{"gallery_position":""},"quote_settings":{"quote_position":""},"post_options":{"main_layout":"","main_logo":"","main_logo_retina":"","main_logo_mobile":"","main_logo_mobile_retina":"","sticky_logo":"","sticky_logo_retina":"","main_nav_layout":"","header_background":"","theme_sidebar":"","single_post_comment_type":"","theme_background":""}},"_links":{"self":[{"href":"https:\/\/canal7slp.tv\/2019\/wp-json\/wp\/v2\/posts\/78106","targetHints":{"allow":["GET"]}}],"collection":[{"href":"https:\/\/canal7slp.tv\/2019\/wp-json\/wp\/v2\/posts"}],"about":[{"href":"https:\/\/canal7slp.tv\/2019\/wp-json\/wp\/v2\/types\/post"}],"author":[{"embeddable":true,"href":"https:\/\/canal7slp.tv\/2019\/wp-json\/wp\/v2\/users\/2"}],"replies":[{"embeddable":true,"href":"https:\/\/canal7slp.tv\/2019\/wp-json\/wp\/v2\/comments?post=78106"}],"version-history":[{"count":0,"href":"https:\/\/canal7slp.tv\/2019\/wp-json\/wp\/v2\/posts\/78106\/revisions"}],"wp:featuredmedia":[{"embeddable":true,"href":"https:\/\/canal7slp.tv\/2019\/wp-json\/wp\/v2\/media\/78107"}],"wp:attachment":[{"href":"https:\/\/canal7slp.tv\/2019\/wp-json\/wp\/v2\/media?parent=78106"}],"wp:term":[{"taxonomy":"category","embeddable":true,"href":"https:\/\/canal7slp.tv\/2019\/wp-json\/wp\/v2\/categories?post=78106"},{"taxonomy":"post_tag","embeddable":true,"href":"https:\/\/canal7slp.tv\/2019\/wp-json\/wp\/v2\/tags?post=78106"}],"curies":[{"name":"wp","href":"https:\/\/api.w.org\/{rel}","templated":true}]}}