{"id":76976,"date":"2019-10-23T14:23:48","date_gmt":"2019-10-23T19:23:48","guid":{"rendered":"https:\/\/canal7slp.tv\/2019\/?p=76976"},"modified":"2019-10-23T14:24:11","modified_gmt":"2019-10-23T19:24:11","slug":"willem-dafoe-emocionado-por-trabajar-con-guillermo-del-toro","status":"publish","type":"post","link":"https:\/\/canal7slp.tv\/2019\/willem-dafoe-emocionado-por-trabajar-con-guillermo-del-toro\/","title":{"rendered":"Willem Dafoe, emocionado por trabajar con Guillermo del Toro"},"content":{"rendered":"<ul>\n<li style=\"text-align: justify\">El equipo de producci\u00f3n iniciar\u00e1n a filmar &#8220;Nightmare Alley&#8221; en marzo de 2020<\/li>\n<\/ul>\n<p style=\"text-align: justify\">EUA.- El actor estadunidense Willem Dafoe confirm\u00f3 que a partir de marzo de 2020 har\u00e1 mancuerna con el cineasta mexicano Guillermo del Toro, a trav\u00e9s de la pel\u00edcula &#8220;Nightmare Alley&#8221;.<\/p>\n<p style=\"text-align: justify\">&#8220;Estoy muy emocionado por este proyecto que comenzaremos a filmar en marzo. Por ahora est\u00e1 en preparaci\u00f3n y no puedo decir m\u00e1s. El acuerdo para trabajar con \u00e9l es ese, as\u00ed que no puedo decir m\u00e1s de lo que ya se sabe pero estoy muy emocionado&#8221;, expres\u00f3 Willem Dafoe.<\/p>\n<p style=\"text-align: justify\">Dafoe, quien es uno de los invitados de honor de la 17 edici\u00f3n del Festival Internacional de Cine de Morelia (FICM), compartir\u00e1 cr\u00e9ditos con Bradley Cooper, Cate Blanchett y Rooney Mara.<\/p>\n<p style=\"text-align: justify\">El nominado al Oscar por &#8220;En la puerta de la eternidad&#8221; interpretar\u00e1 al jefe de una feria ambulante, que da trabajo a &#8220;Stanton &#8216;Stan&#8217; Carlisle&#8221;, el personaje de Bradley Cooper, a quien lo llevara a un mundo de gran espect\u00e1culo y la estafa.<\/p>\n<p style=\"text-align: justify\">Durante su paso por la alfombra roja, Dafoe, quien firm\u00f3 aut\u00f3grafos a sus fans, los salud\u00f3 de mano, brome\u00f3 con ellos y concedi\u00f3 selfies, dijo que le encantan muchas de las pel\u00edculas de Guillermo del Toro, &#8220;pero por muchos a\u00f1os, mi favorita fue `El espinazo del diablo\u00b4&#8221;.<\/p>\n<p style=\"text-align: justify\">La visita del actor tambi\u00e9n se debe a la promoci\u00f3n de &#8220;The lighthouse&#8221;, una pel\u00edcula filmada en blanco y negro de horror psicol\u00f3gico, bajo la direcci\u00f3n de Robert Eggers (&#8220;The witch&#8221;).<\/p>\n<p style=\"text-align: justify\">La historia se centra en dos cuidadores de faros o fareros, quienes luchar\u00e1n contra la soledad y sus peores temores en la isla de Nueva Inglaterra en la d\u00e9cada de 1890.<\/p>\n<p style=\"text-align: justify\">&#8220;Cuando vi la primera pel\u00edcula de Eggers, que fue `The wich\u00b4 (&#8216;La bruja&#8217;), dije: &#8216;aqu\u00ed hay un buen cineasta\u00b4&#8221;. Ped\u00ed reunirme con \u00e9l y nos llevamos muy bien. Tenemos mentes similares y tiene la edad de mi hijo. No sent\u00ed esa edad, pero s\u00ed su energ\u00eda y pasi\u00f3n, percib\u00ed la conexi\u00f3n que ten\u00eda con el pasado&#8221;.<\/p>\n<p style=\"text-align: justify\">Dijo que le gust\u00f3 el hecho de que hace<\/p>\n<p style=\"text-align: justify\">investigaci\u00f3n y siente que puede expresar su experiencia a trav\u00e9s de historias que est\u00e1n colocadas en el pasado.<\/p>\n<p style=\"text-align: justify\">Se rod\u00f3 en blanco y negro porque, dice, es la \u00fanica forma en que pod\u00eda realizarse, pues tiene que ver con el aspecto y la proporci\u00f3n.<\/p>\n<p style=\"text-align: justify\">Con respecto al lenguaje indic\u00f3 que es rico, pero tambi\u00e9n raro. &#8220;Tiene un lenguaje elevado y po\u00e9tico en el cine. A veces creo que el naturalismo sirve como un incentivo&#8221;.<\/p>\n<p style=\"text-align: justify\">Record\u00f3 que al estar rodando &#8220;The lighthouse&#8221; se descompusieron las c\u00e1maras porque hac\u00eda mucho fr\u00edo y humedad. &#8220;Ese clima te empuja y te hace feroz, y eso es lo que uno aplica a lo que hace. El clima es un personaje enorme en la pel\u00edcula&#8221;.<\/p>\n<p><iframe title=\"The Lighthouse | Official Trailer HD | A24\" width=\"640\" height=\"360\" src=\"https:\/\/www.youtube.com\/embed\/Hyag7lR8CPA?feature=oembed\" frameborder=\"0\" allow=\"accelerometer; autoplay; clipboard-write; encrypted-media; gyroscope; picture-in-picture; web-share\" referrerpolicy=\"strict-origin-when-cross-origin\" allowfullscreen><\/iframe><\/p>\n<p style=\"text-align: justify\">En lo referente a los ensayos previ\u00f3 a la realizaci\u00f3n, coment\u00f3 que cada vez son menos los actores que ensayan sus escenas. A veces \u00e9l no lo necesita porque los elementos ya est\u00e1n puestos, pero debido a ciertos lenguajes ambiciosos, hay que hacerlo.<\/p>\n<p style=\"text-align: justify\">&#8220;Ten\u00edamos que estar bien preparados, as\u00ed que ensayamos cinco d\u00edas. Regularmente se ensaya para la comodidad del actor, para que sepa c\u00f3mo es, pero ac\u00e1 ocurri\u00f3 para saber c\u00f3mo iba funcionar en la c\u00e1mara.<\/p>\n<p style=\"text-align: justify\">Cuando uno habla de actuaci\u00f3n habla de claridad, porque ah\u00ed vemos al ser humano y su emoci\u00f3n, a veces todo lo dem\u00e1s estorba.<\/p>\n<p style=\"text-align: justify\">&#8220;Ac\u00e1 tenemos una pel\u00edcula de \u00e9poca, con muchas cosas, pero la claridad de la preparaci\u00f3n es lo que toma todo lo que hacemos y lo afina&#8221;, resalt\u00f3 el artista que hace dos a\u00f1os tambi\u00e9n vino al Festival de Morelia.<\/p>\n<p style=\"text-align: justify\">Willem Dafoe platic\u00f3 que \u00e9l no elige a los personajes, s\u00f3lo escoge las situaciones y a la gente. &#8220;Uno no conoce el personaje hasta que lo act\u00faa. A veces uno lo act\u00faa y al final no sabemos bien qui\u00e9n es&#8221;.<\/p>\n<p style=\"text-align: justify\">&#8220;Es como la vida, podemos morir sin saber qui\u00e9n es uno. Se trata de llegar a un sitio que no conocemos. Me apego a la visi\u00f3n de una persona y les ayudo a acercarse, mientras yo me alejo de m\u00ed mismo.<\/p>\n<p style=\"text-align: justify\">&#8220;Cuando uno entiende el punto de vista de alguien m\u00e1s es cuando uno es mejor. Es como enamorarse del que cuida del otro. Ac\u00e1 es lo que se hace, se explora a trav\u00e9s de otro, y me refiero al equipo y el director, porque uno se convierte en la criatura de ellos, pero uno mismo tambi\u00e9n construye al personaje&#8221;.<\/p>\n<p style=\"text-align: justify\">El actor de filmes como &#8220;Nacido el 4 de julio&#8221;, &#8220;La \u00faltima tentaci\u00f3n de Cristo&#8221;, &#8220;El paciente ingl\u00e9s&#8221; y &#8220;Spider-Man&#8221;, entre otros, confes\u00f3 que a veces le preguntan si no tiene nada qu\u00e9 decir para aportar, pero \u00e9l responde que aquello que da es su concentraci\u00f3n.<\/p>\n<p style=\"text-align: justify\">Durante una charla que ofreci\u00f3 al p\u00fablico en el el Teatro &#8220;Rub\u00e9n Romero&#8221;, el astro de Hollywood, de 64 a\u00f1os, habl\u00f3 un poco de su pasado. Dijo que se form\u00f3 en Nueva York y que ten\u00eda una compa\u00f1\u00eda que todav\u00eda existe pero que ha cambiado.<\/p>\n<p style=\"text-align: justify\">&#8220;En aquel momento yo era el m\u00e1s joven del grupo. De ellos quedan s\u00f3lo dos personas. Ah\u00ed aprend\u00ed muchas cosas, mucho de ello no ten\u00eda qu\u00e9 ver con el teatro tradicional, no ten\u00eda que ver con literatura o escenograf\u00eda, era m\u00e1s bien un punto de reunion de poetas, pintores y bailarines.<\/p>\n<p style=\"text-align: justify\">&#8220;No nos interesaba tener un oficio sino hacer cosas. Mi proceso es m\u00e1s de un bailar\u00edn que de un actor porque uno se entrena para usar su f\u00edsico en favor de una obra y eso ayuda&#8221;, concluy\u00f3.<\/p>\n","protected":false},"excerpt":{"rendered":"<p>El equipo de producci\u00f3n iniciar\u00e1n a filmar &#8220;Nightmare Alley&#8221; en marzo de 2020 EUA.- El actor estadunidense Willem Dafoe confirm\u00f3 que a partir de marzo de 2020 har\u00e1 mancuerna con el cineasta mexicano Guillermo del Toro, a trav\u00e9s de la pel\u00edcula &#8220;Nightmare Alley&#8221;. &#8220;Estoy muy emocionado por este proyecto que comenzaremos a filmar en marzo. [&hellip;]<\/p>\n","protected":false},"author":2,"featured_media":76977,"comment_status":"open","ping_status":"open","sticky":false,"template":"","format":"standard","meta":{"footnotes":""},"categories":[24],"tags":[],"class_list":["post-76976","post","type-post","status-publish","format-standard","has-post-thumbnail","hentry","category-espectaculos"],"yoast_head":"<!-- This site is optimized with the Yoast SEO plugin v27.4 - https:\/\/yoast.com\/product\/yoast-seo-wordpress\/ -->\n<title>Willem Dafoe, emocionado por trabajar con Guillermo del Toro - Canal 7 SLP - 2019<\/title>\n<meta name=\"robots\" content=\"index, follow, max-snippet:-1, max-image-preview:large, max-video-preview:-1\" \/>\n<link rel=\"canonical\" href=\"https:\/\/canal7slp.tv\/2019\/willem-dafoe-emocionado-por-trabajar-con-guillermo-del-toro\/\" \/>\n<meta property=\"og:locale\" content=\"es_ES\" \/>\n<meta property=\"og:type\" content=\"article\" \/>\n<meta property=\"og:title\" content=\"Willem Dafoe, emocionado por trabajar con Guillermo del Toro - Canal 7 SLP - 2019\" \/>\n<meta property=\"og:description\" content=\"El equipo de producci\u00f3n iniciar\u00e1n a filmar &#8220;Nightmare Alley&#8221; en marzo de 2020 EUA.- El actor estadunidense Willem Dafoe confirm\u00f3 que a partir de marzo de 2020 har\u00e1 mancuerna con el cineasta mexicano Guillermo del Toro, a trav\u00e9s de la pel\u00edcula &#8220;Nightmare Alley&#8221;. &#8220;Estoy muy emocionado por este proyecto que comenzaremos a filmar en marzo. [&hellip;]\" \/>\n<meta property=\"og:url\" content=\"https:\/\/canal7slp.tv\/2019\/willem-dafoe-emocionado-por-trabajar-con-guillermo-del-toro\/\" \/>\n<meta property=\"og:site_name\" content=\"Canal 7 SLP - 2019\" \/>\n<meta property=\"article:publisher\" content=\"https:\/\/www.facebook.com\/CANAL7SLP\/\" \/>\n<meta property=\"article:published_time\" content=\"2019-10-23T19:23:48+00:00\" \/>\n<meta property=\"article:modified_time\" content=\"2019-10-23T19:24:11+00:00\" \/>\n<meta property=\"og:image\" content=\"https:\/\/canal7slp.tv\/2019\/wp-content\/uploads\/2019\/10\/1440-16.jpg\" \/>\n\t<meta property=\"og:image:width\" content=\"770\" \/>\n\t<meta property=\"og:image:height\" content=\"485\" \/>\n\t<meta property=\"og:image:type\" content=\"image\/jpeg\" \/>\n<meta name=\"author\" content=\"edicionweb\" \/>\n<meta name=\"twitter:card\" content=\"summary_large_image\" \/>\n<meta name=\"twitter:creator\" content=\"@canal7_slp\" \/>\n<meta name=\"twitter:site\" content=\"@canal7_slp\" \/>\n<meta name=\"twitter:label1\" content=\"Escrito por\" \/>\n\t<meta name=\"twitter:data1\" content=\"edicionweb\" \/>\n\t<meta name=\"twitter:label2\" content=\"Tiempo de lectura\" \/>\n\t<meta name=\"twitter:data2\" content=\"5 minutos\" \/>\n<script type=\"application\/ld+json\" class=\"yoast-schema-graph\">{\"@context\":\"https:\\\/\\\/schema.org\",\"@graph\":[{\"@type\":\"Article\",\"@id\":\"https:\\\/\\\/canal7slp.tv\\\/2019\\\/willem-dafoe-emocionado-por-trabajar-con-guillermo-del-toro\\\/#article\",\"isPartOf\":{\"@id\":\"https:\\\/\\\/canal7slp.tv\\\/2019\\\/willem-dafoe-emocionado-por-trabajar-con-guillermo-del-toro\\\/\"},\"author\":{\"name\":\"edicionweb\",\"@id\":\"https:\\\/\\\/canal7slp.tv\\\/2019\\\/#\\\/schema\\\/person\\\/11d941c1c6ca30ac0a46b95fa37aa2e3\"},\"headline\":\"Willem Dafoe, emocionado por trabajar con Guillermo del Toro\",\"datePublished\":\"2019-10-23T19:23:48+00:00\",\"dateModified\":\"2019-10-23T19:24:11+00:00\",\"mainEntityOfPage\":{\"@id\":\"https:\\\/\\\/canal7slp.tv\\\/2019\\\/willem-dafoe-emocionado-por-trabajar-con-guillermo-del-toro\\\/\"},\"wordCount\":1004,\"commentCount\":0,\"publisher\":{\"@id\":\"https:\\\/\\\/canal7slp.tv\\\/2019\\\/#organization\"},\"image\":{\"@id\":\"https:\\\/\\\/canal7slp.tv\\\/2019\\\/willem-dafoe-emocionado-por-trabajar-con-guillermo-del-toro\\\/#primaryimage\"},\"thumbnailUrl\":\"https:\\\/\\\/canal7slp.tv\\\/2019\\\/wp-content\\\/uploads\\\/2019\\\/10\\\/1440-16.jpg\",\"articleSection\":[\"ESPECTACULOS\"],\"inLanguage\":\"es\",\"potentialAction\":[{\"@type\":\"CommentAction\",\"name\":\"Comment\",\"target\":[\"https:\\\/\\\/canal7slp.tv\\\/2019\\\/willem-dafoe-emocionado-por-trabajar-con-guillermo-del-toro\\\/#respond\"]}]},{\"@type\":\"WebPage\",\"@id\":\"https:\\\/\\\/canal7slp.tv\\\/2019\\\/willem-dafoe-emocionado-por-trabajar-con-guillermo-del-toro\\\/\",\"url\":\"https:\\\/\\\/canal7slp.tv\\\/2019\\\/willem-dafoe-emocionado-por-trabajar-con-guillermo-del-toro\\\/\",\"name\":\"Willem Dafoe, emocionado por trabajar con Guillermo del Toro - Canal 7 SLP - 2019\",\"isPartOf\":{\"@id\":\"https:\\\/\\\/canal7slp.tv\\\/2019\\\/#website\"},\"primaryImageOfPage\":{\"@id\":\"https:\\\/\\\/canal7slp.tv\\\/2019\\\/willem-dafoe-emocionado-por-trabajar-con-guillermo-del-toro\\\/#primaryimage\"},\"image\":{\"@id\":\"https:\\\/\\\/canal7slp.tv\\\/2019\\\/willem-dafoe-emocionado-por-trabajar-con-guillermo-del-toro\\\/#primaryimage\"},\"thumbnailUrl\":\"https:\\\/\\\/canal7slp.tv\\\/2019\\\/wp-content\\\/uploads\\\/2019\\\/10\\\/1440-16.jpg\",\"datePublished\":\"2019-10-23T19:23:48+00:00\",\"dateModified\":\"2019-10-23T19:24:11+00:00\",\"breadcrumb\":{\"@id\":\"https:\\\/\\\/canal7slp.tv\\\/2019\\\/willem-dafoe-emocionado-por-trabajar-con-guillermo-del-toro\\\/#breadcrumb\"},\"inLanguage\":\"es\",\"potentialAction\":[{\"@type\":\"ReadAction\",\"target\":[\"https:\\\/\\\/canal7slp.tv\\\/2019\\\/willem-dafoe-emocionado-por-trabajar-con-guillermo-del-toro\\\/\"]}]},{\"@type\":\"ImageObject\",\"inLanguage\":\"es\",\"@id\":\"https:\\\/\\\/canal7slp.tv\\\/2019\\\/willem-dafoe-emocionado-por-trabajar-con-guillermo-del-toro\\\/#primaryimage\",\"url\":\"https:\\\/\\\/canal7slp.tv\\\/2019\\\/wp-content\\\/uploads\\\/2019\\\/10\\\/1440-16.jpg\",\"contentUrl\":\"https:\\\/\\\/canal7slp.tv\\\/2019\\\/wp-content\\\/uploads\\\/2019\\\/10\\\/1440-16.jpg\",\"width\":770,\"height\":485},{\"@type\":\"BreadcrumbList\",\"@id\":\"https:\\\/\\\/canal7slp.tv\\\/2019\\\/willem-dafoe-emocionado-por-trabajar-con-guillermo-del-toro\\\/#breadcrumb\",\"itemListElement\":[{\"@type\":\"ListItem\",\"position\":1,\"name\":\"Home\",\"item\":\"https:\\\/\\\/canal7slp.tv\\\/2019\\\/\"},{\"@type\":\"ListItem\",\"position\":2,\"name\":\"Willem Dafoe, emocionado por trabajar con Guillermo del Toro\"}]},{\"@type\":\"WebSite\",\"@id\":\"https:\\\/\\\/canal7slp.tv\\\/2019\\\/#website\",\"url\":\"https:\\\/\\\/canal7slp.tv\\\/2019\\\/\",\"name\":\"Canal 7 SLP - Somos TV\",\"description\":\"Somos un Canal de 10\",\"publisher\":{\"@id\":\"https:\\\/\\\/canal7slp.tv\\\/2019\\\/#organization\"},\"potentialAction\":[{\"@type\":\"SearchAction\",\"target\":{\"@type\":\"EntryPoint\",\"urlTemplate\":\"https:\\\/\\\/canal7slp.tv\\\/2019\\\/?s={search_term_string}\"},\"query-input\":{\"@type\":\"PropertyValueSpecification\",\"valueRequired\":true,\"valueName\":\"search_term_string\"}}],\"inLanguage\":\"es\"},{\"@type\":\"Organization\",\"@id\":\"https:\\\/\\\/canal7slp.tv\\\/2019\\\/#organization\",\"name\":\"Comunicaci\u00f3n 2000 S.A. de C.V.\",\"url\":\"https:\\\/\\\/canal7slp.tv\\\/2019\\\/\",\"logo\":{\"@type\":\"ImageObject\",\"inLanguage\":\"es\",\"@id\":\"https:\\\/\\\/canal7slp.tv\\\/2019\\\/#\\\/schema\\\/logo\\\/image\\\/\",\"url\":\"https:\\\/\\\/canal7slp.tv\\\/2019\\\/wp-content\\\/uploads\\\/2019\\\/07\\\/logo-c7.png\",\"contentUrl\":\"https:\\\/\\\/canal7slp.tv\\\/2019\\\/wp-content\\\/uploads\\\/2019\\\/07\\\/logo-c7.png\",\"width\":220,\"height\":60,\"caption\":\"Comunicaci\u00f3n 2000 S.A. de C.V.\"},\"image\":{\"@id\":\"https:\\\/\\\/canal7slp.tv\\\/2019\\\/#\\\/schema\\\/logo\\\/image\\\/\"},\"sameAs\":[\"https:\\\/\\\/www.facebook.com\\\/CANAL7SLP\\\/\",\"https:\\\/\\\/x.com\\\/canal7_slp\",\"https:\\\/\\\/www.instagram.com\\\/canal7_slp\",\"https:\\\/\\\/www.youtube.com\\\/user\\\/NOTICIEROSCANAL7SLP\\\/\"]},{\"@type\":\"Person\",\"@id\":\"https:\\\/\\\/canal7slp.tv\\\/2019\\\/#\\\/schema\\\/person\\\/11d941c1c6ca30ac0a46b95fa37aa2e3\",\"name\":\"edicionweb\",\"image\":{\"@type\":\"ImageObject\",\"inLanguage\":\"es\",\"@id\":\"https:\\\/\\\/secure.gravatar.com\\\/avatar\\\/eee448fc3f7164808013b816ba91ac7e43bbe82a70bebac296f8bc6f0addaa1a?s=96&d=mm&r=g\",\"url\":\"https:\\\/\\\/secure.gravatar.com\\\/avatar\\\/eee448fc3f7164808013b816ba91ac7e43bbe82a70bebac296f8bc6f0addaa1a?s=96&d=mm&r=g\",\"contentUrl\":\"https:\\\/\\\/secure.gravatar.com\\\/avatar\\\/eee448fc3f7164808013b816ba91ac7e43bbe82a70bebac296f8bc6f0addaa1a?s=96&d=mm&r=g\",\"caption\":\"edicionweb\"}}]}<\/script>\n<!-- \/ Yoast SEO plugin. -->","yoast_head_json":{"title":"Willem Dafoe, emocionado por trabajar con Guillermo del Toro - Canal 7 SLP - 2019","robots":{"index":"index","follow":"follow","max-snippet":"max-snippet:-1","max-image-preview":"max-image-preview:large","max-video-preview":"max-video-preview:-1"},"canonical":"https:\/\/canal7slp.tv\/2019\/willem-dafoe-emocionado-por-trabajar-con-guillermo-del-toro\/","og_locale":"es_ES","og_type":"article","og_title":"Willem Dafoe, emocionado por trabajar con Guillermo del Toro - Canal 7 SLP - 2019","og_description":"El equipo de producci\u00f3n iniciar\u00e1n a filmar &#8220;Nightmare Alley&#8221; en marzo de 2020 EUA.- El actor estadunidense Willem Dafoe confirm\u00f3 que a partir de marzo de 2020 har\u00e1 mancuerna con el cineasta mexicano Guillermo del Toro, a trav\u00e9s de la pel\u00edcula &#8220;Nightmare Alley&#8221;. &#8220;Estoy muy emocionado por este proyecto que comenzaremos a filmar en marzo. [&hellip;]","og_url":"https:\/\/canal7slp.tv\/2019\/willem-dafoe-emocionado-por-trabajar-con-guillermo-del-toro\/","og_site_name":"Canal 7 SLP - 2019","article_publisher":"https:\/\/www.facebook.com\/CANAL7SLP\/","article_published_time":"2019-10-23T19:23:48+00:00","article_modified_time":"2019-10-23T19:24:11+00:00","og_image":[{"width":770,"height":485,"url":"https:\/\/canal7slp.tv\/2019\/wp-content\/uploads\/2019\/10\/1440-16.jpg","type":"image\/jpeg"}],"author":"edicionweb","twitter_card":"summary_large_image","twitter_creator":"@canal7_slp","twitter_site":"@canal7_slp","twitter_misc":{"Escrito por":"edicionweb","Tiempo de lectura":"5 minutos"},"schema":{"@context":"https:\/\/schema.org","@graph":[{"@type":"Article","@id":"https:\/\/canal7slp.tv\/2019\/willem-dafoe-emocionado-por-trabajar-con-guillermo-del-toro\/#article","isPartOf":{"@id":"https:\/\/canal7slp.tv\/2019\/willem-dafoe-emocionado-por-trabajar-con-guillermo-del-toro\/"},"author":{"name":"edicionweb","@id":"https:\/\/canal7slp.tv\/2019\/#\/schema\/person\/11d941c1c6ca30ac0a46b95fa37aa2e3"},"headline":"Willem Dafoe, emocionado por trabajar con Guillermo del Toro","datePublished":"2019-10-23T19:23:48+00:00","dateModified":"2019-10-23T19:24:11+00:00","mainEntityOfPage":{"@id":"https:\/\/canal7slp.tv\/2019\/willem-dafoe-emocionado-por-trabajar-con-guillermo-del-toro\/"},"wordCount":1004,"commentCount":0,"publisher":{"@id":"https:\/\/canal7slp.tv\/2019\/#organization"},"image":{"@id":"https:\/\/canal7slp.tv\/2019\/willem-dafoe-emocionado-por-trabajar-con-guillermo-del-toro\/#primaryimage"},"thumbnailUrl":"https:\/\/canal7slp.tv\/2019\/wp-content\/uploads\/2019\/10\/1440-16.jpg","articleSection":["ESPECTACULOS"],"inLanguage":"es","potentialAction":[{"@type":"CommentAction","name":"Comment","target":["https:\/\/canal7slp.tv\/2019\/willem-dafoe-emocionado-por-trabajar-con-guillermo-del-toro\/#respond"]}]},{"@type":"WebPage","@id":"https:\/\/canal7slp.tv\/2019\/willem-dafoe-emocionado-por-trabajar-con-guillermo-del-toro\/","url":"https:\/\/canal7slp.tv\/2019\/willem-dafoe-emocionado-por-trabajar-con-guillermo-del-toro\/","name":"Willem Dafoe, emocionado por trabajar con Guillermo del Toro - Canal 7 SLP - 2019","isPartOf":{"@id":"https:\/\/canal7slp.tv\/2019\/#website"},"primaryImageOfPage":{"@id":"https:\/\/canal7slp.tv\/2019\/willem-dafoe-emocionado-por-trabajar-con-guillermo-del-toro\/#primaryimage"},"image":{"@id":"https:\/\/canal7slp.tv\/2019\/willem-dafoe-emocionado-por-trabajar-con-guillermo-del-toro\/#primaryimage"},"thumbnailUrl":"https:\/\/canal7slp.tv\/2019\/wp-content\/uploads\/2019\/10\/1440-16.jpg","datePublished":"2019-10-23T19:23:48+00:00","dateModified":"2019-10-23T19:24:11+00:00","breadcrumb":{"@id":"https:\/\/canal7slp.tv\/2019\/willem-dafoe-emocionado-por-trabajar-con-guillermo-del-toro\/#breadcrumb"},"inLanguage":"es","potentialAction":[{"@type":"ReadAction","target":["https:\/\/canal7slp.tv\/2019\/willem-dafoe-emocionado-por-trabajar-con-guillermo-del-toro\/"]}]},{"@type":"ImageObject","inLanguage":"es","@id":"https:\/\/canal7slp.tv\/2019\/willem-dafoe-emocionado-por-trabajar-con-guillermo-del-toro\/#primaryimage","url":"https:\/\/canal7slp.tv\/2019\/wp-content\/uploads\/2019\/10\/1440-16.jpg","contentUrl":"https:\/\/canal7slp.tv\/2019\/wp-content\/uploads\/2019\/10\/1440-16.jpg","width":770,"height":485},{"@type":"BreadcrumbList","@id":"https:\/\/canal7slp.tv\/2019\/willem-dafoe-emocionado-por-trabajar-con-guillermo-del-toro\/#breadcrumb","itemListElement":[{"@type":"ListItem","position":1,"name":"Home","item":"https:\/\/canal7slp.tv\/2019\/"},{"@type":"ListItem","position":2,"name":"Willem Dafoe, emocionado por trabajar con Guillermo del Toro"}]},{"@type":"WebSite","@id":"https:\/\/canal7slp.tv\/2019\/#website","url":"https:\/\/canal7slp.tv\/2019\/","name":"Canal 7 SLP - Somos TV","description":"Somos un Canal de 10","publisher":{"@id":"https:\/\/canal7slp.tv\/2019\/#organization"},"potentialAction":[{"@type":"SearchAction","target":{"@type":"EntryPoint","urlTemplate":"https:\/\/canal7slp.tv\/2019\/?s={search_term_string}"},"query-input":{"@type":"PropertyValueSpecification","valueRequired":true,"valueName":"search_term_string"}}],"inLanguage":"es"},{"@type":"Organization","@id":"https:\/\/canal7slp.tv\/2019\/#organization","name":"Comunicaci\u00f3n 2000 S.A. de C.V.","url":"https:\/\/canal7slp.tv\/2019\/","logo":{"@type":"ImageObject","inLanguage":"es","@id":"https:\/\/canal7slp.tv\/2019\/#\/schema\/logo\/image\/","url":"https:\/\/canal7slp.tv\/2019\/wp-content\/uploads\/2019\/07\/logo-c7.png","contentUrl":"https:\/\/canal7slp.tv\/2019\/wp-content\/uploads\/2019\/07\/logo-c7.png","width":220,"height":60,"caption":"Comunicaci\u00f3n 2000 S.A. de C.V."},"image":{"@id":"https:\/\/canal7slp.tv\/2019\/#\/schema\/logo\/image\/"},"sameAs":["https:\/\/www.facebook.com\/CANAL7SLP\/","https:\/\/x.com\/canal7_slp","https:\/\/www.instagram.com\/canal7_slp","https:\/\/www.youtube.com\/user\/NOTICIEROSCANAL7SLP\/"]},{"@type":"Person","@id":"https:\/\/canal7slp.tv\/2019\/#\/schema\/person\/11d941c1c6ca30ac0a46b95fa37aa2e3","name":"edicionweb","image":{"@type":"ImageObject","inLanguage":"es","@id":"https:\/\/secure.gravatar.com\/avatar\/eee448fc3f7164808013b816ba91ac7e43bbe82a70bebac296f8bc6f0addaa1a?s=96&d=mm&r=g","url":"https:\/\/secure.gravatar.com\/avatar\/eee448fc3f7164808013b816ba91ac7e43bbe82a70bebac296f8bc6f0addaa1a?s=96&d=mm&r=g","contentUrl":"https:\/\/secure.gravatar.com\/avatar\/eee448fc3f7164808013b816ba91ac7e43bbe82a70bebac296f8bc6f0addaa1a?s=96&d=mm&r=g","caption":"edicionweb"}}]}},"amp_enabled":true,"cmb2":{"video_ids_in_playlist":{"vid_p_videos":""},"video_ids_in_channel":{"vid_c_videos":""},"playlist_ids_in_channel":{"vid_c_playlists":""},"series_ids_in_channel":{"vid_c_series":""},"channel_images":{"vid_c_logo":"","vid_c_banner":""},"poster_feature_image":{"vid_m_poster_image":""},"gif_feature_image":{"vid_m_gif_image":""},"video_movie_settings":{"vid_m_director":"","vid_m_actor":"","vid_m_imdb_ratings":"","vid_m_amazon_associates":""},"vid_youtube_broadcasts_settings":{"vid_yb_broadcast_title":"","vid_yb_q":"","vid_yb_channelid":"","vid_yb_videocategoryid":"","vid_yb_maxresults":"","vid_yb_order":"","vid_yb_regioncode":"","vid_yb_videosyndicated":"","vid_yb_style":"","vid_yb_reload_first":""},"video_series_settings":{"vid_m_director":"","vid_m_actor":"","vid_m_imdb_ratings":"","video_series_group":""},"amazon_associates_settings":{"amazon_associates":"","amazon_native_ad":""},"vid_youtube_automatic_settings":{"vid_ya_youtube_source":"","vid_ya_update_every":"","vid_ya_update_unit":"","vid_ya_categories":"","vid_ya_published_after":"","vid_ya_published_before":"","vid_ya_playlists":"","vid_ya_channels":"","vid_ya_director":"","vid_ya_actor":"","vid_ya_author":"","vid_ya_import_post_date":"","vid_ya_status":"","vid_ya_sub_api_key":""},"vid_ads_m_videoads_settings_post":{"vid_ads_m_video_ads":"","vid_ads_m_video_ads_type":"","vid_ads_m_group_google_ima":"","vid_ads_m_group_image":"","vid_ads_m_group_html5_video":"","vid_ads_m_group_html":"","vid_ads_m_vast_preroll":"","vid_ads_m_vast_postroll":"","vid_ads_m_vast_pauseroll":"","vid_ads_m_vast_midroll":[{"vid_ads_m_vast_timer_seconds":"50"}],"vid_ads_m_time_to_show_ads":"","vid_ads_m_time_skip_ads":"","vid_ads_m_time_to_hide_ads":""},"page_slider_settings":{"display_slider_group":"","page_slider_group":""},"blog_page_settings":{"blog_page_title":"","blog_page_heading":"","blog_page_ic":"","blog_page_it":"","blog_page_ec":"","blog_page_ip":"","archive_loop_style":"","blog_image_ratio":"","blog_show_categories":"","blog_show_excerpt":"","blog_show_author":"","blog_show_date":"","blog_show_comment_count":"","blog_show_view_count":"","blog_show_like_count":"","blog_show_dislike_count":"","blog_items_per_page":"","blog_pag_type":""},"page_options":{"get_page_template":"","color_mode":"","main_layout":"","main_layout_full_with":"","main_logo":"","main_logo_retina":"","main_logo_mobile":"","main_logo_mobile_retina":"","sticky_logo":"","sticky_logo_retina":"","main_nav_layout":"","ajax_search":"","header_background":"","theme_sidebar":"","instagram_feed":"","instagram_feed_position":"","popular_videos":"","popular_videos_title_1":"","popular_videos_title_2":"","popular_videos_ic":"","popular_videos_it":"","theme_background":"","page_custom_css":""},"feature_image_settings":{"feature_image_position":""},"video_player_settings":{"single_video_style":"","video_player_position":"","vm_video_url":"","video_player_library":"","video_streaming":"","vm_media_sources":"","vid_auto_play":"","vm_video_shortcode":"","vid_p_sync_playlist":"","vid_c_sync_channel":"","get_post_format":"","multiple_links_structure":"default","multi_links_title":"","vm_video_multi_links":"","vm_duration":"","vid_social_locker":"off","vid_social_locker_id":"","vid_membership_action":"content-video","vm_video_trailer_url":"","vid_download_type":"free","vid_download_target":"download","vid_woo_product":"","vm_media_download":"","user_rating":"","user_rating_position":"","user_rating_mode":"","user_rating_multi_sets":""},"video_auto_fetch_settings":{"vm_video_fetch":"on"},"video_fake_views_likes":{"vm_fake_views":"","vm_fake_likes":"","vm_fake_dislikes":""},"gallery_settings":{"gallery_position":""},"quote_settings":{"quote_position":""},"post_options":{"main_layout":"","main_logo":"","main_logo_retina":"","main_logo_mobile":"","main_logo_mobile_retina":"","sticky_logo":"","sticky_logo_retina":"","main_nav_layout":"","header_background":"","theme_sidebar":"","single_post_comment_type":"","theme_background":""}},"_links":{"self":[{"href":"https:\/\/canal7slp.tv\/2019\/wp-json\/wp\/v2\/posts\/76976","targetHints":{"allow":["GET"]}}],"collection":[{"href":"https:\/\/canal7slp.tv\/2019\/wp-json\/wp\/v2\/posts"}],"about":[{"href":"https:\/\/canal7slp.tv\/2019\/wp-json\/wp\/v2\/types\/post"}],"author":[{"embeddable":true,"href":"https:\/\/canal7slp.tv\/2019\/wp-json\/wp\/v2\/users\/2"}],"replies":[{"embeddable":true,"href":"https:\/\/canal7slp.tv\/2019\/wp-json\/wp\/v2\/comments?post=76976"}],"version-history":[{"count":0,"href":"https:\/\/canal7slp.tv\/2019\/wp-json\/wp\/v2\/posts\/76976\/revisions"}],"wp:featuredmedia":[{"embeddable":true,"href":"https:\/\/canal7slp.tv\/2019\/wp-json\/wp\/v2\/media\/76977"}],"wp:attachment":[{"href":"https:\/\/canal7slp.tv\/2019\/wp-json\/wp\/v2\/media?parent=76976"}],"wp:term":[{"taxonomy":"category","embeddable":true,"href":"https:\/\/canal7slp.tv\/2019\/wp-json\/wp\/v2\/categories?post=76976"},{"taxonomy":"post_tag","embeddable":true,"href":"https:\/\/canal7slp.tv\/2019\/wp-json\/wp\/v2\/tags?post=76976"}],"curies":[{"name":"wp","href":"https:\/\/api.w.org\/{rel}","templated":true}]}}