{"id":76788,"date":"2019-10-22T17:24:54","date_gmt":"2019-10-22T22:24:54","guid":{"rendered":"https:\/\/canal7slp.tv\/2019\/?p=76788"},"modified":"2019-10-22T18:31:56","modified_gmt":"2019-10-22T23:31:56","slug":"slp-sede-de-foro-sobre-practicas-culturales-con-personas-privadas-de-la-libertad","status":"publish","type":"post","link":"https:\/\/canal7slp.tv\/2019\/slp-sede-de-foro-sobre-practicas-culturales-con-personas-privadas-de-la-libertad\/","title":{"rendered":"SLP, sede de foro sobre Pr\u00e1cticas Culturales con Personas Privadas de la Libertad."},"content":{"rendered":"<p style=\"text-align: justify\">SLP.- San Luis Potos\u00ed es sede del Foro Latinoamericano de Pr\u00e1cticas Culturales con Personas Privadas de la Libertad: Derechos Culturales y Reinserci\u00f3n Social, el cual se realizar\u00e1 del 22 al 24 de octubre.<\/p>\n<p style=\"text-align: justify\">La Directora General de Vinculaci\u00f3n Cultural de la Secretaria de Cultura Federal, Esther Hern\u00e1ndez Torres, dijo que el arte y cultura puede transformar vidas, comunidades y puede ser una oportunidad para rehacer los caminos.<\/p>\n<p style=\"text-align: justify\">La funcionaria se\u00f1al\u00f3 que el trabajo constante en los talleres de las personas privadas de su libertad, ha logrado que muchos salgan como artistas.<\/p>\n<p style=\"text-align: justify\">El Director General de Instituciones Abiertas, Juan Jos\u00e9 Garc\u00eda Ochoa, indic\u00f3 que para el \u00f3rgano federal de readaptaci\u00f3n social est\u00e1 en proceso de transici\u00f3n de la Nueva Ejecuci\u00f3n Penal y la nueva visi\u00f3n de la reinserci\u00f3n que procurar\u00e1 recuperar y potenciar todas las pr\u00e1cticas que han mostrado tener buenos resultados.<\/p>\n<p style=\"text-align: justify\">El Oficial de Cooperaci\u00f3n Nacional de la Oficina de las Naciones Unidas Contra la Droga y el Delito en M\u00e9xico, Javier Hern\u00e1ndez Mu\u00f1oz, dijo que los cambios se est\u00e1n generando desde la normativa internacional y el cambiar de los paradigmas que existen entorno a los centros penitenciarios, que en lugar de ser espacios de reclusi\u00f3n, castigo y de venganza social, se hacen espacios transformadores de conductas y de vidas.<\/p>\n<p style=\"text-align: justify\">Jos\u00e9 Alejandro Rubio Sandria, dijo que tuvo que llegar a la prisi\u00f3n para conocer el arte y cultura e indic\u00f3 que en la c\u00e1rcel no todo es negativo, hay cosas buenas y gente que quiere ayudar.<\/p>\n<p style=\"text-align: justify\">El tambi\u00e9n integrante de Kolectv.feat dijo que entran como criminales y salen tambi\u00e9n como criminales ya que no les dan trabajo.<\/p>\n<p style=\"text-align: justify\">Finalmente, el gobernador del estado, Juan Manuel Carreras L\u00f3pez, agradeci\u00f3 la participaci\u00f3n de los artistas de Colombia, Per\u00fa, Chile, Panam\u00e1 y Argentina que intercambiar\u00e1n experiencias, motivaciones e ideas esperanzadoras.<\/p>\n<p>Por: Rita Contreras<\/p>\n","protected":false},"excerpt":{"rendered":"<p>SLP.- San Luis Potos\u00ed es sede del Foro Latinoamericano de Pr\u00e1cticas Culturales con Personas Privadas de la Libertad: Derechos Culturales y Reinserci\u00f3n Social, el cual se realizar\u00e1 del 22 al 24 de octubre. La Directora General de Vinculaci\u00f3n Cultural de la Secretaria de Cultura Federal, Esther Hern\u00e1ndez Torres, dijo que el arte y cultura puede [&hellip;]<\/p>\n","protected":false},"author":2,"featured_media":76789,"comment_status":"open","ping_status":"open","sticky":false,"template":"","format":"video","meta":{"footnotes":""},"categories":[108,17],"tags":[],"class_list":["post-76788","post","type-post","status-publish","format-video","has-post-thumbnail","hentry","category-destacadas","category-localesyregionales","post_format-post-format-video"],"yoast_head":"<!-- This site is optimized with the Yoast SEO plugin v27.5 - https:\/\/yoast.com\/product\/yoast-seo-wordpress\/ -->\n<title>SLP, sede de foro sobre Pr\u00e1cticas Culturales con Personas Privadas de la Libertad. - Canal 7 SLP - 2019<\/title>\n<meta name=\"robots\" content=\"index, follow, max-snippet:-1, max-image-preview:large, max-video-preview:-1\" \/>\n<link rel=\"canonical\" href=\"https:\/\/canal7slp.tv\/2019\/slp-sede-de-foro-sobre-practicas-culturales-con-personas-privadas-de-la-libertad\/\" \/>\n<meta property=\"og:locale\" content=\"es_ES\" \/>\n<meta property=\"og:type\" content=\"article\" \/>\n<meta property=\"og:title\" content=\"SLP, sede de foro sobre Pr\u00e1cticas Culturales con Personas Privadas de la Libertad. - Canal 7 SLP - 2019\" \/>\n<meta property=\"og:description\" content=\"SLP.- San Luis Potos\u00ed es sede del Foro Latinoamericano de Pr\u00e1cticas Culturales con Personas Privadas de la Libertad: Derechos Culturales y Reinserci\u00f3n Social, el cual se realizar\u00e1 del 22 al 24 de octubre. La Directora General de Vinculaci\u00f3n Cultural de la Secretaria de Cultura Federal, Esther Hern\u00e1ndez Torres, dijo que el arte y cultura puede [&hellip;]\" \/>\n<meta property=\"og:url\" content=\"https:\/\/canal7slp.tv\/2019\/slp-sede-de-foro-sobre-practicas-culturales-con-personas-privadas-de-la-libertad\/\" \/>\n<meta property=\"og:site_name\" content=\"Canal 7 SLP - 2019\" \/>\n<meta property=\"article:publisher\" content=\"https:\/\/www.facebook.com\/CANAL7SLP\/\" \/>\n<meta property=\"article:published_time\" content=\"2019-10-22T22:24:54+00:00\" \/>\n<meta property=\"article:modified_time\" content=\"2019-10-22T23:31:56+00:00\" \/>\n<meta property=\"og:image\" content=\"https:\/\/canal7slp.tv\/2019\/wp-content\/uploads\/2019\/10\/sede.png\" \/>\n\t<meta property=\"og:image:width\" content=\"750\" \/>\n\t<meta property=\"og:image:height\" content=\"421\" \/>\n\t<meta property=\"og:image:type\" content=\"image\/png\" \/>\n<meta name=\"author\" content=\"edicionweb\" \/>\n<meta name=\"twitter:card\" content=\"summary_large_image\" \/>\n<meta name=\"twitter:creator\" content=\"@canal7_slp\" \/>\n<meta name=\"twitter:site\" content=\"@canal7_slp\" \/>\n<meta name=\"twitter:label1\" content=\"Escrito por\" \/>\n\t<meta name=\"twitter:data1\" content=\"edicionweb\" \/>\n\t<meta name=\"twitter:label2\" content=\"Tiempo de lectura\" \/>\n\t<meta name=\"twitter:data2\" content=\"2 minutos\" \/>\n<script type=\"application\/ld+json\" class=\"yoast-schema-graph\">{\"@context\":\"https:\\\/\\\/schema.org\",\"@graph\":[{\"@type\":\"Article\",\"@id\":\"https:\\\/\\\/canal7slp.tv\\\/2019\\\/slp-sede-de-foro-sobre-practicas-culturales-con-personas-privadas-de-la-libertad\\\/#article\",\"isPartOf\":{\"@id\":\"https:\\\/\\\/canal7slp.tv\\\/2019\\\/slp-sede-de-foro-sobre-practicas-culturales-con-personas-privadas-de-la-libertad\\\/\"},\"author\":{\"name\":\"edicionweb\",\"@id\":\"https:\\\/\\\/canal7slp.tv\\\/2019\\\/#\\\/schema\\\/person\\\/11d941c1c6ca30ac0a46b95fa37aa2e3\"},\"headline\":\"SLP, sede de foro sobre Pr\u00e1cticas Culturales con Personas Privadas de la Libertad.\",\"datePublished\":\"2019-10-22T22:24:54+00:00\",\"dateModified\":\"2019-10-22T23:31:56+00:00\",\"mainEntityOfPage\":{\"@id\":\"https:\\\/\\\/canal7slp.tv\\\/2019\\\/slp-sede-de-foro-sobre-practicas-culturales-con-personas-privadas-de-la-libertad\\\/\"},\"wordCount\":338,\"commentCount\":0,\"publisher\":{\"@id\":\"https:\\\/\\\/canal7slp.tv\\\/2019\\\/#organization\"},\"image\":{\"@id\":\"https:\\\/\\\/canal7slp.tv\\\/2019\\\/slp-sede-de-foro-sobre-practicas-culturales-con-personas-privadas-de-la-libertad\\\/#primaryimage\"},\"thumbnailUrl\":\"https:\\\/\\\/canal7slp.tv\\\/2019\\\/wp-content\\\/uploads\\\/2019\\\/10\\\/sede.png\",\"articleSection\":[\"DESTACADAS\",\"LOCALES Y REGIONALES\"],\"inLanguage\":\"es\",\"potentialAction\":[{\"@type\":\"CommentAction\",\"name\":\"Comment\",\"target\":[\"https:\\\/\\\/canal7slp.tv\\\/2019\\\/slp-sede-de-foro-sobre-practicas-culturales-con-personas-privadas-de-la-libertad\\\/#respond\"]}]},{\"@type\":\"WebPage\",\"@id\":\"https:\\\/\\\/canal7slp.tv\\\/2019\\\/slp-sede-de-foro-sobre-practicas-culturales-con-personas-privadas-de-la-libertad\\\/\",\"url\":\"https:\\\/\\\/canal7slp.tv\\\/2019\\\/slp-sede-de-foro-sobre-practicas-culturales-con-personas-privadas-de-la-libertad\\\/\",\"name\":\"SLP, sede de foro sobre Pr\u00e1cticas Culturales con Personas Privadas de la Libertad. - Canal 7 SLP - 2019\",\"isPartOf\":{\"@id\":\"https:\\\/\\\/canal7slp.tv\\\/2019\\\/#website\"},\"primaryImageOfPage\":{\"@id\":\"https:\\\/\\\/canal7slp.tv\\\/2019\\\/slp-sede-de-foro-sobre-practicas-culturales-con-personas-privadas-de-la-libertad\\\/#primaryimage\"},\"image\":{\"@id\":\"https:\\\/\\\/canal7slp.tv\\\/2019\\\/slp-sede-de-foro-sobre-practicas-culturales-con-personas-privadas-de-la-libertad\\\/#primaryimage\"},\"thumbnailUrl\":\"https:\\\/\\\/canal7slp.tv\\\/2019\\\/wp-content\\\/uploads\\\/2019\\\/10\\\/sede.png\",\"datePublished\":\"2019-10-22T22:24:54+00:00\",\"dateModified\":\"2019-10-22T23:31:56+00:00\",\"breadcrumb\":{\"@id\":\"https:\\\/\\\/canal7slp.tv\\\/2019\\\/slp-sede-de-foro-sobre-practicas-culturales-con-personas-privadas-de-la-libertad\\\/#breadcrumb\"},\"inLanguage\":\"es\",\"potentialAction\":[{\"@type\":\"ReadAction\",\"target\":[\"https:\\\/\\\/canal7slp.tv\\\/2019\\\/slp-sede-de-foro-sobre-practicas-culturales-con-personas-privadas-de-la-libertad\\\/\"]}]},{\"@type\":\"ImageObject\",\"inLanguage\":\"es\",\"@id\":\"https:\\\/\\\/canal7slp.tv\\\/2019\\\/slp-sede-de-foro-sobre-practicas-culturales-con-personas-privadas-de-la-libertad\\\/#primaryimage\",\"url\":\"https:\\\/\\\/canal7slp.tv\\\/2019\\\/wp-content\\\/uploads\\\/2019\\\/10\\\/sede.png\",\"contentUrl\":\"https:\\\/\\\/canal7slp.tv\\\/2019\\\/wp-content\\\/uploads\\\/2019\\\/10\\\/sede.png\",\"width\":750,\"height\":421},{\"@type\":\"BreadcrumbList\",\"@id\":\"https:\\\/\\\/canal7slp.tv\\\/2019\\\/slp-sede-de-foro-sobre-practicas-culturales-con-personas-privadas-de-la-libertad\\\/#breadcrumb\",\"itemListElement\":[{\"@type\":\"ListItem\",\"position\":1,\"name\":\"Home\",\"item\":\"https:\\\/\\\/canal7slp.tv\\\/2019\\\/\"},{\"@type\":\"ListItem\",\"position\":2,\"name\":\"SLP, sede de foro sobre Pr\u00e1cticas Culturales con Personas Privadas de la Libertad.\"}]},{\"@type\":\"WebSite\",\"@id\":\"https:\\\/\\\/canal7slp.tv\\\/2019\\\/#website\",\"url\":\"https:\\\/\\\/canal7slp.tv\\\/2019\\\/\",\"name\":\"Canal 7 SLP - Somos TV\",\"description\":\"Somos un Canal de 10\",\"publisher\":{\"@id\":\"https:\\\/\\\/canal7slp.tv\\\/2019\\\/#organization\"},\"potentialAction\":[{\"@type\":\"SearchAction\",\"target\":{\"@type\":\"EntryPoint\",\"urlTemplate\":\"https:\\\/\\\/canal7slp.tv\\\/2019\\\/?s={search_term_string}\"},\"query-input\":{\"@type\":\"PropertyValueSpecification\",\"valueRequired\":true,\"valueName\":\"search_term_string\"}}],\"inLanguage\":\"es\"},{\"@type\":\"Organization\",\"@id\":\"https:\\\/\\\/canal7slp.tv\\\/2019\\\/#organization\",\"name\":\"Comunicaci\u00f3n 2000 S.A. de C.V.\",\"url\":\"https:\\\/\\\/canal7slp.tv\\\/2019\\\/\",\"logo\":{\"@type\":\"ImageObject\",\"inLanguage\":\"es\",\"@id\":\"https:\\\/\\\/canal7slp.tv\\\/2019\\\/#\\\/schema\\\/logo\\\/image\\\/\",\"url\":\"https:\\\/\\\/canal7slp.tv\\\/2019\\\/wp-content\\\/uploads\\\/2019\\\/07\\\/logo-c7.png\",\"contentUrl\":\"https:\\\/\\\/canal7slp.tv\\\/2019\\\/wp-content\\\/uploads\\\/2019\\\/07\\\/logo-c7.png\",\"width\":220,\"height\":60,\"caption\":\"Comunicaci\u00f3n 2000 S.A. de C.V.\"},\"image\":{\"@id\":\"https:\\\/\\\/canal7slp.tv\\\/2019\\\/#\\\/schema\\\/logo\\\/image\\\/\"},\"sameAs\":[\"https:\\\/\\\/www.facebook.com\\\/CANAL7SLP\\\/\",\"https:\\\/\\\/x.com\\\/canal7_slp\",\"https:\\\/\\\/www.instagram.com\\\/canal7_slp\",\"https:\\\/\\\/www.youtube.com\\\/user\\\/NOTICIEROSCANAL7SLP\\\/\"]},{\"@type\":\"Person\",\"@id\":\"https:\\\/\\\/canal7slp.tv\\\/2019\\\/#\\\/schema\\\/person\\\/11d941c1c6ca30ac0a46b95fa37aa2e3\",\"name\":\"edicionweb\",\"image\":{\"@type\":\"ImageObject\",\"inLanguage\":\"es\",\"@id\":\"https:\\\/\\\/secure.gravatar.com\\\/avatar\\\/eee448fc3f7164808013b816ba91ac7e43bbe82a70bebac296f8bc6f0addaa1a?s=96&d=mm&r=g\",\"url\":\"https:\\\/\\\/secure.gravatar.com\\\/avatar\\\/eee448fc3f7164808013b816ba91ac7e43bbe82a70bebac296f8bc6f0addaa1a?s=96&d=mm&r=g\",\"contentUrl\":\"https:\\\/\\\/secure.gravatar.com\\\/avatar\\\/eee448fc3f7164808013b816ba91ac7e43bbe82a70bebac296f8bc6f0addaa1a?s=96&d=mm&r=g\",\"caption\":\"edicionweb\"}}]}<\/script>\n<!-- \/ Yoast SEO plugin. -->","yoast_head_json":{"title":"SLP, sede de foro sobre Pr\u00e1cticas Culturales con Personas Privadas de la Libertad. - Canal 7 SLP - 2019","robots":{"index":"index","follow":"follow","max-snippet":"max-snippet:-1","max-image-preview":"max-image-preview:large","max-video-preview":"max-video-preview:-1"},"canonical":"https:\/\/canal7slp.tv\/2019\/slp-sede-de-foro-sobre-practicas-culturales-con-personas-privadas-de-la-libertad\/","og_locale":"es_ES","og_type":"article","og_title":"SLP, sede de foro sobre Pr\u00e1cticas Culturales con Personas Privadas de la Libertad. - Canal 7 SLP - 2019","og_description":"SLP.- San Luis Potos\u00ed es sede del Foro Latinoamericano de Pr\u00e1cticas Culturales con Personas Privadas de la Libertad: Derechos Culturales y Reinserci\u00f3n Social, el cual se realizar\u00e1 del 22 al 24 de octubre. La Directora General de Vinculaci\u00f3n Cultural de la Secretaria de Cultura Federal, Esther Hern\u00e1ndez Torres, dijo que el arte y cultura puede [&hellip;]","og_url":"https:\/\/canal7slp.tv\/2019\/slp-sede-de-foro-sobre-practicas-culturales-con-personas-privadas-de-la-libertad\/","og_site_name":"Canal 7 SLP - 2019","article_publisher":"https:\/\/www.facebook.com\/CANAL7SLP\/","article_published_time":"2019-10-22T22:24:54+00:00","article_modified_time":"2019-10-22T23:31:56+00:00","og_image":[{"width":750,"height":421,"url":"https:\/\/canal7slp.tv\/2019\/wp-content\/uploads\/2019\/10\/sede.png","type":"image\/png"}],"author":"edicionweb","twitter_card":"summary_large_image","twitter_creator":"@canal7_slp","twitter_site":"@canal7_slp","twitter_misc":{"Escrito por":"edicionweb","Tiempo de lectura":"2 minutos"},"schema":{"@context":"https:\/\/schema.org","@graph":[{"@type":"Article","@id":"https:\/\/canal7slp.tv\/2019\/slp-sede-de-foro-sobre-practicas-culturales-con-personas-privadas-de-la-libertad\/#article","isPartOf":{"@id":"https:\/\/canal7slp.tv\/2019\/slp-sede-de-foro-sobre-practicas-culturales-con-personas-privadas-de-la-libertad\/"},"author":{"name":"edicionweb","@id":"https:\/\/canal7slp.tv\/2019\/#\/schema\/person\/11d941c1c6ca30ac0a46b95fa37aa2e3"},"headline":"SLP, sede de foro sobre Pr\u00e1cticas Culturales con Personas Privadas de la Libertad.","datePublished":"2019-10-22T22:24:54+00:00","dateModified":"2019-10-22T23:31:56+00:00","mainEntityOfPage":{"@id":"https:\/\/canal7slp.tv\/2019\/slp-sede-de-foro-sobre-practicas-culturales-con-personas-privadas-de-la-libertad\/"},"wordCount":338,"commentCount":0,"publisher":{"@id":"https:\/\/canal7slp.tv\/2019\/#organization"},"image":{"@id":"https:\/\/canal7slp.tv\/2019\/slp-sede-de-foro-sobre-practicas-culturales-con-personas-privadas-de-la-libertad\/#primaryimage"},"thumbnailUrl":"https:\/\/canal7slp.tv\/2019\/wp-content\/uploads\/2019\/10\/sede.png","articleSection":["DESTACADAS","LOCALES Y REGIONALES"],"inLanguage":"es","potentialAction":[{"@type":"CommentAction","name":"Comment","target":["https:\/\/canal7slp.tv\/2019\/slp-sede-de-foro-sobre-practicas-culturales-con-personas-privadas-de-la-libertad\/#respond"]}]},{"@type":"WebPage","@id":"https:\/\/canal7slp.tv\/2019\/slp-sede-de-foro-sobre-practicas-culturales-con-personas-privadas-de-la-libertad\/","url":"https:\/\/canal7slp.tv\/2019\/slp-sede-de-foro-sobre-practicas-culturales-con-personas-privadas-de-la-libertad\/","name":"SLP, sede de foro sobre Pr\u00e1cticas Culturales con Personas Privadas de la Libertad. - Canal 7 SLP - 2019","isPartOf":{"@id":"https:\/\/canal7slp.tv\/2019\/#website"},"primaryImageOfPage":{"@id":"https:\/\/canal7slp.tv\/2019\/slp-sede-de-foro-sobre-practicas-culturales-con-personas-privadas-de-la-libertad\/#primaryimage"},"image":{"@id":"https:\/\/canal7slp.tv\/2019\/slp-sede-de-foro-sobre-practicas-culturales-con-personas-privadas-de-la-libertad\/#primaryimage"},"thumbnailUrl":"https:\/\/canal7slp.tv\/2019\/wp-content\/uploads\/2019\/10\/sede.png","datePublished":"2019-10-22T22:24:54+00:00","dateModified":"2019-10-22T23:31:56+00:00","breadcrumb":{"@id":"https:\/\/canal7slp.tv\/2019\/slp-sede-de-foro-sobre-practicas-culturales-con-personas-privadas-de-la-libertad\/#breadcrumb"},"inLanguage":"es","potentialAction":[{"@type":"ReadAction","target":["https:\/\/canal7slp.tv\/2019\/slp-sede-de-foro-sobre-practicas-culturales-con-personas-privadas-de-la-libertad\/"]}]},{"@type":"ImageObject","inLanguage":"es","@id":"https:\/\/canal7slp.tv\/2019\/slp-sede-de-foro-sobre-practicas-culturales-con-personas-privadas-de-la-libertad\/#primaryimage","url":"https:\/\/canal7slp.tv\/2019\/wp-content\/uploads\/2019\/10\/sede.png","contentUrl":"https:\/\/canal7slp.tv\/2019\/wp-content\/uploads\/2019\/10\/sede.png","width":750,"height":421},{"@type":"BreadcrumbList","@id":"https:\/\/canal7slp.tv\/2019\/slp-sede-de-foro-sobre-practicas-culturales-con-personas-privadas-de-la-libertad\/#breadcrumb","itemListElement":[{"@type":"ListItem","position":1,"name":"Home","item":"https:\/\/canal7slp.tv\/2019\/"},{"@type":"ListItem","position":2,"name":"SLP, sede de foro sobre Pr\u00e1cticas Culturales con Personas Privadas de la Libertad."}]},{"@type":"WebSite","@id":"https:\/\/canal7slp.tv\/2019\/#website","url":"https:\/\/canal7slp.tv\/2019\/","name":"Canal 7 SLP - Somos TV","description":"Somos un Canal de 10","publisher":{"@id":"https:\/\/canal7slp.tv\/2019\/#organization"},"potentialAction":[{"@type":"SearchAction","target":{"@type":"EntryPoint","urlTemplate":"https:\/\/canal7slp.tv\/2019\/?s={search_term_string}"},"query-input":{"@type":"PropertyValueSpecification","valueRequired":true,"valueName":"search_term_string"}}],"inLanguage":"es"},{"@type":"Organization","@id":"https:\/\/canal7slp.tv\/2019\/#organization","name":"Comunicaci\u00f3n 2000 S.A. de C.V.","url":"https:\/\/canal7slp.tv\/2019\/","logo":{"@type":"ImageObject","inLanguage":"es","@id":"https:\/\/canal7slp.tv\/2019\/#\/schema\/logo\/image\/","url":"https:\/\/canal7slp.tv\/2019\/wp-content\/uploads\/2019\/07\/logo-c7.png","contentUrl":"https:\/\/canal7slp.tv\/2019\/wp-content\/uploads\/2019\/07\/logo-c7.png","width":220,"height":60,"caption":"Comunicaci\u00f3n 2000 S.A. de C.V."},"image":{"@id":"https:\/\/canal7slp.tv\/2019\/#\/schema\/logo\/image\/"},"sameAs":["https:\/\/www.facebook.com\/CANAL7SLP\/","https:\/\/x.com\/canal7_slp","https:\/\/www.instagram.com\/canal7_slp","https:\/\/www.youtube.com\/user\/NOTICIEROSCANAL7SLP\/"]},{"@type":"Person","@id":"https:\/\/canal7slp.tv\/2019\/#\/schema\/person\/11d941c1c6ca30ac0a46b95fa37aa2e3","name":"edicionweb","image":{"@type":"ImageObject","inLanguage":"es","@id":"https:\/\/secure.gravatar.com\/avatar\/eee448fc3f7164808013b816ba91ac7e43bbe82a70bebac296f8bc6f0addaa1a?s=96&d=mm&r=g","url":"https:\/\/secure.gravatar.com\/avatar\/eee448fc3f7164808013b816ba91ac7e43bbe82a70bebac296f8bc6f0addaa1a?s=96&d=mm&r=g","contentUrl":"https:\/\/secure.gravatar.com\/avatar\/eee448fc3f7164808013b816ba91ac7e43bbe82a70bebac296f8bc6f0addaa1a?s=96&d=mm&r=g","caption":"edicionweb"}}]}},"amp_enabled":true,"cmb2":{"video_ids_in_playlist":{"vid_p_videos":""},"video_ids_in_channel":{"vid_c_videos":""},"playlist_ids_in_channel":{"vid_c_playlists":""},"series_ids_in_channel":{"vid_c_series":""},"channel_images":{"vid_c_logo":"","vid_c_banner":""},"poster_feature_image":{"vid_m_poster_image":""},"gif_feature_image":{"vid_m_gif_image":""},"video_movie_settings":{"vid_m_director":"","vid_m_actor":"","vid_m_imdb_ratings":"","vid_m_amazon_associates":""},"vid_youtube_broadcasts_settings":{"vid_yb_broadcast_title":"","vid_yb_q":"","vid_yb_channelid":"","vid_yb_videocategoryid":"","vid_yb_maxresults":"","vid_yb_order":"","vid_yb_regioncode":"","vid_yb_videosyndicated":"","vid_yb_style":"","vid_yb_reload_first":""},"video_series_settings":{"vid_m_director":"","vid_m_actor":"","vid_m_imdb_ratings":"","video_series_group":""},"amazon_associates_settings":{"amazon_associates":"","amazon_native_ad":""},"vid_youtube_automatic_settings":{"vid_ya_youtube_source":"","vid_ya_update_every":"","vid_ya_update_unit":"","vid_ya_categories":"","vid_ya_published_after":"","vid_ya_published_before":"","vid_ya_playlists":"","vid_ya_channels":"","vid_ya_director":"","vid_ya_actor":"","vid_ya_author":"","vid_ya_import_post_date":"","vid_ya_status":"","vid_ya_sub_api_key":""},"vid_ads_m_videoads_settings_post":{"vid_ads_m_video_ads":"","vid_ads_m_video_ads_type":"","vid_ads_m_group_google_ima":"","vid_ads_m_group_image":"","vid_ads_m_group_html5_video":"","vid_ads_m_group_html":"","vid_ads_m_vast_preroll":"","vid_ads_m_vast_postroll":"","vid_ads_m_vast_pauseroll":"","vid_ads_m_vast_midroll":[{"vid_ads_m_vast_timer_seconds":"50"}],"vid_ads_m_time_to_show_ads":"","vid_ads_m_time_skip_ads":"","vid_ads_m_time_to_hide_ads":""},"page_slider_settings":{"display_slider_group":"","page_slider_group":""},"blog_page_settings":{"blog_page_title":"","blog_page_heading":"","blog_page_ic":"","blog_page_it":"","blog_page_ec":"","blog_page_ip":"","archive_loop_style":"","blog_image_ratio":"","blog_show_categories":"","blog_show_excerpt":"","blog_show_author":"","blog_show_date":"","blog_show_comment_count":"","blog_show_view_count":"","blog_show_like_count":"","blog_show_dislike_count":"","blog_items_per_page":"","blog_pag_type":""},"page_options":{"get_page_template":"","color_mode":"","main_layout":"","main_layout_full_with":"","main_logo":"","main_logo_retina":"","main_logo_mobile":"","main_logo_mobile_retina":"","sticky_logo":"","sticky_logo_retina":"","main_nav_layout":"","ajax_search":"","header_background":"","theme_sidebar":"","instagram_feed":"","instagram_feed_position":"","popular_videos":"","popular_videos_title_1":"","popular_videos_title_2":"","popular_videos_ic":"","popular_videos_it":"","theme_background":"","page_custom_css":""},"feature_image_settings":{"feature_image_position":""},"video_player_settings":{"single_video_style":"","video_player_position":"","vm_video_url":"https:\/\/youtu.be\/MK-f1x1T1oc","video_player_library":"","video_streaming":"","vm_media_sources":"","vid_auto_play":"","vm_video_shortcode":"","vid_p_sync_playlist":"","vid_c_sync_channel":"","get_post_format":"","multiple_links_structure":"default","multi_links_title":"","vm_video_multi_links":"","vm_duration":"","vid_social_locker":"off","vid_social_locker_id":"","vid_membership_action":"content-video","vm_video_trailer_url":"","vid_download_type":"free","vid_download_target":"download","vid_woo_product":"","vm_media_download":"","user_rating":"","user_rating_position":"","user_rating_mode":"","user_rating_multi_sets":""},"video_auto_fetch_settings":{"vm_video_fetch":"off"},"video_fake_views_likes":{"vm_fake_views":"","vm_fake_likes":"","vm_fake_dislikes":""},"gallery_settings":{"gallery_position":""},"quote_settings":{"quote_position":""},"post_options":{"main_layout":"","main_logo":"","main_logo_retina":"","main_logo_mobile":"","main_logo_mobile_retina":"","sticky_logo":"","sticky_logo_retina":"","main_nav_layout":"","header_background":"","theme_sidebar":"","single_post_comment_type":"","theme_background":""}},"_links":{"self":[{"href":"https:\/\/canal7slp.tv\/2019\/wp-json\/wp\/v2\/posts\/76788","targetHints":{"allow":["GET"]}}],"collection":[{"href":"https:\/\/canal7slp.tv\/2019\/wp-json\/wp\/v2\/posts"}],"about":[{"href":"https:\/\/canal7slp.tv\/2019\/wp-json\/wp\/v2\/types\/post"}],"author":[{"embeddable":true,"href":"https:\/\/canal7slp.tv\/2019\/wp-json\/wp\/v2\/users\/2"}],"replies":[{"embeddable":true,"href":"https:\/\/canal7slp.tv\/2019\/wp-json\/wp\/v2\/comments?post=76788"}],"version-history":[{"count":0,"href":"https:\/\/canal7slp.tv\/2019\/wp-json\/wp\/v2\/posts\/76788\/revisions"}],"wp:featuredmedia":[{"embeddable":true,"href":"https:\/\/canal7slp.tv\/2019\/wp-json\/wp\/v2\/media\/76789"}],"wp:attachment":[{"href":"https:\/\/canal7slp.tv\/2019\/wp-json\/wp\/v2\/media?parent=76788"}],"wp:term":[{"taxonomy":"category","embeddable":true,"href":"https:\/\/canal7slp.tv\/2019\/wp-json\/wp\/v2\/categories?post=76788"},{"taxonomy":"post_tag","embeddable":true,"href":"https:\/\/canal7slp.tv\/2019\/wp-json\/wp\/v2\/tags?post=76788"}],"curies":[{"name":"wp","href":"https:\/\/api.w.org\/{rel}","templated":true}]}}