{"id":76525,"date":"2019-10-21T18:24:07","date_gmt":"2019-10-21T23:24:07","guid":{"rendered":"https:\/\/canal7slp.tv\/2019\/?p=76525"},"modified":"2019-10-21T19:00:08","modified_gmt":"2019-10-22T00:00:08","slug":"pensiones-no-esta-descapitalizada-oziel-yudiche","status":"publish","type":"post","link":"https:\/\/canal7slp.tv\/2019\/pensiones-no-esta-descapitalizada-oziel-yudiche\/","title":{"rendered":"Pensiones no est\u00e1 descapitalizada: Oziel Yudiche."},"content":{"rendered":"<p style=\"text-align: justify\">SLP.- El titular de la Direcci\u00f3n Estatal de Pensiones, Oziel Yudiche, compareci\u00f3 ante la Comisi\u00f3n del Trabajo y Previsi\u00f3n Social del Congreso del Estado con motivo de la glosa del Cuarto Informe de Gobierno del Estado.<\/p>\n<p style=\"text-align: justify\">Durante la comparecencia, estuvieron presentes los Diputados Mart\u00edn Ju\u00e1rez C\u00f3rdova, Martha Barajas Garc\u00eda, Beatriz Eugenia Benavente, Rub\u00e9n Guajardo Barrera, Mar\u00eda del Rosario S\u00e1nchez Olivares y Alejandra Vald\u00e9s Mart\u00ednez.<\/p>\n<p style=\"text-align: justify\">La legisladora Martha Barajas Garc\u00eda, Presidenta de la Comisi\u00f3n del Trabajo y Previsi\u00f3n Social, cuestion\u00f3 al Titular de la dependencia, sobre el total de maestros de telesecundaria que se ver\u00e1n afectados por la crisis que enfrenta el Sistema de Pensiones, por lo que pidi\u00f3 dar a conocer la estrategia planteada para hacer frente a esta situaci\u00f3n. As\u00ed como las estrategias que se tienen dise\u00f1adas para que Gobierno del Estado pague el adeudo y ayude a prolongar un poco m\u00e1s la vida del fondo.<\/p>\n<p style=\"text-align: justify\">El Titular del Sistema de Pensiones dijo que, el universo de pensionados, m\u00e1s activos del sector Telesecundaria son 4,604 maestros. El monto del adeudo de Gobierno del Estado al fondo, es de 178 millones; sin embargo, recalc\u00f3 que se est\u00e1n tomando las medidas necesarias para solucionarlo a la brevedad posible.<\/p>\n<p style=\"text-align: justify\">Con respecto al pago de sueldos a polic\u00edas inform\u00f3 que mensualmente se gastan 19 millones de pesos, de los cuales entran 18 millones como aportaciones, lo que ha permitido el rescate es el saldo a favor que este sector estuvo teniendo por a\u00f1os.<\/p>\n<p style=\"text-align: justify\">Descart\u00f3 la posibilidad de que el Sistema Estatal de Pensiones, se encuentre en riesgo de desparecer, pues mencion\u00f3 que hasta el momento se encuentra cubierto hasta el 2027 al sector bur\u00f3crata y al 2021 para sector secundaria, pues Gobierno del Estado ha hecho un acuerdo con Instituciones federales para que este sea cubierto con recursos de la federaci\u00f3n.<\/p>\n<p style=\"text-align: justify\">El Legislador Mart\u00edn Ju\u00e1rez C\u00f3rdova, cuestion\u00f3 sobre el monto que le corresponde a cada uno de los sectores cotizantes y el periodo de suficiencia.<\/p>\n<p style=\"text-align: justify\">Oziel Yudiche dijo que, dentro de la Direcci\u00f3n de Pensiones son tres sectores, burocr\u00e1tico que le corresponden 6,620 millones con suficiencia al 2027; al sector de maestros de la Secci\u00f3n 52 le corresponde 1,351 millones con una suficiencia hasta el a\u00f1o 2032 y sector telesecundaria de la Secci\u00f3n 26, le corresponden 616 millones con suficiencia a 2021.<\/p>\n<p style=\"text-align: justify\">Mencion\u00f3 que algunos de los factores que contribuyen a la descapitalizaci\u00f3n es el aumento a la expectativa de vida, pues las pensiones se pagan por m\u00e1s tiempo, as\u00ed como las bajas tasas de inter\u00e9s en las inversiones, las aportaciones que se realizan muchas veces son insuficientes y la falta de salario regulador en algunos sectores.<\/p>\n<p style=\"text-align: justify\">Por: Jos\u00e9 Luis Juarez<\/p>\n","protected":false},"excerpt":{"rendered":"<p>SLP.- El titular de la Direcci\u00f3n Estatal de Pensiones, Oziel Yudiche, compareci\u00f3 ante la Comisi\u00f3n del Trabajo y Previsi\u00f3n Social del Congreso del Estado con motivo de la glosa del Cuarto Informe de Gobierno del Estado. Durante la comparecencia, estuvieron presentes los Diputados Mart\u00edn Ju\u00e1rez C\u00f3rdova, Martha Barajas Garc\u00eda, Beatriz Eugenia Benavente, Rub\u00e9n Guajardo Barrera, [&hellip;]<\/p>\n","protected":false},"author":2,"featured_media":76541,"comment_status":"open","ping_status":"open","sticky":false,"template":"","format":"video","meta":{"footnotes":""},"categories":[108,17],"tags":[],"class_list":["post-76525","post","type-post","status-publish","format-video","has-post-thumbnail","hentry","category-destacadas","category-localesyregionales","post_format-post-format-video"],"yoast_head":"<!-- This site is optimized with the Yoast SEO plugin v27.5 - https:\/\/yoast.com\/product\/yoast-seo-wordpress\/ -->\n<title>Pensiones no est\u00e1 descapitalizada: Oziel Yudiche. - Canal 7 SLP - 2019<\/title>\n<meta name=\"robots\" content=\"index, follow, max-snippet:-1, max-image-preview:large, max-video-preview:-1\" \/>\n<link rel=\"canonical\" href=\"https:\/\/canal7slp.tv\/2019\/pensiones-no-esta-descapitalizada-oziel-yudiche\/\" \/>\n<meta property=\"og:locale\" content=\"es_ES\" \/>\n<meta property=\"og:type\" content=\"article\" \/>\n<meta property=\"og:title\" content=\"Pensiones no est\u00e1 descapitalizada: Oziel Yudiche. - Canal 7 SLP - 2019\" \/>\n<meta property=\"og:description\" content=\"SLP.- El titular de la Direcci\u00f3n Estatal de Pensiones, Oziel Yudiche, compareci\u00f3 ante la Comisi\u00f3n del Trabajo y Previsi\u00f3n Social del Congreso del Estado con motivo de la glosa del Cuarto Informe de Gobierno del Estado. Durante la comparecencia, estuvieron presentes los Diputados Mart\u00edn Ju\u00e1rez C\u00f3rdova, Martha Barajas Garc\u00eda, Beatriz Eugenia Benavente, Rub\u00e9n Guajardo Barrera, [&hellip;]\" \/>\n<meta property=\"og:url\" content=\"https:\/\/canal7slp.tv\/2019\/pensiones-no-esta-descapitalizada-oziel-yudiche\/\" \/>\n<meta property=\"og:site_name\" content=\"Canal 7 SLP - 2019\" \/>\n<meta property=\"article:publisher\" content=\"https:\/\/www.facebook.com\/CANAL7SLP\/\" \/>\n<meta property=\"article:published_time\" content=\"2019-10-21T23:24:07+00:00\" \/>\n<meta property=\"article:modified_time\" content=\"2019-10-22T00:00:08+00:00\" \/>\n<meta property=\"og:image\" content=\"https:\/\/canal7slp.tv\/2019\/wp-content\/uploads\/2019\/10\/comparecenciapensiones.png\" \/>\n\t<meta property=\"og:image:width\" content=\"750\" \/>\n\t<meta property=\"og:image:height\" content=\"421\" \/>\n\t<meta property=\"og:image:type\" content=\"image\/png\" \/>\n<meta name=\"author\" content=\"edicionweb\" \/>\n<meta name=\"twitter:card\" content=\"summary_large_image\" \/>\n<meta name=\"twitter:creator\" content=\"@canal7_slp\" \/>\n<meta name=\"twitter:site\" content=\"@canal7_slp\" \/>\n<meta name=\"twitter:label1\" content=\"Escrito por\" \/>\n\t<meta name=\"twitter:data1\" content=\"edicionweb\" \/>\n\t<meta name=\"twitter:label2\" content=\"Tiempo de lectura\" \/>\n\t<meta name=\"twitter:data2\" content=\"2 minutos\" \/>\n<script type=\"application\/ld+json\" class=\"yoast-schema-graph\">{\"@context\":\"https:\\\/\\\/schema.org\",\"@graph\":[{\"@type\":\"Article\",\"@id\":\"https:\\\/\\\/canal7slp.tv\\\/2019\\\/pensiones-no-esta-descapitalizada-oziel-yudiche\\\/#article\",\"isPartOf\":{\"@id\":\"https:\\\/\\\/canal7slp.tv\\\/2019\\\/pensiones-no-esta-descapitalizada-oziel-yudiche\\\/\"},\"author\":{\"name\":\"edicionweb\",\"@id\":\"https:\\\/\\\/canal7slp.tv\\\/2019\\\/#\\\/schema\\\/person\\\/11d941c1c6ca30ac0a46b95fa37aa2e3\"},\"headline\":\"Pensiones no est\u00e1 descapitalizada: Oziel Yudiche.\",\"datePublished\":\"2019-10-21T23:24:07+00:00\",\"dateModified\":\"2019-10-22T00:00:08+00:00\",\"mainEntityOfPage\":{\"@id\":\"https:\\\/\\\/canal7slp.tv\\\/2019\\\/pensiones-no-esta-descapitalizada-oziel-yudiche\\\/\"},\"wordCount\":467,\"commentCount\":0,\"publisher\":{\"@id\":\"https:\\\/\\\/canal7slp.tv\\\/2019\\\/#organization\"},\"image\":{\"@id\":\"https:\\\/\\\/canal7slp.tv\\\/2019\\\/pensiones-no-esta-descapitalizada-oziel-yudiche\\\/#primaryimage\"},\"thumbnailUrl\":\"https:\\\/\\\/canal7slp.tv\\\/2019\\\/wp-content\\\/uploads\\\/2019\\\/10\\\/comparecenciapensiones.png\",\"articleSection\":[\"DESTACADAS\",\"LOCALES Y REGIONALES\"],\"inLanguage\":\"es\",\"potentialAction\":[{\"@type\":\"CommentAction\",\"name\":\"Comment\",\"target\":[\"https:\\\/\\\/canal7slp.tv\\\/2019\\\/pensiones-no-esta-descapitalizada-oziel-yudiche\\\/#respond\"]}]},{\"@type\":\"WebPage\",\"@id\":\"https:\\\/\\\/canal7slp.tv\\\/2019\\\/pensiones-no-esta-descapitalizada-oziel-yudiche\\\/\",\"url\":\"https:\\\/\\\/canal7slp.tv\\\/2019\\\/pensiones-no-esta-descapitalizada-oziel-yudiche\\\/\",\"name\":\"Pensiones no est\u00e1 descapitalizada: Oziel Yudiche. - Canal 7 SLP - 2019\",\"isPartOf\":{\"@id\":\"https:\\\/\\\/canal7slp.tv\\\/2019\\\/#website\"},\"primaryImageOfPage\":{\"@id\":\"https:\\\/\\\/canal7slp.tv\\\/2019\\\/pensiones-no-esta-descapitalizada-oziel-yudiche\\\/#primaryimage\"},\"image\":{\"@id\":\"https:\\\/\\\/canal7slp.tv\\\/2019\\\/pensiones-no-esta-descapitalizada-oziel-yudiche\\\/#primaryimage\"},\"thumbnailUrl\":\"https:\\\/\\\/canal7slp.tv\\\/2019\\\/wp-content\\\/uploads\\\/2019\\\/10\\\/comparecenciapensiones.png\",\"datePublished\":\"2019-10-21T23:24:07+00:00\",\"dateModified\":\"2019-10-22T00:00:08+00:00\",\"breadcrumb\":{\"@id\":\"https:\\\/\\\/canal7slp.tv\\\/2019\\\/pensiones-no-esta-descapitalizada-oziel-yudiche\\\/#breadcrumb\"},\"inLanguage\":\"es\",\"potentialAction\":[{\"@type\":\"ReadAction\",\"target\":[\"https:\\\/\\\/canal7slp.tv\\\/2019\\\/pensiones-no-esta-descapitalizada-oziel-yudiche\\\/\"]}]},{\"@type\":\"ImageObject\",\"inLanguage\":\"es\",\"@id\":\"https:\\\/\\\/canal7slp.tv\\\/2019\\\/pensiones-no-esta-descapitalizada-oziel-yudiche\\\/#primaryimage\",\"url\":\"https:\\\/\\\/canal7slp.tv\\\/2019\\\/wp-content\\\/uploads\\\/2019\\\/10\\\/comparecenciapensiones.png\",\"contentUrl\":\"https:\\\/\\\/canal7slp.tv\\\/2019\\\/wp-content\\\/uploads\\\/2019\\\/10\\\/comparecenciapensiones.png\",\"width\":750,\"height\":421},{\"@type\":\"BreadcrumbList\",\"@id\":\"https:\\\/\\\/canal7slp.tv\\\/2019\\\/pensiones-no-esta-descapitalizada-oziel-yudiche\\\/#breadcrumb\",\"itemListElement\":[{\"@type\":\"ListItem\",\"position\":1,\"name\":\"Home\",\"item\":\"https:\\\/\\\/canal7slp.tv\\\/2019\\\/\"},{\"@type\":\"ListItem\",\"position\":2,\"name\":\"Pensiones no est\u00e1 descapitalizada: Oziel Yudiche.\"}]},{\"@type\":\"WebSite\",\"@id\":\"https:\\\/\\\/canal7slp.tv\\\/2019\\\/#website\",\"url\":\"https:\\\/\\\/canal7slp.tv\\\/2019\\\/\",\"name\":\"Canal 7 SLP - Somos TV\",\"description\":\"Somos un Canal de 10\",\"publisher\":{\"@id\":\"https:\\\/\\\/canal7slp.tv\\\/2019\\\/#organization\"},\"potentialAction\":[{\"@type\":\"SearchAction\",\"target\":{\"@type\":\"EntryPoint\",\"urlTemplate\":\"https:\\\/\\\/canal7slp.tv\\\/2019\\\/?s={search_term_string}\"},\"query-input\":{\"@type\":\"PropertyValueSpecification\",\"valueRequired\":true,\"valueName\":\"search_term_string\"}}],\"inLanguage\":\"es\"},{\"@type\":\"Organization\",\"@id\":\"https:\\\/\\\/canal7slp.tv\\\/2019\\\/#organization\",\"name\":\"Comunicaci\u00f3n 2000 S.A. de C.V.\",\"url\":\"https:\\\/\\\/canal7slp.tv\\\/2019\\\/\",\"logo\":{\"@type\":\"ImageObject\",\"inLanguage\":\"es\",\"@id\":\"https:\\\/\\\/canal7slp.tv\\\/2019\\\/#\\\/schema\\\/logo\\\/image\\\/\",\"url\":\"https:\\\/\\\/canal7slp.tv\\\/2019\\\/wp-content\\\/uploads\\\/2019\\\/07\\\/logo-c7.png\",\"contentUrl\":\"https:\\\/\\\/canal7slp.tv\\\/2019\\\/wp-content\\\/uploads\\\/2019\\\/07\\\/logo-c7.png\",\"width\":220,\"height\":60,\"caption\":\"Comunicaci\u00f3n 2000 S.A. de C.V.\"},\"image\":{\"@id\":\"https:\\\/\\\/canal7slp.tv\\\/2019\\\/#\\\/schema\\\/logo\\\/image\\\/\"},\"sameAs\":[\"https:\\\/\\\/www.facebook.com\\\/CANAL7SLP\\\/\",\"https:\\\/\\\/x.com\\\/canal7_slp\",\"https:\\\/\\\/www.instagram.com\\\/canal7_slp\",\"https:\\\/\\\/www.youtube.com\\\/user\\\/NOTICIEROSCANAL7SLP\\\/\"]},{\"@type\":\"Person\",\"@id\":\"https:\\\/\\\/canal7slp.tv\\\/2019\\\/#\\\/schema\\\/person\\\/11d941c1c6ca30ac0a46b95fa37aa2e3\",\"name\":\"edicionweb\",\"image\":{\"@type\":\"ImageObject\",\"inLanguage\":\"es\",\"@id\":\"https:\\\/\\\/secure.gravatar.com\\\/avatar\\\/eee448fc3f7164808013b816ba91ac7e43bbe82a70bebac296f8bc6f0addaa1a?s=96&d=mm&r=g\",\"url\":\"https:\\\/\\\/secure.gravatar.com\\\/avatar\\\/eee448fc3f7164808013b816ba91ac7e43bbe82a70bebac296f8bc6f0addaa1a?s=96&d=mm&r=g\",\"contentUrl\":\"https:\\\/\\\/secure.gravatar.com\\\/avatar\\\/eee448fc3f7164808013b816ba91ac7e43bbe82a70bebac296f8bc6f0addaa1a?s=96&d=mm&r=g\",\"caption\":\"edicionweb\"}}]}<\/script>\n<!-- \/ Yoast SEO plugin. -->","yoast_head_json":{"title":"Pensiones no est\u00e1 descapitalizada: Oziel Yudiche. - Canal 7 SLP - 2019","robots":{"index":"index","follow":"follow","max-snippet":"max-snippet:-1","max-image-preview":"max-image-preview:large","max-video-preview":"max-video-preview:-1"},"canonical":"https:\/\/canal7slp.tv\/2019\/pensiones-no-esta-descapitalizada-oziel-yudiche\/","og_locale":"es_ES","og_type":"article","og_title":"Pensiones no est\u00e1 descapitalizada: Oziel Yudiche. - Canal 7 SLP - 2019","og_description":"SLP.- El titular de la Direcci\u00f3n Estatal de Pensiones, Oziel Yudiche, compareci\u00f3 ante la Comisi\u00f3n del Trabajo y Previsi\u00f3n Social del Congreso del Estado con motivo de la glosa del Cuarto Informe de Gobierno del Estado. Durante la comparecencia, estuvieron presentes los Diputados Mart\u00edn Ju\u00e1rez C\u00f3rdova, Martha Barajas Garc\u00eda, Beatriz Eugenia Benavente, Rub\u00e9n Guajardo Barrera, [&hellip;]","og_url":"https:\/\/canal7slp.tv\/2019\/pensiones-no-esta-descapitalizada-oziel-yudiche\/","og_site_name":"Canal 7 SLP - 2019","article_publisher":"https:\/\/www.facebook.com\/CANAL7SLP\/","article_published_time":"2019-10-21T23:24:07+00:00","article_modified_time":"2019-10-22T00:00:08+00:00","og_image":[{"width":750,"height":421,"url":"https:\/\/canal7slp.tv\/2019\/wp-content\/uploads\/2019\/10\/comparecenciapensiones.png","type":"image\/png"}],"author":"edicionweb","twitter_card":"summary_large_image","twitter_creator":"@canal7_slp","twitter_site":"@canal7_slp","twitter_misc":{"Escrito por":"edicionweb","Tiempo de lectura":"2 minutos"},"schema":{"@context":"https:\/\/schema.org","@graph":[{"@type":"Article","@id":"https:\/\/canal7slp.tv\/2019\/pensiones-no-esta-descapitalizada-oziel-yudiche\/#article","isPartOf":{"@id":"https:\/\/canal7slp.tv\/2019\/pensiones-no-esta-descapitalizada-oziel-yudiche\/"},"author":{"name":"edicionweb","@id":"https:\/\/canal7slp.tv\/2019\/#\/schema\/person\/11d941c1c6ca30ac0a46b95fa37aa2e3"},"headline":"Pensiones no est\u00e1 descapitalizada: Oziel Yudiche.","datePublished":"2019-10-21T23:24:07+00:00","dateModified":"2019-10-22T00:00:08+00:00","mainEntityOfPage":{"@id":"https:\/\/canal7slp.tv\/2019\/pensiones-no-esta-descapitalizada-oziel-yudiche\/"},"wordCount":467,"commentCount":0,"publisher":{"@id":"https:\/\/canal7slp.tv\/2019\/#organization"},"image":{"@id":"https:\/\/canal7slp.tv\/2019\/pensiones-no-esta-descapitalizada-oziel-yudiche\/#primaryimage"},"thumbnailUrl":"https:\/\/canal7slp.tv\/2019\/wp-content\/uploads\/2019\/10\/comparecenciapensiones.png","articleSection":["DESTACADAS","LOCALES Y REGIONALES"],"inLanguage":"es","potentialAction":[{"@type":"CommentAction","name":"Comment","target":["https:\/\/canal7slp.tv\/2019\/pensiones-no-esta-descapitalizada-oziel-yudiche\/#respond"]}]},{"@type":"WebPage","@id":"https:\/\/canal7slp.tv\/2019\/pensiones-no-esta-descapitalizada-oziel-yudiche\/","url":"https:\/\/canal7slp.tv\/2019\/pensiones-no-esta-descapitalizada-oziel-yudiche\/","name":"Pensiones no est\u00e1 descapitalizada: Oziel Yudiche. - Canal 7 SLP - 2019","isPartOf":{"@id":"https:\/\/canal7slp.tv\/2019\/#website"},"primaryImageOfPage":{"@id":"https:\/\/canal7slp.tv\/2019\/pensiones-no-esta-descapitalizada-oziel-yudiche\/#primaryimage"},"image":{"@id":"https:\/\/canal7slp.tv\/2019\/pensiones-no-esta-descapitalizada-oziel-yudiche\/#primaryimage"},"thumbnailUrl":"https:\/\/canal7slp.tv\/2019\/wp-content\/uploads\/2019\/10\/comparecenciapensiones.png","datePublished":"2019-10-21T23:24:07+00:00","dateModified":"2019-10-22T00:00:08+00:00","breadcrumb":{"@id":"https:\/\/canal7slp.tv\/2019\/pensiones-no-esta-descapitalizada-oziel-yudiche\/#breadcrumb"},"inLanguage":"es","potentialAction":[{"@type":"ReadAction","target":["https:\/\/canal7slp.tv\/2019\/pensiones-no-esta-descapitalizada-oziel-yudiche\/"]}]},{"@type":"ImageObject","inLanguage":"es","@id":"https:\/\/canal7slp.tv\/2019\/pensiones-no-esta-descapitalizada-oziel-yudiche\/#primaryimage","url":"https:\/\/canal7slp.tv\/2019\/wp-content\/uploads\/2019\/10\/comparecenciapensiones.png","contentUrl":"https:\/\/canal7slp.tv\/2019\/wp-content\/uploads\/2019\/10\/comparecenciapensiones.png","width":750,"height":421},{"@type":"BreadcrumbList","@id":"https:\/\/canal7slp.tv\/2019\/pensiones-no-esta-descapitalizada-oziel-yudiche\/#breadcrumb","itemListElement":[{"@type":"ListItem","position":1,"name":"Home","item":"https:\/\/canal7slp.tv\/2019\/"},{"@type":"ListItem","position":2,"name":"Pensiones no est\u00e1 descapitalizada: Oziel Yudiche."}]},{"@type":"WebSite","@id":"https:\/\/canal7slp.tv\/2019\/#website","url":"https:\/\/canal7slp.tv\/2019\/","name":"Canal 7 SLP - Somos TV","description":"Somos un Canal de 10","publisher":{"@id":"https:\/\/canal7slp.tv\/2019\/#organization"},"potentialAction":[{"@type":"SearchAction","target":{"@type":"EntryPoint","urlTemplate":"https:\/\/canal7slp.tv\/2019\/?s={search_term_string}"},"query-input":{"@type":"PropertyValueSpecification","valueRequired":true,"valueName":"search_term_string"}}],"inLanguage":"es"},{"@type":"Organization","@id":"https:\/\/canal7slp.tv\/2019\/#organization","name":"Comunicaci\u00f3n 2000 S.A. de C.V.","url":"https:\/\/canal7slp.tv\/2019\/","logo":{"@type":"ImageObject","inLanguage":"es","@id":"https:\/\/canal7slp.tv\/2019\/#\/schema\/logo\/image\/","url":"https:\/\/canal7slp.tv\/2019\/wp-content\/uploads\/2019\/07\/logo-c7.png","contentUrl":"https:\/\/canal7slp.tv\/2019\/wp-content\/uploads\/2019\/07\/logo-c7.png","width":220,"height":60,"caption":"Comunicaci\u00f3n 2000 S.A. de C.V."},"image":{"@id":"https:\/\/canal7slp.tv\/2019\/#\/schema\/logo\/image\/"},"sameAs":["https:\/\/www.facebook.com\/CANAL7SLP\/","https:\/\/x.com\/canal7_slp","https:\/\/www.instagram.com\/canal7_slp","https:\/\/www.youtube.com\/user\/NOTICIEROSCANAL7SLP\/"]},{"@type":"Person","@id":"https:\/\/canal7slp.tv\/2019\/#\/schema\/person\/11d941c1c6ca30ac0a46b95fa37aa2e3","name":"edicionweb","image":{"@type":"ImageObject","inLanguage":"es","@id":"https:\/\/secure.gravatar.com\/avatar\/eee448fc3f7164808013b816ba91ac7e43bbe82a70bebac296f8bc6f0addaa1a?s=96&d=mm&r=g","url":"https:\/\/secure.gravatar.com\/avatar\/eee448fc3f7164808013b816ba91ac7e43bbe82a70bebac296f8bc6f0addaa1a?s=96&d=mm&r=g","contentUrl":"https:\/\/secure.gravatar.com\/avatar\/eee448fc3f7164808013b816ba91ac7e43bbe82a70bebac296f8bc6f0addaa1a?s=96&d=mm&r=g","caption":"edicionweb"}}]}},"amp_enabled":true,"cmb2":{"video_ids_in_playlist":{"vid_p_videos":""},"video_ids_in_channel":{"vid_c_videos":""},"playlist_ids_in_channel":{"vid_c_playlists":""},"series_ids_in_channel":{"vid_c_series":""},"channel_images":{"vid_c_logo":"","vid_c_banner":""},"poster_feature_image":{"vid_m_poster_image":""},"gif_feature_image":{"vid_m_gif_image":""},"video_movie_settings":{"vid_m_director":"","vid_m_actor":"","vid_m_imdb_ratings":"","vid_m_amazon_associates":""},"vid_youtube_broadcasts_settings":{"vid_yb_broadcast_title":"","vid_yb_q":"","vid_yb_channelid":"","vid_yb_videocategoryid":"","vid_yb_maxresults":"","vid_yb_order":"","vid_yb_regioncode":"","vid_yb_videosyndicated":"","vid_yb_style":"","vid_yb_reload_first":""},"video_series_settings":{"vid_m_director":"","vid_m_actor":"","vid_m_imdb_ratings":"","video_series_group":""},"amazon_associates_settings":{"amazon_associates":"","amazon_native_ad":""},"vid_youtube_automatic_settings":{"vid_ya_youtube_source":"","vid_ya_update_every":"","vid_ya_update_unit":"","vid_ya_categories":"","vid_ya_published_after":"","vid_ya_published_before":"","vid_ya_playlists":"","vid_ya_channels":"","vid_ya_director":"","vid_ya_actor":"","vid_ya_author":"","vid_ya_import_post_date":"","vid_ya_status":"","vid_ya_sub_api_key":""},"vid_ads_m_videoads_settings_post":{"vid_ads_m_video_ads":"","vid_ads_m_video_ads_type":"","vid_ads_m_group_google_ima":"","vid_ads_m_group_image":"","vid_ads_m_group_html5_video":"","vid_ads_m_group_html":"","vid_ads_m_vast_preroll":"","vid_ads_m_vast_postroll":"","vid_ads_m_vast_pauseroll":"","vid_ads_m_vast_midroll":[{"vid_ads_m_vast_timer_seconds":"50"}],"vid_ads_m_time_to_show_ads":"","vid_ads_m_time_skip_ads":"","vid_ads_m_time_to_hide_ads":""},"page_slider_settings":{"display_slider_group":"","page_slider_group":""},"blog_page_settings":{"blog_page_title":"","blog_page_heading":"","blog_page_ic":"","blog_page_it":"","blog_page_ec":"","blog_page_ip":"","archive_loop_style":"","blog_image_ratio":"","blog_show_categories":"","blog_show_excerpt":"","blog_show_author":"","blog_show_date":"","blog_show_comment_count":"","blog_show_view_count":"","blog_show_like_count":"","blog_show_dislike_count":"","blog_items_per_page":"","blog_pag_type":""},"page_options":{"get_page_template":"","color_mode":"","main_layout":"","main_layout_full_with":"","main_logo":"","main_logo_retina":"","main_logo_mobile":"","main_logo_mobile_retina":"","sticky_logo":"","sticky_logo_retina":"","main_nav_layout":"","ajax_search":"","header_background":"","theme_sidebar":"","instagram_feed":"","instagram_feed_position":"","popular_videos":"","popular_videos_title_1":"","popular_videos_title_2":"","popular_videos_ic":"","popular_videos_it":"","theme_background":"","page_custom_css":""},"feature_image_settings":{"feature_image_position":""},"video_player_settings":{"single_video_style":"","video_player_position":"","vm_video_url":"https:\/\/youtu.be\/iMR7FBOk0WQ","video_player_library":"","video_streaming":"","vm_media_sources":"","vid_auto_play":"","vm_video_shortcode":"","vid_p_sync_playlist":"","vid_c_sync_channel":"","get_post_format":"","multiple_links_structure":"default","multi_links_title":"","vm_video_multi_links":"","vm_duration":"","vid_social_locker":"off","vid_social_locker_id":"","vid_membership_action":"content-video","vm_video_trailer_url":"","vid_download_type":"free","vid_download_target":"download","vid_woo_product":"","vm_media_download":"","user_rating":"","user_rating_position":"","user_rating_mode":"","user_rating_multi_sets":""},"video_auto_fetch_settings":{"vm_video_fetch":"off"},"video_fake_views_likes":{"vm_fake_views":"","vm_fake_likes":"","vm_fake_dislikes":""},"gallery_settings":{"gallery_position":""},"quote_settings":{"quote_position":""},"post_options":{"main_layout":"","main_logo":"","main_logo_retina":"","main_logo_mobile":"","main_logo_mobile_retina":"","sticky_logo":"","sticky_logo_retina":"","main_nav_layout":"","header_background":"","theme_sidebar":"","single_post_comment_type":"","theme_background":""}},"_links":{"self":[{"href":"https:\/\/canal7slp.tv\/2019\/wp-json\/wp\/v2\/posts\/76525","targetHints":{"allow":["GET"]}}],"collection":[{"href":"https:\/\/canal7slp.tv\/2019\/wp-json\/wp\/v2\/posts"}],"about":[{"href":"https:\/\/canal7slp.tv\/2019\/wp-json\/wp\/v2\/types\/post"}],"author":[{"embeddable":true,"href":"https:\/\/canal7slp.tv\/2019\/wp-json\/wp\/v2\/users\/2"}],"replies":[{"embeddable":true,"href":"https:\/\/canal7slp.tv\/2019\/wp-json\/wp\/v2\/comments?post=76525"}],"version-history":[{"count":0,"href":"https:\/\/canal7slp.tv\/2019\/wp-json\/wp\/v2\/posts\/76525\/revisions"}],"wp:featuredmedia":[{"embeddable":true,"href":"https:\/\/canal7slp.tv\/2019\/wp-json\/wp\/v2\/media\/76541"}],"wp:attachment":[{"href":"https:\/\/canal7slp.tv\/2019\/wp-json\/wp\/v2\/media?parent=76525"}],"wp:term":[{"taxonomy":"category","embeddable":true,"href":"https:\/\/canal7slp.tv\/2019\/wp-json\/wp\/v2\/categories?post=76525"},{"taxonomy":"post_tag","embeddable":true,"href":"https:\/\/canal7slp.tv\/2019\/wp-json\/wp\/v2\/tags?post=76525"}],"curies":[{"name":"wp","href":"https:\/\/api.w.org\/{rel}","templated":true}]}}