{"id":76111,"date":"2019-10-19T11:18:28","date_gmt":"2019-10-19T16:18:28","guid":{"rendered":"https:\/\/canal7slp.tv\/2019\/?p=76111"},"modified":"2019-10-19T11:18:28","modified_gmt":"2019-10-19T16:18:28","slug":"gobierno-de-chile-decreta-estado-de-emergencia-en-santiago-por-protestas","status":"publish","type":"post","link":"https:\/\/canal7slp.tv\/2019\/gobierno-de-chile-decreta-estado-de-emergencia-en-santiago-por-protestas\/","title":{"rendered":"Gobierno de Chile decreta estado de emergencia en Santiago por protestas"},"content":{"rendered":"<ul>\n<li style=\"text-align: justify\">Supone confiar a un mando militar la seguridad de la zona e implica una restricci\u00f3n la libertad de locomoci\u00f3n y reuni\u00f3n por un plazo 15 d\u00edas<\/li>\n<\/ul>\n<p style=\"text-align: justify\">Chile.- El Gobierno chileno decret\u00f3 el estado de emergencia para controlar los sectores de Santiago que el viernes fueron escenario de violentas protestas, lo que supone confiar a un mando militar la seguridad de la zona e implica una restricci\u00f3n la libertad de locomoci\u00f3n y reuni\u00f3n por un plazo 15 d\u00edas.<\/p>\n<p style=\"text-align: justify\">La radicalizaci\u00f3n de las protestas ciudadanas por el aumento del precio del billete del metro de Santiago deriv\u00f3 el viernes en una jornada de graves des\u00f3rdenes, con incendios en varios puntos de la ciudad, saqueos y actos vand\u00e1licos que sumieron a la capital en el caos.<\/p>\n<p style=\"text-align: justify\">Mientras los efectivos policiales del cuerpo de Carabineros trabajaban para tratar de aplacar los disturbios y los bomberos apagaban las llamas que prend\u00edan en diversas estaciones de metro, autobuses urbanos, barricadas callejeras e incluso en la sede de la el\u00e9ctrica Enel, el Gobierno analizaba las posibles medidas a tomar.<\/p>\n<p style=\"text-align: justify\">As\u00ed, el presidente del pa\u00eds, Sebasti\u00e1n Pi\u00f1era, tras una larga reuni\u00f3n en La Moneda (sede del Gobierno) con los ministros de Interior, Andr\u00e9s Chadwick, y de Defensa, Alberto Espina, decret\u00f3 el estado de emergencia y nombr\u00f3 al general de divisi\u00f3n Javier Iturriaga del Campo como jefe de la Defensa Nacional en las zonas de la Regi\u00f3n Metropolitana (RM) m\u00e1s afectadas por los des\u00f3rdenes.<\/p>\n<p style=\"text-align: justify\">En concreto, el decreto rige para la provincia de Santiago \u2014que alberga la mayor parte de las comunas de la Regi\u00f3n Metropolitana\u2014, la provincia Chacabuco y las comuna de Puente Alto y San Bernardo, sectores todos pertenecientes a la RM.<\/p>\n<p style=\"text-align: justify\">&#8220;Frente a los graves y reiterados ataques y atentados contra las estaciones y las instalaciones del metro de Santiago, contra el orden p\u00fablico y la seguridad ciudadana, he decretado estado de emergencia. El objetivo es muy simple pero muy profundo: asegurar el orden p\u00fablico, la tranquilidad de los habitantes de la ciudad de Santiago, proteger los bienes tanto p\u00fablicos como privados y, por sobre todo, garantizar los derechos de todos&#8221;, se\u00f1al\u00f3 el presidente por medio de una cadena nacional.<\/p>\n<p style=\"text-align: justify\">Con esta medida, que en caso de ser necesario puede ser prorrogada por otros 15 d\u00edas si el Congreso Nacional lo autoriza, Iturriaga asumi\u00f3 el mando de las fuerzas policiales en esos sectores y qued\u00f3 autorizado para desplegar a los militares, algo que ya orden\u00f3.<\/p>\n<p style=\"text-align: justify\">He asumido el control y el mando de las fuerzas militares y las fuerzas de orden y seguridad y estamos mandatados para evitar que se sigan cometiendo desmanes y destrozos en la ciudad y, lo m\u00e1s importante, recuperar a la brevedad los derechos y las libertades de las personas para que puedan seguir ejerciendo su vida con normalidad&#8221;, dijo Ituarriaga en rueda de prensa.<\/p>\n<p style=\"text-align: justify\">&#8220;Las fuerzas militares van a salir ya en este momento a patrullar la ciudad en aquellos sectores m\u00e1s conflictivos&#8221;, agreg\u00f3.<\/p>\n<p style=\"text-align: justify\">Aunque recomend\u00f3 a los ciudadanos que regresaran a sus casas, el general de divisi\u00f3n descart\u00f3 por el momento que se vaya a decretar el toque de queda.<\/p>\n<p style=\"text-align: justify\">Desde el pasado lunes, cientos de personas, en especial estudiantes de secundaria y universitarios, llevan a cabo medidas de protesta por el alza de 30 pesos en el precio de los billetes del metro decretado hace dos semanas, hasta los 830 pesos actuales (unos 1,2 d\u00f3lares) en hora punta.<\/p>\n<p style=\"text-align: justify\">Acud\u00edan en masa a las estaciones de metro col\u00e1ndose sin pagar, causando destrozos y enfrent\u00e1ndose a la Polic\u00eda, disturbios que fueron en aumento hasta motivar que el Metro de Santiago, que transportan diariamente casi 3 millones de personas, cerrase este viernes todas las estaciones, lo que produjo el colapso del tr\u00e1nsito de veh\u00edculos y peatones, que se quedaron sin locomoci\u00f3n.<\/p>\n<p style=\"text-align: justify\">En paralelo, grupos violentos radicales tomaron el protagonismo con enfrentamientos directos con los Carabineros y la quema y destrozo de varias estaciones de metro y de mobiliario urbano.<\/p>\n<p style=\"text-align: justify\">Seg\u00fan los primeros informes, 19 estaciones de metro y 16 autobuses urbanos fueron da\u00f1ados y 180 personas fueron detenidas.<\/p>\n<p style=\"text-align: justify\">El Metro de Santiago es una empresa privada en cuya propiedad participa el Estado chileno.<\/p>\n<p style=\"text-align: justify\">El precio lo fija el llamado Panel de Expertos con base en varios indicadores, como la inflaci\u00f3n, el costo de los suministros para su operaci\u00f3n y el tipo cambio, entre otros, y es aprobado por el Ministerio de Transportes.<\/p>\n","protected":false},"excerpt":{"rendered":"<p>Supone confiar a un mando militar la seguridad de la zona e implica una restricci\u00f3n la libertad de locomoci\u00f3n y reuni\u00f3n por un plazo 15 d\u00edas Chile.- El Gobierno chileno decret\u00f3 el estado de emergencia para controlar los sectores de Santiago que el viernes fueron escenario de violentas protestas, lo que supone confiar a un [&hellip;]<\/p>\n","protected":false},"author":2,"featured_media":76112,"comment_status":"open","ping_status":"open","sticky":false,"template":"","format":"standard","meta":{"footnotes":""},"categories":[18],"tags":[],"class_list":["post-76111","post","type-post","status-publish","format-standard","has-post-thumbnail","hentry","category-internacional"],"yoast_head":"<!-- This site is optimized with the Yoast SEO plugin v27.5 - https:\/\/yoast.com\/product\/yoast-seo-wordpress\/ -->\n<title>Gobierno de Chile decreta estado de emergencia en Santiago por protestas - Canal 7 SLP - 2019<\/title>\n<meta name=\"robots\" content=\"index, follow, max-snippet:-1, max-image-preview:large, max-video-preview:-1\" \/>\n<link rel=\"canonical\" href=\"https:\/\/canal7slp.tv\/2019\/gobierno-de-chile-decreta-estado-de-emergencia-en-santiago-por-protestas\/\" \/>\n<meta property=\"og:locale\" content=\"es_ES\" \/>\n<meta property=\"og:type\" content=\"article\" \/>\n<meta property=\"og:title\" content=\"Gobierno de Chile decreta estado de emergencia en Santiago por protestas - Canal 7 SLP - 2019\" \/>\n<meta property=\"og:description\" content=\"Supone confiar a un mando militar la seguridad de la zona e implica una restricci\u00f3n la libertad de locomoci\u00f3n y reuni\u00f3n por un plazo 15 d\u00edas Chile.- El Gobierno chileno decret\u00f3 el estado de emergencia para controlar los sectores de Santiago que el viernes fueron escenario de violentas protestas, lo que supone confiar a un [&hellip;]\" \/>\n<meta property=\"og:url\" content=\"https:\/\/canal7slp.tv\/2019\/gobierno-de-chile-decreta-estado-de-emergencia-en-santiago-por-protestas\/\" \/>\n<meta property=\"og:site_name\" content=\"Canal 7 SLP - 2019\" \/>\n<meta property=\"article:publisher\" content=\"https:\/\/www.facebook.com\/CANAL7SLP\/\" \/>\n<meta property=\"article:published_time\" content=\"2019-10-19T16:18:28+00:00\" \/>\n<meta property=\"og:image\" content=\"https:\/\/canal7slp.tv\/2019\/wp-content\/uploads\/2019\/10\/1245-16.jpg\" \/>\n\t<meta property=\"og:image:width\" content=\"770\" \/>\n\t<meta property=\"og:image:height\" content=\"485\" \/>\n\t<meta property=\"og:image:type\" content=\"image\/jpeg\" \/>\n<meta name=\"author\" content=\"edicionweb\" \/>\n<meta name=\"twitter:card\" content=\"summary_large_image\" \/>\n<meta name=\"twitter:creator\" content=\"@canal7_slp\" \/>\n<meta name=\"twitter:site\" content=\"@canal7_slp\" \/>\n<meta name=\"twitter:label1\" content=\"Escrito por\" \/>\n\t<meta name=\"twitter:data1\" content=\"edicionweb\" \/>\n\t<meta name=\"twitter:label2\" content=\"Tiempo de lectura\" \/>\n\t<meta name=\"twitter:data2\" content=\"4 minutos\" \/>\n<script type=\"application\/ld+json\" class=\"yoast-schema-graph\">{\"@context\":\"https:\\\/\\\/schema.org\",\"@graph\":[{\"@type\":\"Article\",\"@id\":\"https:\\\/\\\/canal7slp.tv\\\/2019\\\/gobierno-de-chile-decreta-estado-de-emergencia-en-santiago-por-protestas\\\/#article\",\"isPartOf\":{\"@id\":\"https:\\\/\\\/canal7slp.tv\\\/2019\\\/gobierno-de-chile-decreta-estado-de-emergencia-en-santiago-por-protestas\\\/\"},\"author\":{\"name\":\"edicionweb\",\"@id\":\"https:\\\/\\\/canal7slp.tv\\\/2019\\\/#\\\/schema\\\/person\\\/11d941c1c6ca30ac0a46b95fa37aa2e3\"},\"headline\":\"Gobierno de Chile decreta estado de emergencia en Santiago por protestas\",\"datePublished\":\"2019-10-19T16:18:28+00:00\",\"mainEntityOfPage\":{\"@id\":\"https:\\\/\\\/canal7slp.tv\\\/2019\\\/gobierno-de-chile-decreta-estado-de-emergencia-en-santiago-por-protestas\\\/\"},\"wordCount\":765,\"commentCount\":0,\"publisher\":{\"@id\":\"https:\\\/\\\/canal7slp.tv\\\/2019\\\/#organization\"},\"image\":{\"@id\":\"https:\\\/\\\/canal7slp.tv\\\/2019\\\/gobierno-de-chile-decreta-estado-de-emergencia-en-santiago-por-protestas\\\/#primaryimage\"},\"thumbnailUrl\":\"https:\\\/\\\/canal7slp.tv\\\/2019\\\/wp-content\\\/uploads\\\/2019\\\/10\\\/1245-16.jpg\",\"articleSection\":[\"INTERNACIONAL\"],\"inLanguage\":\"es\",\"potentialAction\":[{\"@type\":\"CommentAction\",\"name\":\"Comment\",\"target\":[\"https:\\\/\\\/canal7slp.tv\\\/2019\\\/gobierno-de-chile-decreta-estado-de-emergencia-en-santiago-por-protestas\\\/#respond\"]}]},{\"@type\":\"WebPage\",\"@id\":\"https:\\\/\\\/canal7slp.tv\\\/2019\\\/gobierno-de-chile-decreta-estado-de-emergencia-en-santiago-por-protestas\\\/\",\"url\":\"https:\\\/\\\/canal7slp.tv\\\/2019\\\/gobierno-de-chile-decreta-estado-de-emergencia-en-santiago-por-protestas\\\/\",\"name\":\"Gobierno de Chile decreta estado de emergencia en Santiago por protestas - Canal 7 SLP - 2019\",\"isPartOf\":{\"@id\":\"https:\\\/\\\/canal7slp.tv\\\/2019\\\/#website\"},\"primaryImageOfPage\":{\"@id\":\"https:\\\/\\\/canal7slp.tv\\\/2019\\\/gobierno-de-chile-decreta-estado-de-emergencia-en-santiago-por-protestas\\\/#primaryimage\"},\"image\":{\"@id\":\"https:\\\/\\\/canal7slp.tv\\\/2019\\\/gobierno-de-chile-decreta-estado-de-emergencia-en-santiago-por-protestas\\\/#primaryimage\"},\"thumbnailUrl\":\"https:\\\/\\\/canal7slp.tv\\\/2019\\\/wp-content\\\/uploads\\\/2019\\\/10\\\/1245-16.jpg\",\"datePublished\":\"2019-10-19T16:18:28+00:00\",\"breadcrumb\":{\"@id\":\"https:\\\/\\\/canal7slp.tv\\\/2019\\\/gobierno-de-chile-decreta-estado-de-emergencia-en-santiago-por-protestas\\\/#breadcrumb\"},\"inLanguage\":\"es\",\"potentialAction\":[{\"@type\":\"ReadAction\",\"target\":[\"https:\\\/\\\/canal7slp.tv\\\/2019\\\/gobierno-de-chile-decreta-estado-de-emergencia-en-santiago-por-protestas\\\/\"]}]},{\"@type\":\"ImageObject\",\"inLanguage\":\"es\",\"@id\":\"https:\\\/\\\/canal7slp.tv\\\/2019\\\/gobierno-de-chile-decreta-estado-de-emergencia-en-santiago-por-protestas\\\/#primaryimage\",\"url\":\"https:\\\/\\\/canal7slp.tv\\\/2019\\\/wp-content\\\/uploads\\\/2019\\\/10\\\/1245-16.jpg\",\"contentUrl\":\"https:\\\/\\\/canal7slp.tv\\\/2019\\\/wp-content\\\/uploads\\\/2019\\\/10\\\/1245-16.jpg\",\"width\":770,\"height\":485},{\"@type\":\"BreadcrumbList\",\"@id\":\"https:\\\/\\\/canal7slp.tv\\\/2019\\\/gobierno-de-chile-decreta-estado-de-emergencia-en-santiago-por-protestas\\\/#breadcrumb\",\"itemListElement\":[{\"@type\":\"ListItem\",\"position\":1,\"name\":\"Home\",\"item\":\"https:\\\/\\\/canal7slp.tv\\\/2019\\\/\"},{\"@type\":\"ListItem\",\"position\":2,\"name\":\"Gobierno de Chile decreta estado de emergencia en Santiago por protestas\"}]},{\"@type\":\"WebSite\",\"@id\":\"https:\\\/\\\/canal7slp.tv\\\/2019\\\/#website\",\"url\":\"https:\\\/\\\/canal7slp.tv\\\/2019\\\/\",\"name\":\"Canal 7 SLP - Somos TV\",\"description\":\"Somos un Canal de 10\",\"publisher\":{\"@id\":\"https:\\\/\\\/canal7slp.tv\\\/2019\\\/#organization\"},\"potentialAction\":[{\"@type\":\"SearchAction\",\"target\":{\"@type\":\"EntryPoint\",\"urlTemplate\":\"https:\\\/\\\/canal7slp.tv\\\/2019\\\/?s={search_term_string}\"},\"query-input\":{\"@type\":\"PropertyValueSpecification\",\"valueRequired\":true,\"valueName\":\"search_term_string\"}}],\"inLanguage\":\"es\"},{\"@type\":\"Organization\",\"@id\":\"https:\\\/\\\/canal7slp.tv\\\/2019\\\/#organization\",\"name\":\"Comunicaci\u00f3n 2000 S.A. de C.V.\",\"url\":\"https:\\\/\\\/canal7slp.tv\\\/2019\\\/\",\"logo\":{\"@type\":\"ImageObject\",\"inLanguage\":\"es\",\"@id\":\"https:\\\/\\\/canal7slp.tv\\\/2019\\\/#\\\/schema\\\/logo\\\/image\\\/\",\"url\":\"https:\\\/\\\/canal7slp.tv\\\/2019\\\/wp-content\\\/uploads\\\/2019\\\/07\\\/logo-c7.png\",\"contentUrl\":\"https:\\\/\\\/canal7slp.tv\\\/2019\\\/wp-content\\\/uploads\\\/2019\\\/07\\\/logo-c7.png\",\"width\":220,\"height\":60,\"caption\":\"Comunicaci\u00f3n 2000 S.A. de C.V.\"},\"image\":{\"@id\":\"https:\\\/\\\/canal7slp.tv\\\/2019\\\/#\\\/schema\\\/logo\\\/image\\\/\"},\"sameAs\":[\"https:\\\/\\\/www.facebook.com\\\/CANAL7SLP\\\/\",\"https:\\\/\\\/x.com\\\/canal7_slp\",\"https:\\\/\\\/www.instagram.com\\\/canal7_slp\",\"https:\\\/\\\/www.youtube.com\\\/user\\\/NOTICIEROSCANAL7SLP\\\/\"]},{\"@type\":\"Person\",\"@id\":\"https:\\\/\\\/canal7slp.tv\\\/2019\\\/#\\\/schema\\\/person\\\/11d941c1c6ca30ac0a46b95fa37aa2e3\",\"name\":\"edicionweb\",\"image\":{\"@type\":\"ImageObject\",\"inLanguage\":\"es\",\"@id\":\"https:\\\/\\\/secure.gravatar.com\\\/avatar\\\/eee448fc3f7164808013b816ba91ac7e43bbe82a70bebac296f8bc6f0addaa1a?s=96&d=mm&r=g\",\"url\":\"https:\\\/\\\/secure.gravatar.com\\\/avatar\\\/eee448fc3f7164808013b816ba91ac7e43bbe82a70bebac296f8bc6f0addaa1a?s=96&d=mm&r=g\",\"contentUrl\":\"https:\\\/\\\/secure.gravatar.com\\\/avatar\\\/eee448fc3f7164808013b816ba91ac7e43bbe82a70bebac296f8bc6f0addaa1a?s=96&d=mm&r=g\",\"caption\":\"edicionweb\"}}]}<\/script>\n<!-- \/ Yoast SEO plugin. -->","yoast_head_json":{"title":"Gobierno de Chile decreta estado de emergencia en Santiago por protestas - Canal 7 SLP - 2019","robots":{"index":"index","follow":"follow","max-snippet":"max-snippet:-1","max-image-preview":"max-image-preview:large","max-video-preview":"max-video-preview:-1"},"canonical":"https:\/\/canal7slp.tv\/2019\/gobierno-de-chile-decreta-estado-de-emergencia-en-santiago-por-protestas\/","og_locale":"es_ES","og_type":"article","og_title":"Gobierno de Chile decreta estado de emergencia en Santiago por protestas - Canal 7 SLP - 2019","og_description":"Supone confiar a un mando militar la seguridad de la zona e implica una restricci\u00f3n la libertad de locomoci\u00f3n y reuni\u00f3n por un plazo 15 d\u00edas Chile.- El Gobierno chileno decret\u00f3 el estado de emergencia para controlar los sectores de Santiago que el viernes fueron escenario de violentas protestas, lo que supone confiar a un [&hellip;]","og_url":"https:\/\/canal7slp.tv\/2019\/gobierno-de-chile-decreta-estado-de-emergencia-en-santiago-por-protestas\/","og_site_name":"Canal 7 SLP - 2019","article_publisher":"https:\/\/www.facebook.com\/CANAL7SLP\/","article_published_time":"2019-10-19T16:18:28+00:00","og_image":[{"width":770,"height":485,"url":"https:\/\/canal7slp.tv\/2019\/wp-content\/uploads\/2019\/10\/1245-16.jpg","type":"image\/jpeg"}],"author":"edicionweb","twitter_card":"summary_large_image","twitter_creator":"@canal7_slp","twitter_site":"@canal7_slp","twitter_misc":{"Escrito por":"edicionweb","Tiempo de lectura":"4 minutos"},"schema":{"@context":"https:\/\/schema.org","@graph":[{"@type":"Article","@id":"https:\/\/canal7slp.tv\/2019\/gobierno-de-chile-decreta-estado-de-emergencia-en-santiago-por-protestas\/#article","isPartOf":{"@id":"https:\/\/canal7slp.tv\/2019\/gobierno-de-chile-decreta-estado-de-emergencia-en-santiago-por-protestas\/"},"author":{"name":"edicionweb","@id":"https:\/\/canal7slp.tv\/2019\/#\/schema\/person\/11d941c1c6ca30ac0a46b95fa37aa2e3"},"headline":"Gobierno de Chile decreta estado de emergencia en Santiago por protestas","datePublished":"2019-10-19T16:18:28+00:00","mainEntityOfPage":{"@id":"https:\/\/canal7slp.tv\/2019\/gobierno-de-chile-decreta-estado-de-emergencia-en-santiago-por-protestas\/"},"wordCount":765,"commentCount":0,"publisher":{"@id":"https:\/\/canal7slp.tv\/2019\/#organization"},"image":{"@id":"https:\/\/canal7slp.tv\/2019\/gobierno-de-chile-decreta-estado-de-emergencia-en-santiago-por-protestas\/#primaryimage"},"thumbnailUrl":"https:\/\/canal7slp.tv\/2019\/wp-content\/uploads\/2019\/10\/1245-16.jpg","articleSection":["INTERNACIONAL"],"inLanguage":"es","potentialAction":[{"@type":"CommentAction","name":"Comment","target":["https:\/\/canal7slp.tv\/2019\/gobierno-de-chile-decreta-estado-de-emergencia-en-santiago-por-protestas\/#respond"]}]},{"@type":"WebPage","@id":"https:\/\/canal7slp.tv\/2019\/gobierno-de-chile-decreta-estado-de-emergencia-en-santiago-por-protestas\/","url":"https:\/\/canal7slp.tv\/2019\/gobierno-de-chile-decreta-estado-de-emergencia-en-santiago-por-protestas\/","name":"Gobierno de Chile decreta estado de emergencia en Santiago por protestas - Canal 7 SLP - 2019","isPartOf":{"@id":"https:\/\/canal7slp.tv\/2019\/#website"},"primaryImageOfPage":{"@id":"https:\/\/canal7slp.tv\/2019\/gobierno-de-chile-decreta-estado-de-emergencia-en-santiago-por-protestas\/#primaryimage"},"image":{"@id":"https:\/\/canal7slp.tv\/2019\/gobierno-de-chile-decreta-estado-de-emergencia-en-santiago-por-protestas\/#primaryimage"},"thumbnailUrl":"https:\/\/canal7slp.tv\/2019\/wp-content\/uploads\/2019\/10\/1245-16.jpg","datePublished":"2019-10-19T16:18:28+00:00","breadcrumb":{"@id":"https:\/\/canal7slp.tv\/2019\/gobierno-de-chile-decreta-estado-de-emergencia-en-santiago-por-protestas\/#breadcrumb"},"inLanguage":"es","potentialAction":[{"@type":"ReadAction","target":["https:\/\/canal7slp.tv\/2019\/gobierno-de-chile-decreta-estado-de-emergencia-en-santiago-por-protestas\/"]}]},{"@type":"ImageObject","inLanguage":"es","@id":"https:\/\/canal7slp.tv\/2019\/gobierno-de-chile-decreta-estado-de-emergencia-en-santiago-por-protestas\/#primaryimage","url":"https:\/\/canal7slp.tv\/2019\/wp-content\/uploads\/2019\/10\/1245-16.jpg","contentUrl":"https:\/\/canal7slp.tv\/2019\/wp-content\/uploads\/2019\/10\/1245-16.jpg","width":770,"height":485},{"@type":"BreadcrumbList","@id":"https:\/\/canal7slp.tv\/2019\/gobierno-de-chile-decreta-estado-de-emergencia-en-santiago-por-protestas\/#breadcrumb","itemListElement":[{"@type":"ListItem","position":1,"name":"Home","item":"https:\/\/canal7slp.tv\/2019\/"},{"@type":"ListItem","position":2,"name":"Gobierno de Chile decreta estado de emergencia en Santiago por protestas"}]},{"@type":"WebSite","@id":"https:\/\/canal7slp.tv\/2019\/#website","url":"https:\/\/canal7slp.tv\/2019\/","name":"Canal 7 SLP - Somos TV","description":"Somos un Canal de 10","publisher":{"@id":"https:\/\/canal7slp.tv\/2019\/#organization"},"potentialAction":[{"@type":"SearchAction","target":{"@type":"EntryPoint","urlTemplate":"https:\/\/canal7slp.tv\/2019\/?s={search_term_string}"},"query-input":{"@type":"PropertyValueSpecification","valueRequired":true,"valueName":"search_term_string"}}],"inLanguage":"es"},{"@type":"Organization","@id":"https:\/\/canal7slp.tv\/2019\/#organization","name":"Comunicaci\u00f3n 2000 S.A. de C.V.","url":"https:\/\/canal7slp.tv\/2019\/","logo":{"@type":"ImageObject","inLanguage":"es","@id":"https:\/\/canal7slp.tv\/2019\/#\/schema\/logo\/image\/","url":"https:\/\/canal7slp.tv\/2019\/wp-content\/uploads\/2019\/07\/logo-c7.png","contentUrl":"https:\/\/canal7slp.tv\/2019\/wp-content\/uploads\/2019\/07\/logo-c7.png","width":220,"height":60,"caption":"Comunicaci\u00f3n 2000 S.A. de C.V."},"image":{"@id":"https:\/\/canal7slp.tv\/2019\/#\/schema\/logo\/image\/"},"sameAs":["https:\/\/www.facebook.com\/CANAL7SLP\/","https:\/\/x.com\/canal7_slp","https:\/\/www.instagram.com\/canal7_slp","https:\/\/www.youtube.com\/user\/NOTICIEROSCANAL7SLP\/"]},{"@type":"Person","@id":"https:\/\/canal7slp.tv\/2019\/#\/schema\/person\/11d941c1c6ca30ac0a46b95fa37aa2e3","name":"edicionweb","image":{"@type":"ImageObject","inLanguage":"es","@id":"https:\/\/secure.gravatar.com\/avatar\/eee448fc3f7164808013b816ba91ac7e43bbe82a70bebac296f8bc6f0addaa1a?s=96&d=mm&r=g","url":"https:\/\/secure.gravatar.com\/avatar\/eee448fc3f7164808013b816ba91ac7e43bbe82a70bebac296f8bc6f0addaa1a?s=96&d=mm&r=g","contentUrl":"https:\/\/secure.gravatar.com\/avatar\/eee448fc3f7164808013b816ba91ac7e43bbe82a70bebac296f8bc6f0addaa1a?s=96&d=mm&r=g","caption":"edicionweb"}}]}},"amp_enabled":true,"cmb2":{"video_ids_in_playlist":{"vid_p_videos":""},"video_ids_in_channel":{"vid_c_videos":""},"playlist_ids_in_channel":{"vid_c_playlists":""},"series_ids_in_channel":{"vid_c_series":""},"channel_images":{"vid_c_logo":"","vid_c_banner":""},"poster_feature_image":{"vid_m_poster_image":""},"gif_feature_image":{"vid_m_gif_image":""},"video_movie_settings":{"vid_m_director":"","vid_m_actor":"","vid_m_imdb_ratings":"","vid_m_amazon_associates":""},"vid_youtube_broadcasts_settings":{"vid_yb_broadcast_title":"","vid_yb_q":"","vid_yb_channelid":"","vid_yb_videocategoryid":"","vid_yb_maxresults":"","vid_yb_order":"","vid_yb_regioncode":"","vid_yb_videosyndicated":"","vid_yb_style":"","vid_yb_reload_first":""},"video_series_settings":{"vid_m_director":"","vid_m_actor":"","vid_m_imdb_ratings":"","video_series_group":""},"amazon_associates_settings":{"amazon_associates":"","amazon_native_ad":""},"vid_youtube_automatic_settings":{"vid_ya_youtube_source":"","vid_ya_update_every":"","vid_ya_update_unit":"","vid_ya_categories":"","vid_ya_published_after":"","vid_ya_published_before":"","vid_ya_playlists":"","vid_ya_channels":"","vid_ya_director":"","vid_ya_actor":"","vid_ya_author":"","vid_ya_import_post_date":"","vid_ya_status":"","vid_ya_sub_api_key":""},"vid_ads_m_videoads_settings_post":{"vid_ads_m_video_ads":"","vid_ads_m_video_ads_type":"","vid_ads_m_group_google_ima":"","vid_ads_m_group_image":"","vid_ads_m_group_html5_video":"","vid_ads_m_group_html":"","vid_ads_m_vast_preroll":"","vid_ads_m_vast_postroll":"","vid_ads_m_vast_pauseroll":"","vid_ads_m_vast_midroll":[{"vid_ads_m_vast_timer_seconds":"50"}],"vid_ads_m_time_to_show_ads":"","vid_ads_m_time_skip_ads":"","vid_ads_m_time_to_hide_ads":""},"page_slider_settings":{"display_slider_group":"","page_slider_group":""},"blog_page_settings":{"blog_page_title":"","blog_page_heading":"","blog_page_ic":"","blog_page_it":"","blog_page_ec":"","blog_page_ip":"","archive_loop_style":"","blog_image_ratio":"","blog_show_categories":"","blog_show_excerpt":"","blog_show_author":"","blog_show_date":"","blog_show_comment_count":"","blog_show_view_count":"","blog_show_like_count":"","blog_show_dislike_count":"","blog_items_per_page":"","blog_pag_type":""},"page_options":{"get_page_template":"","color_mode":"","main_layout":"","main_layout_full_with":"","main_logo":"","main_logo_retina":"","main_logo_mobile":"","main_logo_mobile_retina":"","sticky_logo":"","sticky_logo_retina":"","main_nav_layout":"","ajax_search":"","header_background":"","theme_sidebar":"","instagram_feed":"","instagram_feed_position":"","popular_videos":"","popular_videos_title_1":"","popular_videos_title_2":"","popular_videos_ic":"","popular_videos_it":"","theme_background":"","page_custom_css":""},"feature_image_settings":{"feature_image_position":""},"video_player_settings":{"single_video_style":"","video_player_position":"","vm_video_url":"","video_player_library":"","video_streaming":"","vm_media_sources":"","vid_auto_play":"","vm_video_shortcode":"","vid_p_sync_playlist":"","vid_c_sync_channel":"","get_post_format":"","multiple_links_structure":"default","multi_links_title":"","vm_video_multi_links":"","vm_duration":"","vid_social_locker":"off","vid_social_locker_id":"","vid_membership_action":"content-video","vm_video_trailer_url":"","vid_download_type":"free","vid_download_target":"download","vid_woo_product":"","vm_media_download":"","user_rating":"","user_rating_position":"","user_rating_mode":"","user_rating_multi_sets":""},"video_auto_fetch_settings":{"vm_video_fetch":"on"},"video_fake_views_likes":{"vm_fake_views":"","vm_fake_likes":"","vm_fake_dislikes":""},"gallery_settings":{"gallery_position":""},"quote_settings":{"quote_position":""},"post_options":{"main_layout":"","main_logo":"","main_logo_retina":"","main_logo_mobile":"","main_logo_mobile_retina":"","sticky_logo":"","sticky_logo_retina":"","main_nav_layout":"","header_background":"","theme_sidebar":"","single_post_comment_type":"","theme_background":""}},"_links":{"self":[{"href":"https:\/\/canal7slp.tv\/2019\/wp-json\/wp\/v2\/posts\/76111","targetHints":{"allow":["GET"]}}],"collection":[{"href":"https:\/\/canal7slp.tv\/2019\/wp-json\/wp\/v2\/posts"}],"about":[{"href":"https:\/\/canal7slp.tv\/2019\/wp-json\/wp\/v2\/types\/post"}],"author":[{"embeddable":true,"href":"https:\/\/canal7slp.tv\/2019\/wp-json\/wp\/v2\/users\/2"}],"replies":[{"embeddable":true,"href":"https:\/\/canal7slp.tv\/2019\/wp-json\/wp\/v2\/comments?post=76111"}],"version-history":[{"count":0,"href":"https:\/\/canal7slp.tv\/2019\/wp-json\/wp\/v2\/posts\/76111\/revisions"}],"wp:featuredmedia":[{"embeddable":true,"href":"https:\/\/canal7slp.tv\/2019\/wp-json\/wp\/v2\/media\/76112"}],"wp:attachment":[{"href":"https:\/\/canal7slp.tv\/2019\/wp-json\/wp\/v2\/media?parent=76111"}],"wp:term":[{"taxonomy":"category","embeddable":true,"href":"https:\/\/canal7slp.tv\/2019\/wp-json\/wp\/v2\/categories?post=76111"},{"taxonomy":"post_tag","embeddable":true,"href":"https:\/\/canal7slp.tv\/2019\/wp-json\/wp\/v2\/tags?post=76111"}],"curies":[{"name":"wp","href":"https:\/\/api.w.org\/{rel}","templated":true}]}}