{"id":76107,"date":"2019-10-19T11:13:19","date_gmt":"2019-10-19T16:13:19","guid":{"rendered":"https:\/\/canal7slp.tv\/2019\/?p=76107"},"modified":"2019-10-19T11:13:19","modified_gmt":"2019-10-19T16:13:19","slug":"protestas-masivas-colapsan-barcelona","status":"publish","type":"post","link":"https:\/\/canal7slp.tv\/2019\/protestas-masivas-colapsan-barcelona\/","title":{"rendered":"Protestas masivas colapsan Barcelona"},"content":{"rendered":"<ul>\n<li style=\"text-align: justify\">M\u00e1s de medio mill\u00f3n de independentistas catalanes se manifiestan en rechazo a la sentencia que condena por secesi\u00f3n a sus l\u00edderes<\/li>\n<\/ul>\n<p style=\"text-align: justify\">Espa\u00f1a.- M\u00e1s de medio mill\u00f3n de independentistas catalanes se reunieron este viernes en el centro de Barcelona, Espa\u00f1a, en una jornada de huelga general, para protestar por la sentencia que condena por secesi\u00f3n a sus l\u00edderes a m\u00e1s de nueve a\u00f1os de prisi\u00f3n por la intentona soberanista de 2017.<\/p>\n<p style=\"text-align: justify\">Unas 525 mil personas, seg\u00fan la Polic\u00eda local, se congregaron en el centro de la capital catalana y protestaron de forma pac\u00edfica, despu\u00e9s de llegar a pie en cinco marchas desde distintos puntos de esa regi\u00f3n espa\u00f1ola que acabaron este viernes en Barcelona.<\/p>\n<p style=\"text-align: justify\">Encabezando la manifestaci\u00f3n, una pancarta con el lema &#8220;Por los derechos y las libertades, huelga general&#8221; y un lazo amarillo, s\u00edmbolo de protesta por la prisi\u00f3n de los nueve l\u00edderes independentistas condenados por el Tribunal Supremo espa\u00f1ol.<\/p>\n<p style=\"text-align: justify\">En el recorrido se oyeron proclamas a favor de la independendecia y pidiendo la libertad de los pol\u00edticos soberanistas presos.<\/p>\n<p style=\"text-align: justify\">La marcha concluy\u00f3 con la lectura de un comunicado en la voz de Elisenda Paluzie, presidenta de la organizaci\u00f3n independentista Asamblea Nacional de Catalu\u00f1a (ANC), quien defendi\u00f3 una nueva declaraci\u00f3n unilateral de independencia, tal y como ocurri\u00f3 en octubre de 2017.<\/p>\n<p style=\"text-align: justify\">&#8220;Les pedimos a los partidos independentistas que esto no sea una maniobra de dilataci\u00f3n de los tiempos. Si el di\u00e1logo no llega, preparaos para sostener una declaraci\u00f3n unilateral de independencia, la gente estaremos ah\u00ed para defenderla pac\u00edficamente&#8221;, dijo.<\/p>\n<p style=\"text-align: justify\">A diferencia del car\u00e1cter pac\u00edfico de la manifestaci\u00f3n principal, otra concentraci\u00f3n paralela registr\u00f3 incidentes graves, algunos heridos y varios detenidos.<\/p>\n<p style=\"text-align: justify\">El ministro espa\u00f1ol del Interior, Fernando Grande-Marlaska, cifr\u00f3 hoy en rueda de prensa en 207 el n\u00famero de agentes de las fuerzas de seguridad heridos en los disturbios en Catalu\u00f1a desde el pasado lunes.<\/p>\n<p style=\"text-align: justify\">Marlaska record\u00f3 que un Polic\u00eda Nacional result\u00f3 herido entre los enfrentamientos que se produjeron hoy en Barcelona, en los alrededores de la sede de ese cuerpo armado.<\/p>\n<p style=\"text-align: justify\">El ministro cifr\u00f3 en unos 400 los independentistas violentos que est\u00e1n protagonizando estos incidentes &#8220;de forma organizada&#8221; contra la Polic\u00eda y en una zona espec\u00edfica.<\/p>\n<p style=\"text-align: justify\">Record\u00f3 tambi\u00e9n que se est\u00e1n produciendo detenciones y que se practicar\u00e1n m\u00e1s y entre ellas cit\u00f3 el arresto de dos personas que integraban un grupo de ultraderecha como presuntas autoras de una agresi\u00f3n a un joven que participaba en otra concentraci\u00f3n.<\/p>\n<p style=\"text-align: justify\">Tambi\u00e9n destac\u00f3 los 10 detenidos, cuatro de ellos menores, por los altercados en los alrededores de la Jefatura, y a\u00f1adi\u00f3 que desde el lunes los jueces han enviado a prisi\u00f3n provisional a nueve radicales.<\/p>\n<p style=\"text-align: justify\">Adem\u00e1s de los 207 agentes heridos, el ministro ha lamentado los casi 800 contenedores que se han quemado estos d\u00edas y los da\u00f1os en 107 veh\u00edculos de la Polic\u00eda Nacional y la auton\u00f3mica catalana.<\/p>\n<p style=\"text-align: justify\">La huelga general de hoy en Catalu\u00f1a tuvo un seguimiento moderado en la actividad industrial, en el comercio, que cerr\u00f3 en un 50%, y en la flexibilidad de las empresas para permitir la participaci\u00f3n de sus trabajadores en las movilizaciones o facilitar los desplazamientos.<\/p>\n<p style=\"text-align: justify\">Los cortes viarios y los problemas de movilidad alteraron desde primera hora del d\u00eda la actividad normal, trabas que se agravaron con la llegada al centro de Barcelona de miles de personas participantes en las marchas ciudadanas.<\/p>\n<p style=\"text-align: justify\">La huelga, convocada por los sindicatos independentistas y minoritarios, provoc\u00f3 la cancelaci\u00f3n preventiva de 55 vuelos en el aeropuerto de Barcelona, que por lo dem\u00e1s vivi\u00f3 una jornada de normalidad.<\/p>\n<p style=\"text-align: justify\">El consumo el\u00e9ctrico en la regi\u00f3n se redujo apenas en un 5.4% de media, seg\u00fan el operador del sistema el\u00e9ctrico, Red El\u00e9ctrica de Espa\u00f1a (REE)<\/p>\n<p style=\"text-align: justify\">Seg\u00fan el Gobierno regional catal\u00e1n la huelga tuvo un seguimiento desigual, con una elevada afectaci\u00f3n en el comercio (entre el 60 % y el 80 %), la ense\u00f1anza p\u00fablica (42.5 %) y las universidades (90%), y menor en la funci\u00f3n p\u00fablica (35%) y la sanidad (20%).<\/p>\n<p style=\"text-align: justify\">Despu\u00e9s de cinco d\u00edas de disturbios, el presidente del Gobierno espa\u00f1ol, el socialista Pedro S\u00e1nchez, dej\u00f3 claro hoy que el Estado de derecho &#8220;no puede ceder al impulso de la exaltaci\u00f3n&#8221; y avis\u00f3 al presidente regional catal\u00e1n, Joaquim Torra, del peligro de &#8220;banalizar&#8221; la violencia.<\/p>\n<p style=\"text-align: justify\">Desde Bruselas, donde asisti\u00f3 al Consejo de la UE, S\u00e1nchez recalc\u00f3 que &#8220;no habr\u00e1 impunidad&#8221; ante los hechos &#8220;vand\u00e1licos&#8221; de los \u00faltimos d\u00edas que, alert\u00f3, pueden tener &#8220;efectos graves&#8221; sobre la econom\u00eda y la convivencia.<\/p>\n<p style=\"text-align: justify\">El presidente del Gobierno espa\u00f1ol record\u00f3 que cualquier decisi\u00f3n que se vaya a tomar en Catalu\u00f1a &#8220;est\u00e1 prevista&#8221; y se ha dise\u00f1ado bajo los principios de &#8220;firmeza democr\u00e1tica, unidad y proporcionalidad&#8221;.<\/p>\n<p style=\"text-align: justify\">Todo ello, a pocos kil\u00f3metros del lugar donde se encuentra huido el expresidente regional catal\u00e1n Carles Puigdemont, que hoy se present\u00f3 ante la fiscal\u00eda belga a ra\u00edz de la nueva euroorden de detenci\u00f3n dictada contra \u00e9l por un juez espa\u00f1ol.<\/p>\n<p style=\"text-align: justify\">Puigdemont, que qued\u00f3 en libertad con medidas cautelares, tendr\u00e1 que comparecer el pr\u00f3ximo 29 de octubre ante un juzgado de Bruselas.<\/p>\n<p style=\"text-align: justify\">A la situaci\u00f3n de Puigdemont se refiri\u00f3 tambi\u00e9n el ministro espa\u00f1ol del Interior, quien consider\u00f3 que &#8220;debe y puede ser entregado a Espa\u00f1a&#8221; para ser juzgado.<\/p>\n","protected":false},"excerpt":{"rendered":"<p>M\u00e1s de medio mill\u00f3n de independentistas catalanes se manifiestan en rechazo a la sentencia que condena por secesi\u00f3n a sus l\u00edderes Espa\u00f1a.- M\u00e1s de medio mill\u00f3n de independentistas catalanes se reunieron este viernes en el centro de Barcelona, Espa\u00f1a, en una jornada de huelga general, para protestar por la sentencia que condena por secesi\u00f3n a [&hellip;]<\/p>\n","protected":false},"author":2,"featured_media":76108,"comment_status":"open","ping_status":"open","sticky":false,"template":"","format":"standard","meta":{"footnotes":""},"categories":[18],"tags":[],"class_list":["post-76107","post","type-post","status-publish","format-standard","has-post-thumbnail","hentry","category-internacional"],"yoast_head":"<!-- This site is optimized with the Yoast SEO plugin v27.5 - https:\/\/yoast.com\/product\/yoast-seo-wordpress\/ -->\n<title>Protestas masivas colapsan Barcelona - Canal 7 SLP - 2019<\/title>\n<meta name=\"robots\" content=\"index, follow, max-snippet:-1, max-image-preview:large, max-video-preview:-1\" \/>\n<link rel=\"canonical\" href=\"https:\/\/canal7slp.tv\/2019\/protestas-masivas-colapsan-barcelona\/\" \/>\n<meta property=\"og:locale\" content=\"es_ES\" \/>\n<meta property=\"og:type\" content=\"article\" \/>\n<meta property=\"og:title\" content=\"Protestas masivas colapsan Barcelona - Canal 7 SLP - 2019\" \/>\n<meta property=\"og:description\" content=\"M\u00e1s de medio mill\u00f3n de independentistas catalanes se manifiestan en rechazo a la sentencia que condena por secesi\u00f3n a sus l\u00edderes Espa\u00f1a.- M\u00e1s de medio mill\u00f3n de independentistas catalanes se reunieron este viernes en el centro de Barcelona, Espa\u00f1a, en una jornada de huelga general, para protestar por la sentencia que condena por secesi\u00f3n a [&hellip;]\" \/>\n<meta property=\"og:url\" content=\"https:\/\/canal7slp.tv\/2019\/protestas-masivas-colapsan-barcelona\/\" \/>\n<meta property=\"og:site_name\" content=\"Canal 7 SLP - 2019\" \/>\n<meta property=\"article:publisher\" content=\"https:\/\/www.facebook.com\/CANAL7SLP\/\" \/>\n<meta property=\"article:published_time\" content=\"2019-10-19T16:13:19+00:00\" \/>\n<meta property=\"og:image\" content=\"https:\/\/canal7slp.tv\/2019\/wp-content\/uploads\/2019\/10\/1230-18.jpg\" \/>\n\t<meta property=\"og:image:width\" content=\"700\" \/>\n\t<meta property=\"og:image:height\" content=\"466\" \/>\n\t<meta property=\"og:image:type\" content=\"image\/jpeg\" \/>\n<meta name=\"author\" content=\"edicionweb\" \/>\n<meta name=\"twitter:card\" content=\"summary_large_image\" \/>\n<meta name=\"twitter:creator\" content=\"@canal7_slp\" \/>\n<meta name=\"twitter:site\" content=\"@canal7_slp\" \/>\n<meta name=\"twitter:label1\" content=\"Escrito por\" \/>\n\t<meta name=\"twitter:data1\" content=\"edicionweb\" \/>\n\t<meta name=\"twitter:label2\" content=\"Tiempo de lectura\" \/>\n\t<meta name=\"twitter:data2\" content=\"5 minutos\" \/>\n<script type=\"application\/ld+json\" class=\"yoast-schema-graph\">{\"@context\":\"https:\\\/\\\/schema.org\",\"@graph\":[{\"@type\":\"Article\",\"@id\":\"https:\\\/\\\/canal7slp.tv\\\/2019\\\/protestas-masivas-colapsan-barcelona\\\/#article\",\"isPartOf\":{\"@id\":\"https:\\\/\\\/canal7slp.tv\\\/2019\\\/protestas-masivas-colapsan-barcelona\\\/\"},\"author\":{\"name\":\"edicionweb\",\"@id\":\"https:\\\/\\\/canal7slp.tv\\\/2019\\\/#\\\/schema\\\/person\\\/11d941c1c6ca30ac0a46b95fa37aa2e3\"},\"headline\":\"Protestas masivas colapsan Barcelona\",\"datePublished\":\"2019-10-19T16:13:19+00:00\",\"mainEntityOfPage\":{\"@id\":\"https:\\\/\\\/canal7slp.tv\\\/2019\\\/protestas-masivas-colapsan-barcelona\\\/\"},\"wordCount\":929,\"commentCount\":0,\"publisher\":{\"@id\":\"https:\\\/\\\/canal7slp.tv\\\/2019\\\/#organization\"},\"image\":{\"@id\":\"https:\\\/\\\/canal7slp.tv\\\/2019\\\/protestas-masivas-colapsan-barcelona\\\/#primaryimage\"},\"thumbnailUrl\":\"https:\\\/\\\/canal7slp.tv\\\/2019\\\/wp-content\\\/uploads\\\/2019\\\/10\\\/1230-18.jpg\",\"articleSection\":[\"INTERNACIONAL\"],\"inLanguage\":\"es\",\"potentialAction\":[{\"@type\":\"CommentAction\",\"name\":\"Comment\",\"target\":[\"https:\\\/\\\/canal7slp.tv\\\/2019\\\/protestas-masivas-colapsan-barcelona\\\/#respond\"]}]},{\"@type\":\"WebPage\",\"@id\":\"https:\\\/\\\/canal7slp.tv\\\/2019\\\/protestas-masivas-colapsan-barcelona\\\/\",\"url\":\"https:\\\/\\\/canal7slp.tv\\\/2019\\\/protestas-masivas-colapsan-barcelona\\\/\",\"name\":\"Protestas masivas colapsan Barcelona - Canal 7 SLP - 2019\",\"isPartOf\":{\"@id\":\"https:\\\/\\\/canal7slp.tv\\\/2019\\\/#website\"},\"primaryImageOfPage\":{\"@id\":\"https:\\\/\\\/canal7slp.tv\\\/2019\\\/protestas-masivas-colapsan-barcelona\\\/#primaryimage\"},\"image\":{\"@id\":\"https:\\\/\\\/canal7slp.tv\\\/2019\\\/protestas-masivas-colapsan-barcelona\\\/#primaryimage\"},\"thumbnailUrl\":\"https:\\\/\\\/canal7slp.tv\\\/2019\\\/wp-content\\\/uploads\\\/2019\\\/10\\\/1230-18.jpg\",\"datePublished\":\"2019-10-19T16:13:19+00:00\",\"breadcrumb\":{\"@id\":\"https:\\\/\\\/canal7slp.tv\\\/2019\\\/protestas-masivas-colapsan-barcelona\\\/#breadcrumb\"},\"inLanguage\":\"es\",\"potentialAction\":[{\"@type\":\"ReadAction\",\"target\":[\"https:\\\/\\\/canal7slp.tv\\\/2019\\\/protestas-masivas-colapsan-barcelona\\\/\"]}]},{\"@type\":\"ImageObject\",\"inLanguage\":\"es\",\"@id\":\"https:\\\/\\\/canal7slp.tv\\\/2019\\\/protestas-masivas-colapsan-barcelona\\\/#primaryimage\",\"url\":\"https:\\\/\\\/canal7slp.tv\\\/2019\\\/wp-content\\\/uploads\\\/2019\\\/10\\\/1230-18.jpg\",\"contentUrl\":\"https:\\\/\\\/canal7slp.tv\\\/2019\\\/wp-content\\\/uploads\\\/2019\\\/10\\\/1230-18.jpg\",\"width\":700,\"height\":466},{\"@type\":\"BreadcrumbList\",\"@id\":\"https:\\\/\\\/canal7slp.tv\\\/2019\\\/protestas-masivas-colapsan-barcelona\\\/#breadcrumb\",\"itemListElement\":[{\"@type\":\"ListItem\",\"position\":1,\"name\":\"Home\",\"item\":\"https:\\\/\\\/canal7slp.tv\\\/2019\\\/\"},{\"@type\":\"ListItem\",\"position\":2,\"name\":\"Protestas masivas colapsan Barcelona\"}]},{\"@type\":\"WebSite\",\"@id\":\"https:\\\/\\\/canal7slp.tv\\\/2019\\\/#website\",\"url\":\"https:\\\/\\\/canal7slp.tv\\\/2019\\\/\",\"name\":\"Canal 7 SLP - Somos TV\",\"description\":\"Somos un Canal de 10\",\"publisher\":{\"@id\":\"https:\\\/\\\/canal7slp.tv\\\/2019\\\/#organization\"},\"potentialAction\":[{\"@type\":\"SearchAction\",\"target\":{\"@type\":\"EntryPoint\",\"urlTemplate\":\"https:\\\/\\\/canal7slp.tv\\\/2019\\\/?s={search_term_string}\"},\"query-input\":{\"@type\":\"PropertyValueSpecification\",\"valueRequired\":true,\"valueName\":\"search_term_string\"}}],\"inLanguage\":\"es\"},{\"@type\":\"Organization\",\"@id\":\"https:\\\/\\\/canal7slp.tv\\\/2019\\\/#organization\",\"name\":\"Comunicaci\u00f3n 2000 S.A. de C.V.\",\"url\":\"https:\\\/\\\/canal7slp.tv\\\/2019\\\/\",\"logo\":{\"@type\":\"ImageObject\",\"inLanguage\":\"es\",\"@id\":\"https:\\\/\\\/canal7slp.tv\\\/2019\\\/#\\\/schema\\\/logo\\\/image\\\/\",\"url\":\"https:\\\/\\\/canal7slp.tv\\\/2019\\\/wp-content\\\/uploads\\\/2019\\\/07\\\/logo-c7.png\",\"contentUrl\":\"https:\\\/\\\/canal7slp.tv\\\/2019\\\/wp-content\\\/uploads\\\/2019\\\/07\\\/logo-c7.png\",\"width\":220,\"height\":60,\"caption\":\"Comunicaci\u00f3n 2000 S.A. de C.V.\"},\"image\":{\"@id\":\"https:\\\/\\\/canal7slp.tv\\\/2019\\\/#\\\/schema\\\/logo\\\/image\\\/\"},\"sameAs\":[\"https:\\\/\\\/www.facebook.com\\\/CANAL7SLP\\\/\",\"https:\\\/\\\/x.com\\\/canal7_slp\",\"https:\\\/\\\/www.instagram.com\\\/canal7_slp\",\"https:\\\/\\\/www.youtube.com\\\/user\\\/NOTICIEROSCANAL7SLP\\\/\"]},{\"@type\":\"Person\",\"@id\":\"https:\\\/\\\/canal7slp.tv\\\/2019\\\/#\\\/schema\\\/person\\\/11d941c1c6ca30ac0a46b95fa37aa2e3\",\"name\":\"edicionweb\",\"image\":{\"@type\":\"ImageObject\",\"inLanguage\":\"es\",\"@id\":\"https:\\\/\\\/secure.gravatar.com\\\/avatar\\\/eee448fc3f7164808013b816ba91ac7e43bbe82a70bebac296f8bc6f0addaa1a?s=96&d=mm&r=g\",\"url\":\"https:\\\/\\\/secure.gravatar.com\\\/avatar\\\/eee448fc3f7164808013b816ba91ac7e43bbe82a70bebac296f8bc6f0addaa1a?s=96&d=mm&r=g\",\"contentUrl\":\"https:\\\/\\\/secure.gravatar.com\\\/avatar\\\/eee448fc3f7164808013b816ba91ac7e43bbe82a70bebac296f8bc6f0addaa1a?s=96&d=mm&r=g\",\"caption\":\"edicionweb\"}}]}<\/script>\n<!-- \/ Yoast SEO plugin. -->","yoast_head_json":{"title":"Protestas masivas colapsan Barcelona - Canal 7 SLP - 2019","robots":{"index":"index","follow":"follow","max-snippet":"max-snippet:-1","max-image-preview":"max-image-preview:large","max-video-preview":"max-video-preview:-1"},"canonical":"https:\/\/canal7slp.tv\/2019\/protestas-masivas-colapsan-barcelona\/","og_locale":"es_ES","og_type":"article","og_title":"Protestas masivas colapsan Barcelona - Canal 7 SLP - 2019","og_description":"M\u00e1s de medio mill\u00f3n de independentistas catalanes se manifiestan en rechazo a la sentencia que condena por secesi\u00f3n a sus l\u00edderes Espa\u00f1a.- M\u00e1s de medio mill\u00f3n de independentistas catalanes se reunieron este viernes en el centro de Barcelona, Espa\u00f1a, en una jornada de huelga general, para protestar por la sentencia que condena por secesi\u00f3n a [&hellip;]","og_url":"https:\/\/canal7slp.tv\/2019\/protestas-masivas-colapsan-barcelona\/","og_site_name":"Canal 7 SLP - 2019","article_publisher":"https:\/\/www.facebook.com\/CANAL7SLP\/","article_published_time":"2019-10-19T16:13:19+00:00","og_image":[{"width":700,"height":466,"url":"https:\/\/canal7slp.tv\/2019\/wp-content\/uploads\/2019\/10\/1230-18.jpg","type":"image\/jpeg"}],"author":"edicionweb","twitter_card":"summary_large_image","twitter_creator":"@canal7_slp","twitter_site":"@canal7_slp","twitter_misc":{"Escrito por":"edicionweb","Tiempo de lectura":"5 minutos"},"schema":{"@context":"https:\/\/schema.org","@graph":[{"@type":"Article","@id":"https:\/\/canal7slp.tv\/2019\/protestas-masivas-colapsan-barcelona\/#article","isPartOf":{"@id":"https:\/\/canal7slp.tv\/2019\/protestas-masivas-colapsan-barcelona\/"},"author":{"name":"edicionweb","@id":"https:\/\/canal7slp.tv\/2019\/#\/schema\/person\/11d941c1c6ca30ac0a46b95fa37aa2e3"},"headline":"Protestas masivas colapsan Barcelona","datePublished":"2019-10-19T16:13:19+00:00","mainEntityOfPage":{"@id":"https:\/\/canal7slp.tv\/2019\/protestas-masivas-colapsan-barcelona\/"},"wordCount":929,"commentCount":0,"publisher":{"@id":"https:\/\/canal7slp.tv\/2019\/#organization"},"image":{"@id":"https:\/\/canal7slp.tv\/2019\/protestas-masivas-colapsan-barcelona\/#primaryimage"},"thumbnailUrl":"https:\/\/canal7slp.tv\/2019\/wp-content\/uploads\/2019\/10\/1230-18.jpg","articleSection":["INTERNACIONAL"],"inLanguage":"es","potentialAction":[{"@type":"CommentAction","name":"Comment","target":["https:\/\/canal7slp.tv\/2019\/protestas-masivas-colapsan-barcelona\/#respond"]}]},{"@type":"WebPage","@id":"https:\/\/canal7slp.tv\/2019\/protestas-masivas-colapsan-barcelona\/","url":"https:\/\/canal7slp.tv\/2019\/protestas-masivas-colapsan-barcelona\/","name":"Protestas masivas colapsan Barcelona - Canal 7 SLP - 2019","isPartOf":{"@id":"https:\/\/canal7slp.tv\/2019\/#website"},"primaryImageOfPage":{"@id":"https:\/\/canal7slp.tv\/2019\/protestas-masivas-colapsan-barcelona\/#primaryimage"},"image":{"@id":"https:\/\/canal7slp.tv\/2019\/protestas-masivas-colapsan-barcelona\/#primaryimage"},"thumbnailUrl":"https:\/\/canal7slp.tv\/2019\/wp-content\/uploads\/2019\/10\/1230-18.jpg","datePublished":"2019-10-19T16:13:19+00:00","breadcrumb":{"@id":"https:\/\/canal7slp.tv\/2019\/protestas-masivas-colapsan-barcelona\/#breadcrumb"},"inLanguage":"es","potentialAction":[{"@type":"ReadAction","target":["https:\/\/canal7slp.tv\/2019\/protestas-masivas-colapsan-barcelona\/"]}]},{"@type":"ImageObject","inLanguage":"es","@id":"https:\/\/canal7slp.tv\/2019\/protestas-masivas-colapsan-barcelona\/#primaryimage","url":"https:\/\/canal7slp.tv\/2019\/wp-content\/uploads\/2019\/10\/1230-18.jpg","contentUrl":"https:\/\/canal7slp.tv\/2019\/wp-content\/uploads\/2019\/10\/1230-18.jpg","width":700,"height":466},{"@type":"BreadcrumbList","@id":"https:\/\/canal7slp.tv\/2019\/protestas-masivas-colapsan-barcelona\/#breadcrumb","itemListElement":[{"@type":"ListItem","position":1,"name":"Home","item":"https:\/\/canal7slp.tv\/2019\/"},{"@type":"ListItem","position":2,"name":"Protestas masivas colapsan Barcelona"}]},{"@type":"WebSite","@id":"https:\/\/canal7slp.tv\/2019\/#website","url":"https:\/\/canal7slp.tv\/2019\/","name":"Canal 7 SLP - Somos TV","description":"Somos un Canal de 10","publisher":{"@id":"https:\/\/canal7slp.tv\/2019\/#organization"},"potentialAction":[{"@type":"SearchAction","target":{"@type":"EntryPoint","urlTemplate":"https:\/\/canal7slp.tv\/2019\/?s={search_term_string}"},"query-input":{"@type":"PropertyValueSpecification","valueRequired":true,"valueName":"search_term_string"}}],"inLanguage":"es"},{"@type":"Organization","@id":"https:\/\/canal7slp.tv\/2019\/#organization","name":"Comunicaci\u00f3n 2000 S.A. de C.V.","url":"https:\/\/canal7slp.tv\/2019\/","logo":{"@type":"ImageObject","inLanguage":"es","@id":"https:\/\/canal7slp.tv\/2019\/#\/schema\/logo\/image\/","url":"https:\/\/canal7slp.tv\/2019\/wp-content\/uploads\/2019\/07\/logo-c7.png","contentUrl":"https:\/\/canal7slp.tv\/2019\/wp-content\/uploads\/2019\/07\/logo-c7.png","width":220,"height":60,"caption":"Comunicaci\u00f3n 2000 S.A. de C.V."},"image":{"@id":"https:\/\/canal7slp.tv\/2019\/#\/schema\/logo\/image\/"},"sameAs":["https:\/\/www.facebook.com\/CANAL7SLP\/","https:\/\/x.com\/canal7_slp","https:\/\/www.instagram.com\/canal7_slp","https:\/\/www.youtube.com\/user\/NOTICIEROSCANAL7SLP\/"]},{"@type":"Person","@id":"https:\/\/canal7slp.tv\/2019\/#\/schema\/person\/11d941c1c6ca30ac0a46b95fa37aa2e3","name":"edicionweb","image":{"@type":"ImageObject","inLanguage":"es","@id":"https:\/\/secure.gravatar.com\/avatar\/eee448fc3f7164808013b816ba91ac7e43bbe82a70bebac296f8bc6f0addaa1a?s=96&d=mm&r=g","url":"https:\/\/secure.gravatar.com\/avatar\/eee448fc3f7164808013b816ba91ac7e43bbe82a70bebac296f8bc6f0addaa1a?s=96&d=mm&r=g","contentUrl":"https:\/\/secure.gravatar.com\/avatar\/eee448fc3f7164808013b816ba91ac7e43bbe82a70bebac296f8bc6f0addaa1a?s=96&d=mm&r=g","caption":"edicionweb"}}]}},"amp_enabled":true,"cmb2":{"video_ids_in_playlist":{"vid_p_videos":""},"video_ids_in_channel":{"vid_c_videos":""},"playlist_ids_in_channel":{"vid_c_playlists":""},"series_ids_in_channel":{"vid_c_series":""},"channel_images":{"vid_c_logo":"","vid_c_banner":""},"poster_feature_image":{"vid_m_poster_image":""},"gif_feature_image":{"vid_m_gif_image":""},"video_movie_settings":{"vid_m_director":"","vid_m_actor":"","vid_m_imdb_ratings":"","vid_m_amazon_associates":""},"vid_youtube_broadcasts_settings":{"vid_yb_broadcast_title":"","vid_yb_q":"","vid_yb_channelid":"","vid_yb_videocategoryid":"","vid_yb_maxresults":"","vid_yb_order":"","vid_yb_regioncode":"","vid_yb_videosyndicated":"","vid_yb_style":"","vid_yb_reload_first":""},"video_series_settings":{"vid_m_director":"","vid_m_actor":"","vid_m_imdb_ratings":"","video_series_group":""},"amazon_associates_settings":{"amazon_associates":"","amazon_native_ad":""},"vid_youtube_automatic_settings":{"vid_ya_youtube_source":"","vid_ya_update_every":"","vid_ya_update_unit":"","vid_ya_categories":"","vid_ya_published_after":"","vid_ya_published_before":"","vid_ya_playlists":"","vid_ya_channels":"","vid_ya_director":"","vid_ya_actor":"","vid_ya_author":"","vid_ya_import_post_date":"","vid_ya_status":"","vid_ya_sub_api_key":""},"vid_ads_m_videoads_settings_post":{"vid_ads_m_video_ads":"","vid_ads_m_video_ads_type":"","vid_ads_m_group_google_ima":"","vid_ads_m_group_image":"","vid_ads_m_group_html5_video":"","vid_ads_m_group_html":"","vid_ads_m_vast_preroll":"","vid_ads_m_vast_postroll":"","vid_ads_m_vast_pauseroll":"","vid_ads_m_vast_midroll":[{"vid_ads_m_vast_timer_seconds":"50"}],"vid_ads_m_time_to_show_ads":"","vid_ads_m_time_skip_ads":"","vid_ads_m_time_to_hide_ads":""},"page_slider_settings":{"display_slider_group":"","page_slider_group":""},"blog_page_settings":{"blog_page_title":"","blog_page_heading":"","blog_page_ic":"","blog_page_it":"","blog_page_ec":"","blog_page_ip":"","archive_loop_style":"","blog_image_ratio":"","blog_show_categories":"","blog_show_excerpt":"","blog_show_author":"","blog_show_date":"","blog_show_comment_count":"","blog_show_view_count":"","blog_show_like_count":"","blog_show_dislike_count":"","blog_items_per_page":"","blog_pag_type":""},"page_options":{"get_page_template":"","color_mode":"","main_layout":"","main_layout_full_with":"","main_logo":"","main_logo_retina":"","main_logo_mobile":"","main_logo_mobile_retina":"","sticky_logo":"","sticky_logo_retina":"","main_nav_layout":"","ajax_search":"","header_background":"","theme_sidebar":"","instagram_feed":"","instagram_feed_position":"","popular_videos":"","popular_videos_title_1":"","popular_videos_title_2":"","popular_videos_ic":"","popular_videos_it":"","theme_background":"","page_custom_css":""},"feature_image_settings":{"feature_image_position":""},"video_player_settings":{"single_video_style":"","video_player_position":"","vm_video_url":"","video_player_library":"","video_streaming":"","vm_media_sources":"","vid_auto_play":"","vm_video_shortcode":"","vid_p_sync_playlist":"","vid_c_sync_channel":"","get_post_format":"","multiple_links_structure":"default","multi_links_title":"","vm_video_multi_links":"","vm_duration":"","vid_social_locker":"off","vid_social_locker_id":"","vid_membership_action":"content-video","vm_video_trailer_url":"","vid_download_type":"free","vid_download_target":"download","vid_woo_product":"","vm_media_download":"","user_rating":"","user_rating_position":"","user_rating_mode":"","user_rating_multi_sets":""},"video_auto_fetch_settings":{"vm_video_fetch":"on"},"video_fake_views_likes":{"vm_fake_views":"","vm_fake_likes":"","vm_fake_dislikes":""},"gallery_settings":{"gallery_position":""},"quote_settings":{"quote_position":""},"post_options":{"main_layout":"","main_logo":"","main_logo_retina":"","main_logo_mobile":"","main_logo_mobile_retina":"","sticky_logo":"","sticky_logo_retina":"","main_nav_layout":"","header_background":"","theme_sidebar":"","single_post_comment_type":"","theme_background":""}},"_links":{"self":[{"href":"https:\/\/canal7slp.tv\/2019\/wp-json\/wp\/v2\/posts\/76107","targetHints":{"allow":["GET"]}}],"collection":[{"href":"https:\/\/canal7slp.tv\/2019\/wp-json\/wp\/v2\/posts"}],"about":[{"href":"https:\/\/canal7slp.tv\/2019\/wp-json\/wp\/v2\/types\/post"}],"author":[{"embeddable":true,"href":"https:\/\/canal7slp.tv\/2019\/wp-json\/wp\/v2\/users\/2"}],"replies":[{"embeddable":true,"href":"https:\/\/canal7slp.tv\/2019\/wp-json\/wp\/v2\/comments?post=76107"}],"version-history":[{"count":0,"href":"https:\/\/canal7slp.tv\/2019\/wp-json\/wp\/v2\/posts\/76107\/revisions"}],"wp:featuredmedia":[{"embeddable":true,"href":"https:\/\/canal7slp.tv\/2019\/wp-json\/wp\/v2\/media\/76108"}],"wp:attachment":[{"href":"https:\/\/canal7slp.tv\/2019\/wp-json\/wp\/v2\/media?parent=76107"}],"wp:term":[{"taxonomy":"category","embeddable":true,"href":"https:\/\/canal7slp.tv\/2019\/wp-json\/wp\/v2\/categories?post=76107"},{"taxonomy":"post_tag","embeddable":true,"href":"https:\/\/canal7slp.tv\/2019\/wp-json\/wp\/v2\/tags?post=76107"}],"curies":[{"name":"wp","href":"https:\/\/api.w.org\/{rel}","templated":true}]}}