{"id":75937,"date":"2019-10-18T14:16:03","date_gmt":"2019-10-18T19:16:03","guid":{"rendered":"https:\/\/canal7slp.tv\/2019\/?p=75937"},"modified":"2019-10-18T14:16:03","modified_gmt":"2019-10-18T19:16:03","slug":"fans-y-estrellas-del-k-pop-despiden-a-la-fallecida-artista-sulli","status":"publish","type":"post","link":"https:\/\/canal7slp.tv\/2019\/fans-y-estrellas-del-k-pop-despiden-a-la-fallecida-artista-sulli\/","title":{"rendered":"Fans y estrellas del K-pop despiden a la fallecida artista Sulli"},"content":{"rendered":"<ul>\n<li style=\"text-align: justify\">El f\u00e9retro de la cantante fue trasladado al crematorio ayer, despu\u00e9s de permanecer dos d\u00edas en el hospital Severance, donde sus allegados y seguidores pudieron rendirle honores<\/li>\n<\/ul>\n<p style=\"text-align: justify\">Seul.- Fans y estrellas del K-pop han dado el \u00faltimo adi\u00f3s en Se\u00fal a Sulli, cantante y actriz surcoreana que falleci\u00f3 esta semana tras supuestamente quitarse la vida.<\/p>\n<p style=\"text-align: justify\">Seguidores de la artista y amigos se despidieron de Sulli en el hospital universitario Severance de la capital surcoreana antes de que su f\u00e9retro, que ha permanecido en el centro m\u00e9dico desde el lunes, fuera trasladado ayer al crematorio, inform\u00f3 la agencia Yonhap.<\/p>\n<p style=\"text-align: justify\">La polic\u00eda hall\u00f3 el lunes su cad\u00e1ver en su residencia al sur de Se\u00fal y sospecha que se trat\u00f3 de un suicidio, al tiempo que la gente m\u00e1s cercana a la artista, cuyo verdadero nombre era Choi Jin-ri, ha afirmado que sufr\u00eda depresi\u00f3n.<\/p>\n<p style=\"text-align: justify\">Muchos amigos han llenado las redes sociales de mensajes, como Goo Ha-ra, exmiembro de la banda femenina Kara y una de sus mejores amigas.<\/p>\n<p style=\"text-align: justify\">Goo public\u00f3 varias fotos de ambas en su cuenta de Instagram, en la que escribi\u00f3 &#8220;Jin-ri har\u00e1 todo lo que desee en ese otro mundo&#8221;.<\/p>\n<p style=\"text-align: justify\">Nacida en Busan (sureste del pa\u00eds), Sulli debut\u00f3 como actriz en televisi\u00f3n en 2005 con solo 11 a\u00f1os y en 2009 comenz\u00f3 su carrera musical al unirse a la &#8220;girl band&#8221; f(x).<\/p>\n<p style=\"text-align: justify\">Entre 2014 y 2015 se retir\u00f3 de la vida p\u00fablica por unas intensas campa\u00f1as de ciberacoso cuando sali\u00f3 a la luz su relaci\u00f3n con el cantante Choiza (algo muy poco com\u00fan en una industria que trata de proyectar una imagen de solter\u00eda de sus estrellas para generar ilusiones en los fans) de Dynamic duo, con quien romper\u00eda en 2017.<\/p>\n<p style=\"text-align: justify\">Sulli acabar\u00eda dejando definitivamente f(x) en 2015 y continu\u00f3 trabajando espor\u00e1dicamente como actriz en pel\u00edculas como &#8220;Real&#8221; (2017) o, m\u00e1s recientemente, en series televisivas como &#8220;Hotel Del Luna&#8221;.<\/p>\n<p style=\"text-align: justify\">El pasado verano comenz\u00f3 a copresentar un programa centrado precisamente en el ciberacoso que sufren los artistas surcoreanos, donde habl\u00f3, entre otras cosas, de las campa\u00f1as de odio recientes de las que volvi\u00f3 a ser v\u00edctima por aparecer en varias fotograf\u00edas sin usar brasier.<\/p>\n<p style=\"text-align: justify\">La artista dijo que decidi\u00f3 seguir posando as\u00ed por un tema de comodidad personal y para terminar con el prejuicio machista en Corea del Sur hacia las mujeres que deciden no usar sost\u00e9n.<\/p>\n<p style=\"text-align: justify\">La muerte de Sulli subraya nuevamente la presi\u00f3n que enfrentan las celebridades del K-Pop y los pocos recursos a su disposici\u00f3n para encarar estas situaciones, adem\u00e1s de motivar una petici\u00f3n p\u00fablica al Gobierno surcoreano para obligar a registrarse con nombres verdaderos en redes sociales y facilitar denuncias en caso de ciberacoso.<\/p>\n","protected":false},"excerpt":{"rendered":"<p>El f\u00e9retro de la cantante fue trasladado al crematorio ayer, despu\u00e9s de permanecer dos d\u00edas en el hospital Severance, donde sus allegados y seguidores pudieron rendirle honores Seul.- Fans y estrellas del K-pop han dado el \u00faltimo adi\u00f3s en Se\u00fal a Sulli, cantante y actriz surcoreana que falleci\u00f3 esta semana tras supuestamente quitarse la vida. [&hellip;]<\/p>\n","protected":false},"author":2,"featured_media":75938,"comment_status":"open","ping_status":"open","sticky":false,"template":"","format":"standard","meta":{"footnotes":""},"categories":[24],"tags":[],"class_list":["post-75937","post","type-post","status-publish","format-standard","has-post-thumbnail","hentry","category-espectaculos"],"yoast_head":"<!-- This site is optimized with the Yoast SEO plugin v27.5 - https:\/\/yoast.com\/product\/yoast-seo-wordpress\/ -->\n<title>Fans y estrellas del K-pop despiden a la fallecida artista Sulli - Canal 7 SLP - 2019<\/title>\n<meta name=\"robots\" content=\"index, follow, max-snippet:-1, max-image-preview:large, max-video-preview:-1\" \/>\n<link rel=\"canonical\" href=\"https:\/\/canal7slp.tv\/2019\/fans-y-estrellas-del-k-pop-despiden-a-la-fallecida-artista-sulli\/\" \/>\n<meta property=\"og:locale\" content=\"es_ES\" \/>\n<meta property=\"og:type\" content=\"article\" \/>\n<meta property=\"og:title\" content=\"Fans y estrellas del K-pop despiden a la fallecida artista Sulli - Canal 7 SLP - 2019\" \/>\n<meta property=\"og:description\" content=\"El f\u00e9retro de la cantante fue trasladado al crematorio ayer, despu\u00e9s de permanecer dos d\u00edas en el hospital Severance, donde sus allegados y seguidores pudieron rendirle honores Seul.- Fans y estrellas del K-pop han dado el \u00faltimo adi\u00f3s en Se\u00fal a Sulli, cantante y actriz surcoreana que falleci\u00f3 esta semana tras supuestamente quitarse la vida. [&hellip;]\" \/>\n<meta property=\"og:url\" content=\"https:\/\/canal7slp.tv\/2019\/fans-y-estrellas-del-k-pop-despiden-a-la-fallecida-artista-sulli\/\" \/>\n<meta property=\"og:site_name\" content=\"Canal 7 SLP - 2019\" \/>\n<meta property=\"article:publisher\" content=\"https:\/\/www.facebook.com\/CANAL7SLP\/\" \/>\n<meta property=\"article:published_time\" content=\"2019-10-18T19:16:03+00:00\" \/>\n<meta property=\"og:image\" content=\"https:\/\/canal7slp.tv\/2019\/wp-content\/uploads\/2019\/10\/1440-13.jpg\" \/>\n\t<meta property=\"og:image:width\" content=\"770\" \/>\n\t<meta property=\"og:image:height\" content=\"485\" \/>\n\t<meta property=\"og:image:type\" content=\"image\/jpeg\" \/>\n<meta name=\"author\" content=\"edicionweb\" \/>\n<meta name=\"twitter:card\" content=\"summary_large_image\" \/>\n<meta name=\"twitter:creator\" content=\"@canal7_slp\" \/>\n<meta name=\"twitter:site\" content=\"@canal7_slp\" \/>\n<meta name=\"twitter:label1\" content=\"Escrito por\" \/>\n\t<meta name=\"twitter:data1\" content=\"edicionweb\" \/>\n\t<meta name=\"twitter:label2\" content=\"Tiempo de lectura\" \/>\n\t<meta name=\"twitter:data2\" content=\"2 minutos\" \/>\n<script type=\"application\/ld+json\" class=\"yoast-schema-graph\">{\"@context\":\"https:\\\/\\\/schema.org\",\"@graph\":[{\"@type\":\"Article\",\"@id\":\"https:\\\/\\\/canal7slp.tv\\\/2019\\\/fans-y-estrellas-del-k-pop-despiden-a-la-fallecida-artista-sulli\\\/#article\",\"isPartOf\":{\"@id\":\"https:\\\/\\\/canal7slp.tv\\\/2019\\\/fans-y-estrellas-del-k-pop-despiden-a-la-fallecida-artista-sulli\\\/\"},\"author\":{\"name\":\"edicionweb\",\"@id\":\"https:\\\/\\\/canal7slp.tv\\\/2019\\\/#\\\/schema\\\/person\\\/11d941c1c6ca30ac0a46b95fa37aa2e3\"},\"headline\":\"Fans y estrellas del K-pop despiden a la fallecida artista Sulli\",\"datePublished\":\"2019-10-18T19:16:03+00:00\",\"mainEntityOfPage\":{\"@id\":\"https:\\\/\\\/canal7slp.tv\\\/2019\\\/fans-y-estrellas-del-k-pop-despiden-a-la-fallecida-artista-sulli\\\/\"},\"wordCount\":478,\"commentCount\":0,\"publisher\":{\"@id\":\"https:\\\/\\\/canal7slp.tv\\\/2019\\\/#organization\"},\"image\":{\"@id\":\"https:\\\/\\\/canal7slp.tv\\\/2019\\\/fans-y-estrellas-del-k-pop-despiden-a-la-fallecida-artista-sulli\\\/#primaryimage\"},\"thumbnailUrl\":\"https:\\\/\\\/canal7slp.tv\\\/2019\\\/wp-content\\\/uploads\\\/2019\\\/10\\\/1440-13.jpg\",\"articleSection\":[\"ESPECTACULOS\"],\"inLanguage\":\"es\",\"potentialAction\":[{\"@type\":\"CommentAction\",\"name\":\"Comment\",\"target\":[\"https:\\\/\\\/canal7slp.tv\\\/2019\\\/fans-y-estrellas-del-k-pop-despiden-a-la-fallecida-artista-sulli\\\/#respond\"]}]},{\"@type\":\"WebPage\",\"@id\":\"https:\\\/\\\/canal7slp.tv\\\/2019\\\/fans-y-estrellas-del-k-pop-despiden-a-la-fallecida-artista-sulli\\\/\",\"url\":\"https:\\\/\\\/canal7slp.tv\\\/2019\\\/fans-y-estrellas-del-k-pop-despiden-a-la-fallecida-artista-sulli\\\/\",\"name\":\"Fans y estrellas del K-pop despiden a la fallecida artista Sulli - Canal 7 SLP - 2019\",\"isPartOf\":{\"@id\":\"https:\\\/\\\/canal7slp.tv\\\/2019\\\/#website\"},\"primaryImageOfPage\":{\"@id\":\"https:\\\/\\\/canal7slp.tv\\\/2019\\\/fans-y-estrellas-del-k-pop-despiden-a-la-fallecida-artista-sulli\\\/#primaryimage\"},\"image\":{\"@id\":\"https:\\\/\\\/canal7slp.tv\\\/2019\\\/fans-y-estrellas-del-k-pop-despiden-a-la-fallecida-artista-sulli\\\/#primaryimage\"},\"thumbnailUrl\":\"https:\\\/\\\/canal7slp.tv\\\/2019\\\/wp-content\\\/uploads\\\/2019\\\/10\\\/1440-13.jpg\",\"datePublished\":\"2019-10-18T19:16:03+00:00\",\"breadcrumb\":{\"@id\":\"https:\\\/\\\/canal7slp.tv\\\/2019\\\/fans-y-estrellas-del-k-pop-despiden-a-la-fallecida-artista-sulli\\\/#breadcrumb\"},\"inLanguage\":\"es\",\"potentialAction\":[{\"@type\":\"ReadAction\",\"target\":[\"https:\\\/\\\/canal7slp.tv\\\/2019\\\/fans-y-estrellas-del-k-pop-despiden-a-la-fallecida-artista-sulli\\\/\"]}]},{\"@type\":\"ImageObject\",\"inLanguage\":\"es\",\"@id\":\"https:\\\/\\\/canal7slp.tv\\\/2019\\\/fans-y-estrellas-del-k-pop-despiden-a-la-fallecida-artista-sulli\\\/#primaryimage\",\"url\":\"https:\\\/\\\/canal7slp.tv\\\/2019\\\/wp-content\\\/uploads\\\/2019\\\/10\\\/1440-13.jpg\",\"contentUrl\":\"https:\\\/\\\/canal7slp.tv\\\/2019\\\/wp-content\\\/uploads\\\/2019\\\/10\\\/1440-13.jpg\",\"width\":770,\"height\":485},{\"@type\":\"BreadcrumbList\",\"@id\":\"https:\\\/\\\/canal7slp.tv\\\/2019\\\/fans-y-estrellas-del-k-pop-despiden-a-la-fallecida-artista-sulli\\\/#breadcrumb\",\"itemListElement\":[{\"@type\":\"ListItem\",\"position\":1,\"name\":\"Home\",\"item\":\"https:\\\/\\\/canal7slp.tv\\\/2019\\\/\"},{\"@type\":\"ListItem\",\"position\":2,\"name\":\"Fans y estrellas del K-pop despiden a la fallecida artista Sulli\"}]},{\"@type\":\"WebSite\",\"@id\":\"https:\\\/\\\/canal7slp.tv\\\/2019\\\/#website\",\"url\":\"https:\\\/\\\/canal7slp.tv\\\/2019\\\/\",\"name\":\"Canal 7 SLP - Somos TV\",\"description\":\"Somos un Canal de 10\",\"publisher\":{\"@id\":\"https:\\\/\\\/canal7slp.tv\\\/2019\\\/#organization\"},\"potentialAction\":[{\"@type\":\"SearchAction\",\"target\":{\"@type\":\"EntryPoint\",\"urlTemplate\":\"https:\\\/\\\/canal7slp.tv\\\/2019\\\/?s={search_term_string}\"},\"query-input\":{\"@type\":\"PropertyValueSpecification\",\"valueRequired\":true,\"valueName\":\"search_term_string\"}}],\"inLanguage\":\"es\"},{\"@type\":\"Organization\",\"@id\":\"https:\\\/\\\/canal7slp.tv\\\/2019\\\/#organization\",\"name\":\"Comunicaci\u00f3n 2000 S.A. de C.V.\",\"url\":\"https:\\\/\\\/canal7slp.tv\\\/2019\\\/\",\"logo\":{\"@type\":\"ImageObject\",\"inLanguage\":\"es\",\"@id\":\"https:\\\/\\\/canal7slp.tv\\\/2019\\\/#\\\/schema\\\/logo\\\/image\\\/\",\"url\":\"https:\\\/\\\/canal7slp.tv\\\/2019\\\/wp-content\\\/uploads\\\/2019\\\/07\\\/logo-c7.png\",\"contentUrl\":\"https:\\\/\\\/canal7slp.tv\\\/2019\\\/wp-content\\\/uploads\\\/2019\\\/07\\\/logo-c7.png\",\"width\":220,\"height\":60,\"caption\":\"Comunicaci\u00f3n 2000 S.A. de C.V.\"},\"image\":{\"@id\":\"https:\\\/\\\/canal7slp.tv\\\/2019\\\/#\\\/schema\\\/logo\\\/image\\\/\"},\"sameAs\":[\"https:\\\/\\\/www.facebook.com\\\/CANAL7SLP\\\/\",\"https:\\\/\\\/x.com\\\/canal7_slp\",\"https:\\\/\\\/www.instagram.com\\\/canal7_slp\",\"https:\\\/\\\/www.youtube.com\\\/user\\\/NOTICIEROSCANAL7SLP\\\/\"]},{\"@type\":\"Person\",\"@id\":\"https:\\\/\\\/canal7slp.tv\\\/2019\\\/#\\\/schema\\\/person\\\/11d941c1c6ca30ac0a46b95fa37aa2e3\",\"name\":\"edicionweb\",\"image\":{\"@type\":\"ImageObject\",\"inLanguage\":\"es\",\"@id\":\"https:\\\/\\\/secure.gravatar.com\\\/avatar\\\/eee448fc3f7164808013b816ba91ac7e43bbe82a70bebac296f8bc6f0addaa1a?s=96&d=mm&r=g\",\"url\":\"https:\\\/\\\/secure.gravatar.com\\\/avatar\\\/eee448fc3f7164808013b816ba91ac7e43bbe82a70bebac296f8bc6f0addaa1a?s=96&d=mm&r=g\",\"contentUrl\":\"https:\\\/\\\/secure.gravatar.com\\\/avatar\\\/eee448fc3f7164808013b816ba91ac7e43bbe82a70bebac296f8bc6f0addaa1a?s=96&d=mm&r=g\",\"caption\":\"edicionweb\"}}]}<\/script>\n<!-- \/ Yoast SEO plugin. -->","yoast_head_json":{"title":"Fans y estrellas del K-pop despiden a la fallecida artista Sulli - Canal 7 SLP - 2019","robots":{"index":"index","follow":"follow","max-snippet":"max-snippet:-1","max-image-preview":"max-image-preview:large","max-video-preview":"max-video-preview:-1"},"canonical":"https:\/\/canal7slp.tv\/2019\/fans-y-estrellas-del-k-pop-despiden-a-la-fallecida-artista-sulli\/","og_locale":"es_ES","og_type":"article","og_title":"Fans y estrellas del K-pop despiden a la fallecida artista Sulli - Canal 7 SLP - 2019","og_description":"El f\u00e9retro de la cantante fue trasladado al crematorio ayer, despu\u00e9s de permanecer dos d\u00edas en el hospital Severance, donde sus allegados y seguidores pudieron rendirle honores Seul.- Fans y estrellas del K-pop han dado el \u00faltimo adi\u00f3s en Se\u00fal a Sulli, cantante y actriz surcoreana que falleci\u00f3 esta semana tras supuestamente quitarse la vida. [&hellip;]","og_url":"https:\/\/canal7slp.tv\/2019\/fans-y-estrellas-del-k-pop-despiden-a-la-fallecida-artista-sulli\/","og_site_name":"Canal 7 SLP - 2019","article_publisher":"https:\/\/www.facebook.com\/CANAL7SLP\/","article_published_time":"2019-10-18T19:16:03+00:00","og_image":[{"width":770,"height":485,"url":"https:\/\/canal7slp.tv\/2019\/wp-content\/uploads\/2019\/10\/1440-13.jpg","type":"image\/jpeg"}],"author":"edicionweb","twitter_card":"summary_large_image","twitter_creator":"@canal7_slp","twitter_site":"@canal7_slp","twitter_misc":{"Escrito por":"edicionweb","Tiempo de lectura":"2 minutos"},"schema":{"@context":"https:\/\/schema.org","@graph":[{"@type":"Article","@id":"https:\/\/canal7slp.tv\/2019\/fans-y-estrellas-del-k-pop-despiden-a-la-fallecida-artista-sulli\/#article","isPartOf":{"@id":"https:\/\/canal7slp.tv\/2019\/fans-y-estrellas-del-k-pop-despiden-a-la-fallecida-artista-sulli\/"},"author":{"name":"edicionweb","@id":"https:\/\/canal7slp.tv\/2019\/#\/schema\/person\/11d941c1c6ca30ac0a46b95fa37aa2e3"},"headline":"Fans y estrellas del K-pop despiden a la fallecida artista Sulli","datePublished":"2019-10-18T19:16:03+00:00","mainEntityOfPage":{"@id":"https:\/\/canal7slp.tv\/2019\/fans-y-estrellas-del-k-pop-despiden-a-la-fallecida-artista-sulli\/"},"wordCount":478,"commentCount":0,"publisher":{"@id":"https:\/\/canal7slp.tv\/2019\/#organization"},"image":{"@id":"https:\/\/canal7slp.tv\/2019\/fans-y-estrellas-del-k-pop-despiden-a-la-fallecida-artista-sulli\/#primaryimage"},"thumbnailUrl":"https:\/\/canal7slp.tv\/2019\/wp-content\/uploads\/2019\/10\/1440-13.jpg","articleSection":["ESPECTACULOS"],"inLanguage":"es","potentialAction":[{"@type":"CommentAction","name":"Comment","target":["https:\/\/canal7slp.tv\/2019\/fans-y-estrellas-del-k-pop-despiden-a-la-fallecida-artista-sulli\/#respond"]}]},{"@type":"WebPage","@id":"https:\/\/canal7slp.tv\/2019\/fans-y-estrellas-del-k-pop-despiden-a-la-fallecida-artista-sulli\/","url":"https:\/\/canal7slp.tv\/2019\/fans-y-estrellas-del-k-pop-despiden-a-la-fallecida-artista-sulli\/","name":"Fans y estrellas del K-pop despiden a la fallecida artista Sulli - Canal 7 SLP - 2019","isPartOf":{"@id":"https:\/\/canal7slp.tv\/2019\/#website"},"primaryImageOfPage":{"@id":"https:\/\/canal7slp.tv\/2019\/fans-y-estrellas-del-k-pop-despiden-a-la-fallecida-artista-sulli\/#primaryimage"},"image":{"@id":"https:\/\/canal7slp.tv\/2019\/fans-y-estrellas-del-k-pop-despiden-a-la-fallecida-artista-sulli\/#primaryimage"},"thumbnailUrl":"https:\/\/canal7slp.tv\/2019\/wp-content\/uploads\/2019\/10\/1440-13.jpg","datePublished":"2019-10-18T19:16:03+00:00","breadcrumb":{"@id":"https:\/\/canal7slp.tv\/2019\/fans-y-estrellas-del-k-pop-despiden-a-la-fallecida-artista-sulli\/#breadcrumb"},"inLanguage":"es","potentialAction":[{"@type":"ReadAction","target":["https:\/\/canal7slp.tv\/2019\/fans-y-estrellas-del-k-pop-despiden-a-la-fallecida-artista-sulli\/"]}]},{"@type":"ImageObject","inLanguage":"es","@id":"https:\/\/canal7slp.tv\/2019\/fans-y-estrellas-del-k-pop-despiden-a-la-fallecida-artista-sulli\/#primaryimage","url":"https:\/\/canal7slp.tv\/2019\/wp-content\/uploads\/2019\/10\/1440-13.jpg","contentUrl":"https:\/\/canal7slp.tv\/2019\/wp-content\/uploads\/2019\/10\/1440-13.jpg","width":770,"height":485},{"@type":"BreadcrumbList","@id":"https:\/\/canal7slp.tv\/2019\/fans-y-estrellas-del-k-pop-despiden-a-la-fallecida-artista-sulli\/#breadcrumb","itemListElement":[{"@type":"ListItem","position":1,"name":"Home","item":"https:\/\/canal7slp.tv\/2019\/"},{"@type":"ListItem","position":2,"name":"Fans y estrellas del K-pop despiden a la fallecida artista Sulli"}]},{"@type":"WebSite","@id":"https:\/\/canal7slp.tv\/2019\/#website","url":"https:\/\/canal7slp.tv\/2019\/","name":"Canal 7 SLP - Somos TV","description":"Somos un Canal de 10","publisher":{"@id":"https:\/\/canal7slp.tv\/2019\/#organization"},"potentialAction":[{"@type":"SearchAction","target":{"@type":"EntryPoint","urlTemplate":"https:\/\/canal7slp.tv\/2019\/?s={search_term_string}"},"query-input":{"@type":"PropertyValueSpecification","valueRequired":true,"valueName":"search_term_string"}}],"inLanguage":"es"},{"@type":"Organization","@id":"https:\/\/canal7slp.tv\/2019\/#organization","name":"Comunicaci\u00f3n 2000 S.A. de C.V.","url":"https:\/\/canal7slp.tv\/2019\/","logo":{"@type":"ImageObject","inLanguage":"es","@id":"https:\/\/canal7slp.tv\/2019\/#\/schema\/logo\/image\/","url":"https:\/\/canal7slp.tv\/2019\/wp-content\/uploads\/2019\/07\/logo-c7.png","contentUrl":"https:\/\/canal7slp.tv\/2019\/wp-content\/uploads\/2019\/07\/logo-c7.png","width":220,"height":60,"caption":"Comunicaci\u00f3n 2000 S.A. de C.V."},"image":{"@id":"https:\/\/canal7slp.tv\/2019\/#\/schema\/logo\/image\/"},"sameAs":["https:\/\/www.facebook.com\/CANAL7SLP\/","https:\/\/x.com\/canal7_slp","https:\/\/www.instagram.com\/canal7_slp","https:\/\/www.youtube.com\/user\/NOTICIEROSCANAL7SLP\/"]},{"@type":"Person","@id":"https:\/\/canal7slp.tv\/2019\/#\/schema\/person\/11d941c1c6ca30ac0a46b95fa37aa2e3","name":"edicionweb","image":{"@type":"ImageObject","inLanguage":"es","@id":"https:\/\/secure.gravatar.com\/avatar\/eee448fc3f7164808013b816ba91ac7e43bbe82a70bebac296f8bc6f0addaa1a?s=96&d=mm&r=g","url":"https:\/\/secure.gravatar.com\/avatar\/eee448fc3f7164808013b816ba91ac7e43bbe82a70bebac296f8bc6f0addaa1a?s=96&d=mm&r=g","contentUrl":"https:\/\/secure.gravatar.com\/avatar\/eee448fc3f7164808013b816ba91ac7e43bbe82a70bebac296f8bc6f0addaa1a?s=96&d=mm&r=g","caption":"edicionweb"}}]}},"amp_enabled":true,"cmb2":{"video_ids_in_playlist":{"vid_p_videos":""},"video_ids_in_channel":{"vid_c_videos":""},"playlist_ids_in_channel":{"vid_c_playlists":""},"series_ids_in_channel":{"vid_c_series":""},"channel_images":{"vid_c_logo":"","vid_c_banner":""},"poster_feature_image":{"vid_m_poster_image":""},"gif_feature_image":{"vid_m_gif_image":""},"video_movie_settings":{"vid_m_director":"","vid_m_actor":"","vid_m_imdb_ratings":"","vid_m_amazon_associates":""},"vid_youtube_broadcasts_settings":{"vid_yb_broadcast_title":"","vid_yb_q":"","vid_yb_channelid":"","vid_yb_videocategoryid":"","vid_yb_maxresults":"","vid_yb_order":"","vid_yb_regioncode":"","vid_yb_videosyndicated":"","vid_yb_style":"","vid_yb_reload_first":""},"video_series_settings":{"vid_m_director":"","vid_m_actor":"","vid_m_imdb_ratings":"","video_series_group":""},"amazon_associates_settings":{"amazon_associates":"","amazon_native_ad":""},"vid_youtube_automatic_settings":{"vid_ya_youtube_source":"","vid_ya_update_every":"","vid_ya_update_unit":"","vid_ya_categories":"","vid_ya_published_after":"","vid_ya_published_before":"","vid_ya_playlists":"","vid_ya_channels":"","vid_ya_director":"","vid_ya_actor":"","vid_ya_author":"","vid_ya_import_post_date":"","vid_ya_status":"","vid_ya_sub_api_key":""},"vid_ads_m_videoads_settings_post":{"vid_ads_m_video_ads":"","vid_ads_m_video_ads_type":"","vid_ads_m_group_google_ima":"","vid_ads_m_group_image":"","vid_ads_m_group_html5_video":"","vid_ads_m_group_html":"","vid_ads_m_vast_preroll":"","vid_ads_m_vast_postroll":"","vid_ads_m_vast_pauseroll":"","vid_ads_m_vast_midroll":[{"vid_ads_m_vast_timer_seconds":"50"}],"vid_ads_m_time_to_show_ads":"","vid_ads_m_time_skip_ads":"","vid_ads_m_time_to_hide_ads":""},"page_slider_settings":{"display_slider_group":"","page_slider_group":""},"blog_page_settings":{"blog_page_title":"","blog_page_heading":"","blog_page_ic":"","blog_page_it":"","blog_page_ec":"","blog_page_ip":"","archive_loop_style":"","blog_image_ratio":"","blog_show_categories":"","blog_show_excerpt":"","blog_show_author":"","blog_show_date":"","blog_show_comment_count":"","blog_show_view_count":"","blog_show_like_count":"","blog_show_dislike_count":"","blog_items_per_page":"","blog_pag_type":""},"page_options":{"get_page_template":"","color_mode":"","main_layout":"","main_layout_full_with":"","main_logo":"","main_logo_retina":"","main_logo_mobile":"","main_logo_mobile_retina":"","sticky_logo":"","sticky_logo_retina":"","main_nav_layout":"","ajax_search":"","header_background":"","theme_sidebar":"","instagram_feed":"","instagram_feed_position":"","popular_videos":"","popular_videos_title_1":"","popular_videos_title_2":"","popular_videos_ic":"","popular_videos_it":"","theme_background":"","page_custom_css":""},"feature_image_settings":{"feature_image_position":""},"video_player_settings":{"single_video_style":"","video_player_position":"","vm_video_url":"","video_player_library":"","video_streaming":"","vm_media_sources":"","vid_auto_play":"","vm_video_shortcode":"","vid_p_sync_playlist":"","vid_c_sync_channel":"","get_post_format":"","multiple_links_structure":"default","multi_links_title":"","vm_video_multi_links":"","vm_duration":"","vid_social_locker":"off","vid_social_locker_id":"","vid_membership_action":"content-video","vm_video_trailer_url":"","vid_download_type":"free","vid_download_target":"download","vid_woo_product":"","vm_media_download":"","user_rating":"","user_rating_position":"","user_rating_mode":"","user_rating_multi_sets":""},"video_auto_fetch_settings":{"vm_video_fetch":"on"},"video_fake_views_likes":{"vm_fake_views":"","vm_fake_likes":"","vm_fake_dislikes":""},"gallery_settings":{"gallery_position":""},"quote_settings":{"quote_position":""},"post_options":{"main_layout":"","main_logo":"","main_logo_retina":"","main_logo_mobile":"","main_logo_mobile_retina":"","sticky_logo":"","sticky_logo_retina":"","main_nav_layout":"","header_background":"","theme_sidebar":"","single_post_comment_type":"","theme_background":""}},"_links":{"self":[{"href":"https:\/\/canal7slp.tv\/2019\/wp-json\/wp\/v2\/posts\/75937","targetHints":{"allow":["GET"]}}],"collection":[{"href":"https:\/\/canal7slp.tv\/2019\/wp-json\/wp\/v2\/posts"}],"about":[{"href":"https:\/\/canal7slp.tv\/2019\/wp-json\/wp\/v2\/types\/post"}],"author":[{"embeddable":true,"href":"https:\/\/canal7slp.tv\/2019\/wp-json\/wp\/v2\/users\/2"}],"replies":[{"embeddable":true,"href":"https:\/\/canal7slp.tv\/2019\/wp-json\/wp\/v2\/comments?post=75937"}],"version-history":[{"count":0,"href":"https:\/\/canal7slp.tv\/2019\/wp-json\/wp\/v2\/posts\/75937\/revisions"}],"wp:featuredmedia":[{"embeddable":true,"href":"https:\/\/canal7slp.tv\/2019\/wp-json\/wp\/v2\/media\/75938"}],"wp:attachment":[{"href":"https:\/\/canal7slp.tv\/2019\/wp-json\/wp\/v2\/media?parent=75937"}],"wp:term":[{"taxonomy":"category","embeddable":true,"href":"https:\/\/canal7slp.tv\/2019\/wp-json\/wp\/v2\/categories?post=75937"},{"taxonomy":"post_tag","embeddable":true,"href":"https:\/\/canal7slp.tv\/2019\/wp-json\/wp\/v2\/tags?post=75937"}],"curies":[{"name":"wp","href":"https:\/\/api.w.org\/{rel}","templated":true}]}}