{"id":7574,"date":"2019-06-05T19:38:45","date_gmt":"2019-06-06T00:38:45","guid":{"rendered":"https:\/\/canal7slp.tv\/2019\/?p=7574"},"modified":"2019-06-05T19:38:45","modified_gmt":"2019-06-06T00:38:45","slug":"coordinan-esfuerzos-gobernadores-y-presidente-amlo-a-favor-de-mexico","status":"publish","type":"post","link":"https:\/\/canal7slp.tv\/2019\/coordinan-esfuerzos-gobernadores-y-presidente-amlo-a-favor-de-mexico\/","title":{"rendered":"Coordinan esfuerzos Gobernadores y Presidente AMLO a favor de M\u00e9xico"},"content":{"rendered":"<p style=\"text-align: justify\">Ciudad de M\u00e9xico. &#8211; Con el prop\u00f3sito de afianzar la coordinaci\u00f3n con el Gobierno Federal en el combate a la corrupci\u00f3n, pobreza, fortalecimiento de la econom\u00eda y pacificaci\u00f3n del pa\u00eds, el Gobernador de San Luis Potos\u00ed, Juan Manuel Carreras L\u00f3pez, as\u00ed como la gobernadora y otros mandatarios estatales, asistieron a una reuni\u00f3n de trabajo con el Presidente de M\u00e9xico, Andr\u00e9s Manuel L\u00f3pez Obrador.<\/p>\n<p style=\"text-align: justify\">El mandatario potosino, destac\u00f3 la voluntad del primer mandatario de la Naci\u00f3n de trabajar en conjunto con los gobiernos estatales para lograr objetivos comunes en beneficio de la ciudadan\u00eda, adem\u00e1s de que en estas mesas de di\u00e1logo pudieron exponer los principales retos y necesidades de cada entidad.<\/p>\n<p style=\"text-align: justify\">Carreras L\u00f3pez, indic\u00f3 que el Presidente de M\u00e9xico, ofreci\u00f3 a los mandatarios destinar recursos para la realizaci\u00f3n de una obra prioritaria en cada entidad, por tal motivo, dijo que se analizar\u00e1n todas las posibilidades para elegir una acci\u00f3n de impacto que solucione problem\u00e1ticas de infraestructura en San Luis Potos\u00ed.<\/p>\n<p style=\"text-align: justify\">Finalmente se sum\u00f3 al respaldo de la y los mandatarios que asistieron, ante la relaci\u00f3n que actualmente prevalece entre M\u00e9xico y Estados Unidos de Norteam\u00e9rica.<\/p>\n<p style=\"text-align: justify\">Anteriormente, el titular del Ejecutivo present\u00f3 al titular de la Secretar\u00eda de Medio Ambiente y Recursos Naturales (SEMARNAT), V\u00edctor Manuel Toledo Manzur, el estudio t\u00e9cnico de factibilidad que realiz\u00f3 el Instituto Potosino de Ciencia y Tecnolog\u00eda (IPICyT) por medio de la Secretar\u00eda de Ecolog\u00eda y Gesti\u00f3n Ambiental (SEGAM), cuyos resultados indican que en la zona de la Sierra de San Miguelito existe mayor biodiversidad que abarca 63 mil hect\u00e1reas, por tal motivo, la solicitud de veda forestal para la protecci\u00f3n, preservaci\u00f3n y restauraci\u00f3n se delimita a esta superficie, aunque no se descarta la posibilidad de expandirla.<\/p>\n<p style=\"text-align: justify\">Adem\u00e1s, Carreras L\u00f3pez, sostuvo una reuni\u00f3n de trabajo con el titular de la Secretar\u00eda de Turismo, Manuel Torruco Marqu\u00e9s, para dar continuidad los avances de los proyectos tur\u00edsticos que se presentaron para la Huasteca Potosina, as\u00ed como para toda la entidad.<\/p>\n<p style=\"text-align: justify\">A este encuentro con el Presidente de M\u00e9xico, asistieron los gobernadores de Campeche, Alejandro Moreno; Colima, Jos\u00e9 Ignacio Peralta; Coahuila, Miguel Riquelme; Estado de M\u00e9xico, Alfredo del Mazo; Guerrero, H\u00e9ctor Astudillo; Sinaloa, Quirino Ordaz; Hidalgo, Omar Fayad; Oaxaca, Alejandro Murat; Tlaxcala, Marco Antonio Mena; Zacatecas, Alejandro Tello y la gobernadora de Sonora, Claudia Pavlovich.<\/p>\n","protected":false},"excerpt":{"rendered":"<p>Ciudad de M\u00e9xico. &#8211; Con el prop\u00f3sito de afianzar la coordinaci\u00f3n con el Gobierno Federal en el combate a la corrupci\u00f3n, pobreza, fortalecimiento de la econom\u00eda y pacificaci\u00f3n del pa\u00eds, el Gobernador de San Luis Potos\u00ed, Juan Manuel Carreras L\u00f3pez, as\u00ed como la gobernadora y otros mandatarios estatales, asistieron a una reuni\u00f3n de trabajo con [&hellip;]<\/p>\n","protected":false},"author":2,"featured_media":7597,"comment_status":"open","ping_status":"closed","sticky":false,"template":"","format":"standard","meta":{"footnotes":""},"categories":[17],"tags":[152,111,151],"class_list":["post-7574","post","type-post","status-publish","format-standard","has-post-thumbnail","hentry","category-localesyregionales","tag-amlo","tag-gobierno-slp","tag-jmcl"],"yoast_head":"<!-- This site is optimized with the Yoast SEO plugin v27.4 - https:\/\/yoast.com\/product\/yoast-seo-wordpress\/ -->\n<title>Coordinan esfuerzos Gobernadores y Presidente AMLO a favor de M\u00e9xico - Canal 7 SLP - 2019<\/title>\n<meta name=\"robots\" content=\"index, follow, max-snippet:-1, max-image-preview:large, max-video-preview:-1\" \/>\n<link rel=\"canonical\" href=\"https:\/\/canal7slp.tv\/2019\/coordinan-esfuerzos-gobernadores-y-presidente-amlo-a-favor-de-mexico\/\" \/>\n<meta property=\"og:locale\" content=\"es_ES\" \/>\n<meta property=\"og:type\" content=\"article\" \/>\n<meta property=\"og:title\" content=\"Coordinan esfuerzos Gobernadores y Presidente AMLO a favor de M\u00e9xico - Canal 7 SLP - 2019\" \/>\n<meta property=\"og:description\" content=\"Ciudad de M\u00e9xico. &#8211; Con el prop\u00f3sito de afianzar la coordinaci\u00f3n con el Gobierno Federal en el combate a la corrupci\u00f3n, pobreza, fortalecimiento de la econom\u00eda y pacificaci\u00f3n del pa\u00eds, el Gobernador de San Luis Potos\u00ed, Juan Manuel Carreras L\u00f3pez, as\u00ed como la gobernadora y otros mandatarios estatales, asistieron a una reuni\u00f3n de trabajo con [&hellip;]\" \/>\n<meta property=\"og:url\" content=\"https:\/\/canal7slp.tv\/2019\/coordinan-esfuerzos-gobernadores-y-presidente-amlo-a-favor-de-mexico\/\" \/>\n<meta property=\"og:site_name\" content=\"Canal 7 SLP - 2019\" \/>\n<meta property=\"article:publisher\" content=\"https:\/\/www.facebook.com\/CANAL7SLP\/\" \/>\n<meta property=\"article:published_time\" content=\"2019-06-06T00:38:45+00:00\" \/>\n<meta property=\"og:image\" content=\"https:\/\/canal7slp.tv\/2019\/wp-content\/uploads\/2019\/06\/GobiernoGobernadores.jpg\" \/>\n\t<meta property=\"og:image:width\" content=\"1208\" \/>\n\t<meta property=\"og:image:height\" content=\"844\" \/>\n\t<meta property=\"og:image:type\" content=\"image\/jpeg\" \/>\n<meta name=\"author\" content=\"edicionweb\" \/>\n<meta name=\"twitter:card\" content=\"summary_large_image\" \/>\n<meta name=\"twitter:creator\" content=\"@canal7_slp\" \/>\n<meta name=\"twitter:site\" content=\"@canal7_slp\" \/>\n<meta name=\"twitter:label1\" content=\"Escrito por\" \/>\n\t<meta name=\"twitter:data1\" content=\"edicionweb\" \/>\n\t<meta name=\"twitter:label2\" content=\"Tiempo de lectura\" \/>\n\t<meta name=\"twitter:data2\" content=\"2 minutos\" \/>\n<script type=\"application\/ld+json\" class=\"yoast-schema-graph\">{\"@context\":\"https:\\\/\\\/schema.org\",\"@graph\":[{\"@type\":\"Article\",\"@id\":\"https:\\\/\\\/canal7slp.tv\\\/2019\\\/coordinan-esfuerzos-gobernadores-y-presidente-amlo-a-favor-de-mexico\\\/#article\",\"isPartOf\":{\"@id\":\"https:\\\/\\\/canal7slp.tv\\\/2019\\\/coordinan-esfuerzos-gobernadores-y-presidente-amlo-a-favor-de-mexico\\\/\"},\"author\":{\"name\":\"edicionweb\",\"@id\":\"https:\\\/\\\/canal7slp.tv\\\/2019\\\/#\\\/schema\\\/person\\\/11d941c1c6ca30ac0a46b95fa37aa2e3\"},\"headline\":\"Coordinan esfuerzos Gobernadores y Presidente AMLO a favor de M\u00e9xico\",\"datePublished\":\"2019-06-06T00:38:45+00:00\",\"mainEntityOfPage\":{\"@id\":\"https:\\\/\\\/canal7slp.tv\\\/2019\\\/coordinan-esfuerzos-gobernadores-y-presidente-amlo-a-favor-de-mexico\\\/\"},\"wordCount\":430,\"commentCount\":0,\"publisher\":{\"@id\":\"https:\\\/\\\/canal7slp.tv\\\/2019\\\/#organization\"},\"image\":{\"@id\":\"https:\\\/\\\/canal7slp.tv\\\/2019\\\/coordinan-esfuerzos-gobernadores-y-presidente-amlo-a-favor-de-mexico\\\/#primaryimage\"},\"thumbnailUrl\":\"https:\\\/\\\/canal7slp.tv\\\/2019\\\/wp-content\\\/uploads\\\/2019\\\/06\\\/GobiernoGobernadores.jpg\",\"keywords\":[\"AMLO\",\"Gobierno SLP\",\"JMCL\"],\"articleSection\":[\"LOCALES Y REGIONALES\"],\"inLanguage\":\"es\",\"potentialAction\":[{\"@type\":\"CommentAction\",\"name\":\"Comment\",\"target\":[\"https:\\\/\\\/canal7slp.tv\\\/2019\\\/coordinan-esfuerzos-gobernadores-y-presidente-amlo-a-favor-de-mexico\\\/#respond\"]}]},{\"@type\":\"WebPage\",\"@id\":\"https:\\\/\\\/canal7slp.tv\\\/2019\\\/coordinan-esfuerzos-gobernadores-y-presidente-amlo-a-favor-de-mexico\\\/\",\"url\":\"https:\\\/\\\/canal7slp.tv\\\/2019\\\/coordinan-esfuerzos-gobernadores-y-presidente-amlo-a-favor-de-mexico\\\/\",\"name\":\"Coordinan esfuerzos Gobernadores y Presidente AMLO a favor de M\u00e9xico - Canal 7 SLP - 2019\",\"isPartOf\":{\"@id\":\"https:\\\/\\\/canal7slp.tv\\\/2019\\\/#website\"},\"primaryImageOfPage\":{\"@id\":\"https:\\\/\\\/canal7slp.tv\\\/2019\\\/coordinan-esfuerzos-gobernadores-y-presidente-amlo-a-favor-de-mexico\\\/#primaryimage\"},\"image\":{\"@id\":\"https:\\\/\\\/canal7slp.tv\\\/2019\\\/coordinan-esfuerzos-gobernadores-y-presidente-amlo-a-favor-de-mexico\\\/#primaryimage\"},\"thumbnailUrl\":\"https:\\\/\\\/canal7slp.tv\\\/2019\\\/wp-content\\\/uploads\\\/2019\\\/06\\\/GobiernoGobernadores.jpg\",\"datePublished\":\"2019-06-06T00:38:45+00:00\",\"breadcrumb\":{\"@id\":\"https:\\\/\\\/canal7slp.tv\\\/2019\\\/coordinan-esfuerzos-gobernadores-y-presidente-amlo-a-favor-de-mexico\\\/#breadcrumb\"},\"inLanguage\":\"es\",\"potentialAction\":[{\"@type\":\"ReadAction\",\"target\":[\"https:\\\/\\\/canal7slp.tv\\\/2019\\\/coordinan-esfuerzos-gobernadores-y-presidente-amlo-a-favor-de-mexico\\\/\"]}]},{\"@type\":\"ImageObject\",\"inLanguage\":\"es\",\"@id\":\"https:\\\/\\\/canal7slp.tv\\\/2019\\\/coordinan-esfuerzos-gobernadores-y-presidente-amlo-a-favor-de-mexico\\\/#primaryimage\",\"url\":\"https:\\\/\\\/canal7slp.tv\\\/2019\\\/wp-content\\\/uploads\\\/2019\\\/06\\\/GobiernoGobernadores.jpg\",\"contentUrl\":\"https:\\\/\\\/canal7slp.tv\\\/2019\\\/wp-content\\\/uploads\\\/2019\\\/06\\\/GobiernoGobernadores.jpg\",\"width\":1208,\"height\":844},{\"@type\":\"BreadcrumbList\",\"@id\":\"https:\\\/\\\/canal7slp.tv\\\/2019\\\/coordinan-esfuerzos-gobernadores-y-presidente-amlo-a-favor-de-mexico\\\/#breadcrumb\",\"itemListElement\":[{\"@type\":\"ListItem\",\"position\":1,\"name\":\"Home\",\"item\":\"https:\\\/\\\/canal7slp.tv\\\/2019\\\/\"},{\"@type\":\"ListItem\",\"position\":2,\"name\":\"Coordinan esfuerzos Gobernadores y Presidente AMLO a favor de M\u00e9xico\"}]},{\"@type\":\"WebSite\",\"@id\":\"https:\\\/\\\/canal7slp.tv\\\/2019\\\/#website\",\"url\":\"https:\\\/\\\/canal7slp.tv\\\/2019\\\/\",\"name\":\"Canal 7 SLP - Somos TV\",\"description\":\"Somos un Canal de 10\",\"publisher\":{\"@id\":\"https:\\\/\\\/canal7slp.tv\\\/2019\\\/#organization\"},\"potentialAction\":[{\"@type\":\"SearchAction\",\"target\":{\"@type\":\"EntryPoint\",\"urlTemplate\":\"https:\\\/\\\/canal7slp.tv\\\/2019\\\/?s={search_term_string}\"},\"query-input\":{\"@type\":\"PropertyValueSpecification\",\"valueRequired\":true,\"valueName\":\"search_term_string\"}}],\"inLanguage\":\"es\"},{\"@type\":\"Organization\",\"@id\":\"https:\\\/\\\/canal7slp.tv\\\/2019\\\/#organization\",\"name\":\"Comunicaci\u00f3n 2000 S.A. de C.V.\",\"url\":\"https:\\\/\\\/canal7slp.tv\\\/2019\\\/\",\"logo\":{\"@type\":\"ImageObject\",\"inLanguage\":\"es\",\"@id\":\"https:\\\/\\\/canal7slp.tv\\\/2019\\\/#\\\/schema\\\/logo\\\/image\\\/\",\"url\":\"https:\\\/\\\/canal7slp.tv\\\/2019\\\/wp-content\\\/uploads\\\/2019\\\/07\\\/logo-c7.png\",\"contentUrl\":\"https:\\\/\\\/canal7slp.tv\\\/2019\\\/wp-content\\\/uploads\\\/2019\\\/07\\\/logo-c7.png\",\"width\":220,\"height\":60,\"caption\":\"Comunicaci\u00f3n 2000 S.A. de C.V.\"},\"image\":{\"@id\":\"https:\\\/\\\/canal7slp.tv\\\/2019\\\/#\\\/schema\\\/logo\\\/image\\\/\"},\"sameAs\":[\"https:\\\/\\\/www.facebook.com\\\/CANAL7SLP\\\/\",\"https:\\\/\\\/x.com\\\/canal7_slp\",\"https:\\\/\\\/www.instagram.com\\\/canal7_slp\",\"https:\\\/\\\/www.youtube.com\\\/user\\\/NOTICIEROSCANAL7SLP\\\/\"]},{\"@type\":\"Person\",\"@id\":\"https:\\\/\\\/canal7slp.tv\\\/2019\\\/#\\\/schema\\\/person\\\/11d941c1c6ca30ac0a46b95fa37aa2e3\",\"name\":\"edicionweb\",\"image\":{\"@type\":\"ImageObject\",\"inLanguage\":\"es\",\"@id\":\"https:\\\/\\\/secure.gravatar.com\\\/avatar\\\/eee448fc3f7164808013b816ba91ac7e43bbe82a70bebac296f8bc6f0addaa1a?s=96&d=mm&r=g\",\"url\":\"https:\\\/\\\/secure.gravatar.com\\\/avatar\\\/eee448fc3f7164808013b816ba91ac7e43bbe82a70bebac296f8bc6f0addaa1a?s=96&d=mm&r=g\",\"contentUrl\":\"https:\\\/\\\/secure.gravatar.com\\\/avatar\\\/eee448fc3f7164808013b816ba91ac7e43bbe82a70bebac296f8bc6f0addaa1a?s=96&d=mm&r=g\",\"caption\":\"edicionweb\"}}]}<\/script>\n<!-- \/ Yoast SEO plugin. -->","yoast_head_json":{"title":"Coordinan esfuerzos Gobernadores y Presidente AMLO a favor de M\u00e9xico - Canal 7 SLP - 2019","robots":{"index":"index","follow":"follow","max-snippet":"max-snippet:-1","max-image-preview":"max-image-preview:large","max-video-preview":"max-video-preview:-1"},"canonical":"https:\/\/canal7slp.tv\/2019\/coordinan-esfuerzos-gobernadores-y-presidente-amlo-a-favor-de-mexico\/","og_locale":"es_ES","og_type":"article","og_title":"Coordinan esfuerzos Gobernadores y Presidente AMLO a favor de M\u00e9xico - Canal 7 SLP - 2019","og_description":"Ciudad de M\u00e9xico. &#8211; Con el prop\u00f3sito de afianzar la coordinaci\u00f3n con el Gobierno Federal en el combate a la corrupci\u00f3n, pobreza, fortalecimiento de la econom\u00eda y pacificaci\u00f3n del pa\u00eds, el Gobernador de San Luis Potos\u00ed, Juan Manuel Carreras L\u00f3pez, as\u00ed como la gobernadora y otros mandatarios estatales, asistieron a una reuni\u00f3n de trabajo con [&hellip;]","og_url":"https:\/\/canal7slp.tv\/2019\/coordinan-esfuerzos-gobernadores-y-presidente-amlo-a-favor-de-mexico\/","og_site_name":"Canal 7 SLP - 2019","article_publisher":"https:\/\/www.facebook.com\/CANAL7SLP\/","article_published_time":"2019-06-06T00:38:45+00:00","og_image":[{"width":1208,"height":844,"url":"https:\/\/canal7slp.tv\/2019\/wp-content\/uploads\/2019\/06\/GobiernoGobernadores.jpg","type":"image\/jpeg"}],"author":"edicionweb","twitter_card":"summary_large_image","twitter_creator":"@canal7_slp","twitter_site":"@canal7_slp","twitter_misc":{"Escrito por":"edicionweb","Tiempo de lectura":"2 minutos"},"schema":{"@context":"https:\/\/schema.org","@graph":[{"@type":"Article","@id":"https:\/\/canal7slp.tv\/2019\/coordinan-esfuerzos-gobernadores-y-presidente-amlo-a-favor-de-mexico\/#article","isPartOf":{"@id":"https:\/\/canal7slp.tv\/2019\/coordinan-esfuerzos-gobernadores-y-presidente-amlo-a-favor-de-mexico\/"},"author":{"name":"edicionweb","@id":"https:\/\/canal7slp.tv\/2019\/#\/schema\/person\/11d941c1c6ca30ac0a46b95fa37aa2e3"},"headline":"Coordinan esfuerzos Gobernadores y Presidente AMLO a favor de M\u00e9xico","datePublished":"2019-06-06T00:38:45+00:00","mainEntityOfPage":{"@id":"https:\/\/canal7slp.tv\/2019\/coordinan-esfuerzos-gobernadores-y-presidente-amlo-a-favor-de-mexico\/"},"wordCount":430,"commentCount":0,"publisher":{"@id":"https:\/\/canal7slp.tv\/2019\/#organization"},"image":{"@id":"https:\/\/canal7slp.tv\/2019\/coordinan-esfuerzos-gobernadores-y-presidente-amlo-a-favor-de-mexico\/#primaryimage"},"thumbnailUrl":"https:\/\/canal7slp.tv\/2019\/wp-content\/uploads\/2019\/06\/GobiernoGobernadores.jpg","keywords":["AMLO","Gobierno SLP","JMCL"],"articleSection":["LOCALES Y REGIONALES"],"inLanguage":"es","potentialAction":[{"@type":"CommentAction","name":"Comment","target":["https:\/\/canal7slp.tv\/2019\/coordinan-esfuerzos-gobernadores-y-presidente-amlo-a-favor-de-mexico\/#respond"]}]},{"@type":"WebPage","@id":"https:\/\/canal7slp.tv\/2019\/coordinan-esfuerzos-gobernadores-y-presidente-amlo-a-favor-de-mexico\/","url":"https:\/\/canal7slp.tv\/2019\/coordinan-esfuerzos-gobernadores-y-presidente-amlo-a-favor-de-mexico\/","name":"Coordinan esfuerzos Gobernadores y Presidente AMLO a favor de M\u00e9xico - Canal 7 SLP - 2019","isPartOf":{"@id":"https:\/\/canal7slp.tv\/2019\/#website"},"primaryImageOfPage":{"@id":"https:\/\/canal7slp.tv\/2019\/coordinan-esfuerzos-gobernadores-y-presidente-amlo-a-favor-de-mexico\/#primaryimage"},"image":{"@id":"https:\/\/canal7slp.tv\/2019\/coordinan-esfuerzos-gobernadores-y-presidente-amlo-a-favor-de-mexico\/#primaryimage"},"thumbnailUrl":"https:\/\/canal7slp.tv\/2019\/wp-content\/uploads\/2019\/06\/GobiernoGobernadores.jpg","datePublished":"2019-06-06T00:38:45+00:00","breadcrumb":{"@id":"https:\/\/canal7slp.tv\/2019\/coordinan-esfuerzos-gobernadores-y-presidente-amlo-a-favor-de-mexico\/#breadcrumb"},"inLanguage":"es","potentialAction":[{"@type":"ReadAction","target":["https:\/\/canal7slp.tv\/2019\/coordinan-esfuerzos-gobernadores-y-presidente-amlo-a-favor-de-mexico\/"]}]},{"@type":"ImageObject","inLanguage":"es","@id":"https:\/\/canal7slp.tv\/2019\/coordinan-esfuerzos-gobernadores-y-presidente-amlo-a-favor-de-mexico\/#primaryimage","url":"https:\/\/canal7slp.tv\/2019\/wp-content\/uploads\/2019\/06\/GobiernoGobernadores.jpg","contentUrl":"https:\/\/canal7slp.tv\/2019\/wp-content\/uploads\/2019\/06\/GobiernoGobernadores.jpg","width":1208,"height":844},{"@type":"BreadcrumbList","@id":"https:\/\/canal7slp.tv\/2019\/coordinan-esfuerzos-gobernadores-y-presidente-amlo-a-favor-de-mexico\/#breadcrumb","itemListElement":[{"@type":"ListItem","position":1,"name":"Home","item":"https:\/\/canal7slp.tv\/2019\/"},{"@type":"ListItem","position":2,"name":"Coordinan esfuerzos Gobernadores y Presidente AMLO a favor de M\u00e9xico"}]},{"@type":"WebSite","@id":"https:\/\/canal7slp.tv\/2019\/#website","url":"https:\/\/canal7slp.tv\/2019\/","name":"Canal 7 SLP - Somos TV","description":"Somos un Canal de 10","publisher":{"@id":"https:\/\/canal7slp.tv\/2019\/#organization"},"potentialAction":[{"@type":"SearchAction","target":{"@type":"EntryPoint","urlTemplate":"https:\/\/canal7slp.tv\/2019\/?s={search_term_string}"},"query-input":{"@type":"PropertyValueSpecification","valueRequired":true,"valueName":"search_term_string"}}],"inLanguage":"es"},{"@type":"Organization","@id":"https:\/\/canal7slp.tv\/2019\/#organization","name":"Comunicaci\u00f3n 2000 S.A. de C.V.","url":"https:\/\/canal7slp.tv\/2019\/","logo":{"@type":"ImageObject","inLanguage":"es","@id":"https:\/\/canal7slp.tv\/2019\/#\/schema\/logo\/image\/","url":"https:\/\/canal7slp.tv\/2019\/wp-content\/uploads\/2019\/07\/logo-c7.png","contentUrl":"https:\/\/canal7slp.tv\/2019\/wp-content\/uploads\/2019\/07\/logo-c7.png","width":220,"height":60,"caption":"Comunicaci\u00f3n 2000 S.A. de C.V."},"image":{"@id":"https:\/\/canal7slp.tv\/2019\/#\/schema\/logo\/image\/"},"sameAs":["https:\/\/www.facebook.com\/CANAL7SLP\/","https:\/\/x.com\/canal7_slp","https:\/\/www.instagram.com\/canal7_slp","https:\/\/www.youtube.com\/user\/NOTICIEROSCANAL7SLP\/"]},{"@type":"Person","@id":"https:\/\/canal7slp.tv\/2019\/#\/schema\/person\/11d941c1c6ca30ac0a46b95fa37aa2e3","name":"edicionweb","image":{"@type":"ImageObject","inLanguage":"es","@id":"https:\/\/secure.gravatar.com\/avatar\/eee448fc3f7164808013b816ba91ac7e43bbe82a70bebac296f8bc6f0addaa1a?s=96&d=mm&r=g","url":"https:\/\/secure.gravatar.com\/avatar\/eee448fc3f7164808013b816ba91ac7e43bbe82a70bebac296f8bc6f0addaa1a?s=96&d=mm&r=g","contentUrl":"https:\/\/secure.gravatar.com\/avatar\/eee448fc3f7164808013b816ba91ac7e43bbe82a70bebac296f8bc6f0addaa1a?s=96&d=mm&r=g","caption":"edicionweb"}}]}},"amp_enabled":true,"cmb2":{"video_ids_in_playlist":{"vid_p_videos":""},"video_ids_in_channel":{"vid_c_videos":""},"playlist_ids_in_channel":{"vid_c_playlists":""},"series_ids_in_channel":{"vid_c_series":""},"channel_images":{"vid_c_logo":"","vid_c_banner":""},"poster_feature_image":{"vid_m_poster_image":""},"gif_feature_image":{"vid_m_gif_image":""},"video_movie_settings":{"vid_m_director":"","vid_m_actor":"","vid_m_imdb_ratings":"","vid_m_amazon_associates":""},"vid_youtube_broadcasts_settings":{"vid_yb_broadcast_title":"","vid_yb_q":"","vid_yb_channelid":"","vid_yb_videocategoryid":"","vid_yb_maxresults":"","vid_yb_order":"","vid_yb_regioncode":"","vid_yb_videosyndicated":"","vid_yb_style":"","vid_yb_reload_first":""},"video_series_settings":{"vid_m_director":"","vid_m_actor":"","vid_m_imdb_ratings":"","video_series_group":""},"amazon_associates_settings":{"amazon_associates":"","amazon_native_ad":""},"vid_youtube_automatic_settings":{"vid_ya_youtube_source":"","vid_ya_update_every":"","vid_ya_update_unit":"","vid_ya_categories":"","vid_ya_published_after":"","vid_ya_published_before":"","vid_ya_playlists":"","vid_ya_channels":"","vid_ya_director":"","vid_ya_actor":"","vid_ya_author":"","vid_ya_import_post_date":"","vid_ya_status":"","vid_ya_sub_api_key":""},"vid_ads_m_videoads_settings_post":{"vid_ads_m_video_ads":"","vid_ads_m_video_ads_type":"","vid_ads_m_group_google_ima":"","vid_ads_m_group_image":"","vid_ads_m_group_html5_video":"","vid_ads_m_group_html":"","vid_ads_m_vast_preroll":"","vid_ads_m_vast_postroll":"","vid_ads_m_vast_pauseroll":"","vid_ads_m_vast_midroll":[{"vid_ads_m_vast_timer_seconds":"50"}],"vid_ads_m_time_to_show_ads":"","vid_ads_m_time_skip_ads":"","vid_ads_m_time_to_hide_ads":""},"page_slider_settings":{"display_slider_group":"","page_slider_group":""},"blog_page_settings":{"blog_page_title":"","blog_page_heading":"","blog_page_ic":"","blog_page_it":"","blog_page_ec":"","blog_page_ip":"","archive_loop_style":"","blog_image_ratio":"","blog_show_categories":"","blog_show_excerpt":"","blog_show_author":"","blog_show_date":"","blog_show_comment_count":"","blog_show_view_count":"","blog_show_like_count":"","blog_show_dislike_count":"","blog_items_per_page":"","blog_pag_type":""},"page_options":{"get_page_template":"","color_mode":"","main_layout":"","main_layout_full_with":"","main_logo":"","main_logo_retina":"","main_logo_mobile":"","main_logo_mobile_retina":"","sticky_logo":"","sticky_logo_retina":"","main_nav_layout":"","ajax_search":"","header_background":"","theme_sidebar":"","instagram_feed":"","instagram_feed_position":"","popular_videos":"","popular_videos_title_1":"","popular_videos_title_2":"","popular_videos_ic":"","popular_videos_it":"","theme_background":"","page_custom_css":""},"feature_image_settings":{"feature_image_position":""},"video_player_settings":{"single_video_style":"","video_player_position":"","vm_video_url":"","video_player_library":"","video_streaming":"","vm_media_sources":"","vid_auto_play":"","vm_video_shortcode":"","vid_p_sync_playlist":"","vid_c_sync_channel":"","get_post_format":"","multiple_links_structure":"default","multi_links_title":"","vm_video_multi_links":"","vm_duration":"","vid_social_locker":"off","vid_social_locker_id":"","vid_membership_action":"content-video","vm_video_trailer_url":"","vid_download_type":"free","vid_download_target":"download","vid_woo_product":"","vm_media_download":"","user_rating":"","user_rating_position":"","user_rating_mode":"","user_rating_multi_sets":""},"video_auto_fetch_settings":{"vm_video_fetch":"on"},"video_fake_views_likes":{"vm_fake_views":"","vm_fake_likes":"","vm_fake_dislikes":""},"gallery_settings":{"gallery_position":""},"quote_settings":{"quote_position":""},"post_options":{"main_layout":"","main_logo":"","main_logo_retina":"","main_logo_mobile":"","main_logo_mobile_retina":"","sticky_logo":"","sticky_logo_retina":"","main_nav_layout":"","header_background":"","theme_sidebar":"","single_post_comment_type":"","theme_background":""}},"_links":{"self":[{"href":"https:\/\/canal7slp.tv\/2019\/wp-json\/wp\/v2\/posts\/7574","targetHints":{"allow":["GET"]}}],"collection":[{"href":"https:\/\/canal7slp.tv\/2019\/wp-json\/wp\/v2\/posts"}],"about":[{"href":"https:\/\/canal7slp.tv\/2019\/wp-json\/wp\/v2\/types\/post"}],"author":[{"embeddable":true,"href":"https:\/\/canal7slp.tv\/2019\/wp-json\/wp\/v2\/users\/2"}],"replies":[{"embeddable":true,"href":"https:\/\/canal7slp.tv\/2019\/wp-json\/wp\/v2\/comments?post=7574"}],"version-history":[{"count":0,"href":"https:\/\/canal7slp.tv\/2019\/wp-json\/wp\/v2\/posts\/7574\/revisions"}],"wp:featuredmedia":[{"embeddable":true,"href":"https:\/\/canal7slp.tv\/2019\/wp-json\/wp\/v2\/media\/7597"}],"wp:attachment":[{"href":"https:\/\/canal7slp.tv\/2019\/wp-json\/wp\/v2\/media?parent=7574"}],"wp:term":[{"taxonomy":"category","embeddable":true,"href":"https:\/\/canal7slp.tv\/2019\/wp-json\/wp\/v2\/categories?post=7574"},{"taxonomy":"post_tag","embeddable":true,"href":"https:\/\/canal7slp.tv\/2019\/wp-json\/wp\/v2\/tags?post=7574"}],"curies":[{"name":"wp","href":"https:\/\/api.w.org\/{rel}","templated":true}]}}