{"id":75367,"date":"2019-10-16T14:18:13","date_gmt":"2019-10-16T19:18:13","guid":{"rendered":"https:\/\/canal7slp.tv\/2019\/?p=75367"},"modified":"2019-10-16T14:18:13","modified_gmt":"2019-10-16T19:18:13","slug":"misterio-rodea-al-caso-de-familia-recluida-nueve-anos-en-granja-de-holanda","status":"publish","type":"post","link":"https:\/\/canal7slp.tv\/2019\/misterio-rodea-al-caso-de-familia-recluida-nueve-anos-en-granja-de-holanda\/","title":{"rendered":"Misterio rodea al caso de familia recluida nueve a\u00f1os en granja de Holanda"},"content":{"rendered":"<ul>\n<li style=\"text-align: justify\">Aunque las autoridades parec\u00edan tener claro ayer el motivo por el que permaneci\u00f3 oculta, hoy aseguran estar &#8220;llenos de dudas&#8221; sobre lo que podr\u00eda ser un secuestro<\/li>\n<\/ul>\n<p style=\"text-align: justify\">Holanda.- La Fiscal\u00eda holandesa acus\u00f3 a un hombre de 58 a\u00f1os de &#8220;privar de la libertad&#8221; a un padre y a sus seis hijos durante casi una d\u00e9cada, en la que estuvieron encerrados en una granja del norte de Holanda, en un caso que genera numerosas interrogantes.<\/p>\n<p style=\"text-align: justify\">En un comunicado, la Fiscal\u00eda explic\u00f3 en la tarde de este mi\u00e9rcoles que el detenido, sin relaci\u00f3n familiar con los otros siete, fue arrestado el martes por &#8220;negarse a colaborar&#8221; con la Polic\u00eda en este asunto y es sospechoso de &#8220;estar involucrado en la privaci\u00f3n ilegal de libertad y de perjudicar la salud de otras personas&#8221;.<\/p>\n<p style=\"text-align: justify\">Aunque las autoridades holandesas parec\u00edan tener claro el martes el motivo por el que esa familia permaneci\u00f3 oculta todo este tiempo, hoy aseguran estar &#8220;llenos de dudas&#8221; sobre lo que realmente hab\u00eda pasado en esa finca, convertida desde ayer en el centro de atenci\u00f3n de los medios de comunicaci\u00f3n internacionales.<\/p>\n<p style=\"text-align: justify\">La polic\u00eda anunci\u00f3 la v\u00edspera que hab\u00eda hallado a una familia de un padre y seis hijos de entre 18 y 25 a\u00f1os escondida en una casa de campo aislada, donde viv\u00eda recluida desde hac\u00eda a\u00f1os para, seg\u00fan un medio, &#8220;esperar el fin del mundo&#8221;.<\/p>\n<p style=\"text-align: justify\">&#8220;Un joven (supuestamente el hijo mayor de la familia retenida) nos inform\u00f3 de que estaba preocupado por las condiciones de vida de su familia. Por eso fuimos a esa direcci\u00f3n. En la casa, encontramos a seis personas en un cuarto peque\u00f1o bajo llave, no siendo un s\u00f3tano, y pueden llevar en ese lugar desde 2010&#8221;, asegura la Polic\u00eda.<\/p>\n<p style=\"text-align: justify\">La imposibilidad de ver la finca desde la v\u00eda Buitenhuizerweg, un camino del pueblo holand\u00e9s de Ruinerwold, explica bien por qu\u00e9 nadie se percat\u00f3 de que en la vivienda, oculta entre grandes \u00e1rboles, viv\u00edan siete personas desde el a\u00f1o 2010 y sin haber estado registrados en el ayuntamiento, ni los j\u00f3venes en la escuela, lamentan fuentes policiales.<\/p>\n<p style=\"text-align: justify\">Desde la carretera, apenas se puede ver el tejado de la casa, y junto a ella lo que parece un almac\u00e9n. Est\u00e1 todo rodeada de vallas, y en las im\u00e1genes a\u00e9reas de un dron se ve un peque\u00f1o huerto y montones de pl\u00e1sticos de color azul.<\/p>\n<p style=\"text-align: justify\">La granja m\u00e1s cercana est\u00e1 a m\u00e1s de 300 metros, y son pocos los coches que frecuentan la Buitenhuizerweg, lo que ayud\u00f3 a mantener a esta familia fuera del radar durante todos estos a\u00f1os, aunque la gran pregunta sigue siendo por qu\u00e9 alguien querr\u00eda mantenerlos desaparecidos a todos y todo este tiempo.<\/p>\n<p style=\"text-align: justify\">El detenido, que ten\u00eda el contrato de alquiler de la finca a su nombre desde 2010, pasar\u00e1 este jueves a disposici\u00f3n judicial tras haber sido interrogado durante tres d\u00edas por la Polic\u00eda de la provincia de Drenthe, a la que pertenece tanto el pueblo donde est\u00e1 la finca como la cafeter\u00eda De Kastelein, a la que se acerc\u00f3 el supuesto hijo mayor para denunciar el asunto.<\/p>\n<p style=\"text-align: justify\">Seg\u00fan el relato del denunciante, \u00e9l mismo se hab\u00eda &#8220;escapado de la casa y necesitaba ayuda&#8221; porque llevaba &#8220;nueve a\u00f1os encerrado&#8221; junto a sus hermanos y su padre, explic\u00f3 a la prensa Chris Westerbeek, el propietario de la cafeter\u00eda, ubicada en el peque\u00f1o pueblo de Ruinerwold, a cinco kil\u00f3metros de la finca en cuesti\u00f3n.<\/p>\n<p style=\"text-align: justify\">Desbordado por la atenci\u00f3n medi\u00e1tica del caso, el due\u00f1o del establecimiento asegura no tener relaci\u00f3n con el joven, aunque s\u00ed reconoce haberlo visto en la cafeter\u00eda &#8220;un par de veces&#8221; la semana pasada: en una de ellas lo echaron porque ten\u00edan que cerrar, y en la otra &#8220;se pidi\u00f3 una cerveza, estaba un poco perdido y me cont\u00f3 esa historia&#8221;.<\/p>\n<p style=\"text-align: justify\">El alcalde, Roger de Groot, explic\u00f3 en una rueda de prensa que la madre de los j\u00f3venes hab\u00eda muerto &#8220;tiempo atr\u00e1s&#8221;, antes de que ellos se trasladaran a esta finca, y el padre estaba enfermo desde hace a\u00f1os, tras un derrame cerebral.<\/p>\n<p style=\"text-align: justify\">Como parte de la investigaci\u00f3n, la Polic\u00eda ha registrado esta tarde dos ubicaciones en Zwartsluis, a 15 minutos de la granja, y una de ellas es una antigua jugueter\u00eda que hab\u00eda regentado durante a\u00f1os la familia retenida en la finca.<\/p>\n<p style=\"text-align: justify\">Los vecinos no paran de subrayar que all\u00ed se conocen todos, pero que &#8220;siempre se supo que algo raro hab\u00eda con esa casa, quiz\u00e1s un tema de drogas, pero nunca algo tan fuerte como lo que est\u00e1 pasando&#8221;, a\u00f1ade un lugare\u00f1o de 70 a\u00f1os, que pide el anonimato.<\/p>\n<p style=\"text-align: justify\">La due\u00f1a de la finca, Alida ten Oever, asegur\u00f3 al diario &#8220;De Telegraaf&#8221; que el inquilino la &#8220;hab\u00eda pagado puntualmente cada mes&#8221; y que ella &#8220;nunca hab\u00eda notado la presencia de otras personas&#8221; en la propiedad. &#8220;Estamos bastante perplejos con todo esto&#8221;, a\u00f1adi\u00f3.<\/p>\n<p style=\"text-align: justify\">Un portavoz del ministerio austriaco de Relaciones exteriores afirm\u00f3 el mi\u00e9rcoles que el detenido es un austriaco, nacido en Viena.<\/p>\n<p style=\"text-align: justify\">Seg\u00fan la prensa holandesa y austriaca, el hombre era conocido con el nombre de &#8220;Josef, el austriaco&#8221; y viv\u00eda desde hace varios a\u00f1os con un grupo de j\u00f3venes.<\/p>\n<p style=\"text-align: justify\">Los procuradores holandeses no dieron informaciones sobre la nacionalidad del sospechoso.<\/p>\n<p style=\"text-align: justify\">La investigaci\u00f3n policial sigue abierta en busca de respuestas a los numerosos interrogantes que el caso plantea.<\/p>\n","protected":false},"excerpt":{"rendered":"<p>Aunque las autoridades parec\u00edan tener claro ayer el motivo por el que permaneci\u00f3 oculta, hoy aseguran estar &#8220;llenos de dudas&#8221; sobre lo que podr\u00eda ser un secuestro Holanda.- La Fiscal\u00eda holandesa acus\u00f3 a un hombre de 58 a\u00f1os de &#8220;privar de la libertad&#8221; a un padre y a sus seis hijos durante casi una d\u00e9cada, [&hellip;]<\/p>\n","protected":false},"author":2,"featured_media":75368,"comment_status":"open","ping_status":"open","sticky":false,"template":"","format":"standard","meta":{"footnotes":""},"categories":[18],"tags":[],"class_list":["post-75367","post","type-post","status-publish","format-standard","has-post-thumbnail","hentry","category-internacional"],"yoast_head":"<!-- This site is optimized with the Yoast SEO plugin v27.5 - https:\/\/yoast.com\/product\/yoast-seo-wordpress\/ -->\n<title>Misterio rodea al caso de familia recluida nueve a\u00f1os en granja de Holanda - Canal 7 SLP - 2019<\/title>\n<meta name=\"robots\" content=\"index, follow, max-snippet:-1, max-image-preview:large, max-video-preview:-1\" \/>\n<link rel=\"canonical\" href=\"https:\/\/canal7slp.tv\/2019\/misterio-rodea-al-caso-de-familia-recluida-nueve-anos-en-granja-de-holanda\/\" \/>\n<meta property=\"og:locale\" content=\"es_ES\" \/>\n<meta property=\"og:type\" content=\"article\" \/>\n<meta property=\"og:title\" content=\"Misterio rodea al caso de familia recluida nueve a\u00f1os en granja de Holanda - Canal 7 SLP - 2019\" \/>\n<meta property=\"og:description\" content=\"Aunque las autoridades parec\u00edan tener claro ayer el motivo por el que permaneci\u00f3 oculta, hoy aseguran estar &#8220;llenos de dudas&#8221; sobre lo que podr\u00eda ser un secuestro Holanda.- La Fiscal\u00eda holandesa acus\u00f3 a un hombre de 58 a\u00f1os de &#8220;privar de la libertad&#8221; a un padre y a sus seis hijos durante casi una d\u00e9cada, [&hellip;]\" \/>\n<meta property=\"og:url\" content=\"https:\/\/canal7slp.tv\/2019\/misterio-rodea-al-caso-de-familia-recluida-nueve-anos-en-granja-de-holanda\/\" \/>\n<meta property=\"og:site_name\" content=\"Canal 7 SLP - 2019\" \/>\n<meta property=\"article:publisher\" content=\"https:\/\/www.facebook.com\/CANAL7SLP\/\" \/>\n<meta property=\"article:published_time\" content=\"2019-10-16T19:18:13+00:00\" \/>\n<meta property=\"og:image\" content=\"https:\/\/canal7slp.tv\/2019\/wp-content\/uploads\/2019\/10\/1510-12.jpg\" \/>\n\t<meta property=\"og:image:width\" content=\"770\" \/>\n\t<meta property=\"og:image:height\" content=\"485\" \/>\n\t<meta property=\"og:image:type\" content=\"image\/jpeg\" \/>\n<meta name=\"author\" content=\"edicionweb\" \/>\n<meta name=\"twitter:card\" content=\"summary_large_image\" \/>\n<meta name=\"twitter:creator\" content=\"@canal7_slp\" \/>\n<meta name=\"twitter:site\" content=\"@canal7_slp\" \/>\n<meta name=\"twitter:label1\" content=\"Escrito por\" \/>\n\t<meta name=\"twitter:data1\" content=\"edicionweb\" \/>\n\t<meta name=\"twitter:label2\" content=\"Tiempo de lectura\" \/>\n\t<meta name=\"twitter:data2\" content=\"5 minutos\" \/>\n<script type=\"application\/ld+json\" class=\"yoast-schema-graph\">{\"@context\":\"https:\\\/\\\/schema.org\",\"@graph\":[{\"@type\":\"Article\",\"@id\":\"https:\\\/\\\/canal7slp.tv\\\/2019\\\/misterio-rodea-al-caso-de-familia-recluida-nueve-anos-en-granja-de-holanda\\\/#article\",\"isPartOf\":{\"@id\":\"https:\\\/\\\/canal7slp.tv\\\/2019\\\/misterio-rodea-al-caso-de-familia-recluida-nueve-anos-en-granja-de-holanda\\\/\"},\"author\":{\"name\":\"edicionweb\",\"@id\":\"https:\\\/\\\/canal7slp.tv\\\/2019\\\/#\\\/schema\\\/person\\\/11d941c1c6ca30ac0a46b95fa37aa2e3\"},\"headline\":\"Misterio rodea al caso de familia recluida nueve a\u00f1os en granja de Holanda\",\"datePublished\":\"2019-10-16T19:18:13+00:00\",\"mainEntityOfPage\":{\"@id\":\"https:\\\/\\\/canal7slp.tv\\\/2019\\\/misterio-rodea-al-caso-de-familia-recluida-nueve-anos-en-granja-de-holanda\\\/\"},\"wordCount\":955,\"commentCount\":0,\"publisher\":{\"@id\":\"https:\\\/\\\/canal7slp.tv\\\/2019\\\/#organization\"},\"image\":{\"@id\":\"https:\\\/\\\/canal7slp.tv\\\/2019\\\/misterio-rodea-al-caso-de-familia-recluida-nueve-anos-en-granja-de-holanda\\\/#primaryimage\"},\"thumbnailUrl\":\"https:\\\/\\\/canal7slp.tv\\\/2019\\\/wp-content\\\/uploads\\\/2019\\\/10\\\/1510-12.jpg\",\"articleSection\":[\"INTERNACIONAL\"],\"inLanguage\":\"es\",\"potentialAction\":[{\"@type\":\"CommentAction\",\"name\":\"Comment\",\"target\":[\"https:\\\/\\\/canal7slp.tv\\\/2019\\\/misterio-rodea-al-caso-de-familia-recluida-nueve-anos-en-granja-de-holanda\\\/#respond\"]}]},{\"@type\":\"WebPage\",\"@id\":\"https:\\\/\\\/canal7slp.tv\\\/2019\\\/misterio-rodea-al-caso-de-familia-recluida-nueve-anos-en-granja-de-holanda\\\/\",\"url\":\"https:\\\/\\\/canal7slp.tv\\\/2019\\\/misterio-rodea-al-caso-de-familia-recluida-nueve-anos-en-granja-de-holanda\\\/\",\"name\":\"Misterio rodea al caso de familia recluida nueve a\u00f1os en granja de Holanda - Canal 7 SLP - 2019\",\"isPartOf\":{\"@id\":\"https:\\\/\\\/canal7slp.tv\\\/2019\\\/#website\"},\"primaryImageOfPage\":{\"@id\":\"https:\\\/\\\/canal7slp.tv\\\/2019\\\/misterio-rodea-al-caso-de-familia-recluida-nueve-anos-en-granja-de-holanda\\\/#primaryimage\"},\"image\":{\"@id\":\"https:\\\/\\\/canal7slp.tv\\\/2019\\\/misterio-rodea-al-caso-de-familia-recluida-nueve-anos-en-granja-de-holanda\\\/#primaryimage\"},\"thumbnailUrl\":\"https:\\\/\\\/canal7slp.tv\\\/2019\\\/wp-content\\\/uploads\\\/2019\\\/10\\\/1510-12.jpg\",\"datePublished\":\"2019-10-16T19:18:13+00:00\",\"breadcrumb\":{\"@id\":\"https:\\\/\\\/canal7slp.tv\\\/2019\\\/misterio-rodea-al-caso-de-familia-recluida-nueve-anos-en-granja-de-holanda\\\/#breadcrumb\"},\"inLanguage\":\"es\",\"potentialAction\":[{\"@type\":\"ReadAction\",\"target\":[\"https:\\\/\\\/canal7slp.tv\\\/2019\\\/misterio-rodea-al-caso-de-familia-recluida-nueve-anos-en-granja-de-holanda\\\/\"]}]},{\"@type\":\"ImageObject\",\"inLanguage\":\"es\",\"@id\":\"https:\\\/\\\/canal7slp.tv\\\/2019\\\/misterio-rodea-al-caso-de-familia-recluida-nueve-anos-en-granja-de-holanda\\\/#primaryimage\",\"url\":\"https:\\\/\\\/canal7slp.tv\\\/2019\\\/wp-content\\\/uploads\\\/2019\\\/10\\\/1510-12.jpg\",\"contentUrl\":\"https:\\\/\\\/canal7slp.tv\\\/2019\\\/wp-content\\\/uploads\\\/2019\\\/10\\\/1510-12.jpg\",\"width\":770,\"height\":485},{\"@type\":\"BreadcrumbList\",\"@id\":\"https:\\\/\\\/canal7slp.tv\\\/2019\\\/misterio-rodea-al-caso-de-familia-recluida-nueve-anos-en-granja-de-holanda\\\/#breadcrumb\",\"itemListElement\":[{\"@type\":\"ListItem\",\"position\":1,\"name\":\"Home\",\"item\":\"https:\\\/\\\/canal7slp.tv\\\/2019\\\/\"},{\"@type\":\"ListItem\",\"position\":2,\"name\":\"Misterio rodea al caso de familia recluida nueve a\u00f1os en granja de Holanda\"}]},{\"@type\":\"WebSite\",\"@id\":\"https:\\\/\\\/canal7slp.tv\\\/2019\\\/#website\",\"url\":\"https:\\\/\\\/canal7slp.tv\\\/2019\\\/\",\"name\":\"Canal 7 SLP - Somos TV\",\"description\":\"Somos un Canal de 10\",\"publisher\":{\"@id\":\"https:\\\/\\\/canal7slp.tv\\\/2019\\\/#organization\"},\"potentialAction\":[{\"@type\":\"SearchAction\",\"target\":{\"@type\":\"EntryPoint\",\"urlTemplate\":\"https:\\\/\\\/canal7slp.tv\\\/2019\\\/?s={search_term_string}\"},\"query-input\":{\"@type\":\"PropertyValueSpecification\",\"valueRequired\":true,\"valueName\":\"search_term_string\"}}],\"inLanguage\":\"es\"},{\"@type\":\"Organization\",\"@id\":\"https:\\\/\\\/canal7slp.tv\\\/2019\\\/#organization\",\"name\":\"Comunicaci\u00f3n 2000 S.A. de C.V.\",\"url\":\"https:\\\/\\\/canal7slp.tv\\\/2019\\\/\",\"logo\":{\"@type\":\"ImageObject\",\"inLanguage\":\"es\",\"@id\":\"https:\\\/\\\/canal7slp.tv\\\/2019\\\/#\\\/schema\\\/logo\\\/image\\\/\",\"url\":\"https:\\\/\\\/canal7slp.tv\\\/2019\\\/wp-content\\\/uploads\\\/2019\\\/07\\\/logo-c7.png\",\"contentUrl\":\"https:\\\/\\\/canal7slp.tv\\\/2019\\\/wp-content\\\/uploads\\\/2019\\\/07\\\/logo-c7.png\",\"width\":220,\"height\":60,\"caption\":\"Comunicaci\u00f3n 2000 S.A. de C.V.\"},\"image\":{\"@id\":\"https:\\\/\\\/canal7slp.tv\\\/2019\\\/#\\\/schema\\\/logo\\\/image\\\/\"},\"sameAs\":[\"https:\\\/\\\/www.facebook.com\\\/CANAL7SLP\\\/\",\"https:\\\/\\\/x.com\\\/canal7_slp\",\"https:\\\/\\\/www.instagram.com\\\/canal7_slp\",\"https:\\\/\\\/www.youtube.com\\\/user\\\/NOTICIEROSCANAL7SLP\\\/\"]},{\"@type\":\"Person\",\"@id\":\"https:\\\/\\\/canal7slp.tv\\\/2019\\\/#\\\/schema\\\/person\\\/11d941c1c6ca30ac0a46b95fa37aa2e3\",\"name\":\"edicionweb\",\"image\":{\"@type\":\"ImageObject\",\"inLanguage\":\"es\",\"@id\":\"https:\\\/\\\/secure.gravatar.com\\\/avatar\\\/eee448fc3f7164808013b816ba91ac7e43bbe82a70bebac296f8bc6f0addaa1a?s=96&d=mm&r=g\",\"url\":\"https:\\\/\\\/secure.gravatar.com\\\/avatar\\\/eee448fc3f7164808013b816ba91ac7e43bbe82a70bebac296f8bc6f0addaa1a?s=96&d=mm&r=g\",\"contentUrl\":\"https:\\\/\\\/secure.gravatar.com\\\/avatar\\\/eee448fc3f7164808013b816ba91ac7e43bbe82a70bebac296f8bc6f0addaa1a?s=96&d=mm&r=g\",\"caption\":\"edicionweb\"}}]}<\/script>\n<!-- \/ Yoast SEO plugin. -->","yoast_head_json":{"title":"Misterio rodea al caso de familia recluida nueve a\u00f1os en granja de Holanda - Canal 7 SLP - 2019","robots":{"index":"index","follow":"follow","max-snippet":"max-snippet:-1","max-image-preview":"max-image-preview:large","max-video-preview":"max-video-preview:-1"},"canonical":"https:\/\/canal7slp.tv\/2019\/misterio-rodea-al-caso-de-familia-recluida-nueve-anos-en-granja-de-holanda\/","og_locale":"es_ES","og_type":"article","og_title":"Misterio rodea al caso de familia recluida nueve a\u00f1os en granja de Holanda - Canal 7 SLP - 2019","og_description":"Aunque las autoridades parec\u00edan tener claro ayer el motivo por el que permaneci\u00f3 oculta, hoy aseguran estar &#8220;llenos de dudas&#8221; sobre lo que podr\u00eda ser un secuestro Holanda.- La Fiscal\u00eda holandesa acus\u00f3 a un hombre de 58 a\u00f1os de &#8220;privar de la libertad&#8221; a un padre y a sus seis hijos durante casi una d\u00e9cada, [&hellip;]","og_url":"https:\/\/canal7slp.tv\/2019\/misterio-rodea-al-caso-de-familia-recluida-nueve-anos-en-granja-de-holanda\/","og_site_name":"Canal 7 SLP - 2019","article_publisher":"https:\/\/www.facebook.com\/CANAL7SLP\/","article_published_time":"2019-10-16T19:18:13+00:00","og_image":[{"width":770,"height":485,"url":"https:\/\/canal7slp.tv\/2019\/wp-content\/uploads\/2019\/10\/1510-12.jpg","type":"image\/jpeg"}],"author":"edicionweb","twitter_card":"summary_large_image","twitter_creator":"@canal7_slp","twitter_site":"@canal7_slp","twitter_misc":{"Escrito por":"edicionweb","Tiempo de lectura":"5 minutos"},"schema":{"@context":"https:\/\/schema.org","@graph":[{"@type":"Article","@id":"https:\/\/canal7slp.tv\/2019\/misterio-rodea-al-caso-de-familia-recluida-nueve-anos-en-granja-de-holanda\/#article","isPartOf":{"@id":"https:\/\/canal7slp.tv\/2019\/misterio-rodea-al-caso-de-familia-recluida-nueve-anos-en-granja-de-holanda\/"},"author":{"name":"edicionweb","@id":"https:\/\/canal7slp.tv\/2019\/#\/schema\/person\/11d941c1c6ca30ac0a46b95fa37aa2e3"},"headline":"Misterio rodea al caso de familia recluida nueve a\u00f1os en granja de Holanda","datePublished":"2019-10-16T19:18:13+00:00","mainEntityOfPage":{"@id":"https:\/\/canal7slp.tv\/2019\/misterio-rodea-al-caso-de-familia-recluida-nueve-anos-en-granja-de-holanda\/"},"wordCount":955,"commentCount":0,"publisher":{"@id":"https:\/\/canal7slp.tv\/2019\/#organization"},"image":{"@id":"https:\/\/canal7slp.tv\/2019\/misterio-rodea-al-caso-de-familia-recluida-nueve-anos-en-granja-de-holanda\/#primaryimage"},"thumbnailUrl":"https:\/\/canal7slp.tv\/2019\/wp-content\/uploads\/2019\/10\/1510-12.jpg","articleSection":["INTERNACIONAL"],"inLanguage":"es","potentialAction":[{"@type":"CommentAction","name":"Comment","target":["https:\/\/canal7slp.tv\/2019\/misterio-rodea-al-caso-de-familia-recluida-nueve-anos-en-granja-de-holanda\/#respond"]}]},{"@type":"WebPage","@id":"https:\/\/canal7slp.tv\/2019\/misterio-rodea-al-caso-de-familia-recluida-nueve-anos-en-granja-de-holanda\/","url":"https:\/\/canal7slp.tv\/2019\/misterio-rodea-al-caso-de-familia-recluida-nueve-anos-en-granja-de-holanda\/","name":"Misterio rodea al caso de familia recluida nueve a\u00f1os en granja de Holanda - Canal 7 SLP - 2019","isPartOf":{"@id":"https:\/\/canal7slp.tv\/2019\/#website"},"primaryImageOfPage":{"@id":"https:\/\/canal7slp.tv\/2019\/misterio-rodea-al-caso-de-familia-recluida-nueve-anos-en-granja-de-holanda\/#primaryimage"},"image":{"@id":"https:\/\/canal7slp.tv\/2019\/misterio-rodea-al-caso-de-familia-recluida-nueve-anos-en-granja-de-holanda\/#primaryimage"},"thumbnailUrl":"https:\/\/canal7slp.tv\/2019\/wp-content\/uploads\/2019\/10\/1510-12.jpg","datePublished":"2019-10-16T19:18:13+00:00","breadcrumb":{"@id":"https:\/\/canal7slp.tv\/2019\/misterio-rodea-al-caso-de-familia-recluida-nueve-anos-en-granja-de-holanda\/#breadcrumb"},"inLanguage":"es","potentialAction":[{"@type":"ReadAction","target":["https:\/\/canal7slp.tv\/2019\/misterio-rodea-al-caso-de-familia-recluida-nueve-anos-en-granja-de-holanda\/"]}]},{"@type":"ImageObject","inLanguage":"es","@id":"https:\/\/canal7slp.tv\/2019\/misterio-rodea-al-caso-de-familia-recluida-nueve-anos-en-granja-de-holanda\/#primaryimage","url":"https:\/\/canal7slp.tv\/2019\/wp-content\/uploads\/2019\/10\/1510-12.jpg","contentUrl":"https:\/\/canal7slp.tv\/2019\/wp-content\/uploads\/2019\/10\/1510-12.jpg","width":770,"height":485},{"@type":"BreadcrumbList","@id":"https:\/\/canal7slp.tv\/2019\/misterio-rodea-al-caso-de-familia-recluida-nueve-anos-en-granja-de-holanda\/#breadcrumb","itemListElement":[{"@type":"ListItem","position":1,"name":"Home","item":"https:\/\/canal7slp.tv\/2019\/"},{"@type":"ListItem","position":2,"name":"Misterio rodea al caso de familia recluida nueve a\u00f1os en granja de Holanda"}]},{"@type":"WebSite","@id":"https:\/\/canal7slp.tv\/2019\/#website","url":"https:\/\/canal7slp.tv\/2019\/","name":"Canal 7 SLP - Somos TV","description":"Somos un Canal de 10","publisher":{"@id":"https:\/\/canal7slp.tv\/2019\/#organization"},"potentialAction":[{"@type":"SearchAction","target":{"@type":"EntryPoint","urlTemplate":"https:\/\/canal7slp.tv\/2019\/?s={search_term_string}"},"query-input":{"@type":"PropertyValueSpecification","valueRequired":true,"valueName":"search_term_string"}}],"inLanguage":"es"},{"@type":"Organization","@id":"https:\/\/canal7slp.tv\/2019\/#organization","name":"Comunicaci\u00f3n 2000 S.A. de C.V.","url":"https:\/\/canal7slp.tv\/2019\/","logo":{"@type":"ImageObject","inLanguage":"es","@id":"https:\/\/canal7slp.tv\/2019\/#\/schema\/logo\/image\/","url":"https:\/\/canal7slp.tv\/2019\/wp-content\/uploads\/2019\/07\/logo-c7.png","contentUrl":"https:\/\/canal7slp.tv\/2019\/wp-content\/uploads\/2019\/07\/logo-c7.png","width":220,"height":60,"caption":"Comunicaci\u00f3n 2000 S.A. de C.V."},"image":{"@id":"https:\/\/canal7slp.tv\/2019\/#\/schema\/logo\/image\/"},"sameAs":["https:\/\/www.facebook.com\/CANAL7SLP\/","https:\/\/x.com\/canal7_slp","https:\/\/www.instagram.com\/canal7_slp","https:\/\/www.youtube.com\/user\/NOTICIEROSCANAL7SLP\/"]},{"@type":"Person","@id":"https:\/\/canal7slp.tv\/2019\/#\/schema\/person\/11d941c1c6ca30ac0a46b95fa37aa2e3","name":"edicionweb","image":{"@type":"ImageObject","inLanguage":"es","@id":"https:\/\/secure.gravatar.com\/avatar\/eee448fc3f7164808013b816ba91ac7e43bbe82a70bebac296f8bc6f0addaa1a?s=96&d=mm&r=g","url":"https:\/\/secure.gravatar.com\/avatar\/eee448fc3f7164808013b816ba91ac7e43bbe82a70bebac296f8bc6f0addaa1a?s=96&d=mm&r=g","contentUrl":"https:\/\/secure.gravatar.com\/avatar\/eee448fc3f7164808013b816ba91ac7e43bbe82a70bebac296f8bc6f0addaa1a?s=96&d=mm&r=g","caption":"edicionweb"}}]}},"amp_enabled":true,"cmb2":{"video_ids_in_playlist":{"vid_p_videos":""},"video_ids_in_channel":{"vid_c_videos":""},"playlist_ids_in_channel":{"vid_c_playlists":""},"series_ids_in_channel":{"vid_c_series":""},"channel_images":{"vid_c_logo":"","vid_c_banner":""},"poster_feature_image":{"vid_m_poster_image":""},"gif_feature_image":{"vid_m_gif_image":""},"video_movie_settings":{"vid_m_director":"","vid_m_actor":"","vid_m_imdb_ratings":"","vid_m_amazon_associates":""},"vid_youtube_broadcasts_settings":{"vid_yb_broadcast_title":"","vid_yb_q":"","vid_yb_channelid":"","vid_yb_videocategoryid":"","vid_yb_maxresults":"","vid_yb_order":"","vid_yb_regioncode":"","vid_yb_videosyndicated":"","vid_yb_style":"","vid_yb_reload_first":""},"video_series_settings":{"vid_m_director":"","vid_m_actor":"","vid_m_imdb_ratings":"","video_series_group":""},"amazon_associates_settings":{"amazon_associates":"","amazon_native_ad":""},"vid_youtube_automatic_settings":{"vid_ya_youtube_source":"","vid_ya_update_every":"","vid_ya_update_unit":"","vid_ya_categories":"","vid_ya_published_after":"","vid_ya_published_before":"","vid_ya_playlists":"","vid_ya_channels":"","vid_ya_director":"","vid_ya_actor":"","vid_ya_author":"","vid_ya_import_post_date":"","vid_ya_status":"","vid_ya_sub_api_key":""},"vid_ads_m_videoads_settings_post":{"vid_ads_m_video_ads":"","vid_ads_m_video_ads_type":"","vid_ads_m_group_google_ima":"","vid_ads_m_group_image":"","vid_ads_m_group_html5_video":"","vid_ads_m_group_html":"","vid_ads_m_vast_preroll":"","vid_ads_m_vast_postroll":"","vid_ads_m_vast_pauseroll":"","vid_ads_m_vast_midroll":[{"vid_ads_m_vast_timer_seconds":"50"}],"vid_ads_m_time_to_show_ads":"","vid_ads_m_time_skip_ads":"","vid_ads_m_time_to_hide_ads":""},"page_slider_settings":{"display_slider_group":"","page_slider_group":""},"blog_page_settings":{"blog_page_title":"","blog_page_heading":"","blog_page_ic":"","blog_page_it":"","blog_page_ec":"","blog_page_ip":"","archive_loop_style":"","blog_image_ratio":"","blog_show_categories":"","blog_show_excerpt":"","blog_show_author":"","blog_show_date":"","blog_show_comment_count":"","blog_show_view_count":"","blog_show_like_count":"","blog_show_dislike_count":"","blog_items_per_page":"","blog_pag_type":""},"page_options":{"get_page_template":"","color_mode":"","main_layout":"","main_layout_full_with":"","main_logo":"","main_logo_retina":"","main_logo_mobile":"","main_logo_mobile_retina":"","sticky_logo":"","sticky_logo_retina":"","main_nav_layout":"","ajax_search":"","header_background":"","theme_sidebar":"","instagram_feed":"","instagram_feed_position":"","popular_videos":"","popular_videos_title_1":"","popular_videos_title_2":"","popular_videos_ic":"","popular_videos_it":"","theme_background":"","page_custom_css":""},"feature_image_settings":{"feature_image_position":""},"video_player_settings":{"single_video_style":"","video_player_position":"","vm_video_url":"","video_player_library":"","video_streaming":"","vm_media_sources":"","vid_auto_play":"","vm_video_shortcode":"","vid_p_sync_playlist":"","vid_c_sync_channel":"","get_post_format":"","multiple_links_structure":"default","multi_links_title":"","vm_video_multi_links":"","vm_duration":"","vid_social_locker":"off","vid_social_locker_id":"","vid_membership_action":"content-video","vm_video_trailer_url":"","vid_download_type":"free","vid_download_target":"download","vid_woo_product":"","vm_media_download":"","user_rating":"","user_rating_position":"","user_rating_mode":"","user_rating_multi_sets":""},"video_auto_fetch_settings":{"vm_video_fetch":"on"},"video_fake_views_likes":{"vm_fake_views":"","vm_fake_likes":"","vm_fake_dislikes":""},"gallery_settings":{"gallery_position":""},"quote_settings":{"quote_position":""},"post_options":{"main_layout":"","main_logo":"","main_logo_retina":"","main_logo_mobile":"","main_logo_mobile_retina":"","sticky_logo":"","sticky_logo_retina":"","main_nav_layout":"","header_background":"","theme_sidebar":"","single_post_comment_type":"","theme_background":""}},"_links":{"self":[{"href":"https:\/\/canal7slp.tv\/2019\/wp-json\/wp\/v2\/posts\/75367","targetHints":{"allow":["GET"]}}],"collection":[{"href":"https:\/\/canal7slp.tv\/2019\/wp-json\/wp\/v2\/posts"}],"about":[{"href":"https:\/\/canal7slp.tv\/2019\/wp-json\/wp\/v2\/types\/post"}],"author":[{"embeddable":true,"href":"https:\/\/canal7slp.tv\/2019\/wp-json\/wp\/v2\/users\/2"}],"replies":[{"embeddable":true,"href":"https:\/\/canal7slp.tv\/2019\/wp-json\/wp\/v2\/comments?post=75367"}],"version-history":[{"count":0,"href":"https:\/\/canal7slp.tv\/2019\/wp-json\/wp\/v2\/posts\/75367\/revisions"}],"wp:featuredmedia":[{"embeddable":true,"href":"https:\/\/canal7slp.tv\/2019\/wp-json\/wp\/v2\/media\/75368"}],"wp:attachment":[{"href":"https:\/\/canal7slp.tv\/2019\/wp-json\/wp\/v2\/media?parent=75367"}],"wp:term":[{"taxonomy":"category","embeddable":true,"href":"https:\/\/canal7slp.tv\/2019\/wp-json\/wp\/v2\/categories?post=75367"},{"taxonomy":"post_tag","embeddable":true,"href":"https:\/\/canal7slp.tv\/2019\/wp-json\/wp\/v2\/tags?post=75367"}],"curies":[{"name":"wp","href":"https:\/\/api.w.org\/{rel}","templated":true}]}}