{"id":75216,"date":"2019-10-15T19:00:22","date_gmt":"2019-10-16T00:00:22","guid":{"rendered":"https:\/\/canal7slp.tv\/2019\/?p=75216"},"modified":"2019-10-15T19:32:49","modified_gmt":"2019-10-16T00:32:49","slug":"prision-preventiva-para-dos-hombres-en-rioverde-acusados-de-homicidio","status":"publish","type":"post","link":"https:\/\/canal7slp.tv\/2019\/prision-preventiva-para-dos-hombres-en-rioverde-acusados-de-homicidio\/","title":{"rendered":"Prisi\u00f3n preventiva para dos hombres en Rioverde acusados de homicidio"},"content":{"rendered":"<p style=\"text-align: justify\">Transportaban una cabeza humana en una camioneta hace unos d\u00edas<\/p>\n<p style=\"text-align: justify\">El resto del cuerpo fue hallado en un canal\u00f3n del ejido El Jabal\u00ed<\/p>\n<p>Rioverde.- Litigantes de la Delegaci\u00f3n Cuarta de la Fiscal\u00eda General del Estado de San Luis Potos\u00ed (FGESLP), lograron la reclusi\u00f3n por medio de la prisi\u00f3n preventiva oficiosa de Omar \u201cN\u201d de 23 a\u00f1os y \u00c1ngel Antonio \u201cN\u201d de 20 a\u00f1os de edad, despu\u00e9s de que se les vincularan a proceso al ser presentadas pruebas contundentes de su probable responsabilidad en el delito de homicidio calificado en el municipio de Rioverde.<\/p>\n<p>La instituci\u00f3n detall\u00f3 que, despu\u00e9s de que la defensa solicit\u00f3 la duplicidad del t\u00e9rmino constitucional y de los distintos argumentos expuestos durante la audiencia por la Fiscal\u00eda, el Juez de Control les dict\u00f3 a los dos imputados, adem\u00e1s de la medida cautelar ya indicada, un plazo de por lo menos 6 meses para que ambas partes aporten mayores pruebas al caso para la investigaci\u00f3n complementaria.<\/p>\n<p>El resultado anterior, se deriv\u00f3 despu\u00e9s de los hechos suscitados durante la madrugada del 4 de octubre de 2019, cuando agentes policiales del estado tuvieron a la vista a dos hombres circulando sobre un sendero de tierra que va de la colonia Frailes a la colonia Ilusi\u00f3n en el municipio antes indicado.<\/p>\n<p>Las personas iban tripulando una camioneta color guinda de la marca Jeep, con registro en Tamaulipas seg\u00fan las placas que portaba, los cuales contaban con actitud sospechosa, por lo que procedieron a marcarles el alto, coment\u00e1ndoles que les realizar\u00edan una inspecci\u00f3n.<\/p>\n<p>En el proceso, se les fue encontrada una cartulina con un mensaje con amenazas escrito a mano en conjunto de una bolsa de pl\u00e1stico color negro y en su interior una cabeza humana.<\/p>\n<p>Adem\u00e1s, una mochila tipo militar y en su interior un arma de fuego del tipo escuadra con cartuchos listos para percutir, un tanque \u00fatil de gas pimienta, unos protectores de pl\u00e1stico para o\u00eddos, una bolsa con una capucha de color negro y un cuchillo con hoja met\u00e1lica.<\/p>\n<p>Tiempo despu\u00e9s se recibi\u00f3 una llamada al n\u00famero de emergencias 911, denunciando que en un sitio denominado como Las Calaveras del ejido del Jabal\u00ed, hab\u00eda una persona sin vida a la cual le hac\u00eda falta la extremidad cef\u00e1lica; agentes de la Polic\u00eda de Investigaci\u00f3n (PDI) y en coordinaci\u00f3n de los peritos de la FGESLP, acudieron a iniciar con las investigaciones correspondientes, as\u00ed como el levantamiento del cuerpo.<\/p>\n<p>Como primeros resultados de las indagaciones, en el Servicio M\u00e9dico Legista (Semele) determinaron que la extremidad encontrada coincid\u00eda con el resto del cuerpo encontrado cerca de canal\u00f3n.<\/p>\n<p>Estos elementos de prueba que acreditan la presunta responsabilidad de los ahora detenidos, fueron presentados ante el Juez de Control, el cual emiti\u00f3 la orden de aprehensi\u00f3n, la cual fue cumplimentada a los sujetos, los cuales fueron trasladados al centro de reinserci\u00f3n social de la zona Media con sede en Rioverde, en donde estar\u00e1n recluidos mientras concluye su proceso penal.<\/p>\n","protected":false},"excerpt":{"rendered":"<p>Transportaban una cabeza humana en una camioneta hace unos d\u00edas El resto del cuerpo fue hallado en un canal\u00f3n del ejido El Jabal\u00ed Rioverde.- Litigantes de la Delegaci\u00f3n Cuarta de la Fiscal\u00eda General del Estado de San Luis Potos\u00ed (FGESLP), lograron la reclusi\u00f3n por medio de la prisi\u00f3n preventiva oficiosa de Omar \u201cN\u201d de 23 [&hellip;]<\/p>\n","protected":false},"author":2,"featured_media":75217,"comment_status":"open","ping_status":"open","sticky":false,"template":"","format":"standard","meta":{"footnotes":""},"categories":[29],"tags":[],"class_list":["post-75216","post","type-post","status-publish","format-standard","has-post-thumbnail","hentry","category-reporte7"],"yoast_head":"<!-- This site is optimized with the Yoast SEO plugin v27.5 - https:\/\/yoast.com\/product\/yoast-seo-wordpress\/ -->\n<title>Prisi\u00f3n preventiva para dos hombres en Rioverde acusados de homicidio - Canal 7 SLP - 2019<\/title>\n<meta name=\"robots\" content=\"index, follow, max-snippet:-1, max-image-preview:large, max-video-preview:-1\" \/>\n<link rel=\"canonical\" href=\"https:\/\/canal7slp.tv\/2019\/prision-preventiva-para-dos-hombres-en-rioverde-acusados-de-homicidio\/\" \/>\n<meta property=\"og:locale\" content=\"es_ES\" \/>\n<meta property=\"og:type\" content=\"article\" \/>\n<meta property=\"og:title\" content=\"Prisi\u00f3n preventiva para dos hombres en Rioverde acusados de homicidio - Canal 7 SLP - 2019\" \/>\n<meta property=\"og:description\" content=\"Transportaban una cabeza humana en una camioneta hace unos d\u00edas El resto del cuerpo fue hallado en un canal\u00f3n del ejido El Jabal\u00ed Rioverde.- Litigantes de la Delegaci\u00f3n Cuarta de la Fiscal\u00eda General del Estado de San Luis Potos\u00ed (FGESLP), lograron la reclusi\u00f3n por medio de la prisi\u00f3n preventiva oficiosa de Omar \u201cN\u201d de 23 [&hellip;]\" \/>\n<meta property=\"og:url\" content=\"https:\/\/canal7slp.tv\/2019\/prision-preventiva-para-dos-hombres-en-rioverde-acusados-de-homicidio\/\" \/>\n<meta property=\"og:site_name\" content=\"Canal 7 SLP - 2019\" \/>\n<meta property=\"article:publisher\" content=\"https:\/\/www.facebook.com\/CANAL7SLP\/\" \/>\n<meta property=\"article:published_time\" content=\"2019-10-16T00:00:22+00:00\" \/>\n<meta property=\"article:modified_time\" content=\"2019-10-16T00:32:49+00:00\" \/>\n<meta property=\"og:image\" content=\"https:\/\/canal7slp.tv\/2019\/wp-content\/uploads\/2019\/10\/1932-3.jpg\" \/>\n\t<meta property=\"og:image:width\" content=\"792\" \/>\n\t<meta property=\"og:image:height\" content=\"612\" \/>\n\t<meta property=\"og:image:type\" content=\"image\/jpeg\" \/>\n<meta name=\"author\" content=\"edicionweb\" \/>\n<meta name=\"twitter:card\" content=\"summary_large_image\" \/>\n<meta name=\"twitter:creator\" content=\"@canal7_slp\" \/>\n<meta name=\"twitter:site\" content=\"@canal7_slp\" \/>\n<meta name=\"twitter:label1\" content=\"Escrito por\" \/>\n\t<meta name=\"twitter:data1\" content=\"edicionweb\" \/>\n\t<meta name=\"twitter:label2\" content=\"Tiempo de lectura\" \/>\n\t<meta name=\"twitter:data2\" content=\"3 minutos\" \/>\n<script type=\"application\/ld+json\" class=\"yoast-schema-graph\">{\"@context\":\"https:\\\/\\\/schema.org\",\"@graph\":[{\"@type\":\"Article\",\"@id\":\"https:\\\/\\\/canal7slp.tv\\\/2019\\\/prision-preventiva-para-dos-hombres-en-rioverde-acusados-de-homicidio\\\/#article\",\"isPartOf\":{\"@id\":\"https:\\\/\\\/canal7slp.tv\\\/2019\\\/prision-preventiva-para-dos-hombres-en-rioverde-acusados-de-homicidio\\\/\"},\"author\":{\"name\":\"edicionweb\",\"@id\":\"https:\\\/\\\/canal7slp.tv\\\/2019\\\/#\\\/schema\\\/person\\\/11d941c1c6ca30ac0a46b95fa37aa2e3\"},\"headline\":\"Prisi\u00f3n preventiva para dos hombres en Rioverde acusados de homicidio\",\"datePublished\":\"2019-10-16T00:00:22+00:00\",\"dateModified\":\"2019-10-16T00:32:49+00:00\",\"mainEntityOfPage\":{\"@id\":\"https:\\\/\\\/canal7slp.tv\\\/2019\\\/prision-preventiva-para-dos-hombres-en-rioverde-acusados-de-homicidio\\\/\"},\"wordCount\":531,\"commentCount\":0,\"publisher\":{\"@id\":\"https:\\\/\\\/canal7slp.tv\\\/2019\\\/#organization\"},\"image\":{\"@id\":\"https:\\\/\\\/canal7slp.tv\\\/2019\\\/prision-preventiva-para-dos-hombres-en-rioverde-acusados-de-homicidio\\\/#primaryimage\"},\"thumbnailUrl\":\"https:\\\/\\\/canal7slp.tv\\\/2019\\\/wp-content\\\/uploads\\\/2019\\\/10\\\/1932-3.jpg\",\"articleSection\":[\"REPORTE 7\"],\"inLanguage\":\"es\",\"potentialAction\":[{\"@type\":\"CommentAction\",\"name\":\"Comment\",\"target\":[\"https:\\\/\\\/canal7slp.tv\\\/2019\\\/prision-preventiva-para-dos-hombres-en-rioverde-acusados-de-homicidio\\\/#respond\"]}]},{\"@type\":\"WebPage\",\"@id\":\"https:\\\/\\\/canal7slp.tv\\\/2019\\\/prision-preventiva-para-dos-hombres-en-rioverde-acusados-de-homicidio\\\/\",\"url\":\"https:\\\/\\\/canal7slp.tv\\\/2019\\\/prision-preventiva-para-dos-hombres-en-rioverde-acusados-de-homicidio\\\/\",\"name\":\"Prisi\u00f3n preventiva para dos hombres en Rioverde acusados de homicidio - Canal 7 SLP - 2019\",\"isPartOf\":{\"@id\":\"https:\\\/\\\/canal7slp.tv\\\/2019\\\/#website\"},\"primaryImageOfPage\":{\"@id\":\"https:\\\/\\\/canal7slp.tv\\\/2019\\\/prision-preventiva-para-dos-hombres-en-rioverde-acusados-de-homicidio\\\/#primaryimage\"},\"image\":{\"@id\":\"https:\\\/\\\/canal7slp.tv\\\/2019\\\/prision-preventiva-para-dos-hombres-en-rioverde-acusados-de-homicidio\\\/#primaryimage\"},\"thumbnailUrl\":\"https:\\\/\\\/canal7slp.tv\\\/2019\\\/wp-content\\\/uploads\\\/2019\\\/10\\\/1932-3.jpg\",\"datePublished\":\"2019-10-16T00:00:22+00:00\",\"dateModified\":\"2019-10-16T00:32:49+00:00\",\"breadcrumb\":{\"@id\":\"https:\\\/\\\/canal7slp.tv\\\/2019\\\/prision-preventiva-para-dos-hombres-en-rioverde-acusados-de-homicidio\\\/#breadcrumb\"},\"inLanguage\":\"es\",\"potentialAction\":[{\"@type\":\"ReadAction\",\"target\":[\"https:\\\/\\\/canal7slp.tv\\\/2019\\\/prision-preventiva-para-dos-hombres-en-rioverde-acusados-de-homicidio\\\/\"]}]},{\"@type\":\"ImageObject\",\"inLanguage\":\"es\",\"@id\":\"https:\\\/\\\/canal7slp.tv\\\/2019\\\/prision-preventiva-para-dos-hombres-en-rioverde-acusados-de-homicidio\\\/#primaryimage\",\"url\":\"https:\\\/\\\/canal7slp.tv\\\/2019\\\/wp-content\\\/uploads\\\/2019\\\/10\\\/1932-3.jpg\",\"contentUrl\":\"https:\\\/\\\/canal7slp.tv\\\/2019\\\/wp-content\\\/uploads\\\/2019\\\/10\\\/1932-3.jpg\",\"width\":792,\"height\":612},{\"@type\":\"BreadcrumbList\",\"@id\":\"https:\\\/\\\/canal7slp.tv\\\/2019\\\/prision-preventiva-para-dos-hombres-en-rioverde-acusados-de-homicidio\\\/#breadcrumb\",\"itemListElement\":[{\"@type\":\"ListItem\",\"position\":1,\"name\":\"Home\",\"item\":\"https:\\\/\\\/canal7slp.tv\\\/2019\\\/\"},{\"@type\":\"ListItem\",\"position\":2,\"name\":\"Prisi\u00f3n preventiva para dos hombres en Rioverde acusados de homicidio\"}]},{\"@type\":\"WebSite\",\"@id\":\"https:\\\/\\\/canal7slp.tv\\\/2019\\\/#website\",\"url\":\"https:\\\/\\\/canal7slp.tv\\\/2019\\\/\",\"name\":\"Canal 7 SLP - Somos TV\",\"description\":\"Somos un Canal de 10\",\"publisher\":{\"@id\":\"https:\\\/\\\/canal7slp.tv\\\/2019\\\/#organization\"},\"potentialAction\":[{\"@type\":\"SearchAction\",\"target\":{\"@type\":\"EntryPoint\",\"urlTemplate\":\"https:\\\/\\\/canal7slp.tv\\\/2019\\\/?s={search_term_string}\"},\"query-input\":{\"@type\":\"PropertyValueSpecification\",\"valueRequired\":true,\"valueName\":\"search_term_string\"}}],\"inLanguage\":\"es\"},{\"@type\":\"Organization\",\"@id\":\"https:\\\/\\\/canal7slp.tv\\\/2019\\\/#organization\",\"name\":\"Comunicaci\u00f3n 2000 S.A. de C.V.\",\"url\":\"https:\\\/\\\/canal7slp.tv\\\/2019\\\/\",\"logo\":{\"@type\":\"ImageObject\",\"inLanguage\":\"es\",\"@id\":\"https:\\\/\\\/canal7slp.tv\\\/2019\\\/#\\\/schema\\\/logo\\\/image\\\/\",\"url\":\"https:\\\/\\\/canal7slp.tv\\\/2019\\\/wp-content\\\/uploads\\\/2019\\\/07\\\/logo-c7.png\",\"contentUrl\":\"https:\\\/\\\/canal7slp.tv\\\/2019\\\/wp-content\\\/uploads\\\/2019\\\/07\\\/logo-c7.png\",\"width\":220,\"height\":60,\"caption\":\"Comunicaci\u00f3n 2000 S.A. de C.V.\"},\"image\":{\"@id\":\"https:\\\/\\\/canal7slp.tv\\\/2019\\\/#\\\/schema\\\/logo\\\/image\\\/\"},\"sameAs\":[\"https:\\\/\\\/www.facebook.com\\\/CANAL7SLP\\\/\",\"https:\\\/\\\/x.com\\\/canal7_slp\",\"https:\\\/\\\/www.instagram.com\\\/canal7_slp\",\"https:\\\/\\\/www.youtube.com\\\/user\\\/NOTICIEROSCANAL7SLP\\\/\"]},{\"@type\":\"Person\",\"@id\":\"https:\\\/\\\/canal7slp.tv\\\/2019\\\/#\\\/schema\\\/person\\\/11d941c1c6ca30ac0a46b95fa37aa2e3\",\"name\":\"edicionweb\",\"image\":{\"@type\":\"ImageObject\",\"inLanguage\":\"es\",\"@id\":\"https:\\\/\\\/secure.gravatar.com\\\/avatar\\\/eee448fc3f7164808013b816ba91ac7e43bbe82a70bebac296f8bc6f0addaa1a?s=96&d=mm&r=g\",\"url\":\"https:\\\/\\\/secure.gravatar.com\\\/avatar\\\/eee448fc3f7164808013b816ba91ac7e43bbe82a70bebac296f8bc6f0addaa1a?s=96&d=mm&r=g\",\"contentUrl\":\"https:\\\/\\\/secure.gravatar.com\\\/avatar\\\/eee448fc3f7164808013b816ba91ac7e43bbe82a70bebac296f8bc6f0addaa1a?s=96&d=mm&r=g\",\"caption\":\"edicionweb\"}}]}<\/script>\n<!-- \/ Yoast SEO plugin. -->","yoast_head_json":{"title":"Prisi\u00f3n preventiva para dos hombres en Rioverde acusados de homicidio - Canal 7 SLP - 2019","robots":{"index":"index","follow":"follow","max-snippet":"max-snippet:-1","max-image-preview":"max-image-preview:large","max-video-preview":"max-video-preview:-1"},"canonical":"https:\/\/canal7slp.tv\/2019\/prision-preventiva-para-dos-hombres-en-rioverde-acusados-de-homicidio\/","og_locale":"es_ES","og_type":"article","og_title":"Prisi\u00f3n preventiva para dos hombres en Rioverde acusados de homicidio - Canal 7 SLP - 2019","og_description":"Transportaban una cabeza humana en una camioneta hace unos d\u00edas El resto del cuerpo fue hallado en un canal\u00f3n del ejido El Jabal\u00ed Rioverde.- Litigantes de la Delegaci\u00f3n Cuarta de la Fiscal\u00eda General del Estado de San Luis Potos\u00ed (FGESLP), lograron la reclusi\u00f3n por medio de la prisi\u00f3n preventiva oficiosa de Omar \u201cN\u201d de 23 [&hellip;]","og_url":"https:\/\/canal7slp.tv\/2019\/prision-preventiva-para-dos-hombres-en-rioverde-acusados-de-homicidio\/","og_site_name":"Canal 7 SLP - 2019","article_publisher":"https:\/\/www.facebook.com\/CANAL7SLP\/","article_published_time":"2019-10-16T00:00:22+00:00","article_modified_time":"2019-10-16T00:32:49+00:00","og_image":[{"width":792,"height":612,"url":"https:\/\/canal7slp.tv\/2019\/wp-content\/uploads\/2019\/10\/1932-3.jpg","type":"image\/jpeg"}],"author":"edicionweb","twitter_card":"summary_large_image","twitter_creator":"@canal7_slp","twitter_site":"@canal7_slp","twitter_misc":{"Escrito por":"edicionweb","Tiempo de lectura":"3 minutos"},"schema":{"@context":"https:\/\/schema.org","@graph":[{"@type":"Article","@id":"https:\/\/canal7slp.tv\/2019\/prision-preventiva-para-dos-hombres-en-rioverde-acusados-de-homicidio\/#article","isPartOf":{"@id":"https:\/\/canal7slp.tv\/2019\/prision-preventiva-para-dos-hombres-en-rioverde-acusados-de-homicidio\/"},"author":{"name":"edicionweb","@id":"https:\/\/canal7slp.tv\/2019\/#\/schema\/person\/11d941c1c6ca30ac0a46b95fa37aa2e3"},"headline":"Prisi\u00f3n preventiva para dos hombres en Rioverde acusados de homicidio","datePublished":"2019-10-16T00:00:22+00:00","dateModified":"2019-10-16T00:32:49+00:00","mainEntityOfPage":{"@id":"https:\/\/canal7slp.tv\/2019\/prision-preventiva-para-dos-hombres-en-rioverde-acusados-de-homicidio\/"},"wordCount":531,"commentCount":0,"publisher":{"@id":"https:\/\/canal7slp.tv\/2019\/#organization"},"image":{"@id":"https:\/\/canal7slp.tv\/2019\/prision-preventiva-para-dos-hombres-en-rioverde-acusados-de-homicidio\/#primaryimage"},"thumbnailUrl":"https:\/\/canal7slp.tv\/2019\/wp-content\/uploads\/2019\/10\/1932-3.jpg","articleSection":["REPORTE 7"],"inLanguage":"es","potentialAction":[{"@type":"CommentAction","name":"Comment","target":["https:\/\/canal7slp.tv\/2019\/prision-preventiva-para-dos-hombres-en-rioverde-acusados-de-homicidio\/#respond"]}]},{"@type":"WebPage","@id":"https:\/\/canal7slp.tv\/2019\/prision-preventiva-para-dos-hombres-en-rioverde-acusados-de-homicidio\/","url":"https:\/\/canal7slp.tv\/2019\/prision-preventiva-para-dos-hombres-en-rioverde-acusados-de-homicidio\/","name":"Prisi\u00f3n preventiva para dos hombres en Rioverde acusados de homicidio - Canal 7 SLP - 2019","isPartOf":{"@id":"https:\/\/canal7slp.tv\/2019\/#website"},"primaryImageOfPage":{"@id":"https:\/\/canal7slp.tv\/2019\/prision-preventiva-para-dos-hombres-en-rioverde-acusados-de-homicidio\/#primaryimage"},"image":{"@id":"https:\/\/canal7slp.tv\/2019\/prision-preventiva-para-dos-hombres-en-rioverde-acusados-de-homicidio\/#primaryimage"},"thumbnailUrl":"https:\/\/canal7slp.tv\/2019\/wp-content\/uploads\/2019\/10\/1932-3.jpg","datePublished":"2019-10-16T00:00:22+00:00","dateModified":"2019-10-16T00:32:49+00:00","breadcrumb":{"@id":"https:\/\/canal7slp.tv\/2019\/prision-preventiva-para-dos-hombres-en-rioverde-acusados-de-homicidio\/#breadcrumb"},"inLanguage":"es","potentialAction":[{"@type":"ReadAction","target":["https:\/\/canal7slp.tv\/2019\/prision-preventiva-para-dos-hombres-en-rioverde-acusados-de-homicidio\/"]}]},{"@type":"ImageObject","inLanguage":"es","@id":"https:\/\/canal7slp.tv\/2019\/prision-preventiva-para-dos-hombres-en-rioverde-acusados-de-homicidio\/#primaryimage","url":"https:\/\/canal7slp.tv\/2019\/wp-content\/uploads\/2019\/10\/1932-3.jpg","contentUrl":"https:\/\/canal7slp.tv\/2019\/wp-content\/uploads\/2019\/10\/1932-3.jpg","width":792,"height":612},{"@type":"BreadcrumbList","@id":"https:\/\/canal7slp.tv\/2019\/prision-preventiva-para-dos-hombres-en-rioverde-acusados-de-homicidio\/#breadcrumb","itemListElement":[{"@type":"ListItem","position":1,"name":"Home","item":"https:\/\/canal7slp.tv\/2019\/"},{"@type":"ListItem","position":2,"name":"Prisi\u00f3n preventiva para dos hombres en Rioverde acusados de homicidio"}]},{"@type":"WebSite","@id":"https:\/\/canal7slp.tv\/2019\/#website","url":"https:\/\/canal7slp.tv\/2019\/","name":"Canal 7 SLP - Somos TV","description":"Somos un Canal de 10","publisher":{"@id":"https:\/\/canal7slp.tv\/2019\/#organization"},"potentialAction":[{"@type":"SearchAction","target":{"@type":"EntryPoint","urlTemplate":"https:\/\/canal7slp.tv\/2019\/?s={search_term_string}"},"query-input":{"@type":"PropertyValueSpecification","valueRequired":true,"valueName":"search_term_string"}}],"inLanguage":"es"},{"@type":"Organization","@id":"https:\/\/canal7slp.tv\/2019\/#organization","name":"Comunicaci\u00f3n 2000 S.A. de C.V.","url":"https:\/\/canal7slp.tv\/2019\/","logo":{"@type":"ImageObject","inLanguage":"es","@id":"https:\/\/canal7slp.tv\/2019\/#\/schema\/logo\/image\/","url":"https:\/\/canal7slp.tv\/2019\/wp-content\/uploads\/2019\/07\/logo-c7.png","contentUrl":"https:\/\/canal7slp.tv\/2019\/wp-content\/uploads\/2019\/07\/logo-c7.png","width":220,"height":60,"caption":"Comunicaci\u00f3n 2000 S.A. de C.V."},"image":{"@id":"https:\/\/canal7slp.tv\/2019\/#\/schema\/logo\/image\/"},"sameAs":["https:\/\/www.facebook.com\/CANAL7SLP\/","https:\/\/x.com\/canal7_slp","https:\/\/www.instagram.com\/canal7_slp","https:\/\/www.youtube.com\/user\/NOTICIEROSCANAL7SLP\/"]},{"@type":"Person","@id":"https:\/\/canal7slp.tv\/2019\/#\/schema\/person\/11d941c1c6ca30ac0a46b95fa37aa2e3","name":"edicionweb","image":{"@type":"ImageObject","inLanguage":"es","@id":"https:\/\/secure.gravatar.com\/avatar\/eee448fc3f7164808013b816ba91ac7e43bbe82a70bebac296f8bc6f0addaa1a?s=96&d=mm&r=g","url":"https:\/\/secure.gravatar.com\/avatar\/eee448fc3f7164808013b816ba91ac7e43bbe82a70bebac296f8bc6f0addaa1a?s=96&d=mm&r=g","contentUrl":"https:\/\/secure.gravatar.com\/avatar\/eee448fc3f7164808013b816ba91ac7e43bbe82a70bebac296f8bc6f0addaa1a?s=96&d=mm&r=g","caption":"edicionweb"}}]}},"amp_enabled":true,"cmb2":{"video_ids_in_playlist":{"vid_p_videos":""},"video_ids_in_channel":{"vid_c_videos":""},"playlist_ids_in_channel":{"vid_c_playlists":""},"series_ids_in_channel":{"vid_c_series":""},"channel_images":{"vid_c_logo":"","vid_c_banner":""},"poster_feature_image":{"vid_m_poster_image":""},"gif_feature_image":{"vid_m_gif_image":""},"video_movie_settings":{"vid_m_director":"","vid_m_actor":"","vid_m_imdb_ratings":"","vid_m_amazon_associates":""},"vid_youtube_broadcasts_settings":{"vid_yb_broadcast_title":"","vid_yb_q":"","vid_yb_channelid":"","vid_yb_videocategoryid":"","vid_yb_maxresults":"","vid_yb_order":"","vid_yb_regioncode":"","vid_yb_videosyndicated":"","vid_yb_style":"","vid_yb_reload_first":""},"video_series_settings":{"vid_m_director":"","vid_m_actor":"","vid_m_imdb_ratings":"","video_series_group":""},"amazon_associates_settings":{"amazon_associates":"","amazon_native_ad":""},"vid_youtube_automatic_settings":{"vid_ya_youtube_source":"","vid_ya_update_every":"","vid_ya_update_unit":"","vid_ya_categories":"","vid_ya_published_after":"","vid_ya_published_before":"","vid_ya_playlists":"","vid_ya_channels":"","vid_ya_director":"","vid_ya_actor":"","vid_ya_author":"","vid_ya_import_post_date":"","vid_ya_status":"","vid_ya_sub_api_key":""},"vid_ads_m_videoads_settings_post":{"vid_ads_m_video_ads":"","vid_ads_m_video_ads_type":"","vid_ads_m_group_google_ima":"","vid_ads_m_group_image":"","vid_ads_m_group_html5_video":"","vid_ads_m_group_html":"","vid_ads_m_vast_preroll":"","vid_ads_m_vast_postroll":"","vid_ads_m_vast_pauseroll":"","vid_ads_m_vast_midroll":[{"vid_ads_m_vast_timer_seconds":"50"}],"vid_ads_m_time_to_show_ads":"","vid_ads_m_time_skip_ads":"","vid_ads_m_time_to_hide_ads":""},"page_slider_settings":{"display_slider_group":"","page_slider_group":""},"blog_page_settings":{"blog_page_title":"","blog_page_heading":"","blog_page_ic":"","blog_page_it":"","blog_page_ec":"","blog_page_ip":"","archive_loop_style":"","blog_image_ratio":"","blog_show_categories":"","blog_show_excerpt":"","blog_show_author":"","blog_show_date":"","blog_show_comment_count":"","blog_show_view_count":"","blog_show_like_count":"","blog_show_dislike_count":"","blog_items_per_page":"","blog_pag_type":""},"page_options":{"get_page_template":"","color_mode":"","main_layout":"","main_layout_full_with":"","main_logo":"","main_logo_retina":"","main_logo_mobile":"","main_logo_mobile_retina":"","sticky_logo":"","sticky_logo_retina":"","main_nav_layout":"","ajax_search":"","header_background":"","theme_sidebar":"","instagram_feed":"","instagram_feed_position":"","popular_videos":"","popular_videos_title_1":"","popular_videos_title_2":"","popular_videos_ic":"","popular_videos_it":"","theme_background":"","page_custom_css":""},"feature_image_settings":{"feature_image_position":""},"video_player_settings":{"single_video_style":"","video_player_position":"","vm_video_url":"","video_player_library":"","video_streaming":"","vm_media_sources":"","vid_auto_play":"","vm_video_shortcode":"","vid_p_sync_playlist":"","vid_c_sync_channel":"","get_post_format":"","multiple_links_structure":"default","multi_links_title":"","vm_video_multi_links":"","vm_duration":"","vid_social_locker":"off","vid_social_locker_id":"","vid_membership_action":"content-video","vm_video_trailer_url":"","vid_download_type":"free","vid_download_target":"download","vid_woo_product":"","vm_media_download":"","user_rating":"","user_rating_position":"","user_rating_mode":"","user_rating_multi_sets":""},"video_auto_fetch_settings":{"vm_video_fetch":"on"},"video_fake_views_likes":{"vm_fake_views":"","vm_fake_likes":"","vm_fake_dislikes":""},"gallery_settings":{"gallery_position":""},"quote_settings":{"quote_position":""},"post_options":{"main_layout":"","main_logo":"","main_logo_retina":"","main_logo_mobile":"","main_logo_mobile_retina":"","sticky_logo":"","sticky_logo_retina":"","main_nav_layout":"","header_background":"","theme_sidebar":"","single_post_comment_type":"","theme_background":""}},"_links":{"self":[{"href":"https:\/\/canal7slp.tv\/2019\/wp-json\/wp\/v2\/posts\/75216","targetHints":{"allow":["GET"]}}],"collection":[{"href":"https:\/\/canal7slp.tv\/2019\/wp-json\/wp\/v2\/posts"}],"about":[{"href":"https:\/\/canal7slp.tv\/2019\/wp-json\/wp\/v2\/types\/post"}],"author":[{"embeddable":true,"href":"https:\/\/canal7slp.tv\/2019\/wp-json\/wp\/v2\/users\/2"}],"replies":[{"embeddable":true,"href":"https:\/\/canal7slp.tv\/2019\/wp-json\/wp\/v2\/comments?post=75216"}],"version-history":[{"count":0,"href":"https:\/\/canal7slp.tv\/2019\/wp-json\/wp\/v2\/posts\/75216\/revisions"}],"wp:featuredmedia":[{"embeddable":true,"href":"https:\/\/canal7slp.tv\/2019\/wp-json\/wp\/v2\/media\/75217"}],"wp:attachment":[{"href":"https:\/\/canal7slp.tv\/2019\/wp-json\/wp\/v2\/media?parent=75216"}],"wp:term":[{"taxonomy":"category","embeddable":true,"href":"https:\/\/canal7slp.tv\/2019\/wp-json\/wp\/v2\/categories?post=75216"},{"taxonomy":"post_tag","embeddable":true,"href":"https:\/\/canal7slp.tv\/2019\/wp-json\/wp\/v2\/tags?post=75216"}],"curies":[{"name":"wp","href":"https:\/\/api.w.org\/{rel}","templated":true}]}}