{"id":74905,"date":"2019-10-14T17:11:20","date_gmt":"2019-10-14T22:11:20","guid":{"rendered":"https:\/\/canal7slp.tv\/2019\/?p=74905"},"modified":"2019-10-14T18:37:00","modified_gmt":"2019-10-14T23:37:00","slug":"obras-en-soledad-no-estan-en-el-olvido-afirma-perez-alvarez","status":"publish","type":"post","link":"https:\/\/canal7slp.tv\/2019\/obras-en-soledad-no-estan-en-el-olvido-afirma-perez-alvarez\/","title":{"rendered":"Obras en Soledad no est\u00e1n en el olvido, afirma P\u00e9rez \u00c1lvarez."},"content":{"rendered":"<p style=\"text-align: justify\">SGS.- Luego de que surgieran inquietudes por parte de la ciudadan\u00eda respecto al avance de algunas obras que se realizan en el municipio de Soledad de Graciano S\u00e1nchez, el director de Infraestructura y fortalecimiento municipal, Benjam\u00edn P\u00e9rez \u00c1lvarez, se\u00f1al\u00f3 que todo va de acuerdo al programa establecido.<\/p>\n<p style=\"text-align: justify\">El funcionario mencion\u00f3 que las obras que se realizan sobre el Camino a San Jos\u00e9 no est\u00e1n detenidas ya que se han realizado los trabajos requeridos en las l\u00edneas de agua potable y en la red de drenaje; adem\u00e1s, indic\u00f3 que en esta misma semana se iniciar\u00e1 con la base de unos de los dos carriles para mejorar el tr\u00e1nsito de la zona.<\/p>\n<p style=\"text-align: justify\">\u201cCon respecto a la inquietud de la gente en el desarrollo de las obras que me mencionas, en primer lugar tenemos el camino a San Jos\u00e9 del barro, iniciamos hace ya un par de semanas, los trabajos ah\u00ed se est\u00e1n realizando de acuerdo al programa. En d\u00edas pasados, se termin\u00f3 de trabajar con las l\u00edneas de redes de red drenaje, agua potable, tenemos que cuidar una l\u00ednea de riego que va a unas colonias que est\u00e1n atr\u00e1s, ya se checaron, ya se trabajaron, se alinearon y probablemente en esta semana vamos a empezar a tender la base de uno de los carriles para dar un mejor tr\u00e1nsito a la gente\u201d, detall\u00f3.<\/p>\n<p style=\"text-align: justify\">Tambi\u00e9n neg\u00f3 que haya un atraso en los trabajos que se realizan en la calle Corregidora y explic\u00f3 que actualmente se est\u00e1n colando guarniciones y banquetas; en ese sentido, reconoci\u00f3 que los trabajos en este lugar resulta una molestia para la poblaci\u00f3n pero inst\u00f3 a tener un poco de paciencia.<\/p>\n<p style=\"text-align: justify\">\u201cAh\u00ed tuvimos que limpiar la semana pasada el motivo de la limpieza es despejar el \u00e1rea para continuar con los trabajos de acuerdo al programa esta semana estaremos tirando o colando guarniciones y banquetas Ese fue el motivo de que al concluir la semana pasada se dej\u00f3 despejada el \u00e1rea, esa es la finalidad, que asiente el terreno, seg\u00fan el programa es que a partir de hoy ya se est\u00e1 trabajando en esta arteria que por su magnitud representa una molestia para la gente\u201d, a\u00f1adi\u00f3.<\/p>\n<p style=\"text-align: justify\">Por otra parte, dijo que si no hay avances en la construcci\u00f3n de un sal\u00f3n de usos m\u00faltiples en el fraccionamiento El M\u00e1rquez, es por cuestiones climatol\u00f3gicas, sin embargo, asegur\u00f3 que en este caso, el programa se readec\u00faa pero no se deja en el olvido.<\/p>\n<p style=\"text-align: justify\">Finalmente, P\u00e9rez \u00c1lvarez afirm\u00f3 que por el ejercicio fiscal, las obras que se han iniciado en los \u00faltimos meses deben finalizar antes de que finalice el a\u00f1o.<\/p>\n<p>Por: Jos\u00e9 Luis V\u00e1zquez<\/p>\n","protected":false},"excerpt":{"rendered":"<p>SGS.- Luego de que surgieran inquietudes por parte de la ciudadan\u00eda respecto al avance de algunas obras que se realizan en el municipio de Soledad de Graciano S\u00e1nchez, el director de Infraestructura y fortalecimiento municipal, Benjam\u00edn P\u00e9rez \u00c1lvarez, se\u00f1al\u00f3 que todo va de acuerdo al programa establecido. El funcionario mencion\u00f3 que las obras que se [&hellip;]<\/p>\n","protected":false},"author":2,"featured_media":74906,"comment_status":"open","ping_status":"open","sticky":false,"template":"","format":"video","meta":{"footnotes":""},"categories":[108,17],"tags":[],"class_list":["post-74905","post","type-post","status-publish","format-video","has-post-thumbnail","hentry","category-destacadas","category-localesyregionales","post_format-post-format-video"],"yoast_head":"<!-- This site is optimized with the Yoast SEO plugin v27.5 - https:\/\/yoast.com\/product\/yoast-seo-wordpress\/ -->\n<title>Obras en Soledad no est\u00e1n en el olvido, afirma P\u00e9rez \u00c1lvarez. - Canal 7 SLP - 2019<\/title>\n<meta name=\"robots\" content=\"index, follow, max-snippet:-1, max-image-preview:large, max-video-preview:-1\" \/>\n<link rel=\"canonical\" href=\"https:\/\/canal7slp.tv\/2019\/obras-en-soledad-no-estan-en-el-olvido-afirma-perez-alvarez\/\" \/>\n<meta property=\"og:locale\" content=\"es_ES\" \/>\n<meta property=\"og:type\" content=\"article\" \/>\n<meta property=\"og:title\" content=\"Obras en Soledad no est\u00e1n en el olvido, afirma P\u00e9rez \u00c1lvarez. - Canal 7 SLP - 2019\" \/>\n<meta property=\"og:description\" content=\"SGS.- Luego de que surgieran inquietudes por parte de la ciudadan\u00eda respecto al avance de algunas obras que se realizan en el municipio de Soledad de Graciano S\u00e1nchez, el director de Infraestructura y fortalecimiento municipal, Benjam\u00edn P\u00e9rez \u00c1lvarez, se\u00f1al\u00f3 que todo va de acuerdo al programa establecido. El funcionario mencion\u00f3 que las obras que se [&hellip;]\" \/>\n<meta property=\"og:url\" content=\"https:\/\/canal7slp.tv\/2019\/obras-en-soledad-no-estan-en-el-olvido-afirma-perez-alvarez\/\" \/>\n<meta property=\"og:site_name\" content=\"Canal 7 SLP - 2019\" \/>\n<meta property=\"article:publisher\" content=\"https:\/\/www.facebook.com\/CANAL7SLP\/\" \/>\n<meta property=\"article:published_time\" content=\"2019-10-14T22:11:20+00:00\" \/>\n<meta property=\"article:modified_time\" content=\"2019-10-14T23:37:00+00:00\" \/>\n<meta property=\"og:image\" content=\"https:\/\/canal7slp.tv\/2019\/wp-content\/uploads\/2019\/10\/obrassgs.png\" \/>\n\t<meta property=\"og:image:width\" content=\"750\" \/>\n\t<meta property=\"og:image:height\" content=\"421\" \/>\n\t<meta property=\"og:image:type\" content=\"image\/png\" \/>\n<meta name=\"author\" content=\"edicionweb\" \/>\n<meta name=\"twitter:card\" content=\"summary_large_image\" \/>\n<meta name=\"twitter:creator\" content=\"@canal7_slp\" \/>\n<meta name=\"twitter:site\" content=\"@canal7_slp\" \/>\n<meta name=\"twitter:label1\" content=\"Escrito por\" \/>\n\t<meta name=\"twitter:data1\" content=\"edicionweb\" \/>\n\t<meta name=\"twitter:label2\" content=\"Tiempo de lectura\" \/>\n\t<meta name=\"twitter:data2\" content=\"2 minutos\" \/>\n<script type=\"application\/ld+json\" class=\"yoast-schema-graph\">{\"@context\":\"https:\\\/\\\/schema.org\",\"@graph\":[{\"@type\":\"Article\",\"@id\":\"https:\\\/\\\/canal7slp.tv\\\/2019\\\/obras-en-soledad-no-estan-en-el-olvido-afirma-perez-alvarez\\\/#article\",\"isPartOf\":{\"@id\":\"https:\\\/\\\/canal7slp.tv\\\/2019\\\/obras-en-soledad-no-estan-en-el-olvido-afirma-perez-alvarez\\\/\"},\"author\":{\"name\":\"edicionweb\",\"@id\":\"https:\\\/\\\/canal7slp.tv\\\/2019\\\/#\\\/schema\\\/person\\\/11d941c1c6ca30ac0a46b95fa37aa2e3\"},\"headline\":\"Obras en Soledad no est\u00e1n en el olvido, afirma P\u00e9rez \u00c1lvarez.\",\"datePublished\":\"2019-10-14T22:11:20+00:00\",\"dateModified\":\"2019-10-14T23:37:00+00:00\",\"mainEntityOfPage\":{\"@id\":\"https:\\\/\\\/canal7slp.tv\\\/2019\\\/obras-en-soledad-no-estan-en-el-olvido-afirma-perez-alvarez\\\/\"},\"wordCount\":476,\"commentCount\":0,\"publisher\":{\"@id\":\"https:\\\/\\\/canal7slp.tv\\\/2019\\\/#organization\"},\"image\":{\"@id\":\"https:\\\/\\\/canal7slp.tv\\\/2019\\\/obras-en-soledad-no-estan-en-el-olvido-afirma-perez-alvarez\\\/#primaryimage\"},\"thumbnailUrl\":\"https:\\\/\\\/canal7slp.tv\\\/2019\\\/wp-content\\\/uploads\\\/2019\\\/10\\\/obrassgs.png\",\"articleSection\":[\"DESTACADAS\",\"LOCALES Y REGIONALES\"],\"inLanguage\":\"es\",\"potentialAction\":[{\"@type\":\"CommentAction\",\"name\":\"Comment\",\"target\":[\"https:\\\/\\\/canal7slp.tv\\\/2019\\\/obras-en-soledad-no-estan-en-el-olvido-afirma-perez-alvarez\\\/#respond\"]}]},{\"@type\":\"WebPage\",\"@id\":\"https:\\\/\\\/canal7slp.tv\\\/2019\\\/obras-en-soledad-no-estan-en-el-olvido-afirma-perez-alvarez\\\/\",\"url\":\"https:\\\/\\\/canal7slp.tv\\\/2019\\\/obras-en-soledad-no-estan-en-el-olvido-afirma-perez-alvarez\\\/\",\"name\":\"Obras en Soledad no est\u00e1n en el olvido, afirma P\u00e9rez \u00c1lvarez. - Canal 7 SLP - 2019\",\"isPartOf\":{\"@id\":\"https:\\\/\\\/canal7slp.tv\\\/2019\\\/#website\"},\"primaryImageOfPage\":{\"@id\":\"https:\\\/\\\/canal7slp.tv\\\/2019\\\/obras-en-soledad-no-estan-en-el-olvido-afirma-perez-alvarez\\\/#primaryimage\"},\"image\":{\"@id\":\"https:\\\/\\\/canal7slp.tv\\\/2019\\\/obras-en-soledad-no-estan-en-el-olvido-afirma-perez-alvarez\\\/#primaryimage\"},\"thumbnailUrl\":\"https:\\\/\\\/canal7slp.tv\\\/2019\\\/wp-content\\\/uploads\\\/2019\\\/10\\\/obrassgs.png\",\"datePublished\":\"2019-10-14T22:11:20+00:00\",\"dateModified\":\"2019-10-14T23:37:00+00:00\",\"breadcrumb\":{\"@id\":\"https:\\\/\\\/canal7slp.tv\\\/2019\\\/obras-en-soledad-no-estan-en-el-olvido-afirma-perez-alvarez\\\/#breadcrumb\"},\"inLanguage\":\"es\",\"potentialAction\":[{\"@type\":\"ReadAction\",\"target\":[\"https:\\\/\\\/canal7slp.tv\\\/2019\\\/obras-en-soledad-no-estan-en-el-olvido-afirma-perez-alvarez\\\/\"]}]},{\"@type\":\"ImageObject\",\"inLanguage\":\"es\",\"@id\":\"https:\\\/\\\/canal7slp.tv\\\/2019\\\/obras-en-soledad-no-estan-en-el-olvido-afirma-perez-alvarez\\\/#primaryimage\",\"url\":\"https:\\\/\\\/canal7slp.tv\\\/2019\\\/wp-content\\\/uploads\\\/2019\\\/10\\\/obrassgs.png\",\"contentUrl\":\"https:\\\/\\\/canal7slp.tv\\\/2019\\\/wp-content\\\/uploads\\\/2019\\\/10\\\/obrassgs.png\",\"width\":750,\"height\":421},{\"@type\":\"BreadcrumbList\",\"@id\":\"https:\\\/\\\/canal7slp.tv\\\/2019\\\/obras-en-soledad-no-estan-en-el-olvido-afirma-perez-alvarez\\\/#breadcrumb\",\"itemListElement\":[{\"@type\":\"ListItem\",\"position\":1,\"name\":\"Home\",\"item\":\"https:\\\/\\\/canal7slp.tv\\\/2019\\\/\"},{\"@type\":\"ListItem\",\"position\":2,\"name\":\"Obras en Soledad no est\u00e1n en el olvido, afirma P\u00e9rez \u00c1lvarez.\"}]},{\"@type\":\"WebSite\",\"@id\":\"https:\\\/\\\/canal7slp.tv\\\/2019\\\/#website\",\"url\":\"https:\\\/\\\/canal7slp.tv\\\/2019\\\/\",\"name\":\"Canal 7 SLP - Somos TV\",\"description\":\"Somos un Canal de 10\",\"publisher\":{\"@id\":\"https:\\\/\\\/canal7slp.tv\\\/2019\\\/#organization\"},\"potentialAction\":[{\"@type\":\"SearchAction\",\"target\":{\"@type\":\"EntryPoint\",\"urlTemplate\":\"https:\\\/\\\/canal7slp.tv\\\/2019\\\/?s={search_term_string}\"},\"query-input\":{\"@type\":\"PropertyValueSpecification\",\"valueRequired\":true,\"valueName\":\"search_term_string\"}}],\"inLanguage\":\"es\"},{\"@type\":\"Organization\",\"@id\":\"https:\\\/\\\/canal7slp.tv\\\/2019\\\/#organization\",\"name\":\"Comunicaci\u00f3n 2000 S.A. de C.V.\",\"url\":\"https:\\\/\\\/canal7slp.tv\\\/2019\\\/\",\"logo\":{\"@type\":\"ImageObject\",\"inLanguage\":\"es\",\"@id\":\"https:\\\/\\\/canal7slp.tv\\\/2019\\\/#\\\/schema\\\/logo\\\/image\\\/\",\"url\":\"https:\\\/\\\/canal7slp.tv\\\/2019\\\/wp-content\\\/uploads\\\/2019\\\/07\\\/logo-c7.png\",\"contentUrl\":\"https:\\\/\\\/canal7slp.tv\\\/2019\\\/wp-content\\\/uploads\\\/2019\\\/07\\\/logo-c7.png\",\"width\":220,\"height\":60,\"caption\":\"Comunicaci\u00f3n 2000 S.A. de C.V.\"},\"image\":{\"@id\":\"https:\\\/\\\/canal7slp.tv\\\/2019\\\/#\\\/schema\\\/logo\\\/image\\\/\"},\"sameAs\":[\"https:\\\/\\\/www.facebook.com\\\/CANAL7SLP\\\/\",\"https:\\\/\\\/x.com\\\/canal7_slp\",\"https:\\\/\\\/www.instagram.com\\\/canal7_slp\",\"https:\\\/\\\/www.youtube.com\\\/user\\\/NOTICIEROSCANAL7SLP\\\/\"]},{\"@type\":\"Person\",\"@id\":\"https:\\\/\\\/canal7slp.tv\\\/2019\\\/#\\\/schema\\\/person\\\/11d941c1c6ca30ac0a46b95fa37aa2e3\",\"name\":\"edicionweb\",\"image\":{\"@type\":\"ImageObject\",\"inLanguage\":\"es\",\"@id\":\"https:\\\/\\\/secure.gravatar.com\\\/avatar\\\/eee448fc3f7164808013b816ba91ac7e43bbe82a70bebac296f8bc6f0addaa1a?s=96&d=mm&r=g\",\"url\":\"https:\\\/\\\/secure.gravatar.com\\\/avatar\\\/eee448fc3f7164808013b816ba91ac7e43bbe82a70bebac296f8bc6f0addaa1a?s=96&d=mm&r=g\",\"contentUrl\":\"https:\\\/\\\/secure.gravatar.com\\\/avatar\\\/eee448fc3f7164808013b816ba91ac7e43bbe82a70bebac296f8bc6f0addaa1a?s=96&d=mm&r=g\",\"caption\":\"edicionweb\"}}]}<\/script>\n<!-- \/ Yoast SEO plugin. -->","yoast_head_json":{"title":"Obras en Soledad no est\u00e1n en el olvido, afirma P\u00e9rez \u00c1lvarez. - Canal 7 SLP - 2019","robots":{"index":"index","follow":"follow","max-snippet":"max-snippet:-1","max-image-preview":"max-image-preview:large","max-video-preview":"max-video-preview:-1"},"canonical":"https:\/\/canal7slp.tv\/2019\/obras-en-soledad-no-estan-en-el-olvido-afirma-perez-alvarez\/","og_locale":"es_ES","og_type":"article","og_title":"Obras en Soledad no est\u00e1n en el olvido, afirma P\u00e9rez \u00c1lvarez. - Canal 7 SLP - 2019","og_description":"SGS.- Luego de que surgieran inquietudes por parte de la ciudadan\u00eda respecto al avance de algunas obras que se realizan en el municipio de Soledad de Graciano S\u00e1nchez, el director de Infraestructura y fortalecimiento municipal, Benjam\u00edn P\u00e9rez \u00c1lvarez, se\u00f1al\u00f3 que todo va de acuerdo al programa establecido. El funcionario mencion\u00f3 que las obras que se [&hellip;]","og_url":"https:\/\/canal7slp.tv\/2019\/obras-en-soledad-no-estan-en-el-olvido-afirma-perez-alvarez\/","og_site_name":"Canal 7 SLP - 2019","article_publisher":"https:\/\/www.facebook.com\/CANAL7SLP\/","article_published_time":"2019-10-14T22:11:20+00:00","article_modified_time":"2019-10-14T23:37:00+00:00","og_image":[{"width":750,"height":421,"url":"https:\/\/canal7slp.tv\/2019\/wp-content\/uploads\/2019\/10\/obrassgs.png","type":"image\/png"}],"author":"edicionweb","twitter_card":"summary_large_image","twitter_creator":"@canal7_slp","twitter_site":"@canal7_slp","twitter_misc":{"Escrito por":"edicionweb","Tiempo de lectura":"2 minutos"},"schema":{"@context":"https:\/\/schema.org","@graph":[{"@type":"Article","@id":"https:\/\/canal7slp.tv\/2019\/obras-en-soledad-no-estan-en-el-olvido-afirma-perez-alvarez\/#article","isPartOf":{"@id":"https:\/\/canal7slp.tv\/2019\/obras-en-soledad-no-estan-en-el-olvido-afirma-perez-alvarez\/"},"author":{"name":"edicionweb","@id":"https:\/\/canal7slp.tv\/2019\/#\/schema\/person\/11d941c1c6ca30ac0a46b95fa37aa2e3"},"headline":"Obras en Soledad no est\u00e1n en el olvido, afirma P\u00e9rez \u00c1lvarez.","datePublished":"2019-10-14T22:11:20+00:00","dateModified":"2019-10-14T23:37:00+00:00","mainEntityOfPage":{"@id":"https:\/\/canal7slp.tv\/2019\/obras-en-soledad-no-estan-en-el-olvido-afirma-perez-alvarez\/"},"wordCount":476,"commentCount":0,"publisher":{"@id":"https:\/\/canal7slp.tv\/2019\/#organization"},"image":{"@id":"https:\/\/canal7slp.tv\/2019\/obras-en-soledad-no-estan-en-el-olvido-afirma-perez-alvarez\/#primaryimage"},"thumbnailUrl":"https:\/\/canal7slp.tv\/2019\/wp-content\/uploads\/2019\/10\/obrassgs.png","articleSection":["DESTACADAS","LOCALES Y REGIONALES"],"inLanguage":"es","potentialAction":[{"@type":"CommentAction","name":"Comment","target":["https:\/\/canal7slp.tv\/2019\/obras-en-soledad-no-estan-en-el-olvido-afirma-perez-alvarez\/#respond"]}]},{"@type":"WebPage","@id":"https:\/\/canal7slp.tv\/2019\/obras-en-soledad-no-estan-en-el-olvido-afirma-perez-alvarez\/","url":"https:\/\/canal7slp.tv\/2019\/obras-en-soledad-no-estan-en-el-olvido-afirma-perez-alvarez\/","name":"Obras en Soledad no est\u00e1n en el olvido, afirma P\u00e9rez \u00c1lvarez. - Canal 7 SLP - 2019","isPartOf":{"@id":"https:\/\/canal7slp.tv\/2019\/#website"},"primaryImageOfPage":{"@id":"https:\/\/canal7slp.tv\/2019\/obras-en-soledad-no-estan-en-el-olvido-afirma-perez-alvarez\/#primaryimage"},"image":{"@id":"https:\/\/canal7slp.tv\/2019\/obras-en-soledad-no-estan-en-el-olvido-afirma-perez-alvarez\/#primaryimage"},"thumbnailUrl":"https:\/\/canal7slp.tv\/2019\/wp-content\/uploads\/2019\/10\/obrassgs.png","datePublished":"2019-10-14T22:11:20+00:00","dateModified":"2019-10-14T23:37:00+00:00","breadcrumb":{"@id":"https:\/\/canal7slp.tv\/2019\/obras-en-soledad-no-estan-en-el-olvido-afirma-perez-alvarez\/#breadcrumb"},"inLanguage":"es","potentialAction":[{"@type":"ReadAction","target":["https:\/\/canal7slp.tv\/2019\/obras-en-soledad-no-estan-en-el-olvido-afirma-perez-alvarez\/"]}]},{"@type":"ImageObject","inLanguage":"es","@id":"https:\/\/canal7slp.tv\/2019\/obras-en-soledad-no-estan-en-el-olvido-afirma-perez-alvarez\/#primaryimage","url":"https:\/\/canal7slp.tv\/2019\/wp-content\/uploads\/2019\/10\/obrassgs.png","contentUrl":"https:\/\/canal7slp.tv\/2019\/wp-content\/uploads\/2019\/10\/obrassgs.png","width":750,"height":421},{"@type":"BreadcrumbList","@id":"https:\/\/canal7slp.tv\/2019\/obras-en-soledad-no-estan-en-el-olvido-afirma-perez-alvarez\/#breadcrumb","itemListElement":[{"@type":"ListItem","position":1,"name":"Home","item":"https:\/\/canal7slp.tv\/2019\/"},{"@type":"ListItem","position":2,"name":"Obras en Soledad no est\u00e1n en el olvido, afirma P\u00e9rez \u00c1lvarez."}]},{"@type":"WebSite","@id":"https:\/\/canal7slp.tv\/2019\/#website","url":"https:\/\/canal7slp.tv\/2019\/","name":"Canal 7 SLP - Somos TV","description":"Somos un Canal de 10","publisher":{"@id":"https:\/\/canal7slp.tv\/2019\/#organization"},"potentialAction":[{"@type":"SearchAction","target":{"@type":"EntryPoint","urlTemplate":"https:\/\/canal7slp.tv\/2019\/?s={search_term_string}"},"query-input":{"@type":"PropertyValueSpecification","valueRequired":true,"valueName":"search_term_string"}}],"inLanguage":"es"},{"@type":"Organization","@id":"https:\/\/canal7slp.tv\/2019\/#organization","name":"Comunicaci\u00f3n 2000 S.A. de C.V.","url":"https:\/\/canal7slp.tv\/2019\/","logo":{"@type":"ImageObject","inLanguage":"es","@id":"https:\/\/canal7slp.tv\/2019\/#\/schema\/logo\/image\/","url":"https:\/\/canal7slp.tv\/2019\/wp-content\/uploads\/2019\/07\/logo-c7.png","contentUrl":"https:\/\/canal7slp.tv\/2019\/wp-content\/uploads\/2019\/07\/logo-c7.png","width":220,"height":60,"caption":"Comunicaci\u00f3n 2000 S.A. de C.V."},"image":{"@id":"https:\/\/canal7slp.tv\/2019\/#\/schema\/logo\/image\/"},"sameAs":["https:\/\/www.facebook.com\/CANAL7SLP\/","https:\/\/x.com\/canal7_slp","https:\/\/www.instagram.com\/canal7_slp","https:\/\/www.youtube.com\/user\/NOTICIEROSCANAL7SLP\/"]},{"@type":"Person","@id":"https:\/\/canal7slp.tv\/2019\/#\/schema\/person\/11d941c1c6ca30ac0a46b95fa37aa2e3","name":"edicionweb","image":{"@type":"ImageObject","inLanguage":"es","@id":"https:\/\/secure.gravatar.com\/avatar\/eee448fc3f7164808013b816ba91ac7e43bbe82a70bebac296f8bc6f0addaa1a?s=96&d=mm&r=g","url":"https:\/\/secure.gravatar.com\/avatar\/eee448fc3f7164808013b816ba91ac7e43bbe82a70bebac296f8bc6f0addaa1a?s=96&d=mm&r=g","contentUrl":"https:\/\/secure.gravatar.com\/avatar\/eee448fc3f7164808013b816ba91ac7e43bbe82a70bebac296f8bc6f0addaa1a?s=96&d=mm&r=g","caption":"edicionweb"}}]}},"amp_enabled":true,"cmb2":{"video_ids_in_playlist":{"vid_p_videos":""},"video_ids_in_channel":{"vid_c_videos":""},"playlist_ids_in_channel":{"vid_c_playlists":""},"series_ids_in_channel":{"vid_c_series":""},"channel_images":{"vid_c_logo":"","vid_c_banner":""},"poster_feature_image":{"vid_m_poster_image":""},"gif_feature_image":{"vid_m_gif_image":""},"video_movie_settings":{"vid_m_director":"","vid_m_actor":"","vid_m_imdb_ratings":"","vid_m_amazon_associates":""},"vid_youtube_broadcasts_settings":{"vid_yb_broadcast_title":"","vid_yb_q":"","vid_yb_channelid":"","vid_yb_videocategoryid":"","vid_yb_maxresults":"","vid_yb_order":"","vid_yb_regioncode":"","vid_yb_videosyndicated":"","vid_yb_style":"","vid_yb_reload_first":""},"video_series_settings":{"vid_m_director":"","vid_m_actor":"","vid_m_imdb_ratings":"","video_series_group":""},"amazon_associates_settings":{"amazon_associates":"","amazon_native_ad":""},"vid_youtube_automatic_settings":{"vid_ya_youtube_source":"","vid_ya_update_every":"","vid_ya_update_unit":"","vid_ya_categories":"","vid_ya_published_after":"","vid_ya_published_before":"","vid_ya_playlists":"","vid_ya_channels":"","vid_ya_director":"","vid_ya_actor":"","vid_ya_author":"","vid_ya_import_post_date":"","vid_ya_status":"","vid_ya_sub_api_key":""},"vid_ads_m_videoads_settings_post":{"vid_ads_m_video_ads":"","vid_ads_m_video_ads_type":"","vid_ads_m_group_google_ima":"","vid_ads_m_group_image":"","vid_ads_m_group_html5_video":"","vid_ads_m_group_html":"","vid_ads_m_vast_preroll":"","vid_ads_m_vast_postroll":"","vid_ads_m_vast_pauseroll":"","vid_ads_m_vast_midroll":[{"vid_ads_m_vast_timer_seconds":"50"}],"vid_ads_m_time_to_show_ads":"","vid_ads_m_time_skip_ads":"","vid_ads_m_time_to_hide_ads":""},"page_slider_settings":{"display_slider_group":"","page_slider_group":""},"blog_page_settings":{"blog_page_title":"","blog_page_heading":"","blog_page_ic":"","blog_page_it":"","blog_page_ec":"","blog_page_ip":"","archive_loop_style":"","blog_image_ratio":"","blog_show_categories":"","blog_show_excerpt":"","blog_show_author":"","blog_show_date":"","blog_show_comment_count":"","blog_show_view_count":"","blog_show_like_count":"","blog_show_dislike_count":"","blog_items_per_page":"","blog_pag_type":""},"page_options":{"get_page_template":"","color_mode":"","main_layout":"","main_layout_full_with":"","main_logo":"","main_logo_retina":"","main_logo_mobile":"","main_logo_mobile_retina":"","sticky_logo":"","sticky_logo_retina":"","main_nav_layout":"","ajax_search":"","header_background":"","theme_sidebar":"","instagram_feed":"","instagram_feed_position":"","popular_videos":"","popular_videos_title_1":"","popular_videos_title_2":"","popular_videos_ic":"","popular_videos_it":"","theme_background":"","page_custom_css":""},"feature_image_settings":{"feature_image_position":""},"video_player_settings":{"single_video_style":"","video_player_position":"","vm_video_url":"https:\/\/youtu.be\/oybTu_ORaQU","video_player_library":"","video_streaming":"","vm_media_sources":"","vid_auto_play":"","vm_video_shortcode":"","vid_p_sync_playlist":"","vid_c_sync_channel":"","get_post_format":"","multiple_links_structure":"default","multi_links_title":"","vm_video_multi_links":"","vm_duration":"","vid_social_locker":"off","vid_social_locker_id":"","vid_membership_action":"content-video","vm_video_trailer_url":"","vid_download_type":"free","vid_download_target":"download","vid_woo_product":"","vm_media_download":"","user_rating":"","user_rating_position":"","user_rating_mode":"","user_rating_multi_sets":""},"video_auto_fetch_settings":{"vm_video_fetch":"off"},"video_fake_views_likes":{"vm_fake_views":"","vm_fake_likes":"","vm_fake_dislikes":""},"gallery_settings":{"gallery_position":""},"quote_settings":{"quote_position":""},"post_options":{"main_layout":"","main_logo":"","main_logo_retina":"","main_logo_mobile":"","main_logo_mobile_retina":"","sticky_logo":"","sticky_logo_retina":"","main_nav_layout":"","header_background":"","theme_sidebar":"","single_post_comment_type":"","theme_background":""}},"_links":{"self":[{"href":"https:\/\/canal7slp.tv\/2019\/wp-json\/wp\/v2\/posts\/74905","targetHints":{"allow":["GET"]}}],"collection":[{"href":"https:\/\/canal7slp.tv\/2019\/wp-json\/wp\/v2\/posts"}],"about":[{"href":"https:\/\/canal7slp.tv\/2019\/wp-json\/wp\/v2\/types\/post"}],"author":[{"embeddable":true,"href":"https:\/\/canal7slp.tv\/2019\/wp-json\/wp\/v2\/users\/2"}],"replies":[{"embeddable":true,"href":"https:\/\/canal7slp.tv\/2019\/wp-json\/wp\/v2\/comments?post=74905"}],"version-history":[{"count":0,"href":"https:\/\/canal7slp.tv\/2019\/wp-json\/wp\/v2\/posts\/74905\/revisions"}],"wp:featuredmedia":[{"embeddable":true,"href":"https:\/\/canal7slp.tv\/2019\/wp-json\/wp\/v2\/media\/74906"}],"wp:attachment":[{"href":"https:\/\/canal7slp.tv\/2019\/wp-json\/wp\/v2\/media?parent=74905"}],"wp:term":[{"taxonomy":"category","embeddable":true,"href":"https:\/\/canal7slp.tv\/2019\/wp-json\/wp\/v2\/categories?post=74905"},{"taxonomy":"post_tag","embeddable":true,"href":"https:\/\/canal7slp.tv\/2019\/wp-json\/wp\/v2\/tags?post=74905"}],"curies":[{"name":"wp","href":"https:\/\/api.w.org\/{rel}","templated":true}]}}