{"id":74572,"date":"2019-10-12T11:13:41","date_gmt":"2019-10-12T16:13:41","guid":{"rendered":"https:\/\/canal7slp.tv\/2019\/?p=74572"},"modified":"2019-10-12T11:13:41","modified_gmt":"2019-10-12T16:13:41","slug":"mexico-exporta-a-nivel-record-a-eu-por-guerra-comercial-de-trump-con-china","status":"publish","type":"post","link":"https:\/\/canal7slp.tv\/2019\/mexico-exporta-a-nivel-record-a-eu-por-guerra-comercial-de-trump-con-china\/","title":{"rendered":"M\u00e9xico exporta a nivel r\u00e9cord a EU por guerra comercial de Trump con China"},"content":{"rendered":"<ul>\n<li style=\"text-align: justify\">Las exportaciones representan el 14.4% del total de las importaciones en Estados Unidos<\/li>\n<\/ul>\n<p style=\"text-align: justify\">M\u00e9xico.- Los productos mexicanos representan ahora el 14.4 % del total de las importaciones en Estados Unidos, un nivel r\u00e9cord para las exportaciones de M\u00e9xico alcanzado en medio de la guerra comercial que mantiene el presidente Donald Trump con China.<\/p>\n<p style=\"text-align: justify\">Seg\u00fan inform\u00f3 el \u00faltimo reporte de la Oficina de Comercio de EU, las exportaciones mexicanas a su vecino del norte registraron un valor de 240 mil 738 millones de d\u00f3lares de enero a agosto de este a\u00f1o, lo que refleja un crecimiento del 5.5% a tasa anual y 12 mil 446 millones de d\u00f3lares m\u00e1s que el mismo periodo del a\u00f1o pasado.<\/p>\n<p style=\"text-align: justify\">En contraste, en este lapso, las importaciones de Estados Unidos provenientes de China cayeron 12.5% -el equivalente a 43 mil 245 millones de d\u00f3lares- por lo que ahora representan solo el 18.1% de la cuota de mercado, con un valor de 301 mil 700 millones de d\u00f3lares, seg\u00fan el Gobierno estadounidense.<\/p>\n<p style=\"text-align: justify\">Este fen\u00f3meno se explica porque M\u00e9xico ha sido &#8220;el principal beneficiado en t\u00e9rminos absolutos&#8221; de las tensiones comerciales entre Washington y Pek\u00edn desatadas tras la llegada de Trump a la Casa Blanca en 2017, expone este s\u00e1bado a Efe el economista Luis de la Calle.<\/p>\n<p style=\"text-align: justify\">&#8220;Le estamos quitando participaci\u00f3n a la econom\u00eda China en el \u00faltimo a\u00f1o&#8221;, dice De la Calle, quien subray\u00f3 que aproximadamente la naci\u00f3n asi\u00e1tica ha perdido 2.6 puntos porcentuales de cuota de mercado.<\/p>\n<p style=\"text-align: justify\">Y M\u00e9xico ha aprovechado cerca del 35% de dicha p\u00e9rdida por parte de China, indica De la Calle, quien ayud\u00f3 a negociar el a\u00fan vigente Tratado de Libre Comercio de Am\u00e9rica del Norte (TLCAN), que entr\u00f3 en vigor en 1994.<\/p>\n<p style=\"text-align: justify\">Trump mostr\u00f3 optimismo este viernes por llegar a un &#8220;acuerdo parcial&#8221; con China, al reunirse en la Casa Blanca con el vice primer ministro chino, Liu He, y suspendi\u00f3 su plan de subir, la pr\u00f3xima semana, del 25 al 30% los aranceles a importaciones chinas por valor de 250 mil millones de d\u00f3lares.<\/p>\n<p style=\"text-align: justify\">Aun as\u00ed, funcionarios estadounidenses matizaron que el acuerdo no es definitivo, por lo que no se descarta un incremento arancelario programado para el 15 de diciembre.<\/p>\n<p style=\"text-align: justify\">Hasta ahora, Estados Unidos ha impuesto grav\u00e1menes a las importaciones chinas por un valor de 360 mil millones de d\u00f3lares.<\/p>\n<p style=\"text-align: justify\">Ante esta escalada, la C\u00e1mara Americana de Comercio en M\u00e9xico (AmCham) destaca que los productos mexicanas ofrecen competitividad a Estados Unidos, por lo que se abren oportunidades en alternativas como madera, minerales y qu\u00edmicos, y en la manufactura, como en maquinaria no el\u00e9ctrica, electr\u00f3nicos y autopartes.<\/p>\n<p style=\"text-align: justify\">&#8220;Nuestra integraci\u00f3n no tiene marcha atr\u00e1s, por lo que, m\u00e1s all\u00e1 de cualquier coyuntura comercial internacional, M\u00e9xico est\u00e1 listo para atraer m\u00e1s inversi\u00f3n, impulsar su manufactura y seguir siendo el mejor aliado de Estados Unidos&#8221;, asevera a Efe Francisco Pont\u00f3n, presidente del Consejo de AmCham, en su cap\u00edtulo Monterrey.<\/p>\n","protected":false},"excerpt":{"rendered":"<p>Las exportaciones representan el 14.4% del total de las importaciones en Estados Unidos M\u00e9xico.- Los productos mexicanos representan ahora el 14.4 % del total de las importaciones en Estados Unidos, un nivel r\u00e9cord para las exportaciones de M\u00e9xico alcanzado en medio de la guerra comercial que mantiene el presidente Donald Trump con China. Seg\u00fan inform\u00f3 [&hellip;]<\/p>\n","protected":false},"author":2,"featured_media":74573,"comment_status":"open","ping_status":"open","sticky":false,"template":"","format":"standard","meta":{"footnotes":""},"categories":[98],"tags":[],"class_list":["post-74572","post","type-post","status-publish","format-standard","has-post-thumbnail","hentry","category-finanzas"],"yoast_head":"<!-- This site is optimized with the Yoast SEO plugin v27.5 - https:\/\/yoast.com\/product\/yoast-seo-wordpress\/ -->\n<title>M\u00e9xico exporta a nivel r\u00e9cord a EU por guerra comercial de Trump con China - Canal 7 SLP - 2019<\/title>\n<meta name=\"robots\" content=\"index, follow, max-snippet:-1, max-image-preview:large, max-video-preview:-1\" \/>\n<link rel=\"canonical\" href=\"https:\/\/canal7slp.tv\/2019\/mexico-exporta-a-nivel-record-a-eu-por-guerra-comercial-de-trump-con-china\/\" \/>\n<meta property=\"og:locale\" content=\"es_ES\" \/>\n<meta property=\"og:type\" content=\"article\" \/>\n<meta property=\"og:title\" content=\"M\u00e9xico exporta a nivel r\u00e9cord a EU por guerra comercial de Trump con China - Canal 7 SLP - 2019\" \/>\n<meta property=\"og:description\" content=\"Las exportaciones representan el 14.4% del total de las importaciones en Estados Unidos M\u00e9xico.- Los productos mexicanos representan ahora el 14.4 % del total de las importaciones en Estados Unidos, un nivel r\u00e9cord para las exportaciones de M\u00e9xico alcanzado en medio de la guerra comercial que mantiene el presidente Donald Trump con China. Seg\u00fan inform\u00f3 [&hellip;]\" \/>\n<meta property=\"og:url\" content=\"https:\/\/canal7slp.tv\/2019\/mexico-exporta-a-nivel-record-a-eu-por-guerra-comercial-de-trump-con-china\/\" \/>\n<meta property=\"og:site_name\" content=\"Canal 7 SLP - 2019\" \/>\n<meta property=\"article:publisher\" content=\"https:\/\/www.facebook.com\/CANAL7SLP\/\" \/>\n<meta property=\"article:published_time\" content=\"2019-10-12T16:13:41+00:00\" \/>\n<meta property=\"og:image\" content=\"https:\/\/canal7slp.tv\/2019\/wp-content\/uploads\/2019\/10\/1230-11.jpg\" \/>\n\t<meta property=\"og:image:width\" content=\"770\" \/>\n\t<meta property=\"og:image:height\" content=\"485\" \/>\n\t<meta property=\"og:image:type\" content=\"image\/jpeg\" \/>\n<meta name=\"author\" content=\"edicionweb\" \/>\n<meta name=\"twitter:card\" content=\"summary_large_image\" \/>\n<meta name=\"twitter:creator\" content=\"@canal7_slp\" \/>\n<meta name=\"twitter:site\" content=\"@canal7_slp\" \/>\n<meta name=\"twitter:label1\" content=\"Escrito por\" \/>\n\t<meta name=\"twitter:data1\" content=\"edicionweb\" \/>\n\t<meta name=\"twitter:label2\" content=\"Tiempo de lectura\" \/>\n\t<meta name=\"twitter:data2\" content=\"2 minutos\" \/>\n<script type=\"application\/ld+json\" class=\"yoast-schema-graph\">{\"@context\":\"https:\\\/\\\/schema.org\",\"@graph\":[{\"@type\":\"Article\",\"@id\":\"https:\\\/\\\/canal7slp.tv\\\/2019\\\/mexico-exporta-a-nivel-record-a-eu-por-guerra-comercial-de-trump-con-china\\\/#article\",\"isPartOf\":{\"@id\":\"https:\\\/\\\/canal7slp.tv\\\/2019\\\/mexico-exporta-a-nivel-record-a-eu-por-guerra-comercial-de-trump-con-china\\\/\"},\"author\":{\"name\":\"edicionweb\",\"@id\":\"https:\\\/\\\/canal7slp.tv\\\/2019\\\/#\\\/schema\\\/person\\\/11d941c1c6ca30ac0a46b95fa37aa2e3\"},\"headline\":\"M\u00e9xico exporta a nivel r\u00e9cord a EU por guerra comercial de Trump con China\",\"datePublished\":\"2019-10-12T16:13:41+00:00\",\"mainEntityOfPage\":{\"@id\":\"https:\\\/\\\/canal7slp.tv\\\/2019\\\/mexico-exporta-a-nivel-record-a-eu-por-guerra-comercial-de-trump-con-china\\\/\"},\"wordCount\":514,\"commentCount\":0,\"publisher\":{\"@id\":\"https:\\\/\\\/canal7slp.tv\\\/2019\\\/#organization\"},\"image\":{\"@id\":\"https:\\\/\\\/canal7slp.tv\\\/2019\\\/mexico-exporta-a-nivel-record-a-eu-por-guerra-comercial-de-trump-con-china\\\/#primaryimage\"},\"thumbnailUrl\":\"https:\\\/\\\/canal7slp.tv\\\/2019\\\/wp-content\\\/uploads\\\/2019\\\/10\\\/1230-11.jpg\",\"articleSection\":[\"FINANZAS\"],\"inLanguage\":\"es\",\"potentialAction\":[{\"@type\":\"CommentAction\",\"name\":\"Comment\",\"target\":[\"https:\\\/\\\/canal7slp.tv\\\/2019\\\/mexico-exporta-a-nivel-record-a-eu-por-guerra-comercial-de-trump-con-china\\\/#respond\"]}]},{\"@type\":\"WebPage\",\"@id\":\"https:\\\/\\\/canal7slp.tv\\\/2019\\\/mexico-exporta-a-nivel-record-a-eu-por-guerra-comercial-de-trump-con-china\\\/\",\"url\":\"https:\\\/\\\/canal7slp.tv\\\/2019\\\/mexico-exporta-a-nivel-record-a-eu-por-guerra-comercial-de-trump-con-china\\\/\",\"name\":\"M\u00e9xico exporta a nivel r\u00e9cord a EU por guerra comercial de Trump con China - Canal 7 SLP - 2019\",\"isPartOf\":{\"@id\":\"https:\\\/\\\/canal7slp.tv\\\/2019\\\/#website\"},\"primaryImageOfPage\":{\"@id\":\"https:\\\/\\\/canal7slp.tv\\\/2019\\\/mexico-exporta-a-nivel-record-a-eu-por-guerra-comercial-de-trump-con-china\\\/#primaryimage\"},\"image\":{\"@id\":\"https:\\\/\\\/canal7slp.tv\\\/2019\\\/mexico-exporta-a-nivel-record-a-eu-por-guerra-comercial-de-trump-con-china\\\/#primaryimage\"},\"thumbnailUrl\":\"https:\\\/\\\/canal7slp.tv\\\/2019\\\/wp-content\\\/uploads\\\/2019\\\/10\\\/1230-11.jpg\",\"datePublished\":\"2019-10-12T16:13:41+00:00\",\"breadcrumb\":{\"@id\":\"https:\\\/\\\/canal7slp.tv\\\/2019\\\/mexico-exporta-a-nivel-record-a-eu-por-guerra-comercial-de-trump-con-china\\\/#breadcrumb\"},\"inLanguage\":\"es\",\"potentialAction\":[{\"@type\":\"ReadAction\",\"target\":[\"https:\\\/\\\/canal7slp.tv\\\/2019\\\/mexico-exporta-a-nivel-record-a-eu-por-guerra-comercial-de-trump-con-china\\\/\"]}]},{\"@type\":\"ImageObject\",\"inLanguage\":\"es\",\"@id\":\"https:\\\/\\\/canal7slp.tv\\\/2019\\\/mexico-exporta-a-nivel-record-a-eu-por-guerra-comercial-de-trump-con-china\\\/#primaryimage\",\"url\":\"https:\\\/\\\/canal7slp.tv\\\/2019\\\/wp-content\\\/uploads\\\/2019\\\/10\\\/1230-11.jpg\",\"contentUrl\":\"https:\\\/\\\/canal7slp.tv\\\/2019\\\/wp-content\\\/uploads\\\/2019\\\/10\\\/1230-11.jpg\",\"width\":770,\"height\":485},{\"@type\":\"BreadcrumbList\",\"@id\":\"https:\\\/\\\/canal7slp.tv\\\/2019\\\/mexico-exporta-a-nivel-record-a-eu-por-guerra-comercial-de-trump-con-china\\\/#breadcrumb\",\"itemListElement\":[{\"@type\":\"ListItem\",\"position\":1,\"name\":\"Home\",\"item\":\"https:\\\/\\\/canal7slp.tv\\\/2019\\\/\"},{\"@type\":\"ListItem\",\"position\":2,\"name\":\"M\u00e9xico exporta a nivel r\u00e9cord a EU por guerra comercial de Trump con China\"}]},{\"@type\":\"WebSite\",\"@id\":\"https:\\\/\\\/canal7slp.tv\\\/2019\\\/#website\",\"url\":\"https:\\\/\\\/canal7slp.tv\\\/2019\\\/\",\"name\":\"Canal 7 SLP - Somos TV\",\"description\":\"Somos un Canal de 10\",\"publisher\":{\"@id\":\"https:\\\/\\\/canal7slp.tv\\\/2019\\\/#organization\"},\"potentialAction\":[{\"@type\":\"SearchAction\",\"target\":{\"@type\":\"EntryPoint\",\"urlTemplate\":\"https:\\\/\\\/canal7slp.tv\\\/2019\\\/?s={search_term_string}\"},\"query-input\":{\"@type\":\"PropertyValueSpecification\",\"valueRequired\":true,\"valueName\":\"search_term_string\"}}],\"inLanguage\":\"es\"},{\"@type\":\"Organization\",\"@id\":\"https:\\\/\\\/canal7slp.tv\\\/2019\\\/#organization\",\"name\":\"Comunicaci\u00f3n 2000 S.A. de C.V.\",\"url\":\"https:\\\/\\\/canal7slp.tv\\\/2019\\\/\",\"logo\":{\"@type\":\"ImageObject\",\"inLanguage\":\"es\",\"@id\":\"https:\\\/\\\/canal7slp.tv\\\/2019\\\/#\\\/schema\\\/logo\\\/image\\\/\",\"url\":\"https:\\\/\\\/canal7slp.tv\\\/2019\\\/wp-content\\\/uploads\\\/2019\\\/07\\\/logo-c7.png\",\"contentUrl\":\"https:\\\/\\\/canal7slp.tv\\\/2019\\\/wp-content\\\/uploads\\\/2019\\\/07\\\/logo-c7.png\",\"width\":220,\"height\":60,\"caption\":\"Comunicaci\u00f3n 2000 S.A. de C.V.\"},\"image\":{\"@id\":\"https:\\\/\\\/canal7slp.tv\\\/2019\\\/#\\\/schema\\\/logo\\\/image\\\/\"},\"sameAs\":[\"https:\\\/\\\/www.facebook.com\\\/CANAL7SLP\\\/\",\"https:\\\/\\\/x.com\\\/canal7_slp\",\"https:\\\/\\\/www.instagram.com\\\/canal7_slp\",\"https:\\\/\\\/www.youtube.com\\\/user\\\/NOTICIEROSCANAL7SLP\\\/\"]},{\"@type\":\"Person\",\"@id\":\"https:\\\/\\\/canal7slp.tv\\\/2019\\\/#\\\/schema\\\/person\\\/11d941c1c6ca30ac0a46b95fa37aa2e3\",\"name\":\"edicionweb\",\"image\":{\"@type\":\"ImageObject\",\"inLanguage\":\"es\",\"@id\":\"https:\\\/\\\/secure.gravatar.com\\\/avatar\\\/eee448fc3f7164808013b816ba91ac7e43bbe82a70bebac296f8bc6f0addaa1a?s=96&d=mm&r=g\",\"url\":\"https:\\\/\\\/secure.gravatar.com\\\/avatar\\\/eee448fc3f7164808013b816ba91ac7e43bbe82a70bebac296f8bc6f0addaa1a?s=96&d=mm&r=g\",\"contentUrl\":\"https:\\\/\\\/secure.gravatar.com\\\/avatar\\\/eee448fc3f7164808013b816ba91ac7e43bbe82a70bebac296f8bc6f0addaa1a?s=96&d=mm&r=g\",\"caption\":\"edicionweb\"}}]}<\/script>\n<!-- \/ Yoast SEO plugin. -->","yoast_head_json":{"title":"M\u00e9xico exporta a nivel r\u00e9cord a EU por guerra comercial de Trump con China - Canal 7 SLP - 2019","robots":{"index":"index","follow":"follow","max-snippet":"max-snippet:-1","max-image-preview":"max-image-preview:large","max-video-preview":"max-video-preview:-1"},"canonical":"https:\/\/canal7slp.tv\/2019\/mexico-exporta-a-nivel-record-a-eu-por-guerra-comercial-de-trump-con-china\/","og_locale":"es_ES","og_type":"article","og_title":"M\u00e9xico exporta a nivel r\u00e9cord a EU por guerra comercial de Trump con China - Canal 7 SLP - 2019","og_description":"Las exportaciones representan el 14.4% del total de las importaciones en Estados Unidos M\u00e9xico.- Los productos mexicanos representan ahora el 14.4 % del total de las importaciones en Estados Unidos, un nivel r\u00e9cord para las exportaciones de M\u00e9xico alcanzado en medio de la guerra comercial que mantiene el presidente Donald Trump con China. Seg\u00fan inform\u00f3 [&hellip;]","og_url":"https:\/\/canal7slp.tv\/2019\/mexico-exporta-a-nivel-record-a-eu-por-guerra-comercial-de-trump-con-china\/","og_site_name":"Canal 7 SLP - 2019","article_publisher":"https:\/\/www.facebook.com\/CANAL7SLP\/","article_published_time":"2019-10-12T16:13:41+00:00","og_image":[{"width":770,"height":485,"url":"https:\/\/canal7slp.tv\/2019\/wp-content\/uploads\/2019\/10\/1230-11.jpg","type":"image\/jpeg"}],"author":"edicionweb","twitter_card":"summary_large_image","twitter_creator":"@canal7_slp","twitter_site":"@canal7_slp","twitter_misc":{"Escrito por":"edicionweb","Tiempo de lectura":"2 minutos"},"schema":{"@context":"https:\/\/schema.org","@graph":[{"@type":"Article","@id":"https:\/\/canal7slp.tv\/2019\/mexico-exporta-a-nivel-record-a-eu-por-guerra-comercial-de-trump-con-china\/#article","isPartOf":{"@id":"https:\/\/canal7slp.tv\/2019\/mexico-exporta-a-nivel-record-a-eu-por-guerra-comercial-de-trump-con-china\/"},"author":{"name":"edicionweb","@id":"https:\/\/canal7slp.tv\/2019\/#\/schema\/person\/11d941c1c6ca30ac0a46b95fa37aa2e3"},"headline":"M\u00e9xico exporta a nivel r\u00e9cord a EU por guerra comercial de Trump con China","datePublished":"2019-10-12T16:13:41+00:00","mainEntityOfPage":{"@id":"https:\/\/canal7slp.tv\/2019\/mexico-exporta-a-nivel-record-a-eu-por-guerra-comercial-de-trump-con-china\/"},"wordCount":514,"commentCount":0,"publisher":{"@id":"https:\/\/canal7slp.tv\/2019\/#organization"},"image":{"@id":"https:\/\/canal7slp.tv\/2019\/mexico-exporta-a-nivel-record-a-eu-por-guerra-comercial-de-trump-con-china\/#primaryimage"},"thumbnailUrl":"https:\/\/canal7slp.tv\/2019\/wp-content\/uploads\/2019\/10\/1230-11.jpg","articleSection":["FINANZAS"],"inLanguage":"es","potentialAction":[{"@type":"CommentAction","name":"Comment","target":["https:\/\/canal7slp.tv\/2019\/mexico-exporta-a-nivel-record-a-eu-por-guerra-comercial-de-trump-con-china\/#respond"]}]},{"@type":"WebPage","@id":"https:\/\/canal7slp.tv\/2019\/mexico-exporta-a-nivel-record-a-eu-por-guerra-comercial-de-trump-con-china\/","url":"https:\/\/canal7slp.tv\/2019\/mexico-exporta-a-nivel-record-a-eu-por-guerra-comercial-de-trump-con-china\/","name":"M\u00e9xico exporta a nivel r\u00e9cord a EU por guerra comercial de Trump con China - Canal 7 SLP - 2019","isPartOf":{"@id":"https:\/\/canal7slp.tv\/2019\/#website"},"primaryImageOfPage":{"@id":"https:\/\/canal7slp.tv\/2019\/mexico-exporta-a-nivel-record-a-eu-por-guerra-comercial-de-trump-con-china\/#primaryimage"},"image":{"@id":"https:\/\/canal7slp.tv\/2019\/mexico-exporta-a-nivel-record-a-eu-por-guerra-comercial-de-trump-con-china\/#primaryimage"},"thumbnailUrl":"https:\/\/canal7slp.tv\/2019\/wp-content\/uploads\/2019\/10\/1230-11.jpg","datePublished":"2019-10-12T16:13:41+00:00","breadcrumb":{"@id":"https:\/\/canal7slp.tv\/2019\/mexico-exporta-a-nivel-record-a-eu-por-guerra-comercial-de-trump-con-china\/#breadcrumb"},"inLanguage":"es","potentialAction":[{"@type":"ReadAction","target":["https:\/\/canal7slp.tv\/2019\/mexico-exporta-a-nivel-record-a-eu-por-guerra-comercial-de-trump-con-china\/"]}]},{"@type":"ImageObject","inLanguage":"es","@id":"https:\/\/canal7slp.tv\/2019\/mexico-exporta-a-nivel-record-a-eu-por-guerra-comercial-de-trump-con-china\/#primaryimage","url":"https:\/\/canal7slp.tv\/2019\/wp-content\/uploads\/2019\/10\/1230-11.jpg","contentUrl":"https:\/\/canal7slp.tv\/2019\/wp-content\/uploads\/2019\/10\/1230-11.jpg","width":770,"height":485},{"@type":"BreadcrumbList","@id":"https:\/\/canal7slp.tv\/2019\/mexico-exporta-a-nivel-record-a-eu-por-guerra-comercial-de-trump-con-china\/#breadcrumb","itemListElement":[{"@type":"ListItem","position":1,"name":"Home","item":"https:\/\/canal7slp.tv\/2019\/"},{"@type":"ListItem","position":2,"name":"M\u00e9xico exporta a nivel r\u00e9cord a EU por guerra comercial de Trump con China"}]},{"@type":"WebSite","@id":"https:\/\/canal7slp.tv\/2019\/#website","url":"https:\/\/canal7slp.tv\/2019\/","name":"Canal 7 SLP - Somos TV","description":"Somos un Canal de 10","publisher":{"@id":"https:\/\/canal7slp.tv\/2019\/#organization"},"potentialAction":[{"@type":"SearchAction","target":{"@type":"EntryPoint","urlTemplate":"https:\/\/canal7slp.tv\/2019\/?s={search_term_string}"},"query-input":{"@type":"PropertyValueSpecification","valueRequired":true,"valueName":"search_term_string"}}],"inLanguage":"es"},{"@type":"Organization","@id":"https:\/\/canal7slp.tv\/2019\/#organization","name":"Comunicaci\u00f3n 2000 S.A. de C.V.","url":"https:\/\/canal7slp.tv\/2019\/","logo":{"@type":"ImageObject","inLanguage":"es","@id":"https:\/\/canal7slp.tv\/2019\/#\/schema\/logo\/image\/","url":"https:\/\/canal7slp.tv\/2019\/wp-content\/uploads\/2019\/07\/logo-c7.png","contentUrl":"https:\/\/canal7slp.tv\/2019\/wp-content\/uploads\/2019\/07\/logo-c7.png","width":220,"height":60,"caption":"Comunicaci\u00f3n 2000 S.A. de C.V."},"image":{"@id":"https:\/\/canal7slp.tv\/2019\/#\/schema\/logo\/image\/"},"sameAs":["https:\/\/www.facebook.com\/CANAL7SLP\/","https:\/\/x.com\/canal7_slp","https:\/\/www.instagram.com\/canal7_slp","https:\/\/www.youtube.com\/user\/NOTICIEROSCANAL7SLP\/"]},{"@type":"Person","@id":"https:\/\/canal7slp.tv\/2019\/#\/schema\/person\/11d941c1c6ca30ac0a46b95fa37aa2e3","name":"edicionweb","image":{"@type":"ImageObject","inLanguage":"es","@id":"https:\/\/secure.gravatar.com\/avatar\/eee448fc3f7164808013b816ba91ac7e43bbe82a70bebac296f8bc6f0addaa1a?s=96&d=mm&r=g","url":"https:\/\/secure.gravatar.com\/avatar\/eee448fc3f7164808013b816ba91ac7e43bbe82a70bebac296f8bc6f0addaa1a?s=96&d=mm&r=g","contentUrl":"https:\/\/secure.gravatar.com\/avatar\/eee448fc3f7164808013b816ba91ac7e43bbe82a70bebac296f8bc6f0addaa1a?s=96&d=mm&r=g","caption":"edicionweb"}}]}},"amp_enabled":true,"cmb2":{"video_ids_in_playlist":{"vid_p_videos":""},"video_ids_in_channel":{"vid_c_videos":""},"playlist_ids_in_channel":{"vid_c_playlists":""},"series_ids_in_channel":{"vid_c_series":""},"channel_images":{"vid_c_logo":"","vid_c_banner":""},"poster_feature_image":{"vid_m_poster_image":""},"gif_feature_image":{"vid_m_gif_image":""},"video_movie_settings":{"vid_m_director":"","vid_m_actor":"","vid_m_imdb_ratings":"","vid_m_amazon_associates":""},"vid_youtube_broadcasts_settings":{"vid_yb_broadcast_title":"","vid_yb_q":"","vid_yb_channelid":"","vid_yb_videocategoryid":"","vid_yb_maxresults":"","vid_yb_order":"","vid_yb_regioncode":"","vid_yb_videosyndicated":"","vid_yb_style":"","vid_yb_reload_first":""},"video_series_settings":{"vid_m_director":"","vid_m_actor":"","vid_m_imdb_ratings":"","video_series_group":""},"amazon_associates_settings":{"amazon_associates":"","amazon_native_ad":""},"vid_youtube_automatic_settings":{"vid_ya_youtube_source":"","vid_ya_update_every":"","vid_ya_update_unit":"","vid_ya_categories":"","vid_ya_published_after":"","vid_ya_published_before":"","vid_ya_playlists":"","vid_ya_channels":"","vid_ya_director":"","vid_ya_actor":"","vid_ya_author":"","vid_ya_import_post_date":"","vid_ya_status":"","vid_ya_sub_api_key":""},"vid_ads_m_videoads_settings_post":{"vid_ads_m_video_ads":"","vid_ads_m_video_ads_type":"","vid_ads_m_group_google_ima":"","vid_ads_m_group_image":"","vid_ads_m_group_html5_video":"","vid_ads_m_group_html":"","vid_ads_m_vast_preroll":"","vid_ads_m_vast_postroll":"","vid_ads_m_vast_pauseroll":"","vid_ads_m_vast_midroll":[{"vid_ads_m_vast_timer_seconds":"50"}],"vid_ads_m_time_to_show_ads":"","vid_ads_m_time_skip_ads":"","vid_ads_m_time_to_hide_ads":""},"page_slider_settings":{"display_slider_group":"","page_slider_group":""},"blog_page_settings":{"blog_page_title":"","blog_page_heading":"","blog_page_ic":"","blog_page_it":"","blog_page_ec":"","blog_page_ip":"","archive_loop_style":"","blog_image_ratio":"","blog_show_categories":"","blog_show_excerpt":"","blog_show_author":"","blog_show_date":"","blog_show_comment_count":"","blog_show_view_count":"","blog_show_like_count":"","blog_show_dislike_count":"","blog_items_per_page":"","blog_pag_type":""},"page_options":{"get_page_template":"","color_mode":"","main_layout":"","main_layout_full_with":"","main_logo":"","main_logo_retina":"","main_logo_mobile":"","main_logo_mobile_retina":"","sticky_logo":"","sticky_logo_retina":"","main_nav_layout":"","ajax_search":"","header_background":"","theme_sidebar":"","instagram_feed":"","instagram_feed_position":"","popular_videos":"","popular_videos_title_1":"","popular_videos_title_2":"","popular_videos_ic":"","popular_videos_it":"","theme_background":"","page_custom_css":""},"feature_image_settings":{"feature_image_position":""},"video_player_settings":{"single_video_style":"","video_player_position":"","vm_video_url":"","video_player_library":"","video_streaming":"","vm_media_sources":"","vid_auto_play":"","vm_video_shortcode":"","vid_p_sync_playlist":"","vid_c_sync_channel":"","get_post_format":"","multiple_links_structure":"default","multi_links_title":"","vm_video_multi_links":"","vm_duration":"","vid_social_locker":"off","vid_social_locker_id":"","vid_membership_action":"content-video","vm_video_trailer_url":"","vid_download_type":"free","vid_download_target":"download","vid_woo_product":"","vm_media_download":"","user_rating":"","user_rating_position":"","user_rating_mode":"","user_rating_multi_sets":""},"video_auto_fetch_settings":{"vm_video_fetch":"on"},"video_fake_views_likes":{"vm_fake_views":"","vm_fake_likes":"","vm_fake_dislikes":""},"gallery_settings":{"gallery_position":""},"quote_settings":{"quote_position":""},"post_options":{"main_layout":"","main_logo":"","main_logo_retina":"","main_logo_mobile":"","main_logo_mobile_retina":"","sticky_logo":"","sticky_logo_retina":"","main_nav_layout":"","header_background":"","theme_sidebar":"","single_post_comment_type":"","theme_background":""}},"_links":{"self":[{"href":"https:\/\/canal7slp.tv\/2019\/wp-json\/wp\/v2\/posts\/74572","targetHints":{"allow":["GET"]}}],"collection":[{"href":"https:\/\/canal7slp.tv\/2019\/wp-json\/wp\/v2\/posts"}],"about":[{"href":"https:\/\/canal7slp.tv\/2019\/wp-json\/wp\/v2\/types\/post"}],"author":[{"embeddable":true,"href":"https:\/\/canal7slp.tv\/2019\/wp-json\/wp\/v2\/users\/2"}],"replies":[{"embeddable":true,"href":"https:\/\/canal7slp.tv\/2019\/wp-json\/wp\/v2\/comments?post=74572"}],"version-history":[{"count":0,"href":"https:\/\/canal7slp.tv\/2019\/wp-json\/wp\/v2\/posts\/74572\/revisions"}],"wp:featuredmedia":[{"embeddable":true,"href":"https:\/\/canal7slp.tv\/2019\/wp-json\/wp\/v2\/media\/74573"}],"wp:attachment":[{"href":"https:\/\/canal7slp.tv\/2019\/wp-json\/wp\/v2\/media?parent=74572"}],"wp:term":[{"taxonomy":"category","embeddable":true,"href":"https:\/\/canal7slp.tv\/2019\/wp-json\/wp\/v2\/categories?post=74572"},{"taxonomy":"post_tag","embeddable":true,"href":"https:\/\/canal7slp.tv\/2019\/wp-json\/wp\/v2\/tags?post=74572"}],"curies":[{"name":"wp","href":"https:\/\/api.w.org\/{rel}","templated":true}]}}