{"id":74389,"date":"2019-10-11T14:16:34","date_gmt":"2019-10-11T19:16:34","guid":{"rendered":"https:\/\/canal7slp.tv\/2019\/?p=74389"},"modified":"2019-10-11T14:16:34","modified_gmt":"2019-10-11T19:16:34","slug":"presion-de-calderon-fue-en-casos-abc-y-cassez-arturo-zaldivar","status":"publish","type":"post","link":"https:\/\/canal7slp.tv\/2019\/presion-de-calderon-fue-en-casos-abc-y-cassez-arturo-zaldivar\/","title":{"rendered":"Presi\u00f3n de Calder\u00f3n fue en casos ABC y Cassez: Arturo Zald\u00edvar"},"content":{"rendered":"<ul>\n<li style=\"text-align: justify\">El presidente de la Suprema Corte de Justicia de la Naci\u00f3n afirma que el tema no es nuevo<\/li>\n<\/ul>\n<p style=\"text-align: justify\">M\u00e9xico.- Las presiones que el expresidente Felipe Calder\u00f3n ejerci\u00f3 contra el ministro Arturo Zald\u00edvar fueron en los casos de la guarder\u00eda ABC y sobre la liberaci\u00f3n de Florence Cassez.<\/p>\n<p style=\"text-align: justify\">As\u00ed lo afirm\u00f3 el ministro presidente de la Suprema Corte de Justicia de la Naci\u00f3n (SCJN), Arturo Zald\u00edvar, en conferencia de prensa realizada este jueves en el edificio sede del M\u00e1ximo Tribunal.<\/p>\n<p style=\"text-align: justify\">En respuesta al rechazo de Calder\u00f3n sobre las presiones que Zald\u00edvar mencion\u00f3 durante una entrevista transmitida en Canal Once, el presidente de la Corte destac\u00f3 que en su momento inform\u00f3 a Juan Silva Meza, quien encabezaba el Poder Judicial Federal en aquel entonces.<\/p>\n<p style=\"text-align: justify\">Zald\u00edvar agreg\u00f3 que ya se hab\u00eda referido a las presiones del Ejecutivo a\u00f1os atr\u00e1s, incluso cuando Calder\u00f3n era Presidente.<\/p>\n<p style=\"text-align: justify\">Detall\u00f3 que en el a\u00f1o 2011 cuando present\u00f3 el proyecto sobre el caso de la guarder\u00eda ABC que propon\u00eda fincar responsabilidades a funcionarios federales y estatales, y que fue desechado, el ministro fue v\u00edctima de un &#8220;linchamiento medi\u00e1tico&#8221; y denostaciones personales.<\/p>\n<p style=\"text-align: justify\">En 2013, indic\u00f3, la situaci\u00f3n por el proyecto en el que se orden\u00f3 la liberaci\u00f3n inmediata de la francesa Florence Cassez, se repiti\u00f3.<\/p>\n<p style=\"text-align: justify\">&#8220;Est\u00e1n las pruebas de que esto se supo pr\u00e1cticamente desde que se estaba discutiendo el proyecto&#8221;, dijo.<\/p>\n<p style=\"text-align: justify\">Agreg\u00f3 que en ese entonces no sali\u00f3 a dar conferencia de prensa para informar sobre las presiones ejercidas en su contra porque corr\u00eda el riesgo de generar con ello una &#8220;crisis institucional&#8221;.<\/p>\n<p style=\"text-align: justify\">Enfatiz\u00f3 en que \u00e9l nunca ha cedido ni ceder\u00e1 a presiones porque tiene una reputaci\u00f3n qu\u00e9 cuidar.<\/p>\n<p style=\"text-align: justify\">&#8220;El ant\u00eddoto contra las presiones es no ceder a ellas, mi independencia ah\u00ed est\u00e1, mis votos quedaron en ese sentido y para presionarte deben tener algo con qu\u00e9 presionarte y yo no tengo nada de ello&#8221;, coment\u00f3.<\/p>\n","protected":false},"excerpt":{"rendered":"<p>El presidente de la Suprema Corte de Justicia de la Naci\u00f3n afirma que el tema no es nuevo M\u00e9xico.- Las presiones que el expresidente Felipe Calder\u00f3n ejerci\u00f3 contra el ministro Arturo Zald\u00edvar fueron en los casos de la guarder\u00eda ABC y sobre la liberaci\u00f3n de Florence Cassez. As\u00ed lo afirm\u00f3 el ministro presidente de la [&hellip;]<\/p>\n","protected":false},"author":2,"featured_media":74390,"comment_status":"open","ping_status":"open","sticky":false,"template":"","format":"standard","meta":{"footnotes":""},"categories":[30],"tags":[],"class_list":["post-74389","post","type-post","status-publish","format-standard","has-post-thumbnail","hentry","category-nacional"],"yoast_head":"<!-- This site is optimized with the Yoast SEO plugin v27.5 - https:\/\/yoast.com\/product\/yoast-seo-wordpress\/ -->\n<title>Presi\u00f3n de Calder\u00f3n fue en casos ABC y Cassez: Arturo Zald\u00edvar - Canal 7 SLP - 2019<\/title>\n<meta name=\"robots\" content=\"index, follow, max-snippet:-1, max-image-preview:large, max-video-preview:-1\" \/>\n<link rel=\"canonical\" href=\"https:\/\/canal7slp.tv\/2019\/presion-de-calderon-fue-en-casos-abc-y-cassez-arturo-zaldivar\/\" \/>\n<meta property=\"og:locale\" content=\"es_ES\" \/>\n<meta property=\"og:type\" content=\"article\" \/>\n<meta property=\"og:title\" content=\"Presi\u00f3n de Calder\u00f3n fue en casos ABC y Cassez: Arturo Zald\u00edvar - Canal 7 SLP - 2019\" \/>\n<meta property=\"og:description\" content=\"El presidente de la Suprema Corte de Justicia de la Naci\u00f3n afirma que el tema no es nuevo M\u00e9xico.- Las presiones que el expresidente Felipe Calder\u00f3n ejerci\u00f3 contra el ministro Arturo Zald\u00edvar fueron en los casos de la guarder\u00eda ABC y sobre la liberaci\u00f3n de Florence Cassez. As\u00ed lo afirm\u00f3 el ministro presidente de la [&hellip;]\" \/>\n<meta property=\"og:url\" content=\"https:\/\/canal7slp.tv\/2019\/presion-de-calderon-fue-en-casos-abc-y-cassez-arturo-zaldivar\/\" \/>\n<meta property=\"og:site_name\" content=\"Canal 7 SLP - 2019\" \/>\n<meta property=\"article:publisher\" content=\"https:\/\/www.facebook.com\/CANAL7SLP\/\" \/>\n<meta property=\"article:published_time\" content=\"2019-10-11T19:16:34+00:00\" \/>\n<meta property=\"og:image\" content=\"https:\/\/canal7slp.tv\/2019\/wp-content\/uploads\/2019\/10\/1520-1.jpeg\" \/>\n\t<meta property=\"og:image:width\" content=\"958\" \/>\n\t<meta property=\"og:image:height\" content=\"596\" \/>\n\t<meta property=\"og:image:type\" content=\"image\/jpeg\" \/>\n<meta name=\"author\" content=\"edicionweb\" \/>\n<meta name=\"twitter:card\" content=\"summary_large_image\" \/>\n<meta name=\"twitter:creator\" content=\"@canal7_slp\" \/>\n<meta name=\"twitter:site\" content=\"@canal7_slp\" \/>\n<meta name=\"twitter:label1\" content=\"Escrito por\" \/>\n\t<meta name=\"twitter:data1\" content=\"edicionweb\" \/>\n\t<meta name=\"twitter:label2\" content=\"Tiempo de lectura\" \/>\n\t<meta name=\"twitter:data2\" content=\"2 minutos\" \/>\n<script type=\"application\/ld+json\" class=\"yoast-schema-graph\">{\"@context\":\"https:\\\/\\\/schema.org\",\"@graph\":[{\"@type\":\"Article\",\"@id\":\"https:\\\/\\\/canal7slp.tv\\\/2019\\\/presion-de-calderon-fue-en-casos-abc-y-cassez-arturo-zaldivar\\\/#article\",\"isPartOf\":{\"@id\":\"https:\\\/\\\/canal7slp.tv\\\/2019\\\/presion-de-calderon-fue-en-casos-abc-y-cassez-arturo-zaldivar\\\/\"},\"author\":{\"name\":\"edicionweb\",\"@id\":\"https:\\\/\\\/canal7slp.tv\\\/2019\\\/#\\\/schema\\\/person\\\/11d941c1c6ca30ac0a46b95fa37aa2e3\"},\"headline\":\"Presi\u00f3n de Calder\u00f3n fue en casos ABC y Cassez: Arturo Zald\u00edvar\",\"datePublished\":\"2019-10-11T19:16:34+00:00\",\"mainEntityOfPage\":{\"@id\":\"https:\\\/\\\/canal7slp.tv\\\/2019\\\/presion-de-calderon-fue-en-casos-abc-y-cassez-arturo-zaldivar\\\/\"},\"wordCount\":349,\"commentCount\":0,\"publisher\":{\"@id\":\"https:\\\/\\\/canal7slp.tv\\\/2019\\\/#organization\"},\"image\":{\"@id\":\"https:\\\/\\\/canal7slp.tv\\\/2019\\\/presion-de-calderon-fue-en-casos-abc-y-cassez-arturo-zaldivar\\\/#primaryimage\"},\"thumbnailUrl\":\"https:\\\/\\\/canal7slp.tv\\\/2019\\\/wp-content\\\/uploads\\\/2019\\\/10\\\/1520-1.jpeg\",\"articleSection\":[\"NACIONAL\"],\"inLanguage\":\"es\",\"potentialAction\":[{\"@type\":\"CommentAction\",\"name\":\"Comment\",\"target\":[\"https:\\\/\\\/canal7slp.tv\\\/2019\\\/presion-de-calderon-fue-en-casos-abc-y-cassez-arturo-zaldivar\\\/#respond\"]}]},{\"@type\":\"WebPage\",\"@id\":\"https:\\\/\\\/canal7slp.tv\\\/2019\\\/presion-de-calderon-fue-en-casos-abc-y-cassez-arturo-zaldivar\\\/\",\"url\":\"https:\\\/\\\/canal7slp.tv\\\/2019\\\/presion-de-calderon-fue-en-casos-abc-y-cassez-arturo-zaldivar\\\/\",\"name\":\"Presi\u00f3n de Calder\u00f3n fue en casos ABC y Cassez: Arturo Zald\u00edvar - Canal 7 SLP - 2019\",\"isPartOf\":{\"@id\":\"https:\\\/\\\/canal7slp.tv\\\/2019\\\/#website\"},\"primaryImageOfPage\":{\"@id\":\"https:\\\/\\\/canal7slp.tv\\\/2019\\\/presion-de-calderon-fue-en-casos-abc-y-cassez-arturo-zaldivar\\\/#primaryimage\"},\"image\":{\"@id\":\"https:\\\/\\\/canal7slp.tv\\\/2019\\\/presion-de-calderon-fue-en-casos-abc-y-cassez-arturo-zaldivar\\\/#primaryimage\"},\"thumbnailUrl\":\"https:\\\/\\\/canal7slp.tv\\\/2019\\\/wp-content\\\/uploads\\\/2019\\\/10\\\/1520-1.jpeg\",\"datePublished\":\"2019-10-11T19:16:34+00:00\",\"breadcrumb\":{\"@id\":\"https:\\\/\\\/canal7slp.tv\\\/2019\\\/presion-de-calderon-fue-en-casos-abc-y-cassez-arturo-zaldivar\\\/#breadcrumb\"},\"inLanguage\":\"es\",\"potentialAction\":[{\"@type\":\"ReadAction\",\"target\":[\"https:\\\/\\\/canal7slp.tv\\\/2019\\\/presion-de-calderon-fue-en-casos-abc-y-cassez-arturo-zaldivar\\\/\"]}]},{\"@type\":\"ImageObject\",\"inLanguage\":\"es\",\"@id\":\"https:\\\/\\\/canal7slp.tv\\\/2019\\\/presion-de-calderon-fue-en-casos-abc-y-cassez-arturo-zaldivar\\\/#primaryimage\",\"url\":\"https:\\\/\\\/canal7slp.tv\\\/2019\\\/wp-content\\\/uploads\\\/2019\\\/10\\\/1520-1.jpeg\",\"contentUrl\":\"https:\\\/\\\/canal7slp.tv\\\/2019\\\/wp-content\\\/uploads\\\/2019\\\/10\\\/1520-1.jpeg\",\"width\":958,\"height\":596},{\"@type\":\"BreadcrumbList\",\"@id\":\"https:\\\/\\\/canal7slp.tv\\\/2019\\\/presion-de-calderon-fue-en-casos-abc-y-cassez-arturo-zaldivar\\\/#breadcrumb\",\"itemListElement\":[{\"@type\":\"ListItem\",\"position\":1,\"name\":\"Home\",\"item\":\"https:\\\/\\\/canal7slp.tv\\\/2019\\\/\"},{\"@type\":\"ListItem\",\"position\":2,\"name\":\"Presi\u00f3n de Calder\u00f3n fue en casos ABC y Cassez: Arturo Zald\u00edvar\"}]},{\"@type\":\"WebSite\",\"@id\":\"https:\\\/\\\/canal7slp.tv\\\/2019\\\/#website\",\"url\":\"https:\\\/\\\/canal7slp.tv\\\/2019\\\/\",\"name\":\"Canal 7 SLP - Somos TV\",\"description\":\"Somos un Canal de 10\",\"publisher\":{\"@id\":\"https:\\\/\\\/canal7slp.tv\\\/2019\\\/#organization\"},\"potentialAction\":[{\"@type\":\"SearchAction\",\"target\":{\"@type\":\"EntryPoint\",\"urlTemplate\":\"https:\\\/\\\/canal7slp.tv\\\/2019\\\/?s={search_term_string}\"},\"query-input\":{\"@type\":\"PropertyValueSpecification\",\"valueRequired\":true,\"valueName\":\"search_term_string\"}}],\"inLanguage\":\"es\"},{\"@type\":\"Organization\",\"@id\":\"https:\\\/\\\/canal7slp.tv\\\/2019\\\/#organization\",\"name\":\"Comunicaci\u00f3n 2000 S.A. de C.V.\",\"url\":\"https:\\\/\\\/canal7slp.tv\\\/2019\\\/\",\"logo\":{\"@type\":\"ImageObject\",\"inLanguage\":\"es\",\"@id\":\"https:\\\/\\\/canal7slp.tv\\\/2019\\\/#\\\/schema\\\/logo\\\/image\\\/\",\"url\":\"https:\\\/\\\/canal7slp.tv\\\/2019\\\/wp-content\\\/uploads\\\/2019\\\/07\\\/logo-c7.png\",\"contentUrl\":\"https:\\\/\\\/canal7slp.tv\\\/2019\\\/wp-content\\\/uploads\\\/2019\\\/07\\\/logo-c7.png\",\"width\":220,\"height\":60,\"caption\":\"Comunicaci\u00f3n 2000 S.A. de C.V.\"},\"image\":{\"@id\":\"https:\\\/\\\/canal7slp.tv\\\/2019\\\/#\\\/schema\\\/logo\\\/image\\\/\"},\"sameAs\":[\"https:\\\/\\\/www.facebook.com\\\/CANAL7SLP\\\/\",\"https:\\\/\\\/x.com\\\/canal7_slp\",\"https:\\\/\\\/www.instagram.com\\\/canal7_slp\",\"https:\\\/\\\/www.youtube.com\\\/user\\\/NOTICIEROSCANAL7SLP\\\/\"]},{\"@type\":\"Person\",\"@id\":\"https:\\\/\\\/canal7slp.tv\\\/2019\\\/#\\\/schema\\\/person\\\/11d941c1c6ca30ac0a46b95fa37aa2e3\",\"name\":\"edicionweb\",\"image\":{\"@type\":\"ImageObject\",\"inLanguage\":\"es\",\"@id\":\"https:\\\/\\\/secure.gravatar.com\\\/avatar\\\/eee448fc3f7164808013b816ba91ac7e43bbe82a70bebac296f8bc6f0addaa1a?s=96&d=mm&r=g\",\"url\":\"https:\\\/\\\/secure.gravatar.com\\\/avatar\\\/eee448fc3f7164808013b816ba91ac7e43bbe82a70bebac296f8bc6f0addaa1a?s=96&d=mm&r=g\",\"contentUrl\":\"https:\\\/\\\/secure.gravatar.com\\\/avatar\\\/eee448fc3f7164808013b816ba91ac7e43bbe82a70bebac296f8bc6f0addaa1a?s=96&d=mm&r=g\",\"caption\":\"edicionweb\"}}]}<\/script>\n<!-- \/ Yoast SEO plugin. -->","yoast_head_json":{"title":"Presi\u00f3n de Calder\u00f3n fue en casos ABC y Cassez: Arturo Zald\u00edvar - Canal 7 SLP - 2019","robots":{"index":"index","follow":"follow","max-snippet":"max-snippet:-1","max-image-preview":"max-image-preview:large","max-video-preview":"max-video-preview:-1"},"canonical":"https:\/\/canal7slp.tv\/2019\/presion-de-calderon-fue-en-casos-abc-y-cassez-arturo-zaldivar\/","og_locale":"es_ES","og_type":"article","og_title":"Presi\u00f3n de Calder\u00f3n fue en casos ABC y Cassez: Arturo Zald\u00edvar - Canal 7 SLP - 2019","og_description":"El presidente de la Suprema Corte de Justicia de la Naci\u00f3n afirma que el tema no es nuevo M\u00e9xico.- Las presiones que el expresidente Felipe Calder\u00f3n ejerci\u00f3 contra el ministro Arturo Zald\u00edvar fueron en los casos de la guarder\u00eda ABC y sobre la liberaci\u00f3n de Florence Cassez. As\u00ed lo afirm\u00f3 el ministro presidente de la [&hellip;]","og_url":"https:\/\/canal7slp.tv\/2019\/presion-de-calderon-fue-en-casos-abc-y-cassez-arturo-zaldivar\/","og_site_name":"Canal 7 SLP - 2019","article_publisher":"https:\/\/www.facebook.com\/CANAL7SLP\/","article_published_time":"2019-10-11T19:16:34+00:00","og_image":[{"width":958,"height":596,"url":"https:\/\/canal7slp.tv\/2019\/wp-content\/uploads\/2019\/10\/1520-1.jpeg","type":"image\/jpeg"}],"author":"edicionweb","twitter_card":"summary_large_image","twitter_creator":"@canal7_slp","twitter_site":"@canal7_slp","twitter_misc":{"Escrito por":"edicionweb","Tiempo de lectura":"2 minutos"},"schema":{"@context":"https:\/\/schema.org","@graph":[{"@type":"Article","@id":"https:\/\/canal7slp.tv\/2019\/presion-de-calderon-fue-en-casos-abc-y-cassez-arturo-zaldivar\/#article","isPartOf":{"@id":"https:\/\/canal7slp.tv\/2019\/presion-de-calderon-fue-en-casos-abc-y-cassez-arturo-zaldivar\/"},"author":{"name":"edicionweb","@id":"https:\/\/canal7slp.tv\/2019\/#\/schema\/person\/11d941c1c6ca30ac0a46b95fa37aa2e3"},"headline":"Presi\u00f3n de Calder\u00f3n fue en casos ABC y Cassez: Arturo Zald\u00edvar","datePublished":"2019-10-11T19:16:34+00:00","mainEntityOfPage":{"@id":"https:\/\/canal7slp.tv\/2019\/presion-de-calderon-fue-en-casos-abc-y-cassez-arturo-zaldivar\/"},"wordCount":349,"commentCount":0,"publisher":{"@id":"https:\/\/canal7slp.tv\/2019\/#organization"},"image":{"@id":"https:\/\/canal7slp.tv\/2019\/presion-de-calderon-fue-en-casos-abc-y-cassez-arturo-zaldivar\/#primaryimage"},"thumbnailUrl":"https:\/\/canal7slp.tv\/2019\/wp-content\/uploads\/2019\/10\/1520-1.jpeg","articleSection":["NACIONAL"],"inLanguage":"es","potentialAction":[{"@type":"CommentAction","name":"Comment","target":["https:\/\/canal7slp.tv\/2019\/presion-de-calderon-fue-en-casos-abc-y-cassez-arturo-zaldivar\/#respond"]}]},{"@type":"WebPage","@id":"https:\/\/canal7slp.tv\/2019\/presion-de-calderon-fue-en-casos-abc-y-cassez-arturo-zaldivar\/","url":"https:\/\/canal7slp.tv\/2019\/presion-de-calderon-fue-en-casos-abc-y-cassez-arturo-zaldivar\/","name":"Presi\u00f3n de Calder\u00f3n fue en casos ABC y Cassez: Arturo Zald\u00edvar - Canal 7 SLP - 2019","isPartOf":{"@id":"https:\/\/canal7slp.tv\/2019\/#website"},"primaryImageOfPage":{"@id":"https:\/\/canal7slp.tv\/2019\/presion-de-calderon-fue-en-casos-abc-y-cassez-arturo-zaldivar\/#primaryimage"},"image":{"@id":"https:\/\/canal7slp.tv\/2019\/presion-de-calderon-fue-en-casos-abc-y-cassez-arturo-zaldivar\/#primaryimage"},"thumbnailUrl":"https:\/\/canal7slp.tv\/2019\/wp-content\/uploads\/2019\/10\/1520-1.jpeg","datePublished":"2019-10-11T19:16:34+00:00","breadcrumb":{"@id":"https:\/\/canal7slp.tv\/2019\/presion-de-calderon-fue-en-casos-abc-y-cassez-arturo-zaldivar\/#breadcrumb"},"inLanguage":"es","potentialAction":[{"@type":"ReadAction","target":["https:\/\/canal7slp.tv\/2019\/presion-de-calderon-fue-en-casos-abc-y-cassez-arturo-zaldivar\/"]}]},{"@type":"ImageObject","inLanguage":"es","@id":"https:\/\/canal7slp.tv\/2019\/presion-de-calderon-fue-en-casos-abc-y-cassez-arturo-zaldivar\/#primaryimage","url":"https:\/\/canal7slp.tv\/2019\/wp-content\/uploads\/2019\/10\/1520-1.jpeg","contentUrl":"https:\/\/canal7slp.tv\/2019\/wp-content\/uploads\/2019\/10\/1520-1.jpeg","width":958,"height":596},{"@type":"BreadcrumbList","@id":"https:\/\/canal7slp.tv\/2019\/presion-de-calderon-fue-en-casos-abc-y-cassez-arturo-zaldivar\/#breadcrumb","itemListElement":[{"@type":"ListItem","position":1,"name":"Home","item":"https:\/\/canal7slp.tv\/2019\/"},{"@type":"ListItem","position":2,"name":"Presi\u00f3n de Calder\u00f3n fue en casos ABC y Cassez: Arturo Zald\u00edvar"}]},{"@type":"WebSite","@id":"https:\/\/canal7slp.tv\/2019\/#website","url":"https:\/\/canal7slp.tv\/2019\/","name":"Canal 7 SLP - Somos TV","description":"Somos un Canal de 10","publisher":{"@id":"https:\/\/canal7slp.tv\/2019\/#organization"},"potentialAction":[{"@type":"SearchAction","target":{"@type":"EntryPoint","urlTemplate":"https:\/\/canal7slp.tv\/2019\/?s={search_term_string}"},"query-input":{"@type":"PropertyValueSpecification","valueRequired":true,"valueName":"search_term_string"}}],"inLanguage":"es"},{"@type":"Organization","@id":"https:\/\/canal7slp.tv\/2019\/#organization","name":"Comunicaci\u00f3n 2000 S.A. de C.V.","url":"https:\/\/canal7slp.tv\/2019\/","logo":{"@type":"ImageObject","inLanguage":"es","@id":"https:\/\/canal7slp.tv\/2019\/#\/schema\/logo\/image\/","url":"https:\/\/canal7slp.tv\/2019\/wp-content\/uploads\/2019\/07\/logo-c7.png","contentUrl":"https:\/\/canal7slp.tv\/2019\/wp-content\/uploads\/2019\/07\/logo-c7.png","width":220,"height":60,"caption":"Comunicaci\u00f3n 2000 S.A. de C.V."},"image":{"@id":"https:\/\/canal7slp.tv\/2019\/#\/schema\/logo\/image\/"},"sameAs":["https:\/\/www.facebook.com\/CANAL7SLP\/","https:\/\/x.com\/canal7_slp","https:\/\/www.instagram.com\/canal7_slp","https:\/\/www.youtube.com\/user\/NOTICIEROSCANAL7SLP\/"]},{"@type":"Person","@id":"https:\/\/canal7slp.tv\/2019\/#\/schema\/person\/11d941c1c6ca30ac0a46b95fa37aa2e3","name":"edicionweb","image":{"@type":"ImageObject","inLanguage":"es","@id":"https:\/\/secure.gravatar.com\/avatar\/eee448fc3f7164808013b816ba91ac7e43bbe82a70bebac296f8bc6f0addaa1a?s=96&d=mm&r=g","url":"https:\/\/secure.gravatar.com\/avatar\/eee448fc3f7164808013b816ba91ac7e43bbe82a70bebac296f8bc6f0addaa1a?s=96&d=mm&r=g","contentUrl":"https:\/\/secure.gravatar.com\/avatar\/eee448fc3f7164808013b816ba91ac7e43bbe82a70bebac296f8bc6f0addaa1a?s=96&d=mm&r=g","caption":"edicionweb"}}]}},"amp_enabled":true,"cmb2":{"video_ids_in_playlist":{"vid_p_videos":""},"video_ids_in_channel":{"vid_c_videos":""},"playlist_ids_in_channel":{"vid_c_playlists":""},"series_ids_in_channel":{"vid_c_series":""},"channel_images":{"vid_c_logo":"","vid_c_banner":""},"poster_feature_image":{"vid_m_poster_image":""},"gif_feature_image":{"vid_m_gif_image":""},"video_movie_settings":{"vid_m_director":"","vid_m_actor":"","vid_m_imdb_ratings":"","vid_m_amazon_associates":""},"vid_youtube_broadcasts_settings":{"vid_yb_broadcast_title":"","vid_yb_q":"","vid_yb_channelid":"","vid_yb_videocategoryid":"","vid_yb_maxresults":"","vid_yb_order":"","vid_yb_regioncode":"","vid_yb_videosyndicated":"","vid_yb_style":"","vid_yb_reload_first":""},"video_series_settings":{"vid_m_director":"","vid_m_actor":"","vid_m_imdb_ratings":"","video_series_group":""},"amazon_associates_settings":{"amazon_associates":"","amazon_native_ad":""},"vid_youtube_automatic_settings":{"vid_ya_youtube_source":"","vid_ya_update_every":"","vid_ya_update_unit":"","vid_ya_categories":"","vid_ya_published_after":"","vid_ya_published_before":"","vid_ya_playlists":"","vid_ya_channels":"","vid_ya_director":"","vid_ya_actor":"","vid_ya_author":"","vid_ya_import_post_date":"","vid_ya_status":"","vid_ya_sub_api_key":""},"vid_ads_m_videoads_settings_post":{"vid_ads_m_video_ads":"","vid_ads_m_video_ads_type":"","vid_ads_m_group_google_ima":"","vid_ads_m_group_image":"","vid_ads_m_group_html5_video":"","vid_ads_m_group_html":"","vid_ads_m_vast_preroll":"","vid_ads_m_vast_postroll":"","vid_ads_m_vast_pauseroll":"","vid_ads_m_vast_midroll":[{"vid_ads_m_vast_timer_seconds":"50"}],"vid_ads_m_time_to_show_ads":"","vid_ads_m_time_skip_ads":"","vid_ads_m_time_to_hide_ads":""},"page_slider_settings":{"display_slider_group":"","page_slider_group":""},"blog_page_settings":{"blog_page_title":"","blog_page_heading":"","blog_page_ic":"","blog_page_it":"","blog_page_ec":"","blog_page_ip":"","archive_loop_style":"","blog_image_ratio":"","blog_show_categories":"","blog_show_excerpt":"","blog_show_author":"","blog_show_date":"","blog_show_comment_count":"","blog_show_view_count":"","blog_show_like_count":"","blog_show_dislike_count":"","blog_items_per_page":"","blog_pag_type":""},"page_options":{"get_page_template":"","color_mode":"","main_layout":"","main_layout_full_with":"","main_logo":"","main_logo_retina":"","main_logo_mobile":"","main_logo_mobile_retina":"","sticky_logo":"","sticky_logo_retina":"","main_nav_layout":"","ajax_search":"","header_background":"","theme_sidebar":"","instagram_feed":"","instagram_feed_position":"","popular_videos":"","popular_videos_title_1":"","popular_videos_title_2":"","popular_videos_ic":"","popular_videos_it":"","theme_background":"","page_custom_css":""},"feature_image_settings":{"feature_image_position":""},"video_player_settings":{"single_video_style":"","video_player_position":"","vm_video_url":"","video_player_library":"","video_streaming":"","vm_media_sources":"","vid_auto_play":"","vm_video_shortcode":"","vid_p_sync_playlist":"","vid_c_sync_channel":"","get_post_format":"","multiple_links_structure":"default","multi_links_title":"","vm_video_multi_links":"","vm_duration":"","vid_social_locker":"off","vid_social_locker_id":"","vid_membership_action":"content-video","vm_video_trailer_url":"","vid_download_type":"free","vid_download_target":"download","vid_woo_product":"","vm_media_download":"","user_rating":"","user_rating_position":"","user_rating_mode":"","user_rating_multi_sets":""},"video_auto_fetch_settings":{"vm_video_fetch":"on"},"video_fake_views_likes":{"vm_fake_views":"","vm_fake_likes":"","vm_fake_dislikes":""},"gallery_settings":{"gallery_position":""},"quote_settings":{"quote_position":""},"post_options":{"main_layout":"","main_logo":"","main_logo_retina":"","main_logo_mobile":"","main_logo_mobile_retina":"","sticky_logo":"","sticky_logo_retina":"","main_nav_layout":"","header_background":"","theme_sidebar":"","single_post_comment_type":"","theme_background":""}},"_links":{"self":[{"href":"https:\/\/canal7slp.tv\/2019\/wp-json\/wp\/v2\/posts\/74389","targetHints":{"allow":["GET"]}}],"collection":[{"href":"https:\/\/canal7slp.tv\/2019\/wp-json\/wp\/v2\/posts"}],"about":[{"href":"https:\/\/canal7slp.tv\/2019\/wp-json\/wp\/v2\/types\/post"}],"author":[{"embeddable":true,"href":"https:\/\/canal7slp.tv\/2019\/wp-json\/wp\/v2\/users\/2"}],"replies":[{"embeddable":true,"href":"https:\/\/canal7slp.tv\/2019\/wp-json\/wp\/v2\/comments?post=74389"}],"version-history":[{"count":0,"href":"https:\/\/canal7slp.tv\/2019\/wp-json\/wp\/v2\/posts\/74389\/revisions"}],"wp:featuredmedia":[{"embeddable":true,"href":"https:\/\/canal7slp.tv\/2019\/wp-json\/wp\/v2\/media\/74390"}],"wp:attachment":[{"href":"https:\/\/canal7slp.tv\/2019\/wp-json\/wp\/v2\/media?parent=74389"}],"wp:term":[{"taxonomy":"category","embeddable":true,"href":"https:\/\/canal7slp.tv\/2019\/wp-json\/wp\/v2\/categories?post=74389"},{"taxonomy":"post_tag","embeddable":true,"href":"https:\/\/canal7slp.tv\/2019\/wp-json\/wp\/v2\/tags?post=74389"}],"curies":[{"name":"wp","href":"https:\/\/api.w.org\/{rel}","templated":true}]}}