{"id":73435,"date":"2019-10-08T09:12:08","date_gmt":"2019-10-08T14:12:08","guid":{"rendered":"https:\/\/canal7slp.tv\/2019\/?p=73435"},"modified":"2019-10-08T09:12:08","modified_gmt":"2019-10-08T14:12:08","slug":"cenizas-de-jose-jose-llegaran-el-miercoles-a-mexico-afirma-la-presidencia","status":"publish","type":"post","link":"https:\/\/canal7slp.tv\/2019\/cenizas-de-jose-jose-llegaran-el-miercoles-a-mexico-afirma-la-presidencia\/","title":{"rendered":"Cenizas de Jos\u00e9 Jos\u00e9 llegar\u00e1n el mi\u00e9rcoles a M\u00e9xico, afirma la Presidencia"},"content":{"rendered":"<ul>\n<li style=\"text-align: justify\">La Secretar\u00eda de Cultura est\u00e1 organizando las actividades en homenaje al Pr\u00edncipe de la canci\u00f3n<\/li>\n<\/ul>\n<p style=\"text-align: justify\">M\u00e9xico.- La mitad de las cenizas del fallecido cantante Jos\u00e9 Jos\u00e9 llegar\u00e1n el mi\u00e9rcoles a M\u00e9xico, donde se efectuar\u00e1n homenajes al int\u00e9rprete, informaron este lunes a Efe fuentes de la Presidencia.<\/p>\n<p style=\"text-align: justify\">De acuerdo con las fuentes, existe un acuerdo entre el c\u00f3nsul de M\u00e9xico en Miami, Jonathan Chait, y la familia de Jos\u00e9 Jos\u00e9, fallecido el pasado 28 de septiembre, para que la mitad de las cenizas del int\u00e9rprete lleguen el mi\u00e9rcoles a Ciudad de M\u00e9xico, donde la Secretar\u00eda de Cultura est\u00e1 organizando las actividades en homenaje al Pr\u00edncipe de la canci\u00f3n.<\/p>\n<p style=\"text-align: justify\">El anuncio llega un d\u00eda despu\u00e9s de que los reportes sobre un nuevo desacuerdo entre los hijos de Jos\u00e9 Jos\u00e9, que este domingo fue despedido por miles de personas en Miami, Florida, pusieran en duda si finalmente los restos del cantante ser\u00e1n cremados este lunes como estaba previsto.<\/p>\n<p style=\"text-align: justify\">&#8220;El acuerdo que se logr\u00f3 ayer en la noche era que s\u00ed, que se iba a cremar y que se iban a dividir las cenizas entre M\u00e9xico y Miami&#8221;, dijo en un primer momento Jos\u00e9 Joel, hijo de Jos\u00e9 Jos\u00e9, a la prensa tras salir del Auditorio del Condado de Miami-Dade, donde se celebr\u00f3 el velorio p\u00fablico.<\/p>\n<p style=\"text-align: justify\">El hijo mayor admiti\u00f3 que esta decisi\u00f3n se tom\u00f3 a pesar de que ellos no estaban de acuerdo, pero sabiendo que Sara Salazar, viuda de Jos\u00e9 Jos\u00e9, es la \u00fanica legalmente autorizada para decidir sobre el futuro del cuerpo.<\/p>\n<p style=\"text-align: justify\">&#8220;Lo aceptamos a rega\u00f1adientes&#8221;, detall\u00f3 sobre lo anunciado por la hija menor del m\u00fasico, Sarita Sosa, poco despu\u00e9s del velorio.<\/p>\n<p style=\"text-align: justify\">Marysol, la otra hija del cantante, dijo a su vez que su deseo es que Jos\u00e9 Jos\u00e9 &#8220;regresara completo&#8221; a M\u00e9xico, donde est\u00e1 previsto que se realice un homenaje en el Palacio de Bellas Artes y otro homenaje en el Auditorio Nacional.<\/p>\n<p style=\"text-align: justify\">Sin embargo, medios como Univision y Televisa indicaron este mismos lunes que abogados de los dos hijos mayores hab\u00edan iniciado los tr\u00e1mites judiciales para precisamente evitar la cremaci\u00f3n, prevista para el lunes por la ma\u00f1ana.<\/p>\n<p style=\"text-align: justify\">El hijo mayor no quiso &#8220;confirmar ni desmentir&#8221; esa informaci\u00f3n y pidi\u00f3 tiempo a la prensa para dar m\u00e1s detalles sobre este particular.<\/p>\n<p style=\"text-align: justify\">Esta nueva disputa se suma a lo ocurrido poco despu\u00e9s de que se conociera el pasado 28 de septiembre la muerte del m\u00fasico.<\/p>\n<p style=\"text-align: justify\">Hac\u00eda m\u00e1s de un a\u00f1o y medio que Jos\u00e9 Joel y Marysol hab\u00edan perdido toda comunicaci\u00f3n con su media hermana Sarita, que hab\u00eda cuidado de su padre en la \u00faltima etapa de su vida.<\/p>\n<p style=\"text-align: justify\">Durante tres d\u00edas desconocieron d\u00f3nde estaba el cuerpo de su padre, lo que le llev\u00f3 a visitar dos funerarias, un hospital y una comisaria en busca de los restos mortales del cantante.<\/p>\n<p style=\"text-align: justify\">Finalmente, los hermanos hicieron las paces gracias a la mediaci\u00f3n del cuerpo diplom\u00e1tico de M\u00e9xico en Miami y se decidi\u00f3 que Jos\u00e9 Jos\u00e9 ser\u00eda despedido tanto en su pa\u00eds natal como en Miami, donde hab\u00eda residido en la \u00faltima etapa de su vida, cuando ya sab\u00eda que padec\u00eda c\u00e1ncer de p\u00e1ncreas.<\/p>\n","protected":false},"excerpt":{"rendered":"<p>La Secretar\u00eda de Cultura est\u00e1 organizando las actividades en homenaje al Pr\u00edncipe de la canci\u00f3n M\u00e9xico.- La mitad de las cenizas del fallecido cantante Jos\u00e9 Jos\u00e9 llegar\u00e1n el mi\u00e9rcoles a M\u00e9xico, donde se efectuar\u00e1n homenajes al int\u00e9rprete, informaron este lunes a Efe fuentes de la Presidencia. De acuerdo con las fuentes, existe un acuerdo entre [&hellip;]<\/p>\n","protected":false},"author":2,"featured_media":73436,"comment_status":"open","ping_status":"open","sticky":false,"template":"","format":"standard","meta":{"footnotes":""},"categories":[24],"tags":[],"class_list":["post-73435","post","type-post","status-publish","format-standard","has-post-thumbnail","hentry","category-espectaculos"],"yoast_head":"<!-- This site is optimized with the Yoast SEO plugin v27.4 - https:\/\/yoast.com\/product\/yoast-seo-wordpress\/ -->\n<title>Cenizas de Jos\u00e9 Jos\u00e9 llegar\u00e1n el mi\u00e9rcoles a M\u00e9xico, afirma la Presidencia - Canal 7 SLP - 2019<\/title>\n<meta name=\"robots\" content=\"index, follow, max-snippet:-1, max-image-preview:large, max-video-preview:-1\" \/>\n<link rel=\"canonical\" href=\"https:\/\/canal7slp.tv\/2019\/cenizas-de-jose-jose-llegaran-el-miercoles-a-mexico-afirma-la-presidencia\/\" \/>\n<meta property=\"og:locale\" content=\"es_ES\" \/>\n<meta property=\"og:type\" content=\"article\" \/>\n<meta property=\"og:title\" content=\"Cenizas de Jos\u00e9 Jos\u00e9 llegar\u00e1n el mi\u00e9rcoles a M\u00e9xico, afirma la Presidencia - Canal 7 SLP - 2019\" \/>\n<meta property=\"og:description\" content=\"La Secretar\u00eda de Cultura est\u00e1 organizando las actividades en homenaje al Pr\u00edncipe de la canci\u00f3n M\u00e9xico.- La mitad de las cenizas del fallecido cantante Jos\u00e9 Jos\u00e9 llegar\u00e1n el mi\u00e9rcoles a M\u00e9xico, donde se efectuar\u00e1n homenajes al int\u00e9rprete, informaron este lunes a Efe fuentes de la Presidencia. De acuerdo con las fuentes, existe un acuerdo entre [&hellip;]\" \/>\n<meta property=\"og:url\" content=\"https:\/\/canal7slp.tv\/2019\/cenizas-de-jose-jose-llegaran-el-miercoles-a-mexico-afirma-la-presidencia\/\" \/>\n<meta property=\"og:site_name\" content=\"Canal 7 SLP - 2019\" \/>\n<meta property=\"article:publisher\" content=\"https:\/\/www.facebook.com\/CANAL7SLP\/\" \/>\n<meta property=\"article:published_time\" content=\"2019-10-08T14:12:08+00:00\" \/>\n<meta property=\"og:image\" content=\"https:\/\/canal7slp.tv\/2019\/wp-content\/uploads\/2019\/10\/1130-5.jpg\" \/>\n\t<meta property=\"og:image:width\" content=\"770\" \/>\n\t<meta property=\"og:image:height\" content=\"485\" \/>\n\t<meta property=\"og:image:type\" content=\"image\/jpeg\" \/>\n<meta name=\"author\" content=\"edicionweb\" \/>\n<meta name=\"twitter:card\" content=\"summary_large_image\" \/>\n<meta name=\"twitter:creator\" content=\"@canal7_slp\" \/>\n<meta name=\"twitter:site\" content=\"@canal7_slp\" \/>\n<meta name=\"twitter:label1\" content=\"Escrito por\" \/>\n\t<meta name=\"twitter:data1\" content=\"edicionweb\" \/>\n\t<meta name=\"twitter:label2\" content=\"Tiempo de lectura\" \/>\n\t<meta name=\"twitter:data2\" content=\"3 minutos\" \/>\n<script type=\"application\/ld+json\" class=\"yoast-schema-graph\">{\"@context\":\"https:\\\/\\\/schema.org\",\"@graph\":[{\"@type\":\"Article\",\"@id\":\"https:\\\/\\\/canal7slp.tv\\\/2019\\\/cenizas-de-jose-jose-llegaran-el-miercoles-a-mexico-afirma-la-presidencia\\\/#article\",\"isPartOf\":{\"@id\":\"https:\\\/\\\/canal7slp.tv\\\/2019\\\/cenizas-de-jose-jose-llegaran-el-miercoles-a-mexico-afirma-la-presidencia\\\/\"},\"author\":{\"name\":\"edicionweb\",\"@id\":\"https:\\\/\\\/canal7slp.tv\\\/2019\\\/#\\\/schema\\\/person\\\/11d941c1c6ca30ac0a46b95fa37aa2e3\"},\"headline\":\"Cenizas de Jos\u00e9 Jos\u00e9 llegar\u00e1n el mi\u00e9rcoles a M\u00e9xico, afirma la Presidencia\",\"datePublished\":\"2019-10-08T14:12:08+00:00\",\"mainEntityOfPage\":{\"@id\":\"https:\\\/\\\/canal7slp.tv\\\/2019\\\/cenizas-de-jose-jose-llegaran-el-miercoles-a-mexico-afirma-la-presidencia\\\/\"},\"wordCount\":578,\"commentCount\":0,\"publisher\":{\"@id\":\"https:\\\/\\\/canal7slp.tv\\\/2019\\\/#organization\"},\"image\":{\"@id\":\"https:\\\/\\\/canal7slp.tv\\\/2019\\\/cenizas-de-jose-jose-llegaran-el-miercoles-a-mexico-afirma-la-presidencia\\\/#primaryimage\"},\"thumbnailUrl\":\"https:\\\/\\\/canal7slp.tv\\\/2019\\\/wp-content\\\/uploads\\\/2019\\\/10\\\/1130-5.jpg\",\"articleSection\":[\"ESPECTACULOS\"],\"inLanguage\":\"es\",\"potentialAction\":[{\"@type\":\"CommentAction\",\"name\":\"Comment\",\"target\":[\"https:\\\/\\\/canal7slp.tv\\\/2019\\\/cenizas-de-jose-jose-llegaran-el-miercoles-a-mexico-afirma-la-presidencia\\\/#respond\"]}]},{\"@type\":\"WebPage\",\"@id\":\"https:\\\/\\\/canal7slp.tv\\\/2019\\\/cenizas-de-jose-jose-llegaran-el-miercoles-a-mexico-afirma-la-presidencia\\\/\",\"url\":\"https:\\\/\\\/canal7slp.tv\\\/2019\\\/cenizas-de-jose-jose-llegaran-el-miercoles-a-mexico-afirma-la-presidencia\\\/\",\"name\":\"Cenizas de Jos\u00e9 Jos\u00e9 llegar\u00e1n el mi\u00e9rcoles a M\u00e9xico, afirma la Presidencia - Canal 7 SLP - 2019\",\"isPartOf\":{\"@id\":\"https:\\\/\\\/canal7slp.tv\\\/2019\\\/#website\"},\"primaryImageOfPage\":{\"@id\":\"https:\\\/\\\/canal7slp.tv\\\/2019\\\/cenizas-de-jose-jose-llegaran-el-miercoles-a-mexico-afirma-la-presidencia\\\/#primaryimage\"},\"image\":{\"@id\":\"https:\\\/\\\/canal7slp.tv\\\/2019\\\/cenizas-de-jose-jose-llegaran-el-miercoles-a-mexico-afirma-la-presidencia\\\/#primaryimage\"},\"thumbnailUrl\":\"https:\\\/\\\/canal7slp.tv\\\/2019\\\/wp-content\\\/uploads\\\/2019\\\/10\\\/1130-5.jpg\",\"datePublished\":\"2019-10-08T14:12:08+00:00\",\"breadcrumb\":{\"@id\":\"https:\\\/\\\/canal7slp.tv\\\/2019\\\/cenizas-de-jose-jose-llegaran-el-miercoles-a-mexico-afirma-la-presidencia\\\/#breadcrumb\"},\"inLanguage\":\"es\",\"potentialAction\":[{\"@type\":\"ReadAction\",\"target\":[\"https:\\\/\\\/canal7slp.tv\\\/2019\\\/cenizas-de-jose-jose-llegaran-el-miercoles-a-mexico-afirma-la-presidencia\\\/\"]}]},{\"@type\":\"ImageObject\",\"inLanguage\":\"es\",\"@id\":\"https:\\\/\\\/canal7slp.tv\\\/2019\\\/cenizas-de-jose-jose-llegaran-el-miercoles-a-mexico-afirma-la-presidencia\\\/#primaryimage\",\"url\":\"https:\\\/\\\/canal7slp.tv\\\/2019\\\/wp-content\\\/uploads\\\/2019\\\/10\\\/1130-5.jpg\",\"contentUrl\":\"https:\\\/\\\/canal7slp.tv\\\/2019\\\/wp-content\\\/uploads\\\/2019\\\/10\\\/1130-5.jpg\",\"width\":770,\"height\":485},{\"@type\":\"BreadcrumbList\",\"@id\":\"https:\\\/\\\/canal7slp.tv\\\/2019\\\/cenizas-de-jose-jose-llegaran-el-miercoles-a-mexico-afirma-la-presidencia\\\/#breadcrumb\",\"itemListElement\":[{\"@type\":\"ListItem\",\"position\":1,\"name\":\"Home\",\"item\":\"https:\\\/\\\/canal7slp.tv\\\/2019\\\/\"},{\"@type\":\"ListItem\",\"position\":2,\"name\":\"Cenizas de Jos\u00e9 Jos\u00e9 llegar\u00e1n el mi\u00e9rcoles a M\u00e9xico, afirma la Presidencia\"}]},{\"@type\":\"WebSite\",\"@id\":\"https:\\\/\\\/canal7slp.tv\\\/2019\\\/#website\",\"url\":\"https:\\\/\\\/canal7slp.tv\\\/2019\\\/\",\"name\":\"Canal 7 SLP - Somos TV\",\"description\":\"Somos un Canal de 10\",\"publisher\":{\"@id\":\"https:\\\/\\\/canal7slp.tv\\\/2019\\\/#organization\"},\"potentialAction\":[{\"@type\":\"SearchAction\",\"target\":{\"@type\":\"EntryPoint\",\"urlTemplate\":\"https:\\\/\\\/canal7slp.tv\\\/2019\\\/?s={search_term_string}\"},\"query-input\":{\"@type\":\"PropertyValueSpecification\",\"valueRequired\":true,\"valueName\":\"search_term_string\"}}],\"inLanguage\":\"es\"},{\"@type\":\"Organization\",\"@id\":\"https:\\\/\\\/canal7slp.tv\\\/2019\\\/#organization\",\"name\":\"Comunicaci\u00f3n 2000 S.A. de C.V.\",\"url\":\"https:\\\/\\\/canal7slp.tv\\\/2019\\\/\",\"logo\":{\"@type\":\"ImageObject\",\"inLanguage\":\"es\",\"@id\":\"https:\\\/\\\/canal7slp.tv\\\/2019\\\/#\\\/schema\\\/logo\\\/image\\\/\",\"url\":\"https:\\\/\\\/canal7slp.tv\\\/2019\\\/wp-content\\\/uploads\\\/2019\\\/07\\\/logo-c7.png\",\"contentUrl\":\"https:\\\/\\\/canal7slp.tv\\\/2019\\\/wp-content\\\/uploads\\\/2019\\\/07\\\/logo-c7.png\",\"width\":220,\"height\":60,\"caption\":\"Comunicaci\u00f3n 2000 S.A. de C.V.\"},\"image\":{\"@id\":\"https:\\\/\\\/canal7slp.tv\\\/2019\\\/#\\\/schema\\\/logo\\\/image\\\/\"},\"sameAs\":[\"https:\\\/\\\/www.facebook.com\\\/CANAL7SLP\\\/\",\"https:\\\/\\\/x.com\\\/canal7_slp\",\"https:\\\/\\\/www.instagram.com\\\/canal7_slp\",\"https:\\\/\\\/www.youtube.com\\\/user\\\/NOTICIEROSCANAL7SLP\\\/\"]},{\"@type\":\"Person\",\"@id\":\"https:\\\/\\\/canal7slp.tv\\\/2019\\\/#\\\/schema\\\/person\\\/11d941c1c6ca30ac0a46b95fa37aa2e3\",\"name\":\"edicionweb\",\"image\":{\"@type\":\"ImageObject\",\"inLanguage\":\"es\",\"@id\":\"https:\\\/\\\/secure.gravatar.com\\\/avatar\\\/eee448fc3f7164808013b816ba91ac7e43bbe82a70bebac296f8bc6f0addaa1a?s=96&d=mm&r=g\",\"url\":\"https:\\\/\\\/secure.gravatar.com\\\/avatar\\\/eee448fc3f7164808013b816ba91ac7e43bbe82a70bebac296f8bc6f0addaa1a?s=96&d=mm&r=g\",\"contentUrl\":\"https:\\\/\\\/secure.gravatar.com\\\/avatar\\\/eee448fc3f7164808013b816ba91ac7e43bbe82a70bebac296f8bc6f0addaa1a?s=96&d=mm&r=g\",\"caption\":\"edicionweb\"}}]}<\/script>\n<!-- \/ Yoast SEO plugin. -->","yoast_head_json":{"title":"Cenizas de Jos\u00e9 Jos\u00e9 llegar\u00e1n el mi\u00e9rcoles a M\u00e9xico, afirma la Presidencia - Canal 7 SLP - 2019","robots":{"index":"index","follow":"follow","max-snippet":"max-snippet:-1","max-image-preview":"max-image-preview:large","max-video-preview":"max-video-preview:-1"},"canonical":"https:\/\/canal7slp.tv\/2019\/cenizas-de-jose-jose-llegaran-el-miercoles-a-mexico-afirma-la-presidencia\/","og_locale":"es_ES","og_type":"article","og_title":"Cenizas de Jos\u00e9 Jos\u00e9 llegar\u00e1n el mi\u00e9rcoles a M\u00e9xico, afirma la Presidencia - Canal 7 SLP - 2019","og_description":"La Secretar\u00eda de Cultura est\u00e1 organizando las actividades en homenaje al Pr\u00edncipe de la canci\u00f3n M\u00e9xico.- La mitad de las cenizas del fallecido cantante Jos\u00e9 Jos\u00e9 llegar\u00e1n el mi\u00e9rcoles a M\u00e9xico, donde se efectuar\u00e1n homenajes al int\u00e9rprete, informaron este lunes a Efe fuentes de la Presidencia. De acuerdo con las fuentes, existe un acuerdo entre [&hellip;]","og_url":"https:\/\/canal7slp.tv\/2019\/cenizas-de-jose-jose-llegaran-el-miercoles-a-mexico-afirma-la-presidencia\/","og_site_name":"Canal 7 SLP - 2019","article_publisher":"https:\/\/www.facebook.com\/CANAL7SLP\/","article_published_time":"2019-10-08T14:12:08+00:00","og_image":[{"width":770,"height":485,"url":"https:\/\/canal7slp.tv\/2019\/wp-content\/uploads\/2019\/10\/1130-5.jpg","type":"image\/jpeg"}],"author":"edicionweb","twitter_card":"summary_large_image","twitter_creator":"@canal7_slp","twitter_site":"@canal7_slp","twitter_misc":{"Escrito por":"edicionweb","Tiempo de lectura":"3 minutos"},"schema":{"@context":"https:\/\/schema.org","@graph":[{"@type":"Article","@id":"https:\/\/canal7slp.tv\/2019\/cenizas-de-jose-jose-llegaran-el-miercoles-a-mexico-afirma-la-presidencia\/#article","isPartOf":{"@id":"https:\/\/canal7slp.tv\/2019\/cenizas-de-jose-jose-llegaran-el-miercoles-a-mexico-afirma-la-presidencia\/"},"author":{"name":"edicionweb","@id":"https:\/\/canal7slp.tv\/2019\/#\/schema\/person\/11d941c1c6ca30ac0a46b95fa37aa2e3"},"headline":"Cenizas de Jos\u00e9 Jos\u00e9 llegar\u00e1n el mi\u00e9rcoles a M\u00e9xico, afirma la Presidencia","datePublished":"2019-10-08T14:12:08+00:00","mainEntityOfPage":{"@id":"https:\/\/canal7slp.tv\/2019\/cenizas-de-jose-jose-llegaran-el-miercoles-a-mexico-afirma-la-presidencia\/"},"wordCount":578,"commentCount":0,"publisher":{"@id":"https:\/\/canal7slp.tv\/2019\/#organization"},"image":{"@id":"https:\/\/canal7slp.tv\/2019\/cenizas-de-jose-jose-llegaran-el-miercoles-a-mexico-afirma-la-presidencia\/#primaryimage"},"thumbnailUrl":"https:\/\/canal7slp.tv\/2019\/wp-content\/uploads\/2019\/10\/1130-5.jpg","articleSection":["ESPECTACULOS"],"inLanguage":"es","potentialAction":[{"@type":"CommentAction","name":"Comment","target":["https:\/\/canal7slp.tv\/2019\/cenizas-de-jose-jose-llegaran-el-miercoles-a-mexico-afirma-la-presidencia\/#respond"]}]},{"@type":"WebPage","@id":"https:\/\/canal7slp.tv\/2019\/cenizas-de-jose-jose-llegaran-el-miercoles-a-mexico-afirma-la-presidencia\/","url":"https:\/\/canal7slp.tv\/2019\/cenizas-de-jose-jose-llegaran-el-miercoles-a-mexico-afirma-la-presidencia\/","name":"Cenizas de Jos\u00e9 Jos\u00e9 llegar\u00e1n el mi\u00e9rcoles a M\u00e9xico, afirma la Presidencia - Canal 7 SLP - 2019","isPartOf":{"@id":"https:\/\/canal7slp.tv\/2019\/#website"},"primaryImageOfPage":{"@id":"https:\/\/canal7slp.tv\/2019\/cenizas-de-jose-jose-llegaran-el-miercoles-a-mexico-afirma-la-presidencia\/#primaryimage"},"image":{"@id":"https:\/\/canal7slp.tv\/2019\/cenizas-de-jose-jose-llegaran-el-miercoles-a-mexico-afirma-la-presidencia\/#primaryimage"},"thumbnailUrl":"https:\/\/canal7slp.tv\/2019\/wp-content\/uploads\/2019\/10\/1130-5.jpg","datePublished":"2019-10-08T14:12:08+00:00","breadcrumb":{"@id":"https:\/\/canal7slp.tv\/2019\/cenizas-de-jose-jose-llegaran-el-miercoles-a-mexico-afirma-la-presidencia\/#breadcrumb"},"inLanguage":"es","potentialAction":[{"@type":"ReadAction","target":["https:\/\/canal7slp.tv\/2019\/cenizas-de-jose-jose-llegaran-el-miercoles-a-mexico-afirma-la-presidencia\/"]}]},{"@type":"ImageObject","inLanguage":"es","@id":"https:\/\/canal7slp.tv\/2019\/cenizas-de-jose-jose-llegaran-el-miercoles-a-mexico-afirma-la-presidencia\/#primaryimage","url":"https:\/\/canal7slp.tv\/2019\/wp-content\/uploads\/2019\/10\/1130-5.jpg","contentUrl":"https:\/\/canal7slp.tv\/2019\/wp-content\/uploads\/2019\/10\/1130-5.jpg","width":770,"height":485},{"@type":"BreadcrumbList","@id":"https:\/\/canal7slp.tv\/2019\/cenizas-de-jose-jose-llegaran-el-miercoles-a-mexico-afirma-la-presidencia\/#breadcrumb","itemListElement":[{"@type":"ListItem","position":1,"name":"Home","item":"https:\/\/canal7slp.tv\/2019\/"},{"@type":"ListItem","position":2,"name":"Cenizas de Jos\u00e9 Jos\u00e9 llegar\u00e1n el mi\u00e9rcoles a M\u00e9xico, afirma la Presidencia"}]},{"@type":"WebSite","@id":"https:\/\/canal7slp.tv\/2019\/#website","url":"https:\/\/canal7slp.tv\/2019\/","name":"Canal 7 SLP - Somos TV","description":"Somos un Canal de 10","publisher":{"@id":"https:\/\/canal7slp.tv\/2019\/#organization"},"potentialAction":[{"@type":"SearchAction","target":{"@type":"EntryPoint","urlTemplate":"https:\/\/canal7slp.tv\/2019\/?s={search_term_string}"},"query-input":{"@type":"PropertyValueSpecification","valueRequired":true,"valueName":"search_term_string"}}],"inLanguage":"es"},{"@type":"Organization","@id":"https:\/\/canal7slp.tv\/2019\/#organization","name":"Comunicaci\u00f3n 2000 S.A. de C.V.","url":"https:\/\/canal7slp.tv\/2019\/","logo":{"@type":"ImageObject","inLanguage":"es","@id":"https:\/\/canal7slp.tv\/2019\/#\/schema\/logo\/image\/","url":"https:\/\/canal7slp.tv\/2019\/wp-content\/uploads\/2019\/07\/logo-c7.png","contentUrl":"https:\/\/canal7slp.tv\/2019\/wp-content\/uploads\/2019\/07\/logo-c7.png","width":220,"height":60,"caption":"Comunicaci\u00f3n 2000 S.A. de C.V."},"image":{"@id":"https:\/\/canal7slp.tv\/2019\/#\/schema\/logo\/image\/"},"sameAs":["https:\/\/www.facebook.com\/CANAL7SLP\/","https:\/\/x.com\/canal7_slp","https:\/\/www.instagram.com\/canal7_slp","https:\/\/www.youtube.com\/user\/NOTICIEROSCANAL7SLP\/"]},{"@type":"Person","@id":"https:\/\/canal7slp.tv\/2019\/#\/schema\/person\/11d941c1c6ca30ac0a46b95fa37aa2e3","name":"edicionweb","image":{"@type":"ImageObject","inLanguage":"es","@id":"https:\/\/secure.gravatar.com\/avatar\/eee448fc3f7164808013b816ba91ac7e43bbe82a70bebac296f8bc6f0addaa1a?s=96&d=mm&r=g","url":"https:\/\/secure.gravatar.com\/avatar\/eee448fc3f7164808013b816ba91ac7e43bbe82a70bebac296f8bc6f0addaa1a?s=96&d=mm&r=g","contentUrl":"https:\/\/secure.gravatar.com\/avatar\/eee448fc3f7164808013b816ba91ac7e43bbe82a70bebac296f8bc6f0addaa1a?s=96&d=mm&r=g","caption":"edicionweb"}}]}},"amp_enabled":true,"cmb2":{"video_ids_in_playlist":{"vid_p_videos":""},"video_ids_in_channel":{"vid_c_videos":""},"playlist_ids_in_channel":{"vid_c_playlists":""},"series_ids_in_channel":{"vid_c_series":""},"channel_images":{"vid_c_logo":"","vid_c_banner":""},"poster_feature_image":{"vid_m_poster_image":""},"gif_feature_image":{"vid_m_gif_image":""},"video_movie_settings":{"vid_m_director":"","vid_m_actor":"","vid_m_imdb_ratings":"","vid_m_amazon_associates":""},"vid_youtube_broadcasts_settings":{"vid_yb_broadcast_title":"","vid_yb_q":"","vid_yb_channelid":"","vid_yb_videocategoryid":"","vid_yb_maxresults":"","vid_yb_order":"","vid_yb_regioncode":"","vid_yb_videosyndicated":"","vid_yb_style":"","vid_yb_reload_first":""},"video_series_settings":{"vid_m_director":"","vid_m_actor":"","vid_m_imdb_ratings":"","video_series_group":""},"amazon_associates_settings":{"amazon_associates":"","amazon_native_ad":""},"vid_youtube_automatic_settings":{"vid_ya_youtube_source":"","vid_ya_update_every":"","vid_ya_update_unit":"","vid_ya_categories":"","vid_ya_published_after":"","vid_ya_published_before":"","vid_ya_playlists":"","vid_ya_channels":"","vid_ya_director":"","vid_ya_actor":"","vid_ya_author":"","vid_ya_import_post_date":"","vid_ya_status":"","vid_ya_sub_api_key":""},"vid_ads_m_videoads_settings_post":{"vid_ads_m_video_ads":"","vid_ads_m_video_ads_type":"","vid_ads_m_group_google_ima":"","vid_ads_m_group_image":"","vid_ads_m_group_html5_video":"","vid_ads_m_group_html":"","vid_ads_m_vast_preroll":"","vid_ads_m_vast_postroll":"","vid_ads_m_vast_pauseroll":"","vid_ads_m_vast_midroll":[{"vid_ads_m_vast_timer_seconds":"50"}],"vid_ads_m_time_to_show_ads":"","vid_ads_m_time_skip_ads":"","vid_ads_m_time_to_hide_ads":""},"page_slider_settings":{"display_slider_group":"","page_slider_group":""},"blog_page_settings":{"blog_page_title":"","blog_page_heading":"","blog_page_ic":"","blog_page_it":"","blog_page_ec":"","blog_page_ip":"","archive_loop_style":"","blog_image_ratio":"","blog_show_categories":"","blog_show_excerpt":"","blog_show_author":"","blog_show_date":"","blog_show_comment_count":"","blog_show_view_count":"","blog_show_like_count":"","blog_show_dislike_count":"","blog_items_per_page":"","blog_pag_type":""},"page_options":{"get_page_template":"","color_mode":"","main_layout":"","main_layout_full_with":"","main_logo":"","main_logo_retina":"","main_logo_mobile":"","main_logo_mobile_retina":"","sticky_logo":"","sticky_logo_retina":"","main_nav_layout":"","ajax_search":"","header_background":"","theme_sidebar":"","instagram_feed":"","instagram_feed_position":"","popular_videos":"","popular_videos_title_1":"","popular_videos_title_2":"","popular_videos_ic":"","popular_videos_it":"","theme_background":"","page_custom_css":""},"feature_image_settings":{"feature_image_position":""},"video_player_settings":{"single_video_style":"","video_player_position":"","vm_video_url":"","video_player_library":"","video_streaming":"","vm_media_sources":"","vid_auto_play":"","vm_video_shortcode":"","vid_p_sync_playlist":"","vid_c_sync_channel":"","get_post_format":"","multiple_links_structure":"default","multi_links_title":"","vm_video_multi_links":"","vm_duration":"","vid_social_locker":"off","vid_social_locker_id":"","vid_membership_action":"content-video","vm_video_trailer_url":"","vid_download_type":"free","vid_download_target":"download","vid_woo_product":"","vm_media_download":"","user_rating":"","user_rating_position":"","user_rating_mode":"","user_rating_multi_sets":""},"video_auto_fetch_settings":{"vm_video_fetch":"on"},"video_fake_views_likes":{"vm_fake_views":"","vm_fake_likes":"","vm_fake_dislikes":""},"gallery_settings":{"gallery_position":""},"quote_settings":{"quote_position":""},"post_options":{"main_layout":"","main_logo":"","main_logo_retina":"","main_logo_mobile":"","main_logo_mobile_retina":"","sticky_logo":"","sticky_logo_retina":"","main_nav_layout":"","header_background":"","theme_sidebar":"","single_post_comment_type":"","theme_background":""}},"_links":{"self":[{"href":"https:\/\/canal7slp.tv\/2019\/wp-json\/wp\/v2\/posts\/73435","targetHints":{"allow":["GET"]}}],"collection":[{"href":"https:\/\/canal7slp.tv\/2019\/wp-json\/wp\/v2\/posts"}],"about":[{"href":"https:\/\/canal7slp.tv\/2019\/wp-json\/wp\/v2\/types\/post"}],"author":[{"embeddable":true,"href":"https:\/\/canal7slp.tv\/2019\/wp-json\/wp\/v2\/users\/2"}],"replies":[{"embeddable":true,"href":"https:\/\/canal7slp.tv\/2019\/wp-json\/wp\/v2\/comments?post=73435"}],"version-history":[{"count":0,"href":"https:\/\/canal7slp.tv\/2019\/wp-json\/wp\/v2\/posts\/73435\/revisions"}],"wp:featuredmedia":[{"embeddable":true,"href":"https:\/\/canal7slp.tv\/2019\/wp-json\/wp\/v2\/media\/73436"}],"wp:attachment":[{"href":"https:\/\/canal7slp.tv\/2019\/wp-json\/wp\/v2\/media?parent=73435"}],"wp:term":[{"taxonomy":"category","embeddable":true,"href":"https:\/\/canal7slp.tv\/2019\/wp-json\/wp\/v2\/categories?post=73435"},{"taxonomy":"post_tag","embeddable":true,"href":"https:\/\/canal7slp.tv\/2019\/wp-json\/wp\/v2\/tags?post=73435"}],"curies":[{"name":"wp","href":"https:\/\/api.w.org\/{rel}","templated":true}]}}