{"id":73249,"date":"2019-10-07T17:42:24","date_gmt":"2019-10-07T22:42:24","guid":{"rendered":"https:\/\/canal7slp.tv\/2019\/?p=73249"},"modified":"2019-10-07T18:52:52","modified_gmt":"2019-10-07T23:52:52","slug":"partidos-lamentan-recorte-al-presupuesto-federal-de-slp-para-el-2020","status":"publish","type":"post","link":"https:\/\/canal7slp.tv\/2019\/partidos-lamentan-recorte-al-presupuesto-federal-de-slp-para-el-2020\/","title":{"rendered":"Partidos lamentan recorte al presupuesto federal de SLP para el 2020."},"content":{"rendered":"<p style=\"text-align: justify\">SLP.- Ser\u00eda desastroso para San Luis Potos\u00ed una reducci\u00f3n presupuestal del 61 por ciento en programas federales que se destinan para nuestra entidad, coincidieron en se\u00f1alar l\u00edderes y representantes de partidos pol\u00edticos de oposici\u00f3n a Morena.<\/p>\n<p style=\"text-align: justify\">El dirigente del PRD en el Estado, Ignacio Segura Morquecho hizo un llamado a senadores y diputados federales para que sumen esfuerzos y eviten que la amenaza se cumpla.<\/p>\n<p style=\"text-align: justify\">El l\u00edder perredista dijo que los recortes en educaci\u00f3n, al campo y la infraestructura carretera se ver\u00edan seriamente afectados.<\/p>\n<p style=\"text-align: justify\">\u201cSan Luis Potos\u00ed no est\u00e1 en condiciones de sufrir recorte presupuestales como los anunciados\u201d y, en ese sentido, pidi\u00f3 que los representantes populares luchen por el estado.<\/p>\n<p style=\"text-align: justify\">Segura Morquecho advirti\u00f3 que con menos presupuesto no habr\u00eda forma de superar la crisis de seguridad por la que atraviesa la entidad.<\/p>\n<p style=\"text-align: justify\">\u201c\u00bfD\u00f3nde est\u00e1n los Senadores y diputados federales?\u201d, pregunt\u00f3 el diputado del partido Conciencia Popular, Oscar Vera.<\/p>\n<p style=\"text-align: justify\">El presidente de la mesa directiva del Congreso del Estado, Mart\u00edn Ju\u00e1rez C\u00f3rdova, anunci\u00f3 dar la lucha al lado del gobernador del estado para que el presupuesto del pr\u00f3ximo a\u00f1o no se vea afectado.<\/p>\n<p style=\"text-align: justify\">El presidente de la Fundaci\u00f3n Jes\u00fas Reyes Heroles del PRI, Aurelio Gancedo opin\u00f3 de los recortes presupuestales a los programas federales que anuncia realizar el gobierno de la Rep\u00fablica y consider\u00f3 muy agresiva la medida puesto que se reducir\u00eda en 546 millones de pesos el presupuesto para nuestra entidad; muchos programas se quedar\u00eda en ceros.<\/p>\n<p style=\"text-align: justify\">El dirigente panista, Juan Francisco Aguilar Hern\u00e1ndez, lament\u00f3 este anuncio del gobierno federal ya que lastimar\u00eda la infraestructura, al sector agropecuario y a la educaci\u00f3n.<\/p>\n<p style=\"text-align: justify\">El sector agropecuario se ver\u00eda afectado con los recortes anunciados mientras que las obras en infraestructura carretera y de conservaci\u00f3n de caminos perder\u00edan en el presupuesto del pr\u00f3ximo a\u00f1o 354 millones de pesos.<\/p>\n<p style=\"text-align: justify\">\u201cEl presidente de la Rep\u00fablica Andr\u00e9s Manuel L\u00f3pez Obrador ha se\u00f1alado que quiere mucho a San luis Potos\u00ed\u201d, sin embargo, \u00e9sta no es la mejor forma de demostrarlo.<\/p>\n<p>Por: Jos\u00e9 Luis Juarez<\/p>\n","protected":false},"excerpt":{"rendered":"<p>SLP.- Ser\u00eda desastroso para San Luis Potos\u00ed una reducci\u00f3n presupuestal del 61 por ciento en programas federales que se destinan para nuestra entidad, coincidieron en se\u00f1alar l\u00edderes y representantes de partidos pol\u00edticos de oposici\u00f3n a Morena. El dirigente del PRD en el Estado, Ignacio Segura Morquecho hizo un llamado a senadores y diputados federales para [&hellip;]<\/p>\n","protected":false},"author":2,"featured_media":73250,"comment_status":"open","ping_status":"open","sticky":false,"template":"","format":"video","meta":{"footnotes":""},"categories":[108,17],"tags":[],"class_list":["post-73249","post","type-post","status-publish","format-video","has-post-thumbnail","hentry","category-destacadas","category-localesyregionales","post_format-post-format-video"],"yoast_head":"<!-- This site is optimized with the Yoast SEO plugin v27.5 - https:\/\/yoast.com\/product\/yoast-seo-wordpress\/ -->\n<title>Partidos lamentan recorte al presupuesto federal de SLP para el 2020. - Canal 7 SLP - 2019<\/title>\n<meta name=\"robots\" content=\"index, follow, max-snippet:-1, max-image-preview:large, max-video-preview:-1\" \/>\n<link rel=\"canonical\" href=\"https:\/\/canal7slp.tv\/2019\/partidos-lamentan-recorte-al-presupuesto-federal-de-slp-para-el-2020\/\" \/>\n<meta property=\"og:locale\" content=\"es_ES\" \/>\n<meta property=\"og:type\" content=\"article\" \/>\n<meta property=\"og:title\" content=\"Partidos lamentan recorte al presupuesto federal de SLP para el 2020. - Canal 7 SLP - 2019\" \/>\n<meta property=\"og:description\" content=\"SLP.- Ser\u00eda desastroso para San Luis Potos\u00ed una reducci\u00f3n presupuestal del 61 por ciento en programas federales que se destinan para nuestra entidad, coincidieron en se\u00f1alar l\u00edderes y representantes de partidos pol\u00edticos de oposici\u00f3n a Morena. El dirigente del PRD en el Estado, Ignacio Segura Morquecho hizo un llamado a senadores y diputados federales para [&hellip;]\" \/>\n<meta property=\"og:url\" content=\"https:\/\/canal7slp.tv\/2019\/partidos-lamentan-recorte-al-presupuesto-federal-de-slp-para-el-2020\/\" \/>\n<meta property=\"og:site_name\" content=\"Canal 7 SLP - 2019\" \/>\n<meta property=\"article:publisher\" content=\"https:\/\/www.facebook.com\/CANAL7SLP\/\" \/>\n<meta property=\"article:published_time\" content=\"2019-10-07T22:42:24+00:00\" \/>\n<meta property=\"article:modified_time\" content=\"2019-10-07T23:52:52+00:00\" \/>\n<meta property=\"og:image\" content=\"https:\/\/canal7slp.tv\/2019\/wp-content\/uploads\/2019\/10\/recortepresupuestal.png\" \/>\n\t<meta property=\"og:image:width\" content=\"750\" \/>\n\t<meta property=\"og:image:height\" content=\"421\" \/>\n\t<meta property=\"og:image:type\" content=\"image\/png\" \/>\n<meta name=\"author\" content=\"edicionweb\" \/>\n<meta name=\"twitter:card\" content=\"summary_large_image\" \/>\n<meta name=\"twitter:creator\" content=\"@canal7_slp\" \/>\n<meta name=\"twitter:site\" content=\"@canal7_slp\" \/>\n<meta name=\"twitter:label1\" content=\"Escrito por\" \/>\n\t<meta name=\"twitter:data1\" content=\"edicionweb\" \/>\n\t<meta name=\"twitter:label2\" content=\"Tiempo de lectura\" \/>\n\t<meta name=\"twitter:data2\" content=\"2 minutos\" \/>\n<script type=\"application\/ld+json\" class=\"yoast-schema-graph\">{\"@context\":\"https:\\\/\\\/schema.org\",\"@graph\":[{\"@type\":\"Article\",\"@id\":\"https:\\\/\\\/canal7slp.tv\\\/2019\\\/partidos-lamentan-recorte-al-presupuesto-federal-de-slp-para-el-2020\\\/#article\",\"isPartOf\":{\"@id\":\"https:\\\/\\\/canal7slp.tv\\\/2019\\\/partidos-lamentan-recorte-al-presupuesto-federal-de-slp-para-el-2020\\\/\"},\"author\":{\"name\":\"edicionweb\",\"@id\":\"https:\\\/\\\/canal7slp.tv\\\/2019\\\/#\\\/schema\\\/person\\\/11d941c1c6ca30ac0a46b95fa37aa2e3\"},\"headline\":\"Partidos lamentan recorte al presupuesto federal de SLP para el 2020.\",\"datePublished\":\"2019-10-07T22:42:24+00:00\",\"dateModified\":\"2019-10-07T23:52:52+00:00\",\"mainEntityOfPage\":{\"@id\":\"https:\\\/\\\/canal7slp.tv\\\/2019\\\/partidos-lamentan-recorte-al-presupuesto-federal-de-slp-para-el-2020\\\/\"},\"wordCount\":370,\"commentCount\":0,\"publisher\":{\"@id\":\"https:\\\/\\\/canal7slp.tv\\\/2019\\\/#organization\"},\"image\":{\"@id\":\"https:\\\/\\\/canal7slp.tv\\\/2019\\\/partidos-lamentan-recorte-al-presupuesto-federal-de-slp-para-el-2020\\\/#primaryimage\"},\"thumbnailUrl\":\"https:\\\/\\\/canal7slp.tv\\\/2019\\\/wp-content\\\/uploads\\\/2019\\\/10\\\/recortepresupuestal.png\",\"articleSection\":[\"DESTACADAS\",\"LOCALES Y REGIONALES\"],\"inLanguage\":\"es\",\"potentialAction\":[{\"@type\":\"CommentAction\",\"name\":\"Comment\",\"target\":[\"https:\\\/\\\/canal7slp.tv\\\/2019\\\/partidos-lamentan-recorte-al-presupuesto-federal-de-slp-para-el-2020\\\/#respond\"]}]},{\"@type\":\"WebPage\",\"@id\":\"https:\\\/\\\/canal7slp.tv\\\/2019\\\/partidos-lamentan-recorte-al-presupuesto-federal-de-slp-para-el-2020\\\/\",\"url\":\"https:\\\/\\\/canal7slp.tv\\\/2019\\\/partidos-lamentan-recorte-al-presupuesto-federal-de-slp-para-el-2020\\\/\",\"name\":\"Partidos lamentan recorte al presupuesto federal de SLP para el 2020. - Canal 7 SLP - 2019\",\"isPartOf\":{\"@id\":\"https:\\\/\\\/canal7slp.tv\\\/2019\\\/#website\"},\"primaryImageOfPage\":{\"@id\":\"https:\\\/\\\/canal7slp.tv\\\/2019\\\/partidos-lamentan-recorte-al-presupuesto-federal-de-slp-para-el-2020\\\/#primaryimage\"},\"image\":{\"@id\":\"https:\\\/\\\/canal7slp.tv\\\/2019\\\/partidos-lamentan-recorte-al-presupuesto-federal-de-slp-para-el-2020\\\/#primaryimage\"},\"thumbnailUrl\":\"https:\\\/\\\/canal7slp.tv\\\/2019\\\/wp-content\\\/uploads\\\/2019\\\/10\\\/recortepresupuestal.png\",\"datePublished\":\"2019-10-07T22:42:24+00:00\",\"dateModified\":\"2019-10-07T23:52:52+00:00\",\"breadcrumb\":{\"@id\":\"https:\\\/\\\/canal7slp.tv\\\/2019\\\/partidos-lamentan-recorte-al-presupuesto-federal-de-slp-para-el-2020\\\/#breadcrumb\"},\"inLanguage\":\"es\",\"potentialAction\":[{\"@type\":\"ReadAction\",\"target\":[\"https:\\\/\\\/canal7slp.tv\\\/2019\\\/partidos-lamentan-recorte-al-presupuesto-federal-de-slp-para-el-2020\\\/\"]}]},{\"@type\":\"ImageObject\",\"inLanguage\":\"es\",\"@id\":\"https:\\\/\\\/canal7slp.tv\\\/2019\\\/partidos-lamentan-recorte-al-presupuesto-federal-de-slp-para-el-2020\\\/#primaryimage\",\"url\":\"https:\\\/\\\/canal7slp.tv\\\/2019\\\/wp-content\\\/uploads\\\/2019\\\/10\\\/recortepresupuestal.png\",\"contentUrl\":\"https:\\\/\\\/canal7slp.tv\\\/2019\\\/wp-content\\\/uploads\\\/2019\\\/10\\\/recortepresupuestal.png\",\"width\":750,\"height\":421},{\"@type\":\"BreadcrumbList\",\"@id\":\"https:\\\/\\\/canal7slp.tv\\\/2019\\\/partidos-lamentan-recorte-al-presupuesto-federal-de-slp-para-el-2020\\\/#breadcrumb\",\"itemListElement\":[{\"@type\":\"ListItem\",\"position\":1,\"name\":\"Home\",\"item\":\"https:\\\/\\\/canal7slp.tv\\\/2019\\\/\"},{\"@type\":\"ListItem\",\"position\":2,\"name\":\"Partidos lamentan recorte al presupuesto federal de SLP para el 2020.\"}]},{\"@type\":\"WebSite\",\"@id\":\"https:\\\/\\\/canal7slp.tv\\\/2019\\\/#website\",\"url\":\"https:\\\/\\\/canal7slp.tv\\\/2019\\\/\",\"name\":\"Canal 7 SLP - Somos TV\",\"description\":\"Somos un Canal de 10\",\"publisher\":{\"@id\":\"https:\\\/\\\/canal7slp.tv\\\/2019\\\/#organization\"},\"potentialAction\":[{\"@type\":\"SearchAction\",\"target\":{\"@type\":\"EntryPoint\",\"urlTemplate\":\"https:\\\/\\\/canal7slp.tv\\\/2019\\\/?s={search_term_string}\"},\"query-input\":{\"@type\":\"PropertyValueSpecification\",\"valueRequired\":true,\"valueName\":\"search_term_string\"}}],\"inLanguage\":\"es\"},{\"@type\":\"Organization\",\"@id\":\"https:\\\/\\\/canal7slp.tv\\\/2019\\\/#organization\",\"name\":\"Comunicaci\u00f3n 2000 S.A. de C.V.\",\"url\":\"https:\\\/\\\/canal7slp.tv\\\/2019\\\/\",\"logo\":{\"@type\":\"ImageObject\",\"inLanguage\":\"es\",\"@id\":\"https:\\\/\\\/canal7slp.tv\\\/2019\\\/#\\\/schema\\\/logo\\\/image\\\/\",\"url\":\"https:\\\/\\\/canal7slp.tv\\\/2019\\\/wp-content\\\/uploads\\\/2019\\\/07\\\/logo-c7.png\",\"contentUrl\":\"https:\\\/\\\/canal7slp.tv\\\/2019\\\/wp-content\\\/uploads\\\/2019\\\/07\\\/logo-c7.png\",\"width\":220,\"height\":60,\"caption\":\"Comunicaci\u00f3n 2000 S.A. de C.V.\"},\"image\":{\"@id\":\"https:\\\/\\\/canal7slp.tv\\\/2019\\\/#\\\/schema\\\/logo\\\/image\\\/\"},\"sameAs\":[\"https:\\\/\\\/www.facebook.com\\\/CANAL7SLP\\\/\",\"https:\\\/\\\/x.com\\\/canal7_slp\",\"https:\\\/\\\/www.instagram.com\\\/canal7_slp\",\"https:\\\/\\\/www.youtube.com\\\/user\\\/NOTICIEROSCANAL7SLP\\\/\"]},{\"@type\":\"Person\",\"@id\":\"https:\\\/\\\/canal7slp.tv\\\/2019\\\/#\\\/schema\\\/person\\\/11d941c1c6ca30ac0a46b95fa37aa2e3\",\"name\":\"edicionweb\",\"image\":{\"@type\":\"ImageObject\",\"inLanguage\":\"es\",\"@id\":\"https:\\\/\\\/secure.gravatar.com\\\/avatar\\\/eee448fc3f7164808013b816ba91ac7e43bbe82a70bebac296f8bc6f0addaa1a?s=96&d=mm&r=g\",\"url\":\"https:\\\/\\\/secure.gravatar.com\\\/avatar\\\/eee448fc3f7164808013b816ba91ac7e43bbe82a70bebac296f8bc6f0addaa1a?s=96&d=mm&r=g\",\"contentUrl\":\"https:\\\/\\\/secure.gravatar.com\\\/avatar\\\/eee448fc3f7164808013b816ba91ac7e43bbe82a70bebac296f8bc6f0addaa1a?s=96&d=mm&r=g\",\"caption\":\"edicionweb\"}}]}<\/script>\n<!-- \/ Yoast SEO plugin. -->","yoast_head_json":{"title":"Partidos lamentan recorte al presupuesto federal de SLP para el 2020. - Canal 7 SLP - 2019","robots":{"index":"index","follow":"follow","max-snippet":"max-snippet:-1","max-image-preview":"max-image-preview:large","max-video-preview":"max-video-preview:-1"},"canonical":"https:\/\/canal7slp.tv\/2019\/partidos-lamentan-recorte-al-presupuesto-federal-de-slp-para-el-2020\/","og_locale":"es_ES","og_type":"article","og_title":"Partidos lamentan recorte al presupuesto federal de SLP para el 2020. - Canal 7 SLP - 2019","og_description":"SLP.- Ser\u00eda desastroso para San Luis Potos\u00ed una reducci\u00f3n presupuestal del 61 por ciento en programas federales que se destinan para nuestra entidad, coincidieron en se\u00f1alar l\u00edderes y representantes de partidos pol\u00edticos de oposici\u00f3n a Morena. El dirigente del PRD en el Estado, Ignacio Segura Morquecho hizo un llamado a senadores y diputados federales para [&hellip;]","og_url":"https:\/\/canal7slp.tv\/2019\/partidos-lamentan-recorte-al-presupuesto-federal-de-slp-para-el-2020\/","og_site_name":"Canal 7 SLP - 2019","article_publisher":"https:\/\/www.facebook.com\/CANAL7SLP\/","article_published_time":"2019-10-07T22:42:24+00:00","article_modified_time":"2019-10-07T23:52:52+00:00","og_image":[{"width":750,"height":421,"url":"https:\/\/canal7slp.tv\/2019\/wp-content\/uploads\/2019\/10\/recortepresupuestal.png","type":"image\/png"}],"author":"edicionweb","twitter_card":"summary_large_image","twitter_creator":"@canal7_slp","twitter_site":"@canal7_slp","twitter_misc":{"Escrito por":"edicionweb","Tiempo de lectura":"2 minutos"},"schema":{"@context":"https:\/\/schema.org","@graph":[{"@type":"Article","@id":"https:\/\/canal7slp.tv\/2019\/partidos-lamentan-recorte-al-presupuesto-federal-de-slp-para-el-2020\/#article","isPartOf":{"@id":"https:\/\/canal7slp.tv\/2019\/partidos-lamentan-recorte-al-presupuesto-federal-de-slp-para-el-2020\/"},"author":{"name":"edicionweb","@id":"https:\/\/canal7slp.tv\/2019\/#\/schema\/person\/11d941c1c6ca30ac0a46b95fa37aa2e3"},"headline":"Partidos lamentan recorte al presupuesto federal de SLP para el 2020.","datePublished":"2019-10-07T22:42:24+00:00","dateModified":"2019-10-07T23:52:52+00:00","mainEntityOfPage":{"@id":"https:\/\/canal7slp.tv\/2019\/partidos-lamentan-recorte-al-presupuesto-federal-de-slp-para-el-2020\/"},"wordCount":370,"commentCount":0,"publisher":{"@id":"https:\/\/canal7slp.tv\/2019\/#organization"},"image":{"@id":"https:\/\/canal7slp.tv\/2019\/partidos-lamentan-recorte-al-presupuesto-federal-de-slp-para-el-2020\/#primaryimage"},"thumbnailUrl":"https:\/\/canal7slp.tv\/2019\/wp-content\/uploads\/2019\/10\/recortepresupuestal.png","articleSection":["DESTACADAS","LOCALES Y REGIONALES"],"inLanguage":"es","potentialAction":[{"@type":"CommentAction","name":"Comment","target":["https:\/\/canal7slp.tv\/2019\/partidos-lamentan-recorte-al-presupuesto-federal-de-slp-para-el-2020\/#respond"]}]},{"@type":"WebPage","@id":"https:\/\/canal7slp.tv\/2019\/partidos-lamentan-recorte-al-presupuesto-federal-de-slp-para-el-2020\/","url":"https:\/\/canal7slp.tv\/2019\/partidos-lamentan-recorte-al-presupuesto-federal-de-slp-para-el-2020\/","name":"Partidos lamentan recorte al presupuesto federal de SLP para el 2020. - Canal 7 SLP - 2019","isPartOf":{"@id":"https:\/\/canal7slp.tv\/2019\/#website"},"primaryImageOfPage":{"@id":"https:\/\/canal7slp.tv\/2019\/partidos-lamentan-recorte-al-presupuesto-federal-de-slp-para-el-2020\/#primaryimage"},"image":{"@id":"https:\/\/canal7slp.tv\/2019\/partidos-lamentan-recorte-al-presupuesto-federal-de-slp-para-el-2020\/#primaryimage"},"thumbnailUrl":"https:\/\/canal7slp.tv\/2019\/wp-content\/uploads\/2019\/10\/recortepresupuestal.png","datePublished":"2019-10-07T22:42:24+00:00","dateModified":"2019-10-07T23:52:52+00:00","breadcrumb":{"@id":"https:\/\/canal7slp.tv\/2019\/partidos-lamentan-recorte-al-presupuesto-federal-de-slp-para-el-2020\/#breadcrumb"},"inLanguage":"es","potentialAction":[{"@type":"ReadAction","target":["https:\/\/canal7slp.tv\/2019\/partidos-lamentan-recorte-al-presupuesto-federal-de-slp-para-el-2020\/"]}]},{"@type":"ImageObject","inLanguage":"es","@id":"https:\/\/canal7slp.tv\/2019\/partidos-lamentan-recorte-al-presupuesto-federal-de-slp-para-el-2020\/#primaryimage","url":"https:\/\/canal7slp.tv\/2019\/wp-content\/uploads\/2019\/10\/recortepresupuestal.png","contentUrl":"https:\/\/canal7slp.tv\/2019\/wp-content\/uploads\/2019\/10\/recortepresupuestal.png","width":750,"height":421},{"@type":"BreadcrumbList","@id":"https:\/\/canal7slp.tv\/2019\/partidos-lamentan-recorte-al-presupuesto-federal-de-slp-para-el-2020\/#breadcrumb","itemListElement":[{"@type":"ListItem","position":1,"name":"Home","item":"https:\/\/canal7slp.tv\/2019\/"},{"@type":"ListItem","position":2,"name":"Partidos lamentan recorte al presupuesto federal de SLP para el 2020."}]},{"@type":"WebSite","@id":"https:\/\/canal7slp.tv\/2019\/#website","url":"https:\/\/canal7slp.tv\/2019\/","name":"Canal 7 SLP - Somos TV","description":"Somos un Canal de 10","publisher":{"@id":"https:\/\/canal7slp.tv\/2019\/#organization"},"potentialAction":[{"@type":"SearchAction","target":{"@type":"EntryPoint","urlTemplate":"https:\/\/canal7slp.tv\/2019\/?s={search_term_string}"},"query-input":{"@type":"PropertyValueSpecification","valueRequired":true,"valueName":"search_term_string"}}],"inLanguage":"es"},{"@type":"Organization","@id":"https:\/\/canal7slp.tv\/2019\/#organization","name":"Comunicaci\u00f3n 2000 S.A. de C.V.","url":"https:\/\/canal7slp.tv\/2019\/","logo":{"@type":"ImageObject","inLanguage":"es","@id":"https:\/\/canal7slp.tv\/2019\/#\/schema\/logo\/image\/","url":"https:\/\/canal7slp.tv\/2019\/wp-content\/uploads\/2019\/07\/logo-c7.png","contentUrl":"https:\/\/canal7slp.tv\/2019\/wp-content\/uploads\/2019\/07\/logo-c7.png","width":220,"height":60,"caption":"Comunicaci\u00f3n 2000 S.A. de C.V."},"image":{"@id":"https:\/\/canal7slp.tv\/2019\/#\/schema\/logo\/image\/"},"sameAs":["https:\/\/www.facebook.com\/CANAL7SLP\/","https:\/\/x.com\/canal7_slp","https:\/\/www.instagram.com\/canal7_slp","https:\/\/www.youtube.com\/user\/NOTICIEROSCANAL7SLP\/"]},{"@type":"Person","@id":"https:\/\/canal7slp.tv\/2019\/#\/schema\/person\/11d941c1c6ca30ac0a46b95fa37aa2e3","name":"edicionweb","image":{"@type":"ImageObject","inLanguage":"es","@id":"https:\/\/secure.gravatar.com\/avatar\/eee448fc3f7164808013b816ba91ac7e43bbe82a70bebac296f8bc6f0addaa1a?s=96&d=mm&r=g","url":"https:\/\/secure.gravatar.com\/avatar\/eee448fc3f7164808013b816ba91ac7e43bbe82a70bebac296f8bc6f0addaa1a?s=96&d=mm&r=g","contentUrl":"https:\/\/secure.gravatar.com\/avatar\/eee448fc3f7164808013b816ba91ac7e43bbe82a70bebac296f8bc6f0addaa1a?s=96&d=mm&r=g","caption":"edicionweb"}}]}},"amp_enabled":true,"cmb2":{"video_ids_in_playlist":{"vid_p_videos":""},"video_ids_in_channel":{"vid_c_videos":""},"playlist_ids_in_channel":{"vid_c_playlists":""},"series_ids_in_channel":{"vid_c_series":""},"channel_images":{"vid_c_logo":"","vid_c_banner":""},"poster_feature_image":{"vid_m_poster_image":""},"gif_feature_image":{"vid_m_gif_image":""},"video_movie_settings":{"vid_m_director":"","vid_m_actor":"","vid_m_imdb_ratings":"","vid_m_amazon_associates":""},"vid_youtube_broadcasts_settings":{"vid_yb_broadcast_title":"","vid_yb_q":"","vid_yb_channelid":"","vid_yb_videocategoryid":"","vid_yb_maxresults":"","vid_yb_order":"","vid_yb_regioncode":"","vid_yb_videosyndicated":"","vid_yb_style":"","vid_yb_reload_first":""},"video_series_settings":{"vid_m_director":"","vid_m_actor":"","vid_m_imdb_ratings":"","video_series_group":""},"amazon_associates_settings":{"amazon_associates":"","amazon_native_ad":""},"vid_youtube_automatic_settings":{"vid_ya_youtube_source":"","vid_ya_update_every":"","vid_ya_update_unit":"","vid_ya_categories":"","vid_ya_published_after":"","vid_ya_published_before":"","vid_ya_playlists":"","vid_ya_channels":"","vid_ya_director":"","vid_ya_actor":"","vid_ya_author":"","vid_ya_import_post_date":"","vid_ya_status":"","vid_ya_sub_api_key":""},"vid_ads_m_videoads_settings_post":{"vid_ads_m_video_ads":"","vid_ads_m_video_ads_type":"","vid_ads_m_group_google_ima":"","vid_ads_m_group_image":"","vid_ads_m_group_html5_video":"","vid_ads_m_group_html":"","vid_ads_m_vast_preroll":"","vid_ads_m_vast_postroll":"","vid_ads_m_vast_pauseroll":"","vid_ads_m_vast_midroll":[{"vid_ads_m_vast_timer_seconds":"50"}],"vid_ads_m_time_to_show_ads":"","vid_ads_m_time_skip_ads":"","vid_ads_m_time_to_hide_ads":""},"page_slider_settings":{"display_slider_group":"","page_slider_group":""},"blog_page_settings":{"blog_page_title":"","blog_page_heading":"","blog_page_ic":"","blog_page_it":"","blog_page_ec":"","blog_page_ip":"","archive_loop_style":"","blog_image_ratio":"","blog_show_categories":"","blog_show_excerpt":"","blog_show_author":"","blog_show_date":"","blog_show_comment_count":"","blog_show_view_count":"","blog_show_like_count":"","blog_show_dislike_count":"","blog_items_per_page":"","blog_pag_type":""},"page_options":{"get_page_template":"","color_mode":"","main_layout":"","main_layout_full_with":"","main_logo":"","main_logo_retina":"","main_logo_mobile":"","main_logo_mobile_retina":"","sticky_logo":"","sticky_logo_retina":"","main_nav_layout":"","ajax_search":"","header_background":"","theme_sidebar":"","instagram_feed":"","instagram_feed_position":"","popular_videos":"","popular_videos_title_1":"","popular_videos_title_2":"","popular_videos_ic":"","popular_videos_it":"","theme_background":"","page_custom_css":""},"feature_image_settings":{"feature_image_position":""},"video_player_settings":{"single_video_style":"","video_player_position":"","vm_video_url":"https:\/\/youtu.be\/3cYP6hI-VZg","video_player_library":"","video_streaming":"","vm_media_sources":"","vid_auto_play":"","vm_video_shortcode":"","vid_p_sync_playlist":"","vid_c_sync_channel":"","get_post_format":"","multiple_links_structure":"default","multi_links_title":"","vm_video_multi_links":"","vm_duration":"","vid_social_locker":"off","vid_social_locker_id":"","vid_membership_action":"content-video","vm_video_trailer_url":"","vid_download_type":"free","vid_download_target":"download","vid_woo_product":"","vm_media_download":"","user_rating":"","user_rating_position":"","user_rating_mode":"","user_rating_multi_sets":""},"video_auto_fetch_settings":{"vm_video_fetch":"off"},"video_fake_views_likes":{"vm_fake_views":"","vm_fake_likes":"","vm_fake_dislikes":""},"gallery_settings":{"gallery_position":""},"quote_settings":{"quote_position":""},"post_options":{"main_layout":"","main_logo":"","main_logo_retina":"","main_logo_mobile":"","main_logo_mobile_retina":"","sticky_logo":"","sticky_logo_retina":"","main_nav_layout":"","header_background":"","theme_sidebar":"","single_post_comment_type":"","theme_background":""}},"_links":{"self":[{"href":"https:\/\/canal7slp.tv\/2019\/wp-json\/wp\/v2\/posts\/73249","targetHints":{"allow":["GET"]}}],"collection":[{"href":"https:\/\/canal7slp.tv\/2019\/wp-json\/wp\/v2\/posts"}],"about":[{"href":"https:\/\/canal7slp.tv\/2019\/wp-json\/wp\/v2\/types\/post"}],"author":[{"embeddable":true,"href":"https:\/\/canal7slp.tv\/2019\/wp-json\/wp\/v2\/users\/2"}],"replies":[{"embeddable":true,"href":"https:\/\/canal7slp.tv\/2019\/wp-json\/wp\/v2\/comments?post=73249"}],"version-history":[{"count":0,"href":"https:\/\/canal7slp.tv\/2019\/wp-json\/wp\/v2\/posts\/73249\/revisions"}],"wp:featuredmedia":[{"embeddable":true,"href":"https:\/\/canal7slp.tv\/2019\/wp-json\/wp\/v2\/media\/73250"}],"wp:attachment":[{"href":"https:\/\/canal7slp.tv\/2019\/wp-json\/wp\/v2\/media?parent=73249"}],"wp:term":[{"taxonomy":"category","embeddable":true,"href":"https:\/\/canal7slp.tv\/2019\/wp-json\/wp\/v2\/categories?post=73249"},{"taxonomy":"post_tag","embeddable":true,"href":"https:\/\/canal7slp.tv\/2019\/wp-json\/wp\/v2\/tags?post=73249"}],"curies":[{"name":"wp","href":"https:\/\/api.w.org\/{rel}","templated":true}]}}