{"id":7277,"date":"2019-06-05T15:19:07","date_gmt":"2019-06-05T20:19:07","guid":{"rendered":"https:\/\/canal7slp.tv\/2019\/?p=7277"},"modified":"2019-06-05T15:19:07","modified_gmt":"2019-06-05T20:19:07","slug":"tragedia-en-guarderia-abc-fue-por-avaricia-de-socios-denuncian-padres","status":"publish","type":"post","link":"https:\/\/canal7slp.tv\/2019\/tragedia-en-guarderia-abc-fue-por-avaricia-de-socios-denuncian-padres\/","title":{"rendered":"Tragedia en Guarder\u00eda ABC fue por avaricia de socios, denuncian padres"},"content":{"rendered":"<p style=\"text-align: justify\">M\u00e9xico.- A una d\u00e9cada de la tragedia de la Guarder\u00eda ABC, en Hermosillo, Sonora, a la fecha se presentan situaciones de este tipo, y las autoridades han hecho poco \u201co m\u00e1s bien casi nada para detener esta grave situaci\u00f3n\u201d, denunciaron padres de las v\u00edctimas.<\/p>\n<p style=\"text-align: justify\">En un pronunciamiento donde expusieron que este mi\u00e9rcoles se cumplen 10 a\u00f1os de un d\u00eda que no debi\u00f3 ser. \u201cUn d\u00eda que quisi\u00e9ramos nunca hubiera existido, pero existi\u00f3 a causa de la corrupci\u00f3n y la negligencia de servidores p\u00fablicos\u201d.<\/p>\n<p style=\"text-align: justify\">Abundaron que la tragedia ocurri\u00f3 por la irresponsabilidad de los tres niveles de gobierno y la avaricia de los socios de esa estancia infantil.<\/p>\n<p style=\"text-align: justify\">Los 14 padres que se reunieron en el \u201cantimonumento ABC 49\u201d dijeron que el incendio en ese lugar caus\u00f3 la muerte de 49 ni\u00f1as y ni\u00f1os y lesiones vitalicias a m\u00e1s de 80 ni\u00f1as y ni\u00f1os.<\/p>\n<p style=\"text-align: justify\">Establecieron que este antimonumento se coloc\u00f3 frente a las oficinas centrales del Instituto Mexicano del Seguro Social (IMSS) en la avenida m\u00e1s importante de la Ciudad de M\u00e9xico, &#8220;para recordarle al mundo la deuda con nuestros ni\u00f1os del pa\u00eds. Lo colocamos para ganarle el espacio a la desmemoria, la corrupci\u00f3n y el olvido\u201d.<\/p>\n<p style=\"text-align: justify\">\u201cHoy a 10 a\u00f1os de la tragedia y tambi\u00e9n 10 a\u00f1os de impunidad esa pesada carga que hemos cargado d\u00eda tras d\u00eda, que hemos soportado en estos m\u00e1s de tres mil 600 d\u00edas, colocamos estos zapatitos de bronce como parte del antimonumento\u201d, subrayaron.<\/p>\n<p style=\"text-align: justify\">Aclararon que no son un agregado puramente est\u00e9tico, son las reproducciones de los zapatos que ten\u00edan sus hijas y sus hijos.<\/p>\n<p style=\"text-align: justify\">\u201cSon su ausencia hecha bronce y un recuerdo permanente de que existieron, dieron sus primeros pasos, fueron ni\u00f1as y ni\u00f1os felices, anduvieron por parques y tambi\u00e9n por esa guarder\u00eda que se supon\u00eda era un lugar seguro para ellos\u201d, expusieron.<\/p>\n<p style=\"text-align: justify\">Los 14 padres reunidos frente a las instalaciones del Seguro Social insistieron que estos zapatitos quedar\u00e1n aqu\u00ed instalados y les recordar\u00e1n de manera permanente a las autoridades federales y estatales que tienen una deuda de justicia y que deben tranquilidad a las familias de los ni\u00f1as y ni\u00f1os de la Guarder\u00eda ABC.<\/p>\n<p style=\"text-align: justify\">Llamaron a la sociedad para que no sea indiferente ante las desgracias de este pa\u00eds. \u201cEste sitio para nosotros, padres y madres, representa la memoria convertida en denuncia, hecha objeto imposible de evadir y es un recordatorio para hablarles a futuras generaciones, a quienes les pedimos que no olviden, que volteen hacia atr\u00e1s para que la desgracia no se repita\u201d.<\/p>\n","protected":false},"excerpt":{"rendered":"<p>M\u00e9xico.- A una d\u00e9cada de la tragedia de la Guarder\u00eda ABC, en Hermosillo, Sonora, a la fecha se presentan situaciones de este tipo, y las autoridades han hecho poco \u201co m\u00e1s bien casi nada para detener esta grave situaci\u00f3n\u201d, denunciaron padres de las v\u00edctimas. En un pronunciamiento donde expusieron que este mi\u00e9rcoles se cumplen 10 [&hellip;]<\/p>\n","protected":false},"author":2,"featured_media":7281,"comment_status":"open","ping_status":"closed","sticky":false,"template":"","format":"standard","meta":{"footnotes":""},"categories":[30],"tags":[],"class_list":["post-7277","post","type-post","status-publish","format-standard","has-post-thumbnail","hentry","category-nacional"],"yoast_head":"<!-- This site is optimized with the Yoast SEO plugin v27.5 - https:\/\/yoast.com\/product\/yoast-seo-wordpress\/ -->\n<title>Tragedia en Guarder\u00eda ABC fue por avaricia de socios, denuncian padres - Canal 7 SLP - 2019<\/title>\n<meta name=\"robots\" content=\"index, follow, max-snippet:-1, max-image-preview:large, max-video-preview:-1\" \/>\n<link rel=\"canonical\" href=\"https:\/\/canal7slp.tv\/2019\/tragedia-en-guarderia-abc-fue-por-avaricia-de-socios-denuncian-padres\/\" \/>\n<meta property=\"og:locale\" content=\"es_ES\" \/>\n<meta property=\"og:type\" content=\"article\" \/>\n<meta property=\"og:title\" content=\"Tragedia en Guarder\u00eda ABC fue por avaricia de socios, denuncian padres - Canal 7 SLP - 2019\" \/>\n<meta property=\"og:description\" content=\"M\u00e9xico.- A una d\u00e9cada de la tragedia de la Guarder\u00eda ABC, en Hermosillo, Sonora, a la fecha se presentan situaciones de este tipo, y las autoridades han hecho poco \u201co m\u00e1s bien casi nada para detener esta grave situaci\u00f3n\u201d, denunciaron padres de las v\u00edctimas. En un pronunciamiento donde expusieron que este mi\u00e9rcoles se cumplen 10 [&hellip;]\" \/>\n<meta property=\"og:url\" content=\"https:\/\/canal7slp.tv\/2019\/tragedia-en-guarderia-abc-fue-por-avaricia-de-socios-denuncian-padres\/\" \/>\n<meta property=\"og:site_name\" content=\"Canal 7 SLP - 2019\" \/>\n<meta property=\"article:publisher\" content=\"https:\/\/www.facebook.com\/CANAL7SLP\/\" \/>\n<meta property=\"article:published_time\" content=\"2019-06-05T20:19:07+00:00\" \/>\n<meta property=\"og:image\" content=\"https:\/\/canal7slp.tv\/2019\/wp-content\/uploads\/2019\/06\/09-3.jpg\" \/>\n\t<meta property=\"og:image:width\" content=\"2048\" \/>\n\t<meta property=\"og:image:height\" content=\"1375\" \/>\n\t<meta property=\"og:image:type\" content=\"image\/jpeg\" \/>\n<meta name=\"author\" content=\"edicionweb\" \/>\n<meta name=\"twitter:card\" content=\"summary_large_image\" \/>\n<meta name=\"twitter:creator\" content=\"@canal7_slp\" \/>\n<meta name=\"twitter:site\" content=\"@canal7_slp\" \/>\n<meta name=\"twitter:label1\" content=\"Escrito por\" \/>\n\t<meta name=\"twitter:data1\" content=\"edicionweb\" \/>\n\t<meta name=\"twitter:label2\" content=\"Tiempo de lectura\" \/>\n\t<meta name=\"twitter:data2\" content=\"2 minutos\" \/>\n<script type=\"application\/ld+json\" class=\"yoast-schema-graph\">{\"@context\":\"https:\\\/\\\/schema.org\",\"@graph\":[{\"@type\":\"Article\",\"@id\":\"https:\\\/\\\/canal7slp.tv\\\/2019\\\/tragedia-en-guarderia-abc-fue-por-avaricia-de-socios-denuncian-padres\\\/#article\",\"isPartOf\":{\"@id\":\"https:\\\/\\\/canal7slp.tv\\\/2019\\\/tragedia-en-guarderia-abc-fue-por-avaricia-de-socios-denuncian-padres\\\/\"},\"author\":{\"name\":\"edicionweb\",\"@id\":\"https:\\\/\\\/canal7slp.tv\\\/2019\\\/#\\\/schema\\\/person\\\/11d941c1c6ca30ac0a46b95fa37aa2e3\"},\"headline\":\"Tragedia en Guarder\u00eda ABC fue por avaricia de socios, denuncian padres\",\"datePublished\":\"2019-06-05T20:19:07+00:00\",\"mainEntityOfPage\":{\"@id\":\"https:\\\/\\\/canal7slp.tv\\\/2019\\\/tragedia-en-guarderia-abc-fue-por-avaricia-de-socios-denuncian-padres\\\/\"},\"wordCount\":459,\"commentCount\":0,\"publisher\":{\"@id\":\"https:\\\/\\\/canal7slp.tv\\\/2019\\\/#organization\"},\"image\":{\"@id\":\"https:\\\/\\\/canal7slp.tv\\\/2019\\\/tragedia-en-guarderia-abc-fue-por-avaricia-de-socios-denuncian-padres\\\/#primaryimage\"},\"thumbnailUrl\":\"https:\\\/\\\/canal7slp.tv\\\/2019\\\/wp-content\\\/uploads\\\/2019\\\/06\\\/09-3.jpg\",\"articleSection\":[\"NACIONAL\"],\"inLanguage\":\"es\",\"potentialAction\":[{\"@type\":\"CommentAction\",\"name\":\"Comment\",\"target\":[\"https:\\\/\\\/canal7slp.tv\\\/2019\\\/tragedia-en-guarderia-abc-fue-por-avaricia-de-socios-denuncian-padres\\\/#respond\"]}]},{\"@type\":\"WebPage\",\"@id\":\"https:\\\/\\\/canal7slp.tv\\\/2019\\\/tragedia-en-guarderia-abc-fue-por-avaricia-de-socios-denuncian-padres\\\/\",\"url\":\"https:\\\/\\\/canal7slp.tv\\\/2019\\\/tragedia-en-guarderia-abc-fue-por-avaricia-de-socios-denuncian-padres\\\/\",\"name\":\"Tragedia en Guarder\u00eda ABC fue por avaricia de socios, denuncian padres - Canal 7 SLP - 2019\",\"isPartOf\":{\"@id\":\"https:\\\/\\\/canal7slp.tv\\\/2019\\\/#website\"},\"primaryImageOfPage\":{\"@id\":\"https:\\\/\\\/canal7slp.tv\\\/2019\\\/tragedia-en-guarderia-abc-fue-por-avaricia-de-socios-denuncian-padres\\\/#primaryimage\"},\"image\":{\"@id\":\"https:\\\/\\\/canal7slp.tv\\\/2019\\\/tragedia-en-guarderia-abc-fue-por-avaricia-de-socios-denuncian-padres\\\/#primaryimage\"},\"thumbnailUrl\":\"https:\\\/\\\/canal7slp.tv\\\/2019\\\/wp-content\\\/uploads\\\/2019\\\/06\\\/09-3.jpg\",\"datePublished\":\"2019-06-05T20:19:07+00:00\",\"breadcrumb\":{\"@id\":\"https:\\\/\\\/canal7slp.tv\\\/2019\\\/tragedia-en-guarderia-abc-fue-por-avaricia-de-socios-denuncian-padres\\\/#breadcrumb\"},\"inLanguage\":\"es\",\"potentialAction\":[{\"@type\":\"ReadAction\",\"target\":[\"https:\\\/\\\/canal7slp.tv\\\/2019\\\/tragedia-en-guarderia-abc-fue-por-avaricia-de-socios-denuncian-padres\\\/\"]}]},{\"@type\":\"ImageObject\",\"inLanguage\":\"es\",\"@id\":\"https:\\\/\\\/canal7slp.tv\\\/2019\\\/tragedia-en-guarderia-abc-fue-por-avaricia-de-socios-denuncian-padres\\\/#primaryimage\",\"url\":\"https:\\\/\\\/canal7slp.tv\\\/2019\\\/wp-content\\\/uploads\\\/2019\\\/06\\\/09-3.jpg\",\"contentUrl\":\"https:\\\/\\\/canal7slp.tv\\\/2019\\\/wp-content\\\/uploads\\\/2019\\\/06\\\/09-3.jpg\",\"width\":2048,\"height\":1375},{\"@type\":\"BreadcrumbList\",\"@id\":\"https:\\\/\\\/canal7slp.tv\\\/2019\\\/tragedia-en-guarderia-abc-fue-por-avaricia-de-socios-denuncian-padres\\\/#breadcrumb\",\"itemListElement\":[{\"@type\":\"ListItem\",\"position\":1,\"name\":\"Home\",\"item\":\"https:\\\/\\\/canal7slp.tv\\\/2019\\\/\"},{\"@type\":\"ListItem\",\"position\":2,\"name\":\"Tragedia en Guarder\u00eda ABC fue por avaricia de socios, denuncian padres\"}]},{\"@type\":\"WebSite\",\"@id\":\"https:\\\/\\\/canal7slp.tv\\\/2019\\\/#website\",\"url\":\"https:\\\/\\\/canal7slp.tv\\\/2019\\\/\",\"name\":\"Canal 7 SLP - Somos TV\",\"description\":\"Somos un Canal de 10\",\"publisher\":{\"@id\":\"https:\\\/\\\/canal7slp.tv\\\/2019\\\/#organization\"},\"potentialAction\":[{\"@type\":\"SearchAction\",\"target\":{\"@type\":\"EntryPoint\",\"urlTemplate\":\"https:\\\/\\\/canal7slp.tv\\\/2019\\\/?s={search_term_string}\"},\"query-input\":{\"@type\":\"PropertyValueSpecification\",\"valueRequired\":true,\"valueName\":\"search_term_string\"}}],\"inLanguage\":\"es\"},{\"@type\":\"Organization\",\"@id\":\"https:\\\/\\\/canal7slp.tv\\\/2019\\\/#organization\",\"name\":\"Comunicaci\u00f3n 2000 S.A. de C.V.\",\"url\":\"https:\\\/\\\/canal7slp.tv\\\/2019\\\/\",\"logo\":{\"@type\":\"ImageObject\",\"inLanguage\":\"es\",\"@id\":\"https:\\\/\\\/canal7slp.tv\\\/2019\\\/#\\\/schema\\\/logo\\\/image\\\/\",\"url\":\"https:\\\/\\\/canal7slp.tv\\\/2019\\\/wp-content\\\/uploads\\\/2019\\\/07\\\/logo-c7.png\",\"contentUrl\":\"https:\\\/\\\/canal7slp.tv\\\/2019\\\/wp-content\\\/uploads\\\/2019\\\/07\\\/logo-c7.png\",\"width\":220,\"height\":60,\"caption\":\"Comunicaci\u00f3n 2000 S.A. de C.V.\"},\"image\":{\"@id\":\"https:\\\/\\\/canal7slp.tv\\\/2019\\\/#\\\/schema\\\/logo\\\/image\\\/\"},\"sameAs\":[\"https:\\\/\\\/www.facebook.com\\\/CANAL7SLP\\\/\",\"https:\\\/\\\/x.com\\\/canal7_slp\",\"https:\\\/\\\/www.instagram.com\\\/canal7_slp\",\"https:\\\/\\\/www.youtube.com\\\/user\\\/NOTICIEROSCANAL7SLP\\\/\"]},{\"@type\":\"Person\",\"@id\":\"https:\\\/\\\/canal7slp.tv\\\/2019\\\/#\\\/schema\\\/person\\\/11d941c1c6ca30ac0a46b95fa37aa2e3\",\"name\":\"edicionweb\",\"image\":{\"@type\":\"ImageObject\",\"inLanguage\":\"es\",\"@id\":\"https:\\\/\\\/secure.gravatar.com\\\/avatar\\\/eee448fc3f7164808013b816ba91ac7e43bbe82a70bebac296f8bc6f0addaa1a?s=96&d=mm&r=g\",\"url\":\"https:\\\/\\\/secure.gravatar.com\\\/avatar\\\/eee448fc3f7164808013b816ba91ac7e43bbe82a70bebac296f8bc6f0addaa1a?s=96&d=mm&r=g\",\"contentUrl\":\"https:\\\/\\\/secure.gravatar.com\\\/avatar\\\/eee448fc3f7164808013b816ba91ac7e43bbe82a70bebac296f8bc6f0addaa1a?s=96&d=mm&r=g\",\"caption\":\"edicionweb\"}}]}<\/script>\n<!-- \/ Yoast SEO plugin. -->","yoast_head_json":{"title":"Tragedia en Guarder\u00eda ABC fue por avaricia de socios, denuncian padres - Canal 7 SLP - 2019","robots":{"index":"index","follow":"follow","max-snippet":"max-snippet:-1","max-image-preview":"max-image-preview:large","max-video-preview":"max-video-preview:-1"},"canonical":"https:\/\/canal7slp.tv\/2019\/tragedia-en-guarderia-abc-fue-por-avaricia-de-socios-denuncian-padres\/","og_locale":"es_ES","og_type":"article","og_title":"Tragedia en Guarder\u00eda ABC fue por avaricia de socios, denuncian padres - Canal 7 SLP - 2019","og_description":"M\u00e9xico.- A una d\u00e9cada de la tragedia de la Guarder\u00eda ABC, en Hermosillo, Sonora, a la fecha se presentan situaciones de este tipo, y las autoridades han hecho poco \u201co m\u00e1s bien casi nada para detener esta grave situaci\u00f3n\u201d, denunciaron padres de las v\u00edctimas. En un pronunciamiento donde expusieron que este mi\u00e9rcoles se cumplen 10 [&hellip;]","og_url":"https:\/\/canal7slp.tv\/2019\/tragedia-en-guarderia-abc-fue-por-avaricia-de-socios-denuncian-padres\/","og_site_name":"Canal 7 SLP - 2019","article_publisher":"https:\/\/www.facebook.com\/CANAL7SLP\/","article_published_time":"2019-06-05T20:19:07+00:00","og_image":[{"width":2048,"height":1375,"url":"https:\/\/canal7slp.tv\/2019\/wp-content\/uploads\/2019\/06\/09-3.jpg","type":"image\/jpeg"}],"author":"edicionweb","twitter_card":"summary_large_image","twitter_creator":"@canal7_slp","twitter_site":"@canal7_slp","twitter_misc":{"Escrito por":"edicionweb","Tiempo de lectura":"2 minutos"},"schema":{"@context":"https:\/\/schema.org","@graph":[{"@type":"Article","@id":"https:\/\/canal7slp.tv\/2019\/tragedia-en-guarderia-abc-fue-por-avaricia-de-socios-denuncian-padres\/#article","isPartOf":{"@id":"https:\/\/canal7slp.tv\/2019\/tragedia-en-guarderia-abc-fue-por-avaricia-de-socios-denuncian-padres\/"},"author":{"name":"edicionweb","@id":"https:\/\/canal7slp.tv\/2019\/#\/schema\/person\/11d941c1c6ca30ac0a46b95fa37aa2e3"},"headline":"Tragedia en Guarder\u00eda ABC fue por avaricia de socios, denuncian padres","datePublished":"2019-06-05T20:19:07+00:00","mainEntityOfPage":{"@id":"https:\/\/canal7slp.tv\/2019\/tragedia-en-guarderia-abc-fue-por-avaricia-de-socios-denuncian-padres\/"},"wordCount":459,"commentCount":0,"publisher":{"@id":"https:\/\/canal7slp.tv\/2019\/#organization"},"image":{"@id":"https:\/\/canal7slp.tv\/2019\/tragedia-en-guarderia-abc-fue-por-avaricia-de-socios-denuncian-padres\/#primaryimage"},"thumbnailUrl":"https:\/\/canal7slp.tv\/2019\/wp-content\/uploads\/2019\/06\/09-3.jpg","articleSection":["NACIONAL"],"inLanguage":"es","potentialAction":[{"@type":"CommentAction","name":"Comment","target":["https:\/\/canal7slp.tv\/2019\/tragedia-en-guarderia-abc-fue-por-avaricia-de-socios-denuncian-padres\/#respond"]}]},{"@type":"WebPage","@id":"https:\/\/canal7slp.tv\/2019\/tragedia-en-guarderia-abc-fue-por-avaricia-de-socios-denuncian-padres\/","url":"https:\/\/canal7slp.tv\/2019\/tragedia-en-guarderia-abc-fue-por-avaricia-de-socios-denuncian-padres\/","name":"Tragedia en Guarder\u00eda ABC fue por avaricia de socios, denuncian padres - Canal 7 SLP - 2019","isPartOf":{"@id":"https:\/\/canal7slp.tv\/2019\/#website"},"primaryImageOfPage":{"@id":"https:\/\/canal7slp.tv\/2019\/tragedia-en-guarderia-abc-fue-por-avaricia-de-socios-denuncian-padres\/#primaryimage"},"image":{"@id":"https:\/\/canal7slp.tv\/2019\/tragedia-en-guarderia-abc-fue-por-avaricia-de-socios-denuncian-padres\/#primaryimage"},"thumbnailUrl":"https:\/\/canal7slp.tv\/2019\/wp-content\/uploads\/2019\/06\/09-3.jpg","datePublished":"2019-06-05T20:19:07+00:00","breadcrumb":{"@id":"https:\/\/canal7slp.tv\/2019\/tragedia-en-guarderia-abc-fue-por-avaricia-de-socios-denuncian-padres\/#breadcrumb"},"inLanguage":"es","potentialAction":[{"@type":"ReadAction","target":["https:\/\/canal7slp.tv\/2019\/tragedia-en-guarderia-abc-fue-por-avaricia-de-socios-denuncian-padres\/"]}]},{"@type":"ImageObject","inLanguage":"es","@id":"https:\/\/canal7slp.tv\/2019\/tragedia-en-guarderia-abc-fue-por-avaricia-de-socios-denuncian-padres\/#primaryimage","url":"https:\/\/canal7slp.tv\/2019\/wp-content\/uploads\/2019\/06\/09-3.jpg","contentUrl":"https:\/\/canal7slp.tv\/2019\/wp-content\/uploads\/2019\/06\/09-3.jpg","width":2048,"height":1375},{"@type":"BreadcrumbList","@id":"https:\/\/canal7slp.tv\/2019\/tragedia-en-guarderia-abc-fue-por-avaricia-de-socios-denuncian-padres\/#breadcrumb","itemListElement":[{"@type":"ListItem","position":1,"name":"Home","item":"https:\/\/canal7slp.tv\/2019\/"},{"@type":"ListItem","position":2,"name":"Tragedia en Guarder\u00eda ABC fue por avaricia de socios, denuncian padres"}]},{"@type":"WebSite","@id":"https:\/\/canal7slp.tv\/2019\/#website","url":"https:\/\/canal7slp.tv\/2019\/","name":"Canal 7 SLP - Somos TV","description":"Somos un Canal de 10","publisher":{"@id":"https:\/\/canal7slp.tv\/2019\/#organization"},"potentialAction":[{"@type":"SearchAction","target":{"@type":"EntryPoint","urlTemplate":"https:\/\/canal7slp.tv\/2019\/?s={search_term_string}"},"query-input":{"@type":"PropertyValueSpecification","valueRequired":true,"valueName":"search_term_string"}}],"inLanguage":"es"},{"@type":"Organization","@id":"https:\/\/canal7slp.tv\/2019\/#organization","name":"Comunicaci\u00f3n 2000 S.A. de C.V.","url":"https:\/\/canal7slp.tv\/2019\/","logo":{"@type":"ImageObject","inLanguage":"es","@id":"https:\/\/canal7slp.tv\/2019\/#\/schema\/logo\/image\/","url":"https:\/\/canal7slp.tv\/2019\/wp-content\/uploads\/2019\/07\/logo-c7.png","contentUrl":"https:\/\/canal7slp.tv\/2019\/wp-content\/uploads\/2019\/07\/logo-c7.png","width":220,"height":60,"caption":"Comunicaci\u00f3n 2000 S.A. de C.V."},"image":{"@id":"https:\/\/canal7slp.tv\/2019\/#\/schema\/logo\/image\/"},"sameAs":["https:\/\/www.facebook.com\/CANAL7SLP\/","https:\/\/x.com\/canal7_slp","https:\/\/www.instagram.com\/canal7_slp","https:\/\/www.youtube.com\/user\/NOTICIEROSCANAL7SLP\/"]},{"@type":"Person","@id":"https:\/\/canal7slp.tv\/2019\/#\/schema\/person\/11d941c1c6ca30ac0a46b95fa37aa2e3","name":"edicionweb","image":{"@type":"ImageObject","inLanguage":"es","@id":"https:\/\/secure.gravatar.com\/avatar\/eee448fc3f7164808013b816ba91ac7e43bbe82a70bebac296f8bc6f0addaa1a?s=96&d=mm&r=g","url":"https:\/\/secure.gravatar.com\/avatar\/eee448fc3f7164808013b816ba91ac7e43bbe82a70bebac296f8bc6f0addaa1a?s=96&d=mm&r=g","contentUrl":"https:\/\/secure.gravatar.com\/avatar\/eee448fc3f7164808013b816ba91ac7e43bbe82a70bebac296f8bc6f0addaa1a?s=96&d=mm&r=g","caption":"edicionweb"}}]}},"amp_enabled":true,"cmb2":{"video_ids_in_playlist":{"vid_p_videos":""},"video_ids_in_channel":{"vid_c_videos":""},"playlist_ids_in_channel":{"vid_c_playlists":""},"series_ids_in_channel":{"vid_c_series":""},"channel_images":{"vid_c_logo":"","vid_c_banner":""},"poster_feature_image":{"vid_m_poster_image":""},"gif_feature_image":{"vid_m_gif_image":""},"video_movie_settings":{"vid_m_director":"","vid_m_actor":"","vid_m_imdb_ratings":"","vid_m_amazon_associates":""},"vid_youtube_broadcasts_settings":{"vid_yb_broadcast_title":"","vid_yb_q":"","vid_yb_channelid":"","vid_yb_videocategoryid":"","vid_yb_maxresults":"","vid_yb_order":"","vid_yb_regioncode":"","vid_yb_videosyndicated":"","vid_yb_style":"","vid_yb_reload_first":""},"video_series_settings":{"vid_m_director":"","vid_m_actor":"","vid_m_imdb_ratings":"","video_series_group":""},"amazon_associates_settings":{"amazon_associates":"","amazon_native_ad":""},"vid_youtube_automatic_settings":{"vid_ya_youtube_source":"","vid_ya_update_every":"","vid_ya_update_unit":"","vid_ya_categories":"","vid_ya_published_after":"","vid_ya_published_before":"","vid_ya_playlists":"","vid_ya_channels":"","vid_ya_director":"","vid_ya_actor":"","vid_ya_author":"","vid_ya_import_post_date":"","vid_ya_status":"","vid_ya_sub_api_key":""},"vid_ads_m_videoads_settings_post":{"vid_ads_m_video_ads":"","vid_ads_m_video_ads_type":"","vid_ads_m_group_google_ima":"","vid_ads_m_group_image":"","vid_ads_m_group_html5_video":"","vid_ads_m_group_html":"","vid_ads_m_vast_preroll":"","vid_ads_m_vast_postroll":"","vid_ads_m_vast_pauseroll":"","vid_ads_m_vast_midroll":[{"vid_ads_m_vast_timer_seconds":"50"}],"vid_ads_m_time_to_show_ads":"","vid_ads_m_time_skip_ads":"","vid_ads_m_time_to_hide_ads":""},"page_slider_settings":{"display_slider_group":"","page_slider_group":""},"blog_page_settings":{"blog_page_title":"","blog_page_heading":"","blog_page_ic":"","blog_page_it":"","blog_page_ec":"","blog_page_ip":"","archive_loop_style":"","blog_image_ratio":"","blog_show_categories":"","blog_show_excerpt":"","blog_show_author":"","blog_show_date":"","blog_show_comment_count":"","blog_show_view_count":"","blog_show_like_count":"","blog_show_dislike_count":"","blog_items_per_page":"","blog_pag_type":""},"page_options":{"get_page_template":"","color_mode":"","main_layout":"","main_layout_full_with":"","main_logo":"","main_logo_retina":"","main_logo_mobile":"","main_logo_mobile_retina":"","sticky_logo":"","sticky_logo_retina":"","main_nav_layout":"","ajax_search":"","header_background":"","theme_sidebar":"","instagram_feed":"","instagram_feed_position":"","popular_videos":"","popular_videos_title_1":"","popular_videos_title_2":"","popular_videos_ic":"","popular_videos_it":"","theme_background":"","page_custom_css":""},"feature_image_settings":{"feature_image_position":""},"video_player_settings":{"single_video_style":"","video_player_position":"","vm_video_url":"","video_player_library":"","video_streaming":"","vm_media_sources":"","vid_auto_play":"","vm_video_shortcode":"","vid_p_sync_playlist":"","vid_c_sync_channel":"","get_post_format":"","multiple_links_structure":"default","multi_links_title":"","vm_video_multi_links":"","vm_duration":"","vid_social_locker":"off","vid_social_locker_id":"","vid_membership_action":"content-video","vm_video_trailer_url":"","vid_download_type":"free","vid_download_target":"download","vid_woo_product":"","vm_media_download":"","user_rating":"","user_rating_position":"","user_rating_mode":"","user_rating_multi_sets":""},"video_auto_fetch_settings":{"vm_video_fetch":"on"},"video_fake_views_likes":{"vm_fake_views":"","vm_fake_likes":"","vm_fake_dislikes":""},"gallery_settings":{"gallery_position":""},"quote_settings":{"quote_position":""},"post_options":{"main_layout":"","main_logo":"","main_logo_retina":"","main_logo_mobile":"","main_logo_mobile_retina":"","sticky_logo":"","sticky_logo_retina":"","main_nav_layout":"","header_background":"","theme_sidebar":"","single_post_comment_type":"","theme_background":""}},"_links":{"self":[{"href":"https:\/\/canal7slp.tv\/2019\/wp-json\/wp\/v2\/posts\/7277","targetHints":{"allow":["GET"]}}],"collection":[{"href":"https:\/\/canal7slp.tv\/2019\/wp-json\/wp\/v2\/posts"}],"about":[{"href":"https:\/\/canal7slp.tv\/2019\/wp-json\/wp\/v2\/types\/post"}],"author":[{"embeddable":true,"href":"https:\/\/canal7slp.tv\/2019\/wp-json\/wp\/v2\/users\/2"}],"replies":[{"embeddable":true,"href":"https:\/\/canal7slp.tv\/2019\/wp-json\/wp\/v2\/comments?post=7277"}],"version-history":[{"count":0,"href":"https:\/\/canal7slp.tv\/2019\/wp-json\/wp\/v2\/posts\/7277\/revisions"}],"wp:featuredmedia":[{"embeddable":true,"href":"https:\/\/canal7slp.tv\/2019\/wp-json\/wp\/v2\/media\/7281"}],"wp:attachment":[{"href":"https:\/\/canal7slp.tv\/2019\/wp-json\/wp\/v2\/media?parent=7277"}],"wp:term":[{"taxonomy":"category","embeddable":true,"href":"https:\/\/canal7slp.tv\/2019\/wp-json\/wp\/v2\/categories?post=7277"},{"taxonomy":"post_tag","embeddable":true,"href":"https:\/\/canal7slp.tv\/2019\/wp-json\/wp\/v2\/tags?post=7277"}],"curies":[{"name":"wp","href":"https:\/\/api.w.org\/{rel}","templated":true}]}}