{"id":72698,"date":"2019-10-04T13:46:47","date_gmt":"2019-10-04T18:46:47","guid":{"rendered":"https:\/\/canal7slp.tv\/2019\/?p=72698"},"modified":"2019-10-04T13:46:47","modified_gmt":"2019-10-04T18:46:47","slug":"80-anos-de-ser-la-madre-de-todas-las-bandas","status":"publish","type":"post","link":"https:\/\/canal7slp.tv\/2019\/80-anos-de-ser-la-madre-de-todas-las-bandas\/","title":{"rendered":"80 a\u00f1os de ser &#8220;La madre de todas las bandas&#8221;"},"content":{"rendered":"<div class=\"news-excerpt\">\n<ul>\n<li style=\"text-align: justify\">Banda El Recodo est\u00e1 de manteles largos, festejar\u00e1 su trayectoria en las Fiestas de Octubre, donde compartir\u00e1 el escenario con un viejo conocido: Julio Preciado<\/li>\n<\/ul>\n<\/div>\n<div>\n<p style=\"text-align: justify\">M\u00e9xico.- De los buenos y malos momentos siempre se aprende y para La Banda El Recodo todas las experiencias han contribuido para forjar un legado con m\u00e1s de 80 a\u00f1os de historia que demuestran la raz\u00f3n por la cual se mantiene como \u201cLa madre de todas las bandas\u201d.<\/p>\n<p style=\"text-align: justify\">Tras una exitosa gira por Estados Unidos, en compa\u00f1\u00eda del Mariachi Vargas de Tecalitl\u00e1n, El Recodo alista nuevos proyectos y presentaciones para regresar con fuerza a los escenarios que los vieron consagrarse como los m\u00e1ximos representantes del regional mexicano. \u201cSe dicen muy f\u00e1cil 80 a\u00f1os, antes de m\u00ed han estado muchos m\u00fasicos y todos han puesto su granito de arena y a nosotros nos toca festejar, iniciamos desde el Carnaval de Mazatl\u00e1n. A la par, vamos con el Mariachi Vargas que tiene 120 a\u00f1os de trayectoria, es el mariachi que nos representa en todo el mundo, fue una idea de ambas agrupaciones para juntar a los exponentes m\u00e1s longevos de la m\u00fasica tradicional mexicana\u201d, se\u00f1al\u00f3 en entrevista Mario Alvarado, trompetista de Banda El Recodo desde hace 25 a\u00f1os.<\/p>\n<p style=\"text-align: justify\">Aunque la gira internacional tiene fechas pendientes en Chicago para el 28 de octubre, Banda El Recodo tiene en la mira a Guadalajara, especialmente, en uno de los escenarios m\u00e1s emblem\u00e1ticos de Occidente: el Auditorio Benito Ju\u00e1rez de las Fiestas de Octubre, foro al que regresar\u00e1n tras cinco a\u00f1os de ausencia y con invitados \u201cde lujo\u201d.<\/p>\n<p style=\"text-align: justify\">Previo a su reencuentro con el p\u00fablico tapat\u00edo, El Recodo reflexiona sobre el impacto que la agrupaci\u00f3n ha marcado en la industria musical para seguir en la c\u00faspide de la popularidad ante el fortalecimiento de otros g\u00e9neros como el norte\u00f1o, as\u00ed como de los retos que la banda mazatleca ha tenido que enfrentar para adaptarse a las nuevas din\u00e1micas de consumo a trav\u00e9s de plataformas digitales y nuevos formatos de espect\u00e1culos.<\/p>\n<p style=\"text-align: justify\">Oscar \u00c1lvarez, responsable del tromb\u00f3n, puntualiza que si bien el espect\u00e1culo con el Mariachi Vargas de Tecalitl\u00e1n ha funcionado a la perfecci\u00f3n en Estados Unidos con foros llenos, el deseo por adaptar esta producci\u00f3n en M\u00e9xico es latente y con la expectativa de encontrar el mejor espacio para desarrollar las m\u00e1s de tres horas de repertorio, vestuario especial y de \u00e9poca que utilizan exclusivamente en este formato.<\/p>\n<p style=\"text-align: justify\">\u201cNo es una obra de teatro, es realmente una remembranza, la evoluci\u00f3n de la m\u00fasica de mariachi como de la banda. Las diferentes \u00e9pocas que se han vivido desde que el Mariachi Vargas empez\u00f3 hace 120 a\u00f1os y lo que la Recodo ha vivido desde el a\u00f1o 1938. Nos vamos intercalando, utilizamos el vestuario que se llevaba en cada \u00e9poca, es algo bonito, ves c\u00f3mo ha evolucionado todo, recordamos los or\u00edgenes de nuestro fundador Cruz Liz\u00e1rraga\u201d.<\/p>\n<p style=\"text-align: justify\">Como parte de los festejos que Banda El Recodo realiza por sus 80 a\u00f1os de trayectoria, la agrupaci\u00f3n llegar\u00e1 el s\u00e1bado 5 de octubre al Auditorio Benito Ju\u00e1rez, en donde contar\u00e1 con una de las voces m\u00e1s emblem\u00e1ticas de su historia: Julio Preciado, quien deleitar\u00e1 con un repertorio sorpresa especial para el p\u00fablico tapat\u00edo. La invitaci\u00f3n para la fiesta ya est\u00e1 sobre la mesa.<\/p>\n<p style=\"text-align: justify\">Banda El Recodo festeja 80 a\u00f1os de trayectoria, ma\u00f1ana 5 de octubre, en el Auditorio Benito Ju\u00e1rez, a partir de las 19:00 horas. M\u00e1s informaci\u00f3n para boletos de grader\u00edas y zonas preferentes en ruedo: www.fiestasdeoctubre.com.mx<\/p>\n<\/div>\n","protected":false},"excerpt":{"rendered":"<p>Banda El Recodo est\u00e1 de manteles largos, festejar\u00e1 su trayectoria en las Fiestas de Octubre, donde compartir\u00e1 el escenario con un viejo conocido: Julio Preciado M\u00e9xico.- De los buenos y malos momentos siempre se aprende y para La Banda El Recodo todas las experiencias han contribuido para forjar un legado con m\u00e1s de 80 a\u00f1os [&hellip;]<\/p>\n","protected":false},"author":2,"featured_media":72699,"comment_status":"open","ping_status":"open","sticky":false,"template":"","format":"standard","meta":{"footnotes":""},"categories":[24],"tags":[],"class_list":["post-72698","post","type-post","status-publish","format-standard","has-post-thumbnail","hentry","category-espectaculos"],"yoast_head":"<!-- This site is optimized with the Yoast SEO plugin v27.5 - https:\/\/yoast.com\/product\/yoast-seo-wordpress\/ -->\n<title>80 a\u00f1os de ser &quot;La madre de todas las bandas&quot; - Canal 7 SLP - 2019<\/title>\n<meta name=\"robots\" content=\"index, follow, max-snippet:-1, max-image-preview:large, max-video-preview:-1\" \/>\n<link rel=\"canonical\" href=\"https:\/\/canal7slp.tv\/2019\/80-anos-de-ser-la-madre-de-todas-las-bandas\/\" \/>\n<meta property=\"og:locale\" content=\"es_ES\" \/>\n<meta property=\"og:type\" content=\"article\" \/>\n<meta property=\"og:title\" content=\"80 a\u00f1os de ser &quot;La madre de todas las bandas&quot; - Canal 7 SLP - 2019\" \/>\n<meta property=\"og:description\" content=\"Banda El Recodo est\u00e1 de manteles largos, festejar\u00e1 su trayectoria en las Fiestas de Octubre, donde compartir\u00e1 el escenario con un viejo conocido: Julio Preciado M\u00e9xico.- De los buenos y malos momentos siempre se aprende y para La Banda El Recodo todas las experiencias han contribuido para forjar un legado con m\u00e1s de 80 a\u00f1os [&hellip;]\" \/>\n<meta property=\"og:url\" content=\"https:\/\/canal7slp.tv\/2019\/80-anos-de-ser-la-madre-de-todas-las-bandas\/\" \/>\n<meta property=\"og:site_name\" content=\"Canal 7 SLP - 2019\" \/>\n<meta property=\"article:publisher\" content=\"https:\/\/www.facebook.com\/CANAL7SLP\/\" \/>\n<meta property=\"article:published_time\" content=\"2019-10-04T18:46:47+00:00\" \/>\n<meta property=\"og:image\" content=\"https:\/\/canal7slp.tv\/2019\/wp-content\/uploads\/2019\/10\/1350-3.jpg\" \/>\n\t<meta property=\"og:image:width\" content=\"770\" \/>\n\t<meta property=\"og:image:height\" content=\"485\" \/>\n\t<meta property=\"og:image:type\" content=\"image\/jpeg\" \/>\n<meta name=\"author\" content=\"edicionweb\" \/>\n<meta name=\"twitter:card\" content=\"summary_large_image\" \/>\n<meta name=\"twitter:creator\" content=\"@canal7_slp\" \/>\n<meta name=\"twitter:site\" content=\"@canal7_slp\" \/>\n<meta name=\"twitter:label1\" content=\"Escrito por\" \/>\n\t<meta name=\"twitter:data1\" content=\"edicionweb\" \/>\n\t<meta name=\"twitter:label2\" content=\"Tiempo de lectura\" \/>\n\t<meta name=\"twitter:data2\" content=\"3 minutos\" \/>\n<script type=\"application\/ld+json\" class=\"yoast-schema-graph\">{\"@context\":\"https:\\\/\\\/schema.org\",\"@graph\":[{\"@type\":\"Article\",\"@id\":\"https:\\\/\\\/canal7slp.tv\\\/2019\\\/80-anos-de-ser-la-madre-de-todas-las-bandas\\\/#article\",\"isPartOf\":{\"@id\":\"https:\\\/\\\/canal7slp.tv\\\/2019\\\/80-anos-de-ser-la-madre-de-todas-las-bandas\\\/\"},\"author\":{\"name\":\"edicionweb\",\"@id\":\"https:\\\/\\\/canal7slp.tv\\\/2019\\\/#\\\/schema\\\/person\\\/11d941c1c6ca30ac0a46b95fa37aa2e3\"},\"headline\":\"80 a\u00f1os de ser &#8220;La madre de todas las bandas&#8221;\",\"datePublished\":\"2019-10-04T18:46:47+00:00\",\"mainEntityOfPage\":{\"@id\":\"https:\\\/\\\/canal7slp.tv\\\/2019\\\/80-anos-de-ser-la-madre-de-todas-las-bandas\\\/\"},\"wordCount\":631,\"commentCount\":0,\"publisher\":{\"@id\":\"https:\\\/\\\/canal7slp.tv\\\/2019\\\/#organization\"},\"image\":{\"@id\":\"https:\\\/\\\/canal7slp.tv\\\/2019\\\/80-anos-de-ser-la-madre-de-todas-las-bandas\\\/#primaryimage\"},\"thumbnailUrl\":\"https:\\\/\\\/canal7slp.tv\\\/2019\\\/wp-content\\\/uploads\\\/2019\\\/10\\\/1350-3.jpg\",\"articleSection\":[\"ESPECTACULOS\"],\"inLanguage\":\"es\",\"potentialAction\":[{\"@type\":\"CommentAction\",\"name\":\"Comment\",\"target\":[\"https:\\\/\\\/canal7slp.tv\\\/2019\\\/80-anos-de-ser-la-madre-de-todas-las-bandas\\\/#respond\"]}]},{\"@type\":\"WebPage\",\"@id\":\"https:\\\/\\\/canal7slp.tv\\\/2019\\\/80-anos-de-ser-la-madre-de-todas-las-bandas\\\/\",\"url\":\"https:\\\/\\\/canal7slp.tv\\\/2019\\\/80-anos-de-ser-la-madre-de-todas-las-bandas\\\/\",\"name\":\"80 a\u00f1os de ser \\\"La madre de todas las bandas\\\" - Canal 7 SLP - 2019\",\"isPartOf\":{\"@id\":\"https:\\\/\\\/canal7slp.tv\\\/2019\\\/#website\"},\"primaryImageOfPage\":{\"@id\":\"https:\\\/\\\/canal7slp.tv\\\/2019\\\/80-anos-de-ser-la-madre-de-todas-las-bandas\\\/#primaryimage\"},\"image\":{\"@id\":\"https:\\\/\\\/canal7slp.tv\\\/2019\\\/80-anos-de-ser-la-madre-de-todas-las-bandas\\\/#primaryimage\"},\"thumbnailUrl\":\"https:\\\/\\\/canal7slp.tv\\\/2019\\\/wp-content\\\/uploads\\\/2019\\\/10\\\/1350-3.jpg\",\"datePublished\":\"2019-10-04T18:46:47+00:00\",\"breadcrumb\":{\"@id\":\"https:\\\/\\\/canal7slp.tv\\\/2019\\\/80-anos-de-ser-la-madre-de-todas-las-bandas\\\/#breadcrumb\"},\"inLanguage\":\"es\",\"potentialAction\":[{\"@type\":\"ReadAction\",\"target\":[\"https:\\\/\\\/canal7slp.tv\\\/2019\\\/80-anos-de-ser-la-madre-de-todas-las-bandas\\\/\"]}]},{\"@type\":\"ImageObject\",\"inLanguage\":\"es\",\"@id\":\"https:\\\/\\\/canal7slp.tv\\\/2019\\\/80-anos-de-ser-la-madre-de-todas-las-bandas\\\/#primaryimage\",\"url\":\"https:\\\/\\\/canal7slp.tv\\\/2019\\\/wp-content\\\/uploads\\\/2019\\\/10\\\/1350-3.jpg\",\"contentUrl\":\"https:\\\/\\\/canal7slp.tv\\\/2019\\\/wp-content\\\/uploads\\\/2019\\\/10\\\/1350-3.jpg\",\"width\":770,\"height\":485},{\"@type\":\"BreadcrumbList\",\"@id\":\"https:\\\/\\\/canal7slp.tv\\\/2019\\\/80-anos-de-ser-la-madre-de-todas-las-bandas\\\/#breadcrumb\",\"itemListElement\":[{\"@type\":\"ListItem\",\"position\":1,\"name\":\"Home\",\"item\":\"https:\\\/\\\/canal7slp.tv\\\/2019\\\/\"},{\"@type\":\"ListItem\",\"position\":2,\"name\":\"80 a\u00f1os de ser &#8220;La madre de todas las bandas&#8221;\"}]},{\"@type\":\"WebSite\",\"@id\":\"https:\\\/\\\/canal7slp.tv\\\/2019\\\/#website\",\"url\":\"https:\\\/\\\/canal7slp.tv\\\/2019\\\/\",\"name\":\"Canal 7 SLP - Somos TV\",\"description\":\"Somos un Canal de 10\",\"publisher\":{\"@id\":\"https:\\\/\\\/canal7slp.tv\\\/2019\\\/#organization\"},\"potentialAction\":[{\"@type\":\"SearchAction\",\"target\":{\"@type\":\"EntryPoint\",\"urlTemplate\":\"https:\\\/\\\/canal7slp.tv\\\/2019\\\/?s={search_term_string}\"},\"query-input\":{\"@type\":\"PropertyValueSpecification\",\"valueRequired\":true,\"valueName\":\"search_term_string\"}}],\"inLanguage\":\"es\"},{\"@type\":\"Organization\",\"@id\":\"https:\\\/\\\/canal7slp.tv\\\/2019\\\/#organization\",\"name\":\"Comunicaci\u00f3n 2000 S.A. de C.V.\",\"url\":\"https:\\\/\\\/canal7slp.tv\\\/2019\\\/\",\"logo\":{\"@type\":\"ImageObject\",\"inLanguage\":\"es\",\"@id\":\"https:\\\/\\\/canal7slp.tv\\\/2019\\\/#\\\/schema\\\/logo\\\/image\\\/\",\"url\":\"https:\\\/\\\/canal7slp.tv\\\/2019\\\/wp-content\\\/uploads\\\/2019\\\/07\\\/logo-c7.png\",\"contentUrl\":\"https:\\\/\\\/canal7slp.tv\\\/2019\\\/wp-content\\\/uploads\\\/2019\\\/07\\\/logo-c7.png\",\"width\":220,\"height\":60,\"caption\":\"Comunicaci\u00f3n 2000 S.A. de C.V.\"},\"image\":{\"@id\":\"https:\\\/\\\/canal7slp.tv\\\/2019\\\/#\\\/schema\\\/logo\\\/image\\\/\"},\"sameAs\":[\"https:\\\/\\\/www.facebook.com\\\/CANAL7SLP\\\/\",\"https:\\\/\\\/x.com\\\/canal7_slp\",\"https:\\\/\\\/www.instagram.com\\\/canal7_slp\",\"https:\\\/\\\/www.youtube.com\\\/user\\\/NOTICIEROSCANAL7SLP\\\/\"]},{\"@type\":\"Person\",\"@id\":\"https:\\\/\\\/canal7slp.tv\\\/2019\\\/#\\\/schema\\\/person\\\/11d941c1c6ca30ac0a46b95fa37aa2e3\",\"name\":\"edicionweb\",\"image\":{\"@type\":\"ImageObject\",\"inLanguage\":\"es\",\"@id\":\"https:\\\/\\\/secure.gravatar.com\\\/avatar\\\/eee448fc3f7164808013b816ba91ac7e43bbe82a70bebac296f8bc6f0addaa1a?s=96&d=mm&r=g\",\"url\":\"https:\\\/\\\/secure.gravatar.com\\\/avatar\\\/eee448fc3f7164808013b816ba91ac7e43bbe82a70bebac296f8bc6f0addaa1a?s=96&d=mm&r=g\",\"contentUrl\":\"https:\\\/\\\/secure.gravatar.com\\\/avatar\\\/eee448fc3f7164808013b816ba91ac7e43bbe82a70bebac296f8bc6f0addaa1a?s=96&d=mm&r=g\",\"caption\":\"edicionweb\"}}]}<\/script>\n<!-- \/ Yoast SEO plugin. -->","yoast_head_json":{"title":"80 a\u00f1os de ser \"La madre de todas las bandas\" - Canal 7 SLP - 2019","robots":{"index":"index","follow":"follow","max-snippet":"max-snippet:-1","max-image-preview":"max-image-preview:large","max-video-preview":"max-video-preview:-1"},"canonical":"https:\/\/canal7slp.tv\/2019\/80-anos-de-ser-la-madre-de-todas-las-bandas\/","og_locale":"es_ES","og_type":"article","og_title":"80 a\u00f1os de ser \"La madre de todas las bandas\" - Canal 7 SLP - 2019","og_description":"Banda El Recodo est\u00e1 de manteles largos, festejar\u00e1 su trayectoria en las Fiestas de Octubre, donde compartir\u00e1 el escenario con un viejo conocido: Julio Preciado M\u00e9xico.- De los buenos y malos momentos siempre se aprende y para La Banda El Recodo todas las experiencias han contribuido para forjar un legado con m\u00e1s de 80 a\u00f1os [&hellip;]","og_url":"https:\/\/canal7slp.tv\/2019\/80-anos-de-ser-la-madre-de-todas-las-bandas\/","og_site_name":"Canal 7 SLP - 2019","article_publisher":"https:\/\/www.facebook.com\/CANAL7SLP\/","article_published_time":"2019-10-04T18:46:47+00:00","og_image":[{"width":770,"height":485,"url":"https:\/\/canal7slp.tv\/2019\/wp-content\/uploads\/2019\/10\/1350-3.jpg","type":"image\/jpeg"}],"author":"edicionweb","twitter_card":"summary_large_image","twitter_creator":"@canal7_slp","twitter_site":"@canal7_slp","twitter_misc":{"Escrito por":"edicionweb","Tiempo de lectura":"3 minutos"},"schema":{"@context":"https:\/\/schema.org","@graph":[{"@type":"Article","@id":"https:\/\/canal7slp.tv\/2019\/80-anos-de-ser-la-madre-de-todas-las-bandas\/#article","isPartOf":{"@id":"https:\/\/canal7slp.tv\/2019\/80-anos-de-ser-la-madre-de-todas-las-bandas\/"},"author":{"name":"edicionweb","@id":"https:\/\/canal7slp.tv\/2019\/#\/schema\/person\/11d941c1c6ca30ac0a46b95fa37aa2e3"},"headline":"80 a\u00f1os de ser &#8220;La madre de todas las bandas&#8221;","datePublished":"2019-10-04T18:46:47+00:00","mainEntityOfPage":{"@id":"https:\/\/canal7slp.tv\/2019\/80-anos-de-ser-la-madre-de-todas-las-bandas\/"},"wordCount":631,"commentCount":0,"publisher":{"@id":"https:\/\/canal7slp.tv\/2019\/#organization"},"image":{"@id":"https:\/\/canal7slp.tv\/2019\/80-anos-de-ser-la-madre-de-todas-las-bandas\/#primaryimage"},"thumbnailUrl":"https:\/\/canal7slp.tv\/2019\/wp-content\/uploads\/2019\/10\/1350-3.jpg","articleSection":["ESPECTACULOS"],"inLanguage":"es","potentialAction":[{"@type":"CommentAction","name":"Comment","target":["https:\/\/canal7slp.tv\/2019\/80-anos-de-ser-la-madre-de-todas-las-bandas\/#respond"]}]},{"@type":"WebPage","@id":"https:\/\/canal7slp.tv\/2019\/80-anos-de-ser-la-madre-de-todas-las-bandas\/","url":"https:\/\/canal7slp.tv\/2019\/80-anos-de-ser-la-madre-de-todas-las-bandas\/","name":"80 a\u00f1os de ser \"La madre de todas las bandas\" - Canal 7 SLP - 2019","isPartOf":{"@id":"https:\/\/canal7slp.tv\/2019\/#website"},"primaryImageOfPage":{"@id":"https:\/\/canal7slp.tv\/2019\/80-anos-de-ser-la-madre-de-todas-las-bandas\/#primaryimage"},"image":{"@id":"https:\/\/canal7slp.tv\/2019\/80-anos-de-ser-la-madre-de-todas-las-bandas\/#primaryimage"},"thumbnailUrl":"https:\/\/canal7slp.tv\/2019\/wp-content\/uploads\/2019\/10\/1350-3.jpg","datePublished":"2019-10-04T18:46:47+00:00","breadcrumb":{"@id":"https:\/\/canal7slp.tv\/2019\/80-anos-de-ser-la-madre-de-todas-las-bandas\/#breadcrumb"},"inLanguage":"es","potentialAction":[{"@type":"ReadAction","target":["https:\/\/canal7slp.tv\/2019\/80-anos-de-ser-la-madre-de-todas-las-bandas\/"]}]},{"@type":"ImageObject","inLanguage":"es","@id":"https:\/\/canal7slp.tv\/2019\/80-anos-de-ser-la-madre-de-todas-las-bandas\/#primaryimage","url":"https:\/\/canal7slp.tv\/2019\/wp-content\/uploads\/2019\/10\/1350-3.jpg","contentUrl":"https:\/\/canal7slp.tv\/2019\/wp-content\/uploads\/2019\/10\/1350-3.jpg","width":770,"height":485},{"@type":"BreadcrumbList","@id":"https:\/\/canal7slp.tv\/2019\/80-anos-de-ser-la-madre-de-todas-las-bandas\/#breadcrumb","itemListElement":[{"@type":"ListItem","position":1,"name":"Home","item":"https:\/\/canal7slp.tv\/2019\/"},{"@type":"ListItem","position":2,"name":"80 a\u00f1os de ser &#8220;La madre de todas las bandas&#8221;"}]},{"@type":"WebSite","@id":"https:\/\/canal7slp.tv\/2019\/#website","url":"https:\/\/canal7slp.tv\/2019\/","name":"Canal 7 SLP - Somos TV","description":"Somos un Canal de 10","publisher":{"@id":"https:\/\/canal7slp.tv\/2019\/#organization"},"potentialAction":[{"@type":"SearchAction","target":{"@type":"EntryPoint","urlTemplate":"https:\/\/canal7slp.tv\/2019\/?s={search_term_string}"},"query-input":{"@type":"PropertyValueSpecification","valueRequired":true,"valueName":"search_term_string"}}],"inLanguage":"es"},{"@type":"Organization","@id":"https:\/\/canal7slp.tv\/2019\/#organization","name":"Comunicaci\u00f3n 2000 S.A. de C.V.","url":"https:\/\/canal7slp.tv\/2019\/","logo":{"@type":"ImageObject","inLanguage":"es","@id":"https:\/\/canal7slp.tv\/2019\/#\/schema\/logo\/image\/","url":"https:\/\/canal7slp.tv\/2019\/wp-content\/uploads\/2019\/07\/logo-c7.png","contentUrl":"https:\/\/canal7slp.tv\/2019\/wp-content\/uploads\/2019\/07\/logo-c7.png","width":220,"height":60,"caption":"Comunicaci\u00f3n 2000 S.A. de C.V."},"image":{"@id":"https:\/\/canal7slp.tv\/2019\/#\/schema\/logo\/image\/"},"sameAs":["https:\/\/www.facebook.com\/CANAL7SLP\/","https:\/\/x.com\/canal7_slp","https:\/\/www.instagram.com\/canal7_slp","https:\/\/www.youtube.com\/user\/NOTICIEROSCANAL7SLP\/"]},{"@type":"Person","@id":"https:\/\/canal7slp.tv\/2019\/#\/schema\/person\/11d941c1c6ca30ac0a46b95fa37aa2e3","name":"edicionweb","image":{"@type":"ImageObject","inLanguage":"es","@id":"https:\/\/secure.gravatar.com\/avatar\/eee448fc3f7164808013b816ba91ac7e43bbe82a70bebac296f8bc6f0addaa1a?s=96&d=mm&r=g","url":"https:\/\/secure.gravatar.com\/avatar\/eee448fc3f7164808013b816ba91ac7e43bbe82a70bebac296f8bc6f0addaa1a?s=96&d=mm&r=g","contentUrl":"https:\/\/secure.gravatar.com\/avatar\/eee448fc3f7164808013b816ba91ac7e43bbe82a70bebac296f8bc6f0addaa1a?s=96&d=mm&r=g","caption":"edicionweb"}}]}},"amp_enabled":true,"cmb2":{"video_ids_in_playlist":{"vid_p_videos":""},"video_ids_in_channel":{"vid_c_videos":""},"playlist_ids_in_channel":{"vid_c_playlists":""},"series_ids_in_channel":{"vid_c_series":""},"channel_images":{"vid_c_logo":"","vid_c_banner":""},"poster_feature_image":{"vid_m_poster_image":""},"gif_feature_image":{"vid_m_gif_image":""},"video_movie_settings":{"vid_m_director":"","vid_m_actor":"","vid_m_imdb_ratings":"","vid_m_amazon_associates":""},"vid_youtube_broadcasts_settings":{"vid_yb_broadcast_title":"","vid_yb_q":"","vid_yb_channelid":"","vid_yb_videocategoryid":"","vid_yb_maxresults":"","vid_yb_order":"","vid_yb_regioncode":"","vid_yb_videosyndicated":"","vid_yb_style":"","vid_yb_reload_first":""},"video_series_settings":{"vid_m_director":"","vid_m_actor":"","vid_m_imdb_ratings":"","video_series_group":""},"amazon_associates_settings":{"amazon_associates":"","amazon_native_ad":""},"vid_youtube_automatic_settings":{"vid_ya_youtube_source":"","vid_ya_update_every":"","vid_ya_update_unit":"","vid_ya_categories":"","vid_ya_published_after":"","vid_ya_published_before":"","vid_ya_playlists":"","vid_ya_channels":"","vid_ya_director":"","vid_ya_actor":"","vid_ya_author":"","vid_ya_import_post_date":"","vid_ya_status":"","vid_ya_sub_api_key":""},"vid_ads_m_videoads_settings_post":{"vid_ads_m_video_ads":"","vid_ads_m_video_ads_type":"","vid_ads_m_group_google_ima":"","vid_ads_m_group_image":"","vid_ads_m_group_html5_video":"","vid_ads_m_group_html":"","vid_ads_m_vast_preroll":"","vid_ads_m_vast_postroll":"","vid_ads_m_vast_pauseroll":"","vid_ads_m_vast_midroll":[{"vid_ads_m_vast_timer_seconds":"50"}],"vid_ads_m_time_to_show_ads":"","vid_ads_m_time_skip_ads":"","vid_ads_m_time_to_hide_ads":""},"page_slider_settings":{"display_slider_group":"","page_slider_group":""},"blog_page_settings":{"blog_page_title":"","blog_page_heading":"","blog_page_ic":"","blog_page_it":"","blog_page_ec":"","blog_page_ip":"","archive_loop_style":"","blog_image_ratio":"","blog_show_categories":"","blog_show_excerpt":"","blog_show_author":"","blog_show_date":"","blog_show_comment_count":"","blog_show_view_count":"","blog_show_like_count":"","blog_show_dislike_count":"","blog_items_per_page":"","blog_pag_type":""},"page_options":{"get_page_template":"","color_mode":"","main_layout":"","main_layout_full_with":"","main_logo":"","main_logo_retina":"","main_logo_mobile":"","main_logo_mobile_retina":"","sticky_logo":"","sticky_logo_retina":"","main_nav_layout":"","ajax_search":"","header_background":"","theme_sidebar":"","instagram_feed":"","instagram_feed_position":"","popular_videos":"","popular_videos_title_1":"","popular_videos_title_2":"","popular_videos_ic":"","popular_videos_it":"","theme_background":"","page_custom_css":""},"feature_image_settings":{"feature_image_position":""},"video_player_settings":{"single_video_style":"","video_player_position":"","vm_video_url":"","video_player_library":"","video_streaming":"","vm_media_sources":"","vid_auto_play":"","vm_video_shortcode":"","vid_p_sync_playlist":"","vid_c_sync_channel":"","get_post_format":"","multiple_links_structure":"default","multi_links_title":"","vm_video_multi_links":"","vm_duration":"","vid_social_locker":"off","vid_social_locker_id":"","vid_membership_action":"content-video","vm_video_trailer_url":"","vid_download_type":"free","vid_download_target":"download","vid_woo_product":"","vm_media_download":"","user_rating":"","user_rating_position":"","user_rating_mode":"","user_rating_multi_sets":""},"video_auto_fetch_settings":{"vm_video_fetch":"on"},"video_fake_views_likes":{"vm_fake_views":"","vm_fake_likes":"","vm_fake_dislikes":""},"gallery_settings":{"gallery_position":""},"quote_settings":{"quote_position":""},"post_options":{"main_layout":"","main_logo":"","main_logo_retina":"","main_logo_mobile":"","main_logo_mobile_retina":"","sticky_logo":"","sticky_logo_retina":"","main_nav_layout":"","header_background":"","theme_sidebar":"","single_post_comment_type":"","theme_background":""}},"_links":{"self":[{"href":"https:\/\/canal7slp.tv\/2019\/wp-json\/wp\/v2\/posts\/72698","targetHints":{"allow":["GET"]}}],"collection":[{"href":"https:\/\/canal7slp.tv\/2019\/wp-json\/wp\/v2\/posts"}],"about":[{"href":"https:\/\/canal7slp.tv\/2019\/wp-json\/wp\/v2\/types\/post"}],"author":[{"embeddable":true,"href":"https:\/\/canal7slp.tv\/2019\/wp-json\/wp\/v2\/users\/2"}],"replies":[{"embeddable":true,"href":"https:\/\/canal7slp.tv\/2019\/wp-json\/wp\/v2\/comments?post=72698"}],"version-history":[{"count":0,"href":"https:\/\/canal7slp.tv\/2019\/wp-json\/wp\/v2\/posts\/72698\/revisions"}],"wp:featuredmedia":[{"embeddable":true,"href":"https:\/\/canal7slp.tv\/2019\/wp-json\/wp\/v2\/media\/72699"}],"wp:attachment":[{"href":"https:\/\/canal7slp.tv\/2019\/wp-json\/wp\/v2\/media?parent=72698"}],"wp:term":[{"taxonomy":"category","embeddable":true,"href":"https:\/\/canal7slp.tv\/2019\/wp-json\/wp\/v2\/categories?post=72698"},{"taxonomy":"post_tag","embeddable":true,"href":"https:\/\/canal7slp.tv\/2019\/wp-json\/wp\/v2\/tags?post=72698"}],"curies":[{"name":"wp","href":"https:\/\/api.w.org\/{rel}","templated":true}]}}