{"id":7268,"date":"2019-06-05T15:12:14","date_gmt":"2019-06-05T20:12:14","guid":{"rendered":"https:\/\/canal7slp.tv\/2019\/?p=7268"},"modified":"2019-06-05T15:12:14","modified_gmt":"2019-06-05T20:12:14","slug":"mexico-debe-buscar-un-traje-a-la-medida-en-materia-de-conectividad","status":"publish","type":"post","link":"https:\/\/canal7slp.tv\/2019\/mexico-debe-buscar-un-traje-a-la-medida-en-materia-de-conectividad\/","title":{"rendered":"M\u00e9xico debe buscar un \u201ctraje a la medida\u201d en materia de conectividad"},"content":{"rendered":"<p style=\"text-align: justify\">M\u00e9xico.- El comisionado presidente del Instituto Federal de Telecomunicaciones (Ifetel), Gabriel Contreras, afirm\u00f3 que para llevar conectividad a zonas m\u00e1s alejadas del pa\u00eds las soluciones son muy variables, por lo que se debe poner atenci\u00f3n a las buenas y malas experiencias internacionales.<\/p>\n<p style=\"text-align: justify\">\u201cEl presidente (Andr\u00e9s Manuel L\u00f3pez Obrador) tiene raz\u00f3n: el mercado no ha llegado y dif\u00edcilmente llegar\u00e1 a esos lugares donde no hay conectividad, porque son comunidades de muy alta marginaci\u00f3n, porque llevar infraestructura hasta all\u00e1, por las condiciones geogr\u00e1ficas y de terreno, lo hacen especialmente costoso y no hay retorno a la inversi\u00f3n\u201d, se\u00f1al\u00f3.<\/p>\n<p style=\"text-align: justify\">Uno de los proyectos m\u00e1s importantes de la actual administraci\u00f3n es llevar conectividad a zonas m\u00e1s apartadas, y para eso han anunciado que se licitar\u00e1n dos hilos de fibra \u00f3ptica de la Comisi\u00f3n Federal de Electricidad (CFE), y en caso de que no haya inter\u00e9s, el gobierno crear\u00e1 una empresa.<\/p>\n<p style=\"text-align: justify\">\u201cEs necesario que el Estado lleve a cabo acciones y proyectos para llevar esa conectividad, y en el mundo hay muchas alternativas\u201d, declar\u00f3 el comisionado presidente del Ifetel en entrevista con\u00a0<strong>Notimex<\/strong>.<\/p>\n<p style=\"text-align: justify\">Expuso que algunos pa\u00edses han optado por fondos de cobertura, por ejemplo, mientras otros etiquetan recursos de las contribuciones para ayudar.<\/p>\n<p style=\"text-align: justify\">Sin embargo, consider\u00f3 que el hecho de que el pa\u00eds termine bien cubierto con las redes de \u00faltima generaci\u00f3n, no significa que todas las personas tengan acceso a la conectividad, pues tambi\u00e9n hay que ayudarlos a que tengan un dispositivo que les permita conectarse y tambi\u00e9n ver cu\u00e1nto les costar\u00e1 conectarse.<\/p>\n<p style=\"text-align: justify\">&#8220;No podemos olvidar que las condiciones de penetraci\u00f3n, de accesibilidad y apropiaci\u00f3n de tecnolog\u00edas no son ajenas a las condiciones econ\u00f3micas de un pa\u00eds\u201d.<\/p>\n<p style=\"text-align: justify\">El comisionado presidente del Ifetel\u00a0dijo que ha habido modelos en los que se cuenta con una empresa para llevar conectividad, pero consider\u00f3 oportuno que se revisen todas las alternativas que un pa\u00eds como M\u00e9xico debe aprovechar.<\/p>\n<p style=\"text-align: justify\">\u201cLa experiencia es muy amplia y es un men\u00fa demasiado amplio: podemos hablar desde subsidios a la oferta, subsidios al consumo, subastas invertidas, fondos p\u00fablicos, empresas p\u00fablicas, asociaciones p\u00fablico-privadas\u201d.<\/p>\n<p style=\"text-align: justify\">Contreras Sald\u00edvar resalt\u00f3 que\u00a0no una sola tecnolog\u00eda es la que puede llegar a un solo lugar: \u201cse pueden utilizar, por ejemplo, modelos satelitales para conectividad rural, est\u00e1n demostrando ser exitoso en algunos lugares del mundo\u201d.<\/p>\n<p style=\"text-align: justify\">\u201cEs un men\u00fa muy grande, aprovechemos la experiencia internacional, veamos cu\u00e1l es el traje que mejor le queda al pa\u00eds como un traje a la medida para los programas y en eso no hay que descartar ninguna alternativa\u201d, abund\u00f3.<\/p>\n<p style=\"text-align: justify\">Sostuvo que la tarea del \u00f3rgano regulador es otorgar un t\u00edtulo habilitante al Estado, lo cual ya est\u00e1 establecido en la legislaci\u00f3n.<\/p>\n<p style=\"text-align: justify\">\u201cEl Ifetel puede otorgar concesiones de uso p\u00fablico, precisamente para que se cumpla con una funci\u00f3n p\u00fablica, incluso, concesiones de uso comercial para entes p\u00fablicos\u2026son reg\u00edmenes que est\u00e1n establecidos en la ley con muchas peculiaridades que habr\u00e1 que cumplir, pero claramente se encuentra en el marco jur\u00eddico, son todas las alternativas que tenemos que aprovechar\u201d, finaliz\u00f3.<\/p>\n","protected":false},"excerpt":{"rendered":"<p>M\u00e9xico.- El comisionado presidente del Instituto Federal de Telecomunicaciones (Ifetel), Gabriel Contreras, afirm\u00f3 que para llevar conectividad a zonas m\u00e1s alejadas del pa\u00eds las soluciones son muy variables, por lo que se debe poner atenci\u00f3n a las buenas y malas experiencias internacionales. \u201cEl presidente (Andr\u00e9s Manuel L\u00f3pez Obrador) tiene raz\u00f3n: el mercado no ha llegado [&hellip;]<\/p>\n","protected":false},"author":2,"featured_media":7270,"comment_status":"open","ping_status":"closed","sticky":false,"template":"","format":"standard","meta":{"footnotes":""},"categories":[98],"tags":[],"class_list":["post-7268","post","type-post","status-publish","format-standard","has-post-thumbnail","hentry","category-finanzas"],"yoast_head":"<!-- This site is optimized with the Yoast SEO plugin v27.5 - https:\/\/yoast.com\/product\/yoast-seo-wordpress\/ -->\n<title>M\u00e9xico debe buscar un \u201ctraje a la medida\u201d en materia de conectividad - Canal 7 SLP - 2019<\/title>\n<meta name=\"robots\" content=\"index, follow, max-snippet:-1, max-image-preview:large, max-video-preview:-1\" \/>\n<link rel=\"canonical\" href=\"https:\/\/canal7slp.tv\/2019\/mexico-debe-buscar-un-traje-a-la-medida-en-materia-de-conectividad\/\" \/>\n<meta property=\"og:locale\" content=\"es_ES\" \/>\n<meta property=\"og:type\" content=\"article\" \/>\n<meta property=\"og:title\" content=\"M\u00e9xico debe buscar un \u201ctraje a la medida\u201d en materia de conectividad - Canal 7 SLP - 2019\" \/>\n<meta property=\"og:description\" content=\"M\u00e9xico.- El comisionado presidente del Instituto Federal de Telecomunicaciones (Ifetel), Gabriel Contreras, afirm\u00f3 que para llevar conectividad a zonas m\u00e1s alejadas del pa\u00eds las soluciones son muy variables, por lo que se debe poner atenci\u00f3n a las buenas y malas experiencias internacionales. \u201cEl presidente (Andr\u00e9s Manuel L\u00f3pez Obrador) tiene raz\u00f3n: el mercado no ha llegado [&hellip;]\" \/>\n<meta property=\"og:url\" content=\"https:\/\/canal7slp.tv\/2019\/mexico-debe-buscar-un-traje-a-la-medida-en-materia-de-conectividad\/\" \/>\n<meta property=\"og:site_name\" content=\"Canal 7 SLP - 2019\" \/>\n<meta property=\"article:publisher\" content=\"https:\/\/www.facebook.com\/CANAL7SLP\/\" \/>\n<meta property=\"article:published_time\" content=\"2019-06-05T20:12:14+00:00\" \/>\n<meta property=\"og:image\" content=\"https:\/\/canal7slp.tv\/2019\/wp-content\/uploads\/2019\/06\/06-4.jpg\" \/>\n\t<meta property=\"og:image:width\" content=\"680\" \/>\n\t<meta property=\"og:image:height\" content=\"454\" \/>\n\t<meta property=\"og:image:type\" content=\"image\/jpeg\" \/>\n<meta name=\"author\" content=\"edicionweb\" \/>\n<meta name=\"twitter:card\" content=\"summary_large_image\" \/>\n<meta name=\"twitter:creator\" content=\"@canal7_slp\" \/>\n<meta name=\"twitter:site\" content=\"@canal7_slp\" \/>\n<meta name=\"twitter:label1\" content=\"Escrito por\" \/>\n\t<meta name=\"twitter:data1\" content=\"edicionweb\" \/>\n\t<meta name=\"twitter:label2\" content=\"Tiempo de lectura\" \/>\n\t<meta name=\"twitter:data2\" content=\"3 minutos\" \/>\n<script type=\"application\/ld+json\" class=\"yoast-schema-graph\">{\"@context\":\"https:\\\/\\\/schema.org\",\"@graph\":[{\"@type\":\"Article\",\"@id\":\"https:\\\/\\\/canal7slp.tv\\\/2019\\\/mexico-debe-buscar-un-traje-a-la-medida-en-materia-de-conectividad\\\/#article\",\"isPartOf\":{\"@id\":\"https:\\\/\\\/canal7slp.tv\\\/2019\\\/mexico-debe-buscar-un-traje-a-la-medida-en-materia-de-conectividad\\\/\"},\"author\":{\"name\":\"edicionweb\",\"@id\":\"https:\\\/\\\/canal7slp.tv\\\/2019\\\/#\\\/schema\\\/person\\\/11d941c1c6ca30ac0a46b95fa37aa2e3\"},\"headline\":\"M\u00e9xico debe buscar un \u201ctraje a la medida\u201d en materia de conectividad\",\"datePublished\":\"2019-06-05T20:12:14+00:00\",\"mainEntityOfPage\":{\"@id\":\"https:\\\/\\\/canal7slp.tv\\\/2019\\\/mexico-debe-buscar-un-traje-a-la-medida-en-materia-de-conectividad\\\/\"},\"wordCount\":556,\"commentCount\":0,\"publisher\":{\"@id\":\"https:\\\/\\\/canal7slp.tv\\\/2019\\\/#organization\"},\"image\":{\"@id\":\"https:\\\/\\\/canal7slp.tv\\\/2019\\\/mexico-debe-buscar-un-traje-a-la-medida-en-materia-de-conectividad\\\/#primaryimage\"},\"thumbnailUrl\":\"https:\\\/\\\/canal7slp.tv\\\/2019\\\/wp-content\\\/uploads\\\/2019\\\/06\\\/06-4.jpg\",\"articleSection\":[\"FINANZAS\"],\"inLanguage\":\"es\",\"potentialAction\":[{\"@type\":\"CommentAction\",\"name\":\"Comment\",\"target\":[\"https:\\\/\\\/canal7slp.tv\\\/2019\\\/mexico-debe-buscar-un-traje-a-la-medida-en-materia-de-conectividad\\\/#respond\"]}]},{\"@type\":\"WebPage\",\"@id\":\"https:\\\/\\\/canal7slp.tv\\\/2019\\\/mexico-debe-buscar-un-traje-a-la-medida-en-materia-de-conectividad\\\/\",\"url\":\"https:\\\/\\\/canal7slp.tv\\\/2019\\\/mexico-debe-buscar-un-traje-a-la-medida-en-materia-de-conectividad\\\/\",\"name\":\"M\u00e9xico debe buscar un \u201ctraje a la medida\u201d en materia de conectividad - Canal 7 SLP - 2019\",\"isPartOf\":{\"@id\":\"https:\\\/\\\/canal7slp.tv\\\/2019\\\/#website\"},\"primaryImageOfPage\":{\"@id\":\"https:\\\/\\\/canal7slp.tv\\\/2019\\\/mexico-debe-buscar-un-traje-a-la-medida-en-materia-de-conectividad\\\/#primaryimage\"},\"image\":{\"@id\":\"https:\\\/\\\/canal7slp.tv\\\/2019\\\/mexico-debe-buscar-un-traje-a-la-medida-en-materia-de-conectividad\\\/#primaryimage\"},\"thumbnailUrl\":\"https:\\\/\\\/canal7slp.tv\\\/2019\\\/wp-content\\\/uploads\\\/2019\\\/06\\\/06-4.jpg\",\"datePublished\":\"2019-06-05T20:12:14+00:00\",\"breadcrumb\":{\"@id\":\"https:\\\/\\\/canal7slp.tv\\\/2019\\\/mexico-debe-buscar-un-traje-a-la-medida-en-materia-de-conectividad\\\/#breadcrumb\"},\"inLanguage\":\"es\",\"potentialAction\":[{\"@type\":\"ReadAction\",\"target\":[\"https:\\\/\\\/canal7slp.tv\\\/2019\\\/mexico-debe-buscar-un-traje-a-la-medida-en-materia-de-conectividad\\\/\"]}]},{\"@type\":\"ImageObject\",\"inLanguage\":\"es\",\"@id\":\"https:\\\/\\\/canal7slp.tv\\\/2019\\\/mexico-debe-buscar-un-traje-a-la-medida-en-materia-de-conectividad\\\/#primaryimage\",\"url\":\"https:\\\/\\\/canal7slp.tv\\\/2019\\\/wp-content\\\/uploads\\\/2019\\\/06\\\/06-4.jpg\",\"contentUrl\":\"https:\\\/\\\/canal7slp.tv\\\/2019\\\/wp-content\\\/uploads\\\/2019\\\/06\\\/06-4.jpg\",\"width\":680,\"height\":454},{\"@type\":\"BreadcrumbList\",\"@id\":\"https:\\\/\\\/canal7slp.tv\\\/2019\\\/mexico-debe-buscar-un-traje-a-la-medida-en-materia-de-conectividad\\\/#breadcrumb\",\"itemListElement\":[{\"@type\":\"ListItem\",\"position\":1,\"name\":\"Home\",\"item\":\"https:\\\/\\\/canal7slp.tv\\\/2019\\\/\"},{\"@type\":\"ListItem\",\"position\":2,\"name\":\"M\u00e9xico debe buscar un \u201ctraje a la medida\u201d en materia de conectividad\"}]},{\"@type\":\"WebSite\",\"@id\":\"https:\\\/\\\/canal7slp.tv\\\/2019\\\/#website\",\"url\":\"https:\\\/\\\/canal7slp.tv\\\/2019\\\/\",\"name\":\"Canal 7 SLP - Somos TV\",\"description\":\"Somos un Canal de 10\",\"publisher\":{\"@id\":\"https:\\\/\\\/canal7slp.tv\\\/2019\\\/#organization\"},\"potentialAction\":[{\"@type\":\"SearchAction\",\"target\":{\"@type\":\"EntryPoint\",\"urlTemplate\":\"https:\\\/\\\/canal7slp.tv\\\/2019\\\/?s={search_term_string}\"},\"query-input\":{\"@type\":\"PropertyValueSpecification\",\"valueRequired\":true,\"valueName\":\"search_term_string\"}}],\"inLanguage\":\"es\"},{\"@type\":\"Organization\",\"@id\":\"https:\\\/\\\/canal7slp.tv\\\/2019\\\/#organization\",\"name\":\"Comunicaci\u00f3n 2000 S.A. de C.V.\",\"url\":\"https:\\\/\\\/canal7slp.tv\\\/2019\\\/\",\"logo\":{\"@type\":\"ImageObject\",\"inLanguage\":\"es\",\"@id\":\"https:\\\/\\\/canal7slp.tv\\\/2019\\\/#\\\/schema\\\/logo\\\/image\\\/\",\"url\":\"https:\\\/\\\/canal7slp.tv\\\/2019\\\/wp-content\\\/uploads\\\/2019\\\/07\\\/logo-c7.png\",\"contentUrl\":\"https:\\\/\\\/canal7slp.tv\\\/2019\\\/wp-content\\\/uploads\\\/2019\\\/07\\\/logo-c7.png\",\"width\":220,\"height\":60,\"caption\":\"Comunicaci\u00f3n 2000 S.A. de C.V.\"},\"image\":{\"@id\":\"https:\\\/\\\/canal7slp.tv\\\/2019\\\/#\\\/schema\\\/logo\\\/image\\\/\"},\"sameAs\":[\"https:\\\/\\\/www.facebook.com\\\/CANAL7SLP\\\/\",\"https:\\\/\\\/x.com\\\/canal7_slp\",\"https:\\\/\\\/www.instagram.com\\\/canal7_slp\",\"https:\\\/\\\/www.youtube.com\\\/user\\\/NOTICIEROSCANAL7SLP\\\/\"]},{\"@type\":\"Person\",\"@id\":\"https:\\\/\\\/canal7slp.tv\\\/2019\\\/#\\\/schema\\\/person\\\/11d941c1c6ca30ac0a46b95fa37aa2e3\",\"name\":\"edicionweb\",\"image\":{\"@type\":\"ImageObject\",\"inLanguage\":\"es\",\"@id\":\"https:\\\/\\\/secure.gravatar.com\\\/avatar\\\/eee448fc3f7164808013b816ba91ac7e43bbe82a70bebac296f8bc6f0addaa1a?s=96&d=mm&r=g\",\"url\":\"https:\\\/\\\/secure.gravatar.com\\\/avatar\\\/eee448fc3f7164808013b816ba91ac7e43bbe82a70bebac296f8bc6f0addaa1a?s=96&d=mm&r=g\",\"contentUrl\":\"https:\\\/\\\/secure.gravatar.com\\\/avatar\\\/eee448fc3f7164808013b816ba91ac7e43bbe82a70bebac296f8bc6f0addaa1a?s=96&d=mm&r=g\",\"caption\":\"edicionweb\"}}]}<\/script>\n<!-- \/ Yoast SEO plugin. -->","yoast_head_json":{"title":"M\u00e9xico debe buscar un \u201ctraje a la medida\u201d en materia de conectividad - Canal 7 SLP - 2019","robots":{"index":"index","follow":"follow","max-snippet":"max-snippet:-1","max-image-preview":"max-image-preview:large","max-video-preview":"max-video-preview:-1"},"canonical":"https:\/\/canal7slp.tv\/2019\/mexico-debe-buscar-un-traje-a-la-medida-en-materia-de-conectividad\/","og_locale":"es_ES","og_type":"article","og_title":"M\u00e9xico debe buscar un \u201ctraje a la medida\u201d en materia de conectividad - Canal 7 SLP - 2019","og_description":"M\u00e9xico.- El comisionado presidente del Instituto Federal de Telecomunicaciones (Ifetel), Gabriel Contreras, afirm\u00f3 que para llevar conectividad a zonas m\u00e1s alejadas del pa\u00eds las soluciones son muy variables, por lo que se debe poner atenci\u00f3n a las buenas y malas experiencias internacionales. \u201cEl presidente (Andr\u00e9s Manuel L\u00f3pez Obrador) tiene raz\u00f3n: el mercado no ha llegado [&hellip;]","og_url":"https:\/\/canal7slp.tv\/2019\/mexico-debe-buscar-un-traje-a-la-medida-en-materia-de-conectividad\/","og_site_name":"Canal 7 SLP - 2019","article_publisher":"https:\/\/www.facebook.com\/CANAL7SLP\/","article_published_time":"2019-06-05T20:12:14+00:00","og_image":[{"width":680,"height":454,"url":"https:\/\/canal7slp.tv\/2019\/wp-content\/uploads\/2019\/06\/06-4.jpg","type":"image\/jpeg"}],"author":"edicionweb","twitter_card":"summary_large_image","twitter_creator":"@canal7_slp","twitter_site":"@canal7_slp","twitter_misc":{"Escrito por":"edicionweb","Tiempo de lectura":"3 minutos"},"schema":{"@context":"https:\/\/schema.org","@graph":[{"@type":"Article","@id":"https:\/\/canal7slp.tv\/2019\/mexico-debe-buscar-un-traje-a-la-medida-en-materia-de-conectividad\/#article","isPartOf":{"@id":"https:\/\/canal7slp.tv\/2019\/mexico-debe-buscar-un-traje-a-la-medida-en-materia-de-conectividad\/"},"author":{"name":"edicionweb","@id":"https:\/\/canal7slp.tv\/2019\/#\/schema\/person\/11d941c1c6ca30ac0a46b95fa37aa2e3"},"headline":"M\u00e9xico debe buscar un \u201ctraje a la medida\u201d en materia de conectividad","datePublished":"2019-06-05T20:12:14+00:00","mainEntityOfPage":{"@id":"https:\/\/canal7slp.tv\/2019\/mexico-debe-buscar-un-traje-a-la-medida-en-materia-de-conectividad\/"},"wordCount":556,"commentCount":0,"publisher":{"@id":"https:\/\/canal7slp.tv\/2019\/#organization"},"image":{"@id":"https:\/\/canal7slp.tv\/2019\/mexico-debe-buscar-un-traje-a-la-medida-en-materia-de-conectividad\/#primaryimage"},"thumbnailUrl":"https:\/\/canal7slp.tv\/2019\/wp-content\/uploads\/2019\/06\/06-4.jpg","articleSection":["FINANZAS"],"inLanguage":"es","potentialAction":[{"@type":"CommentAction","name":"Comment","target":["https:\/\/canal7slp.tv\/2019\/mexico-debe-buscar-un-traje-a-la-medida-en-materia-de-conectividad\/#respond"]}]},{"@type":"WebPage","@id":"https:\/\/canal7slp.tv\/2019\/mexico-debe-buscar-un-traje-a-la-medida-en-materia-de-conectividad\/","url":"https:\/\/canal7slp.tv\/2019\/mexico-debe-buscar-un-traje-a-la-medida-en-materia-de-conectividad\/","name":"M\u00e9xico debe buscar un \u201ctraje a la medida\u201d en materia de conectividad - Canal 7 SLP - 2019","isPartOf":{"@id":"https:\/\/canal7slp.tv\/2019\/#website"},"primaryImageOfPage":{"@id":"https:\/\/canal7slp.tv\/2019\/mexico-debe-buscar-un-traje-a-la-medida-en-materia-de-conectividad\/#primaryimage"},"image":{"@id":"https:\/\/canal7slp.tv\/2019\/mexico-debe-buscar-un-traje-a-la-medida-en-materia-de-conectividad\/#primaryimage"},"thumbnailUrl":"https:\/\/canal7slp.tv\/2019\/wp-content\/uploads\/2019\/06\/06-4.jpg","datePublished":"2019-06-05T20:12:14+00:00","breadcrumb":{"@id":"https:\/\/canal7slp.tv\/2019\/mexico-debe-buscar-un-traje-a-la-medida-en-materia-de-conectividad\/#breadcrumb"},"inLanguage":"es","potentialAction":[{"@type":"ReadAction","target":["https:\/\/canal7slp.tv\/2019\/mexico-debe-buscar-un-traje-a-la-medida-en-materia-de-conectividad\/"]}]},{"@type":"ImageObject","inLanguage":"es","@id":"https:\/\/canal7slp.tv\/2019\/mexico-debe-buscar-un-traje-a-la-medida-en-materia-de-conectividad\/#primaryimage","url":"https:\/\/canal7slp.tv\/2019\/wp-content\/uploads\/2019\/06\/06-4.jpg","contentUrl":"https:\/\/canal7slp.tv\/2019\/wp-content\/uploads\/2019\/06\/06-4.jpg","width":680,"height":454},{"@type":"BreadcrumbList","@id":"https:\/\/canal7slp.tv\/2019\/mexico-debe-buscar-un-traje-a-la-medida-en-materia-de-conectividad\/#breadcrumb","itemListElement":[{"@type":"ListItem","position":1,"name":"Home","item":"https:\/\/canal7slp.tv\/2019\/"},{"@type":"ListItem","position":2,"name":"M\u00e9xico debe buscar un \u201ctraje a la medida\u201d en materia de conectividad"}]},{"@type":"WebSite","@id":"https:\/\/canal7slp.tv\/2019\/#website","url":"https:\/\/canal7slp.tv\/2019\/","name":"Canal 7 SLP - Somos TV","description":"Somos un Canal de 10","publisher":{"@id":"https:\/\/canal7slp.tv\/2019\/#organization"},"potentialAction":[{"@type":"SearchAction","target":{"@type":"EntryPoint","urlTemplate":"https:\/\/canal7slp.tv\/2019\/?s={search_term_string}"},"query-input":{"@type":"PropertyValueSpecification","valueRequired":true,"valueName":"search_term_string"}}],"inLanguage":"es"},{"@type":"Organization","@id":"https:\/\/canal7slp.tv\/2019\/#organization","name":"Comunicaci\u00f3n 2000 S.A. de C.V.","url":"https:\/\/canal7slp.tv\/2019\/","logo":{"@type":"ImageObject","inLanguage":"es","@id":"https:\/\/canal7slp.tv\/2019\/#\/schema\/logo\/image\/","url":"https:\/\/canal7slp.tv\/2019\/wp-content\/uploads\/2019\/07\/logo-c7.png","contentUrl":"https:\/\/canal7slp.tv\/2019\/wp-content\/uploads\/2019\/07\/logo-c7.png","width":220,"height":60,"caption":"Comunicaci\u00f3n 2000 S.A. de C.V."},"image":{"@id":"https:\/\/canal7slp.tv\/2019\/#\/schema\/logo\/image\/"},"sameAs":["https:\/\/www.facebook.com\/CANAL7SLP\/","https:\/\/x.com\/canal7_slp","https:\/\/www.instagram.com\/canal7_slp","https:\/\/www.youtube.com\/user\/NOTICIEROSCANAL7SLP\/"]},{"@type":"Person","@id":"https:\/\/canal7slp.tv\/2019\/#\/schema\/person\/11d941c1c6ca30ac0a46b95fa37aa2e3","name":"edicionweb","image":{"@type":"ImageObject","inLanguage":"es","@id":"https:\/\/secure.gravatar.com\/avatar\/eee448fc3f7164808013b816ba91ac7e43bbe82a70bebac296f8bc6f0addaa1a?s=96&d=mm&r=g","url":"https:\/\/secure.gravatar.com\/avatar\/eee448fc3f7164808013b816ba91ac7e43bbe82a70bebac296f8bc6f0addaa1a?s=96&d=mm&r=g","contentUrl":"https:\/\/secure.gravatar.com\/avatar\/eee448fc3f7164808013b816ba91ac7e43bbe82a70bebac296f8bc6f0addaa1a?s=96&d=mm&r=g","caption":"edicionweb"}}]}},"amp_enabled":true,"cmb2":{"video_ids_in_playlist":{"vid_p_videos":""},"video_ids_in_channel":{"vid_c_videos":""},"playlist_ids_in_channel":{"vid_c_playlists":""},"series_ids_in_channel":{"vid_c_series":""},"channel_images":{"vid_c_logo":"","vid_c_banner":""},"poster_feature_image":{"vid_m_poster_image":""},"gif_feature_image":{"vid_m_gif_image":""},"video_movie_settings":{"vid_m_director":"","vid_m_actor":"","vid_m_imdb_ratings":"","vid_m_amazon_associates":""},"vid_youtube_broadcasts_settings":{"vid_yb_broadcast_title":"","vid_yb_q":"","vid_yb_channelid":"","vid_yb_videocategoryid":"","vid_yb_maxresults":"","vid_yb_order":"","vid_yb_regioncode":"","vid_yb_videosyndicated":"","vid_yb_style":"","vid_yb_reload_first":""},"video_series_settings":{"vid_m_director":"","vid_m_actor":"","vid_m_imdb_ratings":"","video_series_group":""},"amazon_associates_settings":{"amazon_associates":"","amazon_native_ad":""},"vid_youtube_automatic_settings":{"vid_ya_youtube_source":"","vid_ya_update_every":"","vid_ya_update_unit":"","vid_ya_categories":"","vid_ya_published_after":"","vid_ya_published_before":"","vid_ya_playlists":"","vid_ya_channels":"","vid_ya_director":"","vid_ya_actor":"","vid_ya_author":"","vid_ya_import_post_date":"","vid_ya_status":"","vid_ya_sub_api_key":""},"vid_ads_m_videoads_settings_post":{"vid_ads_m_video_ads":"","vid_ads_m_video_ads_type":"","vid_ads_m_group_google_ima":"","vid_ads_m_group_image":"","vid_ads_m_group_html5_video":"","vid_ads_m_group_html":"","vid_ads_m_vast_preroll":"","vid_ads_m_vast_postroll":"","vid_ads_m_vast_pauseroll":"","vid_ads_m_vast_midroll":[{"vid_ads_m_vast_timer_seconds":"50"}],"vid_ads_m_time_to_show_ads":"","vid_ads_m_time_skip_ads":"","vid_ads_m_time_to_hide_ads":""},"page_slider_settings":{"display_slider_group":"","page_slider_group":""},"blog_page_settings":{"blog_page_title":"","blog_page_heading":"","blog_page_ic":"","blog_page_it":"","blog_page_ec":"","blog_page_ip":"","archive_loop_style":"","blog_image_ratio":"","blog_show_categories":"","blog_show_excerpt":"","blog_show_author":"","blog_show_date":"","blog_show_comment_count":"","blog_show_view_count":"","blog_show_like_count":"","blog_show_dislike_count":"","blog_items_per_page":"","blog_pag_type":""},"page_options":{"get_page_template":"","color_mode":"","main_layout":"","main_layout_full_with":"","main_logo":"","main_logo_retina":"","main_logo_mobile":"","main_logo_mobile_retina":"","sticky_logo":"","sticky_logo_retina":"","main_nav_layout":"","ajax_search":"","header_background":"","theme_sidebar":"","instagram_feed":"","instagram_feed_position":"","popular_videos":"","popular_videos_title_1":"","popular_videos_title_2":"","popular_videos_ic":"","popular_videos_it":"","theme_background":"","page_custom_css":""},"feature_image_settings":{"feature_image_position":""},"video_player_settings":{"single_video_style":"","video_player_position":"","vm_video_url":"","video_player_library":"","video_streaming":"","vm_media_sources":"","vid_auto_play":"","vm_video_shortcode":"","vid_p_sync_playlist":"","vid_c_sync_channel":"","get_post_format":"","multiple_links_structure":"default","multi_links_title":"","vm_video_multi_links":"","vm_duration":"","vid_social_locker":"off","vid_social_locker_id":"","vid_membership_action":"content-video","vm_video_trailer_url":"","vid_download_type":"free","vid_download_target":"download","vid_woo_product":"","vm_media_download":"","user_rating":"","user_rating_position":"","user_rating_mode":"","user_rating_multi_sets":""},"video_auto_fetch_settings":{"vm_video_fetch":"on"},"video_fake_views_likes":{"vm_fake_views":"","vm_fake_likes":"","vm_fake_dislikes":""},"gallery_settings":{"gallery_position":""},"quote_settings":{"quote_position":""},"post_options":{"main_layout":"","main_logo":"","main_logo_retina":"","main_logo_mobile":"","main_logo_mobile_retina":"","sticky_logo":"","sticky_logo_retina":"","main_nav_layout":"","header_background":"","theme_sidebar":"","single_post_comment_type":"","theme_background":""}},"_links":{"self":[{"href":"https:\/\/canal7slp.tv\/2019\/wp-json\/wp\/v2\/posts\/7268","targetHints":{"allow":["GET"]}}],"collection":[{"href":"https:\/\/canal7slp.tv\/2019\/wp-json\/wp\/v2\/posts"}],"about":[{"href":"https:\/\/canal7slp.tv\/2019\/wp-json\/wp\/v2\/types\/post"}],"author":[{"embeddable":true,"href":"https:\/\/canal7slp.tv\/2019\/wp-json\/wp\/v2\/users\/2"}],"replies":[{"embeddable":true,"href":"https:\/\/canal7slp.tv\/2019\/wp-json\/wp\/v2\/comments?post=7268"}],"version-history":[{"count":0,"href":"https:\/\/canal7slp.tv\/2019\/wp-json\/wp\/v2\/posts\/7268\/revisions"}],"wp:featuredmedia":[{"embeddable":true,"href":"https:\/\/canal7slp.tv\/2019\/wp-json\/wp\/v2\/media\/7270"}],"wp:attachment":[{"href":"https:\/\/canal7slp.tv\/2019\/wp-json\/wp\/v2\/media?parent=7268"}],"wp:term":[{"taxonomy":"category","embeddable":true,"href":"https:\/\/canal7slp.tv\/2019\/wp-json\/wp\/v2\/categories?post=7268"},{"taxonomy":"post_tag","embeddable":true,"href":"https:\/\/canal7slp.tv\/2019\/wp-json\/wp\/v2\/tags?post=7268"}],"curies":[{"name":"wp","href":"https:\/\/api.w.org\/{rel}","templated":true}]}}