{"id":7237,"date":"2019-06-05T13:26:42","date_gmt":"2019-06-05T18:26:42","guid":{"rendered":"https:\/\/canal7slp.tv\/2019\/?p=7237"},"modified":"2019-06-05T13:26:42","modified_gmt":"2019-06-05T18:26:42","slug":"avanza-investigacion-sobre-caida-de-helicoptero-en-puebla-jimenez-espriu","status":"publish","type":"post","link":"https:\/\/canal7slp.tv\/2019\/avanza-investigacion-sobre-caida-de-helicoptero-en-puebla-jimenez-espriu\/","title":{"rendered":"Avanza investigaci\u00f3n sobre ca\u00edda de helic\u00f3ptero en Puebla: Jim\u00e9nez Espri\u00fa"},"content":{"rendered":"<p style=\"text-align: justify\">M\u00e9xico.- El secretario de Comunicaciones y Transportes, Javier Jim\u00e9nez Espri\u00fa, adelant\u00f3 que la pr\u00f3xima semana se dar\u00edan a conocer avances de la investigaci\u00f3n en torno a la ca\u00edda del helic\u00f3ptero en el que viajaban la gobernadora de Puebla, Martha Erika Alonso, y su esposo el senador, Rafael Moreno Valle.<\/p>\n<p style=\"text-align: justify\">\u201cTambi\u00e9n hay avances sobre las investigaciones (de los hechos ocurridos el 24 de diciembre de 2018) y muy probablemente se den a conocer la pr\u00f3xima semana\u201d, anot\u00f3 el funcionario\u00a0en entrevista previa a su encuentro privado en Palacio Nacional con el presidente Andr\u00e9s Manuel L\u00f3pez Obrador.<\/p>\n<p style=\"text-align: justify\">Sobre el amparo interpuesto para suspender el inicio de los trabajos del aeropuerto en Santa Luc\u00eda, coment\u00f3 que se present\u00f3 la manifestaci\u00f3n de impacto ambiental, &#8220;esto est\u00e1 en la Semarnat, lo est\u00e1 analizando y nos dijeron desde un principio y as\u00ed se avis\u00f3 (\u2026) que alrededor de fin del mes de junio estar\u00eda la manifestaci\u00f3n del impacto ambiental\u201d.<\/p>\n<p style=\"text-align: justify\">En opini\u00f3n de Jim\u00e9nez Espri\u00fa el amparo busca suspender unas obras que a\u00fan no han iniciado;\u00a0\u201cla cuesti\u00f3n del amparo, me imagino es que trata de decir: si no hay las respuestas de Semarnat y del impacto ambiental no pueden construir, cosa con la que estamos totalmente de acuerdo\u201d, coment\u00f3.<\/p>\n<p style=\"text-align: justify\">En torno a los drones que sobrevuelan los terrenos donde se pretende construir el Aeropuerto Internacional Felipe \u00c1ngeles, el titular de la Secretar\u00eda de Comunicaciones y Transportes (SCT) indic\u00f3 que se revisa el caso, aunque dijo desconocer desde cu\u00e1ndo se realiza esa pr\u00e1ctica.<\/p>\n<p style=\"text-align: justify\">Sobre los supuestos hallazgos de restos de mamuts en la zona del nuevo aeropuerto, por parte del Instituto Nacional de Antropolog\u00eda e Historia (INAH), coment\u00f3 que no conoce el contenido del referido estudio.<\/p>\n<p style=\"text-align: justify\">\u201cLo veremos desde luego, siempre rescataremos los temas adecuados. No habr\u00e1 ninguna afectaci\u00f3n a cosas que no deban afectarse\u201d,\u00a0dijo el secretario de Comunicaciones.<\/p>\n","protected":false},"excerpt":{"rendered":"<p>M\u00e9xico.- El secretario de Comunicaciones y Transportes, Javier Jim\u00e9nez Espri\u00fa, adelant\u00f3 que la pr\u00f3xima semana se dar\u00edan a conocer avances de la investigaci\u00f3n en torno a la ca\u00edda del helic\u00f3ptero en el que viajaban la gobernadora de Puebla, Martha Erika Alonso, y su esposo el senador, Rafael Moreno Valle. \u201cTambi\u00e9n hay avances sobre las investigaciones [&hellip;]<\/p>\n","protected":false},"author":2,"featured_media":7240,"comment_status":"open","ping_status":"closed","sticky":false,"template":"","format":"standard","meta":{"footnotes":""},"categories":[30],"tags":[],"class_list":["post-7237","post","type-post","status-publish","format-standard","has-post-thumbnail","hentry","category-nacional"],"yoast_head":"<!-- This site is optimized with the Yoast SEO plugin v27.5 - https:\/\/yoast.com\/product\/yoast-seo-wordpress\/ -->\n<title>Avanza investigaci\u00f3n sobre ca\u00edda de helic\u00f3ptero en Puebla: Jim\u00e9nez Espri\u00fa - Canal 7 SLP - 2019<\/title>\n<meta name=\"robots\" content=\"index, follow, max-snippet:-1, max-image-preview:large, max-video-preview:-1\" \/>\n<link rel=\"canonical\" href=\"https:\/\/canal7slp.tv\/2019\/avanza-investigacion-sobre-caida-de-helicoptero-en-puebla-jimenez-espriu\/\" \/>\n<meta property=\"og:locale\" content=\"es_ES\" \/>\n<meta property=\"og:type\" content=\"article\" \/>\n<meta property=\"og:title\" content=\"Avanza investigaci\u00f3n sobre ca\u00edda de helic\u00f3ptero en Puebla: Jim\u00e9nez Espri\u00fa - Canal 7 SLP - 2019\" \/>\n<meta property=\"og:description\" content=\"M\u00e9xico.- El secretario de Comunicaciones y Transportes, Javier Jim\u00e9nez Espri\u00fa, adelant\u00f3 que la pr\u00f3xima semana se dar\u00edan a conocer avances de la investigaci\u00f3n en torno a la ca\u00edda del helic\u00f3ptero en el que viajaban la gobernadora de Puebla, Martha Erika Alonso, y su esposo el senador, Rafael Moreno Valle. \u201cTambi\u00e9n hay avances sobre las investigaciones [&hellip;]\" \/>\n<meta property=\"og:url\" content=\"https:\/\/canal7slp.tv\/2019\/avanza-investigacion-sobre-caida-de-helicoptero-en-puebla-jimenez-espriu\/\" \/>\n<meta property=\"og:site_name\" content=\"Canal 7 SLP - 2019\" \/>\n<meta property=\"article:publisher\" content=\"https:\/\/www.facebook.com\/CANAL7SLP\/\" \/>\n<meta property=\"article:published_time\" content=\"2019-06-05T18:26:42+00:00\" \/>\n<meta property=\"og:image\" content=\"https:\/\/canal7slp.tv\/2019\/wp-content\/uploads\/2019\/06\/09-2.jpg\" \/>\n\t<meta property=\"og:image:width\" content=\"2048\" \/>\n\t<meta property=\"og:image:height\" content=\"1366\" \/>\n\t<meta property=\"og:image:type\" content=\"image\/jpeg\" \/>\n<meta name=\"author\" content=\"edicionweb\" \/>\n<meta name=\"twitter:card\" content=\"summary_large_image\" \/>\n<meta name=\"twitter:creator\" content=\"@canal7_slp\" \/>\n<meta name=\"twitter:site\" content=\"@canal7_slp\" \/>\n<meta name=\"twitter:label1\" content=\"Escrito por\" \/>\n\t<meta name=\"twitter:data1\" content=\"edicionweb\" \/>\n\t<meta name=\"twitter:label2\" content=\"Tiempo de lectura\" \/>\n\t<meta name=\"twitter:data2\" content=\"2 minutos\" \/>\n<script type=\"application\/ld+json\" class=\"yoast-schema-graph\">{\"@context\":\"https:\\\/\\\/schema.org\",\"@graph\":[{\"@type\":\"Article\",\"@id\":\"https:\\\/\\\/canal7slp.tv\\\/2019\\\/avanza-investigacion-sobre-caida-de-helicoptero-en-puebla-jimenez-espriu\\\/#article\",\"isPartOf\":{\"@id\":\"https:\\\/\\\/canal7slp.tv\\\/2019\\\/avanza-investigacion-sobre-caida-de-helicoptero-en-puebla-jimenez-espriu\\\/\"},\"author\":{\"name\":\"edicionweb\",\"@id\":\"https:\\\/\\\/canal7slp.tv\\\/2019\\\/#\\\/schema\\\/person\\\/11d941c1c6ca30ac0a46b95fa37aa2e3\"},\"headline\":\"Avanza investigaci\u00f3n sobre ca\u00edda de helic\u00f3ptero en Puebla: Jim\u00e9nez Espri\u00fa\",\"datePublished\":\"2019-06-05T18:26:42+00:00\",\"mainEntityOfPage\":{\"@id\":\"https:\\\/\\\/canal7slp.tv\\\/2019\\\/avanza-investigacion-sobre-caida-de-helicoptero-en-puebla-jimenez-espriu\\\/\"},\"wordCount\":339,\"commentCount\":0,\"publisher\":{\"@id\":\"https:\\\/\\\/canal7slp.tv\\\/2019\\\/#organization\"},\"image\":{\"@id\":\"https:\\\/\\\/canal7slp.tv\\\/2019\\\/avanza-investigacion-sobre-caida-de-helicoptero-en-puebla-jimenez-espriu\\\/#primaryimage\"},\"thumbnailUrl\":\"https:\\\/\\\/canal7slp.tv\\\/2019\\\/wp-content\\\/uploads\\\/2019\\\/06\\\/09-2.jpg\",\"articleSection\":[\"NACIONAL\"],\"inLanguage\":\"es\",\"potentialAction\":[{\"@type\":\"CommentAction\",\"name\":\"Comment\",\"target\":[\"https:\\\/\\\/canal7slp.tv\\\/2019\\\/avanza-investigacion-sobre-caida-de-helicoptero-en-puebla-jimenez-espriu\\\/#respond\"]}]},{\"@type\":\"WebPage\",\"@id\":\"https:\\\/\\\/canal7slp.tv\\\/2019\\\/avanza-investigacion-sobre-caida-de-helicoptero-en-puebla-jimenez-espriu\\\/\",\"url\":\"https:\\\/\\\/canal7slp.tv\\\/2019\\\/avanza-investigacion-sobre-caida-de-helicoptero-en-puebla-jimenez-espriu\\\/\",\"name\":\"Avanza investigaci\u00f3n sobre ca\u00edda de helic\u00f3ptero en Puebla: Jim\u00e9nez Espri\u00fa - Canal 7 SLP - 2019\",\"isPartOf\":{\"@id\":\"https:\\\/\\\/canal7slp.tv\\\/2019\\\/#website\"},\"primaryImageOfPage\":{\"@id\":\"https:\\\/\\\/canal7slp.tv\\\/2019\\\/avanza-investigacion-sobre-caida-de-helicoptero-en-puebla-jimenez-espriu\\\/#primaryimage\"},\"image\":{\"@id\":\"https:\\\/\\\/canal7slp.tv\\\/2019\\\/avanza-investigacion-sobre-caida-de-helicoptero-en-puebla-jimenez-espriu\\\/#primaryimage\"},\"thumbnailUrl\":\"https:\\\/\\\/canal7slp.tv\\\/2019\\\/wp-content\\\/uploads\\\/2019\\\/06\\\/09-2.jpg\",\"datePublished\":\"2019-06-05T18:26:42+00:00\",\"breadcrumb\":{\"@id\":\"https:\\\/\\\/canal7slp.tv\\\/2019\\\/avanza-investigacion-sobre-caida-de-helicoptero-en-puebla-jimenez-espriu\\\/#breadcrumb\"},\"inLanguage\":\"es\",\"potentialAction\":[{\"@type\":\"ReadAction\",\"target\":[\"https:\\\/\\\/canal7slp.tv\\\/2019\\\/avanza-investigacion-sobre-caida-de-helicoptero-en-puebla-jimenez-espriu\\\/\"]}]},{\"@type\":\"ImageObject\",\"inLanguage\":\"es\",\"@id\":\"https:\\\/\\\/canal7slp.tv\\\/2019\\\/avanza-investigacion-sobre-caida-de-helicoptero-en-puebla-jimenez-espriu\\\/#primaryimage\",\"url\":\"https:\\\/\\\/canal7slp.tv\\\/2019\\\/wp-content\\\/uploads\\\/2019\\\/06\\\/09-2.jpg\",\"contentUrl\":\"https:\\\/\\\/canal7slp.tv\\\/2019\\\/wp-content\\\/uploads\\\/2019\\\/06\\\/09-2.jpg\",\"width\":2048,\"height\":1366,\"caption\":\"81228010. M\u00e9xico, 28 Dic 2018 (Notimex- Guillermo Granados).- El secretario de Comunicaciones y Transportes, Javier Jim\u00e9nez Espri\u00fa, dio a conocer que adem\u00e1s de los expertos canadienses, especialistas de Estados Unidos s\u00ed apoyar\u00e1n en la investigaci\u00f3n sobre la ca\u00edda del helic\u00f3ptero en Puebla donde murieron la gobernadora, Martha Erika Alonso, el senador Rafael Moreno Valle y tres personas m\u00e1s, en la conferencia de prensa matutina del presidente Andr\u00e9s Manuel L\u00f3pez Obrador. NOTIMEX\\\/FOTO\\\/GUILLERMO GRANADOS\\\/GGV\\\/POL\\\/4TAT\\\/\"},{\"@type\":\"BreadcrumbList\",\"@id\":\"https:\\\/\\\/canal7slp.tv\\\/2019\\\/avanza-investigacion-sobre-caida-de-helicoptero-en-puebla-jimenez-espriu\\\/#breadcrumb\",\"itemListElement\":[{\"@type\":\"ListItem\",\"position\":1,\"name\":\"Home\",\"item\":\"https:\\\/\\\/canal7slp.tv\\\/2019\\\/\"},{\"@type\":\"ListItem\",\"position\":2,\"name\":\"Avanza investigaci\u00f3n sobre ca\u00edda de helic\u00f3ptero en Puebla: Jim\u00e9nez Espri\u00fa\"}]},{\"@type\":\"WebSite\",\"@id\":\"https:\\\/\\\/canal7slp.tv\\\/2019\\\/#website\",\"url\":\"https:\\\/\\\/canal7slp.tv\\\/2019\\\/\",\"name\":\"Canal 7 SLP - Somos TV\",\"description\":\"Somos un Canal de 10\",\"publisher\":{\"@id\":\"https:\\\/\\\/canal7slp.tv\\\/2019\\\/#organization\"},\"potentialAction\":[{\"@type\":\"SearchAction\",\"target\":{\"@type\":\"EntryPoint\",\"urlTemplate\":\"https:\\\/\\\/canal7slp.tv\\\/2019\\\/?s={search_term_string}\"},\"query-input\":{\"@type\":\"PropertyValueSpecification\",\"valueRequired\":true,\"valueName\":\"search_term_string\"}}],\"inLanguage\":\"es\"},{\"@type\":\"Organization\",\"@id\":\"https:\\\/\\\/canal7slp.tv\\\/2019\\\/#organization\",\"name\":\"Comunicaci\u00f3n 2000 S.A. de C.V.\",\"url\":\"https:\\\/\\\/canal7slp.tv\\\/2019\\\/\",\"logo\":{\"@type\":\"ImageObject\",\"inLanguage\":\"es\",\"@id\":\"https:\\\/\\\/canal7slp.tv\\\/2019\\\/#\\\/schema\\\/logo\\\/image\\\/\",\"url\":\"https:\\\/\\\/canal7slp.tv\\\/2019\\\/wp-content\\\/uploads\\\/2019\\\/07\\\/logo-c7.png\",\"contentUrl\":\"https:\\\/\\\/canal7slp.tv\\\/2019\\\/wp-content\\\/uploads\\\/2019\\\/07\\\/logo-c7.png\",\"width\":220,\"height\":60,\"caption\":\"Comunicaci\u00f3n 2000 S.A. de C.V.\"},\"image\":{\"@id\":\"https:\\\/\\\/canal7slp.tv\\\/2019\\\/#\\\/schema\\\/logo\\\/image\\\/\"},\"sameAs\":[\"https:\\\/\\\/www.facebook.com\\\/CANAL7SLP\\\/\",\"https:\\\/\\\/x.com\\\/canal7_slp\",\"https:\\\/\\\/www.instagram.com\\\/canal7_slp\",\"https:\\\/\\\/www.youtube.com\\\/user\\\/NOTICIEROSCANAL7SLP\\\/\"]},{\"@type\":\"Person\",\"@id\":\"https:\\\/\\\/canal7slp.tv\\\/2019\\\/#\\\/schema\\\/person\\\/11d941c1c6ca30ac0a46b95fa37aa2e3\",\"name\":\"edicionweb\",\"image\":{\"@type\":\"ImageObject\",\"inLanguage\":\"es\",\"@id\":\"https:\\\/\\\/secure.gravatar.com\\\/avatar\\\/eee448fc3f7164808013b816ba91ac7e43bbe82a70bebac296f8bc6f0addaa1a?s=96&d=mm&r=g\",\"url\":\"https:\\\/\\\/secure.gravatar.com\\\/avatar\\\/eee448fc3f7164808013b816ba91ac7e43bbe82a70bebac296f8bc6f0addaa1a?s=96&d=mm&r=g\",\"contentUrl\":\"https:\\\/\\\/secure.gravatar.com\\\/avatar\\\/eee448fc3f7164808013b816ba91ac7e43bbe82a70bebac296f8bc6f0addaa1a?s=96&d=mm&r=g\",\"caption\":\"edicionweb\"}}]}<\/script>\n<!-- \/ Yoast SEO plugin. -->","yoast_head_json":{"title":"Avanza investigaci\u00f3n sobre ca\u00edda de helic\u00f3ptero en Puebla: Jim\u00e9nez Espri\u00fa - Canal 7 SLP - 2019","robots":{"index":"index","follow":"follow","max-snippet":"max-snippet:-1","max-image-preview":"max-image-preview:large","max-video-preview":"max-video-preview:-1"},"canonical":"https:\/\/canal7slp.tv\/2019\/avanza-investigacion-sobre-caida-de-helicoptero-en-puebla-jimenez-espriu\/","og_locale":"es_ES","og_type":"article","og_title":"Avanza investigaci\u00f3n sobre ca\u00edda de helic\u00f3ptero en Puebla: Jim\u00e9nez Espri\u00fa - Canal 7 SLP - 2019","og_description":"M\u00e9xico.- El secretario de Comunicaciones y Transportes, Javier Jim\u00e9nez Espri\u00fa, adelant\u00f3 que la pr\u00f3xima semana se dar\u00edan a conocer avances de la investigaci\u00f3n en torno a la ca\u00edda del helic\u00f3ptero en el que viajaban la gobernadora de Puebla, Martha Erika Alonso, y su esposo el senador, Rafael Moreno Valle. \u201cTambi\u00e9n hay avances sobre las investigaciones [&hellip;]","og_url":"https:\/\/canal7slp.tv\/2019\/avanza-investigacion-sobre-caida-de-helicoptero-en-puebla-jimenez-espriu\/","og_site_name":"Canal 7 SLP - 2019","article_publisher":"https:\/\/www.facebook.com\/CANAL7SLP\/","article_published_time":"2019-06-05T18:26:42+00:00","og_image":[{"width":2048,"height":1366,"url":"https:\/\/canal7slp.tv\/2019\/wp-content\/uploads\/2019\/06\/09-2.jpg","type":"image\/jpeg"}],"author":"edicionweb","twitter_card":"summary_large_image","twitter_creator":"@canal7_slp","twitter_site":"@canal7_slp","twitter_misc":{"Escrito por":"edicionweb","Tiempo de lectura":"2 minutos"},"schema":{"@context":"https:\/\/schema.org","@graph":[{"@type":"Article","@id":"https:\/\/canal7slp.tv\/2019\/avanza-investigacion-sobre-caida-de-helicoptero-en-puebla-jimenez-espriu\/#article","isPartOf":{"@id":"https:\/\/canal7slp.tv\/2019\/avanza-investigacion-sobre-caida-de-helicoptero-en-puebla-jimenez-espriu\/"},"author":{"name":"edicionweb","@id":"https:\/\/canal7slp.tv\/2019\/#\/schema\/person\/11d941c1c6ca30ac0a46b95fa37aa2e3"},"headline":"Avanza investigaci\u00f3n sobre ca\u00edda de helic\u00f3ptero en Puebla: Jim\u00e9nez Espri\u00fa","datePublished":"2019-06-05T18:26:42+00:00","mainEntityOfPage":{"@id":"https:\/\/canal7slp.tv\/2019\/avanza-investigacion-sobre-caida-de-helicoptero-en-puebla-jimenez-espriu\/"},"wordCount":339,"commentCount":0,"publisher":{"@id":"https:\/\/canal7slp.tv\/2019\/#organization"},"image":{"@id":"https:\/\/canal7slp.tv\/2019\/avanza-investigacion-sobre-caida-de-helicoptero-en-puebla-jimenez-espriu\/#primaryimage"},"thumbnailUrl":"https:\/\/canal7slp.tv\/2019\/wp-content\/uploads\/2019\/06\/09-2.jpg","articleSection":["NACIONAL"],"inLanguage":"es","potentialAction":[{"@type":"CommentAction","name":"Comment","target":["https:\/\/canal7slp.tv\/2019\/avanza-investigacion-sobre-caida-de-helicoptero-en-puebla-jimenez-espriu\/#respond"]}]},{"@type":"WebPage","@id":"https:\/\/canal7slp.tv\/2019\/avanza-investigacion-sobre-caida-de-helicoptero-en-puebla-jimenez-espriu\/","url":"https:\/\/canal7slp.tv\/2019\/avanza-investigacion-sobre-caida-de-helicoptero-en-puebla-jimenez-espriu\/","name":"Avanza investigaci\u00f3n sobre ca\u00edda de helic\u00f3ptero en Puebla: Jim\u00e9nez Espri\u00fa - Canal 7 SLP - 2019","isPartOf":{"@id":"https:\/\/canal7slp.tv\/2019\/#website"},"primaryImageOfPage":{"@id":"https:\/\/canal7slp.tv\/2019\/avanza-investigacion-sobre-caida-de-helicoptero-en-puebla-jimenez-espriu\/#primaryimage"},"image":{"@id":"https:\/\/canal7slp.tv\/2019\/avanza-investigacion-sobre-caida-de-helicoptero-en-puebla-jimenez-espriu\/#primaryimage"},"thumbnailUrl":"https:\/\/canal7slp.tv\/2019\/wp-content\/uploads\/2019\/06\/09-2.jpg","datePublished":"2019-06-05T18:26:42+00:00","breadcrumb":{"@id":"https:\/\/canal7slp.tv\/2019\/avanza-investigacion-sobre-caida-de-helicoptero-en-puebla-jimenez-espriu\/#breadcrumb"},"inLanguage":"es","potentialAction":[{"@type":"ReadAction","target":["https:\/\/canal7slp.tv\/2019\/avanza-investigacion-sobre-caida-de-helicoptero-en-puebla-jimenez-espriu\/"]}]},{"@type":"ImageObject","inLanguage":"es","@id":"https:\/\/canal7slp.tv\/2019\/avanza-investigacion-sobre-caida-de-helicoptero-en-puebla-jimenez-espriu\/#primaryimage","url":"https:\/\/canal7slp.tv\/2019\/wp-content\/uploads\/2019\/06\/09-2.jpg","contentUrl":"https:\/\/canal7slp.tv\/2019\/wp-content\/uploads\/2019\/06\/09-2.jpg","width":2048,"height":1366,"caption":"81228010. M\u00e9xico, 28 Dic 2018 (Notimex- Guillermo Granados).- El secretario de Comunicaciones y Transportes, Javier Jim\u00e9nez Espri\u00fa, dio a conocer que adem\u00e1s de los expertos canadienses, especialistas de Estados Unidos s\u00ed apoyar\u00e1n en la investigaci\u00f3n sobre la ca\u00edda del helic\u00f3ptero en Puebla donde murieron la gobernadora, Martha Erika Alonso, el senador Rafael Moreno Valle y tres personas m\u00e1s, en la conferencia de prensa matutina del presidente Andr\u00e9s Manuel L\u00f3pez Obrador. NOTIMEX\/FOTO\/GUILLERMO GRANADOS\/GGV\/POL\/4TAT\/"},{"@type":"BreadcrumbList","@id":"https:\/\/canal7slp.tv\/2019\/avanza-investigacion-sobre-caida-de-helicoptero-en-puebla-jimenez-espriu\/#breadcrumb","itemListElement":[{"@type":"ListItem","position":1,"name":"Home","item":"https:\/\/canal7slp.tv\/2019\/"},{"@type":"ListItem","position":2,"name":"Avanza investigaci\u00f3n sobre ca\u00edda de helic\u00f3ptero en Puebla: Jim\u00e9nez Espri\u00fa"}]},{"@type":"WebSite","@id":"https:\/\/canal7slp.tv\/2019\/#website","url":"https:\/\/canal7slp.tv\/2019\/","name":"Canal 7 SLP - Somos TV","description":"Somos un Canal de 10","publisher":{"@id":"https:\/\/canal7slp.tv\/2019\/#organization"},"potentialAction":[{"@type":"SearchAction","target":{"@type":"EntryPoint","urlTemplate":"https:\/\/canal7slp.tv\/2019\/?s={search_term_string}"},"query-input":{"@type":"PropertyValueSpecification","valueRequired":true,"valueName":"search_term_string"}}],"inLanguage":"es"},{"@type":"Organization","@id":"https:\/\/canal7slp.tv\/2019\/#organization","name":"Comunicaci\u00f3n 2000 S.A. de C.V.","url":"https:\/\/canal7slp.tv\/2019\/","logo":{"@type":"ImageObject","inLanguage":"es","@id":"https:\/\/canal7slp.tv\/2019\/#\/schema\/logo\/image\/","url":"https:\/\/canal7slp.tv\/2019\/wp-content\/uploads\/2019\/07\/logo-c7.png","contentUrl":"https:\/\/canal7slp.tv\/2019\/wp-content\/uploads\/2019\/07\/logo-c7.png","width":220,"height":60,"caption":"Comunicaci\u00f3n 2000 S.A. de C.V."},"image":{"@id":"https:\/\/canal7slp.tv\/2019\/#\/schema\/logo\/image\/"},"sameAs":["https:\/\/www.facebook.com\/CANAL7SLP\/","https:\/\/x.com\/canal7_slp","https:\/\/www.instagram.com\/canal7_slp","https:\/\/www.youtube.com\/user\/NOTICIEROSCANAL7SLP\/"]},{"@type":"Person","@id":"https:\/\/canal7slp.tv\/2019\/#\/schema\/person\/11d941c1c6ca30ac0a46b95fa37aa2e3","name":"edicionweb","image":{"@type":"ImageObject","inLanguage":"es","@id":"https:\/\/secure.gravatar.com\/avatar\/eee448fc3f7164808013b816ba91ac7e43bbe82a70bebac296f8bc6f0addaa1a?s=96&d=mm&r=g","url":"https:\/\/secure.gravatar.com\/avatar\/eee448fc3f7164808013b816ba91ac7e43bbe82a70bebac296f8bc6f0addaa1a?s=96&d=mm&r=g","contentUrl":"https:\/\/secure.gravatar.com\/avatar\/eee448fc3f7164808013b816ba91ac7e43bbe82a70bebac296f8bc6f0addaa1a?s=96&d=mm&r=g","caption":"edicionweb"}}]}},"amp_enabled":true,"cmb2":{"video_ids_in_playlist":{"vid_p_videos":""},"video_ids_in_channel":{"vid_c_videos":""},"playlist_ids_in_channel":{"vid_c_playlists":""},"series_ids_in_channel":{"vid_c_series":""},"channel_images":{"vid_c_logo":"","vid_c_banner":""},"poster_feature_image":{"vid_m_poster_image":""},"gif_feature_image":{"vid_m_gif_image":""},"video_movie_settings":{"vid_m_director":"","vid_m_actor":"","vid_m_imdb_ratings":"","vid_m_amazon_associates":""},"vid_youtube_broadcasts_settings":{"vid_yb_broadcast_title":"","vid_yb_q":"","vid_yb_channelid":"","vid_yb_videocategoryid":"","vid_yb_maxresults":"","vid_yb_order":"","vid_yb_regioncode":"","vid_yb_videosyndicated":"","vid_yb_style":"","vid_yb_reload_first":""},"video_series_settings":{"vid_m_director":"","vid_m_actor":"","vid_m_imdb_ratings":"","video_series_group":""},"amazon_associates_settings":{"amazon_associates":"","amazon_native_ad":""},"vid_youtube_automatic_settings":{"vid_ya_youtube_source":"","vid_ya_update_every":"","vid_ya_update_unit":"","vid_ya_categories":"","vid_ya_published_after":"","vid_ya_published_before":"","vid_ya_playlists":"","vid_ya_channels":"","vid_ya_director":"","vid_ya_actor":"","vid_ya_author":"","vid_ya_import_post_date":"","vid_ya_status":"","vid_ya_sub_api_key":""},"vid_ads_m_videoads_settings_post":{"vid_ads_m_video_ads":"","vid_ads_m_video_ads_type":"","vid_ads_m_group_google_ima":"","vid_ads_m_group_image":"","vid_ads_m_group_html5_video":"","vid_ads_m_group_html":"","vid_ads_m_vast_preroll":"","vid_ads_m_vast_postroll":"","vid_ads_m_vast_pauseroll":"","vid_ads_m_vast_midroll":[{"vid_ads_m_vast_timer_seconds":"50"}],"vid_ads_m_time_to_show_ads":"","vid_ads_m_time_skip_ads":"","vid_ads_m_time_to_hide_ads":""},"page_slider_settings":{"display_slider_group":"","page_slider_group":""},"blog_page_settings":{"blog_page_title":"","blog_page_heading":"","blog_page_ic":"","blog_page_it":"","blog_page_ec":"","blog_page_ip":"","archive_loop_style":"","blog_image_ratio":"","blog_show_categories":"","blog_show_excerpt":"","blog_show_author":"","blog_show_date":"","blog_show_comment_count":"","blog_show_view_count":"","blog_show_like_count":"","blog_show_dislike_count":"","blog_items_per_page":"","blog_pag_type":""},"page_options":{"get_page_template":"","color_mode":"","main_layout":"","main_layout_full_with":"","main_logo":"","main_logo_retina":"","main_logo_mobile":"","main_logo_mobile_retina":"","sticky_logo":"","sticky_logo_retina":"","main_nav_layout":"","ajax_search":"","header_background":"","theme_sidebar":"","instagram_feed":"","instagram_feed_position":"","popular_videos":"","popular_videos_title_1":"","popular_videos_title_2":"","popular_videos_ic":"","popular_videos_it":"","theme_background":"","page_custom_css":""},"feature_image_settings":{"feature_image_position":""},"video_player_settings":{"single_video_style":"","video_player_position":"","vm_video_url":"","video_player_library":"","video_streaming":"","vm_media_sources":"","vid_auto_play":"","vm_video_shortcode":"","vid_p_sync_playlist":"","vid_c_sync_channel":"","get_post_format":"","multiple_links_structure":"default","multi_links_title":"","vm_video_multi_links":"","vm_duration":"","vid_social_locker":"off","vid_social_locker_id":"","vid_membership_action":"content-video","vm_video_trailer_url":"","vid_download_type":"free","vid_download_target":"download","vid_woo_product":"","vm_media_download":"","user_rating":"","user_rating_position":"","user_rating_mode":"","user_rating_multi_sets":""},"video_auto_fetch_settings":{"vm_video_fetch":"on"},"video_fake_views_likes":{"vm_fake_views":"","vm_fake_likes":"","vm_fake_dislikes":""},"gallery_settings":{"gallery_position":""},"quote_settings":{"quote_position":""},"post_options":{"main_layout":"","main_logo":"","main_logo_retina":"","main_logo_mobile":"","main_logo_mobile_retina":"","sticky_logo":"","sticky_logo_retina":"","main_nav_layout":"","header_background":"","theme_sidebar":"","single_post_comment_type":"","theme_background":""}},"_links":{"self":[{"href":"https:\/\/canal7slp.tv\/2019\/wp-json\/wp\/v2\/posts\/7237","targetHints":{"allow":["GET"]}}],"collection":[{"href":"https:\/\/canal7slp.tv\/2019\/wp-json\/wp\/v2\/posts"}],"about":[{"href":"https:\/\/canal7slp.tv\/2019\/wp-json\/wp\/v2\/types\/post"}],"author":[{"embeddable":true,"href":"https:\/\/canal7slp.tv\/2019\/wp-json\/wp\/v2\/users\/2"}],"replies":[{"embeddable":true,"href":"https:\/\/canal7slp.tv\/2019\/wp-json\/wp\/v2\/comments?post=7237"}],"version-history":[{"count":0,"href":"https:\/\/canal7slp.tv\/2019\/wp-json\/wp\/v2\/posts\/7237\/revisions"}],"wp:featuredmedia":[{"embeddable":true,"href":"https:\/\/canal7slp.tv\/2019\/wp-json\/wp\/v2\/media\/7240"}],"wp:attachment":[{"href":"https:\/\/canal7slp.tv\/2019\/wp-json\/wp\/v2\/media?parent=7237"}],"wp:term":[{"taxonomy":"category","embeddable":true,"href":"https:\/\/canal7slp.tv\/2019\/wp-json\/wp\/v2\/categories?post=7237"},{"taxonomy":"post_tag","embeddable":true,"href":"https:\/\/canal7slp.tv\/2019\/wp-json\/wp\/v2\/tags?post=7237"}],"curies":[{"name":"wp","href":"https:\/\/api.w.org\/{rel}","templated":true}]}}