{"id":7214,"date":"2019-06-05T13:03:17","date_gmt":"2019-06-05T18:03:17","guid":{"rendered":"https:\/\/canal7slp.tv\/2019\/?p=7214"},"modified":"2019-06-05T13:03:17","modified_gmt":"2019-06-05T18:03:17","slug":"culpan-a-alfredo-castillo-de-la-caida-del-fronton-mexicano","status":"publish","type":"post","link":"https:\/\/canal7slp.tv\/2019\/culpan-a-alfredo-castillo-de-la-caida-del-fronton-mexicano\/","title":{"rendered":"Culpan a Alfredo Castillo de la ca\u00edda del front\u00f3n mexicano"},"content":{"rendered":"<p style=\"text-align: justify\">M\u00e9xico.- El nivel del front\u00f3n nacional descendi\u00f3 de la cima mundial al tercer lugar por culpa de Alfredo Castillo, titular de la Comisi\u00f3n Nacional de Cultura F\u00edsica y Deporte (Conade) en la administraci\u00f3n pasada, acus\u00f3 el presidente de la Federaci\u00f3n Mexicana de Front\u00f3n, Pedro Santamar\u00eda.<\/p>\n<p style=\"text-align: justify\">En entrevista con Notimex,\u00a0Santamar\u00eda Salda\u00f1a habl\u00f3 del desconocimiento de Castillo hacia su federaci\u00f3n, de los pelotaris que participar\u00e1n en los Panamericanos de Lima 2019 y de la situaci\u00f3n actual de esta disciplina.<\/p>\n<p style=\"text-align: justify\">\u201cGanamos un litigio a Alfredo Castillo despu\u00e9s de casi cuatro a\u00f1os, pero desde abril pasado volvemos a regir el front\u00f3n mexicano. En este periodo se perjudic\u00f3 a nuestro deporte y despu\u00e9s de que en 2014 fu\u00e9ramos los mejores del mundo, ahora estamos en tercer lugar\u201d, report\u00f3 el dirigente.<\/p>\n<p style=\"text-align: justify\">El 14 de septiembre de 2015, el entonces director general de la Conade\u00a0 desconoci\u00f3 a la Federaci\u00f3n Mexicana de Front\u00f3n alegando una falta de siete millones de pesos, y reconoci\u00f3 otra federaci\u00f3n que entreg\u00f3 a un grupo de espa\u00f1oles para gesti\u00f3n de empresas\u201d, acus\u00f3 el entrevistado.<\/p>\n<p style=\"text-align: justify\">\u201cLos cuatro a\u00f1os en litigio -dijo Santamar\u00eda- afectaron al front\u00f3n mexicano en general, con la disminuci\u00f3n de j\u00f3venes jugadores, poca promoci\u00f3n y dejaron de traer y de asistir a eventos internacionales.<\/p>\n<p style=\"text-align: justify\">\u201cEl cambio fue un inter\u00e9s empresarial, porque a la gente que Castillo les dej\u00f3 el control eran empresarios que no sab\u00edan de front\u00f3n, pero fue su pol\u00edtica contra federaciones y, sin embargo, financi\u00f3 a otra federaci\u00f3n para deterioro del front\u00f3n nacional\u201d, record\u00f3.<\/p>\n<p style=\"text-align: justify\">Agreg\u00f3 que \u201cen el mundial de 2014, en Barcelona, ganamos seis medallas de oro de un total de 12 y con la federaci\u00f3n dirigida por espa\u00f1oles s\u00f3lo se lograron tres de oro y seis en general, fue el resultado palpable de esa administraci\u00f3n\u201d.<\/p>\n<p style=\"text-align: justify\">Ante esa situaci\u00f3n y despu\u00e9s de que Alfredo Castillo termin\u00f3 su gesti\u00f3n al frente de la Conade,\u00a0se presentaron los esperados cambios y se recuper\u00f3 la Federaci\u00f3n Mexicana de Front\u00f3n para retornar al nivel de antes.<\/p>\n<p style=\"text-align: justify\">Con una destacada trayectoria en las canchas, Pedro Santamar\u00eda represent\u00f3 a\u00a0M\u00e9xico y lo coloc\u00f3 en el mapa mundial, tras ganar medalla de oro en los Juegos Ol\u00edmpicos de Barcelona 92, adem\u00e1s de Campeonatos Mundiales, y ahora como dirigente quiere devolver el lugar que le corresponde al pa\u00eds en el contexto internacional.<\/p>\n<p style=\"text-align: justify\">\u201cNos estamos preparando para los Juegos Panamericanos de Lima 2019, en los que participar\u00e1n 14 jugadores. Nos faltan dos meses de intensa preparaci\u00f3n para llegar a la cita en Per\u00fa y buscar la conquista de medallas de oro, ese es el objetivo, espero no se presenten lesiones\u201d, afirm\u00f3.<\/p>\n<p style=\"text-align: justify\">De la selecci\u00f3n nacional, mencion\u00f3 que los pelotaris con mayor experiencia destacan las campeonas mundiales Paulina Castillo y Rosa Mar\u00eda Flores; el mejor jugador del mundo, Arturo Rodr\u00edguez Faisal; el subcampe\u00f3n mundial, David Murillo, en pelota cuero, y Rodrigo Ledezma, campe\u00f3n del orbe en 2016, adem\u00e1s de dos subcampeones mundiales sub-23.<\/p>\n<p style=\"text-align: justify\">\u201cEs gente experimentada de alto nivel y tenemos la obligaci\u00f3n de ganar cuatro o cinco medallas de oro en los Panamericanos de Lima y repetir la actuaci\u00f3n de Guadalajara 2011, cuando ganamos cinco de oro\u201d, record\u00f3 el federativo.<\/p>\n<p style=\"text-align: justify\">Acerca del cambio de administraci\u00f3n en la Conade, con la llegada de Ana Gabriela Guevara, mencion\u00f3 que tuvieron un acercamiento con ella desde la C\u00e1mara de Diputados para mostrarle la resoluci\u00f3n sobre el caso del desconocimiento de la federaci\u00f3n por parte del anterior dirigente del organismo, y Guevara acat\u00f3 la decisi\u00f3n del Tribunal de Justicia.<\/p>\n<p style=\"text-align: justify\">\u201cAna es respetuosa de esa sentencia, nos han reconocido y estamos coordinando los trabajos deportivos\u201d, afirm\u00f3 el dirigente.<\/p>\n<p style=\"text-align: justify\">Del trabajo por hacer en la Federaci\u00f3n de Front\u00f3n, mencion\u00f3 que tiene alrededor de 700 jugadores afiliados.<\/p>\n<p style=\"text-align: justify\">\u201cAntes \u00e9ramos dos mil, con un alto nivel de pelotaris a nivel mundial. En 2014 en el par\u00e1metro fuimos el primer lugar general en medallas de todas las naciones en ese Mundial y ahora somos tercero o cuarto\u201d, afirm\u00f3 el exjugador.<\/p>\n<p style=\"text-align: justify\">\u201cUna de mis misiones es recuperar el nivel, hay que atender a los j\u00f3venes, hay modalidades enfermas que atender y espero que con la voluntad de todos se haga. Yo no soy salvador, soy conocedor del front\u00f3n y har\u00e9 bien las cosas con las autoridades que tengamos que relacionarnos\u201d, afirm\u00f3 Santamar\u00eda.<\/p>\n<p style=\"text-align: justify\">Del presupuesto, destac\u00f3 que la Conade se comprometi\u00f3 a entregar recursos para Juegos Panamericanos, campamentos en Espa\u00f1a, Francia y Lima, para conocer las canchas de la justa continental.<\/p>\n<p style=\"text-align: justify\">Santamar\u00eda Salda\u00f1a indic\u00f3 que el futuro del front\u00f3n mexicano es incierto, y que toma el reto porque son gente de front\u00f3n.<\/p>\n<p style=\"text-align: justify\">\u201cTodos los que integramos la presidencia y el consejo directivo somos gente de front\u00f3n, nos duele el front\u00f3n y tenemos que trabajar en los rubros en los que no hemos hecho bien las cosas\u201d.<\/p>\n<p style=\"text-align: justify\">Agreg\u00f3 que \u201ctenemos una buena relaci\u00f3n con la Confederaci\u00f3n Deportiva Mexicana (Codeme), pertenecemos desde nuestra constituci\u00f3n a Codeme, es la que nos rige en lo normativo y legal, es nuestra casa\u201d.<\/p>\n<p style=\"text-align: justify\">\u201cAntes nos toc\u00f3 un dirigente que cometi\u00f3 excesos con el presupuesto del deporte federado, y ahora el Sinade y la Ley del Deporte regular\u00e1n los trabajos de federativos; todos debemos contribuir a que se acaben los cacicazgos en las federaciones, como la no rendici\u00f3n de cuentas y el autoritarismo, pero esto se lograr\u00e1 con el regreso de Codeme al Sinade\u201d, finaliz\u00f3.<\/p>\n","protected":false},"excerpt":{"rendered":"<p>M\u00e9xico.- El nivel del front\u00f3n nacional descendi\u00f3 de la cima mundial al tercer lugar por culpa de Alfredo Castillo, titular de la Comisi\u00f3n Nacional de Cultura F\u00edsica y Deporte (Conade) en la administraci\u00f3n pasada, acus\u00f3 el presidente de la Federaci\u00f3n Mexicana de Front\u00f3n, Pedro Santamar\u00eda. En entrevista con Notimex,\u00a0Santamar\u00eda Salda\u00f1a habl\u00f3 del desconocimiento de Castillo [&hellip;]<\/p>\n","protected":false},"author":2,"featured_media":7217,"comment_status":"open","ping_status":"closed","sticky":false,"template":"","format":"standard","meta":{"footnotes":""},"categories":[96],"tags":[],"class_list":["post-7214","post","type-post","status-publish","format-standard","has-post-thumbnail","hentry","category-deportes"],"yoast_head":"<!-- This site is optimized with the Yoast SEO plugin v27.5 - https:\/\/yoast.com\/product\/yoast-seo-wordpress\/ -->\n<title>Culpan a Alfredo Castillo de la ca\u00edda del front\u00f3n mexicano - Canal 7 SLP - 2019<\/title>\n<meta name=\"robots\" content=\"index, follow, max-snippet:-1, max-image-preview:large, max-video-preview:-1\" \/>\n<link rel=\"canonical\" href=\"https:\/\/canal7slp.tv\/2019\/culpan-a-alfredo-castillo-de-la-caida-del-fronton-mexicano\/\" \/>\n<meta property=\"og:locale\" content=\"es_ES\" \/>\n<meta property=\"og:type\" content=\"article\" \/>\n<meta property=\"og:title\" content=\"Culpan a Alfredo Castillo de la ca\u00edda del front\u00f3n mexicano - Canal 7 SLP - 2019\" \/>\n<meta property=\"og:description\" content=\"M\u00e9xico.- El nivel del front\u00f3n nacional descendi\u00f3 de la cima mundial al tercer lugar por culpa de Alfredo Castillo, titular de la Comisi\u00f3n Nacional de Cultura F\u00edsica y Deporte (Conade) en la administraci\u00f3n pasada, acus\u00f3 el presidente de la Federaci\u00f3n Mexicana de Front\u00f3n, Pedro Santamar\u00eda. En entrevista con Notimex,\u00a0Santamar\u00eda Salda\u00f1a habl\u00f3 del desconocimiento de Castillo [&hellip;]\" \/>\n<meta property=\"og:url\" content=\"https:\/\/canal7slp.tv\/2019\/culpan-a-alfredo-castillo-de-la-caida-del-fronton-mexicano\/\" \/>\n<meta property=\"og:site_name\" content=\"Canal 7 SLP - 2019\" \/>\n<meta property=\"article:publisher\" content=\"https:\/\/www.facebook.com\/CANAL7SLP\/\" \/>\n<meta property=\"article:published_time\" content=\"2019-06-05T18:03:17+00:00\" \/>\n<meta property=\"og:image\" content=\"https:\/\/canal7slp.tv\/2019\/wp-content\/uploads\/2019\/06\/03.jpeg\" \/>\n\t<meta property=\"og:image:width\" content=\"729\" \/>\n\t<meta property=\"og:image:height\" content=\"410\" \/>\n\t<meta property=\"og:image:type\" content=\"image\/jpeg\" \/>\n<meta name=\"author\" content=\"edicionweb\" \/>\n<meta name=\"twitter:card\" content=\"summary_large_image\" \/>\n<meta name=\"twitter:creator\" content=\"@canal7_slp\" \/>\n<meta name=\"twitter:site\" content=\"@canal7_slp\" \/>\n<meta name=\"twitter:label1\" content=\"Escrito por\" \/>\n\t<meta name=\"twitter:data1\" content=\"edicionweb\" \/>\n\t<meta name=\"twitter:label2\" content=\"Tiempo de lectura\" \/>\n\t<meta name=\"twitter:data2\" content=\"5 minutos\" \/>\n<script type=\"application\/ld+json\" class=\"yoast-schema-graph\">{\"@context\":\"https:\\\/\\\/schema.org\",\"@graph\":[{\"@type\":\"Article\",\"@id\":\"https:\\\/\\\/canal7slp.tv\\\/2019\\\/culpan-a-alfredo-castillo-de-la-caida-del-fronton-mexicano\\\/#article\",\"isPartOf\":{\"@id\":\"https:\\\/\\\/canal7slp.tv\\\/2019\\\/culpan-a-alfredo-castillo-de-la-caida-del-fronton-mexicano\\\/\"},\"author\":{\"name\":\"edicionweb\",\"@id\":\"https:\\\/\\\/canal7slp.tv\\\/2019\\\/#\\\/schema\\\/person\\\/11d941c1c6ca30ac0a46b95fa37aa2e3\"},\"headline\":\"Culpan a Alfredo Castillo de la ca\u00edda del front\u00f3n mexicano\",\"datePublished\":\"2019-06-05T18:03:17+00:00\",\"mainEntityOfPage\":{\"@id\":\"https:\\\/\\\/canal7slp.tv\\\/2019\\\/culpan-a-alfredo-castillo-de-la-caida-del-fronton-mexicano\\\/\"},\"wordCount\":952,\"commentCount\":0,\"publisher\":{\"@id\":\"https:\\\/\\\/canal7slp.tv\\\/2019\\\/#organization\"},\"image\":{\"@id\":\"https:\\\/\\\/canal7slp.tv\\\/2019\\\/culpan-a-alfredo-castillo-de-la-caida-del-fronton-mexicano\\\/#primaryimage\"},\"thumbnailUrl\":\"https:\\\/\\\/canal7slp.tv\\\/2019\\\/wp-content\\\/uploads\\\/2019\\\/06\\\/03.jpeg\",\"articleSection\":[\"DEPORTES\"],\"inLanguage\":\"es\",\"potentialAction\":[{\"@type\":\"CommentAction\",\"name\":\"Comment\",\"target\":[\"https:\\\/\\\/canal7slp.tv\\\/2019\\\/culpan-a-alfredo-castillo-de-la-caida-del-fronton-mexicano\\\/#respond\"]}]},{\"@type\":\"WebPage\",\"@id\":\"https:\\\/\\\/canal7slp.tv\\\/2019\\\/culpan-a-alfredo-castillo-de-la-caida-del-fronton-mexicano\\\/\",\"url\":\"https:\\\/\\\/canal7slp.tv\\\/2019\\\/culpan-a-alfredo-castillo-de-la-caida-del-fronton-mexicano\\\/\",\"name\":\"Culpan a Alfredo Castillo de la ca\u00edda del front\u00f3n mexicano - Canal 7 SLP - 2019\",\"isPartOf\":{\"@id\":\"https:\\\/\\\/canal7slp.tv\\\/2019\\\/#website\"},\"primaryImageOfPage\":{\"@id\":\"https:\\\/\\\/canal7slp.tv\\\/2019\\\/culpan-a-alfredo-castillo-de-la-caida-del-fronton-mexicano\\\/#primaryimage\"},\"image\":{\"@id\":\"https:\\\/\\\/canal7slp.tv\\\/2019\\\/culpan-a-alfredo-castillo-de-la-caida-del-fronton-mexicano\\\/#primaryimage\"},\"thumbnailUrl\":\"https:\\\/\\\/canal7slp.tv\\\/2019\\\/wp-content\\\/uploads\\\/2019\\\/06\\\/03.jpeg\",\"datePublished\":\"2019-06-05T18:03:17+00:00\",\"breadcrumb\":{\"@id\":\"https:\\\/\\\/canal7slp.tv\\\/2019\\\/culpan-a-alfredo-castillo-de-la-caida-del-fronton-mexicano\\\/#breadcrumb\"},\"inLanguage\":\"es\",\"potentialAction\":[{\"@type\":\"ReadAction\",\"target\":[\"https:\\\/\\\/canal7slp.tv\\\/2019\\\/culpan-a-alfredo-castillo-de-la-caida-del-fronton-mexicano\\\/\"]}]},{\"@type\":\"ImageObject\",\"inLanguage\":\"es\",\"@id\":\"https:\\\/\\\/canal7slp.tv\\\/2019\\\/culpan-a-alfredo-castillo-de-la-caida-del-fronton-mexicano\\\/#primaryimage\",\"url\":\"https:\\\/\\\/canal7slp.tv\\\/2019\\\/wp-content\\\/uploads\\\/2019\\\/06\\\/03.jpeg\",\"contentUrl\":\"https:\\\/\\\/canal7slp.tv\\\/2019\\\/wp-content\\\/uploads\\\/2019\\\/06\\\/03.jpeg\",\"width\":729,\"height\":410},{\"@type\":\"BreadcrumbList\",\"@id\":\"https:\\\/\\\/canal7slp.tv\\\/2019\\\/culpan-a-alfredo-castillo-de-la-caida-del-fronton-mexicano\\\/#breadcrumb\",\"itemListElement\":[{\"@type\":\"ListItem\",\"position\":1,\"name\":\"Home\",\"item\":\"https:\\\/\\\/canal7slp.tv\\\/2019\\\/\"},{\"@type\":\"ListItem\",\"position\":2,\"name\":\"Culpan a Alfredo Castillo de la ca\u00edda del front\u00f3n mexicano\"}]},{\"@type\":\"WebSite\",\"@id\":\"https:\\\/\\\/canal7slp.tv\\\/2019\\\/#website\",\"url\":\"https:\\\/\\\/canal7slp.tv\\\/2019\\\/\",\"name\":\"Canal 7 SLP - Somos TV\",\"description\":\"Somos un Canal de 10\",\"publisher\":{\"@id\":\"https:\\\/\\\/canal7slp.tv\\\/2019\\\/#organization\"},\"potentialAction\":[{\"@type\":\"SearchAction\",\"target\":{\"@type\":\"EntryPoint\",\"urlTemplate\":\"https:\\\/\\\/canal7slp.tv\\\/2019\\\/?s={search_term_string}\"},\"query-input\":{\"@type\":\"PropertyValueSpecification\",\"valueRequired\":true,\"valueName\":\"search_term_string\"}}],\"inLanguage\":\"es\"},{\"@type\":\"Organization\",\"@id\":\"https:\\\/\\\/canal7slp.tv\\\/2019\\\/#organization\",\"name\":\"Comunicaci\u00f3n 2000 S.A. de C.V.\",\"url\":\"https:\\\/\\\/canal7slp.tv\\\/2019\\\/\",\"logo\":{\"@type\":\"ImageObject\",\"inLanguage\":\"es\",\"@id\":\"https:\\\/\\\/canal7slp.tv\\\/2019\\\/#\\\/schema\\\/logo\\\/image\\\/\",\"url\":\"https:\\\/\\\/canal7slp.tv\\\/2019\\\/wp-content\\\/uploads\\\/2019\\\/07\\\/logo-c7.png\",\"contentUrl\":\"https:\\\/\\\/canal7slp.tv\\\/2019\\\/wp-content\\\/uploads\\\/2019\\\/07\\\/logo-c7.png\",\"width\":220,\"height\":60,\"caption\":\"Comunicaci\u00f3n 2000 S.A. de C.V.\"},\"image\":{\"@id\":\"https:\\\/\\\/canal7slp.tv\\\/2019\\\/#\\\/schema\\\/logo\\\/image\\\/\"},\"sameAs\":[\"https:\\\/\\\/www.facebook.com\\\/CANAL7SLP\\\/\",\"https:\\\/\\\/x.com\\\/canal7_slp\",\"https:\\\/\\\/www.instagram.com\\\/canal7_slp\",\"https:\\\/\\\/www.youtube.com\\\/user\\\/NOTICIEROSCANAL7SLP\\\/\"]},{\"@type\":\"Person\",\"@id\":\"https:\\\/\\\/canal7slp.tv\\\/2019\\\/#\\\/schema\\\/person\\\/11d941c1c6ca30ac0a46b95fa37aa2e3\",\"name\":\"edicionweb\",\"image\":{\"@type\":\"ImageObject\",\"inLanguage\":\"es\",\"@id\":\"https:\\\/\\\/secure.gravatar.com\\\/avatar\\\/eee448fc3f7164808013b816ba91ac7e43bbe82a70bebac296f8bc6f0addaa1a?s=96&d=mm&r=g\",\"url\":\"https:\\\/\\\/secure.gravatar.com\\\/avatar\\\/eee448fc3f7164808013b816ba91ac7e43bbe82a70bebac296f8bc6f0addaa1a?s=96&d=mm&r=g\",\"contentUrl\":\"https:\\\/\\\/secure.gravatar.com\\\/avatar\\\/eee448fc3f7164808013b816ba91ac7e43bbe82a70bebac296f8bc6f0addaa1a?s=96&d=mm&r=g\",\"caption\":\"edicionweb\"}}]}<\/script>\n<!-- \/ Yoast SEO plugin. -->","yoast_head_json":{"title":"Culpan a Alfredo Castillo de la ca\u00edda del front\u00f3n mexicano - Canal 7 SLP - 2019","robots":{"index":"index","follow":"follow","max-snippet":"max-snippet:-1","max-image-preview":"max-image-preview:large","max-video-preview":"max-video-preview:-1"},"canonical":"https:\/\/canal7slp.tv\/2019\/culpan-a-alfredo-castillo-de-la-caida-del-fronton-mexicano\/","og_locale":"es_ES","og_type":"article","og_title":"Culpan a Alfredo Castillo de la ca\u00edda del front\u00f3n mexicano - Canal 7 SLP - 2019","og_description":"M\u00e9xico.- El nivel del front\u00f3n nacional descendi\u00f3 de la cima mundial al tercer lugar por culpa de Alfredo Castillo, titular de la Comisi\u00f3n Nacional de Cultura F\u00edsica y Deporte (Conade) en la administraci\u00f3n pasada, acus\u00f3 el presidente de la Federaci\u00f3n Mexicana de Front\u00f3n, Pedro Santamar\u00eda. En entrevista con Notimex,\u00a0Santamar\u00eda Salda\u00f1a habl\u00f3 del desconocimiento de Castillo [&hellip;]","og_url":"https:\/\/canal7slp.tv\/2019\/culpan-a-alfredo-castillo-de-la-caida-del-fronton-mexicano\/","og_site_name":"Canal 7 SLP - 2019","article_publisher":"https:\/\/www.facebook.com\/CANAL7SLP\/","article_published_time":"2019-06-05T18:03:17+00:00","og_image":[{"width":729,"height":410,"url":"https:\/\/canal7slp.tv\/2019\/wp-content\/uploads\/2019\/06\/03.jpeg","type":"image\/jpeg"}],"author":"edicionweb","twitter_card":"summary_large_image","twitter_creator":"@canal7_slp","twitter_site":"@canal7_slp","twitter_misc":{"Escrito por":"edicionweb","Tiempo de lectura":"5 minutos"},"schema":{"@context":"https:\/\/schema.org","@graph":[{"@type":"Article","@id":"https:\/\/canal7slp.tv\/2019\/culpan-a-alfredo-castillo-de-la-caida-del-fronton-mexicano\/#article","isPartOf":{"@id":"https:\/\/canal7slp.tv\/2019\/culpan-a-alfredo-castillo-de-la-caida-del-fronton-mexicano\/"},"author":{"name":"edicionweb","@id":"https:\/\/canal7slp.tv\/2019\/#\/schema\/person\/11d941c1c6ca30ac0a46b95fa37aa2e3"},"headline":"Culpan a Alfredo Castillo de la ca\u00edda del front\u00f3n mexicano","datePublished":"2019-06-05T18:03:17+00:00","mainEntityOfPage":{"@id":"https:\/\/canal7slp.tv\/2019\/culpan-a-alfredo-castillo-de-la-caida-del-fronton-mexicano\/"},"wordCount":952,"commentCount":0,"publisher":{"@id":"https:\/\/canal7slp.tv\/2019\/#organization"},"image":{"@id":"https:\/\/canal7slp.tv\/2019\/culpan-a-alfredo-castillo-de-la-caida-del-fronton-mexicano\/#primaryimage"},"thumbnailUrl":"https:\/\/canal7slp.tv\/2019\/wp-content\/uploads\/2019\/06\/03.jpeg","articleSection":["DEPORTES"],"inLanguage":"es","potentialAction":[{"@type":"CommentAction","name":"Comment","target":["https:\/\/canal7slp.tv\/2019\/culpan-a-alfredo-castillo-de-la-caida-del-fronton-mexicano\/#respond"]}]},{"@type":"WebPage","@id":"https:\/\/canal7slp.tv\/2019\/culpan-a-alfredo-castillo-de-la-caida-del-fronton-mexicano\/","url":"https:\/\/canal7slp.tv\/2019\/culpan-a-alfredo-castillo-de-la-caida-del-fronton-mexicano\/","name":"Culpan a Alfredo Castillo de la ca\u00edda del front\u00f3n mexicano - Canal 7 SLP - 2019","isPartOf":{"@id":"https:\/\/canal7slp.tv\/2019\/#website"},"primaryImageOfPage":{"@id":"https:\/\/canal7slp.tv\/2019\/culpan-a-alfredo-castillo-de-la-caida-del-fronton-mexicano\/#primaryimage"},"image":{"@id":"https:\/\/canal7slp.tv\/2019\/culpan-a-alfredo-castillo-de-la-caida-del-fronton-mexicano\/#primaryimage"},"thumbnailUrl":"https:\/\/canal7slp.tv\/2019\/wp-content\/uploads\/2019\/06\/03.jpeg","datePublished":"2019-06-05T18:03:17+00:00","breadcrumb":{"@id":"https:\/\/canal7slp.tv\/2019\/culpan-a-alfredo-castillo-de-la-caida-del-fronton-mexicano\/#breadcrumb"},"inLanguage":"es","potentialAction":[{"@type":"ReadAction","target":["https:\/\/canal7slp.tv\/2019\/culpan-a-alfredo-castillo-de-la-caida-del-fronton-mexicano\/"]}]},{"@type":"ImageObject","inLanguage":"es","@id":"https:\/\/canal7slp.tv\/2019\/culpan-a-alfredo-castillo-de-la-caida-del-fronton-mexicano\/#primaryimage","url":"https:\/\/canal7slp.tv\/2019\/wp-content\/uploads\/2019\/06\/03.jpeg","contentUrl":"https:\/\/canal7slp.tv\/2019\/wp-content\/uploads\/2019\/06\/03.jpeg","width":729,"height":410},{"@type":"BreadcrumbList","@id":"https:\/\/canal7slp.tv\/2019\/culpan-a-alfredo-castillo-de-la-caida-del-fronton-mexicano\/#breadcrumb","itemListElement":[{"@type":"ListItem","position":1,"name":"Home","item":"https:\/\/canal7slp.tv\/2019\/"},{"@type":"ListItem","position":2,"name":"Culpan a Alfredo Castillo de la ca\u00edda del front\u00f3n mexicano"}]},{"@type":"WebSite","@id":"https:\/\/canal7slp.tv\/2019\/#website","url":"https:\/\/canal7slp.tv\/2019\/","name":"Canal 7 SLP - Somos TV","description":"Somos un Canal de 10","publisher":{"@id":"https:\/\/canal7slp.tv\/2019\/#organization"},"potentialAction":[{"@type":"SearchAction","target":{"@type":"EntryPoint","urlTemplate":"https:\/\/canal7slp.tv\/2019\/?s={search_term_string}"},"query-input":{"@type":"PropertyValueSpecification","valueRequired":true,"valueName":"search_term_string"}}],"inLanguage":"es"},{"@type":"Organization","@id":"https:\/\/canal7slp.tv\/2019\/#organization","name":"Comunicaci\u00f3n 2000 S.A. de C.V.","url":"https:\/\/canal7slp.tv\/2019\/","logo":{"@type":"ImageObject","inLanguage":"es","@id":"https:\/\/canal7slp.tv\/2019\/#\/schema\/logo\/image\/","url":"https:\/\/canal7slp.tv\/2019\/wp-content\/uploads\/2019\/07\/logo-c7.png","contentUrl":"https:\/\/canal7slp.tv\/2019\/wp-content\/uploads\/2019\/07\/logo-c7.png","width":220,"height":60,"caption":"Comunicaci\u00f3n 2000 S.A. de C.V."},"image":{"@id":"https:\/\/canal7slp.tv\/2019\/#\/schema\/logo\/image\/"},"sameAs":["https:\/\/www.facebook.com\/CANAL7SLP\/","https:\/\/x.com\/canal7_slp","https:\/\/www.instagram.com\/canal7_slp","https:\/\/www.youtube.com\/user\/NOTICIEROSCANAL7SLP\/"]},{"@type":"Person","@id":"https:\/\/canal7slp.tv\/2019\/#\/schema\/person\/11d941c1c6ca30ac0a46b95fa37aa2e3","name":"edicionweb","image":{"@type":"ImageObject","inLanguage":"es","@id":"https:\/\/secure.gravatar.com\/avatar\/eee448fc3f7164808013b816ba91ac7e43bbe82a70bebac296f8bc6f0addaa1a?s=96&d=mm&r=g","url":"https:\/\/secure.gravatar.com\/avatar\/eee448fc3f7164808013b816ba91ac7e43bbe82a70bebac296f8bc6f0addaa1a?s=96&d=mm&r=g","contentUrl":"https:\/\/secure.gravatar.com\/avatar\/eee448fc3f7164808013b816ba91ac7e43bbe82a70bebac296f8bc6f0addaa1a?s=96&d=mm&r=g","caption":"edicionweb"}}]}},"amp_enabled":true,"cmb2":{"video_ids_in_playlist":{"vid_p_videos":""},"video_ids_in_channel":{"vid_c_videos":""},"playlist_ids_in_channel":{"vid_c_playlists":""},"series_ids_in_channel":{"vid_c_series":""},"channel_images":{"vid_c_logo":"","vid_c_banner":""},"poster_feature_image":{"vid_m_poster_image":""},"gif_feature_image":{"vid_m_gif_image":""},"video_movie_settings":{"vid_m_director":"","vid_m_actor":"","vid_m_imdb_ratings":"","vid_m_amazon_associates":""},"vid_youtube_broadcasts_settings":{"vid_yb_broadcast_title":"","vid_yb_q":"","vid_yb_channelid":"","vid_yb_videocategoryid":"","vid_yb_maxresults":"","vid_yb_order":"","vid_yb_regioncode":"","vid_yb_videosyndicated":"","vid_yb_style":"","vid_yb_reload_first":""},"video_series_settings":{"vid_m_director":"","vid_m_actor":"","vid_m_imdb_ratings":"","video_series_group":""},"amazon_associates_settings":{"amazon_associates":"","amazon_native_ad":""},"vid_youtube_automatic_settings":{"vid_ya_youtube_source":"","vid_ya_update_every":"","vid_ya_update_unit":"","vid_ya_categories":"","vid_ya_published_after":"","vid_ya_published_before":"","vid_ya_playlists":"","vid_ya_channels":"","vid_ya_director":"","vid_ya_actor":"","vid_ya_author":"","vid_ya_import_post_date":"","vid_ya_status":"","vid_ya_sub_api_key":""},"vid_ads_m_videoads_settings_post":{"vid_ads_m_video_ads":"","vid_ads_m_video_ads_type":"","vid_ads_m_group_google_ima":"","vid_ads_m_group_image":"","vid_ads_m_group_html5_video":"","vid_ads_m_group_html":"","vid_ads_m_vast_preroll":"","vid_ads_m_vast_postroll":"","vid_ads_m_vast_pauseroll":"","vid_ads_m_vast_midroll":[{"vid_ads_m_vast_timer_seconds":"50"}],"vid_ads_m_time_to_show_ads":"","vid_ads_m_time_skip_ads":"","vid_ads_m_time_to_hide_ads":""},"page_slider_settings":{"display_slider_group":"","page_slider_group":""},"blog_page_settings":{"blog_page_title":"","blog_page_heading":"","blog_page_ic":"","blog_page_it":"","blog_page_ec":"","blog_page_ip":"","archive_loop_style":"","blog_image_ratio":"","blog_show_categories":"","blog_show_excerpt":"","blog_show_author":"","blog_show_date":"","blog_show_comment_count":"","blog_show_view_count":"","blog_show_like_count":"","blog_show_dislike_count":"","blog_items_per_page":"","blog_pag_type":""},"page_options":{"get_page_template":"","color_mode":"","main_layout":"","main_layout_full_with":"","main_logo":"","main_logo_retina":"","main_logo_mobile":"","main_logo_mobile_retina":"","sticky_logo":"","sticky_logo_retina":"","main_nav_layout":"","ajax_search":"","header_background":"","theme_sidebar":"","instagram_feed":"","instagram_feed_position":"","popular_videos":"","popular_videos_title_1":"","popular_videos_title_2":"","popular_videos_ic":"","popular_videos_it":"","theme_background":"","page_custom_css":""},"feature_image_settings":{"feature_image_position":""},"video_player_settings":{"single_video_style":"","video_player_position":"","vm_video_url":"","video_player_library":"","video_streaming":"","vm_media_sources":"","vid_auto_play":"","vm_video_shortcode":"","vid_p_sync_playlist":"","vid_c_sync_channel":"","get_post_format":"","multiple_links_structure":"default","multi_links_title":"","vm_video_multi_links":"","vm_duration":"","vid_social_locker":"off","vid_social_locker_id":"","vid_membership_action":"content-video","vm_video_trailer_url":"","vid_download_type":"free","vid_download_target":"download","vid_woo_product":"","vm_media_download":"","user_rating":"","user_rating_position":"","user_rating_mode":"","user_rating_multi_sets":""},"video_auto_fetch_settings":{"vm_video_fetch":"on"},"video_fake_views_likes":{"vm_fake_views":"","vm_fake_likes":"","vm_fake_dislikes":""},"gallery_settings":{"gallery_position":""},"quote_settings":{"quote_position":""},"post_options":{"main_layout":"","main_logo":"","main_logo_retina":"","main_logo_mobile":"","main_logo_mobile_retina":"","sticky_logo":"","sticky_logo_retina":"","main_nav_layout":"","header_background":"","theme_sidebar":"","single_post_comment_type":"","theme_background":""}},"_links":{"self":[{"href":"https:\/\/canal7slp.tv\/2019\/wp-json\/wp\/v2\/posts\/7214","targetHints":{"allow":["GET"]}}],"collection":[{"href":"https:\/\/canal7slp.tv\/2019\/wp-json\/wp\/v2\/posts"}],"about":[{"href":"https:\/\/canal7slp.tv\/2019\/wp-json\/wp\/v2\/types\/post"}],"author":[{"embeddable":true,"href":"https:\/\/canal7slp.tv\/2019\/wp-json\/wp\/v2\/users\/2"}],"replies":[{"embeddable":true,"href":"https:\/\/canal7slp.tv\/2019\/wp-json\/wp\/v2\/comments?post=7214"}],"version-history":[{"count":0,"href":"https:\/\/canal7slp.tv\/2019\/wp-json\/wp\/v2\/posts\/7214\/revisions"}],"wp:featuredmedia":[{"embeddable":true,"href":"https:\/\/canal7slp.tv\/2019\/wp-json\/wp\/v2\/media\/7217"}],"wp:attachment":[{"href":"https:\/\/canal7slp.tv\/2019\/wp-json\/wp\/v2\/media?parent=7214"}],"wp:term":[{"taxonomy":"category","embeddable":true,"href":"https:\/\/canal7slp.tv\/2019\/wp-json\/wp\/v2\/categories?post=7214"},{"taxonomy":"post_tag","embeddable":true,"href":"https:\/\/canal7slp.tv\/2019\/wp-json\/wp\/v2\/tags?post=7214"}],"curies":[{"name":"wp","href":"https:\/\/api.w.org\/{rel}","templated":true}]}}