{"id":72092,"date":"2019-10-01T19:46:06","date_gmt":"2019-10-02T00:46:06","guid":{"rendered":"https:\/\/canal7slp.tv\/2019\/?p=72092"},"modified":"2019-10-01T19:46:06","modified_gmt":"2019-10-02T00:46:06","slug":"respaldo-a-peticion-de-jucio-politico-en-contra-de-ex-funcionarios-municipales","status":"publish","type":"post","link":"https:\/\/canal7slp.tv\/2019\/respaldo-a-peticion-de-jucio-politico-en-contra-de-ex-funcionarios-municipales\/","title":{"rendered":"Respaldo a petici\u00f3n de Jucio Pol\u00edtico en contra de ex funcionarios municipales"},"content":{"rendered":"<ul>\n<li style=\"text-align: justify\">Regidores remarcan el da\u00f1o por m\u00e1s de mil MDP que afect\u00f3 a la ciudad y a la poblaci\u00f3n<\/li>\n<\/ul>\n<p style=\"text-align: justify\">SLP.- Integrantes del Cabildo capitalino dieron su respaldo total a la exigencia del Gobierno de esta capital ante el Congreso del Estado de un juicio pol\u00edtico en contra del exalcalde, Ricardo Gallardo Ju\u00e1rez y exfuncionarios municipales, por el millonario da\u00f1o que afect\u00f3 no s\u00f3lo al erario p\u00fablico, sino tuvo un impacto negativo en la vida de quienes habitan este Municipio.<\/p>\n<p style=\"text-align: justify\">Los regidores Jaime Uriel Waldo Luna y Juan Daniel Gonz\u00e1lez Ayala coincidieron en que es un procedimiento que debe seguirse, de ah\u00ed que quienes integran el Congreso Local deben analizar y en su caso, aplicar todo el peso de la ley con las sanciones correspondientes a quienes resulten responsables.<\/p>\n<p style=\"text-align: justify\">El presidente de la Comisi\u00f3n de Hacienda Municipal, Jaime Waldo conden\u00f3 las diversas maniobras y desv\u00edos de recursos que ascienden a los m\u00e1s de mil millones de pesos que afectaron directamente al personal del Ayuntamiento, pero principalmente a la ciudad en su conjunto, \u201cpuesto que ese dinero se pudo ocupar para dar atenci\u00f3n a las peticiones de mejores servicios, m\u00e1s obras, acciones y programas por parte de la misma poblaci\u00f3n\u201d.<\/p>\n<p style=\"text-align: justify\">Coincidi\u00f3 en que la inhabilitaci\u00f3n solicitada por el Ayuntamiento de San Luis Potos\u00ed de 20 a\u00f1os a ambos exfuncionarios es independiente de las resoluciones que se pudieran dar por otros procesos legales iniciados por la autoridad municipal ante distintas instancias, \u201cporque no vamos a permitir que haya impunidad\u201d.<\/p>\n<p style=\"text-align: justify\">El regidor confi\u00f3 en que esta denuncia no sea estudiada, ni tomada con tintes partidistas o pol\u00edticos por parte de las legisladoras y diputados locales, \u201cporque lo \u00fanico que buscamos como parte del actual Gobierno Municipal es que se haga justicia y se respete el estado de derecho\u201d.<\/p>\n<p style=\"text-align: justify\">Por su parte, el regidor presidente de la Comisi\u00f3n de Desarrollo Econ\u00f3mico, Daniel Gonz\u00e1lez insisti\u00f3 en la importancia de integrar de manera correcta el expediente, adem\u00e1s de aportar las pruebas necesarias para que el Congreso Local sancione a quien tenga que sancionar.<\/p>\n<p style=\"text-align: justify\">\u201cEs un proceso al que debemos darle seguimiento desde la administraci\u00f3n municipal, puesto que el desv\u00edo de recursos nos impide hacer m\u00faltiples acciones, a comparaci\u00f3n de otras ciudades como Quer\u00e9taro donde hay continuidad y finanzas sanas que les permiten estar hoy en el nivel que se encuentran y si en San Luis se permite que cada administraci\u00f3n se conduzca fuera de la legalidad, nunca saldremos del hoyo, por eso estoy de acuerdo en que se apliquen las sanciones necesarias\u201d, concluy\u00f3.<\/p>\n","protected":false},"excerpt":{"rendered":"<p>Regidores remarcan el da\u00f1o por m\u00e1s de mil MDP que afect\u00f3 a la ciudad y a la poblaci\u00f3n SLP.- Integrantes del Cabildo capitalino dieron su respaldo total a la exigencia del Gobierno de esta capital ante el Congreso del Estado de un juicio pol\u00edtico en contra del exalcalde, Ricardo Gallardo Ju\u00e1rez y exfuncionarios municipales, por [&hellip;]<\/p>\n","protected":false},"author":2,"featured_media":72093,"comment_status":"open","ping_status":"open","sticky":false,"template":"","format":"standard","meta":{"footnotes":""},"categories":[17],"tags":[],"class_list":["post-72092","post","type-post","status-publish","format-standard","has-post-thumbnail","hentry","category-localesyregionales"],"yoast_head":"<!-- This site is optimized with the Yoast SEO plugin v27.5 - https:\/\/yoast.com\/product\/yoast-seo-wordpress\/ -->\n<title>Respaldo a petici\u00f3n de Jucio Pol\u00edtico en contra de ex funcionarios municipales - Canal 7 SLP - 2019<\/title>\n<meta name=\"robots\" content=\"index, follow, max-snippet:-1, max-image-preview:large, max-video-preview:-1\" \/>\n<link rel=\"canonical\" href=\"https:\/\/canal7slp.tv\/2019\/respaldo-a-peticion-de-jucio-politico-en-contra-de-ex-funcionarios-municipales\/\" \/>\n<meta property=\"og:locale\" content=\"es_ES\" \/>\n<meta property=\"og:type\" content=\"article\" \/>\n<meta property=\"og:title\" content=\"Respaldo a petici\u00f3n de Jucio Pol\u00edtico en contra de ex funcionarios municipales - Canal 7 SLP - 2019\" \/>\n<meta property=\"og:description\" content=\"Regidores remarcan el da\u00f1o por m\u00e1s de mil MDP que afect\u00f3 a la ciudad y a la poblaci\u00f3n SLP.- Integrantes del Cabildo capitalino dieron su respaldo total a la exigencia del Gobierno de esta capital ante el Congreso del Estado de un juicio pol\u00edtico en contra del exalcalde, Ricardo Gallardo Ju\u00e1rez y exfuncionarios municipales, por [&hellip;]\" \/>\n<meta property=\"og:url\" content=\"https:\/\/canal7slp.tv\/2019\/respaldo-a-peticion-de-jucio-politico-en-contra-de-ex-funcionarios-municipales\/\" \/>\n<meta property=\"og:site_name\" content=\"Canal 7 SLP - 2019\" \/>\n<meta property=\"article:publisher\" content=\"https:\/\/www.facebook.com\/CANAL7SLP\/\" \/>\n<meta property=\"article:published_time\" content=\"2019-10-02T00:46:06+00:00\" \/>\n<meta property=\"og:image\" content=\"https:\/\/canal7slp.tv\/2019\/wp-content\/uploads\/2019\/10\/a3.jpg\" \/>\n\t<meta property=\"og:image:width\" content=\"664\" \/>\n\t<meta property=\"og:image:height\" content=\"443\" \/>\n\t<meta property=\"og:image:type\" content=\"image\/jpeg\" \/>\n<meta name=\"author\" content=\"edicionweb\" \/>\n<meta name=\"twitter:card\" content=\"summary_large_image\" \/>\n<meta name=\"twitter:creator\" content=\"@canal7_slp\" \/>\n<meta name=\"twitter:site\" content=\"@canal7_slp\" \/>\n<meta name=\"twitter:label1\" content=\"Escrito por\" \/>\n\t<meta name=\"twitter:data1\" content=\"edicionweb\" \/>\n\t<meta name=\"twitter:label2\" content=\"Tiempo de lectura\" \/>\n\t<meta name=\"twitter:data2\" content=\"2 minutos\" \/>\n<script type=\"application\/ld+json\" class=\"yoast-schema-graph\">{\"@context\":\"https:\\\/\\\/schema.org\",\"@graph\":[{\"@type\":\"Article\",\"@id\":\"https:\\\/\\\/canal7slp.tv\\\/2019\\\/respaldo-a-peticion-de-jucio-politico-en-contra-de-ex-funcionarios-municipales\\\/#article\",\"isPartOf\":{\"@id\":\"https:\\\/\\\/canal7slp.tv\\\/2019\\\/respaldo-a-peticion-de-jucio-politico-en-contra-de-ex-funcionarios-municipales\\\/\"},\"author\":{\"name\":\"edicionweb\",\"@id\":\"https:\\\/\\\/canal7slp.tv\\\/2019\\\/#\\\/schema\\\/person\\\/11d941c1c6ca30ac0a46b95fa37aa2e3\"},\"headline\":\"Respaldo a petici\u00f3n de Jucio Pol\u00edtico en contra de ex funcionarios municipales\",\"datePublished\":\"2019-10-02T00:46:06+00:00\",\"mainEntityOfPage\":{\"@id\":\"https:\\\/\\\/canal7slp.tv\\\/2019\\\/respaldo-a-peticion-de-jucio-politico-en-contra-de-ex-funcionarios-municipales\\\/\"},\"wordCount\":457,\"commentCount\":0,\"publisher\":{\"@id\":\"https:\\\/\\\/canal7slp.tv\\\/2019\\\/#organization\"},\"image\":{\"@id\":\"https:\\\/\\\/canal7slp.tv\\\/2019\\\/respaldo-a-peticion-de-jucio-politico-en-contra-de-ex-funcionarios-municipales\\\/#primaryimage\"},\"thumbnailUrl\":\"https:\\\/\\\/canal7slp.tv\\\/2019\\\/wp-content\\\/uploads\\\/2019\\\/10\\\/a3.jpg\",\"articleSection\":[\"LOCALES Y REGIONALES\"],\"inLanguage\":\"es\",\"potentialAction\":[{\"@type\":\"CommentAction\",\"name\":\"Comment\",\"target\":[\"https:\\\/\\\/canal7slp.tv\\\/2019\\\/respaldo-a-peticion-de-jucio-politico-en-contra-de-ex-funcionarios-municipales\\\/#respond\"]}]},{\"@type\":\"WebPage\",\"@id\":\"https:\\\/\\\/canal7slp.tv\\\/2019\\\/respaldo-a-peticion-de-jucio-politico-en-contra-de-ex-funcionarios-municipales\\\/\",\"url\":\"https:\\\/\\\/canal7slp.tv\\\/2019\\\/respaldo-a-peticion-de-jucio-politico-en-contra-de-ex-funcionarios-municipales\\\/\",\"name\":\"Respaldo a petici\u00f3n de Jucio Pol\u00edtico en contra de ex funcionarios municipales - Canal 7 SLP - 2019\",\"isPartOf\":{\"@id\":\"https:\\\/\\\/canal7slp.tv\\\/2019\\\/#website\"},\"primaryImageOfPage\":{\"@id\":\"https:\\\/\\\/canal7slp.tv\\\/2019\\\/respaldo-a-peticion-de-jucio-politico-en-contra-de-ex-funcionarios-municipales\\\/#primaryimage\"},\"image\":{\"@id\":\"https:\\\/\\\/canal7slp.tv\\\/2019\\\/respaldo-a-peticion-de-jucio-politico-en-contra-de-ex-funcionarios-municipales\\\/#primaryimage\"},\"thumbnailUrl\":\"https:\\\/\\\/canal7slp.tv\\\/2019\\\/wp-content\\\/uploads\\\/2019\\\/10\\\/a3.jpg\",\"datePublished\":\"2019-10-02T00:46:06+00:00\",\"breadcrumb\":{\"@id\":\"https:\\\/\\\/canal7slp.tv\\\/2019\\\/respaldo-a-peticion-de-jucio-politico-en-contra-de-ex-funcionarios-municipales\\\/#breadcrumb\"},\"inLanguage\":\"es\",\"potentialAction\":[{\"@type\":\"ReadAction\",\"target\":[\"https:\\\/\\\/canal7slp.tv\\\/2019\\\/respaldo-a-peticion-de-jucio-politico-en-contra-de-ex-funcionarios-municipales\\\/\"]}]},{\"@type\":\"ImageObject\",\"inLanguage\":\"es\",\"@id\":\"https:\\\/\\\/canal7slp.tv\\\/2019\\\/respaldo-a-peticion-de-jucio-politico-en-contra-de-ex-funcionarios-municipales\\\/#primaryimage\",\"url\":\"https:\\\/\\\/canal7slp.tv\\\/2019\\\/wp-content\\\/uploads\\\/2019\\\/10\\\/a3.jpg\",\"contentUrl\":\"https:\\\/\\\/canal7slp.tv\\\/2019\\\/wp-content\\\/uploads\\\/2019\\\/10\\\/a3.jpg\",\"width\":664,\"height\":443},{\"@type\":\"BreadcrumbList\",\"@id\":\"https:\\\/\\\/canal7slp.tv\\\/2019\\\/respaldo-a-peticion-de-jucio-politico-en-contra-de-ex-funcionarios-municipales\\\/#breadcrumb\",\"itemListElement\":[{\"@type\":\"ListItem\",\"position\":1,\"name\":\"Home\",\"item\":\"https:\\\/\\\/canal7slp.tv\\\/2019\\\/\"},{\"@type\":\"ListItem\",\"position\":2,\"name\":\"Respaldo a petici\u00f3n de Jucio Pol\u00edtico en contra de ex funcionarios municipales\"}]},{\"@type\":\"WebSite\",\"@id\":\"https:\\\/\\\/canal7slp.tv\\\/2019\\\/#website\",\"url\":\"https:\\\/\\\/canal7slp.tv\\\/2019\\\/\",\"name\":\"Canal 7 SLP - Somos TV\",\"description\":\"Somos un Canal de 10\",\"publisher\":{\"@id\":\"https:\\\/\\\/canal7slp.tv\\\/2019\\\/#organization\"},\"potentialAction\":[{\"@type\":\"SearchAction\",\"target\":{\"@type\":\"EntryPoint\",\"urlTemplate\":\"https:\\\/\\\/canal7slp.tv\\\/2019\\\/?s={search_term_string}\"},\"query-input\":{\"@type\":\"PropertyValueSpecification\",\"valueRequired\":true,\"valueName\":\"search_term_string\"}}],\"inLanguage\":\"es\"},{\"@type\":\"Organization\",\"@id\":\"https:\\\/\\\/canal7slp.tv\\\/2019\\\/#organization\",\"name\":\"Comunicaci\u00f3n 2000 S.A. de C.V.\",\"url\":\"https:\\\/\\\/canal7slp.tv\\\/2019\\\/\",\"logo\":{\"@type\":\"ImageObject\",\"inLanguage\":\"es\",\"@id\":\"https:\\\/\\\/canal7slp.tv\\\/2019\\\/#\\\/schema\\\/logo\\\/image\\\/\",\"url\":\"https:\\\/\\\/canal7slp.tv\\\/2019\\\/wp-content\\\/uploads\\\/2019\\\/07\\\/logo-c7.png\",\"contentUrl\":\"https:\\\/\\\/canal7slp.tv\\\/2019\\\/wp-content\\\/uploads\\\/2019\\\/07\\\/logo-c7.png\",\"width\":220,\"height\":60,\"caption\":\"Comunicaci\u00f3n 2000 S.A. de C.V.\"},\"image\":{\"@id\":\"https:\\\/\\\/canal7slp.tv\\\/2019\\\/#\\\/schema\\\/logo\\\/image\\\/\"},\"sameAs\":[\"https:\\\/\\\/www.facebook.com\\\/CANAL7SLP\\\/\",\"https:\\\/\\\/x.com\\\/canal7_slp\",\"https:\\\/\\\/www.instagram.com\\\/canal7_slp\",\"https:\\\/\\\/www.youtube.com\\\/user\\\/NOTICIEROSCANAL7SLP\\\/\"]},{\"@type\":\"Person\",\"@id\":\"https:\\\/\\\/canal7slp.tv\\\/2019\\\/#\\\/schema\\\/person\\\/11d941c1c6ca30ac0a46b95fa37aa2e3\",\"name\":\"edicionweb\",\"image\":{\"@type\":\"ImageObject\",\"inLanguage\":\"es\",\"@id\":\"https:\\\/\\\/secure.gravatar.com\\\/avatar\\\/eee448fc3f7164808013b816ba91ac7e43bbe82a70bebac296f8bc6f0addaa1a?s=96&d=mm&r=g\",\"url\":\"https:\\\/\\\/secure.gravatar.com\\\/avatar\\\/eee448fc3f7164808013b816ba91ac7e43bbe82a70bebac296f8bc6f0addaa1a?s=96&d=mm&r=g\",\"contentUrl\":\"https:\\\/\\\/secure.gravatar.com\\\/avatar\\\/eee448fc3f7164808013b816ba91ac7e43bbe82a70bebac296f8bc6f0addaa1a?s=96&d=mm&r=g\",\"caption\":\"edicionweb\"}}]}<\/script>\n<!-- \/ Yoast SEO plugin. -->","yoast_head_json":{"title":"Respaldo a petici\u00f3n de Jucio Pol\u00edtico en contra de ex funcionarios municipales - Canal 7 SLP - 2019","robots":{"index":"index","follow":"follow","max-snippet":"max-snippet:-1","max-image-preview":"max-image-preview:large","max-video-preview":"max-video-preview:-1"},"canonical":"https:\/\/canal7slp.tv\/2019\/respaldo-a-peticion-de-jucio-politico-en-contra-de-ex-funcionarios-municipales\/","og_locale":"es_ES","og_type":"article","og_title":"Respaldo a petici\u00f3n de Jucio Pol\u00edtico en contra de ex funcionarios municipales - Canal 7 SLP - 2019","og_description":"Regidores remarcan el da\u00f1o por m\u00e1s de mil MDP que afect\u00f3 a la ciudad y a la poblaci\u00f3n SLP.- Integrantes del Cabildo capitalino dieron su respaldo total a la exigencia del Gobierno de esta capital ante el Congreso del Estado de un juicio pol\u00edtico en contra del exalcalde, Ricardo Gallardo Ju\u00e1rez y exfuncionarios municipales, por [&hellip;]","og_url":"https:\/\/canal7slp.tv\/2019\/respaldo-a-peticion-de-jucio-politico-en-contra-de-ex-funcionarios-municipales\/","og_site_name":"Canal 7 SLP - 2019","article_publisher":"https:\/\/www.facebook.com\/CANAL7SLP\/","article_published_time":"2019-10-02T00:46:06+00:00","og_image":[{"width":664,"height":443,"url":"https:\/\/canal7slp.tv\/2019\/wp-content\/uploads\/2019\/10\/a3.jpg","type":"image\/jpeg"}],"author":"edicionweb","twitter_card":"summary_large_image","twitter_creator":"@canal7_slp","twitter_site":"@canal7_slp","twitter_misc":{"Escrito por":"edicionweb","Tiempo de lectura":"2 minutos"},"schema":{"@context":"https:\/\/schema.org","@graph":[{"@type":"Article","@id":"https:\/\/canal7slp.tv\/2019\/respaldo-a-peticion-de-jucio-politico-en-contra-de-ex-funcionarios-municipales\/#article","isPartOf":{"@id":"https:\/\/canal7slp.tv\/2019\/respaldo-a-peticion-de-jucio-politico-en-contra-de-ex-funcionarios-municipales\/"},"author":{"name":"edicionweb","@id":"https:\/\/canal7slp.tv\/2019\/#\/schema\/person\/11d941c1c6ca30ac0a46b95fa37aa2e3"},"headline":"Respaldo a petici\u00f3n de Jucio Pol\u00edtico en contra de ex funcionarios municipales","datePublished":"2019-10-02T00:46:06+00:00","mainEntityOfPage":{"@id":"https:\/\/canal7slp.tv\/2019\/respaldo-a-peticion-de-jucio-politico-en-contra-de-ex-funcionarios-municipales\/"},"wordCount":457,"commentCount":0,"publisher":{"@id":"https:\/\/canal7slp.tv\/2019\/#organization"},"image":{"@id":"https:\/\/canal7slp.tv\/2019\/respaldo-a-peticion-de-jucio-politico-en-contra-de-ex-funcionarios-municipales\/#primaryimage"},"thumbnailUrl":"https:\/\/canal7slp.tv\/2019\/wp-content\/uploads\/2019\/10\/a3.jpg","articleSection":["LOCALES Y REGIONALES"],"inLanguage":"es","potentialAction":[{"@type":"CommentAction","name":"Comment","target":["https:\/\/canal7slp.tv\/2019\/respaldo-a-peticion-de-jucio-politico-en-contra-de-ex-funcionarios-municipales\/#respond"]}]},{"@type":"WebPage","@id":"https:\/\/canal7slp.tv\/2019\/respaldo-a-peticion-de-jucio-politico-en-contra-de-ex-funcionarios-municipales\/","url":"https:\/\/canal7slp.tv\/2019\/respaldo-a-peticion-de-jucio-politico-en-contra-de-ex-funcionarios-municipales\/","name":"Respaldo a petici\u00f3n de Jucio Pol\u00edtico en contra de ex funcionarios municipales - Canal 7 SLP - 2019","isPartOf":{"@id":"https:\/\/canal7slp.tv\/2019\/#website"},"primaryImageOfPage":{"@id":"https:\/\/canal7slp.tv\/2019\/respaldo-a-peticion-de-jucio-politico-en-contra-de-ex-funcionarios-municipales\/#primaryimage"},"image":{"@id":"https:\/\/canal7slp.tv\/2019\/respaldo-a-peticion-de-jucio-politico-en-contra-de-ex-funcionarios-municipales\/#primaryimage"},"thumbnailUrl":"https:\/\/canal7slp.tv\/2019\/wp-content\/uploads\/2019\/10\/a3.jpg","datePublished":"2019-10-02T00:46:06+00:00","breadcrumb":{"@id":"https:\/\/canal7slp.tv\/2019\/respaldo-a-peticion-de-jucio-politico-en-contra-de-ex-funcionarios-municipales\/#breadcrumb"},"inLanguage":"es","potentialAction":[{"@type":"ReadAction","target":["https:\/\/canal7slp.tv\/2019\/respaldo-a-peticion-de-jucio-politico-en-contra-de-ex-funcionarios-municipales\/"]}]},{"@type":"ImageObject","inLanguage":"es","@id":"https:\/\/canal7slp.tv\/2019\/respaldo-a-peticion-de-jucio-politico-en-contra-de-ex-funcionarios-municipales\/#primaryimage","url":"https:\/\/canal7slp.tv\/2019\/wp-content\/uploads\/2019\/10\/a3.jpg","contentUrl":"https:\/\/canal7slp.tv\/2019\/wp-content\/uploads\/2019\/10\/a3.jpg","width":664,"height":443},{"@type":"BreadcrumbList","@id":"https:\/\/canal7slp.tv\/2019\/respaldo-a-peticion-de-jucio-politico-en-contra-de-ex-funcionarios-municipales\/#breadcrumb","itemListElement":[{"@type":"ListItem","position":1,"name":"Home","item":"https:\/\/canal7slp.tv\/2019\/"},{"@type":"ListItem","position":2,"name":"Respaldo a petici\u00f3n de Jucio Pol\u00edtico en contra de ex funcionarios municipales"}]},{"@type":"WebSite","@id":"https:\/\/canal7slp.tv\/2019\/#website","url":"https:\/\/canal7slp.tv\/2019\/","name":"Canal 7 SLP - Somos TV","description":"Somos un Canal de 10","publisher":{"@id":"https:\/\/canal7slp.tv\/2019\/#organization"},"potentialAction":[{"@type":"SearchAction","target":{"@type":"EntryPoint","urlTemplate":"https:\/\/canal7slp.tv\/2019\/?s={search_term_string}"},"query-input":{"@type":"PropertyValueSpecification","valueRequired":true,"valueName":"search_term_string"}}],"inLanguage":"es"},{"@type":"Organization","@id":"https:\/\/canal7slp.tv\/2019\/#organization","name":"Comunicaci\u00f3n 2000 S.A. de C.V.","url":"https:\/\/canal7slp.tv\/2019\/","logo":{"@type":"ImageObject","inLanguage":"es","@id":"https:\/\/canal7slp.tv\/2019\/#\/schema\/logo\/image\/","url":"https:\/\/canal7slp.tv\/2019\/wp-content\/uploads\/2019\/07\/logo-c7.png","contentUrl":"https:\/\/canal7slp.tv\/2019\/wp-content\/uploads\/2019\/07\/logo-c7.png","width":220,"height":60,"caption":"Comunicaci\u00f3n 2000 S.A. de C.V."},"image":{"@id":"https:\/\/canal7slp.tv\/2019\/#\/schema\/logo\/image\/"},"sameAs":["https:\/\/www.facebook.com\/CANAL7SLP\/","https:\/\/x.com\/canal7_slp","https:\/\/www.instagram.com\/canal7_slp","https:\/\/www.youtube.com\/user\/NOTICIEROSCANAL7SLP\/"]},{"@type":"Person","@id":"https:\/\/canal7slp.tv\/2019\/#\/schema\/person\/11d941c1c6ca30ac0a46b95fa37aa2e3","name":"edicionweb","image":{"@type":"ImageObject","inLanguage":"es","@id":"https:\/\/secure.gravatar.com\/avatar\/eee448fc3f7164808013b816ba91ac7e43bbe82a70bebac296f8bc6f0addaa1a?s=96&d=mm&r=g","url":"https:\/\/secure.gravatar.com\/avatar\/eee448fc3f7164808013b816ba91ac7e43bbe82a70bebac296f8bc6f0addaa1a?s=96&d=mm&r=g","contentUrl":"https:\/\/secure.gravatar.com\/avatar\/eee448fc3f7164808013b816ba91ac7e43bbe82a70bebac296f8bc6f0addaa1a?s=96&d=mm&r=g","caption":"edicionweb"}}]}},"amp_enabled":true,"cmb2":{"video_ids_in_playlist":{"vid_p_videos":""},"video_ids_in_channel":{"vid_c_videos":""},"playlist_ids_in_channel":{"vid_c_playlists":""},"series_ids_in_channel":{"vid_c_series":""},"channel_images":{"vid_c_logo":"","vid_c_banner":""},"poster_feature_image":{"vid_m_poster_image":""},"gif_feature_image":{"vid_m_gif_image":""},"video_movie_settings":{"vid_m_director":"","vid_m_actor":"","vid_m_imdb_ratings":"","vid_m_amazon_associates":""},"vid_youtube_broadcasts_settings":{"vid_yb_broadcast_title":"","vid_yb_q":"","vid_yb_channelid":"","vid_yb_videocategoryid":"","vid_yb_maxresults":"","vid_yb_order":"","vid_yb_regioncode":"","vid_yb_videosyndicated":"","vid_yb_style":"","vid_yb_reload_first":""},"video_series_settings":{"vid_m_director":"","vid_m_actor":"","vid_m_imdb_ratings":"","video_series_group":""},"amazon_associates_settings":{"amazon_associates":"","amazon_native_ad":""},"vid_youtube_automatic_settings":{"vid_ya_youtube_source":"","vid_ya_update_every":"","vid_ya_update_unit":"","vid_ya_categories":"","vid_ya_published_after":"","vid_ya_published_before":"","vid_ya_playlists":"","vid_ya_channels":"","vid_ya_director":"","vid_ya_actor":"","vid_ya_author":"","vid_ya_import_post_date":"","vid_ya_status":"","vid_ya_sub_api_key":""},"vid_ads_m_videoads_settings_post":{"vid_ads_m_video_ads":"","vid_ads_m_video_ads_type":"","vid_ads_m_group_google_ima":"","vid_ads_m_group_image":"","vid_ads_m_group_html5_video":"","vid_ads_m_group_html":"","vid_ads_m_vast_preroll":"","vid_ads_m_vast_postroll":"","vid_ads_m_vast_pauseroll":"","vid_ads_m_vast_midroll":[{"vid_ads_m_vast_timer_seconds":"50"}],"vid_ads_m_time_to_show_ads":"","vid_ads_m_time_skip_ads":"","vid_ads_m_time_to_hide_ads":""},"page_slider_settings":{"display_slider_group":"","page_slider_group":""},"blog_page_settings":{"blog_page_title":"","blog_page_heading":"","blog_page_ic":"","blog_page_it":"","blog_page_ec":"","blog_page_ip":"","archive_loop_style":"","blog_image_ratio":"","blog_show_categories":"","blog_show_excerpt":"","blog_show_author":"","blog_show_date":"","blog_show_comment_count":"","blog_show_view_count":"","blog_show_like_count":"","blog_show_dislike_count":"","blog_items_per_page":"","blog_pag_type":""},"page_options":{"get_page_template":"","color_mode":"","main_layout":"","main_layout_full_with":"","main_logo":"","main_logo_retina":"","main_logo_mobile":"","main_logo_mobile_retina":"","sticky_logo":"","sticky_logo_retina":"","main_nav_layout":"","ajax_search":"","header_background":"","theme_sidebar":"","instagram_feed":"","instagram_feed_position":"","popular_videos":"","popular_videos_title_1":"","popular_videos_title_2":"","popular_videos_ic":"","popular_videos_it":"","theme_background":"","page_custom_css":""},"feature_image_settings":{"feature_image_position":""},"video_player_settings":{"single_video_style":"","video_player_position":"","vm_video_url":"","video_player_library":"","video_streaming":"","vm_media_sources":"","vid_auto_play":"","vm_video_shortcode":"","vid_p_sync_playlist":"","vid_c_sync_channel":"","get_post_format":"","multiple_links_structure":"default","multi_links_title":"","vm_video_multi_links":"","vm_duration":"","vid_social_locker":"off","vid_social_locker_id":"","vid_membership_action":"content-video","vm_video_trailer_url":"","vid_download_type":"free","vid_download_target":"download","vid_woo_product":"","vm_media_download":"","user_rating":"","user_rating_position":"","user_rating_mode":"","user_rating_multi_sets":""},"video_auto_fetch_settings":{"vm_video_fetch":"on"},"video_fake_views_likes":{"vm_fake_views":"","vm_fake_likes":"","vm_fake_dislikes":""},"gallery_settings":{"gallery_position":""},"quote_settings":{"quote_position":""},"post_options":{"main_layout":"","main_logo":"","main_logo_retina":"","main_logo_mobile":"","main_logo_mobile_retina":"","sticky_logo":"","sticky_logo_retina":"","main_nav_layout":"","header_background":"","theme_sidebar":"","single_post_comment_type":"","theme_background":""}},"_links":{"self":[{"href":"https:\/\/canal7slp.tv\/2019\/wp-json\/wp\/v2\/posts\/72092","targetHints":{"allow":["GET"]}}],"collection":[{"href":"https:\/\/canal7slp.tv\/2019\/wp-json\/wp\/v2\/posts"}],"about":[{"href":"https:\/\/canal7slp.tv\/2019\/wp-json\/wp\/v2\/types\/post"}],"author":[{"embeddable":true,"href":"https:\/\/canal7slp.tv\/2019\/wp-json\/wp\/v2\/users\/2"}],"replies":[{"embeddable":true,"href":"https:\/\/canal7slp.tv\/2019\/wp-json\/wp\/v2\/comments?post=72092"}],"version-history":[{"count":0,"href":"https:\/\/canal7slp.tv\/2019\/wp-json\/wp\/v2\/posts\/72092\/revisions"}],"wp:featuredmedia":[{"embeddable":true,"href":"https:\/\/canal7slp.tv\/2019\/wp-json\/wp\/v2\/media\/72093"}],"wp:attachment":[{"href":"https:\/\/canal7slp.tv\/2019\/wp-json\/wp\/v2\/media?parent=72092"}],"wp:term":[{"taxonomy":"category","embeddable":true,"href":"https:\/\/canal7slp.tv\/2019\/wp-json\/wp\/v2\/categories?post=72092"},{"taxonomy":"post_tag","embeddable":true,"href":"https:\/\/canal7slp.tv\/2019\/wp-json\/wp\/v2\/tags?post=72092"}],"curies":[{"name":"wp","href":"https:\/\/api.w.org\/{rel}","templated":true}]}}