{"id":71926,"date":"2019-10-01T12:08:28","date_gmt":"2019-10-01T17:08:28","guid":{"rendered":"https:\/\/canal7slp.tv\/2019\/?p=71926"},"modified":"2019-10-01T12:08:28","modified_gmt":"2019-10-01T17:08:28","slug":"letras-que-se-mueven-en-un-mundo-imposible","status":"publish","type":"post","link":"https:\/\/canal7slp.tv\/2019\/letras-que-se-mueven-en-un-mundo-imposible\/","title":{"rendered":"Letras que se mueven en un mundo imposible"},"content":{"rendered":"<ul>\n<li style=\"text-align: justify\">El Premio de Literatura Ciudad y Naturaleza Jos\u00e9 Emilio Pacheco, que en su edici\u00f3n 2019 premi\u00f3 al cuento, tuvo como galardonada a la escritora Claudia Cabrera Espinosa<\/li>\n<\/ul>\n<p style=\"text-align: justify\">M\u00e9xico.- La ganadora del Premio de Literatura Ciudad y Naturaleza Jos\u00e9 Emilio Pacheco fue Claudia Cabrera Espinosa, elegida por un jurado compuesto por Beatriz Espejo, Vicente Quirarte y Alberto Chimal. Su colecci\u00f3n de relatos se titula \u201cPosibilidad de los mundos\u201d, presentado con el seud\u00f3nimo de Matilde Huertas. El acta del jurado resalt\u00f3 sobre la obra: \u201cHay atisbos de perturbaciones del mundo natural que destruyen o modifican especies, o bien que cambian las relaciones entre ellas y los seres humanos\u201d. Dotado con 10 mil d\u00f3lares, el Premio de Literatura Ciudad y Naturaleza Jos\u00e9 Emilio Pacheco alterna a\u00f1o con a\u00f1o entre la poes\u00eda y el cuento, g\u00e9neros que frecuent\u00f3 el escritor.<\/p>\n<p style=\"text-align: justify\">V\u00eda telef\u00f3nica, la cuentista platic\u00f3 del libro breve de cuentos que present\u00f3 al certamen organizado por la FIL: \u201cEl t\u00edtulo es porque trato de plantear distintas posibilidades de lo que podr\u00eda ocurrir de acuerdo con lo que se haga de los recursos naturales en el futuro. En dos de los cuentos s\u00ed es un plano futurista, son dos posibilidades: en uno es una posibilidad positiva. Se trata de qu\u00e9 pasar\u00eda en el caso de Xochimilco. Si el gobierno tomara medidas, si se convirtiera en un parque nacional: que la gente pudiera estar en mayor contacto, mucho m\u00e1s cerca con la naturaleza. El otro es tambi\u00e9n del futuro, se llama \u2018V\u00edas r\u00e1pidas\u2019: trata del colapso de las calles en la Ciudad de M\u00e9xico y las medidas que se tomar\u00edan para que la gente tenga la ilusi\u00f3n de que siga avanzando aunque tenga horas en el tr\u00e1fico. Como hologramas en las ventanas del Metrob\u00fas para que veamos la fauna y flora que ya no existen. Son proyecciones con animales y \u00e1rboles: aunque el Metrob\u00fas est\u00e1 detenido hay una ilusi\u00f3n de movimiento, cuando los traslados ya son imposibles\u201d.<\/p>\n<p style=\"text-align: justify\">A prop\u00f3sito del tema y la actualidad de que tienen la ciudad y la naturaleza (dos motivos constantes la obra de Jos\u00e9 Emilio Pacheco), Claudia agreg\u00f3: \u201cEs una tem\u00e1tica y una relaci\u00f3n que era total y absolutamente necesaria. Al final los escritores tenemos que retratar la \u00e9poca en que vivimos, aunque no forzosamente, pero es una de las posibilidades. Ahora mismo vivimos como sociedad y como mundo un momento muy dif\u00edcil y cr\u00edtico en las cuestiones clim\u00e1ticas. Cada quien trata el tema desde su trinchera: los cient\u00edficos hacen lo suyo, el gobierno y las empresas. Nosotros tratamos de humanizar esta parte y desarrollar historias que retratan c\u00f3mo el ser humano est\u00e1 siendo afectado\u201d.<\/p>\n<p style=\"text-align: justify\">Otros cuentos se presentan con situaciones que ya se est\u00e1n dando: \u201cComo las inundaciones: una pareja se queda atrapada en su departamento por una inundaci\u00f3n de muchos d\u00edas, se inunda tanto la ciudad que ya no pueden salir de la casa. Tiene que ver con la relaci\u00f3n de los personajes entre ellos. Intent\u00e9 en todo el libro que partiera de la cuesti\u00f3n clim\u00e1tica y la relaci\u00f3n del ser humano con la naturaleza y la ciudad, pero sobre todo destacar las relaciones entre las personas y qu\u00e9 pasar\u00eda si llegamos a situaciones l\u00edmite. En los otros dos cuentos es la relaci\u00f3n con los personajes con la fauna que tienen en sus propias casas: cuando la naturaleza se mete al hogar y hay roedores, ara\u00f1as, cucarachas, todo ese tipo de cosas. Es el desarrollo de los personajes a partir de su relaci\u00f3n con estos bichos. Uno de los cuentos se llama \u2018La lucha\u2019 y es su lucha con los mosquitos que est\u00e1n en su casa. Hay diversidad con los temas, todo entorno a la relaci\u00f3n entre el ser humano con la naturaleza\u201d.<\/p>\n<p style=\"text-align: justify\">Sobre el origen de esta colecci\u00f3n y su decisi\u00f3n de enviarlo al premio, la autora platic\u00f3: \u201cYa ten\u00eda varios pensados y escritos, uno completo y en otro trabajaba. Pensaba en los personajes y en la fauna, es algo que me ha pasado. Tambi\u00e9n alrededor de una cuesti\u00f3n geogr\u00e1fica: en el libro no se habla de la Ciudad de M\u00e9xico, lo llamo \u2018capital\u2019. Es indeterminado, aunque si alguien de la Ciudad de M\u00e9xico lo lee puede reconocerla f\u00e1cilmente. Vi la convocatoria y escrib\u00ed m\u00e1s cuentos sobre la cuesti\u00f3n geogr\u00e1fica\u201d.<\/p>\n","protected":false},"excerpt":{"rendered":"<p>El Premio de Literatura Ciudad y Naturaleza Jos\u00e9 Emilio Pacheco, que en su edici\u00f3n 2019 premi\u00f3 al cuento, tuvo como galardonada a la escritora Claudia Cabrera Espinosa M\u00e9xico.- La ganadora del Premio de Literatura Ciudad y Naturaleza Jos\u00e9 Emilio Pacheco fue Claudia Cabrera Espinosa, elegida por un jurado compuesto por Beatriz Espejo, Vicente Quirarte y [&hellip;]<\/p>\n","protected":false},"author":2,"featured_media":71927,"comment_status":"open","ping_status":"open","sticky":false,"template":"","format":"standard","meta":{"footnotes":""},"categories":[25],"tags":[],"class_list":["post-71926","post","type-post","status-publish","format-standard","has-post-thumbnail","hentry","category-cultura"],"yoast_head":"<!-- This site is optimized with the Yoast SEO plugin v27.5 - https:\/\/yoast.com\/product\/yoast-seo-wordpress\/ -->\n<title>Letras que se mueven en un mundo imposible - Canal 7 SLP - 2019<\/title>\n<meta name=\"robots\" content=\"index, follow, max-snippet:-1, max-image-preview:large, max-video-preview:-1\" \/>\n<link rel=\"canonical\" href=\"https:\/\/canal7slp.tv\/2019\/letras-que-se-mueven-en-un-mundo-imposible\/\" \/>\n<meta property=\"og:locale\" content=\"es_ES\" \/>\n<meta property=\"og:type\" content=\"article\" \/>\n<meta property=\"og:title\" content=\"Letras que se mueven en un mundo imposible - Canal 7 SLP - 2019\" \/>\n<meta property=\"og:description\" content=\"El Premio de Literatura Ciudad y Naturaleza Jos\u00e9 Emilio Pacheco, que en su edici\u00f3n 2019 premi\u00f3 al cuento, tuvo como galardonada a la escritora Claudia Cabrera Espinosa M\u00e9xico.- La ganadora del Premio de Literatura Ciudad y Naturaleza Jos\u00e9 Emilio Pacheco fue Claudia Cabrera Espinosa, elegida por un jurado compuesto por Beatriz Espejo, Vicente Quirarte y [&hellip;]\" \/>\n<meta property=\"og:url\" content=\"https:\/\/canal7slp.tv\/2019\/letras-que-se-mueven-en-un-mundo-imposible\/\" \/>\n<meta property=\"og:site_name\" content=\"Canal 7 SLP - 2019\" \/>\n<meta property=\"article:publisher\" content=\"https:\/\/www.facebook.com\/CANAL7SLP\/\" \/>\n<meta property=\"article:published_time\" content=\"2019-10-01T17:08:28+00:00\" \/>\n<meta property=\"og:image\" content=\"https:\/\/canal7slp.tv\/2019\/wp-content\/uploads\/2019\/10\/1245.jpg\" \/>\n\t<meta property=\"og:image:width\" content=\"770\" \/>\n\t<meta property=\"og:image:height\" content=\"485\" \/>\n\t<meta property=\"og:image:type\" content=\"image\/jpeg\" \/>\n<meta name=\"author\" content=\"edicionweb\" \/>\n<meta name=\"twitter:card\" content=\"summary_large_image\" \/>\n<meta name=\"twitter:creator\" content=\"@canal7_slp\" \/>\n<meta name=\"twitter:site\" content=\"@canal7_slp\" \/>\n<meta name=\"twitter:label1\" content=\"Escrito por\" \/>\n\t<meta name=\"twitter:data1\" content=\"edicionweb\" \/>\n\t<meta name=\"twitter:label2\" content=\"Tiempo de lectura\" \/>\n\t<meta name=\"twitter:data2\" content=\"4 minutos\" \/>\n<script type=\"application\/ld+json\" class=\"yoast-schema-graph\">{\"@context\":\"https:\\\/\\\/schema.org\",\"@graph\":[{\"@type\":\"Article\",\"@id\":\"https:\\\/\\\/canal7slp.tv\\\/2019\\\/letras-que-se-mueven-en-un-mundo-imposible\\\/#article\",\"isPartOf\":{\"@id\":\"https:\\\/\\\/canal7slp.tv\\\/2019\\\/letras-que-se-mueven-en-un-mundo-imposible\\\/\"},\"author\":{\"name\":\"edicionweb\",\"@id\":\"https:\\\/\\\/canal7slp.tv\\\/2019\\\/#\\\/schema\\\/person\\\/11d941c1c6ca30ac0a46b95fa37aa2e3\"},\"headline\":\"Letras que se mueven en un mundo imposible\",\"datePublished\":\"2019-10-01T17:08:28+00:00\",\"mainEntityOfPage\":{\"@id\":\"https:\\\/\\\/canal7slp.tv\\\/2019\\\/letras-que-se-mueven-en-un-mundo-imposible\\\/\"},\"wordCount\":768,\"commentCount\":0,\"publisher\":{\"@id\":\"https:\\\/\\\/canal7slp.tv\\\/2019\\\/#organization\"},\"image\":{\"@id\":\"https:\\\/\\\/canal7slp.tv\\\/2019\\\/letras-que-se-mueven-en-un-mundo-imposible\\\/#primaryimage\"},\"thumbnailUrl\":\"https:\\\/\\\/canal7slp.tv\\\/2019\\\/wp-content\\\/uploads\\\/2019\\\/10\\\/1245.jpg\",\"articleSection\":[\"CULTURA\"],\"inLanguage\":\"es\",\"potentialAction\":[{\"@type\":\"CommentAction\",\"name\":\"Comment\",\"target\":[\"https:\\\/\\\/canal7slp.tv\\\/2019\\\/letras-que-se-mueven-en-un-mundo-imposible\\\/#respond\"]}]},{\"@type\":\"WebPage\",\"@id\":\"https:\\\/\\\/canal7slp.tv\\\/2019\\\/letras-que-se-mueven-en-un-mundo-imposible\\\/\",\"url\":\"https:\\\/\\\/canal7slp.tv\\\/2019\\\/letras-que-se-mueven-en-un-mundo-imposible\\\/\",\"name\":\"Letras que se mueven en un mundo imposible - Canal 7 SLP - 2019\",\"isPartOf\":{\"@id\":\"https:\\\/\\\/canal7slp.tv\\\/2019\\\/#website\"},\"primaryImageOfPage\":{\"@id\":\"https:\\\/\\\/canal7slp.tv\\\/2019\\\/letras-que-se-mueven-en-un-mundo-imposible\\\/#primaryimage\"},\"image\":{\"@id\":\"https:\\\/\\\/canal7slp.tv\\\/2019\\\/letras-que-se-mueven-en-un-mundo-imposible\\\/#primaryimage\"},\"thumbnailUrl\":\"https:\\\/\\\/canal7slp.tv\\\/2019\\\/wp-content\\\/uploads\\\/2019\\\/10\\\/1245.jpg\",\"datePublished\":\"2019-10-01T17:08:28+00:00\",\"breadcrumb\":{\"@id\":\"https:\\\/\\\/canal7slp.tv\\\/2019\\\/letras-que-se-mueven-en-un-mundo-imposible\\\/#breadcrumb\"},\"inLanguage\":\"es\",\"potentialAction\":[{\"@type\":\"ReadAction\",\"target\":[\"https:\\\/\\\/canal7slp.tv\\\/2019\\\/letras-que-se-mueven-en-un-mundo-imposible\\\/\"]}]},{\"@type\":\"ImageObject\",\"inLanguage\":\"es\",\"@id\":\"https:\\\/\\\/canal7slp.tv\\\/2019\\\/letras-que-se-mueven-en-un-mundo-imposible\\\/#primaryimage\",\"url\":\"https:\\\/\\\/canal7slp.tv\\\/2019\\\/wp-content\\\/uploads\\\/2019\\\/10\\\/1245.jpg\",\"contentUrl\":\"https:\\\/\\\/canal7slp.tv\\\/2019\\\/wp-content\\\/uploads\\\/2019\\\/10\\\/1245.jpg\",\"width\":770,\"height\":485},{\"@type\":\"BreadcrumbList\",\"@id\":\"https:\\\/\\\/canal7slp.tv\\\/2019\\\/letras-que-se-mueven-en-un-mundo-imposible\\\/#breadcrumb\",\"itemListElement\":[{\"@type\":\"ListItem\",\"position\":1,\"name\":\"Home\",\"item\":\"https:\\\/\\\/canal7slp.tv\\\/2019\\\/\"},{\"@type\":\"ListItem\",\"position\":2,\"name\":\"Letras que se mueven en un mundo imposible\"}]},{\"@type\":\"WebSite\",\"@id\":\"https:\\\/\\\/canal7slp.tv\\\/2019\\\/#website\",\"url\":\"https:\\\/\\\/canal7slp.tv\\\/2019\\\/\",\"name\":\"Canal 7 SLP - Somos TV\",\"description\":\"Somos un Canal de 10\",\"publisher\":{\"@id\":\"https:\\\/\\\/canal7slp.tv\\\/2019\\\/#organization\"},\"potentialAction\":[{\"@type\":\"SearchAction\",\"target\":{\"@type\":\"EntryPoint\",\"urlTemplate\":\"https:\\\/\\\/canal7slp.tv\\\/2019\\\/?s={search_term_string}\"},\"query-input\":{\"@type\":\"PropertyValueSpecification\",\"valueRequired\":true,\"valueName\":\"search_term_string\"}}],\"inLanguage\":\"es\"},{\"@type\":\"Organization\",\"@id\":\"https:\\\/\\\/canal7slp.tv\\\/2019\\\/#organization\",\"name\":\"Comunicaci\u00f3n 2000 S.A. de C.V.\",\"url\":\"https:\\\/\\\/canal7slp.tv\\\/2019\\\/\",\"logo\":{\"@type\":\"ImageObject\",\"inLanguage\":\"es\",\"@id\":\"https:\\\/\\\/canal7slp.tv\\\/2019\\\/#\\\/schema\\\/logo\\\/image\\\/\",\"url\":\"https:\\\/\\\/canal7slp.tv\\\/2019\\\/wp-content\\\/uploads\\\/2019\\\/07\\\/logo-c7.png\",\"contentUrl\":\"https:\\\/\\\/canal7slp.tv\\\/2019\\\/wp-content\\\/uploads\\\/2019\\\/07\\\/logo-c7.png\",\"width\":220,\"height\":60,\"caption\":\"Comunicaci\u00f3n 2000 S.A. de C.V.\"},\"image\":{\"@id\":\"https:\\\/\\\/canal7slp.tv\\\/2019\\\/#\\\/schema\\\/logo\\\/image\\\/\"},\"sameAs\":[\"https:\\\/\\\/www.facebook.com\\\/CANAL7SLP\\\/\",\"https:\\\/\\\/x.com\\\/canal7_slp\",\"https:\\\/\\\/www.instagram.com\\\/canal7_slp\",\"https:\\\/\\\/www.youtube.com\\\/user\\\/NOTICIEROSCANAL7SLP\\\/\"]},{\"@type\":\"Person\",\"@id\":\"https:\\\/\\\/canal7slp.tv\\\/2019\\\/#\\\/schema\\\/person\\\/11d941c1c6ca30ac0a46b95fa37aa2e3\",\"name\":\"edicionweb\",\"image\":{\"@type\":\"ImageObject\",\"inLanguage\":\"es\",\"@id\":\"https:\\\/\\\/secure.gravatar.com\\\/avatar\\\/eee448fc3f7164808013b816ba91ac7e43bbe82a70bebac296f8bc6f0addaa1a?s=96&d=mm&r=g\",\"url\":\"https:\\\/\\\/secure.gravatar.com\\\/avatar\\\/eee448fc3f7164808013b816ba91ac7e43bbe82a70bebac296f8bc6f0addaa1a?s=96&d=mm&r=g\",\"contentUrl\":\"https:\\\/\\\/secure.gravatar.com\\\/avatar\\\/eee448fc3f7164808013b816ba91ac7e43bbe82a70bebac296f8bc6f0addaa1a?s=96&d=mm&r=g\",\"caption\":\"edicionweb\"}}]}<\/script>\n<!-- \/ Yoast SEO plugin. -->","yoast_head_json":{"title":"Letras que se mueven en un mundo imposible - Canal 7 SLP - 2019","robots":{"index":"index","follow":"follow","max-snippet":"max-snippet:-1","max-image-preview":"max-image-preview:large","max-video-preview":"max-video-preview:-1"},"canonical":"https:\/\/canal7slp.tv\/2019\/letras-que-se-mueven-en-un-mundo-imposible\/","og_locale":"es_ES","og_type":"article","og_title":"Letras que se mueven en un mundo imposible - Canal 7 SLP - 2019","og_description":"El Premio de Literatura Ciudad y Naturaleza Jos\u00e9 Emilio Pacheco, que en su edici\u00f3n 2019 premi\u00f3 al cuento, tuvo como galardonada a la escritora Claudia Cabrera Espinosa M\u00e9xico.- La ganadora del Premio de Literatura Ciudad y Naturaleza Jos\u00e9 Emilio Pacheco fue Claudia Cabrera Espinosa, elegida por un jurado compuesto por Beatriz Espejo, Vicente Quirarte y [&hellip;]","og_url":"https:\/\/canal7slp.tv\/2019\/letras-que-se-mueven-en-un-mundo-imposible\/","og_site_name":"Canal 7 SLP - 2019","article_publisher":"https:\/\/www.facebook.com\/CANAL7SLP\/","article_published_time":"2019-10-01T17:08:28+00:00","og_image":[{"width":770,"height":485,"url":"https:\/\/canal7slp.tv\/2019\/wp-content\/uploads\/2019\/10\/1245.jpg","type":"image\/jpeg"}],"author":"edicionweb","twitter_card":"summary_large_image","twitter_creator":"@canal7_slp","twitter_site":"@canal7_slp","twitter_misc":{"Escrito por":"edicionweb","Tiempo de lectura":"4 minutos"},"schema":{"@context":"https:\/\/schema.org","@graph":[{"@type":"Article","@id":"https:\/\/canal7slp.tv\/2019\/letras-que-se-mueven-en-un-mundo-imposible\/#article","isPartOf":{"@id":"https:\/\/canal7slp.tv\/2019\/letras-que-se-mueven-en-un-mundo-imposible\/"},"author":{"name":"edicionweb","@id":"https:\/\/canal7slp.tv\/2019\/#\/schema\/person\/11d941c1c6ca30ac0a46b95fa37aa2e3"},"headline":"Letras que se mueven en un mundo imposible","datePublished":"2019-10-01T17:08:28+00:00","mainEntityOfPage":{"@id":"https:\/\/canal7slp.tv\/2019\/letras-que-se-mueven-en-un-mundo-imposible\/"},"wordCount":768,"commentCount":0,"publisher":{"@id":"https:\/\/canal7slp.tv\/2019\/#organization"},"image":{"@id":"https:\/\/canal7slp.tv\/2019\/letras-que-se-mueven-en-un-mundo-imposible\/#primaryimage"},"thumbnailUrl":"https:\/\/canal7slp.tv\/2019\/wp-content\/uploads\/2019\/10\/1245.jpg","articleSection":["CULTURA"],"inLanguage":"es","potentialAction":[{"@type":"CommentAction","name":"Comment","target":["https:\/\/canal7slp.tv\/2019\/letras-que-se-mueven-en-un-mundo-imposible\/#respond"]}]},{"@type":"WebPage","@id":"https:\/\/canal7slp.tv\/2019\/letras-que-se-mueven-en-un-mundo-imposible\/","url":"https:\/\/canal7slp.tv\/2019\/letras-que-se-mueven-en-un-mundo-imposible\/","name":"Letras que se mueven en un mundo imposible - Canal 7 SLP - 2019","isPartOf":{"@id":"https:\/\/canal7slp.tv\/2019\/#website"},"primaryImageOfPage":{"@id":"https:\/\/canal7slp.tv\/2019\/letras-que-se-mueven-en-un-mundo-imposible\/#primaryimage"},"image":{"@id":"https:\/\/canal7slp.tv\/2019\/letras-que-se-mueven-en-un-mundo-imposible\/#primaryimage"},"thumbnailUrl":"https:\/\/canal7slp.tv\/2019\/wp-content\/uploads\/2019\/10\/1245.jpg","datePublished":"2019-10-01T17:08:28+00:00","breadcrumb":{"@id":"https:\/\/canal7slp.tv\/2019\/letras-que-se-mueven-en-un-mundo-imposible\/#breadcrumb"},"inLanguage":"es","potentialAction":[{"@type":"ReadAction","target":["https:\/\/canal7slp.tv\/2019\/letras-que-se-mueven-en-un-mundo-imposible\/"]}]},{"@type":"ImageObject","inLanguage":"es","@id":"https:\/\/canal7slp.tv\/2019\/letras-que-se-mueven-en-un-mundo-imposible\/#primaryimage","url":"https:\/\/canal7slp.tv\/2019\/wp-content\/uploads\/2019\/10\/1245.jpg","contentUrl":"https:\/\/canal7slp.tv\/2019\/wp-content\/uploads\/2019\/10\/1245.jpg","width":770,"height":485},{"@type":"BreadcrumbList","@id":"https:\/\/canal7slp.tv\/2019\/letras-que-se-mueven-en-un-mundo-imposible\/#breadcrumb","itemListElement":[{"@type":"ListItem","position":1,"name":"Home","item":"https:\/\/canal7slp.tv\/2019\/"},{"@type":"ListItem","position":2,"name":"Letras que se mueven en un mundo imposible"}]},{"@type":"WebSite","@id":"https:\/\/canal7slp.tv\/2019\/#website","url":"https:\/\/canal7slp.tv\/2019\/","name":"Canal 7 SLP - Somos TV","description":"Somos un Canal de 10","publisher":{"@id":"https:\/\/canal7slp.tv\/2019\/#organization"},"potentialAction":[{"@type":"SearchAction","target":{"@type":"EntryPoint","urlTemplate":"https:\/\/canal7slp.tv\/2019\/?s={search_term_string}"},"query-input":{"@type":"PropertyValueSpecification","valueRequired":true,"valueName":"search_term_string"}}],"inLanguage":"es"},{"@type":"Organization","@id":"https:\/\/canal7slp.tv\/2019\/#organization","name":"Comunicaci\u00f3n 2000 S.A. de C.V.","url":"https:\/\/canal7slp.tv\/2019\/","logo":{"@type":"ImageObject","inLanguage":"es","@id":"https:\/\/canal7slp.tv\/2019\/#\/schema\/logo\/image\/","url":"https:\/\/canal7slp.tv\/2019\/wp-content\/uploads\/2019\/07\/logo-c7.png","contentUrl":"https:\/\/canal7slp.tv\/2019\/wp-content\/uploads\/2019\/07\/logo-c7.png","width":220,"height":60,"caption":"Comunicaci\u00f3n 2000 S.A. de C.V."},"image":{"@id":"https:\/\/canal7slp.tv\/2019\/#\/schema\/logo\/image\/"},"sameAs":["https:\/\/www.facebook.com\/CANAL7SLP\/","https:\/\/x.com\/canal7_slp","https:\/\/www.instagram.com\/canal7_slp","https:\/\/www.youtube.com\/user\/NOTICIEROSCANAL7SLP\/"]},{"@type":"Person","@id":"https:\/\/canal7slp.tv\/2019\/#\/schema\/person\/11d941c1c6ca30ac0a46b95fa37aa2e3","name":"edicionweb","image":{"@type":"ImageObject","inLanguage":"es","@id":"https:\/\/secure.gravatar.com\/avatar\/eee448fc3f7164808013b816ba91ac7e43bbe82a70bebac296f8bc6f0addaa1a?s=96&d=mm&r=g","url":"https:\/\/secure.gravatar.com\/avatar\/eee448fc3f7164808013b816ba91ac7e43bbe82a70bebac296f8bc6f0addaa1a?s=96&d=mm&r=g","contentUrl":"https:\/\/secure.gravatar.com\/avatar\/eee448fc3f7164808013b816ba91ac7e43bbe82a70bebac296f8bc6f0addaa1a?s=96&d=mm&r=g","caption":"edicionweb"}}]}},"amp_enabled":true,"cmb2":{"video_ids_in_playlist":{"vid_p_videos":""},"video_ids_in_channel":{"vid_c_videos":""},"playlist_ids_in_channel":{"vid_c_playlists":""},"series_ids_in_channel":{"vid_c_series":""},"channel_images":{"vid_c_logo":"","vid_c_banner":""},"poster_feature_image":{"vid_m_poster_image":""},"gif_feature_image":{"vid_m_gif_image":""},"video_movie_settings":{"vid_m_director":"","vid_m_actor":"","vid_m_imdb_ratings":"","vid_m_amazon_associates":""},"vid_youtube_broadcasts_settings":{"vid_yb_broadcast_title":"","vid_yb_q":"","vid_yb_channelid":"","vid_yb_videocategoryid":"","vid_yb_maxresults":"","vid_yb_order":"","vid_yb_regioncode":"","vid_yb_videosyndicated":"","vid_yb_style":"","vid_yb_reload_first":""},"video_series_settings":{"vid_m_director":"","vid_m_actor":"","vid_m_imdb_ratings":"","video_series_group":""},"amazon_associates_settings":{"amazon_associates":"","amazon_native_ad":""},"vid_youtube_automatic_settings":{"vid_ya_youtube_source":"","vid_ya_update_every":"","vid_ya_update_unit":"","vid_ya_categories":"","vid_ya_published_after":"","vid_ya_published_before":"","vid_ya_playlists":"","vid_ya_channels":"","vid_ya_director":"","vid_ya_actor":"","vid_ya_author":"","vid_ya_import_post_date":"","vid_ya_status":"","vid_ya_sub_api_key":""},"vid_ads_m_videoads_settings_post":{"vid_ads_m_video_ads":"","vid_ads_m_video_ads_type":"","vid_ads_m_group_google_ima":"","vid_ads_m_group_image":"","vid_ads_m_group_html5_video":"","vid_ads_m_group_html":"","vid_ads_m_vast_preroll":"","vid_ads_m_vast_postroll":"","vid_ads_m_vast_pauseroll":"","vid_ads_m_vast_midroll":[{"vid_ads_m_vast_timer_seconds":"50"}],"vid_ads_m_time_to_show_ads":"","vid_ads_m_time_skip_ads":"","vid_ads_m_time_to_hide_ads":""},"page_slider_settings":{"display_slider_group":"","page_slider_group":""},"blog_page_settings":{"blog_page_title":"","blog_page_heading":"","blog_page_ic":"","blog_page_it":"","blog_page_ec":"","blog_page_ip":"","archive_loop_style":"","blog_image_ratio":"","blog_show_categories":"","blog_show_excerpt":"","blog_show_author":"","blog_show_date":"","blog_show_comment_count":"","blog_show_view_count":"","blog_show_like_count":"","blog_show_dislike_count":"","blog_items_per_page":"","blog_pag_type":""},"page_options":{"get_page_template":"","color_mode":"","main_layout":"","main_layout_full_with":"","main_logo":"","main_logo_retina":"","main_logo_mobile":"","main_logo_mobile_retina":"","sticky_logo":"","sticky_logo_retina":"","main_nav_layout":"","ajax_search":"","header_background":"","theme_sidebar":"","instagram_feed":"","instagram_feed_position":"","popular_videos":"","popular_videos_title_1":"","popular_videos_title_2":"","popular_videos_ic":"","popular_videos_it":"","theme_background":"","page_custom_css":""},"feature_image_settings":{"feature_image_position":""},"video_player_settings":{"single_video_style":"","video_player_position":"","vm_video_url":"","video_player_library":"","video_streaming":"","vm_media_sources":"","vid_auto_play":"","vm_video_shortcode":"","vid_p_sync_playlist":"","vid_c_sync_channel":"","get_post_format":"","multiple_links_structure":"default","multi_links_title":"","vm_video_multi_links":"","vm_duration":"","vid_social_locker":"off","vid_social_locker_id":"","vid_membership_action":"content-video","vm_video_trailer_url":"","vid_download_type":"free","vid_download_target":"download","vid_woo_product":"","vm_media_download":"","user_rating":"","user_rating_position":"","user_rating_mode":"","user_rating_multi_sets":""},"video_auto_fetch_settings":{"vm_video_fetch":"on"},"video_fake_views_likes":{"vm_fake_views":"","vm_fake_likes":"","vm_fake_dislikes":""},"gallery_settings":{"gallery_position":""},"quote_settings":{"quote_position":""},"post_options":{"main_layout":"","main_logo":"","main_logo_retina":"","main_logo_mobile":"","main_logo_mobile_retina":"","sticky_logo":"","sticky_logo_retina":"","main_nav_layout":"","header_background":"","theme_sidebar":"","single_post_comment_type":"","theme_background":""}},"_links":{"self":[{"href":"https:\/\/canal7slp.tv\/2019\/wp-json\/wp\/v2\/posts\/71926","targetHints":{"allow":["GET"]}}],"collection":[{"href":"https:\/\/canal7slp.tv\/2019\/wp-json\/wp\/v2\/posts"}],"about":[{"href":"https:\/\/canal7slp.tv\/2019\/wp-json\/wp\/v2\/types\/post"}],"author":[{"embeddable":true,"href":"https:\/\/canal7slp.tv\/2019\/wp-json\/wp\/v2\/users\/2"}],"replies":[{"embeddable":true,"href":"https:\/\/canal7slp.tv\/2019\/wp-json\/wp\/v2\/comments?post=71926"}],"version-history":[{"count":0,"href":"https:\/\/canal7slp.tv\/2019\/wp-json\/wp\/v2\/posts\/71926\/revisions"}],"wp:featuredmedia":[{"embeddable":true,"href":"https:\/\/canal7slp.tv\/2019\/wp-json\/wp\/v2\/media\/71927"}],"wp:attachment":[{"href":"https:\/\/canal7slp.tv\/2019\/wp-json\/wp\/v2\/media?parent=71926"}],"wp:term":[{"taxonomy":"category","embeddable":true,"href":"https:\/\/canal7slp.tv\/2019\/wp-json\/wp\/v2\/categories?post=71926"},{"taxonomy":"post_tag","embeddable":true,"href":"https:\/\/canal7slp.tv\/2019\/wp-json\/wp\/v2\/tags?post=71926"}],"curies":[{"name":"wp","href":"https:\/\/api.w.org\/{rel}","templated":true}]}}