{"id":7181,"date":"2019-06-05T10:21:07","date_gmt":"2019-06-05T15:21:07","guid":{"rendered":"https:\/\/canal7slp.tv\/2019\/?p=7181"},"modified":"2019-06-05T10:21:16","modified_gmt":"2019-06-05T15:21:16","slug":"policia-australiana-allana-oficinas-de-la-cadena-de-television-abc-news","status":"publish","type":"post","link":"https:\/\/canal7slp.tv\/2019\/policia-australiana-allana-oficinas-de-la-cadena-de-television-abc-news\/","title":{"rendered":"Polic\u00eda australiana allana oficinas de la cadena de televisi\u00f3n ABC News"},"content":{"rendered":"<p style=\"text-align: justify\">S\u00eddney.- La Polic\u00eda Federal de Australia registr\u00f3 hoy las oficinas centrales de la cadena de televisi\u00f3n ABC News con relaci\u00f3n a las noticias que public\u00f3 en 2017 sobre denuncias de homicidios cometidos por fuerzas especiales australianas en Afganist\u00e1n.<\/p>\n<p style=\"text-align: justify\">Los propios ejecutivos de ABC informaron que la polic\u00eda allan\u00f3 las oficinas de la corporaci\u00f3n en S\u00eddney, concentr\u00e1ndose en tres periodistas involucrados en el informe de investigaci\u00f3n de la emisora, conocido como The Afghan Files, emitido hace dos a\u00f1os.<\/p>\n<p style=\"text-align: justify\">En ese a\u00f1o, ABC logr\u00f3 acceso a documentos p\u00fablicos que dejaban al descubierto que las fuerzas especiales de Australia hab\u00edan matado a hombres y ni\u00f1os inocentes en Afganist\u00e1n.<\/p>\n<p style=\"text-align: justify\">La Polic\u00eda Federal de Australia precis\u00f3 que el allanamiento fue en relaci\u00f3n con la publicaci\u00f3n de material secreto, en violaci\u00f3n de lo previsto en la Ley sobre Cr\u00edmenes de 1914.<\/p>\n<p style=\"text-align: justify\">El editor ejecutivo de ABC, John Lyons, explic\u00f3 que la orden de registro exig\u00eda el acceso a las notas escritas a mano de los reporteros, correos electr\u00f3nicos, borradores de historias, im\u00e1genes y contrase\u00f1as, entre otros materiales, seg\u00fan el diario australiano The Age.<\/p>\n<p style=\"text-align: justify\">Por su parte, el director general de la emisora, David Anderson, denunci\u00f3 que la emisora nacional haya sido atacada de esa manera. \u00abEste es un acontecimiento serio y plantea preocupaciones sobre la libertad de prensa y el adecuado control p\u00fablico de los asuntos de seguridad nacional y defensa\u00bb, indic\u00f3.<\/p>\n<p style=\"text-align: justify\">La operaci\u00f3n se produjo un d\u00eda despu\u00e9s de que la polic\u00eda allan\u00f3 la casa de la periodista de News Corp Australia, Annika Smethurst, en Canberra, luego de un informe que detallaba los esfuerzos de las autoridades para obtener poder para espiar las comunicaciones de los ciudadanos en el pa\u00eds.<\/p>\n<p style=\"text-align: justify\">La Alianza de Medios, Entretenimiento y Artes, un sindicato de periodistas australianos, calific\u00f3 las redadas como un \u00abintento perturbador de intimidar al periodismo leg\u00edtimo de noticias que es de inter\u00e9s p\u00fablico\u00bb.<\/p>\n","protected":false},"excerpt":{"rendered":"<p>S\u00eddney.- La Polic\u00eda Federal de Australia registr\u00f3 hoy las oficinas centrales de la cadena de televisi\u00f3n ABC News con relaci\u00f3n a las noticias que public\u00f3 en 2017 sobre denuncias de homicidios cometidos por fuerzas especiales australianas en Afganist\u00e1n. Los propios ejecutivos de ABC informaron que la polic\u00eda allan\u00f3 las oficinas de la corporaci\u00f3n en S\u00eddney, [&hellip;]<\/p>\n","protected":false},"author":2,"featured_media":7182,"comment_status":"open","ping_status":"closed","sticky":false,"template":"","format":"standard","meta":{"footnotes":""},"categories":[18],"tags":[],"class_list":["post-7181","post","type-post","status-publish","format-standard","has-post-thumbnail","hentry","category-internacional"],"yoast_head":"<!-- This site is optimized with the Yoast SEO plugin v27.5 - https:\/\/yoast.com\/product\/yoast-seo-wordpress\/ -->\n<title>Polic\u00eda australiana allana oficinas de la cadena de televisi\u00f3n ABC News - Canal 7 SLP - 2019<\/title>\n<meta name=\"robots\" content=\"index, follow, max-snippet:-1, max-image-preview:large, max-video-preview:-1\" \/>\n<link rel=\"canonical\" href=\"https:\/\/canal7slp.tv\/2019\/policia-australiana-allana-oficinas-de-la-cadena-de-television-abc-news\/\" \/>\n<meta property=\"og:locale\" content=\"es_ES\" \/>\n<meta property=\"og:type\" content=\"article\" \/>\n<meta property=\"og:title\" content=\"Polic\u00eda australiana allana oficinas de la cadena de televisi\u00f3n ABC News - Canal 7 SLP - 2019\" \/>\n<meta property=\"og:description\" content=\"S\u00eddney.- La Polic\u00eda Federal de Australia registr\u00f3 hoy las oficinas centrales de la cadena de televisi\u00f3n ABC News con relaci\u00f3n a las noticias que public\u00f3 en 2017 sobre denuncias de homicidios cometidos por fuerzas especiales australianas en Afganist\u00e1n. Los propios ejecutivos de ABC informaron que la polic\u00eda allan\u00f3 las oficinas de la corporaci\u00f3n en S\u00eddney, [&hellip;]\" \/>\n<meta property=\"og:url\" content=\"https:\/\/canal7slp.tv\/2019\/policia-australiana-allana-oficinas-de-la-cadena-de-television-abc-news\/\" \/>\n<meta property=\"og:site_name\" content=\"Canal 7 SLP - 2019\" \/>\n<meta property=\"article:publisher\" content=\"https:\/\/www.facebook.com\/CANAL7SLP\/\" \/>\n<meta property=\"article:published_time\" content=\"2019-06-05T15:21:07+00:00\" \/>\n<meta property=\"article:modified_time\" content=\"2019-06-05T15:21:16+00:00\" \/>\n<meta property=\"og:image\" content=\"https:\/\/canal7slp.tv\/2019\/wp-content\/uploads\/2019\/06\/1220-4.jpg\" \/>\n\t<meta property=\"og:image:width\" content=\"2048\" \/>\n\t<meta property=\"og:image:height\" content=\"1379\" \/>\n\t<meta property=\"og:image:type\" content=\"image\/jpeg\" \/>\n<meta name=\"author\" content=\"edicionweb\" \/>\n<meta name=\"twitter:card\" content=\"summary_large_image\" \/>\n<meta name=\"twitter:creator\" content=\"@canal7_slp\" \/>\n<meta name=\"twitter:site\" content=\"@canal7_slp\" \/>\n<meta name=\"twitter:label1\" content=\"Escrito por\" \/>\n\t<meta name=\"twitter:data1\" content=\"edicionweb\" \/>\n\t<meta name=\"twitter:label2\" content=\"Tiempo de lectura\" \/>\n\t<meta name=\"twitter:data2\" content=\"2 minutos\" \/>\n<script type=\"application\/ld+json\" class=\"yoast-schema-graph\">{\"@context\":\"https:\\\/\\\/schema.org\",\"@graph\":[{\"@type\":\"Article\",\"@id\":\"https:\\\/\\\/canal7slp.tv\\\/2019\\\/policia-australiana-allana-oficinas-de-la-cadena-de-television-abc-news\\\/#article\",\"isPartOf\":{\"@id\":\"https:\\\/\\\/canal7slp.tv\\\/2019\\\/policia-australiana-allana-oficinas-de-la-cadena-de-television-abc-news\\\/\"},\"author\":{\"name\":\"edicionweb\",\"@id\":\"https:\\\/\\\/canal7slp.tv\\\/2019\\\/#\\\/schema\\\/person\\\/11d941c1c6ca30ac0a46b95fa37aa2e3\"},\"headline\":\"Polic\u00eda australiana allana oficinas de la cadena de televisi\u00f3n ABC News\",\"datePublished\":\"2019-06-05T15:21:07+00:00\",\"dateModified\":\"2019-06-05T15:21:16+00:00\",\"mainEntityOfPage\":{\"@id\":\"https:\\\/\\\/canal7slp.tv\\\/2019\\\/policia-australiana-allana-oficinas-de-la-cadena-de-television-abc-news\\\/\"},\"wordCount\":353,\"commentCount\":0,\"publisher\":{\"@id\":\"https:\\\/\\\/canal7slp.tv\\\/2019\\\/#organization\"},\"image\":{\"@id\":\"https:\\\/\\\/canal7slp.tv\\\/2019\\\/policia-australiana-allana-oficinas-de-la-cadena-de-television-abc-news\\\/#primaryimage\"},\"thumbnailUrl\":\"https:\\\/\\\/canal7slp.tv\\\/2019\\\/wp-content\\\/uploads\\\/2019\\\/06\\\/1220-4.jpg\",\"articleSection\":[\"INTERNACIONAL\"],\"inLanguage\":\"es\",\"potentialAction\":[{\"@type\":\"CommentAction\",\"name\":\"Comment\",\"target\":[\"https:\\\/\\\/canal7slp.tv\\\/2019\\\/policia-australiana-allana-oficinas-de-la-cadena-de-television-abc-news\\\/#respond\"]}]},{\"@type\":\"WebPage\",\"@id\":\"https:\\\/\\\/canal7slp.tv\\\/2019\\\/policia-australiana-allana-oficinas-de-la-cadena-de-television-abc-news\\\/\",\"url\":\"https:\\\/\\\/canal7slp.tv\\\/2019\\\/policia-australiana-allana-oficinas-de-la-cadena-de-television-abc-news\\\/\",\"name\":\"Polic\u00eda australiana allana oficinas de la cadena de televisi\u00f3n ABC News - Canal 7 SLP - 2019\",\"isPartOf\":{\"@id\":\"https:\\\/\\\/canal7slp.tv\\\/2019\\\/#website\"},\"primaryImageOfPage\":{\"@id\":\"https:\\\/\\\/canal7slp.tv\\\/2019\\\/policia-australiana-allana-oficinas-de-la-cadena-de-television-abc-news\\\/#primaryimage\"},\"image\":{\"@id\":\"https:\\\/\\\/canal7slp.tv\\\/2019\\\/policia-australiana-allana-oficinas-de-la-cadena-de-television-abc-news\\\/#primaryimage\"},\"thumbnailUrl\":\"https:\\\/\\\/canal7slp.tv\\\/2019\\\/wp-content\\\/uploads\\\/2019\\\/06\\\/1220-4.jpg\",\"datePublished\":\"2019-06-05T15:21:07+00:00\",\"dateModified\":\"2019-06-05T15:21:16+00:00\",\"breadcrumb\":{\"@id\":\"https:\\\/\\\/canal7slp.tv\\\/2019\\\/policia-australiana-allana-oficinas-de-la-cadena-de-television-abc-news\\\/#breadcrumb\"},\"inLanguage\":\"es\",\"potentialAction\":[{\"@type\":\"ReadAction\",\"target\":[\"https:\\\/\\\/canal7slp.tv\\\/2019\\\/policia-australiana-allana-oficinas-de-la-cadena-de-television-abc-news\\\/\"]}]},{\"@type\":\"ImageObject\",\"inLanguage\":\"es\",\"@id\":\"https:\\\/\\\/canal7slp.tv\\\/2019\\\/policia-australiana-allana-oficinas-de-la-cadena-de-television-abc-news\\\/#primaryimage\",\"url\":\"https:\\\/\\\/canal7slp.tv\\\/2019\\\/wp-content\\\/uploads\\\/2019\\\/06\\\/1220-4.jpg\",\"contentUrl\":\"https:\\\/\\\/canal7slp.tv\\\/2019\\\/wp-content\\\/uploads\\\/2019\\\/06\\\/1220-4.jpg\",\"width\":2048,\"height\":1379,\"caption\":\"En esta imagen tomada de un video, la Polic\u00eda Federal Australiana, arriba entra en la sede de la Australian Broadcasting Corporation, la televisora p\u00fablica, durante una redada de sus oficinas en Sydney, Australia. (Australian Broadcasting Corporation via AP)\"},{\"@type\":\"BreadcrumbList\",\"@id\":\"https:\\\/\\\/canal7slp.tv\\\/2019\\\/policia-australiana-allana-oficinas-de-la-cadena-de-television-abc-news\\\/#breadcrumb\",\"itemListElement\":[{\"@type\":\"ListItem\",\"position\":1,\"name\":\"Home\",\"item\":\"https:\\\/\\\/canal7slp.tv\\\/2019\\\/\"},{\"@type\":\"ListItem\",\"position\":2,\"name\":\"Polic\u00eda australiana allana oficinas de la cadena de televisi\u00f3n ABC News\"}]},{\"@type\":\"WebSite\",\"@id\":\"https:\\\/\\\/canal7slp.tv\\\/2019\\\/#website\",\"url\":\"https:\\\/\\\/canal7slp.tv\\\/2019\\\/\",\"name\":\"Canal 7 SLP - Somos TV\",\"description\":\"Somos un Canal de 10\",\"publisher\":{\"@id\":\"https:\\\/\\\/canal7slp.tv\\\/2019\\\/#organization\"},\"potentialAction\":[{\"@type\":\"SearchAction\",\"target\":{\"@type\":\"EntryPoint\",\"urlTemplate\":\"https:\\\/\\\/canal7slp.tv\\\/2019\\\/?s={search_term_string}\"},\"query-input\":{\"@type\":\"PropertyValueSpecification\",\"valueRequired\":true,\"valueName\":\"search_term_string\"}}],\"inLanguage\":\"es\"},{\"@type\":\"Organization\",\"@id\":\"https:\\\/\\\/canal7slp.tv\\\/2019\\\/#organization\",\"name\":\"Comunicaci\u00f3n 2000 S.A. de C.V.\",\"url\":\"https:\\\/\\\/canal7slp.tv\\\/2019\\\/\",\"logo\":{\"@type\":\"ImageObject\",\"inLanguage\":\"es\",\"@id\":\"https:\\\/\\\/canal7slp.tv\\\/2019\\\/#\\\/schema\\\/logo\\\/image\\\/\",\"url\":\"https:\\\/\\\/canal7slp.tv\\\/2019\\\/wp-content\\\/uploads\\\/2019\\\/07\\\/logo-c7.png\",\"contentUrl\":\"https:\\\/\\\/canal7slp.tv\\\/2019\\\/wp-content\\\/uploads\\\/2019\\\/07\\\/logo-c7.png\",\"width\":220,\"height\":60,\"caption\":\"Comunicaci\u00f3n 2000 S.A. de C.V.\"},\"image\":{\"@id\":\"https:\\\/\\\/canal7slp.tv\\\/2019\\\/#\\\/schema\\\/logo\\\/image\\\/\"},\"sameAs\":[\"https:\\\/\\\/www.facebook.com\\\/CANAL7SLP\\\/\",\"https:\\\/\\\/x.com\\\/canal7_slp\",\"https:\\\/\\\/www.instagram.com\\\/canal7_slp\",\"https:\\\/\\\/www.youtube.com\\\/user\\\/NOTICIEROSCANAL7SLP\\\/\"]},{\"@type\":\"Person\",\"@id\":\"https:\\\/\\\/canal7slp.tv\\\/2019\\\/#\\\/schema\\\/person\\\/11d941c1c6ca30ac0a46b95fa37aa2e3\",\"name\":\"edicionweb\",\"image\":{\"@type\":\"ImageObject\",\"inLanguage\":\"es\",\"@id\":\"https:\\\/\\\/secure.gravatar.com\\\/avatar\\\/eee448fc3f7164808013b816ba91ac7e43bbe82a70bebac296f8bc6f0addaa1a?s=96&d=mm&r=g\",\"url\":\"https:\\\/\\\/secure.gravatar.com\\\/avatar\\\/eee448fc3f7164808013b816ba91ac7e43bbe82a70bebac296f8bc6f0addaa1a?s=96&d=mm&r=g\",\"contentUrl\":\"https:\\\/\\\/secure.gravatar.com\\\/avatar\\\/eee448fc3f7164808013b816ba91ac7e43bbe82a70bebac296f8bc6f0addaa1a?s=96&d=mm&r=g\",\"caption\":\"edicionweb\"}}]}<\/script>\n<!-- \/ Yoast SEO plugin. -->","yoast_head_json":{"title":"Polic\u00eda australiana allana oficinas de la cadena de televisi\u00f3n ABC News - Canal 7 SLP - 2019","robots":{"index":"index","follow":"follow","max-snippet":"max-snippet:-1","max-image-preview":"max-image-preview:large","max-video-preview":"max-video-preview:-1"},"canonical":"https:\/\/canal7slp.tv\/2019\/policia-australiana-allana-oficinas-de-la-cadena-de-television-abc-news\/","og_locale":"es_ES","og_type":"article","og_title":"Polic\u00eda australiana allana oficinas de la cadena de televisi\u00f3n ABC News - Canal 7 SLP - 2019","og_description":"S\u00eddney.- La Polic\u00eda Federal de Australia registr\u00f3 hoy las oficinas centrales de la cadena de televisi\u00f3n ABC News con relaci\u00f3n a las noticias que public\u00f3 en 2017 sobre denuncias de homicidios cometidos por fuerzas especiales australianas en Afganist\u00e1n. Los propios ejecutivos de ABC informaron que la polic\u00eda allan\u00f3 las oficinas de la corporaci\u00f3n en S\u00eddney, [&hellip;]","og_url":"https:\/\/canal7slp.tv\/2019\/policia-australiana-allana-oficinas-de-la-cadena-de-television-abc-news\/","og_site_name":"Canal 7 SLP - 2019","article_publisher":"https:\/\/www.facebook.com\/CANAL7SLP\/","article_published_time":"2019-06-05T15:21:07+00:00","article_modified_time":"2019-06-05T15:21:16+00:00","og_image":[{"width":2048,"height":1379,"url":"https:\/\/canal7slp.tv\/2019\/wp-content\/uploads\/2019\/06\/1220-4.jpg","type":"image\/jpeg"}],"author":"edicionweb","twitter_card":"summary_large_image","twitter_creator":"@canal7_slp","twitter_site":"@canal7_slp","twitter_misc":{"Escrito por":"edicionweb","Tiempo de lectura":"2 minutos"},"schema":{"@context":"https:\/\/schema.org","@graph":[{"@type":"Article","@id":"https:\/\/canal7slp.tv\/2019\/policia-australiana-allana-oficinas-de-la-cadena-de-television-abc-news\/#article","isPartOf":{"@id":"https:\/\/canal7slp.tv\/2019\/policia-australiana-allana-oficinas-de-la-cadena-de-television-abc-news\/"},"author":{"name":"edicionweb","@id":"https:\/\/canal7slp.tv\/2019\/#\/schema\/person\/11d941c1c6ca30ac0a46b95fa37aa2e3"},"headline":"Polic\u00eda australiana allana oficinas de la cadena de televisi\u00f3n ABC News","datePublished":"2019-06-05T15:21:07+00:00","dateModified":"2019-06-05T15:21:16+00:00","mainEntityOfPage":{"@id":"https:\/\/canal7slp.tv\/2019\/policia-australiana-allana-oficinas-de-la-cadena-de-television-abc-news\/"},"wordCount":353,"commentCount":0,"publisher":{"@id":"https:\/\/canal7slp.tv\/2019\/#organization"},"image":{"@id":"https:\/\/canal7slp.tv\/2019\/policia-australiana-allana-oficinas-de-la-cadena-de-television-abc-news\/#primaryimage"},"thumbnailUrl":"https:\/\/canal7slp.tv\/2019\/wp-content\/uploads\/2019\/06\/1220-4.jpg","articleSection":["INTERNACIONAL"],"inLanguage":"es","potentialAction":[{"@type":"CommentAction","name":"Comment","target":["https:\/\/canal7slp.tv\/2019\/policia-australiana-allana-oficinas-de-la-cadena-de-television-abc-news\/#respond"]}]},{"@type":"WebPage","@id":"https:\/\/canal7slp.tv\/2019\/policia-australiana-allana-oficinas-de-la-cadena-de-television-abc-news\/","url":"https:\/\/canal7slp.tv\/2019\/policia-australiana-allana-oficinas-de-la-cadena-de-television-abc-news\/","name":"Polic\u00eda australiana allana oficinas de la cadena de televisi\u00f3n ABC News - Canal 7 SLP - 2019","isPartOf":{"@id":"https:\/\/canal7slp.tv\/2019\/#website"},"primaryImageOfPage":{"@id":"https:\/\/canal7slp.tv\/2019\/policia-australiana-allana-oficinas-de-la-cadena-de-television-abc-news\/#primaryimage"},"image":{"@id":"https:\/\/canal7slp.tv\/2019\/policia-australiana-allana-oficinas-de-la-cadena-de-television-abc-news\/#primaryimage"},"thumbnailUrl":"https:\/\/canal7slp.tv\/2019\/wp-content\/uploads\/2019\/06\/1220-4.jpg","datePublished":"2019-06-05T15:21:07+00:00","dateModified":"2019-06-05T15:21:16+00:00","breadcrumb":{"@id":"https:\/\/canal7slp.tv\/2019\/policia-australiana-allana-oficinas-de-la-cadena-de-television-abc-news\/#breadcrumb"},"inLanguage":"es","potentialAction":[{"@type":"ReadAction","target":["https:\/\/canal7slp.tv\/2019\/policia-australiana-allana-oficinas-de-la-cadena-de-television-abc-news\/"]}]},{"@type":"ImageObject","inLanguage":"es","@id":"https:\/\/canal7slp.tv\/2019\/policia-australiana-allana-oficinas-de-la-cadena-de-television-abc-news\/#primaryimage","url":"https:\/\/canal7slp.tv\/2019\/wp-content\/uploads\/2019\/06\/1220-4.jpg","contentUrl":"https:\/\/canal7slp.tv\/2019\/wp-content\/uploads\/2019\/06\/1220-4.jpg","width":2048,"height":1379,"caption":"En esta imagen tomada de un video, la Polic\u00eda Federal Australiana, arriba entra en la sede de la Australian Broadcasting Corporation, la televisora p\u00fablica, durante una redada de sus oficinas en Sydney, Australia. (Australian Broadcasting Corporation via AP)"},{"@type":"BreadcrumbList","@id":"https:\/\/canal7slp.tv\/2019\/policia-australiana-allana-oficinas-de-la-cadena-de-television-abc-news\/#breadcrumb","itemListElement":[{"@type":"ListItem","position":1,"name":"Home","item":"https:\/\/canal7slp.tv\/2019\/"},{"@type":"ListItem","position":2,"name":"Polic\u00eda australiana allana oficinas de la cadena de televisi\u00f3n ABC News"}]},{"@type":"WebSite","@id":"https:\/\/canal7slp.tv\/2019\/#website","url":"https:\/\/canal7slp.tv\/2019\/","name":"Canal 7 SLP - Somos TV","description":"Somos un Canal de 10","publisher":{"@id":"https:\/\/canal7slp.tv\/2019\/#organization"},"potentialAction":[{"@type":"SearchAction","target":{"@type":"EntryPoint","urlTemplate":"https:\/\/canal7slp.tv\/2019\/?s={search_term_string}"},"query-input":{"@type":"PropertyValueSpecification","valueRequired":true,"valueName":"search_term_string"}}],"inLanguage":"es"},{"@type":"Organization","@id":"https:\/\/canal7slp.tv\/2019\/#organization","name":"Comunicaci\u00f3n 2000 S.A. de C.V.","url":"https:\/\/canal7slp.tv\/2019\/","logo":{"@type":"ImageObject","inLanguage":"es","@id":"https:\/\/canal7slp.tv\/2019\/#\/schema\/logo\/image\/","url":"https:\/\/canal7slp.tv\/2019\/wp-content\/uploads\/2019\/07\/logo-c7.png","contentUrl":"https:\/\/canal7slp.tv\/2019\/wp-content\/uploads\/2019\/07\/logo-c7.png","width":220,"height":60,"caption":"Comunicaci\u00f3n 2000 S.A. de C.V."},"image":{"@id":"https:\/\/canal7slp.tv\/2019\/#\/schema\/logo\/image\/"},"sameAs":["https:\/\/www.facebook.com\/CANAL7SLP\/","https:\/\/x.com\/canal7_slp","https:\/\/www.instagram.com\/canal7_slp","https:\/\/www.youtube.com\/user\/NOTICIEROSCANAL7SLP\/"]},{"@type":"Person","@id":"https:\/\/canal7slp.tv\/2019\/#\/schema\/person\/11d941c1c6ca30ac0a46b95fa37aa2e3","name":"edicionweb","image":{"@type":"ImageObject","inLanguage":"es","@id":"https:\/\/secure.gravatar.com\/avatar\/eee448fc3f7164808013b816ba91ac7e43bbe82a70bebac296f8bc6f0addaa1a?s=96&d=mm&r=g","url":"https:\/\/secure.gravatar.com\/avatar\/eee448fc3f7164808013b816ba91ac7e43bbe82a70bebac296f8bc6f0addaa1a?s=96&d=mm&r=g","contentUrl":"https:\/\/secure.gravatar.com\/avatar\/eee448fc3f7164808013b816ba91ac7e43bbe82a70bebac296f8bc6f0addaa1a?s=96&d=mm&r=g","caption":"edicionweb"}}]}},"amp_enabled":true,"cmb2":{"video_ids_in_playlist":{"vid_p_videos":""},"video_ids_in_channel":{"vid_c_videos":""},"playlist_ids_in_channel":{"vid_c_playlists":""},"series_ids_in_channel":{"vid_c_series":""},"channel_images":{"vid_c_logo":"","vid_c_banner":""},"poster_feature_image":{"vid_m_poster_image":""},"gif_feature_image":{"vid_m_gif_image":""},"video_movie_settings":{"vid_m_director":"","vid_m_actor":"","vid_m_imdb_ratings":"","vid_m_amazon_associates":""},"vid_youtube_broadcasts_settings":{"vid_yb_broadcast_title":"","vid_yb_q":"","vid_yb_channelid":"","vid_yb_videocategoryid":"","vid_yb_maxresults":"","vid_yb_order":"","vid_yb_regioncode":"","vid_yb_videosyndicated":"","vid_yb_style":"","vid_yb_reload_first":""},"video_series_settings":{"vid_m_director":"","vid_m_actor":"","vid_m_imdb_ratings":"","video_series_group":""},"amazon_associates_settings":{"amazon_associates":"","amazon_native_ad":""},"vid_youtube_automatic_settings":{"vid_ya_youtube_source":"","vid_ya_update_every":"","vid_ya_update_unit":"","vid_ya_categories":"","vid_ya_published_after":"","vid_ya_published_before":"","vid_ya_playlists":"","vid_ya_channels":"","vid_ya_director":"","vid_ya_actor":"","vid_ya_author":"","vid_ya_import_post_date":"","vid_ya_status":"","vid_ya_sub_api_key":""},"vid_ads_m_videoads_settings_post":{"vid_ads_m_video_ads":"","vid_ads_m_video_ads_type":"","vid_ads_m_group_google_ima":"","vid_ads_m_group_image":"","vid_ads_m_group_html5_video":"","vid_ads_m_group_html":"","vid_ads_m_vast_preroll":"","vid_ads_m_vast_postroll":"","vid_ads_m_vast_pauseroll":"","vid_ads_m_vast_midroll":[{"vid_ads_m_vast_timer_seconds":"50"}],"vid_ads_m_time_to_show_ads":"","vid_ads_m_time_skip_ads":"","vid_ads_m_time_to_hide_ads":""},"page_slider_settings":{"display_slider_group":"","page_slider_group":""},"blog_page_settings":{"blog_page_title":"","blog_page_heading":"","blog_page_ic":"","blog_page_it":"","blog_page_ec":"","blog_page_ip":"","archive_loop_style":"","blog_image_ratio":"","blog_show_categories":"","blog_show_excerpt":"","blog_show_author":"","blog_show_date":"","blog_show_comment_count":"","blog_show_view_count":"","blog_show_like_count":"","blog_show_dislike_count":"","blog_items_per_page":"","blog_pag_type":""},"page_options":{"get_page_template":"","color_mode":"","main_layout":"","main_layout_full_with":"","main_logo":"","main_logo_retina":"","main_logo_mobile":"","main_logo_mobile_retina":"","sticky_logo":"","sticky_logo_retina":"","main_nav_layout":"","ajax_search":"","header_background":"","theme_sidebar":"","instagram_feed":"","instagram_feed_position":"","popular_videos":"","popular_videos_title_1":"","popular_videos_title_2":"","popular_videos_ic":"","popular_videos_it":"","theme_background":"","page_custom_css":""},"feature_image_settings":{"feature_image_position":""},"video_player_settings":{"single_video_style":"","video_player_position":"","vm_video_url":"","video_player_library":"","video_streaming":"","vm_media_sources":"","vid_auto_play":"","vm_video_shortcode":"","vid_p_sync_playlist":"","vid_c_sync_channel":"","get_post_format":"","multiple_links_structure":"default","multi_links_title":"","vm_video_multi_links":"","vm_duration":"","vid_social_locker":"off","vid_social_locker_id":"","vid_membership_action":"content-video","vm_video_trailer_url":"","vid_download_type":"free","vid_download_target":"download","vid_woo_product":"","vm_media_download":"","user_rating":"","user_rating_position":"","user_rating_mode":"","user_rating_multi_sets":""},"video_auto_fetch_settings":{"vm_video_fetch":"on"},"video_fake_views_likes":{"vm_fake_views":"","vm_fake_likes":"","vm_fake_dislikes":""},"gallery_settings":{"gallery_position":""},"quote_settings":{"quote_position":""},"post_options":{"main_layout":"","main_logo":"","main_logo_retina":"","main_logo_mobile":"","main_logo_mobile_retina":"","sticky_logo":"","sticky_logo_retina":"","main_nav_layout":"","header_background":"","theme_sidebar":"","single_post_comment_type":"","theme_background":""}},"_links":{"self":[{"href":"https:\/\/canal7slp.tv\/2019\/wp-json\/wp\/v2\/posts\/7181","targetHints":{"allow":["GET"]}}],"collection":[{"href":"https:\/\/canal7slp.tv\/2019\/wp-json\/wp\/v2\/posts"}],"about":[{"href":"https:\/\/canal7slp.tv\/2019\/wp-json\/wp\/v2\/types\/post"}],"author":[{"embeddable":true,"href":"https:\/\/canal7slp.tv\/2019\/wp-json\/wp\/v2\/users\/2"}],"replies":[{"embeddable":true,"href":"https:\/\/canal7slp.tv\/2019\/wp-json\/wp\/v2\/comments?post=7181"}],"version-history":[{"count":0,"href":"https:\/\/canal7slp.tv\/2019\/wp-json\/wp\/v2\/posts\/7181\/revisions"}],"wp:featuredmedia":[{"embeddable":true,"href":"https:\/\/canal7slp.tv\/2019\/wp-json\/wp\/v2\/media\/7182"}],"wp:attachment":[{"href":"https:\/\/canal7slp.tv\/2019\/wp-json\/wp\/v2\/media?parent=7181"}],"wp:term":[{"taxonomy":"category","embeddable":true,"href":"https:\/\/canal7slp.tv\/2019\/wp-json\/wp\/v2\/categories?post=7181"},{"taxonomy":"post_tag","embeddable":true,"href":"https:\/\/canal7slp.tv\/2019\/wp-json\/wp\/v2\/tags?post=7181"}],"curies":[{"name":"wp","href":"https:\/\/api.w.org\/{rel}","templated":true}]}}