{"id":7178,"date":"2019-06-05T10:09:09","date_gmt":"2019-06-05T15:09:09","guid":{"rendered":"https:\/\/canal7slp.tv\/2019\/?p=7178"},"modified":"2019-06-05T10:09:21","modified_gmt":"2019-06-05T15:09:21","slug":"trump-participa-en-ceremonia-de-75-aniversario-de-batalla-de-normandia","status":"publish","type":"post","link":"https:\/\/canal7slp.tv\/2019\/trump-participa-en-ceremonia-de-75-aniversario-de-batalla-de-normandia\/","title":{"rendered":"Trump participa en ceremonia de 75 aniversario de batalla de Normandia"},"content":{"rendered":"<p style=\"text-align: justify\">Londres.- Presidentes y jefes de Estado de los pa\u00edses que respaldaron al Reino Unido en la batalla de Normandia, participaron hoy junto con la reina Isabel II y el presidente de Estados Unidos Donald Trump, en el 75 aniversario del llamado d\u00eda &#8220;D&#8221;, en una ceremonia en la ciudad portuaria de Portsmouth.<\/p>\n<p style=\"text-align: justify\">En medio de un gran despliegue de seguridad en los alrededores del puerto, miles de personas se congregaron para presenciar la ceremonia que estuvo precedida por una representaci\u00f3n del desembarco de los aliados el 6 de junio de 1944, el inicio de la campa\u00f1a para liberar a Europa noroccidental ocupada por los nazis.<\/p>\n<p style=\"text-align: justify\">Trump ley\u00f3, durante la ceremonia, un discurso de Franklin Delano Roosevelt en el que habl\u00f3 de \u00abla lucha para defender nuestra civilizaci\u00f3n\u00bb y pronostic\u00f3 el \u00e9xito del ataque aliado desde las costas brit\u00e1nicas.<\/p>\n<p style=\"text-align: justify\">La ceremonia estuvo presidida por la reina Isabel II quien dijo que \u00abhace 75 a\u00f1os, cientos de miles de soldados, marineros y aviadores abandonaron estas costas por la causa de la libertad\u00bb, y record\u00f3 que su padre, el rey Jorge VI, dijo entonces que \u00ablo que se requer\u00eda era m\u00e1s que valor\u00bb.<\/p>\n<p style=\"text-align: justify\">Por su parte, el presidente franc\u00e9s Emmanuel Macron ley\u00f3 la \u00faltima carta de un joven de la resistencia, Henri Fertet, ejecutado a los 16 a\u00f1os de edad.<\/p>\n<p style=\"text-align: justify\">M\u00e1s de 300 veteranos e integrantes de las fuerzas armadas que tienen m\u00e1s de 90 a\u00f1os asistieron a la ceremonia en donde fueron ovacionados por los ciudadanos.<\/p>\n<p style=\"text-align: justify\">En este marco, la primera ministra Theresa May, pedir\u00e1 la continuidad de la unidad occidental al abordar lo que ella denomina &#8220;amenazas de seguridad nuevas y en evoluci\u00f3n&#8221;, seg\u00fan un despacho de la BBC de Londres.<\/p>\n<p style=\"text-align: justify\">A la ceremonia asistieron representantes de los pa\u00edses que lucharon junto al Reino Unido en la batalla de Normand\u00eda, entre ellos el presidente franc\u00e9s Emmanuel Macron, su colega estadunidense Donald Trump y el primer ministro de Canad\u00e1, Justin Trudeau.<\/p>\n<p style=\"text-align: justify\">Tambi\u00e9n participaron la canciller federal de Alemania Angela Merkel, los l\u00edderes de Australia, B\u00e9lgica, Rep\u00fablica Checa, Dinamarca, Grecia, Luxemburgo, Pa\u00edses Bajos, Noruega, Nueva Zelanda, Polonia y Eslovaquia.<\/p>\n","protected":false},"excerpt":{"rendered":"<p>Londres.- Presidentes y jefes de Estado de los pa\u00edses que respaldaron al Reino Unido en la batalla de Normandia, participaron hoy junto con la reina Isabel II y el presidente de Estados Unidos Donald Trump, en el 75 aniversario del llamado d\u00eda &#8220;D&#8221;, en una ceremonia en la ciudad portuaria de Portsmouth. En medio de [&hellip;]<\/p>\n","protected":false},"author":2,"featured_media":7179,"comment_status":"open","ping_status":"closed","sticky":false,"template":"","format":"standard","meta":{"footnotes":""},"categories":[18],"tags":[],"class_list":["post-7178","post","type-post","status-publish","format-standard","has-post-thumbnail","hentry","category-internacional"],"yoast_head":"<!-- This site is optimized with the Yoast SEO plugin v27.5 - https:\/\/yoast.com\/product\/yoast-seo-wordpress\/ -->\n<title>Trump participa en ceremonia de 75 aniversario de batalla de Normandia - Canal 7 SLP - 2019<\/title>\n<meta name=\"robots\" content=\"index, follow, max-snippet:-1, max-image-preview:large, max-video-preview:-1\" \/>\n<link rel=\"canonical\" href=\"https:\/\/canal7slp.tv\/2019\/trump-participa-en-ceremonia-de-75-aniversario-de-batalla-de-normandia\/\" \/>\n<meta property=\"og:locale\" content=\"es_ES\" \/>\n<meta property=\"og:type\" content=\"article\" \/>\n<meta property=\"og:title\" content=\"Trump participa en ceremonia de 75 aniversario de batalla de Normandia - Canal 7 SLP - 2019\" \/>\n<meta property=\"og:description\" content=\"Londres.- Presidentes y jefes de Estado de los pa\u00edses que respaldaron al Reino Unido en la batalla de Normandia, participaron hoy junto con la reina Isabel II y el presidente de Estados Unidos Donald Trump, en el 75 aniversario del llamado d\u00eda &#8220;D&#8221;, en una ceremonia en la ciudad portuaria de Portsmouth. En medio de [&hellip;]\" \/>\n<meta property=\"og:url\" content=\"https:\/\/canal7slp.tv\/2019\/trump-participa-en-ceremonia-de-75-aniversario-de-batalla-de-normandia\/\" \/>\n<meta property=\"og:site_name\" content=\"Canal 7 SLP - 2019\" \/>\n<meta property=\"article:publisher\" content=\"https:\/\/www.facebook.com\/CANAL7SLP\/\" \/>\n<meta property=\"article:published_time\" content=\"2019-06-05T15:09:09+00:00\" \/>\n<meta property=\"article:modified_time\" content=\"2019-06-05T15:09:21+00:00\" \/>\n<meta property=\"og:image\" content=\"https:\/\/canal7slp.tv\/2019\/wp-content\/uploads\/2019\/06\/1210-4.jpg\" \/>\n\t<meta property=\"og:image:width\" content=\"1140\" \/>\n\t<meta property=\"og:image:height\" content=\"759\" \/>\n\t<meta property=\"og:image:type\" content=\"image\/jpeg\" \/>\n<meta name=\"author\" content=\"edicionweb\" \/>\n<meta name=\"twitter:card\" content=\"summary_large_image\" \/>\n<meta name=\"twitter:creator\" content=\"@canal7_slp\" \/>\n<meta name=\"twitter:site\" content=\"@canal7_slp\" \/>\n<meta name=\"twitter:label1\" content=\"Escrito por\" \/>\n\t<meta name=\"twitter:data1\" content=\"edicionweb\" \/>\n\t<meta name=\"twitter:label2\" content=\"Tiempo de lectura\" \/>\n\t<meta name=\"twitter:data2\" content=\"2 minutos\" \/>\n<script type=\"application\/ld+json\" class=\"yoast-schema-graph\">{\"@context\":\"https:\\\/\\\/schema.org\",\"@graph\":[{\"@type\":\"Article\",\"@id\":\"https:\\\/\\\/canal7slp.tv\\\/2019\\\/trump-participa-en-ceremonia-de-75-aniversario-de-batalla-de-normandia\\\/#article\",\"isPartOf\":{\"@id\":\"https:\\\/\\\/canal7slp.tv\\\/2019\\\/trump-participa-en-ceremonia-de-75-aniversario-de-batalla-de-normandia\\\/\"},\"author\":{\"name\":\"edicionweb\",\"@id\":\"https:\\\/\\\/canal7slp.tv\\\/2019\\\/#\\\/schema\\\/person\\\/11d941c1c6ca30ac0a46b95fa37aa2e3\"},\"headline\":\"Trump participa en ceremonia de 75 aniversario de batalla de Normandia\",\"datePublished\":\"2019-06-05T15:09:09+00:00\",\"dateModified\":\"2019-06-05T15:09:21+00:00\",\"mainEntityOfPage\":{\"@id\":\"https:\\\/\\\/canal7slp.tv\\\/2019\\\/trump-participa-en-ceremonia-de-75-aniversario-de-batalla-de-normandia\\\/\"},\"wordCount\":374,\"commentCount\":0,\"publisher\":{\"@id\":\"https:\\\/\\\/canal7slp.tv\\\/2019\\\/#organization\"},\"image\":{\"@id\":\"https:\\\/\\\/canal7slp.tv\\\/2019\\\/trump-participa-en-ceremonia-de-75-aniversario-de-batalla-de-normandia\\\/#primaryimage\"},\"thumbnailUrl\":\"https:\\\/\\\/canal7slp.tv\\\/2019\\\/wp-content\\\/uploads\\\/2019\\\/06\\\/1210-4.jpg\",\"articleSection\":[\"INTERNACIONAL\"],\"inLanguage\":\"es\",\"potentialAction\":[{\"@type\":\"CommentAction\",\"name\":\"Comment\",\"target\":[\"https:\\\/\\\/canal7slp.tv\\\/2019\\\/trump-participa-en-ceremonia-de-75-aniversario-de-batalla-de-normandia\\\/#respond\"]}]},{\"@type\":\"WebPage\",\"@id\":\"https:\\\/\\\/canal7slp.tv\\\/2019\\\/trump-participa-en-ceremonia-de-75-aniversario-de-batalla-de-normandia\\\/\",\"url\":\"https:\\\/\\\/canal7slp.tv\\\/2019\\\/trump-participa-en-ceremonia-de-75-aniversario-de-batalla-de-normandia\\\/\",\"name\":\"Trump participa en ceremonia de 75 aniversario de batalla de Normandia - Canal 7 SLP - 2019\",\"isPartOf\":{\"@id\":\"https:\\\/\\\/canal7slp.tv\\\/2019\\\/#website\"},\"primaryImageOfPage\":{\"@id\":\"https:\\\/\\\/canal7slp.tv\\\/2019\\\/trump-participa-en-ceremonia-de-75-aniversario-de-batalla-de-normandia\\\/#primaryimage\"},\"image\":{\"@id\":\"https:\\\/\\\/canal7slp.tv\\\/2019\\\/trump-participa-en-ceremonia-de-75-aniversario-de-batalla-de-normandia\\\/#primaryimage\"},\"thumbnailUrl\":\"https:\\\/\\\/canal7slp.tv\\\/2019\\\/wp-content\\\/uploads\\\/2019\\\/06\\\/1210-4.jpg\",\"datePublished\":\"2019-06-05T15:09:09+00:00\",\"dateModified\":\"2019-06-05T15:09:21+00:00\",\"breadcrumb\":{\"@id\":\"https:\\\/\\\/canal7slp.tv\\\/2019\\\/trump-participa-en-ceremonia-de-75-aniversario-de-batalla-de-normandia\\\/#breadcrumb\"},\"inLanguage\":\"es\",\"potentialAction\":[{\"@type\":\"ReadAction\",\"target\":[\"https:\\\/\\\/canal7slp.tv\\\/2019\\\/trump-participa-en-ceremonia-de-75-aniversario-de-batalla-de-normandia\\\/\"]}]},{\"@type\":\"ImageObject\",\"inLanguage\":\"es\",\"@id\":\"https:\\\/\\\/canal7slp.tv\\\/2019\\\/trump-participa-en-ceremonia-de-75-aniversario-de-batalla-de-normandia\\\/#primaryimage\",\"url\":\"https:\\\/\\\/canal7slp.tv\\\/2019\\\/wp-content\\\/uploads\\\/2019\\\/06\\\/1210-4.jpg\",\"contentUrl\":\"https:\\\/\\\/canal7slp.tv\\\/2019\\\/wp-content\\\/uploads\\\/2019\\\/06\\\/1210-4.jpg\",\"width\":1140,\"height\":759},{\"@type\":\"BreadcrumbList\",\"@id\":\"https:\\\/\\\/canal7slp.tv\\\/2019\\\/trump-participa-en-ceremonia-de-75-aniversario-de-batalla-de-normandia\\\/#breadcrumb\",\"itemListElement\":[{\"@type\":\"ListItem\",\"position\":1,\"name\":\"Home\",\"item\":\"https:\\\/\\\/canal7slp.tv\\\/2019\\\/\"},{\"@type\":\"ListItem\",\"position\":2,\"name\":\"Trump participa en ceremonia de 75 aniversario de batalla de Normandia\"}]},{\"@type\":\"WebSite\",\"@id\":\"https:\\\/\\\/canal7slp.tv\\\/2019\\\/#website\",\"url\":\"https:\\\/\\\/canal7slp.tv\\\/2019\\\/\",\"name\":\"Canal 7 SLP - Somos TV\",\"description\":\"Somos un Canal de 10\",\"publisher\":{\"@id\":\"https:\\\/\\\/canal7slp.tv\\\/2019\\\/#organization\"},\"potentialAction\":[{\"@type\":\"SearchAction\",\"target\":{\"@type\":\"EntryPoint\",\"urlTemplate\":\"https:\\\/\\\/canal7slp.tv\\\/2019\\\/?s={search_term_string}\"},\"query-input\":{\"@type\":\"PropertyValueSpecification\",\"valueRequired\":true,\"valueName\":\"search_term_string\"}}],\"inLanguage\":\"es\"},{\"@type\":\"Organization\",\"@id\":\"https:\\\/\\\/canal7slp.tv\\\/2019\\\/#organization\",\"name\":\"Comunicaci\u00f3n 2000 S.A. de C.V.\",\"url\":\"https:\\\/\\\/canal7slp.tv\\\/2019\\\/\",\"logo\":{\"@type\":\"ImageObject\",\"inLanguage\":\"es\",\"@id\":\"https:\\\/\\\/canal7slp.tv\\\/2019\\\/#\\\/schema\\\/logo\\\/image\\\/\",\"url\":\"https:\\\/\\\/canal7slp.tv\\\/2019\\\/wp-content\\\/uploads\\\/2019\\\/07\\\/logo-c7.png\",\"contentUrl\":\"https:\\\/\\\/canal7slp.tv\\\/2019\\\/wp-content\\\/uploads\\\/2019\\\/07\\\/logo-c7.png\",\"width\":220,\"height\":60,\"caption\":\"Comunicaci\u00f3n 2000 S.A. de C.V.\"},\"image\":{\"@id\":\"https:\\\/\\\/canal7slp.tv\\\/2019\\\/#\\\/schema\\\/logo\\\/image\\\/\"},\"sameAs\":[\"https:\\\/\\\/www.facebook.com\\\/CANAL7SLP\\\/\",\"https:\\\/\\\/x.com\\\/canal7_slp\",\"https:\\\/\\\/www.instagram.com\\\/canal7_slp\",\"https:\\\/\\\/www.youtube.com\\\/user\\\/NOTICIEROSCANAL7SLP\\\/\"]},{\"@type\":\"Person\",\"@id\":\"https:\\\/\\\/canal7slp.tv\\\/2019\\\/#\\\/schema\\\/person\\\/11d941c1c6ca30ac0a46b95fa37aa2e3\",\"name\":\"edicionweb\",\"image\":{\"@type\":\"ImageObject\",\"inLanguage\":\"es\",\"@id\":\"https:\\\/\\\/secure.gravatar.com\\\/avatar\\\/eee448fc3f7164808013b816ba91ac7e43bbe82a70bebac296f8bc6f0addaa1a?s=96&d=mm&r=g\",\"url\":\"https:\\\/\\\/secure.gravatar.com\\\/avatar\\\/eee448fc3f7164808013b816ba91ac7e43bbe82a70bebac296f8bc6f0addaa1a?s=96&d=mm&r=g\",\"contentUrl\":\"https:\\\/\\\/secure.gravatar.com\\\/avatar\\\/eee448fc3f7164808013b816ba91ac7e43bbe82a70bebac296f8bc6f0addaa1a?s=96&d=mm&r=g\",\"caption\":\"edicionweb\"}}]}<\/script>\n<!-- \/ Yoast SEO plugin. -->","yoast_head_json":{"title":"Trump participa en ceremonia de 75 aniversario de batalla de Normandia - Canal 7 SLP - 2019","robots":{"index":"index","follow":"follow","max-snippet":"max-snippet:-1","max-image-preview":"max-image-preview:large","max-video-preview":"max-video-preview:-1"},"canonical":"https:\/\/canal7slp.tv\/2019\/trump-participa-en-ceremonia-de-75-aniversario-de-batalla-de-normandia\/","og_locale":"es_ES","og_type":"article","og_title":"Trump participa en ceremonia de 75 aniversario de batalla de Normandia - Canal 7 SLP - 2019","og_description":"Londres.- Presidentes y jefes de Estado de los pa\u00edses que respaldaron al Reino Unido en la batalla de Normandia, participaron hoy junto con la reina Isabel II y el presidente de Estados Unidos Donald Trump, en el 75 aniversario del llamado d\u00eda &#8220;D&#8221;, en una ceremonia en la ciudad portuaria de Portsmouth. En medio de [&hellip;]","og_url":"https:\/\/canal7slp.tv\/2019\/trump-participa-en-ceremonia-de-75-aniversario-de-batalla-de-normandia\/","og_site_name":"Canal 7 SLP - 2019","article_publisher":"https:\/\/www.facebook.com\/CANAL7SLP\/","article_published_time":"2019-06-05T15:09:09+00:00","article_modified_time":"2019-06-05T15:09:21+00:00","og_image":[{"width":1140,"height":759,"url":"https:\/\/canal7slp.tv\/2019\/wp-content\/uploads\/2019\/06\/1210-4.jpg","type":"image\/jpeg"}],"author":"edicionweb","twitter_card":"summary_large_image","twitter_creator":"@canal7_slp","twitter_site":"@canal7_slp","twitter_misc":{"Escrito por":"edicionweb","Tiempo de lectura":"2 minutos"},"schema":{"@context":"https:\/\/schema.org","@graph":[{"@type":"Article","@id":"https:\/\/canal7slp.tv\/2019\/trump-participa-en-ceremonia-de-75-aniversario-de-batalla-de-normandia\/#article","isPartOf":{"@id":"https:\/\/canal7slp.tv\/2019\/trump-participa-en-ceremonia-de-75-aniversario-de-batalla-de-normandia\/"},"author":{"name":"edicionweb","@id":"https:\/\/canal7slp.tv\/2019\/#\/schema\/person\/11d941c1c6ca30ac0a46b95fa37aa2e3"},"headline":"Trump participa en ceremonia de 75 aniversario de batalla de Normandia","datePublished":"2019-06-05T15:09:09+00:00","dateModified":"2019-06-05T15:09:21+00:00","mainEntityOfPage":{"@id":"https:\/\/canal7slp.tv\/2019\/trump-participa-en-ceremonia-de-75-aniversario-de-batalla-de-normandia\/"},"wordCount":374,"commentCount":0,"publisher":{"@id":"https:\/\/canal7slp.tv\/2019\/#organization"},"image":{"@id":"https:\/\/canal7slp.tv\/2019\/trump-participa-en-ceremonia-de-75-aniversario-de-batalla-de-normandia\/#primaryimage"},"thumbnailUrl":"https:\/\/canal7slp.tv\/2019\/wp-content\/uploads\/2019\/06\/1210-4.jpg","articleSection":["INTERNACIONAL"],"inLanguage":"es","potentialAction":[{"@type":"CommentAction","name":"Comment","target":["https:\/\/canal7slp.tv\/2019\/trump-participa-en-ceremonia-de-75-aniversario-de-batalla-de-normandia\/#respond"]}]},{"@type":"WebPage","@id":"https:\/\/canal7slp.tv\/2019\/trump-participa-en-ceremonia-de-75-aniversario-de-batalla-de-normandia\/","url":"https:\/\/canal7slp.tv\/2019\/trump-participa-en-ceremonia-de-75-aniversario-de-batalla-de-normandia\/","name":"Trump participa en ceremonia de 75 aniversario de batalla de Normandia - Canal 7 SLP - 2019","isPartOf":{"@id":"https:\/\/canal7slp.tv\/2019\/#website"},"primaryImageOfPage":{"@id":"https:\/\/canal7slp.tv\/2019\/trump-participa-en-ceremonia-de-75-aniversario-de-batalla-de-normandia\/#primaryimage"},"image":{"@id":"https:\/\/canal7slp.tv\/2019\/trump-participa-en-ceremonia-de-75-aniversario-de-batalla-de-normandia\/#primaryimage"},"thumbnailUrl":"https:\/\/canal7slp.tv\/2019\/wp-content\/uploads\/2019\/06\/1210-4.jpg","datePublished":"2019-06-05T15:09:09+00:00","dateModified":"2019-06-05T15:09:21+00:00","breadcrumb":{"@id":"https:\/\/canal7slp.tv\/2019\/trump-participa-en-ceremonia-de-75-aniversario-de-batalla-de-normandia\/#breadcrumb"},"inLanguage":"es","potentialAction":[{"@type":"ReadAction","target":["https:\/\/canal7slp.tv\/2019\/trump-participa-en-ceremonia-de-75-aniversario-de-batalla-de-normandia\/"]}]},{"@type":"ImageObject","inLanguage":"es","@id":"https:\/\/canal7slp.tv\/2019\/trump-participa-en-ceremonia-de-75-aniversario-de-batalla-de-normandia\/#primaryimage","url":"https:\/\/canal7slp.tv\/2019\/wp-content\/uploads\/2019\/06\/1210-4.jpg","contentUrl":"https:\/\/canal7slp.tv\/2019\/wp-content\/uploads\/2019\/06\/1210-4.jpg","width":1140,"height":759},{"@type":"BreadcrumbList","@id":"https:\/\/canal7slp.tv\/2019\/trump-participa-en-ceremonia-de-75-aniversario-de-batalla-de-normandia\/#breadcrumb","itemListElement":[{"@type":"ListItem","position":1,"name":"Home","item":"https:\/\/canal7slp.tv\/2019\/"},{"@type":"ListItem","position":2,"name":"Trump participa en ceremonia de 75 aniversario de batalla de Normandia"}]},{"@type":"WebSite","@id":"https:\/\/canal7slp.tv\/2019\/#website","url":"https:\/\/canal7slp.tv\/2019\/","name":"Canal 7 SLP - Somos TV","description":"Somos un Canal de 10","publisher":{"@id":"https:\/\/canal7slp.tv\/2019\/#organization"},"potentialAction":[{"@type":"SearchAction","target":{"@type":"EntryPoint","urlTemplate":"https:\/\/canal7slp.tv\/2019\/?s={search_term_string}"},"query-input":{"@type":"PropertyValueSpecification","valueRequired":true,"valueName":"search_term_string"}}],"inLanguage":"es"},{"@type":"Organization","@id":"https:\/\/canal7slp.tv\/2019\/#organization","name":"Comunicaci\u00f3n 2000 S.A. de C.V.","url":"https:\/\/canal7slp.tv\/2019\/","logo":{"@type":"ImageObject","inLanguage":"es","@id":"https:\/\/canal7slp.tv\/2019\/#\/schema\/logo\/image\/","url":"https:\/\/canal7slp.tv\/2019\/wp-content\/uploads\/2019\/07\/logo-c7.png","contentUrl":"https:\/\/canal7slp.tv\/2019\/wp-content\/uploads\/2019\/07\/logo-c7.png","width":220,"height":60,"caption":"Comunicaci\u00f3n 2000 S.A. de C.V."},"image":{"@id":"https:\/\/canal7slp.tv\/2019\/#\/schema\/logo\/image\/"},"sameAs":["https:\/\/www.facebook.com\/CANAL7SLP\/","https:\/\/x.com\/canal7_slp","https:\/\/www.instagram.com\/canal7_slp","https:\/\/www.youtube.com\/user\/NOTICIEROSCANAL7SLP\/"]},{"@type":"Person","@id":"https:\/\/canal7slp.tv\/2019\/#\/schema\/person\/11d941c1c6ca30ac0a46b95fa37aa2e3","name":"edicionweb","image":{"@type":"ImageObject","inLanguage":"es","@id":"https:\/\/secure.gravatar.com\/avatar\/eee448fc3f7164808013b816ba91ac7e43bbe82a70bebac296f8bc6f0addaa1a?s=96&d=mm&r=g","url":"https:\/\/secure.gravatar.com\/avatar\/eee448fc3f7164808013b816ba91ac7e43bbe82a70bebac296f8bc6f0addaa1a?s=96&d=mm&r=g","contentUrl":"https:\/\/secure.gravatar.com\/avatar\/eee448fc3f7164808013b816ba91ac7e43bbe82a70bebac296f8bc6f0addaa1a?s=96&d=mm&r=g","caption":"edicionweb"}}]}},"amp_enabled":true,"cmb2":{"video_ids_in_playlist":{"vid_p_videos":""},"video_ids_in_channel":{"vid_c_videos":""},"playlist_ids_in_channel":{"vid_c_playlists":""},"series_ids_in_channel":{"vid_c_series":""},"channel_images":{"vid_c_logo":"","vid_c_banner":""},"poster_feature_image":{"vid_m_poster_image":""},"gif_feature_image":{"vid_m_gif_image":""},"video_movie_settings":{"vid_m_director":"","vid_m_actor":"","vid_m_imdb_ratings":"","vid_m_amazon_associates":""},"vid_youtube_broadcasts_settings":{"vid_yb_broadcast_title":"","vid_yb_q":"","vid_yb_channelid":"","vid_yb_videocategoryid":"","vid_yb_maxresults":"","vid_yb_order":"","vid_yb_regioncode":"","vid_yb_videosyndicated":"","vid_yb_style":"","vid_yb_reload_first":""},"video_series_settings":{"vid_m_director":"","vid_m_actor":"","vid_m_imdb_ratings":"","video_series_group":""},"amazon_associates_settings":{"amazon_associates":"","amazon_native_ad":""},"vid_youtube_automatic_settings":{"vid_ya_youtube_source":"","vid_ya_update_every":"","vid_ya_update_unit":"","vid_ya_categories":"","vid_ya_published_after":"","vid_ya_published_before":"","vid_ya_playlists":"","vid_ya_channels":"","vid_ya_director":"","vid_ya_actor":"","vid_ya_author":"","vid_ya_import_post_date":"","vid_ya_status":"","vid_ya_sub_api_key":""},"vid_ads_m_videoads_settings_post":{"vid_ads_m_video_ads":"","vid_ads_m_video_ads_type":"","vid_ads_m_group_google_ima":"","vid_ads_m_group_image":"","vid_ads_m_group_html5_video":"","vid_ads_m_group_html":"","vid_ads_m_vast_preroll":"","vid_ads_m_vast_postroll":"","vid_ads_m_vast_pauseroll":"","vid_ads_m_vast_midroll":[{"vid_ads_m_vast_timer_seconds":"50"}],"vid_ads_m_time_to_show_ads":"","vid_ads_m_time_skip_ads":"","vid_ads_m_time_to_hide_ads":""},"page_slider_settings":{"display_slider_group":"","page_slider_group":""},"blog_page_settings":{"blog_page_title":"","blog_page_heading":"","blog_page_ic":"","blog_page_it":"","blog_page_ec":"","blog_page_ip":"","archive_loop_style":"","blog_image_ratio":"","blog_show_categories":"","blog_show_excerpt":"","blog_show_author":"","blog_show_date":"","blog_show_comment_count":"","blog_show_view_count":"","blog_show_like_count":"","blog_show_dislike_count":"","blog_items_per_page":"","blog_pag_type":""},"page_options":{"get_page_template":"","color_mode":"","main_layout":"","main_layout_full_with":"","main_logo":"","main_logo_retina":"","main_logo_mobile":"","main_logo_mobile_retina":"","sticky_logo":"","sticky_logo_retina":"","main_nav_layout":"","ajax_search":"","header_background":"","theme_sidebar":"","instagram_feed":"","instagram_feed_position":"","popular_videos":"","popular_videos_title_1":"","popular_videos_title_2":"","popular_videos_ic":"","popular_videos_it":"","theme_background":"","page_custom_css":""},"feature_image_settings":{"feature_image_position":""},"video_player_settings":{"single_video_style":"","video_player_position":"","vm_video_url":"","video_player_library":"","video_streaming":"","vm_media_sources":"","vid_auto_play":"","vm_video_shortcode":"","vid_p_sync_playlist":"","vid_c_sync_channel":"","get_post_format":"","multiple_links_structure":"default","multi_links_title":"","vm_video_multi_links":"","vm_duration":"","vid_social_locker":"off","vid_social_locker_id":"","vid_membership_action":"content-video","vm_video_trailer_url":"","vid_download_type":"free","vid_download_target":"download","vid_woo_product":"","vm_media_download":"","user_rating":"","user_rating_position":"","user_rating_mode":"","user_rating_multi_sets":""},"video_auto_fetch_settings":{"vm_video_fetch":"on"},"video_fake_views_likes":{"vm_fake_views":"","vm_fake_likes":"","vm_fake_dislikes":""},"gallery_settings":{"gallery_position":""},"quote_settings":{"quote_position":""},"post_options":{"main_layout":"","main_logo":"","main_logo_retina":"","main_logo_mobile":"","main_logo_mobile_retina":"","sticky_logo":"","sticky_logo_retina":"","main_nav_layout":"","header_background":"","theme_sidebar":"","single_post_comment_type":"","theme_background":""}},"_links":{"self":[{"href":"https:\/\/canal7slp.tv\/2019\/wp-json\/wp\/v2\/posts\/7178","targetHints":{"allow":["GET"]}}],"collection":[{"href":"https:\/\/canal7slp.tv\/2019\/wp-json\/wp\/v2\/posts"}],"about":[{"href":"https:\/\/canal7slp.tv\/2019\/wp-json\/wp\/v2\/types\/post"}],"author":[{"embeddable":true,"href":"https:\/\/canal7slp.tv\/2019\/wp-json\/wp\/v2\/users\/2"}],"replies":[{"embeddable":true,"href":"https:\/\/canal7slp.tv\/2019\/wp-json\/wp\/v2\/comments?post=7178"}],"version-history":[{"count":0,"href":"https:\/\/canal7slp.tv\/2019\/wp-json\/wp\/v2\/posts\/7178\/revisions"}],"wp:featuredmedia":[{"embeddable":true,"href":"https:\/\/canal7slp.tv\/2019\/wp-json\/wp\/v2\/media\/7179"}],"wp:attachment":[{"href":"https:\/\/canal7slp.tv\/2019\/wp-json\/wp\/v2\/media?parent=7178"}],"wp:term":[{"taxonomy":"category","embeddable":true,"href":"https:\/\/canal7slp.tv\/2019\/wp-json\/wp\/v2\/categories?post=7178"},{"taxonomy":"post_tag","embeddable":true,"href":"https:\/\/canal7slp.tv\/2019\/wp-json\/wp\/v2\/tags?post=7178"}],"curies":[{"name":"wp","href":"https:\/\/api.w.org\/{rel}","templated":true}]}}