{"id":71426,"date":"2019-09-28T12:27:22","date_gmt":"2019-09-28T17:27:22","guid":{"rendered":"https:\/\/canal7slp.tv\/2019\/?p=71426"},"modified":"2019-09-28T12:27:22","modified_gmt":"2019-09-28T17:27:22","slug":"bloquearan-reglamento-de-detencion-de-ninos-migrantes","status":"publish","type":"post","link":"https:\/\/canal7slp.tv\/2019\/bloquearan-reglamento-de-detencion-de-ninos-migrantes\/","title":{"rendered":"Bloquear\u00e1n reglamento de detenci\u00f3n de ni\u00f1os migrantes"},"content":{"rendered":"<ul>\n<li style=\"text-align: justify\">Una jueza de California se\u00f1ala que las normas son contrarias al acuerdo Flores, el cual define las condiciones para la custodia de los menores de edad<\/li>\n<\/ul>\n<p style=\"text-align: justify\">California.- Una jueza federal de California anunci\u00f3 que bloquear\u00e1 las reglas del Gobierno del presidente Donald Trump referentes a la detenci\u00f3n de ni\u00f1os inmigrantes porque no cumplen con el viejo acuerdo que define las condiciones para la custodia de los menores de edad.<\/p>\n<p style=\"text-align: justify\">La decisi\u00f3n se anunci\u00f3 despu\u00e9s de una audiencia en la que los abogados de ni\u00f1os inmigrantes dijeron que las reglas permitir\u00edan al Gobierno mantener encerrados a los menores de manera indefinida y en instalaciones que no cuentan con licencia estatal para esos fines.<\/p>\n<p style=\"text-align: justify\">Dolly Gee, la jueza responsable, dijo que no ve c\u00f3mo las nuevas reglas cumplan con el acuerdo Flores, alcanzado en 1997, y que aplica a todos los menores de edad, no s\u00f3lo a aquellos detenidos en la frontera entre Estados Unidos y M\u00e9xico sin estar acompa\u00f1ados de sus padres.<\/p>\n<p style=\"text-align: justify\">En su fallo, escribi\u00f3 que las autoridades \u201cno pueden simplemente ignorar lo que dice el decreto de consentimiento \u00fanicamente porque ya no est\u00e1n de acuerdo con ese enfoque por una cuesti\u00f3n pol\u00edtica\u201d.<\/p>\n<p style=\"text-align: justify\">La administraci\u00f3n de Trump pretend\u00eda poner fin al acuerdo como parte de su intento de frenar el flujo de solicitantes de asilo que se presentan en la frontera Sur. Emiti\u00f3 las reglas con la esperanza de detener a los ni\u00f1os migrantes en instalaciones en compa\u00f1\u00eda de sus padres.<\/p>\n<p style=\"text-align: justify\">Los abogados que representan a los ni\u00f1os migrantes detenidos aplaudieron la postura de Gee en el caso, la cual les expres\u00f3 a trav\u00e9s de un borrador del fallo. Se\u00f1alaron que no permitir\u00edan que el Gobierno utilice a los j\u00f3venes inmigrantes para intentar que los migrantes que huyen de situaciones desesperadas no pidan asilo.<\/p>\n<p style=\"text-align: justify\">Un portavoz del Departamento de Justicia se\u00f1al\u00f3 que el Gobierno est\u00e1 decepcionado con el dictamen debido a que hicieron todo lo requerido para la implementaci\u00f3n de las nuevas reglas.<\/p>\n<p style=\"text-align: justify\">En el \u00faltimo a\u00f1o, m\u00e1s de 400 mil migrantes que viajaban en grupos familiares, incluyendo ni\u00f1os, fueron detenidos en la frontera con M\u00e9xico.<\/p>\n<p style=\"text-align: justify\">El Congreso aprob\u00f3, por segunda vez, una resoluci\u00f3n conjunta del Senado y la C\u00e1mara baja contra la emergencia nacional decretada por el Presidente de Estados Unidos (EU), Donald Trump, para desviar fondos para la construcci\u00f3n de un muro en la frontera con M\u00e9xico, aunque se espera que el mandatario vuelva a vetarla.<\/p>\n<p style=\"text-align: justify\">La decisi\u00f3n se tom\u00f3 por 236 votos a favor y 174 en contra. Trump ha amenazado con ejercer su derecho a veto al igual que hizo con una iniciativa de ley similar en marzo.<\/p>\n<p style=\"text-align: justify\">El Senado aprob\u00f3 el proyecto la semana pasada, con el respaldo de una decena de legisladores republicanos que vot\u00f3 en contra del mandatario.<\/p>\n<p style=\"text-align: justify\">La votaci\u00f3n del ayer fue distinta, pues se realiz\u00f3 tras la publicaci\u00f3n de una lista de 127 proyectos de construcci\u00f3n militares, para un total de tres mil 600 millones de d\u00f3lares, que ser\u00e1n cancelados para financiar el muro y varios de los cuales est\u00e1n en estados o distritos republicanos.<\/p>\n<p style=\"text-align: justify\">Los partidarios de Trump argumentan que el dinero es necesario para proteger la frontera y que los dem\u00f3cratas est\u00e1n perdiendo el tiempo.<\/p>\n<p style=\"text-align: justify\">Los opositores denuncian que el mandatario \u201cburla\u201d la autoridad del Congreso para controlar los recursos de la naci\u00f3n y han advertido que no habr\u00e1 dinero para reemplazar el que ha sido desviado para la valla.<\/p>\n<p style=\"text-align: justify\">\u201cLa decisi\u00f3n del Gobierno deshonra a la Constituci\u00f3n al violar su principio m\u00e1s fundamental, el de la separaci\u00f3n de poderes\u201d, declar\u00f3 la presidenta de la C\u00e1mara baja Nancy Pelosi. \u201cEs un ataque a la responsabilidad del Congreso de supervisar las finanzas\u201d.<\/p>\n","protected":false},"excerpt":{"rendered":"<p>Una jueza de California se\u00f1ala que las normas son contrarias al acuerdo Flores, el cual define las condiciones para la custodia de los menores de edad California.- Una jueza federal de California anunci\u00f3 que bloquear\u00e1 las reglas del Gobierno del presidente Donald Trump referentes a la detenci\u00f3n de ni\u00f1os inmigrantes porque no cumplen con el [&hellip;]<\/p>\n","protected":false},"author":2,"featured_media":71427,"comment_status":"open","ping_status":"open","sticky":false,"template":"","format":"standard","meta":{"footnotes":""},"categories":[18],"tags":[],"class_list":["post-71426","post","type-post","status-publish","format-standard","has-post-thumbnail","hentry","category-internacional"],"yoast_head":"<!-- This site is optimized with the Yoast SEO plugin v27.5 - https:\/\/yoast.com\/product\/yoast-seo-wordpress\/ -->\n<title>Bloquear\u00e1n reglamento de detenci\u00f3n de ni\u00f1os migrantes - Canal 7 SLP - 2019<\/title>\n<meta name=\"robots\" content=\"index, follow, max-snippet:-1, max-image-preview:large, max-video-preview:-1\" \/>\n<link rel=\"canonical\" href=\"https:\/\/canal7slp.tv\/2019\/bloquearan-reglamento-de-detencion-de-ninos-migrantes\/\" \/>\n<meta property=\"og:locale\" content=\"es_ES\" \/>\n<meta property=\"og:type\" content=\"article\" \/>\n<meta property=\"og:title\" content=\"Bloquear\u00e1n reglamento de detenci\u00f3n de ni\u00f1os migrantes - Canal 7 SLP - 2019\" \/>\n<meta property=\"og:description\" content=\"Una jueza de California se\u00f1ala que las normas son contrarias al acuerdo Flores, el cual define las condiciones para la custodia de los menores de edad California.- Una jueza federal de California anunci\u00f3 que bloquear\u00e1 las reglas del Gobierno del presidente Donald Trump referentes a la detenci\u00f3n de ni\u00f1os inmigrantes porque no cumplen con el [&hellip;]\" \/>\n<meta property=\"og:url\" content=\"https:\/\/canal7slp.tv\/2019\/bloquearan-reglamento-de-detencion-de-ninos-migrantes\/\" \/>\n<meta property=\"og:site_name\" content=\"Canal 7 SLP - 2019\" \/>\n<meta property=\"article:publisher\" content=\"https:\/\/www.facebook.com\/CANAL7SLP\/\" \/>\n<meta property=\"article:published_time\" content=\"2019-09-28T17:27:22+00:00\" \/>\n<meta property=\"og:image\" content=\"https:\/\/canal7slp.tv\/2019\/wp-content\/uploads\/2019\/09\/1430-12.jpg\" \/>\n\t<meta property=\"og:image:width\" content=\"770\" \/>\n\t<meta property=\"og:image:height\" content=\"485\" \/>\n\t<meta property=\"og:image:type\" content=\"image\/jpeg\" \/>\n<meta name=\"author\" content=\"edicionweb\" \/>\n<meta name=\"twitter:card\" content=\"summary_large_image\" \/>\n<meta name=\"twitter:creator\" content=\"@canal7_slp\" \/>\n<meta name=\"twitter:site\" content=\"@canal7_slp\" \/>\n<meta name=\"twitter:label1\" content=\"Escrito por\" \/>\n\t<meta name=\"twitter:data1\" content=\"edicionweb\" \/>\n\t<meta name=\"twitter:label2\" content=\"Tiempo de lectura\" \/>\n\t<meta name=\"twitter:data2\" content=\"3 minutos\" \/>\n<script type=\"application\/ld+json\" class=\"yoast-schema-graph\">{\"@context\":\"https:\\\/\\\/schema.org\",\"@graph\":[{\"@type\":\"Article\",\"@id\":\"https:\\\/\\\/canal7slp.tv\\\/2019\\\/bloquearan-reglamento-de-detencion-de-ninos-migrantes\\\/#article\",\"isPartOf\":{\"@id\":\"https:\\\/\\\/canal7slp.tv\\\/2019\\\/bloquearan-reglamento-de-detencion-de-ninos-migrantes\\\/\"},\"author\":{\"name\":\"edicionweb\",\"@id\":\"https:\\\/\\\/canal7slp.tv\\\/2019\\\/#\\\/schema\\\/person\\\/11d941c1c6ca30ac0a46b95fa37aa2e3\"},\"headline\":\"Bloquear\u00e1n reglamento de detenci\u00f3n de ni\u00f1os migrantes\",\"datePublished\":\"2019-09-28T17:27:22+00:00\",\"mainEntityOfPage\":{\"@id\":\"https:\\\/\\\/canal7slp.tv\\\/2019\\\/bloquearan-reglamento-de-detencion-de-ninos-migrantes\\\/\"},\"wordCount\":655,\"commentCount\":0,\"publisher\":{\"@id\":\"https:\\\/\\\/canal7slp.tv\\\/2019\\\/#organization\"},\"image\":{\"@id\":\"https:\\\/\\\/canal7slp.tv\\\/2019\\\/bloquearan-reglamento-de-detencion-de-ninos-migrantes\\\/#primaryimage\"},\"thumbnailUrl\":\"https:\\\/\\\/canal7slp.tv\\\/2019\\\/wp-content\\\/uploads\\\/2019\\\/09\\\/1430-12.jpg\",\"articleSection\":[\"INTERNACIONAL\"],\"inLanguage\":\"es\",\"potentialAction\":[{\"@type\":\"CommentAction\",\"name\":\"Comment\",\"target\":[\"https:\\\/\\\/canal7slp.tv\\\/2019\\\/bloquearan-reglamento-de-detencion-de-ninos-migrantes\\\/#respond\"]}]},{\"@type\":\"WebPage\",\"@id\":\"https:\\\/\\\/canal7slp.tv\\\/2019\\\/bloquearan-reglamento-de-detencion-de-ninos-migrantes\\\/\",\"url\":\"https:\\\/\\\/canal7slp.tv\\\/2019\\\/bloquearan-reglamento-de-detencion-de-ninos-migrantes\\\/\",\"name\":\"Bloquear\u00e1n reglamento de detenci\u00f3n de ni\u00f1os migrantes - Canal 7 SLP - 2019\",\"isPartOf\":{\"@id\":\"https:\\\/\\\/canal7slp.tv\\\/2019\\\/#website\"},\"primaryImageOfPage\":{\"@id\":\"https:\\\/\\\/canal7slp.tv\\\/2019\\\/bloquearan-reglamento-de-detencion-de-ninos-migrantes\\\/#primaryimage\"},\"image\":{\"@id\":\"https:\\\/\\\/canal7slp.tv\\\/2019\\\/bloquearan-reglamento-de-detencion-de-ninos-migrantes\\\/#primaryimage\"},\"thumbnailUrl\":\"https:\\\/\\\/canal7slp.tv\\\/2019\\\/wp-content\\\/uploads\\\/2019\\\/09\\\/1430-12.jpg\",\"datePublished\":\"2019-09-28T17:27:22+00:00\",\"breadcrumb\":{\"@id\":\"https:\\\/\\\/canal7slp.tv\\\/2019\\\/bloquearan-reglamento-de-detencion-de-ninos-migrantes\\\/#breadcrumb\"},\"inLanguage\":\"es\",\"potentialAction\":[{\"@type\":\"ReadAction\",\"target\":[\"https:\\\/\\\/canal7slp.tv\\\/2019\\\/bloquearan-reglamento-de-detencion-de-ninos-migrantes\\\/\"]}]},{\"@type\":\"ImageObject\",\"inLanguage\":\"es\",\"@id\":\"https:\\\/\\\/canal7slp.tv\\\/2019\\\/bloquearan-reglamento-de-detencion-de-ninos-migrantes\\\/#primaryimage\",\"url\":\"https:\\\/\\\/canal7slp.tv\\\/2019\\\/wp-content\\\/uploads\\\/2019\\\/09\\\/1430-12.jpg\",\"contentUrl\":\"https:\\\/\\\/canal7slp.tv\\\/2019\\\/wp-content\\\/uploads\\\/2019\\\/09\\\/1430-12.jpg\",\"width\":770,\"height\":485},{\"@type\":\"BreadcrumbList\",\"@id\":\"https:\\\/\\\/canal7slp.tv\\\/2019\\\/bloquearan-reglamento-de-detencion-de-ninos-migrantes\\\/#breadcrumb\",\"itemListElement\":[{\"@type\":\"ListItem\",\"position\":1,\"name\":\"Home\",\"item\":\"https:\\\/\\\/canal7slp.tv\\\/2019\\\/\"},{\"@type\":\"ListItem\",\"position\":2,\"name\":\"Bloquear\u00e1n reglamento de detenci\u00f3n de ni\u00f1os migrantes\"}]},{\"@type\":\"WebSite\",\"@id\":\"https:\\\/\\\/canal7slp.tv\\\/2019\\\/#website\",\"url\":\"https:\\\/\\\/canal7slp.tv\\\/2019\\\/\",\"name\":\"Canal 7 SLP - Somos TV\",\"description\":\"Somos un Canal de 10\",\"publisher\":{\"@id\":\"https:\\\/\\\/canal7slp.tv\\\/2019\\\/#organization\"},\"potentialAction\":[{\"@type\":\"SearchAction\",\"target\":{\"@type\":\"EntryPoint\",\"urlTemplate\":\"https:\\\/\\\/canal7slp.tv\\\/2019\\\/?s={search_term_string}\"},\"query-input\":{\"@type\":\"PropertyValueSpecification\",\"valueRequired\":true,\"valueName\":\"search_term_string\"}}],\"inLanguage\":\"es\"},{\"@type\":\"Organization\",\"@id\":\"https:\\\/\\\/canal7slp.tv\\\/2019\\\/#organization\",\"name\":\"Comunicaci\u00f3n 2000 S.A. de C.V.\",\"url\":\"https:\\\/\\\/canal7slp.tv\\\/2019\\\/\",\"logo\":{\"@type\":\"ImageObject\",\"inLanguage\":\"es\",\"@id\":\"https:\\\/\\\/canal7slp.tv\\\/2019\\\/#\\\/schema\\\/logo\\\/image\\\/\",\"url\":\"https:\\\/\\\/canal7slp.tv\\\/2019\\\/wp-content\\\/uploads\\\/2019\\\/07\\\/logo-c7.png\",\"contentUrl\":\"https:\\\/\\\/canal7slp.tv\\\/2019\\\/wp-content\\\/uploads\\\/2019\\\/07\\\/logo-c7.png\",\"width\":220,\"height\":60,\"caption\":\"Comunicaci\u00f3n 2000 S.A. de C.V.\"},\"image\":{\"@id\":\"https:\\\/\\\/canal7slp.tv\\\/2019\\\/#\\\/schema\\\/logo\\\/image\\\/\"},\"sameAs\":[\"https:\\\/\\\/www.facebook.com\\\/CANAL7SLP\\\/\",\"https:\\\/\\\/x.com\\\/canal7_slp\",\"https:\\\/\\\/www.instagram.com\\\/canal7_slp\",\"https:\\\/\\\/www.youtube.com\\\/user\\\/NOTICIEROSCANAL7SLP\\\/\"]},{\"@type\":\"Person\",\"@id\":\"https:\\\/\\\/canal7slp.tv\\\/2019\\\/#\\\/schema\\\/person\\\/11d941c1c6ca30ac0a46b95fa37aa2e3\",\"name\":\"edicionweb\",\"image\":{\"@type\":\"ImageObject\",\"inLanguage\":\"es\",\"@id\":\"https:\\\/\\\/secure.gravatar.com\\\/avatar\\\/eee448fc3f7164808013b816ba91ac7e43bbe82a70bebac296f8bc6f0addaa1a?s=96&d=mm&r=g\",\"url\":\"https:\\\/\\\/secure.gravatar.com\\\/avatar\\\/eee448fc3f7164808013b816ba91ac7e43bbe82a70bebac296f8bc6f0addaa1a?s=96&d=mm&r=g\",\"contentUrl\":\"https:\\\/\\\/secure.gravatar.com\\\/avatar\\\/eee448fc3f7164808013b816ba91ac7e43bbe82a70bebac296f8bc6f0addaa1a?s=96&d=mm&r=g\",\"caption\":\"edicionweb\"}}]}<\/script>\n<!-- \/ Yoast SEO plugin. -->","yoast_head_json":{"title":"Bloquear\u00e1n reglamento de detenci\u00f3n de ni\u00f1os migrantes - Canal 7 SLP - 2019","robots":{"index":"index","follow":"follow","max-snippet":"max-snippet:-1","max-image-preview":"max-image-preview:large","max-video-preview":"max-video-preview:-1"},"canonical":"https:\/\/canal7slp.tv\/2019\/bloquearan-reglamento-de-detencion-de-ninos-migrantes\/","og_locale":"es_ES","og_type":"article","og_title":"Bloquear\u00e1n reglamento de detenci\u00f3n de ni\u00f1os migrantes - Canal 7 SLP - 2019","og_description":"Una jueza de California se\u00f1ala que las normas son contrarias al acuerdo Flores, el cual define las condiciones para la custodia de los menores de edad California.- Una jueza federal de California anunci\u00f3 que bloquear\u00e1 las reglas del Gobierno del presidente Donald Trump referentes a la detenci\u00f3n de ni\u00f1os inmigrantes porque no cumplen con el [&hellip;]","og_url":"https:\/\/canal7slp.tv\/2019\/bloquearan-reglamento-de-detencion-de-ninos-migrantes\/","og_site_name":"Canal 7 SLP - 2019","article_publisher":"https:\/\/www.facebook.com\/CANAL7SLP\/","article_published_time":"2019-09-28T17:27:22+00:00","og_image":[{"width":770,"height":485,"url":"https:\/\/canal7slp.tv\/2019\/wp-content\/uploads\/2019\/09\/1430-12.jpg","type":"image\/jpeg"}],"author":"edicionweb","twitter_card":"summary_large_image","twitter_creator":"@canal7_slp","twitter_site":"@canal7_slp","twitter_misc":{"Escrito por":"edicionweb","Tiempo de lectura":"3 minutos"},"schema":{"@context":"https:\/\/schema.org","@graph":[{"@type":"Article","@id":"https:\/\/canal7slp.tv\/2019\/bloquearan-reglamento-de-detencion-de-ninos-migrantes\/#article","isPartOf":{"@id":"https:\/\/canal7slp.tv\/2019\/bloquearan-reglamento-de-detencion-de-ninos-migrantes\/"},"author":{"name":"edicionweb","@id":"https:\/\/canal7slp.tv\/2019\/#\/schema\/person\/11d941c1c6ca30ac0a46b95fa37aa2e3"},"headline":"Bloquear\u00e1n reglamento de detenci\u00f3n de ni\u00f1os migrantes","datePublished":"2019-09-28T17:27:22+00:00","mainEntityOfPage":{"@id":"https:\/\/canal7slp.tv\/2019\/bloquearan-reglamento-de-detencion-de-ninos-migrantes\/"},"wordCount":655,"commentCount":0,"publisher":{"@id":"https:\/\/canal7slp.tv\/2019\/#organization"},"image":{"@id":"https:\/\/canal7slp.tv\/2019\/bloquearan-reglamento-de-detencion-de-ninos-migrantes\/#primaryimage"},"thumbnailUrl":"https:\/\/canal7slp.tv\/2019\/wp-content\/uploads\/2019\/09\/1430-12.jpg","articleSection":["INTERNACIONAL"],"inLanguage":"es","potentialAction":[{"@type":"CommentAction","name":"Comment","target":["https:\/\/canal7slp.tv\/2019\/bloquearan-reglamento-de-detencion-de-ninos-migrantes\/#respond"]}]},{"@type":"WebPage","@id":"https:\/\/canal7slp.tv\/2019\/bloquearan-reglamento-de-detencion-de-ninos-migrantes\/","url":"https:\/\/canal7slp.tv\/2019\/bloquearan-reglamento-de-detencion-de-ninos-migrantes\/","name":"Bloquear\u00e1n reglamento de detenci\u00f3n de ni\u00f1os migrantes - Canal 7 SLP - 2019","isPartOf":{"@id":"https:\/\/canal7slp.tv\/2019\/#website"},"primaryImageOfPage":{"@id":"https:\/\/canal7slp.tv\/2019\/bloquearan-reglamento-de-detencion-de-ninos-migrantes\/#primaryimage"},"image":{"@id":"https:\/\/canal7slp.tv\/2019\/bloquearan-reglamento-de-detencion-de-ninos-migrantes\/#primaryimage"},"thumbnailUrl":"https:\/\/canal7slp.tv\/2019\/wp-content\/uploads\/2019\/09\/1430-12.jpg","datePublished":"2019-09-28T17:27:22+00:00","breadcrumb":{"@id":"https:\/\/canal7slp.tv\/2019\/bloquearan-reglamento-de-detencion-de-ninos-migrantes\/#breadcrumb"},"inLanguage":"es","potentialAction":[{"@type":"ReadAction","target":["https:\/\/canal7slp.tv\/2019\/bloquearan-reglamento-de-detencion-de-ninos-migrantes\/"]}]},{"@type":"ImageObject","inLanguage":"es","@id":"https:\/\/canal7slp.tv\/2019\/bloquearan-reglamento-de-detencion-de-ninos-migrantes\/#primaryimage","url":"https:\/\/canal7slp.tv\/2019\/wp-content\/uploads\/2019\/09\/1430-12.jpg","contentUrl":"https:\/\/canal7slp.tv\/2019\/wp-content\/uploads\/2019\/09\/1430-12.jpg","width":770,"height":485},{"@type":"BreadcrumbList","@id":"https:\/\/canal7slp.tv\/2019\/bloquearan-reglamento-de-detencion-de-ninos-migrantes\/#breadcrumb","itemListElement":[{"@type":"ListItem","position":1,"name":"Home","item":"https:\/\/canal7slp.tv\/2019\/"},{"@type":"ListItem","position":2,"name":"Bloquear\u00e1n reglamento de detenci\u00f3n de ni\u00f1os migrantes"}]},{"@type":"WebSite","@id":"https:\/\/canal7slp.tv\/2019\/#website","url":"https:\/\/canal7slp.tv\/2019\/","name":"Canal 7 SLP - Somos TV","description":"Somos un Canal de 10","publisher":{"@id":"https:\/\/canal7slp.tv\/2019\/#organization"},"potentialAction":[{"@type":"SearchAction","target":{"@type":"EntryPoint","urlTemplate":"https:\/\/canal7slp.tv\/2019\/?s={search_term_string}"},"query-input":{"@type":"PropertyValueSpecification","valueRequired":true,"valueName":"search_term_string"}}],"inLanguage":"es"},{"@type":"Organization","@id":"https:\/\/canal7slp.tv\/2019\/#organization","name":"Comunicaci\u00f3n 2000 S.A. de C.V.","url":"https:\/\/canal7slp.tv\/2019\/","logo":{"@type":"ImageObject","inLanguage":"es","@id":"https:\/\/canal7slp.tv\/2019\/#\/schema\/logo\/image\/","url":"https:\/\/canal7slp.tv\/2019\/wp-content\/uploads\/2019\/07\/logo-c7.png","contentUrl":"https:\/\/canal7slp.tv\/2019\/wp-content\/uploads\/2019\/07\/logo-c7.png","width":220,"height":60,"caption":"Comunicaci\u00f3n 2000 S.A. de C.V."},"image":{"@id":"https:\/\/canal7slp.tv\/2019\/#\/schema\/logo\/image\/"},"sameAs":["https:\/\/www.facebook.com\/CANAL7SLP\/","https:\/\/x.com\/canal7_slp","https:\/\/www.instagram.com\/canal7_slp","https:\/\/www.youtube.com\/user\/NOTICIEROSCANAL7SLP\/"]},{"@type":"Person","@id":"https:\/\/canal7slp.tv\/2019\/#\/schema\/person\/11d941c1c6ca30ac0a46b95fa37aa2e3","name":"edicionweb","image":{"@type":"ImageObject","inLanguage":"es","@id":"https:\/\/secure.gravatar.com\/avatar\/eee448fc3f7164808013b816ba91ac7e43bbe82a70bebac296f8bc6f0addaa1a?s=96&d=mm&r=g","url":"https:\/\/secure.gravatar.com\/avatar\/eee448fc3f7164808013b816ba91ac7e43bbe82a70bebac296f8bc6f0addaa1a?s=96&d=mm&r=g","contentUrl":"https:\/\/secure.gravatar.com\/avatar\/eee448fc3f7164808013b816ba91ac7e43bbe82a70bebac296f8bc6f0addaa1a?s=96&d=mm&r=g","caption":"edicionweb"}}]}},"amp_enabled":true,"cmb2":{"video_ids_in_playlist":{"vid_p_videos":""},"video_ids_in_channel":{"vid_c_videos":""},"playlist_ids_in_channel":{"vid_c_playlists":""},"series_ids_in_channel":{"vid_c_series":""},"channel_images":{"vid_c_logo":"","vid_c_banner":""},"poster_feature_image":{"vid_m_poster_image":""},"gif_feature_image":{"vid_m_gif_image":""},"video_movie_settings":{"vid_m_director":"","vid_m_actor":"","vid_m_imdb_ratings":"","vid_m_amazon_associates":""},"vid_youtube_broadcasts_settings":{"vid_yb_broadcast_title":"","vid_yb_q":"","vid_yb_channelid":"","vid_yb_videocategoryid":"","vid_yb_maxresults":"","vid_yb_order":"","vid_yb_regioncode":"","vid_yb_videosyndicated":"","vid_yb_style":"","vid_yb_reload_first":""},"video_series_settings":{"vid_m_director":"","vid_m_actor":"","vid_m_imdb_ratings":"","video_series_group":""},"amazon_associates_settings":{"amazon_associates":"","amazon_native_ad":""},"vid_youtube_automatic_settings":{"vid_ya_youtube_source":"","vid_ya_update_every":"","vid_ya_update_unit":"","vid_ya_categories":"","vid_ya_published_after":"","vid_ya_published_before":"","vid_ya_playlists":"","vid_ya_channels":"","vid_ya_director":"","vid_ya_actor":"","vid_ya_author":"","vid_ya_import_post_date":"","vid_ya_status":"","vid_ya_sub_api_key":""},"vid_ads_m_videoads_settings_post":{"vid_ads_m_video_ads":"","vid_ads_m_video_ads_type":"","vid_ads_m_group_google_ima":"","vid_ads_m_group_image":"","vid_ads_m_group_html5_video":"","vid_ads_m_group_html":"","vid_ads_m_vast_preroll":"","vid_ads_m_vast_postroll":"","vid_ads_m_vast_pauseroll":"","vid_ads_m_vast_midroll":[{"vid_ads_m_vast_timer_seconds":"50"}],"vid_ads_m_time_to_show_ads":"","vid_ads_m_time_skip_ads":"","vid_ads_m_time_to_hide_ads":""},"page_slider_settings":{"display_slider_group":"","page_slider_group":""},"blog_page_settings":{"blog_page_title":"","blog_page_heading":"","blog_page_ic":"","blog_page_it":"","blog_page_ec":"","blog_page_ip":"","archive_loop_style":"","blog_image_ratio":"","blog_show_categories":"","blog_show_excerpt":"","blog_show_author":"","blog_show_date":"","blog_show_comment_count":"","blog_show_view_count":"","blog_show_like_count":"","blog_show_dislike_count":"","blog_items_per_page":"","blog_pag_type":""},"page_options":{"get_page_template":"","color_mode":"","main_layout":"","main_layout_full_with":"","main_logo":"","main_logo_retina":"","main_logo_mobile":"","main_logo_mobile_retina":"","sticky_logo":"","sticky_logo_retina":"","main_nav_layout":"","ajax_search":"","header_background":"","theme_sidebar":"","instagram_feed":"","instagram_feed_position":"","popular_videos":"","popular_videos_title_1":"","popular_videos_title_2":"","popular_videos_ic":"","popular_videos_it":"","theme_background":"","page_custom_css":""},"feature_image_settings":{"feature_image_position":""},"video_player_settings":{"single_video_style":"","video_player_position":"","vm_video_url":"","video_player_library":"","video_streaming":"","vm_media_sources":"","vid_auto_play":"","vm_video_shortcode":"","vid_p_sync_playlist":"","vid_c_sync_channel":"","get_post_format":"","multiple_links_structure":"default","multi_links_title":"","vm_video_multi_links":"","vm_duration":"","vid_social_locker":"off","vid_social_locker_id":"","vid_membership_action":"content-video","vm_video_trailer_url":"","vid_download_type":"free","vid_download_target":"download","vid_woo_product":"","vm_media_download":"","user_rating":"","user_rating_position":"","user_rating_mode":"","user_rating_multi_sets":""},"video_auto_fetch_settings":{"vm_video_fetch":"on"},"video_fake_views_likes":{"vm_fake_views":"","vm_fake_likes":"","vm_fake_dislikes":""},"gallery_settings":{"gallery_position":""},"quote_settings":{"quote_position":""},"post_options":{"main_layout":"","main_logo":"","main_logo_retina":"","main_logo_mobile":"","main_logo_mobile_retina":"","sticky_logo":"","sticky_logo_retina":"","main_nav_layout":"","header_background":"","theme_sidebar":"","single_post_comment_type":"","theme_background":""}},"_links":{"self":[{"href":"https:\/\/canal7slp.tv\/2019\/wp-json\/wp\/v2\/posts\/71426","targetHints":{"allow":["GET"]}}],"collection":[{"href":"https:\/\/canal7slp.tv\/2019\/wp-json\/wp\/v2\/posts"}],"about":[{"href":"https:\/\/canal7slp.tv\/2019\/wp-json\/wp\/v2\/types\/post"}],"author":[{"embeddable":true,"href":"https:\/\/canal7slp.tv\/2019\/wp-json\/wp\/v2\/users\/2"}],"replies":[{"embeddable":true,"href":"https:\/\/canal7slp.tv\/2019\/wp-json\/wp\/v2\/comments?post=71426"}],"version-history":[{"count":0,"href":"https:\/\/canal7slp.tv\/2019\/wp-json\/wp\/v2\/posts\/71426\/revisions"}],"wp:featuredmedia":[{"embeddable":true,"href":"https:\/\/canal7slp.tv\/2019\/wp-json\/wp\/v2\/media\/71427"}],"wp:attachment":[{"href":"https:\/\/canal7slp.tv\/2019\/wp-json\/wp\/v2\/media?parent=71426"}],"wp:term":[{"taxonomy":"category","embeddable":true,"href":"https:\/\/canal7slp.tv\/2019\/wp-json\/wp\/v2\/categories?post=71426"},{"taxonomy":"post_tag","embeddable":true,"href":"https:\/\/canal7slp.tv\/2019\/wp-json\/wp\/v2\/tags?post=71426"}],"curies":[{"name":"wp","href":"https:\/\/api.w.org\/{rel}","templated":true}]}}