{"id":71351,"date":"2019-09-27T19:41:52","date_gmt":"2019-09-28T00:41:52","guid":{"rendered":"https:\/\/canal7slp.tv\/2019\/?p=71351"},"modified":"2019-09-27T19:41:52","modified_gmt":"2019-09-28T00:41:52","slug":"jm-carreras-reconoce-aporte-de-la-sociedad-para-fortalecer-uaslp","status":"publish","type":"post","link":"https:\/\/canal7slp.tv\/2019\/jm-carreras-reconoce-aporte-de-la-sociedad-para-fortalecer-uaslp\/","title":{"rendered":"JM Carreras reconoce aporte de la sociedad para fortalecer UASLP"},"content":{"rendered":"<ul>\n<li style=\"text-align: justify\">Arrancan Gobernador y Rector de la UASLP el LIII Radio Marat\u00f3n Universitario.<\/li>\n<li style=\"text-align: justify\">Los recursos recaudados se utilizar\u00e1n en la Incubadora de Negocios para estudiantes.<\/li>\n<\/ul>\n<p style=\"text-align: justify\">SLP.- Durante el arranque de la edici\u00f3n 53 del Radio Marat\u00f3n Universitario, en la Plaza del Estudiante de la m\u00e1xima casa de estudios, el Gobernador del Estado, Juan Manuel Carreras L\u00f3pez, acompa\u00f1ado por el Rector de la Universidad Aut\u00f3noma de San Luis Potos\u00ed (UASLP), Manuel Ferm\u00edn Villar Rubio, reconoci\u00f3 el aporte de la sociedad para el fortalecimiento de esta emblem\u00e1tica instituci\u00f3n, que en pronto cumplir\u00e1 100 a\u00f1os de autonom\u00eda.<\/p>\n<p style=\"text-align: justify\">Con la presencia de la Presidenta de\u200b\u200b la Junta Directiva del Sistema Estatal DIF, Lorena Valle Rodr\u00edguez, Carreras L\u00f3pez, destac\u00f3 que, la UASLP, desde su creaci\u00f3n como Instituto Cient\u00edfico y Literario hace 160 a\u00f1os, ha sido un referente educativo de calidad, por ello la importancia de mejorarla con mayor capacidad para m\u00e1s alumnos y alumnas e impulso a la investigaci\u00f3n y sentido humano.<\/p>\n<p style=\"text-align: justify\">El mandatario estatal, tras realizar un donativo institucional, reconoci\u00f3 la labor de la comunidad estudiantil y extendi\u00f3 una felicitaci\u00f3n por el 160 aniversario de la creaci\u00f3n del Instituto Cient\u00edfico y Literario, que despu\u00e9s transitar\u00eda a la UASLP, asimismo, por la celebraci\u00f3n, como desde hace m\u00e1s de cinco d\u00e9cadas, del Mes de la Universidad.<\/p>\n<p style=\"text-align: justify\">El Rector de la UASLP, Manuel Ferm\u00edn Villar Rubio, dijo que este evento tiene 53 a\u00f1os de permitir dar a conocer el avance de la instituci\u00f3n a la sociedad, cuya realizaci\u00f3n tiene un fin palpable de apoyo a la juventud. \u201cLa Incubadora de Negocios es un proyecto transversal que apoyar\u00e1 a estudiantes de todas las facultades y campus, para generar empresas y fomentar el autoempleo con responsabilidad social\u201d, indic\u00f3.<\/p>\n<p style=\"text-align: justify\">El Jefe de la Divisi\u00f3n de Servicios Estudiantiles de la UASLP, Francisco As\u00eds Lozano, explic\u00f3 que el proyecto ser\u00e1 un espacio de impulso a ideas emprendedoras, que priorizar\u00e1 el desarrollo de habilidades de liderazgo y contabilidad, sin importar las carreras en la que est\u00e1n inscritos las y los alumnos.<\/p>\n<p style=\"text-align: justify\">El Presidente de la Federaci\u00f3n Universitaria Potosina, \u00d3scar Alan Pati\u00f1o Sanjuanero, convoc\u00f3 a la comunidad estudiantil a salir a las calles a buscar la solidaridad ciudadana, para impulsar esta herramienta que servir\u00e1 para hacer realidad la visi\u00f3n emprendedora de sus compa\u00f1eros y compa\u00f1eras.<\/p>\n<p style=\"text-align: justify\">A este evento asistieron Daniel Pedroza Gait\u00e1n, Secretario de Finanzas; Juan Paulo Almaz\u00e1n Cue, Presidente del Supremo Tribunal de Justicia y del Consejo de la Judicatura; Mart\u00edn Ju\u00e1rez C\u00f3rdova, Presidente de la Mesa Directiva del Congreso del Estado; Anuar Abraham Kasis Ariceaga, Secretario General de la UASLP; integrantes del Consejo Directivo Universitario y de la Junta Suprema de Gobierno, estudiantes y docentes.<\/p>\n","protected":false},"excerpt":{"rendered":"<p>Arrancan Gobernador y Rector de la UASLP el LIII Radio Marat\u00f3n Universitario. Los recursos recaudados se utilizar\u00e1n en la Incubadora de Negocios para estudiantes. SLP.- Durante el arranque de la edici\u00f3n 53 del Radio Marat\u00f3n Universitario, en la Plaza del Estudiante de la m\u00e1xima casa de estudios, el Gobernador del Estado, Juan Manuel Carreras L\u00f3pez, [&hellip;]<\/p>\n","protected":false},"author":2,"featured_media":71352,"comment_status":"open","ping_status":"open","sticky":false,"template":"","format":"standard","meta":{"footnotes":""},"categories":[17],"tags":[],"class_list":["post-71351","post","type-post","status-publish","format-standard","has-post-thumbnail","hentry","category-localesyregionales"],"yoast_head":"<!-- This site is optimized with the Yoast SEO plugin v27.5 - https:\/\/yoast.com\/product\/yoast-seo-wordpress\/ -->\n<title>JM Carreras reconoce aporte de la sociedad para fortalecer UASLP - Canal 7 SLP - 2019<\/title>\n<meta name=\"robots\" content=\"index, follow, max-snippet:-1, max-image-preview:large, max-video-preview:-1\" \/>\n<link rel=\"canonical\" href=\"https:\/\/canal7slp.tv\/2019\/jm-carreras-reconoce-aporte-de-la-sociedad-para-fortalecer-uaslp\/\" \/>\n<meta property=\"og:locale\" content=\"es_ES\" \/>\n<meta property=\"og:type\" content=\"article\" \/>\n<meta property=\"og:title\" content=\"JM Carreras reconoce aporte de la sociedad para fortalecer UASLP - Canal 7 SLP - 2019\" \/>\n<meta property=\"og:description\" content=\"Arrancan Gobernador y Rector de la UASLP el LIII Radio Marat\u00f3n Universitario. Los recursos recaudados se utilizar\u00e1n en la Incubadora de Negocios para estudiantes. SLP.- Durante el arranque de la edici\u00f3n 53 del Radio Marat\u00f3n Universitario, en la Plaza del Estudiante de la m\u00e1xima casa de estudios, el Gobernador del Estado, Juan Manuel Carreras L\u00f3pez, [&hellip;]\" \/>\n<meta property=\"og:url\" content=\"https:\/\/canal7slp.tv\/2019\/jm-carreras-reconoce-aporte-de-la-sociedad-para-fortalecer-uaslp\/\" \/>\n<meta property=\"og:site_name\" content=\"Canal 7 SLP - 2019\" \/>\n<meta property=\"article:publisher\" content=\"https:\/\/www.facebook.com\/CANAL7SLP\/\" \/>\n<meta property=\"article:published_time\" content=\"2019-09-28T00:41:52+00:00\" \/>\n<meta property=\"og:image\" content=\"https:\/\/canal7slp.tv\/2019\/wp-content\/uploads\/2019\/09\/g3-8.jpg\" \/>\n\t<meta property=\"og:image:width\" content=\"1280\" \/>\n\t<meta property=\"og:image:height\" content=\"853\" \/>\n\t<meta property=\"og:image:type\" content=\"image\/jpeg\" \/>\n<meta name=\"author\" content=\"edicionweb\" \/>\n<meta name=\"twitter:card\" content=\"summary_large_image\" \/>\n<meta name=\"twitter:creator\" content=\"@canal7_slp\" \/>\n<meta name=\"twitter:site\" content=\"@canal7_slp\" \/>\n<meta name=\"twitter:label1\" content=\"Escrito por\" \/>\n\t<meta name=\"twitter:data1\" content=\"edicionweb\" \/>\n\t<meta name=\"twitter:label2\" content=\"Tiempo de lectura\" \/>\n\t<meta name=\"twitter:data2\" content=\"2 minutos\" \/>\n<script type=\"application\/ld+json\" class=\"yoast-schema-graph\">{\"@context\":\"https:\\\/\\\/schema.org\",\"@graph\":[{\"@type\":\"Article\",\"@id\":\"https:\\\/\\\/canal7slp.tv\\\/2019\\\/jm-carreras-reconoce-aporte-de-la-sociedad-para-fortalecer-uaslp\\\/#article\",\"isPartOf\":{\"@id\":\"https:\\\/\\\/canal7slp.tv\\\/2019\\\/jm-carreras-reconoce-aporte-de-la-sociedad-para-fortalecer-uaslp\\\/\"},\"author\":{\"name\":\"edicionweb\",\"@id\":\"https:\\\/\\\/canal7slp.tv\\\/2019\\\/#\\\/schema\\\/person\\\/11d941c1c6ca30ac0a46b95fa37aa2e3\"},\"headline\":\"JM Carreras reconoce aporte de la sociedad para fortalecer UASLP\",\"datePublished\":\"2019-09-28T00:41:52+00:00\",\"mainEntityOfPage\":{\"@id\":\"https:\\\/\\\/canal7slp.tv\\\/2019\\\/jm-carreras-reconoce-aporte-de-la-sociedad-para-fortalecer-uaslp\\\/\"},\"wordCount\":483,\"commentCount\":0,\"publisher\":{\"@id\":\"https:\\\/\\\/canal7slp.tv\\\/2019\\\/#organization\"},\"image\":{\"@id\":\"https:\\\/\\\/canal7slp.tv\\\/2019\\\/jm-carreras-reconoce-aporte-de-la-sociedad-para-fortalecer-uaslp\\\/#primaryimage\"},\"thumbnailUrl\":\"https:\\\/\\\/canal7slp.tv\\\/2019\\\/wp-content\\\/uploads\\\/2019\\\/09\\\/g3-8.jpg\",\"articleSection\":[\"LOCALES Y REGIONALES\"],\"inLanguage\":\"es\",\"potentialAction\":[{\"@type\":\"CommentAction\",\"name\":\"Comment\",\"target\":[\"https:\\\/\\\/canal7slp.tv\\\/2019\\\/jm-carreras-reconoce-aporte-de-la-sociedad-para-fortalecer-uaslp\\\/#respond\"]}]},{\"@type\":\"WebPage\",\"@id\":\"https:\\\/\\\/canal7slp.tv\\\/2019\\\/jm-carreras-reconoce-aporte-de-la-sociedad-para-fortalecer-uaslp\\\/\",\"url\":\"https:\\\/\\\/canal7slp.tv\\\/2019\\\/jm-carreras-reconoce-aporte-de-la-sociedad-para-fortalecer-uaslp\\\/\",\"name\":\"JM Carreras reconoce aporte de la sociedad para fortalecer UASLP - Canal 7 SLP - 2019\",\"isPartOf\":{\"@id\":\"https:\\\/\\\/canal7slp.tv\\\/2019\\\/#website\"},\"primaryImageOfPage\":{\"@id\":\"https:\\\/\\\/canal7slp.tv\\\/2019\\\/jm-carreras-reconoce-aporte-de-la-sociedad-para-fortalecer-uaslp\\\/#primaryimage\"},\"image\":{\"@id\":\"https:\\\/\\\/canal7slp.tv\\\/2019\\\/jm-carreras-reconoce-aporte-de-la-sociedad-para-fortalecer-uaslp\\\/#primaryimage\"},\"thumbnailUrl\":\"https:\\\/\\\/canal7slp.tv\\\/2019\\\/wp-content\\\/uploads\\\/2019\\\/09\\\/g3-8.jpg\",\"datePublished\":\"2019-09-28T00:41:52+00:00\",\"breadcrumb\":{\"@id\":\"https:\\\/\\\/canal7slp.tv\\\/2019\\\/jm-carreras-reconoce-aporte-de-la-sociedad-para-fortalecer-uaslp\\\/#breadcrumb\"},\"inLanguage\":\"es\",\"potentialAction\":[{\"@type\":\"ReadAction\",\"target\":[\"https:\\\/\\\/canal7slp.tv\\\/2019\\\/jm-carreras-reconoce-aporte-de-la-sociedad-para-fortalecer-uaslp\\\/\"]}]},{\"@type\":\"ImageObject\",\"inLanguage\":\"es\",\"@id\":\"https:\\\/\\\/canal7slp.tv\\\/2019\\\/jm-carreras-reconoce-aporte-de-la-sociedad-para-fortalecer-uaslp\\\/#primaryimage\",\"url\":\"https:\\\/\\\/canal7slp.tv\\\/2019\\\/wp-content\\\/uploads\\\/2019\\\/09\\\/g3-8.jpg\",\"contentUrl\":\"https:\\\/\\\/canal7slp.tv\\\/2019\\\/wp-content\\\/uploads\\\/2019\\\/09\\\/g3-8.jpg\",\"width\":1280,\"height\":853},{\"@type\":\"BreadcrumbList\",\"@id\":\"https:\\\/\\\/canal7slp.tv\\\/2019\\\/jm-carreras-reconoce-aporte-de-la-sociedad-para-fortalecer-uaslp\\\/#breadcrumb\",\"itemListElement\":[{\"@type\":\"ListItem\",\"position\":1,\"name\":\"Home\",\"item\":\"https:\\\/\\\/canal7slp.tv\\\/2019\\\/\"},{\"@type\":\"ListItem\",\"position\":2,\"name\":\"JM Carreras reconoce aporte de la sociedad para fortalecer UASLP\"}]},{\"@type\":\"WebSite\",\"@id\":\"https:\\\/\\\/canal7slp.tv\\\/2019\\\/#website\",\"url\":\"https:\\\/\\\/canal7slp.tv\\\/2019\\\/\",\"name\":\"Canal 7 SLP - Somos TV\",\"description\":\"Somos un Canal de 10\",\"publisher\":{\"@id\":\"https:\\\/\\\/canal7slp.tv\\\/2019\\\/#organization\"},\"potentialAction\":[{\"@type\":\"SearchAction\",\"target\":{\"@type\":\"EntryPoint\",\"urlTemplate\":\"https:\\\/\\\/canal7slp.tv\\\/2019\\\/?s={search_term_string}\"},\"query-input\":{\"@type\":\"PropertyValueSpecification\",\"valueRequired\":true,\"valueName\":\"search_term_string\"}}],\"inLanguage\":\"es\"},{\"@type\":\"Organization\",\"@id\":\"https:\\\/\\\/canal7slp.tv\\\/2019\\\/#organization\",\"name\":\"Comunicaci\u00f3n 2000 S.A. de C.V.\",\"url\":\"https:\\\/\\\/canal7slp.tv\\\/2019\\\/\",\"logo\":{\"@type\":\"ImageObject\",\"inLanguage\":\"es\",\"@id\":\"https:\\\/\\\/canal7slp.tv\\\/2019\\\/#\\\/schema\\\/logo\\\/image\\\/\",\"url\":\"https:\\\/\\\/canal7slp.tv\\\/2019\\\/wp-content\\\/uploads\\\/2019\\\/07\\\/logo-c7.png\",\"contentUrl\":\"https:\\\/\\\/canal7slp.tv\\\/2019\\\/wp-content\\\/uploads\\\/2019\\\/07\\\/logo-c7.png\",\"width\":220,\"height\":60,\"caption\":\"Comunicaci\u00f3n 2000 S.A. de C.V.\"},\"image\":{\"@id\":\"https:\\\/\\\/canal7slp.tv\\\/2019\\\/#\\\/schema\\\/logo\\\/image\\\/\"},\"sameAs\":[\"https:\\\/\\\/www.facebook.com\\\/CANAL7SLP\\\/\",\"https:\\\/\\\/x.com\\\/canal7_slp\",\"https:\\\/\\\/www.instagram.com\\\/canal7_slp\",\"https:\\\/\\\/www.youtube.com\\\/user\\\/NOTICIEROSCANAL7SLP\\\/\"]},{\"@type\":\"Person\",\"@id\":\"https:\\\/\\\/canal7slp.tv\\\/2019\\\/#\\\/schema\\\/person\\\/11d941c1c6ca30ac0a46b95fa37aa2e3\",\"name\":\"edicionweb\",\"image\":{\"@type\":\"ImageObject\",\"inLanguage\":\"es\",\"@id\":\"https:\\\/\\\/secure.gravatar.com\\\/avatar\\\/eee448fc3f7164808013b816ba91ac7e43bbe82a70bebac296f8bc6f0addaa1a?s=96&d=mm&r=g\",\"url\":\"https:\\\/\\\/secure.gravatar.com\\\/avatar\\\/eee448fc3f7164808013b816ba91ac7e43bbe82a70bebac296f8bc6f0addaa1a?s=96&d=mm&r=g\",\"contentUrl\":\"https:\\\/\\\/secure.gravatar.com\\\/avatar\\\/eee448fc3f7164808013b816ba91ac7e43bbe82a70bebac296f8bc6f0addaa1a?s=96&d=mm&r=g\",\"caption\":\"edicionweb\"}}]}<\/script>\n<!-- \/ Yoast SEO plugin. -->","yoast_head_json":{"title":"JM Carreras reconoce aporte de la sociedad para fortalecer UASLP - Canal 7 SLP - 2019","robots":{"index":"index","follow":"follow","max-snippet":"max-snippet:-1","max-image-preview":"max-image-preview:large","max-video-preview":"max-video-preview:-1"},"canonical":"https:\/\/canal7slp.tv\/2019\/jm-carreras-reconoce-aporte-de-la-sociedad-para-fortalecer-uaslp\/","og_locale":"es_ES","og_type":"article","og_title":"JM Carreras reconoce aporte de la sociedad para fortalecer UASLP - Canal 7 SLP - 2019","og_description":"Arrancan Gobernador y Rector de la UASLP el LIII Radio Marat\u00f3n Universitario. Los recursos recaudados se utilizar\u00e1n en la Incubadora de Negocios para estudiantes. SLP.- Durante el arranque de la edici\u00f3n 53 del Radio Marat\u00f3n Universitario, en la Plaza del Estudiante de la m\u00e1xima casa de estudios, el Gobernador del Estado, Juan Manuel Carreras L\u00f3pez, [&hellip;]","og_url":"https:\/\/canal7slp.tv\/2019\/jm-carreras-reconoce-aporte-de-la-sociedad-para-fortalecer-uaslp\/","og_site_name":"Canal 7 SLP - 2019","article_publisher":"https:\/\/www.facebook.com\/CANAL7SLP\/","article_published_time":"2019-09-28T00:41:52+00:00","og_image":[{"width":1280,"height":853,"url":"https:\/\/canal7slp.tv\/2019\/wp-content\/uploads\/2019\/09\/g3-8.jpg","type":"image\/jpeg"}],"author":"edicionweb","twitter_card":"summary_large_image","twitter_creator":"@canal7_slp","twitter_site":"@canal7_slp","twitter_misc":{"Escrito por":"edicionweb","Tiempo de lectura":"2 minutos"},"schema":{"@context":"https:\/\/schema.org","@graph":[{"@type":"Article","@id":"https:\/\/canal7slp.tv\/2019\/jm-carreras-reconoce-aporte-de-la-sociedad-para-fortalecer-uaslp\/#article","isPartOf":{"@id":"https:\/\/canal7slp.tv\/2019\/jm-carreras-reconoce-aporte-de-la-sociedad-para-fortalecer-uaslp\/"},"author":{"name":"edicionweb","@id":"https:\/\/canal7slp.tv\/2019\/#\/schema\/person\/11d941c1c6ca30ac0a46b95fa37aa2e3"},"headline":"JM Carreras reconoce aporte de la sociedad para fortalecer UASLP","datePublished":"2019-09-28T00:41:52+00:00","mainEntityOfPage":{"@id":"https:\/\/canal7slp.tv\/2019\/jm-carreras-reconoce-aporte-de-la-sociedad-para-fortalecer-uaslp\/"},"wordCount":483,"commentCount":0,"publisher":{"@id":"https:\/\/canal7slp.tv\/2019\/#organization"},"image":{"@id":"https:\/\/canal7slp.tv\/2019\/jm-carreras-reconoce-aporte-de-la-sociedad-para-fortalecer-uaslp\/#primaryimage"},"thumbnailUrl":"https:\/\/canal7slp.tv\/2019\/wp-content\/uploads\/2019\/09\/g3-8.jpg","articleSection":["LOCALES Y REGIONALES"],"inLanguage":"es","potentialAction":[{"@type":"CommentAction","name":"Comment","target":["https:\/\/canal7slp.tv\/2019\/jm-carreras-reconoce-aporte-de-la-sociedad-para-fortalecer-uaslp\/#respond"]}]},{"@type":"WebPage","@id":"https:\/\/canal7slp.tv\/2019\/jm-carreras-reconoce-aporte-de-la-sociedad-para-fortalecer-uaslp\/","url":"https:\/\/canal7slp.tv\/2019\/jm-carreras-reconoce-aporte-de-la-sociedad-para-fortalecer-uaslp\/","name":"JM Carreras reconoce aporte de la sociedad para fortalecer UASLP - Canal 7 SLP - 2019","isPartOf":{"@id":"https:\/\/canal7slp.tv\/2019\/#website"},"primaryImageOfPage":{"@id":"https:\/\/canal7slp.tv\/2019\/jm-carreras-reconoce-aporte-de-la-sociedad-para-fortalecer-uaslp\/#primaryimage"},"image":{"@id":"https:\/\/canal7slp.tv\/2019\/jm-carreras-reconoce-aporte-de-la-sociedad-para-fortalecer-uaslp\/#primaryimage"},"thumbnailUrl":"https:\/\/canal7slp.tv\/2019\/wp-content\/uploads\/2019\/09\/g3-8.jpg","datePublished":"2019-09-28T00:41:52+00:00","breadcrumb":{"@id":"https:\/\/canal7slp.tv\/2019\/jm-carreras-reconoce-aporte-de-la-sociedad-para-fortalecer-uaslp\/#breadcrumb"},"inLanguage":"es","potentialAction":[{"@type":"ReadAction","target":["https:\/\/canal7slp.tv\/2019\/jm-carreras-reconoce-aporte-de-la-sociedad-para-fortalecer-uaslp\/"]}]},{"@type":"ImageObject","inLanguage":"es","@id":"https:\/\/canal7slp.tv\/2019\/jm-carreras-reconoce-aporte-de-la-sociedad-para-fortalecer-uaslp\/#primaryimage","url":"https:\/\/canal7slp.tv\/2019\/wp-content\/uploads\/2019\/09\/g3-8.jpg","contentUrl":"https:\/\/canal7slp.tv\/2019\/wp-content\/uploads\/2019\/09\/g3-8.jpg","width":1280,"height":853},{"@type":"BreadcrumbList","@id":"https:\/\/canal7slp.tv\/2019\/jm-carreras-reconoce-aporte-de-la-sociedad-para-fortalecer-uaslp\/#breadcrumb","itemListElement":[{"@type":"ListItem","position":1,"name":"Home","item":"https:\/\/canal7slp.tv\/2019\/"},{"@type":"ListItem","position":2,"name":"JM Carreras reconoce aporte de la sociedad para fortalecer UASLP"}]},{"@type":"WebSite","@id":"https:\/\/canal7slp.tv\/2019\/#website","url":"https:\/\/canal7slp.tv\/2019\/","name":"Canal 7 SLP - Somos TV","description":"Somos un Canal de 10","publisher":{"@id":"https:\/\/canal7slp.tv\/2019\/#organization"},"potentialAction":[{"@type":"SearchAction","target":{"@type":"EntryPoint","urlTemplate":"https:\/\/canal7slp.tv\/2019\/?s={search_term_string}"},"query-input":{"@type":"PropertyValueSpecification","valueRequired":true,"valueName":"search_term_string"}}],"inLanguage":"es"},{"@type":"Organization","@id":"https:\/\/canal7slp.tv\/2019\/#organization","name":"Comunicaci\u00f3n 2000 S.A. de C.V.","url":"https:\/\/canal7slp.tv\/2019\/","logo":{"@type":"ImageObject","inLanguage":"es","@id":"https:\/\/canal7slp.tv\/2019\/#\/schema\/logo\/image\/","url":"https:\/\/canal7slp.tv\/2019\/wp-content\/uploads\/2019\/07\/logo-c7.png","contentUrl":"https:\/\/canal7slp.tv\/2019\/wp-content\/uploads\/2019\/07\/logo-c7.png","width":220,"height":60,"caption":"Comunicaci\u00f3n 2000 S.A. de C.V."},"image":{"@id":"https:\/\/canal7slp.tv\/2019\/#\/schema\/logo\/image\/"},"sameAs":["https:\/\/www.facebook.com\/CANAL7SLP\/","https:\/\/x.com\/canal7_slp","https:\/\/www.instagram.com\/canal7_slp","https:\/\/www.youtube.com\/user\/NOTICIEROSCANAL7SLP\/"]},{"@type":"Person","@id":"https:\/\/canal7slp.tv\/2019\/#\/schema\/person\/11d941c1c6ca30ac0a46b95fa37aa2e3","name":"edicionweb","image":{"@type":"ImageObject","inLanguage":"es","@id":"https:\/\/secure.gravatar.com\/avatar\/eee448fc3f7164808013b816ba91ac7e43bbe82a70bebac296f8bc6f0addaa1a?s=96&d=mm&r=g","url":"https:\/\/secure.gravatar.com\/avatar\/eee448fc3f7164808013b816ba91ac7e43bbe82a70bebac296f8bc6f0addaa1a?s=96&d=mm&r=g","contentUrl":"https:\/\/secure.gravatar.com\/avatar\/eee448fc3f7164808013b816ba91ac7e43bbe82a70bebac296f8bc6f0addaa1a?s=96&d=mm&r=g","caption":"edicionweb"}}]}},"amp_enabled":true,"cmb2":{"video_ids_in_playlist":{"vid_p_videos":""},"video_ids_in_channel":{"vid_c_videos":""},"playlist_ids_in_channel":{"vid_c_playlists":""},"series_ids_in_channel":{"vid_c_series":""},"channel_images":{"vid_c_logo":"","vid_c_banner":""},"poster_feature_image":{"vid_m_poster_image":""},"gif_feature_image":{"vid_m_gif_image":""},"video_movie_settings":{"vid_m_director":"","vid_m_actor":"","vid_m_imdb_ratings":"","vid_m_amazon_associates":""},"vid_youtube_broadcasts_settings":{"vid_yb_broadcast_title":"","vid_yb_q":"","vid_yb_channelid":"","vid_yb_videocategoryid":"","vid_yb_maxresults":"","vid_yb_order":"","vid_yb_regioncode":"","vid_yb_videosyndicated":"","vid_yb_style":"","vid_yb_reload_first":""},"video_series_settings":{"vid_m_director":"","vid_m_actor":"","vid_m_imdb_ratings":"","video_series_group":""},"amazon_associates_settings":{"amazon_associates":"","amazon_native_ad":""},"vid_youtube_automatic_settings":{"vid_ya_youtube_source":"","vid_ya_update_every":"","vid_ya_update_unit":"","vid_ya_categories":"","vid_ya_published_after":"","vid_ya_published_before":"","vid_ya_playlists":"","vid_ya_channels":"","vid_ya_director":"","vid_ya_actor":"","vid_ya_author":"","vid_ya_import_post_date":"","vid_ya_status":"","vid_ya_sub_api_key":""},"vid_ads_m_videoads_settings_post":{"vid_ads_m_video_ads":"","vid_ads_m_video_ads_type":"","vid_ads_m_group_google_ima":"","vid_ads_m_group_image":"","vid_ads_m_group_html5_video":"","vid_ads_m_group_html":"","vid_ads_m_vast_preroll":"","vid_ads_m_vast_postroll":"","vid_ads_m_vast_pauseroll":"","vid_ads_m_vast_midroll":[{"vid_ads_m_vast_timer_seconds":"50"}],"vid_ads_m_time_to_show_ads":"","vid_ads_m_time_skip_ads":"","vid_ads_m_time_to_hide_ads":""},"page_slider_settings":{"display_slider_group":"","page_slider_group":""},"blog_page_settings":{"blog_page_title":"","blog_page_heading":"","blog_page_ic":"","blog_page_it":"","blog_page_ec":"","blog_page_ip":"","archive_loop_style":"","blog_image_ratio":"","blog_show_categories":"","blog_show_excerpt":"","blog_show_author":"","blog_show_date":"","blog_show_comment_count":"","blog_show_view_count":"","blog_show_like_count":"","blog_show_dislike_count":"","blog_items_per_page":"","blog_pag_type":""},"page_options":{"get_page_template":"","color_mode":"","main_layout":"","main_layout_full_with":"","main_logo":"","main_logo_retina":"","main_logo_mobile":"","main_logo_mobile_retina":"","sticky_logo":"","sticky_logo_retina":"","main_nav_layout":"","ajax_search":"","header_background":"","theme_sidebar":"","instagram_feed":"","instagram_feed_position":"","popular_videos":"","popular_videos_title_1":"","popular_videos_title_2":"","popular_videos_ic":"","popular_videos_it":"","theme_background":"","page_custom_css":""},"feature_image_settings":{"feature_image_position":""},"video_player_settings":{"single_video_style":"","video_player_position":"","vm_video_url":"","video_player_library":"","video_streaming":"","vm_media_sources":"","vid_auto_play":"","vm_video_shortcode":"","vid_p_sync_playlist":"","vid_c_sync_channel":"","get_post_format":"","multiple_links_structure":"default","multi_links_title":"","vm_video_multi_links":"","vm_duration":"","vid_social_locker":"off","vid_social_locker_id":"","vid_membership_action":"content-video","vm_video_trailer_url":"","vid_download_type":"free","vid_download_target":"download","vid_woo_product":"","vm_media_download":"","user_rating":"","user_rating_position":"","user_rating_mode":"","user_rating_multi_sets":""},"video_auto_fetch_settings":{"vm_video_fetch":"on"},"video_fake_views_likes":{"vm_fake_views":"","vm_fake_likes":"","vm_fake_dislikes":""},"gallery_settings":{"gallery_position":""},"quote_settings":{"quote_position":""},"post_options":{"main_layout":"","main_logo":"","main_logo_retina":"","main_logo_mobile":"","main_logo_mobile_retina":"","sticky_logo":"","sticky_logo_retina":"","main_nav_layout":"","header_background":"","theme_sidebar":"","single_post_comment_type":"","theme_background":""}},"_links":{"self":[{"href":"https:\/\/canal7slp.tv\/2019\/wp-json\/wp\/v2\/posts\/71351","targetHints":{"allow":["GET"]}}],"collection":[{"href":"https:\/\/canal7slp.tv\/2019\/wp-json\/wp\/v2\/posts"}],"about":[{"href":"https:\/\/canal7slp.tv\/2019\/wp-json\/wp\/v2\/types\/post"}],"author":[{"embeddable":true,"href":"https:\/\/canal7slp.tv\/2019\/wp-json\/wp\/v2\/users\/2"}],"replies":[{"embeddable":true,"href":"https:\/\/canal7slp.tv\/2019\/wp-json\/wp\/v2\/comments?post=71351"}],"version-history":[{"count":0,"href":"https:\/\/canal7slp.tv\/2019\/wp-json\/wp\/v2\/posts\/71351\/revisions"}],"wp:featuredmedia":[{"embeddable":true,"href":"https:\/\/canal7slp.tv\/2019\/wp-json\/wp\/v2\/media\/71352"}],"wp:attachment":[{"href":"https:\/\/canal7slp.tv\/2019\/wp-json\/wp\/v2\/media?parent=71351"}],"wp:term":[{"taxonomy":"category","embeddable":true,"href":"https:\/\/canal7slp.tv\/2019\/wp-json\/wp\/v2\/categories?post=71351"},{"taxonomy":"post_tag","embeddable":true,"href":"https:\/\/canal7slp.tv\/2019\/wp-json\/wp\/v2\/tags?post=71351"}],"curies":[{"name":"wp","href":"https:\/\/api.w.org\/{rel}","templated":true}]}}