{"id":71310,"date":"2019-09-27T18:24:16","date_gmt":"2019-09-27T23:24:16","guid":{"rendered":"https:\/\/canal7slp.tv\/2019\/?p=71310"},"modified":"2019-09-27T18:24:16","modified_gmt":"2019-09-27T23:24:16","slug":"locatarios-del-mercado-hidalgo-se-dicen-olvidados-por-la-autoridad-municipal","status":"publish","type":"post","link":"https:\/\/canal7slp.tv\/2019\/locatarios-del-mercado-hidalgo-se-dicen-olvidados-por-la-autoridad-municipal\/","title":{"rendered":"Locatarios del Mercado Hidalgo se dicen olvidados por la autoridad municipal."},"content":{"rendered":"<p style=\"text-align: justify\">SLP.- Locatarios del Mercado Hidalgo denunciaron abandono de las autoridades, al aseverar que en pr\u00e1cticamente un a\u00f1o de gesti\u00f3n en la capital potosina, este centro de comercio no se ha rehabilitado conforme sus necesidades reales y peticiones.<\/p>\n<p style=\"text-align: justify\">Alrededor de una veintena de comerciantes se reunieron para discutir la situaci\u00f3n.<\/p>\n<p style=\"text-align: justify\">Reprobaron que puntos b\u00e1sicos como vigilancia, fortalecimiento a la infraestructura y limpieza, no est\u00e9n garantizados.<\/p>\n<p style=\"text-align: justify\">Carlos Alberto Franco manifest\u00f3 que se ha ignorado la petici\u00f3n de los due\u00f1os de negocios.<\/p>\n<p style=\"text-align: justify\">Sostuvo que cuando del Ayuntamiento se emprendi\u00f3 la tarea de pintar el inmueble por fuera, \u00fanicamente fue para la llamar la atenci\u00f3n.<\/p>\n<p style=\"text-align: justify\">Dijo que dos de tres bombas con las que cuenta el centro de comercio ya no funcionan y preocupa el colapso de la tercera.<\/p>\n<p style=\"text-align: justify\">En ese sentido, coincidi\u00f3 Pedro Torres, quien hizo \u00e9nfasis en la mala imagen del mercado.<\/p>\n<p style=\"text-align: justify\">Ante la molestia externada, Carlos Alberto Franco advirti\u00f3 que podr\u00edan tomar otras medidas como cerrar los ba\u00f1os; a fin de frenar la recaudaci\u00f3n y de esa forma, tener atenci\u00f3n de la administraci\u00f3n municipal.<\/p>\n<p style=\"text-align: justify\">En cuanto a los casos de inseguridad dentro del complejo, afirm\u00f3 que se dan diariamente.<\/p>\n<p style=\"text-align: justify\">Ejemplific\u00f3 los problemas con los que cotidianamente lidian responsables de los locales en el mercado.<\/p>\n<p style=\"text-align: justify\">Por su parte, Abigail Galv\u00e1n pronunci\u00f3 que se dar\u00eda un ultim\u00e1tum a las autoridades.<\/p>\n<p style=\"text-align: justify\">En tanto, Mar\u00eda del Refugio Soriano coment\u00f3 que en las inmediaciones del centro de comercio de igual forma se requiere intervenci\u00f3n, dado que en cuanto llueve, la zona se inunda y brotan aguas negras.<\/p>\n<p style=\"text-align: justify\">Llam\u00f3 al funcionariado que compete, atender estos problemas en lugar de permanecer tras un escritorio.<\/p>\n<p>Por: Paulina Rodr\u00edguez<\/p>\n","protected":false},"excerpt":{"rendered":"<p>SLP.- Locatarios del Mercado Hidalgo denunciaron abandono de las autoridades, al aseverar que en pr\u00e1cticamente un a\u00f1o de gesti\u00f3n en la capital potosina, este centro de comercio no se ha rehabilitado conforme sus necesidades reales y peticiones. Alrededor de una veintena de comerciantes se reunieron para discutir la situaci\u00f3n. Reprobaron que puntos b\u00e1sicos como vigilancia, [&hellip;]<\/p>\n","protected":false},"author":2,"featured_media":71311,"comment_status":"open","ping_status":"open","sticky":false,"template":"","format":"video","meta":{"footnotes":""},"categories":[17],"tags":[],"class_list":["post-71310","post","type-post","status-publish","format-video","has-post-thumbnail","hentry","category-localesyregionales","post_format-post-format-video"],"yoast_head":"<!-- This site is optimized with the Yoast SEO plugin v27.5 - https:\/\/yoast.com\/product\/yoast-seo-wordpress\/ -->\n<title>Locatarios del Mercado Hidalgo se dicen olvidados por la autoridad municipal. - Canal 7 SLP - 2019<\/title>\n<meta name=\"robots\" content=\"index, follow, max-snippet:-1, max-image-preview:large, max-video-preview:-1\" \/>\n<link rel=\"canonical\" href=\"https:\/\/canal7slp.tv\/2019\/locatarios-del-mercado-hidalgo-se-dicen-olvidados-por-la-autoridad-municipal\/\" \/>\n<meta property=\"og:locale\" content=\"es_ES\" \/>\n<meta property=\"og:type\" content=\"article\" \/>\n<meta property=\"og:title\" content=\"Locatarios del Mercado Hidalgo se dicen olvidados por la autoridad municipal. - Canal 7 SLP - 2019\" \/>\n<meta property=\"og:description\" content=\"SLP.- Locatarios del Mercado Hidalgo denunciaron abandono de las autoridades, al aseverar que en pr\u00e1cticamente un a\u00f1o de gesti\u00f3n en la capital potosina, este centro de comercio no se ha rehabilitado conforme sus necesidades reales y peticiones. Alrededor de una veintena de comerciantes se reunieron para discutir la situaci\u00f3n. Reprobaron que puntos b\u00e1sicos como vigilancia, [&hellip;]\" \/>\n<meta property=\"og:url\" content=\"https:\/\/canal7slp.tv\/2019\/locatarios-del-mercado-hidalgo-se-dicen-olvidados-por-la-autoridad-municipal\/\" \/>\n<meta property=\"og:site_name\" content=\"Canal 7 SLP - 2019\" \/>\n<meta property=\"article:publisher\" content=\"https:\/\/www.facebook.com\/CANAL7SLP\/\" \/>\n<meta property=\"article:published_time\" content=\"2019-09-27T23:24:16+00:00\" \/>\n<meta property=\"og:image\" content=\"https:\/\/canal7slp.tv\/2019\/wp-content\/uploads\/2019\/09\/mercadohidalgo.png\" \/>\n\t<meta property=\"og:image:width\" content=\"750\" \/>\n\t<meta property=\"og:image:height\" content=\"421\" \/>\n\t<meta property=\"og:image:type\" content=\"image\/png\" \/>\n<meta name=\"author\" content=\"edicionweb\" \/>\n<meta name=\"twitter:card\" content=\"summary_large_image\" \/>\n<meta name=\"twitter:creator\" content=\"@canal7_slp\" \/>\n<meta name=\"twitter:site\" content=\"@canal7_slp\" \/>\n<meta name=\"twitter:label1\" content=\"Escrito por\" \/>\n\t<meta name=\"twitter:data1\" content=\"edicionweb\" \/>\n\t<meta name=\"twitter:label2\" content=\"Tiempo de lectura\" \/>\n\t<meta name=\"twitter:data2\" content=\"1 minuto\" \/>\n<script type=\"application\/ld+json\" class=\"yoast-schema-graph\">{\"@context\":\"https:\\\/\\\/schema.org\",\"@graph\":[{\"@type\":\"Article\",\"@id\":\"https:\\\/\\\/canal7slp.tv\\\/2019\\\/locatarios-del-mercado-hidalgo-se-dicen-olvidados-por-la-autoridad-municipal\\\/#article\",\"isPartOf\":{\"@id\":\"https:\\\/\\\/canal7slp.tv\\\/2019\\\/locatarios-del-mercado-hidalgo-se-dicen-olvidados-por-la-autoridad-municipal\\\/\"},\"author\":{\"name\":\"edicionweb\",\"@id\":\"https:\\\/\\\/canal7slp.tv\\\/2019\\\/#\\\/schema\\\/person\\\/11d941c1c6ca30ac0a46b95fa37aa2e3\"},\"headline\":\"Locatarios del Mercado Hidalgo se dicen olvidados por la autoridad municipal.\",\"datePublished\":\"2019-09-27T23:24:16+00:00\",\"mainEntityOfPage\":{\"@id\":\"https:\\\/\\\/canal7slp.tv\\\/2019\\\/locatarios-del-mercado-hidalgo-se-dicen-olvidados-por-la-autoridad-municipal\\\/\"},\"wordCount\":301,\"commentCount\":0,\"publisher\":{\"@id\":\"https:\\\/\\\/canal7slp.tv\\\/2019\\\/#organization\"},\"image\":{\"@id\":\"https:\\\/\\\/canal7slp.tv\\\/2019\\\/locatarios-del-mercado-hidalgo-se-dicen-olvidados-por-la-autoridad-municipal\\\/#primaryimage\"},\"thumbnailUrl\":\"https:\\\/\\\/canal7slp.tv\\\/2019\\\/wp-content\\\/uploads\\\/2019\\\/09\\\/mercadohidalgo.png\",\"articleSection\":[\"LOCALES Y REGIONALES\"],\"inLanguage\":\"es\",\"potentialAction\":[{\"@type\":\"CommentAction\",\"name\":\"Comment\",\"target\":[\"https:\\\/\\\/canal7slp.tv\\\/2019\\\/locatarios-del-mercado-hidalgo-se-dicen-olvidados-por-la-autoridad-municipal\\\/#respond\"]}]},{\"@type\":\"WebPage\",\"@id\":\"https:\\\/\\\/canal7slp.tv\\\/2019\\\/locatarios-del-mercado-hidalgo-se-dicen-olvidados-por-la-autoridad-municipal\\\/\",\"url\":\"https:\\\/\\\/canal7slp.tv\\\/2019\\\/locatarios-del-mercado-hidalgo-se-dicen-olvidados-por-la-autoridad-municipal\\\/\",\"name\":\"Locatarios del Mercado Hidalgo se dicen olvidados por la autoridad municipal. - Canal 7 SLP - 2019\",\"isPartOf\":{\"@id\":\"https:\\\/\\\/canal7slp.tv\\\/2019\\\/#website\"},\"primaryImageOfPage\":{\"@id\":\"https:\\\/\\\/canal7slp.tv\\\/2019\\\/locatarios-del-mercado-hidalgo-se-dicen-olvidados-por-la-autoridad-municipal\\\/#primaryimage\"},\"image\":{\"@id\":\"https:\\\/\\\/canal7slp.tv\\\/2019\\\/locatarios-del-mercado-hidalgo-se-dicen-olvidados-por-la-autoridad-municipal\\\/#primaryimage\"},\"thumbnailUrl\":\"https:\\\/\\\/canal7slp.tv\\\/2019\\\/wp-content\\\/uploads\\\/2019\\\/09\\\/mercadohidalgo.png\",\"datePublished\":\"2019-09-27T23:24:16+00:00\",\"breadcrumb\":{\"@id\":\"https:\\\/\\\/canal7slp.tv\\\/2019\\\/locatarios-del-mercado-hidalgo-se-dicen-olvidados-por-la-autoridad-municipal\\\/#breadcrumb\"},\"inLanguage\":\"es\",\"potentialAction\":[{\"@type\":\"ReadAction\",\"target\":[\"https:\\\/\\\/canal7slp.tv\\\/2019\\\/locatarios-del-mercado-hidalgo-se-dicen-olvidados-por-la-autoridad-municipal\\\/\"]}]},{\"@type\":\"ImageObject\",\"inLanguage\":\"es\",\"@id\":\"https:\\\/\\\/canal7slp.tv\\\/2019\\\/locatarios-del-mercado-hidalgo-se-dicen-olvidados-por-la-autoridad-municipal\\\/#primaryimage\",\"url\":\"https:\\\/\\\/canal7slp.tv\\\/2019\\\/wp-content\\\/uploads\\\/2019\\\/09\\\/mercadohidalgo.png\",\"contentUrl\":\"https:\\\/\\\/canal7slp.tv\\\/2019\\\/wp-content\\\/uploads\\\/2019\\\/09\\\/mercadohidalgo.png\",\"width\":750,\"height\":421},{\"@type\":\"BreadcrumbList\",\"@id\":\"https:\\\/\\\/canal7slp.tv\\\/2019\\\/locatarios-del-mercado-hidalgo-se-dicen-olvidados-por-la-autoridad-municipal\\\/#breadcrumb\",\"itemListElement\":[{\"@type\":\"ListItem\",\"position\":1,\"name\":\"Home\",\"item\":\"https:\\\/\\\/canal7slp.tv\\\/2019\\\/\"},{\"@type\":\"ListItem\",\"position\":2,\"name\":\"Locatarios del Mercado Hidalgo se dicen olvidados por la autoridad municipal.\"}]},{\"@type\":\"WebSite\",\"@id\":\"https:\\\/\\\/canal7slp.tv\\\/2019\\\/#website\",\"url\":\"https:\\\/\\\/canal7slp.tv\\\/2019\\\/\",\"name\":\"Canal 7 SLP - Somos TV\",\"description\":\"Somos un Canal de 10\",\"publisher\":{\"@id\":\"https:\\\/\\\/canal7slp.tv\\\/2019\\\/#organization\"},\"potentialAction\":[{\"@type\":\"SearchAction\",\"target\":{\"@type\":\"EntryPoint\",\"urlTemplate\":\"https:\\\/\\\/canal7slp.tv\\\/2019\\\/?s={search_term_string}\"},\"query-input\":{\"@type\":\"PropertyValueSpecification\",\"valueRequired\":true,\"valueName\":\"search_term_string\"}}],\"inLanguage\":\"es\"},{\"@type\":\"Organization\",\"@id\":\"https:\\\/\\\/canal7slp.tv\\\/2019\\\/#organization\",\"name\":\"Comunicaci\u00f3n 2000 S.A. de C.V.\",\"url\":\"https:\\\/\\\/canal7slp.tv\\\/2019\\\/\",\"logo\":{\"@type\":\"ImageObject\",\"inLanguage\":\"es\",\"@id\":\"https:\\\/\\\/canal7slp.tv\\\/2019\\\/#\\\/schema\\\/logo\\\/image\\\/\",\"url\":\"https:\\\/\\\/canal7slp.tv\\\/2019\\\/wp-content\\\/uploads\\\/2019\\\/07\\\/logo-c7.png\",\"contentUrl\":\"https:\\\/\\\/canal7slp.tv\\\/2019\\\/wp-content\\\/uploads\\\/2019\\\/07\\\/logo-c7.png\",\"width\":220,\"height\":60,\"caption\":\"Comunicaci\u00f3n 2000 S.A. de C.V.\"},\"image\":{\"@id\":\"https:\\\/\\\/canal7slp.tv\\\/2019\\\/#\\\/schema\\\/logo\\\/image\\\/\"},\"sameAs\":[\"https:\\\/\\\/www.facebook.com\\\/CANAL7SLP\\\/\",\"https:\\\/\\\/x.com\\\/canal7_slp\",\"https:\\\/\\\/www.instagram.com\\\/canal7_slp\",\"https:\\\/\\\/www.youtube.com\\\/user\\\/NOTICIEROSCANAL7SLP\\\/\"]},{\"@type\":\"Person\",\"@id\":\"https:\\\/\\\/canal7slp.tv\\\/2019\\\/#\\\/schema\\\/person\\\/11d941c1c6ca30ac0a46b95fa37aa2e3\",\"name\":\"edicionweb\",\"image\":{\"@type\":\"ImageObject\",\"inLanguage\":\"es\",\"@id\":\"https:\\\/\\\/secure.gravatar.com\\\/avatar\\\/eee448fc3f7164808013b816ba91ac7e43bbe82a70bebac296f8bc6f0addaa1a?s=96&d=mm&r=g\",\"url\":\"https:\\\/\\\/secure.gravatar.com\\\/avatar\\\/eee448fc3f7164808013b816ba91ac7e43bbe82a70bebac296f8bc6f0addaa1a?s=96&d=mm&r=g\",\"contentUrl\":\"https:\\\/\\\/secure.gravatar.com\\\/avatar\\\/eee448fc3f7164808013b816ba91ac7e43bbe82a70bebac296f8bc6f0addaa1a?s=96&d=mm&r=g\",\"caption\":\"edicionweb\"}}]}<\/script>\n<!-- \/ Yoast SEO plugin. -->","yoast_head_json":{"title":"Locatarios del Mercado Hidalgo se dicen olvidados por la autoridad municipal. - Canal 7 SLP - 2019","robots":{"index":"index","follow":"follow","max-snippet":"max-snippet:-1","max-image-preview":"max-image-preview:large","max-video-preview":"max-video-preview:-1"},"canonical":"https:\/\/canal7slp.tv\/2019\/locatarios-del-mercado-hidalgo-se-dicen-olvidados-por-la-autoridad-municipal\/","og_locale":"es_ES","og_type":"article","og_title":"Locatarios del Mercado Hidalgo se dicen olvidados por la autoridad municipal. - Canal 7 SLP - 2019","og_description":"SLP.- Locatarios del Mercado Hidalgo denunciaron abandono de las autoridades, al aseverar que en pr\u00e1cticamente un a\u00f1o de gesti\u00f3n en la capital potosina, este centro de comercio no se ha rehabilitado conforme sus necesidades reales y peticiones. Alrededor de una veintena de comerciantes se reunieron para discutir la situaci\u00f3n. Reprobaron que puntos b\u00e1sicos como vigilancia, [&hellip;]","og_url":"https:\/\/canal7slp.tv\/2019\/locatarios-del-mercado-hidalgo-se-dicen-olvidados-por-la-autoridad-municipal\/","og_site_name":"Canal 7 SLP - 2019","article_publisher":"https:\/\/www.facebook.com\/CANAL7SLP\/","article_published_time":"2019-09-27T23:24:16+00:00","og_image":[{"width":750,"height":421,"url":"https:\/\/canal7slp.tv\/2019\/wp-content\/uploads\/2019\/09\/mercadohidalgo.png","type":"image\/png"}],"author":"edicionweb","twitter_card":"summary_large_image","twitter_creator":"@canal7_slp","twitter_site":"@canal7_slp","twitter_misc":{"Escrito por":"edicionweb","Tiempo de lectura":"1 minuto"},"schema":{"@context":"https:\/\/schema.org","@graph":[{"@type":"Article","@id":"https:\/\/canal7slp.tv\/2019\/locatarios-del-mercado-hidalgo-se-dicen-olvidados-por-la-autoridad-municipal\/#article","isPartOf":{"@id":"https:\/\/canal7slp.tv\/2019\/locatarios-del-mercado-hidalgo-se-dicen-olvidados-por-la-autoridad-municipal\/"},"author":{"name":"edicionweb","@id":"https:\/\/canal7slp.tv\/2019\/#\/schema\/person\/11d941c1c6ca30ac0a46b95fa37aa2e3"},"headline":"Locatarios del Mercado Hidalgo se dicen olvidados por la autoridad municipal.","datePublished":"2019-09-27T23:24:16+00:00","mainEntityOfPage":{"@id":"https:\/\/canal7slp.tv\/2019\/locatarios-del-mercado-hidalgo-se-dicen-olvidados-por-la-autoridad-municipal\/"},"wordCount":301,"commentCount":0,"publisher":{"@id":"https:\/\/canal7slp.tv\/2019\/#organization"},"image":{"@id":"https:\/\/canal7slp.tv\/2019\/locatarios-del-mercado-hidalgo-se-dicen-olvidados-por-la-autoridad-municipal\/#primaryimage"},"thumbnailUrl":"https:\/\/canal7slp.tv\/2019\/wp-content\/uploads\/2019\/09\/mercadohidalgo.png","articleSection":["LOCALES Y REGIONALES"],"inLanguage":"es","potentialAction":[{"@type":"CommentAction","name":"Comment","target":["https:\/\/canal7slp.tv\/2019\/locatarios-del-mercado-hidalgo-se-dicen-olvidados-por-la-autoridad-municipal\/#respond"]}]},{"@type":"WebPage","@id":"https:\/\/canal7slp.tv\/2019\/locatarios-del-mercado-hidalgo-se-dicen-olvidados-por-la-autoridad-municipal\/","url":"https:\/\/canal7slp.tv\/2019\/locatarios-del-mercado-hidalgo-se-dicen-olvidados-por-la-autoridad-municipal\/","name":"Locatarios del Mercado Hidalgo se dicen olvidados por la autoridad municipal. - Canal 7 SLP - 2019","isPartOf":{"@id":"https:\/\/canal7slp.tv\/2019\/#website"},"primaryImageOfPage":{"@id":"https:\/\/canal7slp.tv\/2019\/locatarios-del-mercado-hidalgo-se-dicen-olvidados-por-la-autoridad-municipal\/#primaryimage"},"image":{"@id":"https:\/\/canal7slp.tv\/2019\/locatarios-del-mercado-hidalgo-se-dicen-olvidados-por-la-autoridad-municipal\/#primaryimage"},"thumbnailUrl":"https:\/\/canal7slp.tv\/2019\/wp-content\/uploads\/2019\/09\/mercadohidalgo.png","datePublished":"2019-09-27T23:24:16+00:00","breadcrumb":{"@id":"https:\/\/canal7slp.tv\/2019\/locatarios-del-mercado-hidalgo-se-dicen-olvidados-por-la-autoridad-municipal\/#breadcrumb"},"inLanguage":"es","potentialAction":[{"@type":"ReadAction","target":["https:\/\/canal7slp.tv\/2019\/locatarios-del-mercado-hidalgo-se-dicen-olvidados-por-la-autoridad-municipal\/"]}]},{"@type":"ImageObject","inLanguage":"es","@id":"https:\/\/canal7slp.tv\/2019\/locatarios-del-mercado-hidalgo-se-dicen-olvidados-por-la-autoridad-municipal\/#primaryimage","url":"https:\/\/canal7slp.tv\/2019\/wp-content\/uploads\/2019\/09\/mercadohidalgo.png","contentUrl":"https:\/\/canal7slp.tv\/2019\/wp-content\/uploads\/2019\/09\/mercadohidalgo.png","width":750,"height":421},{"@type":"BreadcrumbList","@id":"https:\/\/canal7slp.tv\/2019\/locatarios-del-mercado-hidalgo-se-dicen-olvidados-por-la-autoridad-municipal\/#breadcrumb","itemListElement":[{"@type":"ListItem","position":1,"name":"Home","item":"https:\/\/canal7slp.tv\/2019\/"},{"@type":"ListItem","position":2,"name":"Locatarios del Mercado Hidalgo se dicen olvidados por la autoridad municipal."}]},{"@type":"WebSite","@id":"https:\/\/canal7slp.tv\/2019\/#website","url":"https:\/\/canal7slp.tv\/2019\/","name":"Canal 7 SLP - Somos TV","description":"Somos un Canal de 10","publisher":{"@id":"https:\/\/canal7slp.tv\/2019\/#organization"},"potentialAction":[{"@type":"SearchAction","target":{"@type":"EntryPoint","urlTemplate":"https:\/\/canal7slp.tv\/2019\/?s={search_term_string}"},"query-input":{"@type":"PropertyValueSpecification","valueRequired":true,"valueName":"search_term_string"}}],"inLanguage":"es"},{"@type":"Organization","@id":"https:\/\/canal7slp.tv\/2019\/#organization","name":"Comunicaci\u00f3n 2000 S.A. de C.V.","url":"https:\/\/canal7slp.tv\/2019\/","logo":{"@type":"ImageObject","inLanguage":"es","@id":"https:\/\/canal7slp.tv\/2019\/#\/schema\/logo\/image\/","url":"https:\/\/canal7slp.tv\/2019\/wp-content\/uploads\/2019\/07\/logo-c7.png","contentUrl":"https:\/\/canal7slp.tv\/2019\/wp-content\/uploads\/2019\/07\/logo-c7.png","width":220,"height":60,"caption":"Comunicaci\u00f3n 2000 S.A. de C.V."},"image":{"@id":"https:\/\/canal7slp.tv\/2019\/#\/schema\/logo\/image\/"},"sameAs":["https:\/\/www.facebook.com\/CANAL7SLP\/","https:\/\/x.com\/canal7_slp","https:\/\/www.instagram.com\/canal7_slp","https:\/\/www.youtube.com\/user\/NOTICIEROSCANAL7SLP\/"]},{"@type":"Person","@id":"https:\/\/canal7slp.tv\/2019\/#\/schema\/person\/11d941c1c6ca30ac0a46b95fa37aa2e3","name":"edicionweb","image":{"@type":"ImageObject","inLanguage":"es","@id":"https:\/\/secure.gravatar.com\/avatar\/eee448fc3f7164808013b816ba91ac7e43bbe82a70bebac296f8bc6f0addaa1a?s=96&d=mm&r=g","url":"https:\/\/secure.gravatar.com\/avatar\/eee448fc3f7164808013b816ba91ac7e43bbe82a70bebac296f8bc6f0addaa1a?s=96&d=mm&r=g","contentUrl":"https:\/\/secure.gravatar.com\/avatar\/eee448fc3f7164808013b816ba91ac7e43bbe82a70bebac296f8bc6f0addaa1a?s=96&d=mm&r=g","caption":"edicionweb"}}]}},"amp_enabled":true,"cmb2":{"video_ids_in_playlist":{"vid_p_videos":""},"video_ids_in_channel":{"vid_c_videos":""},"playlist_ids_in_channel":{"vid_c_playlists":""},"series_ids_in_channel":{"vid_c_series":""},"channel_images":{"vid_c_logo":"","vid_c_banner":""},"poster_feature_image":{"vid_m_poster_image":""},"gif_feature_image":{"vid_m_gif_image":""},"video_movie_settings":{"vid_m_director":"","vid_m_actor":"","vid_m_imdb_ratings":"","vid_m_amazon_associates":""},"vid_youtube_broadcasts_settings":{"vid_yb_broadcast_title":"","vid_yb_q":"","vid_yb_channelid":"","vid_yb_videocategoryid":"","vid_yb_maxresults":"","vid_yb_order":"","vid_yb_regioncode":"","vid_yb_videosyndicated":"","vid_yb_style":"","vid_yb_reload_first":""},"video_series_settings":{"vid_m_director":"","vid_m_actor":"","vid_m_imdb_ratings":"","video_series_group":""},"amazon_associates_settings":{"amazon_associates":"","amazon_native_ad":""},"vid_youtube_automatic_settings":{"vid_ya_youtube_source":"","vid_ya_update_every":"","vid_ya_update_unit":"","vid_ya_categories":"","vid_ya_published_after":"","vid_ya_published_before":"","vid_ya_playlists":"","vid_ya_channels":"","vid_ya_director":"","vid_ya_actor":"","vid_ya_author":"","vid_ya_import_post_date":"","vid_ya_status":"","vid_ya_sub_api_key":""},"vid_ads_m_videoads_settings_post":{"vid_ads_m_video_ads":"","vid_ads_m_video_ads_type":"","vid_ads_m_group_google_ima":"","vid_ads_m_group_image":"","vid_ads_m_group_html5_video":"","vid_ads_m_group_html":"","vid_ads_m_vast_preroll":"","vid_ads_m_vast_postroll":"","vid_ads_m_vast_pauseroll":"","vid_ads_m_vast_midroll":[{"vid_ads_m_vast_timer_seconds":"50"}],"vid_ads_m_time_to_show_ads":"","vid_ads_m_time_skip_ads":"","vid_ads_m_time_to_hide_ads":""},"page_slider_settings":{"display_slider_group":"","page_slider_group":""},"blog_page_settings":{"blog_page_title":"","blog_page_heading":"","blog_page_ic":"","blog_page_it":"","blog_page_ec":"","blog_page_ip":"","archive_loop_style":"","blog_image_ratio":"","blog_show_categories":"","blog_show_excerpt":"","blog_show_author":"","blog_show_date":"","blog_show_comment_count":"","blog_show_view_count":"","blog_show_like_count":"","blog_show_dislike_count":"","blog_items_per_page":"","blog_pag_type":""},"page_options":{"get_page_template":"","color_mode":"","main_layout":"","main_layout_full_with":"","main_logo":"","main_logo_retina":"","main_logo_mobile":"","main_logo_mobile_retina":"","sticky_logo":"","sticky_logo_retina":"","main_nav_layout":"","ajax_search":"","header_background":"","theme_sidebar":"","instagram_feed":"","instagram_feed_position":"","popular_videos":"","popular_videos_title_1":"","popular_videos_title_2":"","popular_videos_ic":"","popular_videos_it":"","theme_background":"","page_custom_css":""},"feature_image_settings":{"feature_image_position":""},"video_player_settings":{"single_video_style":"","video_player_position":"","vm_video_url":" https:\/\/youtu.be\/Rm2uBWPua7g","video_player_library":"","video_streaming":"","vm_media_sources":"","vid_auto_play":"","vm_video_shortcode":"","vid_p_sync_playlist":"","vid_c_sync_channel":"","get_post_format":"","multiple_links_structure":"default","multi_links_title":"","vm_video_multi_links":"","vm_duration":"","vid_social_locker":"off","vid_social_locker_id":"","vid_membership_action":"content-video","vm_video_trailer_url":"","vid_download_type":"free","vid_download_target":"download","vid_woo_product":"","vm_media_download":"","user_rating":"","user_rating_position":"","user_rating_mode":"","user_rating_multi_sets":""},"video_auto_fetch_settings":{"vm_video_fetch":"off"},"video_fake_views_likes":{"vm_fake_views":"","vm_fake_likes":"","vm_fake_dislikes":""},"gallery_settings":{"gallery_position":""},"quote_settings":{"quote_position":""},"post_options":{"main_layout":"","main_logo":"","main_logo_retina":"","main_logo_mobile":"","main_logo_mobile_retina":"","sticky_logo":"","sticky_logo_retina":"","main_nav_layout":"","header_background":"","theme_sidebar":"","single_post_comment_type":"","theme_background":""}},"_links":{"self":[{"href":"https:\/\/canal7slp.tv\/2019\/wp-json\/wp\/v2\/posts\/71310","targetHints":{"allow":["GET"]}}],"collection":[{"href":"https:\/\/canal7slp.tv\/2019\/wp-json\/wp\/v2\/posts"}],"about":[{"href":"https:\/\/canal7slp.tv\/2019\/wp-json\/wp\/v2\/types\/post"}],"author":[{"embeddable":true,"href":"https:\/\/canal7slp.tv\/2019\/wp-json\/wp\/v2\/users\/2"}],"replies":[{"embeddable":true,"href":"https:\/\/canal7slp.tv\/2019\/wp-json\/wp\/v2\/comments?post=71310"}],"version-history":[{"count":0,"href":"https:\/\/canal7slp.tv\/2019\/wp-json\/wp\/v2\/posts\/71310\/revisions"}],"wp:featuredmedia":[{"embeddable":true,"href":"https:\/\/canal7slp.tv\/2019\/wp-json\/wp\/v2\/media\/71311"}],"wp:attachment":[{"href":"https:\/\/canal7slp.tv\/2019\/wp-json\/wp\/v2\/media?parent=71310"}],"wp:term":[{"taxonomy":"category","embeddable":true,"href":"https:\/\/canal7slp.tv\/2019\/wp-json\/wp\/v2\/categories?post=71310"},{"taxonomy":"post_tag","embeddable":true,"href":"https:\/\/canal7slp.tv\/2019\/wp-json\/wp\/v2\/tags?post=71310"}],"curies":[{"name":"wp","href":"https:\/\/api.w.org\/{rel}","templated":true}]}}