{"id":7127,"date":"2019-06-05T08:07:23","date_gmt":"2019-06-05T13:07:23","guid":{"rendered":"https:\/\/canal7slp.tv\/2019\/?p=7127"},"modified":"2019-06-05T08:07:23","modified_gmt":"2019-06-05T13:07:23","slug":"bolsas-europeas-abren-con-resultados-mixtos","status":"publish","type":"post","link":"https:\/\/canal7slp.tv\/2019\/bolsas-europeas-abren-con-resultados-mixtos\/","title":{"rendered":"Bolsas europeas abren con resultados mixtos"},"content":{"rendered":"<p style=\"text-align: justify\">Madrid.- Las principales bolsas de valores de Europa abrieron este mi\u00e9rcoles con altibajos, ante la creciente guerra comercial entre Estados Unidos y China.<\/p>\n<p style=\"text-align: justify\">Los mercados internacionales tomaron con agrado las declaraciones de la Reserva Federal de Estados Unidos (Fed) que observa de cerca el desarrollo econ\u00f3mico actual, as\u00ed como las implicaciones que la tensi\u00f3n comercial puede tener en la econom\u00eda estadunidense, asegur\u00f3 su presidente, Jerome Powell.<\/p>\n<p style=\"text-align: justify\">\u201cNo sabemos c\u00f3mo ni cu\u00e1ndo se resolver\u00e1\u201d, pero la Fed responder\u00e1 de \u201cmanera apropiada\u201d a los riesgos de una &#8220;guerra comercial y otros acontecimientos\u201d, indic\u00f3 Powell, en una breve declaraci\u00f3n, como parte de su discurso sobre pol\u00edtica monetaria, report\u00f3 la NBC News.<\/p>\n<p style=\"text-align: justify\">&#8220;Como siempre, actuaremos apropiadamente para sostener el crecimiento, con un mercado laboral s\u00f3lido y una inflaci\u00f3n cerca a nuestro objetivo de 2.0 por ciento\u201d, afirm\u00f3.<\/p>\n<p style=\"text-align: justify\">A continuaci\u00f3n la apertura de los principales mercados europeos:<\/p>\n<table width=\"580\">\n<tbody>\n<tr>\n<td>Bolsa<\/td>\n<td>\u00cdndice<\/td>\n<td>Apertura<\/td>\n<td>Puntos<\/td>\n<td>Porcentaje<\/td>\n<\/tr>\n<tr>\n<td>Londres<\/td>\n<td>FTSE-100<\/td>\n<td>7,219.87<\/td>\n<td>+5.58<\/td>\n<td>+0.08%<\/td>\n<\/tr>\n<tr>\n<td>Par\u00eds<\/td>\n<td>CAC-40<\/td>\n<td>5,268.84<\/td>\n<td>+0.58<\/td>\n<td>+0.01%<\/td>\n<\/tr>\n<tr>\n<td>Frankfurt<\/td>\n<td>DAX<\/td>\n<td>11,964.03<\/td>\n<td>-7.14<\/td>\n<td>-0.06%<\/td>\n<\/tr>\n<tr>\n<td>Zurich<\/td>\n<td>SMI<\/td>\n<td>9,585.13<\/td>\n<td>-12.58<\/td>\n<td>-0.13%<\/td>\n<\/tr>\n<tr>\n<td>Madrid<\/td>\n<td>Ibex-35<\/td>\n<td>9,130.80<\/td>\n<td>+13.20<\/td>\n<td>+0.14%<\/td>\n<\/tr>\n<tr>\n<td>Mil\u00e1n<\/td>\n<td>MIB Index<\/td>\n<td>20,173.18<\/td>\n<td>-56.24<\/td>\n<td>-0.28%<\/td>\n<\/tr>\n<tr>\n<td>Lisboa<\/td>\n<td>PSI-20<\/td>\n<td>5,080.81<\/td>\n<td>+8.03<\/td>\n<td>+0.16%<\/td>\n<\/tr>\n<\/tbody>\n<\/table>\n","protected":false},"excerpt":{"rendered":"<p>Madrid.- Las principales bolsas de valores de Europa abrieron este mi\u00e9rcoles con altibajos, ante la creciente guerra comercial entre Estados Unidos y China. Los mercados internacionales tomaron con agrado las declaraciones de la Reserva Federal de Estados Unidos (Fed) que observa de cerca el desarrollo econ\u00f3mico actual, as\u00ed como las implicaciones que la tensi\u00f3n comercial [&hellip;]<\/p>\n","protected":false},"author":2,"featured_media":7130,"comment_status":"open","ping_status":"closed","sticky":false,"template":"","format":"standard","meta":{"footnotes":""},"categories":[98],"tags":[],"class_list":["post-7127","post","type-post","status-publish","format-standard","has-post-thumbnail","hentry","category-finanzas"],"yoast_head":"<!-- This site is optimized with the Yoast SEO plugin v27.4 - https:\/\/yoast.com\/product\/yoast-seo-wordpress\/ -->\n<title>Bolsas europeas abren con resultados mixtos - Canal 7 SLP - 2019<\/title>\n<meta name=\"robots\" content=\"index, follow, max-snippet:-1, max-image-preview:large, max-video-preview:-1\" \/>\n<link rel=\"canonical\" href=\"https:\/\/canal7slp.tv\/2019\/bolsas-europeas-abren-con-resultados-mixtos\/\" \/>\n<meta property=\"og:locale\" content=\"es_ES\" \/>\n<meta property=\"og:type\" content=\"article\" \/>\n<meta property=\"og:title\" content=\"Bolsas europeas abren con resultados mixtos - Canal 7 SLP - 2019\" \/>\n<meta property=\"og:description\" content=\"Madrid.- Las principales bolsas de valores de Europa abrieron este mi\u00e9rcoles con altibajos, ante la creciente guerra comercial entre Estados Unidos y China. Los mercados internacionales tomaron con agrado las declaraciones de la Reserva Federal de Estados Unidos (Fed) que observa de cerca el desarrollo econ\u00f3mico actual, as\u00ed como las implicaciones que la tensi\u00f3n comercial [&hellip;]\" \/>\n<meta property=\"og:url\" content=\"https:\/\/canal7slp.tv\/2019\/bolsas-europeas-abren-con-resultados-mixtos\/\" \/>\n<meta property=\"og:site_name\" content=\"Canal 7 SLP - 2019\" \/>\n<meta property=\"article:publisher\" content=\"https:\/\/www.facebook.com\/CANAL7SLP\/\" \/>\n<meta property=\"article:published_time\" content=\"2019-06-05T13:07:23+00:00\" \/>\n<meta property=\"og:image\" content=\"https:\/\/canal7slp.tv\/2019\/wp-content\/uploads\/2019\/06\/1000-4.jpg\" \/>\n\t<meta property=\"og:image:width\" content=\"703\" \/>\n\t<meta property=\"og:image:height\" content=\"410\" \/>\n\t<meta property=\"og:image:type\" content=\"image\/jpeg\" \/>\n<meta name=\"author\" content=\"edicionweb\" \/>\n<meta name=\"twitter:card\" content=\"summary_large_image\" \/>\n<meta name=\"twitter:creator\" content=\"@canal7_slp\" \/>\n<meta name=\"twitter:site\" content=\"@canal7_slp\" \/>\n<meta name=\"twitter:label1\" content=\"Escrito por\" \/>\n\t<meta name=\"twitter:data1\" content=\"edicionweb\" \/>\n\t<meta name=\"twitter:label2\" content=\"Tiempo de lectura\" \/>\n\t<meta name=\"twitter:data2\" content=\"1 minuto\" \/>\n<script type=\"application\/ld+json\" class=\"yoast-schema-graph\">{\"@context\":\"https:\\\/\\\/schema.org\",\"@graph\":[{\"@type\":\"Article\",\"@id\":\"https:\\\/\\\/canal7slp.tv\\\/2019\\\/bolsas-europeas-abren-con-resultados-mixtos\\\/#article\",\"isPartOf\":{\"@id\":\"https:\\\/\\\/canal7slp.tv\\\/2019\\\/bolsas-europeas-abren-con-resultados-mixtos\\\/\"},\"author\":{\"name\":\"edicionweb\",\"@id\":\"https:\\\/\\\/canal7slp.tv\\\/2019\\\/#\\\/schema\\\/person\\\/11d941c1c6ca30ac0a46b95fa37aa2e3\"},\"headline\":\"Bolsas europeas abren con resultados mixtos\",\"datePublished\":\"2019-06-05T13:07:23+00:00\",\"mainEntityOfPage\":{\"@id\":\"https:\\\/\\\/canal7slp.tv\\\/2019\\\/bolsas-europeas-abren-con-resultados-mixtos\\\/\"},\"wordCount\":187,\"commentCount\":0,\"publisher\":{\"@id\":\"https:\\\/\\\/canal7slp.tv\\\/2019\\\/#organization\"},\"image\":{\"@id\":\"https:\\\/\\\/canal7slp.tv\\\/2019\\\/bolsas-europeas-abren-con-resultados-mixtos\\\/#primaryimage\"},\"thumbnailUrl\":\"https:\\\/\\\/canal7slp.tv\\\/2019\\\/wp-content\\\/uploads\\\/2019\\\/06\\\/1000-4.jpg\",\"articleSection\":[\"FINANZAS\"],\"inLanguage\":\"es\",\"potentialAction\":[{\"@type\":\"CommentAction\",\"name\":\"Comment\",\"target\":[\"https:\\\/\\\/canal7slp.tv\\\/2019\\\/bolsas-europeas-abren-con-resultados-mixtos\\\/#respond\"]}]},{\"@type\":\"WebPage\",\"@id\":\"https:\\\/\\\/canal7slp.tv\\\/2019\\\/bolsas-europeas-abren-con-resultados-mixtos\\\/\",\"url\":\"https:\\\/\\\/canal7slp.tv\\\/2019\\\/bolsas-europeas-abren-con-resultados-mixtos\\\/\",\"name\":\"Bolsas europeas abren con resultados mixtos - Canal 7 SLP - 2019\",\"isPartOf\":{\"@id\":\"https:\\\/\\\/canal7slp.tv\\\/2019\\\/#website\"},\"primaryImageOfPage\":{\"@id\":\"https:\\\/\\\/canal7slp.tv\\\/2019\\\/bolsas-europeas-abren-con-resultados-mixtos\\\/#primaryimage\"},\"image\":{\"@id\":\"https:\\\/\\\/canal7slp.tv\\\/2019\\\/bolsas-europeas-abren-con-resultados-mixtos\\\/#primaryimage\"},\"thumbnailUrl\":\"https:\\\/\\\/canal7slp.tv\\\/2019\\\/wp-content\\\/uploads\\\/2019\\\/06\\\/1000-4.jpg\",\"datePublished\":\"2019-06-05T13:07:23+00:00\",\"breadcrumb\":{\"@id\":\"https:\\\/\\\/canal7slp.tv\\\/2019\\\/bolsas-europeas-abren-con-resultados-mixtos\\\/#breadcrumb\"},\"inLanguage\":\"es\",\"potentialAction\":[{\"@type\":\"ReadAction\",\"target\":[\"https:\\\/\\\/canal7slp.tv\\\/2019\\\/bolsas-europeas-abren-con-resultados-mixtos\\\/\"]}]},{\"@type\":\"ImageObject\",\"inLanguage\":\"es\",\"@id\":\"https:\\\/\\\/canal7slp.tv\\\/2019\\\/bolsas-europeas-abren-con-resultados-mixtos\\\/#primaryimage\",\"url\":\"https:\\\/\\\/canal7slp.tv\\\/2019\\\/wp-content\\\/uploads\\\/2019\\\/06\\\/1000-4.jpg\",\"contentUrl\":\"https:\\\/\\\/canal7slp.tv\\\/2019\\\/wp-content\\\/uploads\\\/2019\\\/06\\\/1000-4.jpg\",\"width\":703,\"height\":410,\"caption\":\"Financial traders work at their computers beneath a display of the DAX Index curve at the Frankfurt Stock Exchange in Frankfurt, Germany, on Thursday, Aug. 11, 2011. European stocks rose, as the Stoxx Europe 600 Index rebounded from its lowest level in two years, as investors speculated that recent losses have overestimated the slowdown in the pace of economic growth. Photographer: Hannelore Foerster\\\/Bloomberg via Getty Images\"},{\"@type\":\"BreadcrumbList\",\"@id\":\"https:\\\/\\\/canal7slp.tv\\\/2019\\\/bolsas-europeas-abren-con-resultados-mixtos\\\/#breadcrumb\",\"itemListElement\":[{\"@type\":\"ListItem\",\"position\":1,\"name\":\"Home\",\"item\":\"https:\\\/\\\/canal7slp.tv\\\/2019\\\/\"},{\"@type\":\"ListItem\",\"position\":2,\"name\":\"Bolsas europeas abren con resultados mixtos\"}]},{\"@type\":\"WebSite\",\"@id\":\"https:\\\/\\\/canal7slp.tv\\\/2019\\\/#website\",\"url\":\"https:\\\/\\\/canal7slp.tv\\\/2019\\\/\",\"name\":\"Canal 7 SLP - Somos TV\",\"description\":\"Somos un Canal de 10\",\"publisher\":{\"@id\":\"https:\\\/\\\/canal7slp.tv\\\/2019\\\/#organization\"},\"potentialAction\":[{\"@type\":\"SearchAction\",\"target\":{\"@type\":\"EntryPoint\",\"urlTemplate\":\"https:\\\/\\\/canal7slp.tv\\\/2019\\\/?s={search_term_string}\"},\"query-input\":{\"@type\":\"PropertyValueSpecification\",\"valueRequired\":true,\"valueName\":\"search_term_string\"}}],\"inLanguage\":\"es\"},{\"@type\":\"Organization\",\"@id\":\"https:\\\/\\\/canal7slp.tv\\\/2019\\\/#organization\",\"name\":\"Comunicaci\u00f3n 2000 S.A. de C.V.\",\"url\":\"https:\\\/\\\/canal7slp.tv\\\/2019\\\/\",\"logo\":{\"@type\":\"ImageObject\",\"inLanguage\":\"es\",\"@id\":\"https:\\\/\\\/canal7slp.tv\\\/2019\\\/#\\\/schema\\\/logo\\\/image\\\/\",\"url\":\"https:\\\/\\\/canal7slp.tv\\\/2019\\\/wp-content\\\/uploads\\\/2019\\\/07\\\/logo-c7.png\",\"contentUrl\":\"https:\\\/\\\/canal7slp.tv\\\/2019\\\/wp-content\\\/uploads\\\/2019\\\/07\\\/logo-c7.png\",\"width\":220,\"height\":60,\"caption\":\"Comunicaci\u00f3n 2000 S.A. de C.V.\"},\"image\":{\"@id\":\"https:\\\/\\\/canal7slp.tv\\\/2019\\\/#\\\/schema\\\/logo\\\/image\\\/\"},\"sameAs\":[\"https:\\\/\\\/www.facebook.com\\\/CANAL7SLP\\\/\",\"https:\\\/\\\/x.com\\\/canal7_slp\",\"https:\\\/\\\/www.instagram.com\\\/canal7_slp\",\"https:\\\/\\\/www.youtube.com\\\/user\\\/NOTICIEROSCANAL7SLP\\\/\"]},{\"@type\":\"Person\",\"@id\":\"https:\\\/\\\/canal7slp.tv\\\/2019\\\/#\\\/schema\\\/person\\\/11d941c1c6ca30ac0a46b95fa37aa2e3\",\"name\":\"edicionweb\",\"image\":{\"@type\":\"ImageObject\",\"inLanguage\":\"es\",\"@id\":\"https:\\\/\\\/secure.gravatar.com\\\/avatar\\\/eee448fc3f7164808013b816ba91ac7e43bbe82a70bebac296f8bc6f0addaa1a?s=96&d=mm&r=g\",\"url\":\"https:\\\/\\\/secure.gravatar.com\\\/avatar\\\/eee448fc3f7164808013b816ba91ac7e43bbe82a70bebac296f8bc6f0addaa1a?s=96&d=mm&r=g\",\"contentUrl\":\"https:\\\/\\\/secure.gravatar.com\\\/avatar\\\/eee448fc3f7164808013b816ba91ac7e43bbe82a70bebac296f8bc6f0addaa1a?s=96&d=mm&r=g\",\"caption\":\"edicionweb\"}}]}<\/script>\n<!-- \/ Yoast SEO plugin. -->","yoast_head_json":{"title":"Bolsas europeas abren con resultados mixtos - Canal 7 SLP - 2019","robots":{"index":"index","follow":"follow","max-snippet":"max-snippet:-1","max-image-preview":"max-image-preview:large","max-video-preview":"max-video-preview:-1"},"canonical":"https:\/\/canal7slp.tv\/2019\/bolsas-europeas-abren-con-resultados-mixtos\/","og_locale":"es_ES","og_type":"article","og_title":"Bolsas europeas abren con resultados mixtos - Canal 7 SLP - 2019","og_description":"Madrid.- Las principales bolsas de valores de Europa abrieron este mi\u00e9rcoles con altibajos, ante la creciente guerra comercial entre Estados Unidos y China. Los mercados internacionales tomaron con agrado las declaraciones de la Reserva Federal de Estados Unidos (Fed) que observa de cerca el desarrollo econ\u00f3mico actual, as\u00ed como las implicaciones que la tensi\u00f3n comercial [&hellip;]","og_url":"https:\/\/canal7slp.tv\/2019\/bolsas-europeas-abren-con-resultados-mixtos\/","og_site_name":"Canal 7 SLP - 2019","article_publisher":"https:\/\/www.facebook.com\/CANAL7SLP\/","article_published_time":"2019-06-05T13:07:23+00:00","og_image":[{"width":703,"height":410,"url":"https:\/\/canal7slp.tv\/2019\/wp-content\/uploads\/2019\/06\/1000-4.jpg","type":"image\/jpeg"}],"author":"edicionweb","twitter_card":"summary_large_image","twitter_creator":"@canal7_slp","twitter_site":"@canal7_slp","twitter_misc":{"Escrito por":"edicionweb","Tiempo de lectura":"1 minuto"},"schema":{"@context":"https:\/\/schema.org","@graph":[{"@type":"Article","@id":"https:\/\/canal7slp.tv\/2019\/bolsas-europeas-abren-con-resultados-mixtos\/#article","isPartOf":{"@id":"https:\/\/canal7slp.tv\/2019\/bolsas-europeas-abren-con-resultados-mixtos\/"},"author":{"name":"edicionweb","@id":"https:\/\/canal7slp.tv\/2019\/#\/schema\/person\/11d941c1c6ca30ac0a46b95fa37aa2e3"},"headline":"Bolsas europeas abren con resultados mixtos","datePublished":"2019-06-05T13:07:23+00:00","mainEntityOfPage":{"@id":"https:\/\/canal7slp.tv\/2019\/bolsas-europeas-abren-con-resultados-mixtos\/"},"wordCount":187,"commentCount":0,"publisher":{"@id":"https:\/\/canal7slp.tv\/2019\/#organization"},"image":{"@id":"https:\/\/canal7slp.tv\/2019\/bolsas-europeas-abren-con-resultados-mixtos\/#primaryimage"},"thumbnailUrl":"https:\/\/canal7slp.tv\/2019\/wp-content\/uploads\/2019\/06\/1000-4.jpg","articleSection":["FINANZAS"],"inLanguage":"es","potentialAction":[{"@type":"CommentAction","name":"Comment","target":["https:\/\/canal7slp.tv\/2019\/bolsas-europeas-abren-con-resultados-mixtos\/#respond"]}]},{"@type":"WebPage","@id":"https:\/\/canal7slp.tv\/2019\/bolsas-europeas-abren-con-resultados-mixtos\/","url":"https:\/\/canal7slp.tv\/2019\/bolsas-europeas-abren-con-resultados-mixtos\/","name":"Bolsas europeas abren con resultados mixtos - Canal 7 SLP - 2019","isPartOf":{"@id":"https:\/\/canal7slp.tv\/2019\/#website"},"primaryImageOfPage":{"@id":"https:\/\/canal7slp.tv\/2019\/bolsas-europeas-abren-con-resultados-mixtos\/#primaryimage"},"image":{"@id":"https:\/\/canal7slp.tv\/2019\/bolsas-europeas-abren-con-resultados-mixtos\/#primaryimage"},"thumbnailUrl":"https:\/\/canal7slp.tv\/2019\/wp-content\/uploads\/2019\/06\/1000-4.jpg","datePublished":"2019-06-05T13:07:23+00:00","breadcrumb":{"@id":"https:\/\/canal7slp.tv\/2019\/bolsas-europeas-abren-con-resultados-mixtos\/#breadcrumb"},"inLanguage":"es","potentialAction":[{"@type":"ReadAction","target":["https:\/\/canal7slp.tv\/2019\/bolsas-europeas-abren-con-resultados-mixtos\/"]}]},{"@type":"ImageObject","inLanguage":"es","@id":"https:\/\/canal7slp.tv\/2019\/bolsas-europeas-abren-con-resultados-mixtos\/#primaryimage","url":"https:\/\/canal7slp.tv\/2019\/wp-content\/uploads\/2019\/06\/1000-4.jpg","contentUrl":"https:\/\/canal7slp.tv\/2019\/wp-content\/uploads\/2019\/06\/1000-4.jpg","width":703,"height":410,"caption":"Financial traders work at their computers beneath a display of the DAX Index curve at the Frankfurt Stock Exchange in Frankfurt, Germany, on Thursday, Aug. 11, 2011. European stocks rose, as the Stoxx Europe 600 Index rebounded from its lowest level in two years, as investors speculated that recent losses have overestimated the slowdown in the pace of economic growth. Photographer: Hannelore Foerster\/Bloomberg via Getty Images"},{"@type":"BreadcrumbList","@id":"https:\/\/canal7slp.tv\/2019\/bolsas-europeas-abren-con-resultados-mixtos\/#breadcrumb","itemListElement":[{"@type":"ListItem","position":1,"name":"Home","item":"https:\/\/canal7slp.tv\/2019\/"},{"@type":"ListItem","position":2,"name":"Bolsas europeas abren con resultados mixtos"}]},{"@type":"WebSite","@id":"https:\/\/canal7slp.tv\/2019\/#website","url":"https:\/\/canal7slp.tv\/2019\/","name":"Canal 7 SLP - Somos TV","description":"Somos un Canal de 10","publisher":{"@id":"https:\/\/canal7slp.tv\/2019\/#organization"},"potentialAction":[{"@type":"SearchAction","target":{"@type":"EntryPoint","urlTemplate":"https:\/\/canal7slp.tv\/2019\/?s={search_term_string}"},"query-input":{"@type":"PropertyValueSpecification","valueRequired":true,"valueName":"search_term_string"}}],"inLanguage":"es"},{"@type":"Organization","@id":"https:\/\/canal7slp.tv\/2019\/#organization","name":"Comunicaci\u00f3n 2000 S.A. de C.V.","url":"https:\/\/canal7slp.tv\/2019\/","logo":{"@type":"ImageObject","inLanguage":"es","@id":"https:\/\/canal7slp.tv\/2019\/#\/schema\/logo\/image\/","url":"https:\/\/canal7slp.tv\/2019\/wp-content\/uploads\/2019\/07\/logo-c7.png","contentUrl":"https:\/\/canal7slp.tv\/2019\/wp-content\/uploads\/2019\/07\/logo-c7.png","width":220,"height":60,"caption":"Comunicaci\u00f3n 2000 S.A. de C.V."},"image":{"@id":"https:\/\/canal7slp.tv\/2019\/#\/schema\/logo\/image\/"},"sameAs":["https:\/\/www.facebook.com\/CANAL7SLP\/","https:\/\/x.com\/canal7_slp","https:\/\/www.instagram.com\/canal7_slp","https:\/\/www.youtube.com\/user\/NOTICIEROSCANAL7SLP\/"]},{"@type":"Person","@id":"https:\/\/canal7slp.tv\/2019\/#\/schema\/person\/11d941c1c6ca30ac0a46b95fa37aa2e3","name":"edicionweb","image":{"@type":"ImageObject","inLanguage":"es","@id":"https:\/\/secure.gravatar.com\/avatar\/eee448fc3f7164808013b816ba91ac7e43bbe82a70bebac296f8bc6f0addaa1a?s=96&d=mm&r=g","url":"https:\/\/secure.gravatar.com\/avatar\/eee448fc3f7164808013b816ba91ac7e43bbe82a70bebac296f8bc6f0addaa1a?s=96&d=mm&r=g","contentUrl":"https:\/\/secure.gravatar.com\/avatar\/eee448fc3f7164808013b816ba91ac7e43bbe82a70bebac296f8bc6f0addaa1a?s=96&d=mm&r=g","caption":"edicionweb"}}]}},"amp_enabled":true,"cmb2":{"video_ids_in_playlist":{"vid_p_videos":""},"video_ids_in_channel":{"vid_c_videos":""},"playlist_ids_in_channel":{"vid_c_playlists":""},"series_ids_in_channel":{"vid_c_series":""},"channel_images":{"vid_c_logo":"","vid_c_banner":""},"poster_feature_image":{"vid_m_poster_image":""},"gif_feature_image":{"vid_m_gif_image":""},"video_movie_settings":{"vid_m_director":"","vid_m_actor":"","vid_m_imdb_ratings":"","vid_m_amazon_associates":""},"vid_youtube_broadcasts_settings":{"vid_yb_broadcast_title":"","vid_yb_q":"","vid_yb_channelid":"","vid_yb_videocategoryid":"","vid_yb_maxresults":"","vid_yb_order":"","vid_yb_regioncode":"","vid_yb_videosyndicated":"","vid_yb_style":"","vid_yb_reload_first":""},"video_series_settings":{"vid_m_director":"","vid_m_actor":"","vid_m_imdb_ratings":"","video_series_group":""},"amazon_associates_settings":{"amazon_associates":"","amazon_native_ad":""},"vid_youtube_automatic_settings":{"vid_ya_youtube_source":"","vid_ya_update_every":"","vid_ya_update_unit":"","vid_ya_categories":"","vid_ya_published_after":"","vid_ya_published_before":"","vid_ya_playlists":"","vid_ya_channels":"","vid_ya_director":"","vid_ya_actor":"","vid_ya_author":"","vid_ya_import_post_date":"","vid_ya_status":"","vid_ya_sub_api_key":""},"vid_ads_m_videoads_settings_post":{"vid_ads_m_video_ads":"","vid_ads_m_video_ads_type":"","vid_ads_m_group_google_ima":"","vid_ads_m_group_image":"","vid_ads_m_group_html5_video":"","vid_ads_m_group_html":"","vid_ads_m_vast_preroll":"","vid_ads_m_vast_postroll":"","vid_ads_m_vast_pauseroll":"","vid_ads_m_vast_midroll":[{"vid_ads_m_vast_timer_seconds":"50"}],"vid_ads_m_time_to_show_ads":"","vid_ads_m_time_skip_ads":"","vid_ads_m_time_to_hide_ads":""},"page_slider_settings":{"display_slider_group":"","page_slider_group":""},"blog_page_settings":{"blog_page_title":"","blog_page_heading":"","blog_page_ic":"","blog_page_it":"","blog_page_ec":"","blog_page_ip":"","archive_loop_style":"","blog_image_ratio":"","blog_show_categories":"","blog_show_excerpt":"","blog_show_author":"","blog_show_date":"","blog_show_comment_count":"","blog_show_view_count":"","blog_show_like_count":"","blog_show_dislike_count":"","blog_items_per_page":"","blog_pag_type":""},"page_options":{"get_page_template":"","color_mode":"","main_layout":"","main_layout_full_with":"","main_logo":"","main_logo_retina":"","main_logo_mobile":"","main_logo_mobile_retina":"","sticky_logo":"","sticky_logo_retina":"","main_nav_layout":"","ajax_search":"","header_background":"","theme_sidebar":"","instagram_feed":"","instagram_feed_position":"","popular_videos":"","popular_videos_title_1":"","popular_videos_title_2":"","popular_videos_ic":"","popular_videos_it":"","theme_background":"","page_custom_css":""},"feature_image_settings":{"feature_image_position":""},"video_player_settings":{"single_video_style":"","video_player_position":"","vm_video_url":"","video_player_library":"","video_streaming":"","vm_media_sources":"","vid_auto_play":"","vm_video_shortcode":"","vid_p_sync_playlist":"","vid_c_sync_channel":"","get_post_format":"","multiple_links_structure":"default","multi_links_title":"","vm_video_multi_links":"","vm_duration":"","vid_social_locker":"off","vid_social_locker_id":"","vid_membership_action":"content-video","vm_video_trailer_url":"","vid_download_type":"free","vid_download_target":"download","vid_woo_product":"","vm_media_download":"","user_rating":"","user_rating_position":"","user_rating_mode":"","user_rating_multi_sets":""},"video_auto_fetch_settings":{"vm_video_fetch":"on"},"video_fake_views_likes":{"vm_fake_views":"","vm_fake_likes":"","vm_fake_dislikes":""},"gallery_settings":{"gallery_position":""},"quote_settings":{"quote_position":""},"post_options":{"main_layout":"","main_logo":"","main_logo_retina":"","main_logo_mobile":"","main_logo_mobile_retina":"","sticky_logo":"","sticky_logo_retina":"","main_nav_layout":"","header_background":"","theme_sidebar":"","single_post_comment_type":"","theme_background":""}},"_links":{"self":[{"href":"https:\/\/canal7slp.tv\/2019\/wp-json\/wp\/v2\/posts\/7127","targetHints":{"allow":["GET"]}}],"collection":[{"href":"https:\/\/canal7slp.tv\/2019\/wp-json\/wp\/v2\/posts"}],"about":[{"href":"https:\/\/canal7slp.tv\/2019\/wp-json\/wp\/v2\/types\/post"}],"author":[{"embeddable":true,"href":"https:\/\/canal7slp.tv\/2019\/wp-json\/wp\/v2\/users\/2"}],"replies":[{"embeddable":true,"href":"https:\/\/canal7slp.tv\/2019\/wp-json\/wp\/v2\/comments?post=7127"}],"version-history":[{"count":0,"href":"https:\/\/canal7slp.tv\/2019\/wp-json\/wp\/v2\/posts\/7127\/revisions"}],"wp:featuredmedia":[{"embeddable":true,"href":"https:\/\/canal7slp.tv\/2019\/wp-json\/wp\/v2\/media\/7130"}],"wp:attachment":[{"href":"https:\/\/canal7slp.tv\/2019\/wp-json\/wp\/v2\/media?parent=7127"}],"wp:term":[{"taxonomy":"category","embeddable":true,"href":"https:\/\/canal7slp.tv\/2019\/wp-json\/wp\/v2\/categories?post=7127"},{"taxonomy":"post_tag","embeddable":true,"href":"https:\/\/canal7slp.tv\/2019\/wp-json\/wp\/v2\/tags?post=7127"}],"curies":[{"name":"wp","href":"https:\/\/api.w.org\/{rel}","templated":true}]}}