{"id":71210,"date":"2019-09-27T13:18:55","date_gmt":"2019-09-27T18:18:55","guid":{"rendered":"https:\/\/canal7slp.tv\/2019\/?p=71210"},"modified":"2019-09-27T13:18:55","modified_gmt":"2019-09-27T18:18:55","slug":"reclaman-diputados-de-oposicion-a-titular-de-shcp-por-bajo-crecimiento","status":"publish","type":"post","link":"https:\/\/canal7slp.tv\/2019\/reclaman-diputados-de-oposicion-a-titular-de-shcp-por-bajo-crecimiento\/","title":{"rendered":"Reclaman diputados de oposici\u00f3n a titular de SHCP por bajo crecimiento"},"content":{"rendered":"<ul>\n<li style=\"text-align: justify\">Coinciden en que las decisiones del Gobierno han contribuido a la desaceleraci\u00f3n de la econom\u00eda<\/li>\n<\/ul>\n<p style=\"text-align: justify\">M\u00e9xico.- Diputados de oposici\u00f3n del PAN, PRI, PRD y MC reclamaron al secretario de Hacienda, Arturo Herrera, el crecimiento de 0% que registro la econom\u00eda mexicana en el \u00faltimo trimestre, adem\u00e1s de que no ha bajado la gasolina, el gas, ni la luz, el estancamiento econ\u00f3mico y la actualizaci\u00f3n en impuestos a diversos productos, denunciaron.<\/p>\n<p style=\"text-align: justify\">Al fijar su posici\u00f3n en la comparecencia de Arturo Herrera ante el pleno de San L\u00e1zaro la diputada del PAN, Silvia Garza subi\u00f3 a la m\u00e1xima tribuna del pa\u00eds junto con otros dos legisladores quienes portaron una manta con la leyenda &#8220;0% crecimiento econ\u00f3mico #MorenaNoCumple&#8221;.<\/p>\n<p style=\"text-align: justify\">En tanto el diputado del PRI, Pedro Pablo Trevi\u00f1o, asegur\u00f3 que el gobierno recibi\u00f3 un pa\u00eds con estabilidad, sin crisis econ\u00f3mica y con paz social y en casi 10 meses la nueva administraci\u00f3n ha llevado al pa\u00eds a un estancamiento econ\u00f3mico, al desabasto en medicinas y en la cancelaci\u00f3n de programas que beneficiaban a miles de mexicanos.<\/p>\n<p style=\"text-align: justify\">&#8220;Se han hecho presentes graves problemas de dise\u00f1o de las acciones del gobierno y una mala perspectiva en su viabilidad econ\u00f3mica. Lo que se\u00f1alamos en diversas ocasiones hoy es una triste realidad, nuestra econom\u00eda se encuentra en un periodo de franca desaceleraci\u00f3n. Debe reconocerse que el rumbo econ\u00f3mico no es el esperado por esta administraci\u00f3n&#8221;.<\/p>\n<p style=\"text-align: justify\">&#8220;Nos preocupa la miscel\u00e1nea fiscal que har\u00e1 pagar m\u00e1s a los usuarios en servicios digitales y entre otros sectores se ver\u00e1n afectados. Pagar\u00e1n m\u00e1s los productores del campo, los ahorradores y los arrendatarios. Las reformas a las Leyes del IVA, del ISR y del C\u00f3digo Fiscal de la Federaci\u00f3n, tienen un gran sesgo recaudatorio que busca compensar un hueco de 190 mil millones de pesos que han causado las decisiones caprichosas de este gobierno&#8221;, agreg\u00f3 el pri\u00edsta.<\/p>\n<p style=\"text-align: justify\">La diputada Fabiola Raquel Guadalupe Loya Hern\u00e1ndez (MC) se\u00f1al\u00f3 que la pol\u00edtica econ\u00f3mica en M\u00e9xico no ha caminado en la direcci\u00f3n correcta desde hace muchos a\u00f1os; sin embargo, dijo: &#8220;advertimos que la nueva administraci\u00f3n ha tomado decisiones que no han permitido que la econom\u00eda nacional despegue&#8221;. En los primeros nueve meses de \u00e9sta se pas\u00f3 de un dos por ciento al nulo crecimiento.<\/p>\n<p style=\"text-align: justify\">Por el PRD el diputado Antonio Ortega Mart\u00ednez resalt\u00f3 que &#8220;urge rectificar el rumbo de la econom\u00eda nacional y corregir los errores cometidos en el dise\u00f1o y la implementaci\u00f3n de las pol\u00edticas p\u00fablicas. Con la informaci\u00f3n que se cuenta se puede constatar una desaceleraci\u00f3n econ\u00f3mica durante los dos primeros trimestres, estancamiento en el tercero y el cuarto, con un crecimiento rondando el cero por ciento, al punto de terminar el a\u00f1o quiz\u00e1s en recesi\u00f3n&#8221;.<\/p>\n<p style=\"text-align: justify\">Sostuvo que no s\u00f3lo se ha tenido &#8220;un mediocre crecimiento, sino que el desempe\u00f1o de nuestra econom\u00eda en estos nueve meses de gesti\u00f3n est\u00e1 perturbada en muchos aspectos&#8221;.<\/p>\n","protected":false},"excerpt":{"rendered":"<p>Coinciden en que las decisiones del Gobierno han contribuido a la desaceleraci\u00f3n de la econom\u00eda M\u00e9xico.- Diputados de oposici\u00f3n del PAN, PRI, PRD y MC reclamaron al secretario de Hacienda, Arturo Herrera, el crecimiento de 0% que registro la econom\u00eda mexicana en el \u00faltimo trimestre, adem\u00e1s de que no ha bajado la gasolina, el gas, [&hellip;]<\/p>\n","protected":false},"author":2,"featured_media":71211,"comment_status":"open","ping_status":"open","sticky":false,"template":"","format":"standard","meta":{"footnotes":""},"categories":[98],"tags":[],"class_list":["post-71210","post","type-post","status-publish","format-standard","has-post-thumbnail","hentry","category-finanzas"],"yoast_head":"<!-- This site is optimized with the Yoast SEO plugin v27.5 - https:\/\/yoast.com\/product\/yoast-seo-wordpress\/ -->\n<title>Reclaman diputados de oposici\u00f3n a titular de SHCP por bajo crecimiento - Canal 7 SLP - 2019<\/title>\n<meta name=\"robots\" content=\"index, follow, max-snippet:-1, max-image-preview:large, max-video-preview:-1\" \/>\n<link rel=\"canonical\" href=\"https:\/\/canal7slp.tv\/2019\/reclaman-diputados-de-oposicion-a-titular-de-shcp-por-bajo-crecimiento\/\" \/>\n<meta property=\"og:locale\" content=\"es_ES\" \/>\n<meta property=\"og:type\" content=\"article\" \/>\n<meta property=\"og:title\" content=\"Reclaman diputados de oposici\u00f3n a titular de SHCP por bajo crecimiento - Canal 7 SLP - 2019\" \/>\n<meta property=\"og:description\" content=\"Coinciden en que las decisiones del Gobierno han contribuido a la desaceleraci\u00f3n de la econom\u00eda M\u00e9xico.- Diputados de oposici\u00f3n del PAN, PRI, PRD y MC reclamaron al secretario de Hacienda, Arturo Herrera, el crecimiento de 0% que registro la econom\u00eda mexicana en el \u00faltimo trimestre, adem\u00e1s de que no ha bajado la gasolina, el gas, [&hellip;]\" \/>\n<meta property=\"og:url\" content=\"https:\/\/canal7slp.tv\/2019\/reclaman-diputados-de-oposicion-a-titular-de-shcp-por-bajo-crecimiento\/\" \/>\n<meta property=\"og:site_name\" content=\"Canal 7 SLP - 2019\" \/>\n<meta property=\"article:publisher\" content=\"https:\/\/www.facebook.com\/CANAL7SLP\/\" \/>\n<meta property=\"article:published_time\" content=\"2019-09-27T18:18:55+00:00\" \/>\n<meta property=\"og:image\" content=\"https:\/\/canal7slp.tv\/2019\/wp-content\/uploads\/2019\/09\/08-13.jpg\" \/>\n\t<meta property=\"og:image:width\" content=\"770\" \/>\n\t<meta property=\"og:image:height\" content=\"485\" \/>\n\t<meta property=\"og:image:type\" content=\"image\/jpeg\" \/>\n<meta name=\"author\" content=\"edicionweb\" \/>\n<meta name=\"twitter:card\" content=\"summary_large_image\" \/>\n<meta name=\"twitter:creator\" content=\"@canal7_slp\" \/>\n<meta name=\"twitter:site\" content=\"@canal7_slp\" \/>\n<meta name=\"twitter:label1\" content=\"Escrito por\" \/>\n\t<meta name=\"twitter:data1\" content=\"edicionweb\" \/>\n\t<meta name=\"twitter:label2\" content=\"Tiempo de lectura\" \/>\n\t<meta name=\"twitter:data2\" content=\"3 minutos\" \/>\n<script type=\"application\/ld+json\" class=\"yoast-schema-graph\">{\"@context\":\"https:\\\/\\\/schema.org\",\"@graph\":[{\"@type\":\"Article\",\"@id\":\"https:\\\/\\\/canal7slp.tv\\\/2019\\\/reclaman-diputados-de-oposicion-a-titular-de-shcp-por-bajo-crecimiento\\\/#article\",\"isPartOf\":{\"@id\":\"https:\\\/\\\/canal7slp.tv\\\/2019\\\/reclaman-diputados-de-oposicion-a-titular-de-shcp-por-bajo-crecimiento\\\/\"},\"author\":{\"name\":\"edicionweb\",\"@id\":\"https:\\\/\\\/canal7slp.tv\\\/2019\\\/#\\\/schema\\\/person\\\/11d941c1c6ca30ac0a46b95fa37aa2e3\"},\"headline\":\"Reclaman diputados de oposici\u00f3n a titular de SHCP por bajo crecimiento\",\"datePublished\":\"2019-09-27T18:18:55+00:00\",\"mainEntityOfPage\":{\"@id\":\"https:\\\/\\\/canal7slp.tv\\\/2019\\\/reclaman-diputados-de-oposicion-a-titular-de-shcp-por-bajo-crecimiento\\\/\"},\"wordCount\":538,\"commentCount\":0,\"publisher\":{\"@id\":\"https:\\\/\\\/canal7slp.tv\\\/2019\\\/#organization\"},\"image\":{\"@id\":\"https:\\\/\\\/canal7slp.tv\\\/2019\\\/reclaman-diputados-de-oposicion-a-titular-de-shcp-por-bajo-crecimiento\\\/#primaryimage\"},\"thumbnailUrl\":\"https:\\\/\\\/canal7slp.tv\\\/2019\\\/wp-content\\\/uploads\\\/2019\\\/09\\\/08-13.jpg\",\"articleSection\":[\"FINANZAS\"],\"inLanguage\":\"es\",\"potentialAction\":[{\"@type\":\"CommentAction\",\"name\":\"Comment\",\"target\":[\"https:\\\/\\\/canal7slp.tv\\\/2019\\\/reclaman-diputados-de-oposicion-a-titular-de-shcp-por-bajo-crecimiento\\\/#respond\"]}]},{\"@type\":\"WebPage\",\"@id\":\"https:\\\/\\\/canal7slp.tv\\\/2019\\\/reclaman-diputados-de-oposicion-a-titular-de-shcp-por-bajo-crecimiento\\\/\",\"url\":\"https:\\\/\\\/canal7slp.tv\\\/2019\\\/reclaman-diputados-de-oposicion-a-titular-de-shcp-por-bajo-crecimiento\\\/\",\"name\":\"Reclaman diputados de oposici\u00f3n a titular de SHCP por bajo crecimiento - Canal 7 SLP - 2019\",\"isPartOf\":{\"@id\":\"https:\\\/\\\/canal7slp.tv\\\/2019\\\/#website\"},\"primaryImageOfPage\":{\"@id\":\"https:\\\/\\\/canal7slp.tv\\\/2019\\\/reclaman-diputados-de-oposicion-a-titular-de-shcp-por-bajo-crecimiento\\\/#primaryimage\"},\"image\":{\"@id\":\"https:\\\/\\\/canal7slp.tv\\\/2019\\\/reclaman-diputados-de-oposicion-a-titular-de-shcp-por-bajo-crecimiento\\\/#primaryimage\"},\"thumbnailUrl\":\"https:\\\/\\\/canal7slp.tv\\\/2019\\\/wp-content\\\/uploads\\\/2019\\\/09\\\/08-13.jpg\",\"datePublished\":\"2019-09-27T18:18:55+00:00\",\"breadcrumb\":{\"@id\":\"https:\\\/\\\/canal7slp.tv\\\/2019\\\/reclaman-diputados-de-oposicion-a-titular-de-shcp-por-bajo-crecimiento\\\/#breadcrumb\"},\"inLanguage\":\"es\",\"potentialAction\":[{\"@type\":\"ReadAction\",\"target\":[\"https:\\\/\\\/canal7slp.tv\\\/2019\\\/reclaman-diputados-de-oposicion-a-titular-de-shcp-por-bajo-crecimiento\\\/\"]}]},{\"@type\":\"ImageObject\",\"inLanguage\":\"es\",\"@id\":\"https:\\\/\\\/canal7slp.tv\\\/2019\\\/reclaman-diputados-de-oposicion-a-titular-de-shcp-por-bajo-crecimiento\\\/#primaryimage\",\"url\":\"https:\\\/\\\/canal7slp.tv\\\/2019\\\/wp-content\\\/uploads\\\/2019\\\/09\\\/08-13.jpg\",\"contentUrl\":\"https:\\\/\\\/canal7slp.tv\\\/2019\\\/wp-content\\\/uploads\\\/2019\\\/09\\\/08-13.jpg\",\"width\":770,\"height\":485},{\"@type\":\"BreadcrumbList\",\"@id\":\"https:\\\/\\\/canal7slp.tv\\\/2019\\\/reclaman-diputados-de-oposicion-a-titular-de-shcp-por-bajo-crecimiento\\\/#breadcrumb\",\"itemListElement\":[{\"@type\":\"ListItem\",\"position\":1,\"name\":\"Home\",\"item\":\"https:\\\/\\\/canal7slp.tv\\\/2019\\\/\"},{\"@type\":\"ListItem\",\"position\":2,\"name\":\"Reclaman diputados de oposici\u00f3n a titular de SHCP por bajo crecimiento\"}]},{\"@type\":\"WebSite\",\"@id\":\"https:\\\/\\\/canal7slp.tv\\\/2019\\\/#website\",\"url\":\"https:\\\/\\\/canal7slp.tv\\\/2019\\\/\",\"name\":\"Canal 7 SLP - Somos TV\",\"description\":\"Somos un Canal de 10\",\"publisher\":{\"@id\":\"https:\\\/\\\/canal7slp.tv\\\/2019\\\/#organization\"},\"potentialAction\":[{\"@type\":\"SearchAction\",\"target\":{\"@type\":\"EntryPoint\",\"urlTemplate\":\"https:\\\/\\\/canal7slp.tv\\\/2019\\\/?s={search_term_string}\"},\"query-input\":{\"@type\":\"PropertyValueSpecification\",\"valueRequired\":true,\"valueName\":\"search_term_string\"}}],\"inLanguage\":\"es\"},{\"@type\":\"Organization\",\"@id\":\"https:\\\/\\\/canal7slp.tv\\\/2019\\\/#organization\",\"name\":\"Comunicaci\u00f3n 2000 S.A. de C.V.\",\"url\":\"https:\\\/\\\/canal7slp.tv\\\/2019\\\/\",\"logo\":{\"@type\":\"ImageObject\",\"inLanguage\":\"es\",\"@id\":\"https:\\\/\\\/canal7slp.tv\\\/2019\\\/#\\\/schema\\\/logo\\\/image\\\/\",\"url\":\"https:\\\/\\\/canal7slp.tv\\\/2019\\\/wp-content\\\/uploads\\\/2019\\\/07\\\/logo-c7.png\",\"contentUrl\":\"https:\\\/\\\/canal7slp.tv\\\/2019\\\/wp-content\\\/uploads\\\/2019\\\/07\\\/logo-c7.png\",\"width\":220,\"height\":60,\"caption\":\"Comunicaci\u00f3n 2000 S.A. de C.V.\"},\"image\":{\"@id\":\"https:\\\/\\\/canal7slp.tv\\\/2019\\\/#\\\/schema\\\/logo\\\/image\\\/\"},\"sameAs\":[\"https:\\\/\\\/www.facebook.com\\\/CANAL7SLP\\\/\",\"https:\\\/\\\/x.com\\\/canal7_slp\",\"https:\\\/\\\/www.instagram.com\\\/canal7_slp\",\"https:\\\/\\\/www.youtube.com\\\/user\\\/NOTICIEROSCANAL7SLP\\\/\"]},{\"@type\":\"Person\",\"@id\":\"https:\\\/\\\/canal7slp.tv\\\/2019\\\/#\\\/schema\\\/person\\\/11d941c1c6ca30ac0a46b95fa37aa2e3\",\"name\":\"edicionweb\",\"image\":{\"@type\":\"ImageObject\",\"inLanguage\":\"es\",\"@id\":\"https:\\\/\\\/secure.gravatar.com\\\/avatar\\\/eee448fc3f7164808013b816ba91ac7e43bbe82a70bebac296f8bc6f0addaa1a?s=96&d=mm&r=g\",\"url\":\"https:\\\/\\\/secure.gravatar.com\\\/avatar\\\/eee448fc3f7164808013b816ba91ac7e43bbe82a70bebac296f8bc6f0addaa1a?s=96&d=mm&r=g\",\"contentUrl\":\"https:\\\/\\\/secure.gravatar.com\\\/avatar\\\/eee448fc3f7164808013b816ba91ac7e43bbe82a70bebac296f8bc6f0addaa1a?s=96&d=mm&r=g\",\"caption\":\"edicionweb\"}}]}<\/script>\n<!-- \/ Yoast SEO plugin. -->","yoast_head_json":{"title":"Reclaman diputados de oposici\u00f3n a titular de SHCP por bajo crecimiento - Canal 7 SLP - 2019","robots":{"index":"index","follow":"follow","max-snippet":"max-snippet:-1","max-image-preview":"max-image-preview:large","max-video-preview":"max-video-preview:-1"},"canonical":"https:\/\/canal7slp.tv\/2019\/reclaman-diputados-de-oposicion-a-titular-de-shcp-por-bajo-crecimiento\/","og_locale":"es_ES","og_type":"article","og_title":"Reclaman diputados de oposici\u00f3n a titular de SHCP por bajo crecimiento - Canal 7 SLP - 2019","og_description":"Coinciden en que las decisiones del Gobierno han contribuido a la desaceleraci\u00f3n de la econom\u00eda M\u00e9xico.- Diputados de oposici\u00f3n del PAN, PRI, PRD y MC reclamaron al secretario de Hacienda, Arturo Herrera, el crecimiento de 0% que registro la econom\u00eda mexicana en el \u00faltimo trimestre, adem\u00e1s de que no ha bajado la gasolina, el gas, [&hellip;]","og_url":"https:\/\/canal7slp.tv\/2019\/reclaman-diputados-de-oposicion-a-titular-de-shcp-por-bajo-crecimiento\/","og_site_name":"Canal 7 SLP - 2019","article_publisher":"https:\/\/www.facebook.com\/CANAL7SLP\/","article_published_time":"2019-09-27T18:18:55+00:00","og_image":[{"width":770,"height":485,"url":"https:\/\/canal7slp.tv\/2019\/wp-content\/uploads\/2019\/09\/08-13.jpg","type":"image\/jpeg"}],"author":"edicionweb","twitter_card":"summary_large_image","twitter_creator":"@canal7_slp","twitter_site":"@canal7_slp","twitter_misc":{"Escrito por":"edicionweb","Tiempo de lectura":"3 minutos"},"schema":{"@context":"https:\/\/schema.org","@graph":[{"@type":"Article","@id":"https:\/\/canal7slp.tv\/2019\/reclaman-diputados-de-oposicion-a-titular-de-shcp-por-bajo-crecimiento\/#article","isPartOf":{"@id":"https:\/\/canal7slp.tv\/2019\/reclaman-diputados-de-oposicion-a-titular-de-shcp-por-bajo-crecimiento\/"},"author":{"name":"edicionweb","@id":"https:\/\/canal7slp.tv\/2019\/#\/schema\/person\/11d941c1c6ca30ac0a46b95fa37aa2e3"},"headline":"Reclaman diputados de oposici\u00f3n a titular de SHCP por bajo crecimiento","datePublished":"2019-09-27T18:18:55+00:00","mainEntityOfPage":{"@id":"https:\/\/canal7slp.tv\/2019\/reclaman-diputados-de-oposicion-a-titular-de-shcp-por-bajo-crecimiento\/"},"wordCount":538,"commentCount":0,"publisher":{"@id":"https:\/\/canal7slp.tv\/2019\/#organization"},"image":{"@id":"https:\/\/canal7slp.tv\/2019\/reclaman-diputados-de-oposicion-a-titular-de-shcp-por-bajo-crecimiento\/#primaryimage"},"thumbnailUrl":"https:\/\/canal7slp.tv\/2019\/wp-content\/uploads\/2019\/09\/08-13.jpg","articleSection":["FINANZAS"],"inLanguage":"es","potentialAction":[{"@type":"CommentAction","name":"Comment","target":["https:\/\/canal7slp.tv\/2019\/reclaman-diputados-de-oposicion-a-titular-de-shcp-por-bajo-crecimiento\/#respond"]}]},{"@type":"WebPage","@id":"https:\/\/canal7slp.tv\/2019\/reclaman-diputados-de-oposicion-a-titular-de-shcp-por-bajo-crecimiento\/","url":"https:\/\/canal7slp.tv\/2019\/reclaman-diputados-de-oposicion-a-titular-de-shcp-por-bajo-crecimiento\/","name":"Reclaman diputados de oposici\u00f3n a titular de SHCP por bajo crecimiento - Canal 7 SLP - 2019","isPartOf":{"@id":"https:\/\/canal7slp.tv\/2019\/#website"},"primaryImageOfPage":{"@id":"https:\/\/canal7slp.tv\/2019\/reclaman-diputados-de-oposicion-a-titular-de-shcp-por-bajo-crecimiento\/#primaryimage"},"image":{"@id":"https:\/\/canal7slp.tv\/2019\/reclaman-diputados-de-oposicion-a-titular-de-shcp-por-bajo-crecimiento\/#primaryimage"},"thumbnailUrl":"https:\/\/canal7slp.tv\/2019\/wp-content\/uploads\/2019\/09\/08-13.jpg","datePublished":"2019-09-27T18:18:55+00:00","breadcrumb":{"@id":"https:\/\/canal7slp.tv\/2019\/reclaman-diputados-de-oposicion-a-titular-de-shcp-por-bajo-crecimiento\/#breadcrumb"},"inLanguage":"es","potentialAction":[{"@type":"ReadAction","target":["https:\/\/canal7slp.tv\/2019\/reclaman-diputados-de-oposicion-a-titular-de-shcp-por-bajo-crecimiento\/"]}]},{"@type":"ImageObject","inLanguage":"es","@id":"https:\/\/canal7slp.tv\/2019\/reclaman-diputados-de-oposicion-a-titular-de-shcp-por-bajo-crecimiento\/#primaryimage","url":"https:\/\/canal7slp.tv\/2019\/wp-content\/uploads\/2019\/09\/08-13.jpg","contentUrl":"https:\/\/canal7slp.tv\/2019\/wp-content\/uploads\/2019\/09\/08-13.jpg","width":770,"height":485},{"@type":"BreadcrumbList","@id":"https:\/\/canal7slp.tv\/2019\/reclaman-diputados-de-oposicion-a-titular-de-shcp-por-bajo-crecimiento\/#breadcrumb","itemListElement":[{"@type":"ListItem","position":1,"name":"Home","item":"https:\/\/canal7slp.tv\/2019\/"},{"@type":"ListItem","position":2,"name":"Reclaman diputados de oposici\u00f3n a titular de SHCP por bajo crecimiento"}]},{"@type":"WebSite","@id":"https:\/\/canal7slp.tv\/2019\/#website","url":"https:\/\/canal7slp.tv\/2019\/","name":"Canal 7 SLP - Somos TV","description":"Somos un Canal de 10","publisher":{"@id":"https:\/\/canal7slp.tv\/2019\/#organization"},"potentialAction":[{"@type":"SearchAction","target":{"@type":"EntryPoint","urlTemplate":"https:\/\/canal7slp.tv\/2019\/?s={search_term_string}"},"query-input":{"@type":"PropertyValueSpecification","valueRequired":true,"valueName":"search_term_string"}}],"inLanguage":"es"},{"@type":"Organization","@id":"https:\/\/canal7slp.tv\/2019\/#organization","name":"Comunicaci\u00f3n 2000 S.A. de C.V.","url":"https:\/\/canal7slp.tv\/2019\/","logo":{"@type":"ImageObject","inLanguage":"es","@id":"https:\/\/canal7slp.tv\/2019\/#\/schema\/logo\/image\/","url":"https:\/\/canal7slp.tv\/2019\/wp-content\/uploads\/2019\/07\/logo-c7.png","contentUrl":"https:\/\/canal7slp.tv\/2019\/wp-content\/uploads\/2019\/07\/logo-c7.png","width":220,"height":60,"caption":"Comunicaci\u00f3n 2000 S.A. de C.V."},"image":{"@id":"https:\/\/canal7slp.tv\/2019\/#\/schema\/logo\/image\/"},"sameAs":["https:\/\/www.facebook.com\/CANAL7SLP\/","https:\/\/x.com\/canal7_slp","https:\/\/www.instagram.com\/canal7_slp","https:\/\/www.youtube.com\/user\/NOTICIEROSCANAL7SLP\/"]},{"@type":"Person","@id":"https:\/\/canal7slp.tv\/2019\/#\/schema\/person\/11d941c1c6ca30ac0a46b95fa37aa2e3","name":"edicionweb","image":{"@type":"ImageObject","inLanguage":"es","@id":"https:\/\/secure.gravatar.com\/avatar\/eee448fc3f7164808013b816ba91ac7e43bbe82a70bebac296f8bc6f0addaa1a?s=96&d=mm&r=g","url":"https:\/\/secure.gravatar.com\/avatar\/eee448fc3f7164808013b816ba91ac7e43bbe82a70bebac296f8bc6f0addaa1a?s=96&d=mm&r=g","contentUrl":"https:\/\/secure.gravatar.com\/avatar\/eee448fc3f7164808013b816ba91ac7e43bbe82a70bebac296f8bc6f0addaa1a?s=96&d=mm&r=g","caption":"edicionweb"}}]}},"amp_enabled":true,"cmb2":{"video_ids_in_playlist":{"vid_p_videos":""},"video_ids_in_channel":{"vid_c_videos":""},"playlist_ids_in_channel":{"vid_c_playlists":""},"series_ids_in_channel":{"vid_c_series":""},"channel_images":{"vid_c_logo":"","vid_c_banner":""},"poster_feature_image":{"vid_m_poster_image":""},"gif_feature_image":{"vid_m_gif_image":""},"video_movie_settings":{"vid_m_director":"","vid_m_actor":"","vid_m_imdb_ratings":"","vid_m_amazon_associates":""},"vid_youtube_broadcasts_settings":{"vid_yb_broadcast_title":"","vid_yb_q":"","vid_yb_channelid":"","vid_yb_videocategoryid":"","vid_yb_maxresults":"","vid_yb_order":"","vid_yb_regioncode":"","vid_yb_videosyndicated":"","vid_yb_style":"","vid_yb_reload_first":""},"video_series_settings":{"vid_m_director":"","vid_m_actor":"","vid_m_imdb_ratings":"","video_series_group":""},"amazon_associates_settings":{"amazon_associates":"","amazon_native_ad":""},"vid_youtube_automatic_settings":{"vid_ya_youtube_source":"","vid_ya_update_every":"","vid_ya_update_unit":"","vid_ya_categories":"","vid_ya_published_after":"","vid_ya_published_before":"","vid_ya_playlists":"","vid_ya_channels":"","vid_ya_director":"","vid_ya_actor":"","vid_ya_author":"","vid_ya_import_post_date":"","vid_ya_status":"","vid_ya_sub_api_key":""},"vid_ads_m_videoads_settings_post":{"vid_ads_m_video_ads":"","vid_ads_m_video_ads_type":"","vid_ads_m_group_google_ima":"","vid_ads_m_group_image":"","vid_ads_m_group_html5_video":"","vid_ads_m_group_html":"","vid_ads_m_vast_preroll":"","vid_ads_m_vast_postroll":"","vid_ads_m_vast_pauseroll":"","vid_ads_m_vast_midroll":[{"vid_ads_m_vast_timer_seconds":"50"}],"vid_ads_m_time_to_show_ads":"","vid_ads_m_time_skip_ads":"","vid_ads_m_time_to_hide_ads":""},"page_slider_settings":{"display_slider_group":"","page_slider_group":""},"blog_page_settings":{"blog_page_title":"","blog_page_heading":"","blog_page_ic":"","blog_page_it":"","blog_page_ec":"","blog_page_ip":"","archive_loop_style":"","blog_image_ratio":"","blog_show_categories":"","blog_show_excerpt":"","blog_show_author":"","blog_show_date":"","blog_show_comment_count":"","blog_show_view_count":"","blog_show_like_count":"","blog_show_dislike_count":"","blog_items_per_page":"","blog_pag_type":""},"page_options":{"get_page_template":"","color_mode":"","main_layout":"","main_layout_full_with":"","main_logo":"","main_logo_retina":"","main_logo_mobile":"","main_logo_mobile_retina":"","sticky_logo":"","sticky_logo_retina":"","main_nav_layout":"","ajax_search":"","header_background":"","theme_sidebar":"","instagram_feed":"","instagram_feed_position":"","popular_videos":"","popular_videos_title_1":"","popular_videos_title_2":"","popular_videos_ic":"","popular_videos_it":"","theme_background":"","page_custom_css":""},"feature_image_settings":{"feature_image_position":""},"video_player_settings":{"single_video_style":"","video_player_position":"","vm_video_url":"","video_player_library":"","video_streaming":"","vm_media_sources":"","vid_auto_play":"","vm_video_shortcode":"","vid_p_sync_playlist":"","vid_c_sync_channel":"","get_post_format":"","multiple_links_structure":"default","multi_links_title":"","vm_video_multi_links":"","vm_duration":"","vid_social_locker":"off","vid_social_locker_id":"","vid_membership_action":"content-video","vm_video_trailer_url":"","vid_download_type":"free","vid_download_target":"download","vid_woo_product":"","vm_media_download":"","user_rating":"","user_rating_position":"","user_rating_mode":"","user_rating_multi_sets":""},"video_auto_fetch_settings":{"vm_video_fetch":"on"},"video_fake_views_likes":{"vm_fake_views":"","vm_fake_likes":"","vm_fake_dislikes":""},"gallery_settings":{"gallery_position":""},"quote_settings":{"quote_position":""},"post_options":{"main_layout":"","main_logo":"","main_logo_retina":"","main_logo_mobile":"","main_logo_mobile_retina":"","sticky_logo":"","sticky_logo_retina":"","main_nav_layout":"","header_background":"","theme_sidebar":"","single_post_comment_type":"","theme_background":""}},"_links":{"self":[{"href":"https:\/\/canal7slp.tv\/2019\/wp-json\/wp\/v2\/posts\/71210","targetHints":{"allow":["GET"]}}],"collection":[{"href":"https:\/\/canal7slp.tv\/2019\/wp-json\/wp\/v2\/posts"}],"about":[{"href":"https:\/\/canal7slp.tv\/2019\/wp-json\/wp\/v2\/types\/post"}],"author":[{"embeddable":true,"href":"https:\/\/canal7slp.tv\/2019\/wp-json\/wp\/v2\/users\/2"}],"replies":[{"embeddable":true,"href":"https:\/\/canal7slp.tv\/2019\/wp-json\/wp\/v2\/comments?post=71210"}],"version-history":[{"count":0,"href":"https:\/\/canal7slp.tv\/2019\/wp-json\/wp\/v2\/posts\/71210\/revisions"}],"wp:featuredmedia":[{"embeddable":true,"href":"https:\/\/canal7slp.tv\/2019\/wp-json\/wp\/v2\/media\/71211"}],"wp:attachment":[{"href":"https:\/\/canal7slp.tv\/2019\/wp-json\/wp\/v2\/media?parent=71210"}],"wp:term":[{"taxonomy":"category","embeddable":true,"href":"https:\/\/canal7slp.tv\/2019\/wp-json\/wp\/v2\/categories?post=71210"},{"taxonomy":"post_tag","embeddable":true,"href":"https:\/\/canal7slp.tv\/2019\/wp-json\/wp\/v2\/tags?post=71210"}],"curies":[{"name":"wp","href":"https:\/\/api.w.org\/{rel}","templated":true}]}}