{"id":71040,"date":"2019-09-26T18:30:54","date_gmt":"2019-09-26T23:30:54","guid":{"rendered":"https:\/\/canal7slp.tv\/2019\/?p=71040"},"modified":"2019-09-26T19:16:17","modified_gmt":"2019-09-27T00:16:17","slug":"el-ayuntamiento-capitalino-niega-paralisis-en-desarrollo-inmobiliario-en-san-luis","status":"publish","type":"post","link":"https:\/\/canal7slp.tv\/2019\/el-ayuntamiento-capitalino-niega-paralisis-en-desarrollo-inmobiliario-en-san-luis\/","title":{"rendered":"El Ayuntamiento Capitalino niega par\u00e1lisis en desarrollo inmobiliario en San Luis."},"content":{"rendered":"<p style=\"text-align: justify\">SLP.- De miles de tr\u00e1mites que la Directora de Catastro y Desarrollo Urbano del Ayuntamiento Capitalino, Patricia Rodr\u00edguez \u00c1lvarez presume que se han desahogado, no se encuentra una sola autorizaci\u00f3n a fraccionamientos.<\/p>\n<p style=\"text-align: justify\">La falta de un programa de desarrollo urbano y el freno de innumerables proyectos de significativa inversi\u00f3n, orill\u00f3 al empresariado a solicitar al gobernador, Juan Manuel Carreras L\u00f3pez intervenir para apurar a la administraci\u00f3n municipal.<\/p>\n<p style=\"text-align: justify\">El d\u00eda previo, el presidente de la Asociaci\u00f3n Mexicana de Profesionales Inmobiliarios (AMPI) Heriberto Gonz\u00e1lez P\u00e9rez habl\u00f3 al respecto en rueda de prensa.<\/p>\n<p style=\"text-align: justify\">Sin embargo, la funcionaria dijo ignorar el tema \u2013o pretendi\u00f3 hacerlo-.<\/p>\n<p style=\"text-align: justify\">Tras darle toda la explicaci\u00f3n de la inquietud que la iniciativa privada tiene respecto un asunto que directamente liga al \u00e1rea que encabeza, mantuvo su postura de no tenerlo claro.<\/p>\n<p style=\"text-align: justify\">Al reiterarle el caso en el que se supondr\u00eda, deber\u00eda sentirse interesada por la tarea para la que se le paga como funcionaria, asegur\u00f3 que el empresariado se ech\u00f3 para atr\u00e1s.<\/p>\n<p style=\"text-align: justify\">Es lo que Rodr\u00edguez \u00c1lvarez sostuvo y aqu\u00ed va un poco m\u00e1s de lo que el sector inmobiliario pronunci\u00f3 abiertamente.<\/p>\n<p style=\"text-align: justify\">Al recordarle, retom\u00f3 la postura de la ignorancia.<\/p>\n<p style=\"text-align: justify\">Seg\u00fan su versi\u00f3n, el Jefe del Ejecutivo todav\u00eda no interviene y aunque diversas ocasiones insisti\u00f3 que desconoc\u00eda el asunto expuesto, Patricia Rodr\u00edguez asegur\u00f3 que tiene el v\u00ednculo con los organismos empresariales.<\/p>\n<p style=\"text-align: justify\">Luego quiso corregir el pronunciamiento de la iniciativa privada, como si en realidad se hubiese insinuado \u00fanicamente que el Ejecutivo Local deb\u00eda hacer lo propio, en cuanto al dictamen de congruencia del programa de planeaci\u00f3n urbana.<\/p>\n<p style=\"text-align: justify\">La titular de Catastro y Desarrollo Urbano descart\u00f3 el freno de proyectos que representan una millonaria inversi\u00f3n.<\/p>\n<p style=\"text-align: justify\">Reconoci\u00f3 que el avance no se da porque hay planes que no encajan con la normativa \u2013aunque precisamente recae en la autoridad la responsabilidad de actualizarla y a pr\u00e1cticamente un a\u00f1o de administraci\u00f3n, no ha ocurrido-.<\/p>\n<p>Por: Paulina Rodr\u00edguez<\/p>\n","protected":false},"excerpt":{"rendered":"<p>SLP.- De miles de tr\u00e1mites que la Directora de Catastro y Desarrollo Urbano del Ayuntamiento Capitalino, Patricia Rodr\u00edguez \u00c1lvarez presume que se han desahogado, no se encuentra una sola autorizaci\u00f3n a fraccionamientos. La falta de un programa de desarrollo urbano y el freno de innumerables proyectos de significativa inversi\u00f3n, orill\u00f3 al empresariado a solicitar al [&hellip;]<\/p>\n","protected":false},"author":2,"featured_media":71071,"comment_status":"open","ping_status":"open","sticky":false,"template":"","format":"video","meta":{"footnotes":""},"categories":[108,17],"tags":[],"class_list":["post-71040","post","type-post","status-publish","format-video","has-post-thumbnail","hentry","category-destacadas","category-localesyregionales","post_format-post-format-video"],"yoast_head":"<!-- This site is optimized with the Yoast SEO plugin v27.5 - https:\/\/yoast.com\/product\/yoast-seo-wordpress\/ -->\n<title>El Ayuntamiento Capitalino niega par\u00e1lisis en desarrollo inmobiliario en San Luis. - Canal 7 SLP - 2019<\/title>\n<meta name=\"robots\" content=\"index, follow, max-snippet:-1, max-image-preview:large, max-video-preview:-1\" \/>\n<link rel=\"canonical\" href=\"https:\/\/canal7slp.tv\/2019\/el-ayuntamiento-capitalino-niega-paralisis-en-desarrollo-inmobiliario-en-san-luis\/\" \/>\n<meta property=\"og:locale\" content=\"es_ES\" \/>\n<meta property=\"og:type\" content=\"article\" \/>\n<meta property=\"og:title\" content=\"El Ayuntamiento Capitalino niega par\u00e1lisis en desarrollo inmobiliario en San Luis. - Canal 7 SLP - 2019\" \/>\n<meta property=\"og:description\" content=\"SLP.- De miles de tr\u00e1mites que la Directora de Catastro y Desarrollo Urbano del Ayuntamiento Capitalino, Patricia Rodr\u00edguez \u00c1lvarez presume que se han desahogado, no se encuentra una sola autorizaci\u00f3n a fraccionamientos. La falta de un programa de desarrollo urbano y el freno de innumerables proyectos de significativa inversi\u00f3n, orill\u00f3 al empresariado a solicitar al [&hellip;]\" \/>\n<meta property=\"og:url\" content=\"https:\/\/canal7slp.tv\/2019\/el-ayuntamiento-capitalino-niega-paralisis-en-desarrollo-inmobiliario-en-san-luis\/\" \/>\n<meta property=\"og:site_name\" content=\"Canal 7 SLP - 2019\" \/>\n<meta property=\"article:publisher\" content=\"https:\/\/www.facebook.com\/CANAL7SLP\/\" \/>\n<meta property=\"article:published_time\" content=\"2019-09-26T23:30:54+00:00\" \/>\n<meta property=\"article:modified_time\" content=\"2019-09-27T00:16:17+00:00\" \/>\n<meta property=\"og:image\" content=\"https:\/\/canal7slp.tv\/2019\/wp-content\/uploads\/2019\/09\/patricia.png\" \/>\n\t<meta property=\"og:image:width\" content=\"750\" \/>\n\t<meta property=\"og:image:height\" content=\"421\" \/>\n\t<meta property=\"og:image:type\" content=\"image\/png\" \/>\n<meta name=\"author\" content=\"edicionweb\" \/>\n<meta name=\"twitter:card\" content=\"summary_large_image\" \/>\n<meta name=\"twitter:creator\" content=\"@canal7_slp\" \/>\n<meta name=\"twitter:site\" content=\"@canal7_slp\" \/>\n<meta name=\"twitter:label1\" content=\"Escrito por\" \/>\n\t<meta name=\"twitter:data1\" content=\"edicionweb\" \/>\n\t<meta name=\"twitter:label2\" content=\"Tiempo de lectura\" \/>\n\t<meta name=\"twitter:data2\" content=\"2 minutos\" \/>\n<script type=\"application\/ld+json\" class=\"yoast-schema-graph\">{\"@context\":\"https:\\\/\\\/schema.org\",\"@graph\":[{\"@type\":\"Article\",\"@id\":\"https:\\\/\\\/canal7slp.tv\\\/2019\\\/el-ayuntamiento-capitalino-niega-paralisis-en-desarrollo-inmobiliario-en-san-luis\\\/#article\",\"isPartOf\":{\"@id\":\"https:\\\/\\\/canal7slp.tv\\\/2019\\\/el-ayuntamiento-capitalino-niega-paralisis-en-desarrollo-inmobiliario-en-san-luis\\\/\"},\"author\":{\"name\":\"edicionweb\",\"@id\":\"https:\\\/\\\/canal7slp.tv\\\/2019\\\/#\\\/schema\\\/person\\\/11d941c1c6ca30ac0a46b95fa37aa2e3\"},\"headline\":\"El Ayuntamiento Capitalino niega par\u00e1lisis en desarrollo inmobiliario en San Luis.\",\"datePublished\":\"2019-09-26T23:30:54+00:00\",\"dateModified\":\"2019-09-27T00:16:17+00:00\",\"mainEntityOfPage\":{\"@id\":\"https:\\\/\\\/canal7slp.tv\\\/2019\\\/el-ayuntamiento-capitalino-niega-paralisis-en-desarrollo-inmobiliario-en-san-luis\\\/\"},\"wordCount\":355,\"commentCount\":0,\"publisher\":{\"@id\":\"https:\\\/\\\/canal7slp.tv\\\/2019\\\/#organization\"},\"image\":{\"@id\":\"https:\\\/\\\/canal7slp.tv\\\/2019\\\/el-ayuntamiento-capitalino-niega-paralisis-en-desarrollo-inmobiliario-en-san-luis\\\/#primaryimage\"},\"thumbnailUrl\":\"https:\\\/\\\/canal7slp.tv\\\/2019\\\/wp-content\\\/uploads\\\/2019\\\/09\\\/patricia.png\",\"articleSection\":[\"DESTACADAS\",\"LOCALES Y REGIONALES\"],\"inLanguage\":\"es\",\"potentialAction\":[{\"@type\":\"CommentAction\",\"name\":\"Comment\",\"target\":[\"https:\\\/\\\/canal7slp.tv\\\/2019\\\/el-ayuntamiento-capitalino-niega-paralisis-en-desarrollo-inmobiliario-en-san-luis\\\/#respond\"]}]},{\"@type\":\"WebPage\",\"@id\":\"https:\\\/\\\/canal7slp.tv\\\/2019\\\/el-ayuntamiento-capitalino-niega-paralisis-en-desarrollo-inmobiliario-en-san-luis\\\/\",\"url\":\"https:\\\/\\\/canal7slp.tv\\\/2019\\\/el-ayuntamiento-capitalino-niega-paralisis-en-desarrollo-inmobiliario-en-san-luis\\\/\",\"name\":\"El Ayuntamiento Capitalino niega par\u00e1lisis en desarrollo inmobiliario en San Luis. - Canal 7 SLP - 2019\",\"isPartOf\":{\"@id\":\"https:\\\/\\\/canal7slp.tv\\\/2019\\\/#website\"},\"primaryImageOfPage\":{\"@id\":\"https:\\\/\\\/canal7slp.tv\\\/2019\\\/el-ayuntamiento-capitalino-niega-paralisis-en-desarrollo-inmobiliario-en-san-luis\\\/#primaryimage\"},\"image\":{\"@id\":\"https:\\\/\\\/canal7slp.tv\\\/2019\\\/el-ayuntamiento-capitalino-niega-paralisis-en-desarrollo-inmobiliario-en-san-luis\\\/#primaryimage\"},\"thumbnailUrl\":\"https:\\\/\\\/canal7slp.tv\\\/2019\\\/wp-content\\\/uploads\\\/2019\\\/09\\\/patricia.png\",\"datePublished\":\"2019-09-26T23:30:54+00:00\",\"dateModified\":\"2019-09-27T00:16:17+00:00\",\"breadcrumb\":{\"@id\":\"https:\\\/\\\/canal7slp.tv\\\/2019\\\/el-ayuntamiento-capitalino-niega-paralisis-en-desarrollo-inmobiliario-en-san-luis\\\/#breadcrumb\"},\"inLanguage\":\"es\",\"potentialAction\":[{\"@type\":\"ReadAction\",\"target\":[\"https:\\\/\\\/canal7slp.tv\\\/2019\\\/el-ayuntamiento-capitalino-niega-paralisis-en-desarrollo-inmobiliario-en-san-luis\\\/\"]}]},{\"@type\":\"ImageObject\",\"inLanguage\":\"es\",\"@id\":\"https:\\\/\\\/canal7slp.tv\\\/2019\\\/el-ayuntamiento-capitalino-niega-paralisis-en-desarrollo-inmobiliario-en-san-luis\\\/#primaryimage\",\"url\":\"https:\\\/\\\/canal7slp.tv\\\/2019\\\/wp-content\\\/uploads\\\/2019\\\/09\\\/patricia.png\",\"contentUrl\":\"https:\\\/\\\/canal7slp.tv\\\/2019\\\/wp-content\\\/uploads\\\/2019\\\/09\\\/patricia.png\",\"width\":750,\"height\":421},{\"@type\":\"BreadcrumbList\",\"@id\":\"https:\\\/\\\/canal7slp.tv\\\/2019\\\/el-ayuntamiento-capitalino-niega-paralisis-en-desarrollo-inmobiliario-en-san-luis\\\/#breadcrumb\",\"itemListElement\":[{\"@type\":\"ListItem\",\"position\":1,\"name\":\"Home\",\"item\":\"https:\\\/\\\/canal7slp.tv\\\/2019\\\/\"},{\"@type\":\"ListItem\",\"position\":2,\"name\":\"El Ayuntamiento Capitalino niega par\u00e1lisis en desarrollo inmobiliario en San Luis.\"}]},{\"@type\":\"WebSite\",\"@id\":\"https:\\\/\\\/canal7slp.tv\\\/2019\\\/#website\",\"url\":\"https:\\\/\\\/canal7slp.tv\\\/2019\\\/\",\"name\":\"Canal 7 SLP - Somos TV\",\"description\":\"Somos un Canal de 10\",\"publisher\":{\"@id\":\"https:\\\/\\\/canal7slp.tv\\\/2019\\\/#organization\"},\"potentialAction\":[{\"@type\":\"SearchAction\",\"target\":{\"@type\":\"EntryPoint\",\"urlTemplate\":\"https:\\\/\\\/canal7slp.tv\\\/2019\\\/?s={search_term_string}\"},\"query-input\":{\"@type\":\"PropertyValueSpecification\",\"valueRequired\":true,\"valueName\":\"search_term_string\"}}],\"inLanguage\":\"es\"},{\"@type\":\"Organization\",\"@id\":\"https:\\\/\\\/canal7slp.tv\\\/2019\\\/#organization\",\"name\":\"Comunicaci\u00f3n 2000 S.A. de C.V.\",\"url\":\"https:\\\/\\\/canal7slp.tv\\\/2019\\\/\",\"logo\":{\"@type\":\"ImageObject\",\"inLanguage\":\"es\",\"@id\":\"https:\\\/\\\/canal7slp.tv\\\/2019\\\/#\\\/schema\\\/logo\\\/image\\\/\",\"url\":\"https:\\\/\\\/canal7slp.tv\\\/2019\\\/wp-content\\\/uploads\\\/2019\\\/07\\\/logo-c7.png\",\"contentUrl\":\"https:\\\/\\\/canal7slp.tv\\\/2019\\\/wp-content\\\/uploads\\\/2019\\\/07\\\/logo-c7.png\",\"width\":220,\"height\":60,\"caption\":\"Comunicaci\u00f3n 2000 S.A. de C.V.\"},\"image\":{\"@id\":\"https:\\\/\\\/canal7slp.tv\\\/2019\\\/#\\\/schema\\\/logo\\\/image\\\/\"},\"sameAs\":[\"https:\\\/\\\/www.facebook.com\\\/CANAL7SLP\\\/\",\"https:\\\/\\\/x.com\\\/canal7_slp\",\"https:\\\/\\\/www.instagram.com\\\/canal7_slp\",\"https:\\\/\\\/www.youtube.com\\\/user\\\/NOTICIEROSCANAL7SLP\\\/\"]},{\"@type\":\"Person\",\"@id\":\"https:\\\/\\\/canal7slp.tv\\\/2019\\\/#\\\/schema\\\/person\\\/11d941c1c6ca30ac0a46b95fa37aa2e3\",\"name\":\"edicionweb\",\"image\":{\"@type\":\"ImageObject\",\"inLanguage\":\"es\",\"@id\":\"https:\\\/\\\/secure.gravatar.com\\\/avatar\\\/eee448fc3f7164808013b816ba91ac7e43bbe82a70bebac296f8bc6f0addaa1a?s=96&d=mm&r=g\",\"url\":\"https:\\\/\\\/secure.gravatar.com\\\/avatar\\\/eee448fc3f7164808013b816ba91ac7e43bbe82a70bebac296f8bc6f0addaa1a?s=96&d=mm&r=g\",\"contentUrl\":\"https:\\\/\\\/secure.gravatar.com\\\/avatar\\\/eee448fc3f7164808013b816ba91ac7e43bbe82a70bebac296f8bc6f0addaa1a?s=96&d=mm&r=g\",\"caption\":\"edicionweb\"}}]}<\/script>\n<!-- \/ Yoast SEO plugin. -->","yoast_head_json":{"title":"El Ayuntamiento Capitalino niega par\u00e1lisis en desarrollo inmobiliario en San Luis. - Canal 7 SLP - 2019","robots":{"index":"index","follow":"follow","max-snippet":"max-snippet:-1","max-image-preview":"max-image-preview:large","max-video-preview":"max-video-preview:-1"},"canonical":"https:\/\/canal7slp.tv\/2019\/el-ayuntamiento-capitalino-niega-paralisis-en-desarrollo-inmobiliario-en-san-luis\/","og_locale":"es_ES","og_type":"article","og_title":"El Ayuntamiento Capitalino niega par\u00e1lisis en desarrollo inmobiliario en San Luis. - Canal 7 SLP - 2019","og_description":"SLP.- De miles de tr\u00e1mites que la Directora de Catastro y Desarrollo Urbano del Ayuntamiento Capitalino, Patricia Rodr\u00edguez \u00c1lvarez presume que se han desahogado, no se encuentra una sola autorizaci\u00f3n a fraccionamientos. La falta de un programa de desarrollo urbano y el freno de innumerables proyectos de significativa inversi\u00f3n, orill\u00f3 al empresariado a solicitar al [&hellip;]","og_url":"https:\/\/canal7slp.tv\/2019\/el-ayuntamiento-capitalino-niega-paralisis-en-desarrollo-inmobiliario-en-san-luis\/","og_site_name":"Canal 7 SLP - 2019","article_publisher":"https:\/\/www.facebook.com\/CANAL7SLP\/","article_published_time":"2019-09-26T23:30:54+00:00","article_modified_time":"2019-09-27T00:16:17+00:00","og_image":[{"width":750,"height":421,"url":"https:\/\/canal7slp.tv\/2019\/wp-content\/uploads\/2019\/09\/patricia.png","type":"image\/png"}],"author":"edicionweb","twitter_card":"summary_large_image","twitter_creator":"@canal7_slp","twitter_site":"@canal7_slp","twitter_misc":{"Escrito por":"edicionweb","Tiempo de lectura":"2 minutos"},"schema":{"@context":"https:\/\/schema.org","@graph":[{"@type":"Article","@id":"https:\/\/canal7slp.tv\/2019\/el-ayuntamiento-capitalino-niega-paralisis-en-desarrollo-inmobiliario-en-san-luis\/#article","isPartOf":{"@id":"https:\/\/canal7slp.tv\/2019\/el-ayuntamiento-capitalino-niega-paralisis-en-desarrollo-inmobiliario-en-san-luis\/"},"author":{"name":"edicionweb","@id":"https:\/\/canal7slp.tv\/2019\/#\/schema\/person\/11d941c1c6ca30ac0a46b95fa37aa2e3"},"headline":"El Ayuntamiento Capitalino niega par\u00e1lisis en desarrollo inmobiliario en San Luis.","datePublished":"2019-09-26T23:30:54+00:00","dateModified":"2019-09-27T00:16:17+00:00","mainEntityOfPage":{"@id":"https:\/\/canal7slp.tv\/2019\/el-ayuntamiento-capitalino-niega-paralisis-en-desarrollo-inmobiliario-en-san-luis\/"},"wordCount":355,"commentCount":0,"publisher":{"@id":"https:\/\/canal7slp.tv\/2019\/#organization"},"image":{"@id":"https:\/\/canal7slp.tv\/2019\/el-ayuntamiento-capitalino-niega-paralisis-en-desarrollo-inmobiliario-en-san-luis\/#primaryimage"},"thumbnailUrl":"https:\/\/canal7slp.tv\/2019\/wp-content\/uploads\/2019\/09\/patricia.png","articleSection":["DESTACADAS","LOCALES Y REGIONALES"],"inLanguage":"es","potentialAction":[{"@type":"CommentAction","name":"Comment","target":["https:\/\/canal7slp.tv\/2019\/el-ayuntamiento-capitalino-niega-paralisis-en-desarrollo-inmobiliario-en-san-luis\/#respond"]}]},{"@type":"WebPage","@id":"https:\/\/canal7slp.tv\/2019\/el-ayuntamiento-capitalino-niega-paralisis-en-desarrollo-inmobiliario-en-san-luis\/","url":"https:\/\/canal7slp.tv\/2019\/el-ayuntamiento-capitalino-niega-paralisis-en-desarrollo-inmobiliario-en-san-luis\/","name":"El Ayuntamiento Capitalino niega par\u00e1lisis en desarrollo inmobiliario en San Luis. - Canal 7 SLP - 2019","isPartOf":{"@id":"https:\/\/canal7slp.tv\/2019\/#website"},"primaryImageOfPage":{"@id":"https:\/\/canal7slp.tv\/2019\/el-ayuntamiento-capitalino-niega-paralisis-en-desarrollo-inmobiliario-en-san-luis\/#primaryimage"},"image":{"@id":"https:\/\/canal7slp.tv\/2019\/el-ayuntamiento-capitalino-niega-paralisis-en-desarrollo-inmobiliario-en-san-luis\/#primaryimage"},"thumbnailUrl":"https:\/\/canal7slp.tv\/2019\/wp-content\/uploads\/2019\/09\/patricia.png","datePublished":"2019-09-26T23:30:54+00:00","dateModified":"2019-09-27T00:16:17+00:00","breadcrumb":{"@id":"https:\/\/canal7slp.tv\/2019\/el-ayuntamiento-capitalino-niega-paralisis-en-desarrollo-inmobiliario-en-san-luis\/#breadcrumb"},"inLanguage":"es","potentialAction":[{"@type":"ReadAction","target":["https:\/\/canal7slp.tv\/2019\/el-ayuntamiento-capitalino-niega-paralisis-en-desarrollo-inmobiliario-en-san-luis\/"]}]},{"@type":"ImageObject","inLanguage":"es","@id":"https:\/\/canal7slp.tv\/2019\/el-ayuntamiento-capitalino-niega-paralisis-en-desarrollo-inmobiliario-en-san-luis\/#primaryimage","url":"https:\/\/canal7slp.tv\/2019\/wp-content\/uploads\/2019\/09\/patricia.png","contentUrl":"https:\/\/canal7slp.tv\/2019\/wp-content\/uploads\/2019\/09\/patricia.png","width":750,"height":421},{"@type":"BreadcrumbList","@id":"https:\/\/canal7slp.tv\/2019\/el-ayuntamiento-capitalino-niega-paralisis-en-desarrollo-inmobiliario-en-san-luis\/#breadcrumb","itemListElement":[{"@type":"ListItem","position":1,"name":"Home","item":"https:\/\/canal7slp.tv\/2019\/"},{"@type":"ListItem","position":2,"name":"El Ayuntamiento Capitalino niega par\u00e1lisis en desarrollo inmobiliario en San Luis."}]},{"@type":"WebSite","@id":"https:\/\/canal7slp.tv\/2019\/#website","url":"https:\/\/canal7slp.tv\/2019\/","name":"Canal 7 SLP - Somos TV","description":"Somos un Canal de 10","publisher":{"@id":"https:\/\/canal7slp.tv\/2019\/#organization"},"potentialAction":[{"@type":"SearchAction","target":{"@type":"EntryPoint","urlTemplate":"https:\/\/canal7slp.tv\/2019\/?s={search_term_string}"},"query-input":{"@type":"PropertyValueSpecification","valueRequired":true,"valueName":"search_term_string"}}],"inLanguage":"es"},{"@type":"Organization","@id":"https:\/\/canal7slp.tv\/2019\/#organization","name":"Comunicaci\u00f3n 2000 S.A. de C.V.","url":"https:\/\/canal7slp.tv\/2019\/","logo":{"@type":"ImageObject","inLanguage":"es","@id":"https:\/\/canal7slp.tv\/2019\/#\/schema\/logo\/image\/","url":"https:\/\/canal7slp.tv\/2019\/wp-content\/uploads\/2019\/07\/logo-c7.png","contentUrl":"https:\/\/canal7slp.tv\/2019\/wp-content\/uploads\/2019\/07\/logo-c7.png","width":220,"height":60,"caption":"Comunicaci\u00f3n 2000 S.A. de C.V."},"image":{"@id":"https:\/\/canal7slp.tv\/2019\/#\/schema\/logo\/image\/"},"sameAs":["https:\/\/www.facebook.com\/CANAL7SLP\/","https:\/\/x.com\/canal7_slp","https:\/\/www.instagram.com\/canal7_slp","https:\/\/www.youtube.com\/user\/NOTICIEROSCANAL7SLP\/"]},{"@type":"Person","@id":"https:\/\/canal7slp.tv\/2019\/#\/schema\/person\/11d941c1c6ca30ac0a46b95fa37aa2e3","name":"edicionweb","image":{"@type":"ImageObject","inLanguage":"es","@id":"https:\/\/secure.gravatar.com\/avatar\/eee448fc3f7164808013b816ba91ac7e43bbe82a70bebac296f8bc6f0addaa1a?s=96&d=mm&r=g","url":"https:\/\/secure.gravatar.com\/avatar\/eee448fc3f7164808013b816ba91ac7e43bbe82a70bebac296f8bc6f0addaa1a?s=96&d=mm&r=g","contentUrl":"https:\/\/secure.gravatar.com\/avatar\/eee448fc3f7164808013b816ba91ac7e43bbe82a70bebac296f8bc6f0addaa1a?s=96&d=mm&r=g","caption":"edicionweb"}}]}},"amp_enabled":true,"cmb2":{"video_ids_in_playlist":{"vid_p_videos":""},"video_ids_in_channel":{"vid_c_videos":""},"playlist_ids_in_channel":{"vid_c_playlists":""},"series_ids_in_channel":{"vid_c_series":""},"channel_images":{"vid_c_logo":"","vid_c_banner":""},"poster_feature_image":{"vid_m_poster_image":""},"gif_feature_image":{"vid_m_gif_image":""},"video_movie_settings":{"vid_m_director":"","vid_m_actor":"","vid_m_imdb_ratings":"","vid_m_amazon_associates":""},"vid_youtube_broadcasts_settings":{"vid_yb_broadcast_title":"","vid_yb_q":"","vid_yb_channelid":"","vid_yb_videocategoryid":"","vid_yb_maxresults":"","vid_yb_order":"","vid_yb_regioncode":"","vid_yb_videosyndicated":"","vid_yb_style":"","vid_yb_reload_first":""},"video_series_settings":{"vid_m_director":"","vid_m_actor":"","vid_m_imdb_ratings":"","video_series_group":""},"amazon_associates_settings":{"amazon_associates":"","amazon_native_ad":""},"vid_youtube_automatic_settings":{"vid_ya_youtube_source":"","vid_ya_update_every":"","vid_ya_update_unit":"","vid_ya_categories":"","vid_ya_published_after":"","vid_ya_published_before":"","vid_ya_playlists":"","vid_ya_channels":"","vid_ya_director":"","vid_ya_actor":"","vid_ya_author":"","vid_ya_import_post_date":"","vid_ya_status":"","vid_ya_sub_api_key":""},"vid_ads_m_videoads_settings_post":{"vid_ads_m_video_ads":"","vid_ads_m_video_ads_type":"","vid_ads_m_group_google_ima":"","vid_ads_m_group_image":"","vid_ads_m_group_html5_video":"","vid_ads_m_group_html":"","vid_ads_m_vast_preroll":"","vid_ads_m_vast_postroll":"","vid_ads_m_vast_pauseroll":"","vid_ads_m_vast_midroll":[{"vid_ads_m_vast_timer_seconds":"50"}],"vid_ads_m_time_to_show_ads":"","vid_ads_m_time_skip_ads":"","vid_ads_m_time_to_hide_ads":""},"page_slider_settings":{"display_slider_group":"","page_slider_group":""},"blog_page_settings":{"blog_page_title":"","blog_page_heading":"","blog_page_ic":"","blog_page_it":"","blog_page_ec":"","blog_page_ip":"","archive_loop_style":"","blog_image_ratio":"","blog_show_categories":"","blog_show_excerpt":"","blog_show_author":"","blog_show_date":"","blog_show_comment_count":"","blog_show_view_count":"","blog_show_like_count":"","blog_show_dislike_count":"","blog_items_per_page":"","blog_pag_type":""},"page_options":{"get_page_template":"","color_mode":"","main_layout":"","main_layout_full_with":"","main_logo":"","main_logo_retina":"","main_logo_mobile":"","main_logo_mobile_retina":"","sticky_logo":"","sticky_logo_retina":"","main_nav_layout":"","ajax_search":"","header_background":"","theme_sidebar":"","instagram_feed":"","instagram_feed_position":"","popular_videos":"","popular_videos_title_1":"","popular_videos_title_2":"","popular_videos_ic":"","popular_videos_it":"","theme_background":"","page_custom_css":""},"feature_image_settings":{"feature_image_position":""},"video_player_settings":{"single_video_style":"","video_player_position":"","vm_video_url":"https:\/\/youtu.be\/OcBZ1whot9Q","video_player_library":"","video_streaming":"","vm_media_sources":"","vid_auto_play":"","vm_video_shortcode":"","vid_p_sync_playlist":"","vid_c_sync_channel":"","get_post_format":"","multiple_links_structure":"default","multi_links_title":"","vm_video_multi_links":"","vm_duration":"","vid_social_locker":"off","vid_social_locker_id":"","vid_membership_action":"content-video","vm_video_trailer_url":"","vid_download_type":"free","vid_download_target":"download","vid_woo_product":"","vm_media_download":"","user_rating":"","user_rating_position":"","user_rating_mode":"","user_rating_multi_sets":""},"video_auto_fetch_settings":{"vm_video_fetch":"off"},"video_fake_views_likes":{"vm_fake_views":"","vm_fake_likes":"","vm_fake_dislikes":""},"gallery_settings":{"gallery_position":""},"quote_settings":{"quote_position":""},"post_options":{"main_layout":"","main_logo":"","main_logo_retina":"","main_logo_mobile":"","main_logo_mobile_retina":"","sticky_logo":"","sticky_logo_retina":"","main_nav_layout":"","header_background":"","theme_sidebar":"","single_post_comment_type":"","theme_background":""}},"_links":{"self":[{"href":"https:\/\/canal7slp.tv\/2019\/wp-json\/wp\/v2\/posts\/71040","targetHints":{"allow":["GET"]}}],"collection":[{"href":"https:\/\/canal7slp.tv\/2019\/wp-json\/wp\/v2\/posts"}],"about":[{"href":"https:\/\/canal7slp.tv\/2019\/wp-json\/wp\/v2\/types\/post"}],"author":[{"embeddable":true,"href":"https:\/\/canal7slp.tv\/2019\/wp-json\/wp\/v2\/users\/2"}],"replies":[{"embeddable":true,"href":"https:\/\/canal7slp.tv\/2019\/wp-json\/wp\/v2\/comments?post=71040"}],"version-history":[{"count":0,"href":"https:\/\/canal7slp.tv\/2019\/wp-json\/wp\/v2\/posts\/71040\/revisions"}],"wp:featuredmedia":[{"embeddable":true,"href":"https:\/\/canal7slp.tv\/2019\/wp-json\/wp\/v2\/media\/71071"}],"wp:attachment":[{"href":"https:\/\/canal7slp.tv\/2019\/wp-json\/wp\/v2\/media?parent=71040"}],"wp:term":[{"taxonomy":"category","embeddable":true,"href":"https:\/\/canal7slp.tv\/2019\/wp-json\/wp\/v2\/categories?post=71040"},{"taxonomy":"post_tag","embeddable":true,"href":"https:\/\/canal7slp.tv\/2019\/wp-json\/wp\/v2\/tags?post=71040"}],"curies":[{"name":"wp","href":"https:\/\/api.w.org\/{rel}","templated":true}]}}