{"id":7090,"date":"2019-06-04T19:48:32","date_gmt":"2019-06-05T00:48:32","guid":{"rendered":"https:\/\/canal7slp.tv\/2019\/?p=7090"},"modified":"2019-06-04T19:48:32","modified_gmt":"2019-06-05T00:48:32","slug":"pelon-osuna-es-recordado-a-50-anos-de-su-muerte","status":"publish","type":"post","link":"https:\/\/canal7slp.tv\/2019\/pelon-osuna-es-recordado-a-50-anos-de-su-muerte\/","title":{"rendered":"\u201cPel\u00f3n\u201d Osuna es recordado a 50 a\u00f1os de su muerte"},"content":{"rendered":"<p style=\"text-align: justify\">M\u00e9xico.- A 50 a\u00f1os de su muerte, Rafael \u201cPel\u00f3n\u201d Osuna, considerado el mejor tenista en la historia de M\u00e9xico, fue recordado en una emotiva ceremonia realizada junto a su estatua en el Comit\u00e9 Ol\u00edmpico Mexicano de esta ciudad.<\/p>\n<p style=\"text-align: justify\">Fue el 4 de junio de 1969 cuando Osuna, de apenas 30 a\u00f1os, falleci\u00f3 en un accidente a\u00e9reo para que se terminara la brillante carrera de un deportista que hizo historia para el pa\u00eds.<\/p>\n<p style=\"text-align: justify\">\u201cEs un honor evocar su memoria, hace 50 a\u00f1os falleci\u00f3 en un accidente a\u00e9reo que nos priv\u00f3 de tenerlo, ha dejado un vac\u00edo que hasta el momento ha sido imposible de ocupar\u201d, se\u00f1al\u00f3 Carlos Padilla, presidente del COM.<\/p>\n<p style=\"text-align: justify\">Junto al titular del COM estuvieron Elena y Silvia Osuna, hermanas de Rafael, adem\u00e1s del sobrino del recordado \u201cPel\u00f3n\u201d, Rafael Belmar Osuna, y el hijo de \u00e9ste, Rafael Belmar Hern\u00e1ndez, amigos de la familia y directivos deportivos.<\/p>\n<p style=\"text-align: justify\">Tras las palabras del titular del COM se coloc\u00f3 una ofrenda floral frente a la estatua del \u201cPel\u00f3n\u201d Osuna que se encuentra en este sitio desde 1981, adem\u00e1s de realizarse una guardia de honor para recordar al hist\u00f3rico tenista mexicano.<\/p>\n<p style=\"text-align: justify\">Fue en 1963 cuando el \u201cPel\u00f3n\u201d Osuna alcanz\u00f3 su m\u00e1ximo logro en el deporte blanco: la conquista del US Open en la modalidad de singles, torneo que gan\u00f3 un a\u00f1o antes en dobles, para ser el \u00fanico de su pa\u00eds es lograrlo.<\/p>\n<p style=\"text-align: justify\">Tambi\u00e9n se coron\u00f3 dos veces en el dobles de Wimbledon, en 1960 con el estadounidense Dennis Ralston, y tres a\u00f1os despu\u00e9s con Palafox. En 1961 y 1963 fue finalista en Estados Unidos, en ambas ocasiones con Palafox.<\/p>\n<p style=\"text-align: justify\">Por esos logros, adem\u00e1s de ser parte fundamental del equipo mexicano de Copa Davis que disput\u00f3 la final en 1962, fue calificado por Padilla Becerra como \u201cun mexicano de excepci\u00f3n y el mejor tenista que ha dado el pa\u00eds\u201d.<\/p>\n","protected":false},"excerpt":{"rendered":"<p>M\u00e9xico.- A 50 a\u00f1os de su muerte, Rafael \u201cPel\u00f3n\u201d Osuna, considerado el mejor tenista en la historia de M\u00e9xico, fue recordado en una emotiva ceremonia realizada junto a su estatua en el Comit\u00e9 Ol\u00edmpico Mexicano de esta ciudad. Fue el 4 de junio de 1969 cuando Osuna, de apenas 30 a\u00f1os, falleci\u00f3 en un accidente [&hellip;]<\/p>\n","protected":false},"author":2,"featured_media":7091,"comment_status":"open","ping_status":"closed","sticky":false,"template":"","format":"standard","meta":{"footnotes":""},"categories":[96],"tags":[],"class_list":["post-7090","post","type-post","status-publish","format-standard","has-post-thumbnail","hentry","category-deportes"],"yoast_head":"<!-- This site is optimized with the Yoast SEO plugin v27.5 - https:\/\/yoast.com\/product\/yoast-seo-wordpress\/ -->\n<title>\u201cPel\u00f3n\u201d Osuna es recordado a 50 a\u00f1os de su muerte - Canal 7 SLP - 2019<\/title>\n<meta name=\"robots\" content=\"index, follow, max-snippet:-1, max-image-preview:large, max-video-preview:-1\" \/>\n<link rel=\"canonical\" href=\"https:\/\/canal7slp.tv\/2019\/pelon-osuna-es-recordado-a-50-anos-de-su-muerte\/\" \/>\n<meta property=\"og:locale\" content=\"es_ES\" \/>\n<meta property=\"og:type\" content=\"article\" \/>\n<meta property=\"og:title\" content=\"\u201cPel\u00f3n\u201d Osuna es recordado a 50 a\u00f1os de su muerte - Canal 7 SLP - 2019\" \/>\n<meta property=\"og:description\" content=\"M\u00e9xico.- A 50 a\u00f1os de su muerte, Rafael \u201cPel\u00f3n\u201d Osuna, considerado el mejor tenista en la historia de M\u00e9xico, fue recordado en una emotiva ceremonia realizada junto a su estatua en el Comit\u00e9 Ol\u00edmpico Mexicano de esta ciudad. Fue el 4 de junio de 1969 cuando Osuna, de apenas 30 a\u00f1os, falleci\u00f3 en un accidente [&hellip;]\" \/>\n<meta property=\"og:url\" content=\"https:\/\/canal7slp.tv\/2019\/pelon-osuna-es-recordado-a-50-anos-de-su-muerte\/\" \/>\n<meta property=\"og:site_name\" content=\"Canal 7 SLP - 2019\" \/>\n<meta property=\"article:publisher\" content=\"https:\/\/www.facebook.com\/CANAL7SLP\/\" \/>\n<meta property=\"article:published_time\" content=\"2019-06-05T00:48:32+00:00\" \/>\n<meta property=\"og:image\" content=\"https:\/\/canal7slp.tv\/2019\/wp-content\/uploads\/2019\/06\/90604077.jpg\" \/>\n\t<meta property=\"og:image:width\" content=\"2048\" \/>\n\t<meta property=\"og:image:height\" content=\"1366\" \/>\n\t<meta property=\"og:image:type\" content=\"image\/jpeg\" \/>\n<meta name=\"author\" content=\"edicionweb\" \/>\n<meta name=\"twitter:card\" content=\"summary_large_image\" \/>\n<meta name=\"twitter:creator\" content=\"@canal7_slp\" \/>\n<meta name=\"twitter:site\" content=\"@canal7_slp\" \/>\n<meta name=\"twitter:label1\" content=\"Escrito por\" \/>\n\t<meta name=\"twitter:data1\" content=\"edicionweb\" \/>\n\t<meta name=\"twitter:label2\" content=\"Tiempo de lectura\" \/>\n\t<meta name=\"twitter:data2\" content=\"2 minutos\" \/>\n<script type=\"application\/ld+json\" class=\"yoast-schema-graph\">{\"@context\":\"https:\\\/\\\/schema.org\",\"@graph\":[{\"@type\":\"Article\",\"@id\":\"https:\\\/\\\/canal7slp.tv\\\/2019\\\/pelon-osuna-es-recordado-a-50-anos-de-su-muerte\\\/#article\",\"isPartOf\":{\"@id\":\"https:\\\/\\\/canal7slp.tv\\\/2019\\\/pelon-osuna-es-recordado-a-50-anos-de-su-muerte\\\/\"},\"author\":{\"name\":\"edicionweb\",\"@id\":\"https:\\\/\\\/canal7slp.tv\\\/2019\\\/#\\\/schema\\\/person\\\/11d941c1c6ca30ac0a46b95fa37aa2e3\"},\"headline\":\"\u201cPel\u00f3n\u201d Osuna es recordado a 50 a\u00f1os de su muerte\",\"datePublished\":\"2019-06-05T00:48:32+00:00\",\"mainEntityOfPage\":{\"@id\":\"https:\\\/\\\/canal7slp.tv\\\/2019\\\/pelon-osuna-es-recordado-a-50-anos-de-su-muerte\\\/\"},\"wordCount\":334,\"commentCount\":0,\"publisher\":{\"@id\":\"https:\\\/\\\/canal7slp.tv\\\/2019\\\/#organization\"},\"image\":{\"@id\":\"https:\\\/\\\/canal7slp.tv\\\/2019\\\/pelon-osuna-es-recordado-a-50-anos-de-su-muerte\\\/#primaryimage\"},\"thumbnailUrl\":\"https:\\\/\\\/canal7slp.tv\\\/2019\\\/wp-content\\\/uploads\\\/2019\\\/06\\\/90604077.jpg\",\"articleSection\":[\"DEPORTES\"],\"inLanguage\":\"es\",\"potentialAction\":[{\"@type\":\"CommentAction\",\"name\":\"Comment\",\"target\":[\"https:\\\/\\\/canal7slp.tv\\\/2019\\\/pelon-osuna-es-recordado-a-50-anos-de-su-muerte\\\/#respond\"]}]},{\"@type\":\"WebPage\",\"@id\":\"https:\\\/\\\/canal7slp.tv\\\/2019\\\/pelon-osuna-es-recordado-a-50-anos-de-su-muerte\\\/\",\"url\":\"https:\\\/\\\/canal7slp.tv\\\/2019\\\/pelon-osuna-es-recordado-a-50-anos-de-su-muerte\\\/\",\"name\":\"\u201cPel\u00f3n\u201d Osuna es recordado a 50 a\u00f1os de su muerte - Canal 7 SLP - 2019\",\"isPartOf\":{\"@id\":\"https:\\\/\\\/canal7slp.tv\\\/2019\\\/#website\"},\"primaryImageOfPage\":{\"@id\":\"https:\\\/\\\/canal7slp.tv\\\/2019\\\/pelon-osuna-es-recordado-a-50-anos-de-su-muerte\\\/#primaryimage\"},\"image\":{\"@id\":\"https:\\\/\\\/canal7slp.tv\\\/2019\\\/pelon-osuna-es-recordado-a-50-anos-de-su-muerte\\\/#primaryimage\"},\"thumbnailUrl\":\"https:\\\/\\\/canal7slp.tv\\\/2019\\\/wp-content\\\/uploads\\\/2019\\\/06\\\/90604077.jpg\",\"datePublished\":\"2019-06-05T00:48:32+00:00\",\"breadcrumb\":{\"@id\":\"https:\\\/\\\/canal7slp.tv\\\/2019\\\/pelon-osuna-es-recordado-a-50-anos-de-su-muerte\\\/#breadcrumb\"},\"inLanguage\":\"es\",\"potentialAction\":[{\"@type\":\"ReadAction\",\"target\":[\"https:\\\/\\\/canal7slp.tv\\\/2019\\\/pelon-osuna-es-recordado-a-50-anos-de-su-muerte\\\/\"]}]},{\"@type\":\"ImageObject\",\"inLanguage\":\"es\",\"@id\":\"https:\\\/\\\/canal7slp.tv\\\/2019\\\/pelon-osuna-es-recordado-a-50-anos-de-su-muerte\\\/#primaryimage\",\"url\":\"https:\\\/\\\/canal7slp.tv\\\/2019\\\/wp-content\\\/uploads\\\/2019\\\/06\\\/90604077.jpg\",\"contentUrl\":\"https:\\\/\\\/canal7slp.tv\\\/2019\\\/wp-content\\\/uploads\\\/2019\\\/06\\\/90604077.jpg\",\"width\":2048,\"height\":1366,\"caption\":\"90604077. M\u00e9xico, 4 Jun 2019 (Notimex-Jessica Espinosa).- Este martes se conmemor\u00f3 el 50 aniversario luctuoso de Rafael \u201cPel\u00f3n\u201d Osuna, qui\u00e9n es considerado uno de los mejores tenistas de M\u00e9xico. NOTIMEX\\\/FOTO\\\/JESSICA ESPINOSA\\\/JES\\\/SPO\\\/\"},{\"@type\":\"BreadcrumbList\",\"@id\":\"https:\\\/\\\/canal7slp.tv\\\/2019\\\/pelon-osuna-es-recordado-a-50-anos-de-su-muerte\\\/#breadcrumb\",\"itemListElement\":[{\"@type\":\"ListItem\",\"position\":1,\"name\":\"Home\",\"item\":\"https:\\\/\\\/canal7slp.tv\\\/2019\\\/\"},{\"@type\":\"ListItem\",\"position\":2,\"name\":\"\u201cPel\u00f3n\u201d Osuna es recordado a 50 a\u00f1os de su muerte\"}]},{\"@type\":\"WebSite\",\"@id\":\"https:\\\/\\\/canal7slp.tv\\\/2019\\\/#website\",\"url\":\"https:\\\/\\\/canal7slp.tv\\\/2019\\\/\",\"name\":\"Canal 7 SLP - Somos TV\",\"description\":\"Somos un Canal de 10\",\"publisher\":{\"@id\":\"https:\\\/\\\/canal7slp.tv\\\/2019\\\/#organization\"},\"potentialAction\":[{\"@type\":\"SearchAction\",\"target\":{\"@type\":\"EntryPoint\",\"urlTemplate\":\"https:\\\/\\\/canal7slp.tv\\\/2019\\\/?s={search_term_string}\"},\"query-input\":{\"@type\":\"PropertyValueSpecification\",\"valueRequired\":true,\"valueName\":\"search_term_string\"}}],\"inLanguage\":\"es\"},{\"@type\":\"Organization\",\"@id\":\"https:\\\/\\\/canal7slp.tv\\\/2019\\\/#organization\",\"name\":\"Comunicaci\u00f3n 2000 S.A. de C.V.\",\"url\":\"https:\\\/\\\/canal7slp.tv\\\/2019\\\/\",\"logo\":{\"@type\":\"ImageObject\",\"inLanguage\":\"es\",\"@id\":\"https:\\\/\\\/canal7slp.tv\\\/2019\\\/#\\\/schema\\\/logo\\\/image\\\/\",\"url\":\"https:\\\/\\\/canal7slp.tv\\\/2019\\\/wp-content\\\/uploads\\\/2019\\\/07\\\/logo-c7.png\",\"contentUrl\":\"https:\\\/\\\/canal7slp.tv\\\/2019\\\/wp-content\\\/uploads\\\/2019\\\/07\\\/logo-c7.png\",\"width\":220,\"height\":60,\"caption\":\"Comunicaci\u00f3n 2000 S.A. de C.V.\"},\"image\":{\"@id\":\"https:\\\/\\\/canal7slp.tv\\\/2019\\\/#\\\/schema\\\/logo\\\/image\\\/\"},\"sameAs\":[\"https:\\\/\\\/www.facebook.com\\\/CANAL7SLP\\\/\",\"https:\\\/\\\/x.com\\\/canal7_slp\",\"https:\\\/\\\/www.instagram.com\\\/canal7_slp\",\"https:\\\/\\\/www.youtube.com\\\/user\\\/NOTICIEROSCANAL7SLP\\\/\"]},{\"@type\":\"Person\",\"@id\":\"https:\\\/\\\/canal7slp.tv\\\/2019\\\/#\\\/schema\\\/person\\\/11d941c1c6ca30ac0a46b95fa37aa2e3\",\"name\":\"edicionweb\",\"image\":{\"@type\":\"ImageObject\",\"inLanguage\":\"es\",\"@id\":\"https:\\\/\\\/secure.gravatar.com\\\/avatar\\\/eee448fc3f7164808013b816ba91ac7e43bbe82a70bebac296f8bc6f0addaa1a?s=96&d=mm&r=g\",\"url\":\"https:\\\/\\\/secure.gravatar.com\\\/avatar\\\/eee448fc3f7164808013b816ba91ac7e43bbe82a70bebac296f8bc6f0addaa1a?s=96&d=mm&r=g\",\"contentUrl\":\"https:\\\/\\\/secure.gravatar.com\\\/avatar\\\/eee448fc3f7164808013b816ba91ac7e43bbe82a70bebac296f8bc6f0addaa1a?s=96&d=mm&r=g\",\"caption\":\"edicionweb\"}}]}<\/script>\n<!-- \/ Yoast SEO plugin. -->","yoast_head_json":{"title":"\u201cPel\u00f3n\u201d Osuna es recordado a 50 a\u00f1os de su muerte - Canal 7 SLP - 2019","robots":{"index":"index","follow":"follow","max-snippet":"max-snippet:-1","max-image-preview":"max-image-preview:large","max-video-preview":"max-video-preview:-1"},"canonical":"https:\/\/canal7slp.tv\/2019\/pelon-osuna-es-recordado-a-50-anos-de-su-muerte\/","og_locale":"es_ES","og_type":"article","og_title":"\u201cPel\u00f3n\u201d Osuna es recordado a 50 a\u00f1os de su muerte - Canal 7 SLP - 2019","og_description":"M\u00e9xico.- A 50 a\u00f1os de su muerte, Rafael \u201cPel\u00f3n\u201d Osuna, considerado el mejor tenista en la historia de M\u00e9xico, fue recordado en una emotiva ceremonia realizada junto a su estatua en el Comit\u00e9 Ol\u00edmpico Mexicano de esta ciudad. Fue el 4 de junio de 1969 cuando Osuna, de apenas 30 a\u00f1os, falleci\u00f3 en un accidente [&hellip;]","og_url":"https:\/\/canal7slp.tv\/2019\/pelon-osuna-es-recordado-a-50-anos-de-su-muerte\/","og_site_name":"Canal 7 SLP - 2019","article_publisher":"https:\/\/www.facebook.com\/CANAL7SLP\/","article_published_time":"2019-06-05T00:48:32+00:00","og_image":[{"width":2048,"height":1366,"url":"https:\/\/canal7slp.tv\/2019\/wp-content\/uploads\/2019\/06\/90604077.jpg","type":"image\/jpeg"}],"author":"edicionweb","twitter_card":"summary_large_image","twitter_creator":"@canal7_slp","twitter_site":"@canal7_slp","twitter_misc":{"Escrito por":"edicionweb","Tiempo de lectura":"2 minutos"},"schema":{"@context":"https:\/\/schema.org","@graph":[{"@type":"Article","@id":"https:\/\/canal7slp.tv\/2019\/pelon-osuna-es-recordado-a-50-anos-de-su-muerte\/#article","isPartOf":{"@id":"https:\/\/canal7slp.tv\/2019\/pelon-osuna-es-recordado-a-50-anos-de-su-muerte\/"},"author":{"name":"edicionweb","@id":"https:\/\/canal7slp.tv\/2019\/#\/schema\/person\/11d941c1c6ca30ac0a46b95fa37aa2e3"},"headline":"\u201cPel\u00f3n\u201d Osuna es recordado a 50 a\u00f1os de su muerte","datePublished":"2019-06-05T00:48:32+00:00","mainEntityOfPage":{"@id":"https:\/\/canal7slp.tv\/2019\/pelon-osuna-es-recordado-a-50-anos-de-su-muerte\/"},"wordCount":334,"commentCount":0,"publisher":{"@id":"https:\/\/canal7slp.tv\/2019\/#organization"},"image":{"@id":"https:\/\/canal7slp.tv\/2019\/pelon-osuna-es-recordado-a-50-anos-de-su-muerte\/#primaryimage"},"thumbnailUrl":"https:\/\/canal7slp.tv\/2019\/wp-content\/uploads\/2019\/06\/90604077.jpg","articleSection":["DEPORTES"],"inLanguage":"es","potentialAction":[{"@type":"CommentAction","name":"Comment","target":["https:\/\/canal7slp.tv\/2019\/pelon-osuna-es-recordado-a-50-anos-de-su-muerte\/#respond"]}]},{"@type":"WebPage","@id":"https:\/\/canal7slp.tv\/2019\/pelon-osuna-es-recordado-a-50-anos-de-su-muerte\/","url":"https:\/\/canal7slp.tv\/2019\/pelon-osuna-es-recordado-a-50-anos-de-su-muerte\/","name":"\u201cPel\u00f3n\u201d Osuna es recordado a 50 a\u00f1os de su muerte - Canal 7 SLP - 2019","isPartOf":{"@id":"https:\/\/canal7slp.tv\/2019\/#website"},"primaryImageOfPage":{"@id":"https:\/\/canal7slp.tv\/2019\/pelon-osuna-es-recordado-a-50-anos-de-su-muerte\/#primaryimage"},"image":{"@id":"https:\/\/canal7slp.tv\/2019\/pelon-osuna-es-recordado-a-50-anos-de-su-muerte\/#primaryimage"},"thumbnailUrl":"https:\/\/canal7slp.tv\/2019\/wp-content\/uploads\/2019\/06\/90604077.jpg","datePublished":"2019-06-05T00:48:32+00:00","breadcrumb":{"@id":"https:\/\/canal7slp.tv\/2019\/pelon-osuna-es-recordado-a-50-anos-de-su-muerte\/#breadcrumb"},"inLanguage":"es","potentialAction":[{"@type":"ReadAction","target":["https:\/\/canal7slp.tv\/2019\/pelon-osuna-es-recordado-a-50-anos-de-su-muerte\/"]}]},{"@type":"ImageObject","inLanguage":"es","@id":"https:\/\/canal7slp.tv\/2019\/pelon-osuna-es-recordado-a-50-anos-de-su-muerte\/#primaryimage","url":"https:\/\/canal7slp.tv\/2019\/wp-content\/uploads\/2019\/06\/90604077.jpg","contentUrl":"https:\/\/canal7slp.tv\/2019\/wp-content\/uploads\/2019\/06\/90604077.jpg","width":2048,"height":1366,"caption":"90604077. M\u00e9xico, 4 Jun 2019 (Notimex-Jessica Espinosa).- Este martes se conmemor\u00f3 el 50 aniversario luctuoso de Rafael \u201cPel\u00f3n\u201d Osuna, qui\u00e9n es considerado uno de los mejores tenistas de M\u00e9xico. NOTIMEX\/FOTO\/JESSICA ESPINOSA\/JES\/SPO\/"},{"@type":"BreadcrumbList","@id":"https:\/\/canal7slp.tv\/2019\/pelon-osuna-es-recordado-a-50-anos-de-su-muerte\/#breadcrumb","itemListElement":[{"@type":"ListItem","position":1,"name":"Home","item":"https:\/\/canal7slp.tv\/2019\/"},{"@type":"ListItem","position":2,"name":"\u201cPel\u00f3n\u201d Osuna es recordado a 50 a\u00f1os de su muerte"}]},{"@type":"WebSite","@id":"https:\/\/canal7slp.tv\/2019\/#website","url":"https:\/\/canal7slp.tv\/2019\/","name":"Canal 7 SLP - Somos TV","description":"Somos un Canal de 10","publisher":{"@id":"https:\/\/canal7slp.tv\/2019\/#organization"},"potentialAction":[{"@type":"SearchAction","target":{"@type":"EntryPoint","urlTemplate":"https:\/\/canal7slp.tv\/2019\/?s={search_term_string}"},"query-input":{"@type":"PropertyValueSpecification","valueRequired":true,"valueName":"search_term_string"}}],"inLanguage":"es"},{"@type":"Organization","@id":"https:\/\/canal7slp.tv\/2019\/#organization","name":"Comunicaci\u00f3n 2000 S.A. de C.V.","url":"https:\/\/canal7slp.tv\/2019\/","logo":{"@type":"ImageObject","inLanguage":"es","@id":"https:\/\/canal7slp.tv\/2019\/#\/schema\/logo\/image\/","url":"https:\/\/canal7slp.tv\/2019\/wp-content\/uploads\/2019\/07\/logo-c7.png","contentUrl":"https:\/\/canal7slp.tv\/2019\/wp-content\/uploads\/2019\/07\/logo-c7.png","width":220,"height":60,"caption":"Comunicaci\u00f3n 2000 S.A. de C.V."},"image":{"@id":"https:\/\/canal7slp.tv\/2019\/#\/schema\/logo\/image\/"},"sameAs":["https:\/\/www.facebook.com\/CANAL7SLP\/","https:\/\/x.com\/canal7_slp","https:\/\/www.instagram.com\/canal7_slp","https:\/\/www.youtube.com\/user\/NOTICIEROSCANAL7SLP\/"]},{"@type":"Person","@id":"https:\/\/canal7slp.tv\/2019\/#\/schema\/person\/11d941c1c6ca30ac0a46b95fa37aa2e3","name":"edicionweb","image":{"@type":"ImageObject","inLanguage":"es","@id":"https:\/\/secure.gravatar.com\/avatar\/eee448fc3f7164808013b816ba91ac7e43bbe82a70bebac296f8bc6f0addaa1a?s=96&d=mm&r=g","url":"https:\/\/secure.gravatar.com\/avatar\/eee448fc3f7164808013b816ba91ac7e43bbe82a70bebac296f8bc6f0addaa1a?s=96&d=mm&r=g","contentUrl":"https:\/\/secure.gravatar.com\/avatar\/eee448fc3f7164808013b816ba91ac7e43bbe82a70bebac296f8bc6f0addaa1a?s=96&d=mm&r=g","caption":"edicionweb"}}]}},"amp_enabled":true,"cmb2":{"video_ids_in_playlist":{"vid_p_videos":""},"video_ids_in_channel":{"vid_c_videos":""},"playlist_ids_in_channel":{"vid_c_playlists":""},"series_ids_in_channel":{"vid_c_series":""},"channel_images":{"vid_c_logo":"","vid_c_banner":""},"poster_feature_image":{"vid_m_poster_image":""},"gif_feature_image":{"vid_m_gif_image":""},"video_movie_settings":{"vid_m_director":"","vid_m_actor":"","vid_m_imdb_ratings":"","vid_m_amazon_associates":""},"vid_youtube_broadcasts_settings":{"vid_yb_broadcast_title":"","vid_yb_q":"","vid_yb_channelid":"","vid_yb_videocategoryid":"","vid_yb_maxresults":"","vid_yb_order":"","vid_yb_regioncode":"","vid_yb_videosyndicated":"","vid_yb_style":"","vid_yb_reload_first":""},"video_series_settings":{"vid_m_director":"","vid_m_actor":"","vid_m_imdb_ratings":"","video_series_group":""},"amazon_associates_settings":{"amazon_associates":"","amazon_native_ad":""},"vid_youtube_automatic_settings":{"vid_ya_youtube_source":"","vid_ya_update_every":"","vid_ya_update_unit":"","vid_ya_categories":"","vid_ya_published_after":"","vid_ya_published_before":"","vid_ya_playlists":"","vid_ya_channels":"","vid_ya_director":"","vid_ya_actor":"","vid_ya_author":"","vid_ya_import_post_date":"","vid_ya_status":"","vid_ya_sub_api_key":""},"vid_ads_m_videoads_settings_post":{"vid_ads_m_video_ads":"","vid_ads_m_video_ads_type":"","vid_ads_m_group_google_ima":"","vid_ads_m_group_image":"","vid_ads_m_group_html5_video":"","vid_ads_m_group_html":"","vid_ads_m_vast_preroll":"","vid_ads_m_vast_postroll":"","vid_ads_m_vast_pauseroll":"","vid_ads_m_vast_midroll":[{"vid_ads_m_vast_timer_seconds":"50"}],"vid_ads_m_time_to_show_ads":"","vid_ads_m_time_skip_ads":"","vid_ads_m_time_to_hide_ads":""},"page_slider_settings":{"display_slider_group":"","page_slider_group":""},"blog_page_settings":{"blog_page_title":"","blog_page_heading":"","blog_page_ic":"","blog_page_it":"","blog_page_ec":"","blog_page_ip":"","archive_loop_style":"","blog_image_ratio":"","blog_show_categories":"","blog_show_excerpt":"","blog_show_author":"","blog_show_date":"","blog_show_comment_count":"","blog_show_view_count":"","blog_show_like_count":"","blog_show_dislike_count":"","blog_items_per_page":"","blog_pag_type":""},"page_options":{"get_page_template":"","color_mode":"","main_layout":"","main_layout_full_with":"","main_logo":"","main_logo_retina":"","main_logo_mobile":"","main_logo_mobile_retina":"","sticky_logo":"","sticky_logo_retina":"","main_nav_layout":"","ajax_search":"","header_background":"","theme_sidebar":"","instagram_feed":"","instagram_feed_position":"","popular_videos":"","popular_videos_title_1":"","popular_videos_title_2":"","popular_videos_ic":"","popular_videos_it":"","theme_background":"","page_custom_css":""},"feature_image_settings":{"feature_image_position":""},"video_player_settings":{"single_video_style":"","video_player_position":"","vm_video_url":"","video_player_library":"","video_streaming":"","vm_media_sources":"","vid_auto_play":"","vm_video_shortcode":"","vid_p_sync_playlist":"","vid_c_sync_channel":"","get_post_format":"","multiple_links_structure":"default","multi_links_title":"","vm_video_multi_links":"","vm_duration":"","vid_social_locker":"off","vid_social_locker_id":"","vid_membership_action":"content-video","vm_video_trailer_url":"","vid_download_type":"free","vid_download_target":"download","vid_woo_product":"","vm_media_download":"","user_rating":"","user_rating_position":"","user_rating_mode":"","user_rating_multi_sets":""},"video_auto_fetch_settings":{"vm_video_fetch":"on"},"video_fake_views_likes":{"vm_fake_views":"","vm_fake_likes":"","vm_fake_dislikes":""},"gallery_settings":{"gallery_position":""},"quote_settings":{"quote_position":""},"post_options":{"main_layout":"","main_logo":"","main_logo_retina":"","main_logo_mobile":"","main_logo_mobile_retina":"","sticky_logo":"","sticky_logo_retina":"","main_nav_layout":"","header_background":"","theme_sidebar":"","single_post_comment_type":"","theme_background":""}},"_links":{"self":[{"href":"https:\/\/canal7slp.tv\/2019\/wp-json\/wp\/v2\/posts\/7090","targetHints":{"allow":["GET"]}}],"collection":[{"href":"https:\/\/canal7slp.tv\/2019\/wp-json\/wp\/v2\/posts"}],"about":[{"href":"https:\/\/canal7slp.tv\/2019\/wp-json\/wp\/v2\/types\/post"}],"author":[{"embeddable":true,"href":"https:\/\/canal7slp.tv\/2019\/wp-json\/wp\/v2\/users\/2"}],"replies":[{"embeddable":true,"href":"https:\/\/canal7slp.tv\/2019\/wp-json\/wp\/v2\/comments?post=7090"}],"version-history":[{"count":0,"href":"https:\/\/canal7slp.tv\/2019\/wp-json\/wp\/v2\/posts\/7090\/revisions"}],"wp:featuredmedia":[{"embeddable":true,"href":"https:\/\/canal7slp.tv\/2019\/wp-json\/wp\/v2\/media\/7091"}],"wp:attachment":[{"href":"https:\/\/canal7slp.tv\/2019\/wp-json\/wp\/v2\/media?parent=7090"}],"wp:term":[{"taxonomy":"category","embeddable":true,"href":"https:\/\/canal7slp.tv\/2019\/wp-json\/wp\/v2\/categories?post=7090"},{"taxonomy":"post_tag","embeddable":true,"href":"https:\/\/canal7slp.tv\/2019\/wp-json\/wp\/v2\/tags?post=7090"}],"curies":[{"name":"wp","href":"https:\/\/api.w.org\/{rel}","templated":true}]}}