{"id":70800,"date":"2019-09-25T19:51:16","date_gmt":"2019-09-26T00:51:16","guid":{"rendered":"https:\/\/canal7slp.tv\/2019\/?p=70800"},"modified":"2019-09-25T19:51:16","modified_gmt":"2019-09-26T00:51:16","slug":"recibieron-en-barrio-de-san-miguelito-650-personas-apoyos-sociales","status":"publish","type":"post","link":"https:\/\/canal7slp.tv\/2019\/recibieron-en-barrio-de-san-miguelito-650-personas-apoyos-sociales\/","title":{"rendered":"Recibieron en Barrio de San Miguelito 650 personas apoyos sociales"},"content":{"rendered":"<ul>\n<li style=\"text-align: justify\">Alcalde de la Capital encabez\u00f3 la d\u00e9cimo s\u00e9ptima entrega de apoyos sociales del Programa \u201cEn Son de Paz\u201d.<\/li>\n<\/ul>\n<p style=\"text-align: justify\">SLP.- Al presidir la D\u00e9cimo S\u00e9ptima entrega de apoyos del Programa \u201cEn Son de Paz\u201d, esta vez en el Barrio de San Miguelito, el Jefe de Gobierno capitalino Xavier Nava Palacios indic\u00f3 que este programa es el coraz\u00f3n que da vida a la alianza de voluntades con que los potosinos construyen un mejor San Luis Potos\u00ed.<\/p>\n<p style=\"text-align: justify\">\u201cEn Son de paz es el fruto de la alianza por San Luis, es el coraz\u00f3n de la ciudad que construimos todos y que solamente ser\u00e1 posible mediante el bienestar de las familias, con la esperanza de los j\u00f3venes, mediante el liderazgo de las mujeres y a trav\u00e9s de la experiencia de nuestros adultos mayores\u201d.<\/p>\n<p style=\"text-align: justify\">\u201cCon la suma de voluntades de todos los potosinos, atr\u00e1s estamos dejando el pasado sombr\u00edo en que sumieron al Gobierno Municipal; porque enarbolaban banderas de crecimiento y apoyo hacia quienes m\u00e1s lo necesitaban pero lejos de erradicar las condiciones de pobreza y de marginaci\u00f3n, fueron utilizados como moneda de cambio para construir un emporio de riqueza y beneficios personales\u201d, sentenci\u00f3 Nava Palacios.<\/p>\n<p style=\"text-align: justify\">\u201cLos Potosinos no podemos permitir m\u00e1s abusos ni m\u00e1s corrupci\u00f3n, por eso en unidad tenemos que comenzar a cambiar el rumbo y a transformar la historia de nuestra ciudad\u201d.<\/p>\n<p style=\"text-align: justify\">Enf\u00e1tico, Xavier Nava Palacios precis\u00f3 que su gobierno tiene una tarea pendiente para con las familias potosinas: \u201cPor eso estamos hoy aqu\u00ed, de frente y dando la cara para respaldar con honestidad y con transparencia a quienes m\u00e1s lo necesitan; para evitar que las pol\u00edticas de desarrollo social y de bienestar sigan teniendo como fin la consecuci\u00f3n de objetivos personales\u201d.<\/p>\n<p style=\"text-align: justify\">\u201cEstamos aqu\u00ed en San Miguelito porque no solo es un barrio emblem\u00e1tico para nuestra ciudad y nuestro estado, sino porque en los m\u00e1s de cuatrocientos a\u00f1os de historia de nuestro municipio San Miguelito y quienes lo han habitado en el pasado y quienes hoy lo habitan, han sido pilares del crecimiento social y democr\u00e1tico de nuestra entidad\u201d, subray\u00f3 el Jefe de Gobierno Capitalino<\/p>\n<p style=\"text-align: justify\">Al detallar que el programa \u201cEn Son de Paz\u201d tiene como pilares a la educaci\u00f3n, el deporte y la cultura \u201cporque van de la mano con el bienestar de las familias potosinas y a trav\u00e9s del vamos a darle un giro de ciento ochenta grados a la pol\u00edtica social de la capital y juntos vamos a restaurar el tejido social con esperanza\u201d, dijo.<\/p>\n<p style=\"text-align: justify\">Acompa\u00f1ado de decenas de familias potosinas del Barrio de San Miguelito, el Alcalde Capitalino efectu\u00f3 la entrega de apoyos a adultos mayores, a ni\u00f1os y j\u00f3venes, as\u00ed como a jefas y jefes de familia, para sumar un total de 650 tarjetas de apoyos del programa En Son de Paz.<\/p>\n<p style=\"text-align: justify\">Finalmente, el Presidente Municipal Xavier Nava Palacios invit\u00f3 a los habitantes del Barrio de San Miguelito que a\u00fan no han sido censados a que acudan a la Unidad Administrativa Municipal a anotarse.<\/p>\n","protected":false},"excerpt":{"rendered":"<p>Alcalde de la Capital encabez\u00f3 la d\u00e9cimo s\u00e9ptima entrega de apoyos sociales del Programa \u201cEn Son de Paz\u201d. SLP.- Al presidir la D\u00e9cimo S\u00e9ptima entrega de apoyos del Programa \u201cEn Son de Paz\u201d, esta vez en el Barrio de San Miguelito, el Jefe de Gobierno capitalino Xavier Nava Palacios indic\u00f3 que este programa es el [&hellip;]<\/p>\n","protected":false},"author":2,"featured_media":70801,"comment_status":"open","ping_status":"open","sticky":false,"template":"","format":"standard","meta":{"footnotes":""},"categories":[17],"tags":[],"class_list":["post-70800","post","type-post","status-publish","format-standard","has-post-thumbnail","hentry","category-localesyregionales"],"yoast_head":"<!-- This site is optimized with the Yoast SEO plugin v27.5 - https:\/\/yoast.com\/product\/yoast-seo-wordpress\/ -->\n<title>Recibieron en Barrio de San Miguelito 650 personas apoyos sociales - Canal 7 SLP - 2019<\/title>\n<meta name=\"robots\" content=\"index, follow, max-snippet:-1, max-image-preview:large, max-video-preview:-1\" \/>\n<link rel=\"canonical\" href=\"https:\/\/canal7slp.tv\/2019\/recibieron-en-barrio-de-san-miguelito-650-personas-apoyos-sociales\/\" \/>\n<meta property=\"og:locale\" content=\"es_ES\" \/>\n<meta property=\"og:type\" content=\"article\" \/>\n<meta property=\"og:title\" content=\"Recibieron en Barrio de San Miguelito 650 personas apoyos sociales - Canal 7 SLP - 2019\" \/>\n<meta property=\"og:description\" content=\"Alcalde de la Capital encabez\u00f3 la d\u00e9cimo s\u00e9ptima entrega de apoyos sociales del Programa \u201cEn Son de Paz\u201d. SLP.- Al presidir la D\u00e9cimo S\u00e9ptima entrega de apoyos del Programa \u201cEn Son de Paz\u201d, esta vez en el Barrio de San Miguelito, el Jefe de Gobierno capitalino Xavier Nava Palacios indic\u00f3 que este programa es el [&hellip;]\" \/>\n<meta property=\"og:url\" content=\"https:\/\/canal7slp.tv\/2019\/recibieron-en-barrio-de-san-miguelito-650-personas-apoyos-sociales\/\" \/>\n<meta property=\"og:site_name\" content=\"Canal 7 SLP - 2019\" \/>\n<meta property=\"article:publisher\" content=\"https:\/\/www.facebook.com\/CANAL7SLP\/\" \/>\n<meta property=\"article:published_time\" content=\"2019-09-26T00:51:16+00:00\" \/>\n<meta property=\"og:image\" content=\"https:\/\/canal7slp.tv\/2019\/wp-content\/uploads\/2019\/09\/a2-2.jpg\" \/>\n\t<meta property=\"og:image:width\" content=\"664\" \/>\n\t<meta property=\"og:image:height\" content=\"443\" \/>\n\t<meta property=\"og:image:type\" content=\"image\/jpeg\" \/>\n<meta name=\"author\" content=\"edicionweb\" \/>\n<meta name=\"twitter:card\" content=\"summary_large_image\" \/>\n<meta name=\"twitter:creator\" content=\"@canal7_slp\" \/>\n<meta name=\"twitter:site\" content=\"@canal7_slp\" \/>\n<meta name=\"twitter:label1\" content=\"Escrito por\" \/>\n\t<meta name=\"twitter:data1\" content=\"edicionweb\" \/>\n\t<meta name=\"twitter:label2\" content=\"Tiempo de lectura\" \/>\n\t<meta name=\"twitter:data2\" content=\"3 minutos\" \/>\n<script type=\"application\/ld+json\" class=\"yoast-schema-graph\">{\"@context\":\"https:\\\/\\\/schema.org\",\"@graph\":[{\"@type\":\"Article\",\"@id\":\"https:\\\/\\\/canal7slp.tv\\\/2019\\\/recibieron-en-barrio-de-san-miguelito-650-personas-apoyos-sociales\\\/#article\",\"isPartOf\":{\"@id\":\"https:\\\/\\\/canal7slp.tv\\\/2019\\\/recibieron-en-barrio-de-san-miguelito-650-personas-apoyos-sociales\\\/\"},\"author\":{\"name\":\"edicionweb\",\"@id\":\"https:\\\/\\\/canal7slp.tv\\\/2019\\\/#\\\/schema\\\/person\\\/11d941c1c6ca30ac0a46b95fa37aa2e3\"},\"headline\":\"Recibieron en Barrio de San Miguelito 650 personas apoyos sociales\",\"datePublished\":\"2019-09-26T00:51:16+00:00\",\"mainEntityOfPage\":{\"@id\":\"https:\\\/\\\/canal7slp.tv\\\/2019\\\/recibieron-en-barrio-de-san-miguelito-650-personas-apoyos-sociales\\\/\"},\"wordCount\":526,\"commentCount\":0,\"publisher\":{\"@id\":\"https:\\\/\\\/canal7slp.tv\\\/2019\\\/#organization\"},\"image\":{\"@id\":\"https:\\\/\\\/canal7slp.tv\\\/2019\\\/recibieron-en-barrio-de-san-miguelito-650-personas-apoyos-sociales\\\/#primaryimage\"},\"thumbnailUrl\":\"https:\\\/\\\/canal7slp.tv\\\/2019\\\/wp-content\\\/uploads\\\/2019\\\/09\\\/a2-2.jpg\",\"articleSection\":[\"LOCALES Y REGIONALES\"],\"inLanguage\":\"es\",\"potentialAction\":[{\"@type\":\"CommentAction\",\"name\":\"Comment\",\"target\":[\"https:\\\/\\\/canal7slp.tv\\\/2019\\\/recibieron-en-barrio-de-san-miguelito-650-personas-apoyos-sociales\\\/#respond\"]}]},{\"@type\":\"WebPage\",\"@id\":\"https:\\\/\\\/canal7slp.tv\\\/2019\\\/recibieron-en-barrio-de-san-miguelito-650-personas-apoyos-sociales\\\/\",\"url\":\"https:\\\/\\\/canal7slp.tv\\\/2019\\\/recibieron-en-barrio-de-san-miguelito-650-personas-apoyos-sociales\\\/\",\"name\":\"Recibieron en Barrio de San Miguelito 650 personas apoyos sociales - Canal 7 SLP - 2019\",\"isPartOf\":{\"@id\":\"https:\\\/\\\/canal7slp.tv\\\/2019\\\/#website\"},\"primaryImageOfPage\":{\"@id\":\"https:\\\/\\\/canal7slp.tv\\\/2019\\\/recibieron-en-barrio-de-san-miguelito-650-personas-apoyos-sociales\\\/#primaryimage\"},\"image\":{\"@id\":\"https:\\\/\\\/canal7slp.tv\\\/2019\\\/recibieron-en-barrio-de-san-miguelito-650-personas-apoyos-sociales\\\/#primaryimage\"},\"thumbnailUrl\":\"https:\\\/\\\/canal7slp.tv\\\/2019\\\/wp-content\\\/uploads\\\/2019\\\/09\\\/a2-2.jpg\",\"datePublished\":\"2019-09-26T00:51:16+00:00\",\"breadcrumb\":{\"@id\":\"https:\\\/\\\/canal7slp.tv\\\/2019\\\/recibieron-en-barrio-de-san-miguelito-650-personas-apoyos-sociales\\\/#breadcrumb\"},\"inLanguage\":\"es\",\"potentialAction\":[{\"@type\":\"ReadAction\",\"target\":[\"https:\\\/\\\/canal7slp.tv\\\/2019\\\/recibieron-en-barrio-de-san-miguelito-650-personas-apoyos-sociales\\\/\"]}]},{\"@type\":\"ImageObject\",\"inLanguage\":\"es\",\"@id\":\"https:\\\/\\\/canal7slp.tv\\\/2019\\\/recibieron-en-barrio-de-san-miguelito-650-personas-apoyos-sociales\\\/#primaryimage\",\"url\":\"https:\\\/\\\/canal7slp.tv\\\/2019\\\/wp-content\\\/uploads\\\/2019\\\/09\\\/a2-2.jpg\",\"contentUrl\":\"https:\\\/\\\/canal7slp.tv\\\/2019\\\/wp-content\\\/uploads\\\/2019\\\/09\\\/a2-2.jpg\",\"width\":664,\"height\":443},{\"@type\":\"BreadcrumbList\",\"@id\":\"https:\\\/\\\/canal7slp.tv\\\/2019\\\/recibieron-en-barrio-de-san-miguelito-650-personas-apoyos-sociales\\\/#breadcrumb\",\"itemListElement\":[{\"@type\":\"ListItem\",\"position\":1,\"name\":\"Home\",\"item\":\"https:\\\/\\\/canal7slp.tv\\\/2019\\\/\"},{\"@type\":\"ListItem\",\"position\":2,\"name\":\"Recibieron en Barrio de San Miguelito 650 personas apoyos sociales\"}]},{\"@type\":\"WebSite\",\"@id\":\"https:\\\/\\\/canal7slp.tv\\\/2019\\\/#website\",\"url\":\"https:\\\/\\\/canal7slp.tv\\\/2019\\\/\",\"name\":\"Canal 7 SLP - Somos TV\",\"description\":\"Somos un Canal de 10\",\"publisher\":{\"@id\":\"https:\\\/\\\/canal7slp.tv\\\/2019\\\/#organization\"},\"potentialAction\":[{\"@type\":\"SearchAction\",\"target\":{\"@type\":\"EntryPoint\",\"urlTemplate\":\"https:\\\/\\\/canal7slp.tv\\\/2019\\\/?s={search_term_string}\"},\"query-input\":{\"@type\":\"PropertyValueSpecification\",\"valueRequired\":true,\"valueName\":\"search_term_string\"}}],\"inLanguage\":\"es\"},{\"@type\":\"Organization\",\"@id\":\"https:\\\/\\\/canal7slp.tv\\\/2019\\\/#organization\",\"name\":\"Comunicaci\u00f3n 2000 S.A. de C.V.\",\"url\":\"https:\\\/\\\/canal7slp.tv\\\/2019\\\/\",\"logo\":{\"@type\":\"ImageObject\",\"inLanguage\":\"es\",\"@id\":\"https:\\\/\\\/canal7slp.tv\\\/2019\\\/#\\\/schema\\\/logo\\\/image\\\/\",\"url\":\"https:\\\/\\\/canal7slp.tv\\\/2019\\\/wp-content\\\/uploads\\\/2019\\\/07\\\/logo-c7.png\",\"contentUrl\":\"https:\\\/\\\/canal7slp.tv\\\/2019\\\/wp-content\\\/uploads\\\/2019\\\/07\\\/logo-c7.png\",\"width\":220,\"height\":60,\"caption\":\"Comunicaci\u00f3n 2000 S.A. de C.V.\"},\"image\":{\"@id\":\"https:\\\/\\\/canal7slp.tv\\\/2019\\\/#\\\/schema\\\/logo\\\/image\\\/\"},\"sameAs\":[\"https:\\\/\\\/www.facebook.com\\\/CANAL7SLP\\\/\",\"https:\\\/\\\/x.com\\\/canal7_slp\",\"https:\\\/\\\/www.instagram.com\\\/canal7_slp\",\"https:\\\/\\\/www.youtube.com\\\/user\\\/NOTICIEROSCANAL7SLP\\\/\"]},{\"@type\":\"Person\",\"@id\":\"https:\\\/\\\/canal7slp.tv\\\/2019\\\/#\\\/schema\\\/person\\\/11d941c1c6ca30ac0a46b95fa37aa2e3\",\"name\":\"edicionweb\",\"image\":{\"@type\":\"ImageObject\",\"inLanguage\":\"es\",\"@id\":\"https:\\\/\\\/secure.gravatar.com\\\/avatar\\\/eee448fc3f7164808013b816ba91ac7e43bbe82a70bebac296f8bc6f0addaa1a?s=96&d=mm&r=g\",\"url\":\"https:\\\/\\\/secure.gravatar.com\\\/avatar\\\/eee448fc3f7164808013b816ba91ac7e43bbe82a70bebac296f8bc6f0addaa1a?s=96&d=mm&r=g\",\"contentUrl\":\"https:\\\/\\\/secure.gravatar.com\\\/avatar\\\/eee448fc3f7164808013b816ba91ac7e43bbe82a70bebac296f8bc6f0addaa1a?s=96&d=mm&r=g\",\"caption\":\"edicionweb\"}}]}<\/script>\n<!-- \/ Yoast SEO plugin. -->","yoast_head_json":{"title":"Recibieron en Barrio de San Miguelito 650 personas apoyos sociales - Canal 7 SLP - 2019","robots":{"index":"index","follow":"follow","max-snippet":"max-snippet:-1","max-image-preview":"max-image-preview:large","max-video-preview":"max-video-preview:-1"},"canonical":"https:\/\/canal7slp.tv\/2019\/recibieron-en-barrio-de-san-miguelito-650-personas-apoyos-sociales\/","og_locale":"es_ES","og_type":"article","og_title":"Recibieron en Barrio de San Miguelito 650 personas apoyos sociales - Canal 7 SLP - 2019","og_description":"Alcalde de la Capital encabez\u00f3 la d\u00e9cimo s\u00e9ptima entrega de apoyos sociales del Programa \u201cEn Son de Paz\u201d. SLP.- Al presidir la D\u00e9cimo S\u00e9ptima entrega de apoyos del Programa \u201cEn Son de Paz\u201d, esta vez en el Barrio de San Miguelito, el Jefe de Gobierno capitalino Xavier Nava Palacios indic\u00f3 que este programa es el [&hellip;]","og_url":"https:\/\/canal7slp.tv\/2019\/recibieron-en-barrio-de-san-miguelito-650-personas-apoyos-sociales\/","og_site_name":"Canal 7 SLP - 2019","article_publisher":"https:\/\/www.facebook.com\/CANAL7SLP\/","article_published_time":"2019-09-26T00:51:16+00:00","og_image":[{"width":664,"height":443,"url":"https:\/\/canal7slp.tv\/2019\/wp-content\/uploads\/2019\/09\/a2-2.jpg","type":"image\/jpeg"}],"author":"edicionweb","twitter_card":"summary_large_image","twitter_creator":"@canal7_slp","twitter_site":"@canal7_slp","twitter_misc":{"Escrito por":"edicionweb","Tiempo de lectura":"3 minutos"},"schema":{"@context":"https:\/\/schema.org","@graph":[{"@type":"Article","@id":"https:\/\/canal7slp.tv\/2019\/recibieron-en-barrio-de-san-miguelito-650-personas-apoyos-sociales\/#article","isPartOf":{"@id":"https:\/\/canal7slp.tv\/2019\/recibieron-en-barrio-de-san-miguelito-650-personas-apoyos-sociales\/"},"author":{"name":"edicionweb","@id":"https:\/\/canal7slp.tv\/2019\/#\/schema\/person\/11d941c1c6ca30ac0a46b95fa37aa2e3"},"headline":"Recibieron en Barrio de San Miguelito 650 personas apoyos sociales","datePublished":"2019-09-26T00:51:16+00:00","mainEntityOfPage":{"@id":"https:\/\/canal7slp.tv\/2019\/recibieron-en-barrio-de-san-miguelito-650-personas-apoyos-sociales\/"},"wordCount":526,"commentCount":0,"publisher":{"@id":"https:\/\/canal7slp.tv\/2019\/#organization"},"image":{"@id":"https:\/\/canal7slp.tv\/2019\/recibieron-en-barrio-de-san-miguelito-650-personas-apoyos-sociales\/#primaryimage"},"thumbnailUrl":"https:\/\/canal7slp.tv\/2019\/wp-content\/uploads\/2019\/09\/a2-2.jpg","articleSection":["LOCALES Y REGIONALES"],"inLanguage":"es","potentialAction":[{"@type":"CommentAction","name":"Comment","target":["https:\/\/canal7slp.tv\/2019\/recibieron-en-barrio-de-san-miguelito-650-personas-apoyos-sociales\/#respond"]}]},{"@type":"WebPage","@id":"https:\/\/canal7slp.tv\/2019\/recibieron-en-barrio-de-san-miguelito-650-personas-apoyos-sociales\/","url":"https:\/\/canal7slp.tv\/2019\/recibieron-en-barrio-de-san-miguelito-650-personas-apoyos-sociales\/","name":"Recibieron en Barrio de San Miguelito 650 personas apoyos sociales - Canal 7 SLP - 2019","isPartOf":{"@id":"https:\/\/canal7slp.tv\/2019\/#website"},"primaryImageOfPage":{"@id":"https:\/\/canal7slp.tv\/2019\/recibieron-en-barrio-de-san-miguelito-650-personas-apoyos-sociales\/#primaryimage"},"image":{"@id":"https:\/\/canal7slp.tv\/2019\/recibieron-en-barrio-de-san-miguelito-650-personas-apoyos-sociales\/#primaryimage"},"thumbnailUrl":"https:\/\/canal7slp.tv\/2019\/wp-content\/uploads\/2019\/09\/a2-2.jpg","datePublished":"2019-09-26T00:51:16+00:00","breadcrumb":{"@id":"https:\/\/canal7slp.tv\/2019\/recibieron-en-barrio-de-san-miguelito-650-personas-apoyos-sociales\/#breadcrumb"},"inLanguage":"es","potentialAction":[{"@type":"ReadAction","target":["https:\/\/canal7slp.tv\/2019\/recibieron-en-barrio-de-san-miguelito-650-personas-apoyos-sociales\/"]}]},{"@type":"ImageObject","inLanguage":"es","@id":"https:\/\/canal7slp.tv\/2019\/recibieron-en-barrio-de-san-miguelito-650-personas-apoyos-sociales\/#primaryimage","url":"https:\/\/canal7slp.tv\/2019\/wp-content\/uploads\/2019\/09\/a2-2.jpg","contentUrl":"https:\/\/canal7slp.tv\/2019\/wp-content\/uploads\/2019\/09\/a2-2.jpg","width":664,"height":443},{"@type":"BreadcrumbList","@id":"https:\/\/canal7slp.tv\/2019\/recibieron-en-barrio-de-san-miguelito-650-personas-apoyos-sociales\/#breadcrumb","itemListElement":[{"@type":"ListItem","position":1,"name":"Home","item":"https:\/\/canal7slp.tv\/2019\/"},{"@type":"ListItem","position":2,"name":"Recibieron en Barrio de San Miguelito 650 personas apoyos sociales"}]},{"@type":"WebSite","@id":"https:\/\/canal7slp.tv\/2019\/#website","url":"https:\/\/canal7slp.tv\/2019\/","name":"Canal 7 SLP - Somos TV","description":"Somos un Canal de 10","publisher":{"@id":"https:\/\/canal7slp.tv\/2019\/#organization"},"potentialAction":[{"@type":"SearchAction","target":{"@type":"EntryPoint","urlTemplate":"https:\/\/canal7slp.tv\/2019\/?s={search_term_string}"},"query-input":{"@type":"PropertyValueSpecification","valueRequired":true,"valueName":"search_term_string"}}],"inLanguage":"es"},{"@type":"Organization","@id":"https:\/\/canal7slp.tv\/2019\/#organization","name":"Comunicaci\u00f3n 2000 S.A. de C.V.","url":"https:\/\/canal7slp.tv\/2019\/","logo":{"@type":"ImageObject","inLanguage":"es","@id":"https:\/\/canal7slp.tv\/2019\/#\/schema\/logo\/image\/","url":"https:\/\/canal7slp.tv\/2019\/wp-content\/uploads\/2019\/07\/logo-c7.png","contentUrl":"https:\/\/canal7slp.tv\/2019\/wp-content\/uploads\/2019\/07\/logo-c7.png","width":220,"height":60,"caption":"Comunicaci\u00f3n 2000 S.A. de C.V."},"image":{"@id":"https:\/\/canal7slp.tv\/2019\/#\/schema\/logo\/image\/"},"sameAs":["https:\/\/www.facebook.com\/CANAL7SLP\/","https:\/\/x.com\/canal7_slp","https:\/\/www.instagram.com\/canal7_slp","https:\/\/www.youtube.com\/user\/NOTICIEROSCANAL7SLP\/"]},{"@type":"Person","@id":"https:\/\/canal7slp.tv\/2019\/#\/schema\/person\/11d941c1c6ca30ac0a46b95fa37aa2e3","name":"edicionweb","image":{"@type":"ImageObject","inLanguage":"es","@id":"https:\/\/secure.gravatar.com\/avatar\/eee448fc3f7164808013b816ba91ac7e43bbe82a70bebac296f8bc6f0addaa1a?s=96&d=mm&r=g","url":"https:\/\/secure.gravatar.com\/avatar\/eee448fc3f7164808013b816ba91ac7e43bbe82a70bebac296f8bc6f0addaa1a?s=96&d=mm&r=g","contentUrl":"https:\/\/secure.gravatar.com\/avatar\/eee448fc3f7164808013b816ba91ac7e43bbe82a70bebac296f8bc6f0addaa1a?s=96&d=mm&r=g","caption":"edicionweb"}}]}},"amp_enabled":true,"cmb2":{"video_ids_in_playlist":{"vid_p_videos":""},"video_ids_in_channel":{"vid_c_videos":""},"playlist_ids_in_channel":{"vid_c_playlists":""},"series_ids_in_channel":{"vid_c_series":""},"channel_images":{"vid_c_logo":"","vid_c_banner":""},"poster_feature_image":{"vid_m_poster_image":""},"gif_feature_image":{"vid_m_gif_image":""},"video_movie_settings":{"vid_m_director":"","vid_m_actor":"","vid_m_imdb_ratings":"","vid_m_amazon_associates":""},"vid_youtube_broadcasts_settings":{"vid_yb_broadcast_title":"","vid_yb_q":"","vid_yb_channelid":"","vid_yb_videocategoryid":"","vid_yb_maxresults":"","vid_yb_order":"","vid_yb_regioncode":"","vid_yb_videosyndicated":"","vid_yb_style":"","vid_yb_reload_first":""},"video_series_settings":{"vid_m_director":"","vid_m_actor":"","vid_m_imdb_ratings":"","video_series_group":""},"amazon_associates_settings":{"amazon_associates":"","amazon_native_ad":""},"vid_youtube_automatic_settings":{"vid_ya_youtube_source":"","vid_ya_update_every":"","vid_ya_update_unit":"","vid_ya_categories":"","vid_ya_published_after":"","vid_ya_published_before":"","vid_ya_playlists":"","vid_ya_channels":"","vid_ya_director":"","vid_ya_actor":"","vid_ya_author":"","vid_ya_import_post_date":"","vid_ya_status":"","vid_ya_sub_api_key":""},"vid_ads_m_videoads_settings_post":{"vid_ads_m_video_ads":"","vid_ads_m_video_ads_type":"","vid_ads_m_group_google_ima":"","vid_ads_m_group_image":"","vid_ads_m_group_html5_video":"","vid_ads_m_group_html":"","vid_ads_m_vast_preroll":"","vid_ads_m_vast_postroll":"","vid_ads_m_vast_pauseroll":"","vid_ads_m_vast_midroll":[{"vid_ads_m_vast_timer_seconds":"50"}],"vid_ads_m_time_to_show_ads":"","vid_ads_m_time_skip_ads":"","vid_ads_m_time_to_hide_ads":""},"page_slider_settings":{"display_slider_group":"","page_slider_group":""},"blog_page_settings":{"blog_page_title":"","blog_page_heading":"","blog_page_ic":"","blog_page_it":"","blog_page_ec":"","blog_page_ip":"","archive_loop_style":"","blog_image_ratio":"","blog_show_categories":"","blog_show_excerpt":"","blog_show_author":"","blog_show_date":"","blog_show_comment_count":"","blog_show_view_count":"","blog_show_like_count":"","blog_show_dislike_count":"","blog_items_per_page":"","blog_pag_type":""},"page_options":{"get_page_template":"","color_mode":"","main_layout":"","main_layout_full_with":"","main_logo":"","main_logo_retina":"","main_logo_mobile":"","main_logo_mobile_retina":"","sticky_logo":"","sticky_logo_retina":"","main_nav_layout":"","ajax_search":"","header_background":"","theme_sidebar":"","instagram_feed":"","instagram_feed_position":"","popular_videos":"","popular_videos_title_1":"","popular_videos_title_2":"","popular_videos_ic":"","popular_videos_it":"","theme_background":"","page_custom_css":""},"feature_image_settings":{"feature_image_position":""},"video_player_settings":{"single_video_style":"","video_player_position":"","vm_video_url":"","video_player_library":"","video_streaming":"","vm_media_sources":"","vid_auto_play":"","vm_video_shortcode":"","vid_p_sync_playlist":"","vid_c_sync_channel":"","get_post_format":"","multiple_links_structure":"default","multi_links_title":"","vm_video_multi_links":"","vm_duration":"","vid_social_locker":"off","vid_social_locker_id":"","vid_membership_action":"content-video","vm_video_trailer_url":"","vid_download_type":"free","vid_download_target":"download","vid_woo_product":"","vm_media_download":"","user_rating":"","user_rating_position":"","user_rating_mode":"","user_rating_multi_sets":""},"video_auto_fetch_settings":{"vm_video_fetch":"on"},"video_fake_views_likes":{"vm_fake_views":"","vm_fake_likes":"","vm_fake_dislikes":""},"gallery_settings":{"gallery_position":""},"quote_settings":{"quote_position":""},"post_options":{"main_layout":"","main_logo":"","main_logo_retina":"","main_logo_mobile":"","main_logo_mobile_retina":"","sticky_logo":"","sticky_logo_retina":"","main_nav_layout":"","header_background":"","theme_sidebar":"","single_post_comment_type":"","theme_background":""}},"_links":{"self":[{"href":"https:\/\/canal7slp.tv\/2019\/wp-json\/wp\/v2\/posts\/70800","targetHints":{"allow":["GET"]}}],"collection":[{"href":"https:\/\/canal7slp.tv\/2019\/wp-json\/wp\/v2\/posts"}],"about":[{"href":"https:\/\/canal7slp.tv\/2019\/wp-json\/wp\/v2\/types\/post"}],"author":[{"embeddable":true,"href":"https:\/\/canal7slp.tv\/2019\/wp-json\/wp\/v2\/users\/2"}],"replies":[{"embeddable":true,"href":"https:\/\/canal7slp.tv\/2019\/wp-json\/wp\/v2\/comments?post=70800"}],"version-history":[{"count":0,"href":"https:\/\/canal7slp.tv\/2019\/wp-json\/wp\/v2\/posts\/70800\/revisions"}],"wp:featuredmedia":[{"embeddable":true,"href":"https:\/\/canal7slp.tv\/2019\/wp-json\/wp\/v2\/media\/70801"}],"wp:attachment":[{"href":"https:\/\/canal7slp.tv\/2019\/wp-json\/wp\/v2\/media?parent=70800"}],"wp:term":[{"taxonomy":"category","embeddable":true,"href":"https:\/\/canal7slp.tv\/2019\/wp-json\/wp\/v2\/categories?post=70800"},{"taxonomy":"post_tag","embeddable":true,"href":"https:\/\/canal7slp.tv\/2019\/wp-json\/wp\/v2\/tags?post=70800"}],"curies":[{"name":"wp","href":"https:\/\/api.w.org\/{rel}","templated":true}]}}