{"id":7056,"date":"2019-06-04T19:34:03","date_gmt":"2019-06-05T00:34:03","guid":{"rendered":"https:\/\/canal7slp.tv\/2019\/?p=7056"},"modified":"2019-06-04T19:34:03","modified_gmt":"2019-06-05T00:34:03","slug":"invitan-la-segam-y-el-ceart-a-la-muestra-internacional-de-cine-y-medio-ambiente-2019","status":"publish","type":"post","link":"https:\/\/canal7slp.tv\/2019\/invitan-la-segam-y-el-ceart-a-la-muestra-internacional-de-cine-y-medio-ambiente-2019\/","title":{"rendered":"Invitan la SEGAM y el CEART a la Muestra Internacional de Cine y Medio Ambiente 2019"},"content":{"rendered":"<p style=\"text-align: justify\">SLP.- Con el valioso apoyo del Programa de las Naciones Unidas para el Medio Ambiente en M\u00e9xico y el Festival Internacional de Cine del Medio Ambiente de Barcelona (FiCMA), la Secretar\u00eda de Ecolog\u00eda y Gesti\u00f3n Ambiental (SEGAM) y el Centro de las Artes de San Luis Potos\u00ed invitan al p\u00fablico a la proyecci\u00f3n de las cintas \u201cInvisible Strings\u201d y \u201cOn The Front Line\u201d en el Teatro Polivalente este martes 4 y mi\u00e9rcoles 5 de junio a las 19:00 h con entrada libre.<\/p>\n<p style=\"text-align: justify\">\n<p style=\"text-align: justify\">La muestra itinerante considera una selecci\u00f3n de pel\u00edculas que abordan los principales retos ambientales que enfrenta la humanidad desde la perspectiva de creadores cinematogr\u00e1ficos de todo el planeta con el objetivo de \u201centretener educando y concientizar sensibilizando&#8221;, haciendo del cine un importante veh\u00edculo de dispersi\u00f3n y de educaci\u00f3n ambiental.<\/p>\n<p style=\"text-align: justify\">\n<p style=\"text-align: justify\">\u201cInvisible Strings\u201d, es un documental de Bulgaria, dirigido por Antoni Krastev y Borislav Karamelski, que se propone mostrar la interconexi\u00f3n entre todos los seres humanos, as\u00ed como nuestra conexi\u00f3n con el planeta Tierra. \u00bfCu\u00e1l es nuestro rol en la Tierra? \u00bfC\u00f3mo redescubrimos la conexi\u00f3n que tenemos con ella? \u00bfPodemos lograr la unidad en un mundo basado en la separaci\u00f3n? Estas son solo algunas de las preguntas que contempla la pel\u00edcula. Entrevistando a algunos de los m\u00e1ximos l\u00edderes espirituales, as\u00ed como a escritores y fil\u00f3sofos contempor\u00e1neos, se buscan respuestas a preguntas tan fundamentales.<\/p>\n<p style=\"text-align: justify\">\n<p style=\"text-align: justify\">\u201cOn The Front Line\u201d ganadora del FiCMA 2019 dirigida por James Byrne y Carla Rebai. En el Parque Nacional de Gorongosa en Mozambique, un equipo de guarda parques protege esta hermosa \u00e1rea silvestre de una gran variedad de amenazas, como la caza de animales salvajes y la tala ilegal de madera. Debido a la extensi\u00f3n del parque, los guardaparques necesitan urgentemente refuerzos. Unos 700 candidatos intentan pasar las duras pruebas f\u00edsicas y mentales requeridas para convertir\u00e9 en un guarda de Gorongosa. Por primera vez, las mujeres pueden presentarse y no reciben ning\u00fan trato preferencial: ellas tambi\u00e9n tendr\u00e1n que aguantar, igual que los hombres, m\u00e1s de 60 d\u00edas de duras pruebas.<\/p>\n<p style=\"text-align: justify\">\n<p style=\"text-align: justify\">Por las ma\u00f1anas, en colaboraci\u00f3n con la Secci\u00f3n 26 del Sindicato Nacional de los Trabajadores de la Educaci\u00f3n (SNTE), habr\u00e1 una proyecci\u00f3n especial de cortometrajes para p\u00fablico infantil en el que participar\u00e1n estudiantes de las escuelas primarias Ricardo Flores Mag\u00f3n, 12 de octubre y del internado Dami\u00e1n Carmona, quienes adem\u00e1s trabajar\u00e1n en talleres y que van a impartir las dependencias del sector ambiental, asociaciones civiles y empresas socialmente responsables en el museo Leonora Carrington.<\/p>\n","protected":false},"excerpt":{"rendered":"<p>SLP.- Con el valioso apoyo del Programa de las Naciones Unidas para el Medio Ambiente en M\u00e9xico y el Festival Internacional de Cine del Medio Ambiente de Barcelona (FiCMA), la Secretar\u00eda de Ecolog\u00eda y Gesti\u00f3n Ambiental (SEGAM) y el Centro de las Artes de San Luis Potos\u00ed invitan al p\u00fablico a la proyecci\u00f3n de las [&hellip;]<\/p>\n","protected":false},"author":2,"featured_media":7074,"comment_status":"open","ping_status":"closed","sticky":false,"template":"","format":"standard","meta":{"footnotes":""},"categories":[17],"tags":[111,123],"class_list":["post-7056","post","type-post","status-publish","format-standard","has-post-thumbnail","hentry","category-localesyregionales","tag-gobierno-slp","tag-segam"],"yoast_head":"<!-- This site is optimized with the Yoast SEO plugin v27.5 - https:\/\/yoast.com\/product\/yoast-seo-wordpress\/ -->\n<title>Invitan la SEGAM y el CEART a la Muestra Internacional de Cine y Medio Ambiente 2019 - Canal 7 SLP - 2019<\/title>\n<meta name=\"robots\" content=\"index, follow, max-snippet:-1, max-image-preview:large, max-video-preview:-1\" \/>\n<link rel=\"canonical\" href=\"https:\/\/canal7slp.tv\/2019\/invitan-la-segam-y-el-ceart-a-la-muestra-internacional-de-cine-y-medio-ambiente-2019\/\" \/>\n<meta property=\"og:locale\" content=\"es_ES\" \/>\n<meta property=\"og:type\" content=\"article\" \/>\n<meta property=\"og:title\" content=\"Invitan la SEGAM y el CEART a la Muestra Internacional de Cine y Medio Ambiente 2019 - Canal 7 SLP - 2019\" \/>\n<meta property=\"og:description\" content=\"SLP.- Con el valioso apoyo del Programa de las Naciones Unidas para el Medio Ambiente en M\u00e9xico y el Festival Internacional de Cine del Medio Ambiente de Barcelona (FiCMA), la Secretar\u00eda de Ecolog\u00eda y Gesti\u00f3n Ambiental (SEGAM) y el Centro de las Artes de San Luis Potos\u00ed invitan al p\u00fablico a la proyecci\u00f3n de las [&hellip;]\" \/>\n<meta property=\"og:url\" content=\"https:\/\/canal7slp.tv\/2019\/invitan-la-segam-y-el-ceart-a-la-muestra-internacional-de-cine-y-medio-ambiente-2019\/\" \/>\n<meta property=\"og:site_name\" content=\"Canal 7 SLP - 2019\" \/>\n<meta property=\"article:publisher\" content=\"https:\/\/www.facebook.com\/CANAL7SLP\/\" \/>\n<meta property=\"article:published_time\" content=\"2019-06-05T00:34:03+00:00\" \/>\n<meta property=\"og:image\" content=\"https:\/\/canal7slp.tv\/2019\/wp-content\/uploads\/2019\/06\/GobiernoSEGAM.jpeg\" \/>\n\t<meta property=\"og:image:width\" content=\"792\" \/>\n\t<meta property=\"og:image:height\" content=\"1224\" \/>\n\t<meta property=\"og:image:type\" content=\"image\/jpeg\" \/>\n<meta name=\"author\" content=\"edicionweb\" \/>\n<meta name=\"twitter:card\" content=\"summary_large_image\" \/>\n<meta name=\"twitter:creator\" content=\"@canal7_slp\" \/>\n<meta name=\"twitter:site\" content=\"@canal7_slp\" \/>\n<meta name=\"twitter:label1\" content=\"Escrito por\" \/>\n\t<meta name=\"twitter:data1\" content=\"edicionweb\" \/>\n\t<meta name=\"twitter:label2\" content=\"Tiempo de lectura\" \/>\n\t<meta name=\"twitter:data2\" content=\"2 minutos\" \/>\n<script type=\"application\/ld+json\" class=\"yoast-schema-graph\">{\"@context\":\"https:\\\/\\\/schema.org\",\"@graph\":[{\"@type\":\"Article\",\"@id\":\"https:\\\/\\\/canal7slp.tv\\\/2019\\\/invitan-la-segam-y-el-ceart-a-la-muestra-internacional-de-cine-y-medio-ambiente-2019\\\/#article\",\"isPartOf\":{\"@id\":\"https:\\\/\\\/canal7slp.tv\\\/2019\\\/invitan-la-segam-y-el-ceart-a-la-muestra-internacional-de-cine-y-medio-ambiente-2019\\\/\"},\"author\":{\"name\":\"edicionweb\",\"@id\":\"https:\\\/\\\/canal7slp.tv\\\/2019\\\/#\\\/schema\\\/person\\\/11d941c1c6ca30ac0a46b95fa37aa2e3\"},\"headline\":\"Invitan la SEGAM y el CEART a la Muestra Internacional de Cine y Medio Ambiente 2019\",\"datePublished\":\"2019-06-05T00:34:03+00:00\",\"mainEntityOfPage\":{\"@id\":\"https:\\\/\\\/canal7slp.tv\\\/2019\\\/invitan-la-segam-y-el-ceart-a-la-muestra-internacional-de-cine-y-medio-ambiente-2019\\\/\"},\"wordCount\":457,\"commentCount\":0,\"publisher\":{\"@id\":\"https:\\\/\\\/canal7slp.tv\\\/2019\\\/#organization\"},\"image\":{\"@id\":\"https:\\\/\\\/canal7slp.tv\\\/2019\\\/invitan-la-segam-y-el-ceart-a-la-muestra-internacional-de-cine-y-medio-ambiente-2019\\\/#primaryimage\"},\"thumbnailUrl\":\"https:\\\/\\\/canal7slp.tv\\\/2019\\\/wp-content\\\/uploads\\\/2019\\\/06\\\/GobiernoSEGAM.jpeg\",\"keywords\":[\"Gobierno SLP\",\"SEGAM\"],\"articleSection\":[\"LOCALES Y REGIONALES\"],\"inLanguage\":\"es\",\"potentialAction\":[{\"@type\":\"CommentAction\",\"name\":\"Comment\",\"target\":[\"https:\\\/\\\/canal7slp.tv\\\/2019\\\/invitan-la-segam-y-el-ceart-a-la-muestra-internacional-de-cine-y-medio-ambiente-2019\\\/#respond\"]}]},{\"@type\":\"WebPage\",\"@id\":\"https:\\\/\\\/canal7slp.tv\\\/2019\\\/invitan-la-segam-y-el-ceart-a-la-muestra-internacional-de-cine-y-medio-ambiente-2019\\\/\",\"url\":\"https:\\\/\\\/canal7slp.tv\\\/2019\\\/invitan-la-segam-y-el-ceart-a-la-muestra-internacional-de-cine-y-medio-ambiente-2019\\\/\",\"name\":\"Invitan la SEGAM y el CEART a la Muestra Internacional de Cine y Medio Ambiente 2019 - Canal 7 SLP - 2019\",\"isPartOf\":{\"@id\":\"https:\\\/\\\/canal7slp.tv\\\/2019\\\/#website\"},\"primaryImageOfPage\":{\"@id\":\"https:\\\/\\\/canal7slp.tv\\\/2019\\\/invitan-la-segam-y-el-ceart-a-la-muestra-internacional-de-cine-y-medio-ambiente-2019\\\/#primaryimage\"},\"image\":{\"@id\":\"https:\\\/\\\/canal7slp.tv\\\/2019\\\/invitan-la-segam-y-el-ceart-a-la-muestra-internacional-de-cine-y-medio-ambiente-2019\\\/#primaryimage\"},\"thumbnailUrl\":\"https:\\\/\\\/canal7slp.tv\\\/2019\\\/wp-content\\\/uploads\\\/2019\\\/06\\\/GobiernoSEGAM.jpeg\",\"datePublished\":\"2019-06-05T00:34:03+00:00\",\"breadcrumb\":{\"@id\":\"https:\\\/\\\/canal7slp.tv\\\/2019\\\/invitan-la-segam-y-el-ceart-a-la-muestra-internacional-de-cine-y-medio-ambiente-2019\\\/#breadcrumb\"},\"inLanguage\":\"es\",\"potentialAction\":[{\"@type\":\"ReadAction\",\"target\":[\"https:\\\/\\\/canal7slp.tv\\\/2019\\\/invitan-la-segam-y-el-ceart-a-la-muestra-internacional-de-cine-y-medio-ambiente-2019\\\/\"]}]},{\"@type\":\"ImageObject\",\"inLanguage\":\"es\",\"@id\":\"https:\\\/\\\/canal7slp.tv\\\/2019\\\/invitan-la-segam-y-el-ceart-a-la-muestra-internacional-de-cine-y-medio-ambiente-2019\\\/#primaryimage\",\"url\":\"https:\\\/\\\/canal7slp.tv\\\/2019\\\/wp-content\\\/uploads\\\/2019\\\/06\\\/GobiernoSEGAM.jpeg\",\"contentUrl\":\"https:\\\/\\\/canal7slp.tv\\\/2019\\\/wp-content\\\/uploads\\\/2019\\\/06\\\/GobiernoSEGAM.jpeg\",\"width\":792,\"height\":1224},{\"@type\":\"BreadcrumbList\",\"@id\":\"https:\\\/\\\/canal7slp.tv\\\/2019\\\/invitan-la-segam-y-el-ceart-a-la-muestra-internacional-de-cine-y-medio-ambiente-2019\\\/#breadcrumb\",\"itemListElement\":[{\"@type\":\"ListItem\",\"position\":1,\"name\":\"Home\",\"item\":\"https:\\\/\\\/canal7slp.tv\\\/2019\\\/\"},{\"@type\":\"ListItem\",\"position\":2,\"name\":\"Invitan la SEGAM y el CEART a la Muestra Internacional de Cine y Medio Ambiente 2019\"}]},{\"@type\":\"WebSite\",\"@id\":\"https:\\\/\\\/canal7slp.tv\\\/2019\\\/#website\",\"url\":\"https:\\\/\\\/canal7slp.tv\\\/2019\\\/\",\"name\":\"Canal 7 SLP - Somos TV\",\"description\":\"Somos un Canal de 10\",\"publisher\":{\"@id\":\"https:\\\/\\\/canal7slp.tv\\\/2019\\\/#organization\"},\"potentialAction\":[{\"@type\":\"SearchAction\",\"target\":{\"@type\":\"EntryPoint\",\"urlTemplate\":\"https:\\\/\\\/canal7slp.tv\\\/2019\\\/?s={search_term_string}\"},\"query-input\":{\"@type\":\"PropertyValueSpecification\",\"valueRequired\":true,\"valueName\":\"search_term_string\"}}],\"inLanguage\":\"es\"},{\"@type\":\"Organization\",\"@id\":\"https:\\\/\\\/canal7slp.tv\\\/2019\\\/#organization\",\"name\":\"Comunicaci\u00f3n 2000 S.A. de C.V.\",\"url\":\"https:\\\/\\\/canal7slp.tv\\\/2019\\\/\",\"logo\":{\"@type\":\"ImageObject\",\"inLanguage\":\"es\",\"@id\":\"https:\\\/\\\/canal7slp.tv\\\/2019\\\/#\\\/schema\\\/logo\\\/image\\\/\",\"url\":\"https:\\\/\\\/canal7slp.tv\\\/2019\\\/wp-content\\\/uploads\\\/2019\\\/07\\\/logo-c7.png\",\"contentUrl\":\"https:\\\/\\\/canal7slp.tv\\\/2019\\\/wp-content\\\/uploads\\\/2019\\\/07\\\/logo-c7.png\",\"width\":220,\"height\":60,\"caption\":\"Comunicaci\u00f3n 2000 S.A. de C.V.\"},\"image\":{\"@id\":\"https:\\\/\\\/canal7slp.tv\\\/2019\\\/#\\\/schema\\\/logo\\\/image\\\/\"},\"sameAs\":[\"https:\\\/\\\/www.facebook.com\\\/CANAL7SLP\\\/\",\"https:\\\/\\\/x.com\\\/canal7_slp\",\"https:\\\/\\\/www.instagram.com\\\/canal7_slp\",\"https:\\\/\\\/www.youtube.com\\\/user\\\/NOTICIEROSCANAL7SLP\\\/\"]},{\"@type\":\"Person\",\"@id\":\"https:\\\/\\\/canal7slp.tv\\\/2019\\\/#\\\/schema\\\/person\\\/11d941c1c6ca30ac0a46b95fa37aa2e3\",\"name\":\"edicionweb\",\"image\":{\"@type\":\"ImageObject\",\"inLanguage\":\"es\",\"@id\":\"https:\\\/\\\/secure.gravatar.com\\\/avatar\\\/eee448fc3f7164808013b816ba91ac7e43bbe82a70bebac296f8bc6f0addaa1a?s=96&d=mm&r=g\",\"url\":\"https:\\\/\\\/secure.gravatar.com\\\/avatar\\\/eee448fc3f7164808013b816ba91ac7e43bbe82a70bebac296f8bc6f0addaa1a?s=96&d=mm&r=g\",\"contentUrl\":\"https:\\\/\\\/secure.gravatar.com\\\/avatar\\\/eee448fc3f7164808013b816ba91ac7e43bbe82a70bebac296f8bc6f0addaa1a?s=96&d=mm&r=g\",\"caption\":\"edicionweb\"}}]}<\/script>\n<!-- \/ Yoast SEO plugin. -->","yoast_head_json":{"title":"Invitan la SEGAM y el CEART a la Muestra Internacional de Cine y Medio Ambiente 2019 - Canal 7 SLP - 2019","robots":{"index":"index","follow":"follow","max-snippet":"max-snippet:-1","max-image-preview":"max-image-preview:large","max-video-preview":"max-video-preview:-1"},"canonical":"https:\/\/canal7slp.tv\/2019\/invitan-la-segam-y-el-ceart-a-la-muestra-internacional-de-cine-y-medio-ambiente-2019\/","og_locale":"es_ES","og_type":"article","og_title":"Invitan la SEGAM y el CEART a la Muestra Internacional de Cine y Medio Ambiente 2019 - Canal 7 SLP - 2019","og_description":"SLP.- Con el valioso apoyo del Programa de las Naciones Unidas para el Medio Ambiente en M\u00e9xico y el Festival Internacional de Cine del Medio Ambiente de Barcelona (FiCMA), la Secretar\u00eda de Ecolog\u00eda y Gesti\u00f3n Ambiental (SEGAM) y el Centro de las Artes de San Luis Potos\u00ed invitan al p\u00fablico a la proyecci\u00f3n de las [&hellip;]","og_url":"https:\/\/canal7slp.tv\/2019\/invitan-la-segam-y-el-ceart-a-la-muestra-internacional-de-cine-y-medio-ambiente-2019\/","og_site_name":"Canal 7 SLP - 2019","article_publisher":"https:\/\/www.facebook.com\/CANAL7SLP\/","article_published_time":"2019-06-05T00:34:03+00:00","og_image":[{"width":792,"height":1224,"url":"https:\/\/canal7slp.tv\/2019\/wp-content\/uploads\/2019\/06\/GobiernoSEGAM.jpeg","type":"image\/jpeg"}],"author":"edicionweb","twitter_card":"summary_large_image","twitter_creator":"@canal7_slp","twitter_site":"@canal7_slp","twitter_misc":{"Escrito por":"edicionweb","Tiempo de lectura":"2 minutos"},"schema":{"@context":"https:\/\/schema.org","@graph":[{"@type":"Article","@id":"https:\/\/canal7slp.tv\/2019\/invitan-la-segam-y-el-ceart-a-la-muestra-internacional-de-cine-y-medio-ambiente-2019\/#article","isPartOf":{"@id":"https:\/\/canal7slp.tv\/2019\/invitan-la-segam-y-el-ceart-a-la-muestra-internacional-de-cine-y-medio-ambiente-2019\/"},"author":{"name":"edicionweb","@id":"https:\/\/canal7slp.tv\/2019\/#\/schema\/person\/11d941c1c6ca30ac0a46b95fa37aa2e3"},"headline":"Invitan la SEGAM y el CEART a la Muestra Internacional de Cine y Medio Ambiente 2019","datePublished":"2019-06-05T00:34:03+00:00","mainEntityOfPage":{"@id":"https:\/\/canal7slp.tv\/2019\/invitan-la-segam-y-el-ceart-a-la-muestra-internacional-de-cine-y-medio-ambiente-2019\/"},"wordCount":457,"commentCount":0,"publisher":{"@id":"https:\/\/canal7slp.tv\/2019\/#organization"},"image":{"@id":"https:\/\/canal7slp.tv\/2019\/invitan-la-segam-y-el-ceart-a-la-muestra-internacional-de-cine-y-medio-ambiente-2019\/#primaryimage"},"thumbnailUrl":"https:\/\/canal7slp.tv\/2019\/wp-content\/uploads\/2019\/06\/GobiernoSEGAM.jpeg","keywords":["Gobierno SLP","SEGAM"],"articleSection":["LOCALES Y REGIONALES"],"inLanguage":"es","potentialAction":[{"@type":"CommentAction","name":"Comment","target":["https:\/\/canal7slp.tv\/2019\/invitan-la-segam-y-el-ceart-a-la-muestra-internacional-de-cine-y-medio-ambiente-2019\/#respond"]}]},{"@type":"WebPage","@id":"https:\/\/canal7slp.tv\/2019\/invitan-la-segam-y-el-ceart-a-la-muestra-internacional-de-cine-y-medio-ambiente-2019\/","url":"https:\/\/canal7slp.tv\/2019\/invitan-la-segam-y-el-ceart-a-la-muestra-internacional-de-cine-y-medio-ambiente-2019\/","name":"Invitan la SEGAM y el CEART a la Muestra Internacional de Cine y Medio Ambiente 2019 - Canal 7 SLP - 2019","isPartOf":{"@id":"https:\/\/canal7slp.tv\/2019\/#website"},"primaryImageOfPage":{"@id":"https:\/\/canal7slp.tv\/2019\/invitan-la-segam-y-el-ceart-a-la-muestra-internacional-de-cine-y-medio-ambiente-2019\/#primaryimage"},"image":{"@id":"https:\/\/canal7slp.tv\/2019\/invitan-la-segam-y-el-ceart-a-la-muestra-internacional-de-cine-y-medio-ambiente-2019\/#primaryimage"},"thumbnailUrl":"https:\/\/canal7slp.tv\/2019\/wp-content\/uploads\/2019\/06\/GobiernoSEGAM.jpeg","datePublished":"2019-06-05T00:34:03+00:00","breadcrumb":{"@id":"https:\/\/canal7slp.tv\/2019\/invitan-la-segam-y-el-ceart-a-la-muestra-internacional-de-cine-y-medio-ambiente-2019\/#breadcrumb"},"inLanguage":"es","potentialAction":[{"@type":"ReadAction","target":["https:\/\/canal7slp.tv\/2019\/invitan-la-segam-y-el-ceart-a-la-muestra-internacional-de-cine-y-medio-ambiente-2019\/"]}]},{"@type":"ImageObject","inLanguage":"es","@id":"https:\/\/canal7slp.tv\/2019\/invitan-la-segam-y-el-ceart-a-la-muestra-internacional-de-cine-y-medio-ambiente-2019\/#primaryimage","url":"https:\/\/canal7slp.tv\/2019\/wp-content\/uploads\/2019\/06\/GobiernoSEGAM.jpeg","contentUrl":"https:\/\/canal7slp.tv\/2019\/wp-content\/uploads\/2019\/06\/GobiernoSEGAM.jpeg","width":792,"height":1224},{"@type":"BreadcrumbList","@id":"https:\/\/canal7slp.tv\/2019\/invitan-la-segam-y-el-ceart-a-la-muestra-internacional-de-cine-y-medio-ambiente-2019\/#breadcrumb","itemListElement":[{"@type":"ListItem","position":1,"name":"Home","item":"https:\/\/canal7slp.tv\/2019\/"},{"@type":"ListItem","position":2,"name":"Invitan la SEGAM y el CEART a la Muestra Internacional de Cine y Medio Ambiente 2019"}]},{"@type":"WebSite","@id":"https:\/\/canal7slp.tv\/2019\/#website","url":"https:\/\/canal7slp.tv\/2019\/","name":"Canal 7 SLP - Somos TV","description":"Somos un Canal de 10","publisher":{"@id":"https:\/\/canal7slp.tv\/2019\/#organization"},"potentialAction":[{"@type":"SearchAction","target":{"@type":"EntryPoint","urlTemplate":"https:\/\/canal7slp.tv\/2019\/?s={search_term_string}"},"query-input":{"@type":"PropertyValueSpecification","valueRequired":true,"valueName":"search_term_string"}}],"inLanguage":"es"},{"@type":"Organization","@id":"https:\/\/canal7slp.tv\/2019\/#organization","name":"Comunicaci\u00f3n 2000 S.A. de C.V.","url":"https:\/\/canal7slp.tv\/2019\/","logo":{"@type":"ImageObject","inLanguage":"es","@id":"https:\/\/canal7slp.tv\/2019\/#\/schema\/logo\/image\/","url":"https:\/\/canal7slp.tv\/2019\/wp-content\/uploads\/2019\/07\/logo-c7.png","contentUrl":"https:\/\/canal7slp.tv\/2019\/wp-content\/uploads\/2019\/07\/logo-c7.png","width":220,"height":60,"caption":"Comunicaci\u00f3n 2000 S.A. de C.V."},"image":{"@id":"https:\/\/canal7slp.tv\/2019\/#\/schema\/logo\/image\/"},"sameAs":["https:\/\/www.facebook.com\/CANAL7SLP\/","https:\/\/x.com\/canal7_slp","https:\/\/www.instagram.com\/canal7_slp","https:\/\/www.youtube.com\/user\/NOTICIEROSCANAL7SLP\/"]},{"@type":"Person","@id":"https:\/\/canal7slp.tv\/2019\/#\/schema\/person\/11d941c1c6ca30ac0a46b95fa37aa2e3","name":"edicionweb","image":{"@type":"ImageObject","inLanguage":"es","@id":"https:\/\/secure.gravatar.com\/avatar\/eee448fc3f7164808013b816ba91ac7e43bbe82a70bebac296f8bc6f0addaa1a?s=96&d=mm&r=g","url":"https:\/\/secure.gravatar.com\/avatar\/eee448fc3f7164808013b816ba91ac7e43bbe82a70bebac296f8bc6f0addaa1a?s=96&d=mm&r=g","contentUrl":"https:\/\/secure.gravatar.com\/avatar\/eee448fc3f7164808013b816ba91ac7e43bbe82a70bebac296f8bc6f0addaa1a?s=96&d=mm&r=g","caption":"edicionweb"}}]}},"amp_enabled":true,"cmb2":{"video_ids_in_playlist":{"vid_p_videos":""},"video_ids_in_channel":{"vid_c_videos":""},"playlist_ids_in_channel":{"vid_c_playlists":""},"series_ids_in_channel":{"vid_c_series":""},"channel_images":{"vid_c_logo":"","vid_c_banner":""},"poster_feature_image":{"vid_m_poster_image":""},"gif_feature_image":{"vid_m_gif_image":""},"video_movie_settings":{"vid_m_director":"","vid_m_actor":"","vid_m_imdb_ratings":"","vid_m_amazon_associates":""},"vid_youtube_broadcasts_settings":{"vid_yb_broadcast_title":"","vid_yb_q":"","vid_yb_channelid":"","vid_yb_videocategoryid":"","vid_yb_maxresults":"","vid_yb_order":"","vid_yb_regioncode":"","vid_yb_videosyndicated":"","vid_yb_style":"","vid_yb_reload_first":""},"video_series_settings":{"vid_m_director":"","vid_m_actor":"","vid_m_imdb_ratings":"","video_series_group":""},"amazon_associates_settings":{"amazon_associates":"","amazon_native_ad":""},"vid_youtube_automatic_settings":{"vid_ya_youtube_source":"","vid_ya_update_every":"","vid_ya_update_unit":"","vid_ya_categories":"","vid_ya_published_after":"","vid_ya_published_before":"","vid_ya_playlists":"","vid_ya_channels":"","vid_ya_director":"","vid_ya_actor":"","vid_ya_author":"","vid_ya_import_post_date":"","vid_ya_status":"","vid_ya_sub_api_key":""},"vid_ads_m_videoads_settings_post":{"vid_ads_m_video_ads":"","vid_ads_m_video_ads_type":"","vid_ads_m_group_google_ima":"","vid_ads_m_group_image":"","vid_ads_m_group_html5_video":"","vid_ads_m_group_html":"","vid_ads_m_vast_preroll":"","vid_ads_m_vast_postroll":"","vid_ads_m_vast_pauseroll":"","vid_ads_m_vast_midroll":[{"vid_ads_m_vast_timer_seconds":"50"}],"vid_ads_m_time_to_show_ads":"","vid_ads_m_time_skip_ads":"","vid_ads_m_time_to_hide_ads":""},"page_slider_settings":{"display_slider_group":"","page_slider_group":""},"blog_page_settings":{"blog_page_title":"","blog_page_heading":"","blog_page_ic":"","blog_page_it":"","blog_page_ec":"","blog_page_ip":"","archive_loop_style":"","blog_image_ratio":"","blog_show_categories":"","blog_show_excerpt":"","blog_show_author":"","blog_show_date":"","blog_show_comment_count":"","blog_show_view_count":"","blog_show_like_count":"","blog_show_dislike_count":"","blog_items_per_page":"","blog_pag_type":""},"page_options":{"get_page_template":"","color_mode":"","main_layout":"","main_layout_full_with":"","main_logo":"","main_logo_retina":"","main_logo_mobile":"","main_logo_mobile_retina":"","sticky_logo":"","sticky_logo_retina":"","main_nav_layout":"","ajax_search":"","header_background":"","theme_sidebar":"","instagram_feed":"","instagram_feed_position":"","popular_videos":"","popular_videos_title_1":"","popular_videos_title_2":"","popular_videos_ic":"","popular_videos_it":"","theme_background":"","page_custom_css":""},"feature_image_settings":{"feature_image_position":""},"video_player_settings":{"single_video_style":"","video_player_position":"","vm_video_url":"","video_player_library":"","video_streaming":"","vm_media_sources":"","vid_auto_play":"","vm_video_shortcode":"","vid_p_sync_playlist":"","vid_c_sync_channel":"","get_post_format":"","multiple_links_structure":"default","multi_links_title":"","vm_video_multi_links":"","vm_duration":"","vid_social_locker":"off","vid_social_locker_id":"","vid_membership_action":"content-video","vm_video_trailer_url":"","vid_download_type":"free","vid_download_target":"download","vid_woo_product":"","vm_media_download":"","user_rating":"","user_rating_position":"","user_rating_mode":"","user_rating_multi_sets":""},"video_auto_fetch_settings":{"vm_video_fetch":"on"},"video_fake_views_likes":{"vm_fake_views":"","vm_fake_likes":"","vm_fake_dislikes":""},"gallery_settings":{"gallery_position":""},"quote_settings":{"quote_position":""},"post_options":{"main_layout":"","main_logo":"","main_logo_retina":"","main_logo_mobile":"","main_logo_mobile_retina":"","sticky_logo":"","sticky_logo_retina":"","main_nav_layout":"","header_background":"","theme_sidebar":"","single_post_comment_type":"","theme_background":""}},"_links":{"self":[{"href":"https:\/\/canal7slp.tv\/2019\/wp-json\/wp\/v2\/posts\/7056","targetHints":{"allow":["GET"]}}],"collection":[{"href":"https:\/\/canal7slp.tv\/2019\/wp-json\/wp\/v2\/posts"}],"about":[{"href":"https:\/\/canal7slp.tv\/2019\/wp-json\/wp\/v2\/types\/post"}],"author":[{"embeddable":true,"href":"https:\/\/canal7slp.tv\/2019\/wp-json\/wp\/v2\/users\/2"}],"replies":[{"embeddable":true,"href":"https:\/\/canal7slp.tv\/2019\/wp-json\/wp\/v2\/comments?post=7056"}],"version-history":[{"count":0,"href":"https:\/\/canal7slp.tv\/2019\/wp-json\/wp\/v2\/posts\/7056\/revisions"}],"wp:featuredmedia":[{"embeddable":true,"href":"https:\/\/canal7slp.tv\/2019\/wp-json\/wp\/v2\/media\/7074"}],"wp:attachment":[{"href":"https:\/\/canal7slp.tv\/2019\/wp-json\/wp\/v2\/media?parent=7056"}],"wp:term":[{"taxonomy":"category","embeddable":true,"href":"https:\/\/canal7slp.tv\/2019\/wp-json\/wp\/v2\/categories?post=7056"},{"taxonomy":"post_tag","embeddable":true,"href":"https:\/\/canal7slp.tv\/2019\/wp-json\/wp\/v2\/tags?post=7056"}],"curies":[{"name":"wp","href":"https:\/\/api.w.org\/{rel}","templated":true}]}}