{"id":70541,"date":"2019-09-25T08:26:49","date_gmt":"2019-09-25T13:26:49","guid":{"rendered":"https:\/\/canal7slp.tv\/2019\/?p=70541"},"modified":"2019-09-25T08:26:49","modified_gmt":"2019-09-25T13:26:49","slug":"turnan-a-comisiones-del-senado-leyes-de-la-reforma-educativa","status":"publish","type":"post","link":"https:\/\/canal7slp.tv\/2019\/turnan-a-comisiones-del-senado-leyes-de-la-reforma-educativa\/","title":{"rendered":"Turnan a comisiones del Senado leyes de la reforma educativa"},"content":{"rendered":"<ul>\n<li style=\"text-align: justify\">La bancada del PAN adelanta que votar\u00e1 en contra de los dict\u00e1menes, pues consideran que significan un &#8220;retroceso&#8221;<\/li>\n<\/ul>\n<p style=\"text-align: justify\">M\u00e9xico.- Las comisiones unidas de Educaci\u00f3n y de Estudios Legislativos, Segunda, del Senado, inician este martes el an\u00e1lisis y dictaminaci\u00f3n de las minutas que recibi\u00f3 de la C\u00e1mara de Diputados sobre las leyes secundarias de la reforma educativa.<\/p>\n<p style=\"text-align: justify\">En la sesi\u00f3n de este d\u00eda se dio cuenta que fueron recibidas las minutas por las que se expiden la Ley General de Educaci\u00f3n y se abroga la Ley General de la Infraestructura F\u00edsica Educativa; la Ley Reglamentaria del Art\u00edculo 3 de la Constituci\u00f3n en materia de Mejora Continua de la Educaci\u00f3n, y la Ley General del Sistema para la Carrera de las Maestras y los Maestros, las cuales fueron turnadas a las comisiones se\u00f1aladas.<\/p>\n<p style=\"text-align: justify\">El objetivo es que ma\u00f1ana mi\u00e9rcoles dichas legislaciones suban al pleno para ser discutidas, votadas y en su caso aprobadas. El tema de la reforma educativa ha enfrentado principalmente al grupo mayoritario de Morena y a los senadores del Partido Acci\u00f3n Nacional (PAN).<\/p>\n<p style=\"text-align: justify\">En entrevista, el presidente de la Comisi\u00f3n de Educaci\u00f3n, el senador de Morena Rub\u00e9n Rocha Moya, dijo que se tomar\u00e1n en cuenta los planteamientos de la oposici\u00f3n, pero la minuta ser\u00e1 aprobada hoy por la tarde, a fin de que ma\u00f1ana se discuta ante el pleno senatorial.<\/p>\n<p style=\"text-align: justify\">Adem\u00e1s, rechaz\u00f3 lo dicho por los senadores panistas en el sentido de que Morena y el gobierno federal est\u00e1n entregando la rector\u00eda de la educaci\u00f3n y que traicionan a M\u00e9xico al anteponer el inter\u00e9s de un grupo violento que afecta al pa\u00eds, y agreg\u00f3 que &#8220;es un mito que se entregue el control de las plazas al sindicato y la disidencia de la CNTE&#8221;.<\/p>\n<p style=\"text-align: justify\">En tanto, el coordinador de la bancada del PAN, Mauricio Kuri Gonz\u00e1lez, adelant\u00f3 que votar\u00e1n en contra, pues &#8220;no pueden avalar un retroceso como el que plantean las leyes aprobadas en la C\u00e1mara de Diputados y turnadas al Senado. Es un pago de facturas del Presidente Andr\u00e9s Manuel L\u00f3pez Obrador a la CNTE&#8221;, dijo.<\/p>\n<p style=\"text-align: justify\">Este martes, integrantes de la Coordinadora Nacional de Trabajadores de la Educaci\u00f3n (CNTE) se concentraron en el Senado de la Rep\u00fablica e instalaron un plant\u00f3n, de manera pac\u00edfica y sin obstaculizar la entrada y salida de los trabajadores, legisladores y visitantes.<\/p>\n<p style=\"text-align: justify\">Alrededor de las 11:00 horas una veintena de maestros de esta coordinadora se reunieron en privado con el presidente de la Junta de Coordinaci\u00f3n Pol\u00edtica (Jucopo), Ricardo Monreal, donde se inform\u00f3 que se resalt\u00f3 el respeto a la movilizaci\u00f3n de los maestros.<\/p>\n<p style=\"text-align: justify\">Al concluir el encuentro, en entrevista, el dirigente de la Secci\u00f3n 22, de Oaxaca, Eloy L\u00f3pez Hern\u00e1ndez, indic\u00f3 que los integrantes de la CNTE insistieron en algunos puntos que esperan se integren a la minuta, aunque est\u00e1n de acuerdo con los puntos torales, e inform\u00f3 que mantendr\u00e1n el plant\u00f3n en el Senado mientras se dictaminan las minutas, aunque aclar\u00f3 que no cerrar\u00e1n los accesos.<\/p>\n","protected":false},"excerpt":{"rendered":"<p>La bancada del PAN adelanta que votar\u00e1 en contra de los dict\u00e1menes, pues consideran que significan un &#8220;retroceso&#8221; M\u00e9xico.- Las comisiones unidas de Educaci\u00f3n y de Estudios Legislativos, Segunda, del Senado, inician este martes el an\u00e1lisis y dictaminaci\u00f3n de las minutas que recibi\u00f3 de la C\u00e1mara de Diputados sobre las leyes secundarias de la reforma [&hellip;]<\/p>\n","protected":false},"author":2,"featured_media":70542,"comment_status":"open","ping_status":"open","sticky":false,"template":"","format":"standard","meta":{"footnotes":""},"categories":[30],"tags":[],"class_list":["post-70541","post","type-post","status-publish","format-standard","has-post-thumbnail","hentry","category-nacional"],"yoast_head":"<!-- This site is optimized with the Yoast SEO plugin v27.5 - https:\/\/yoast.com\/product\/yoast-seo-wordpress\/ -->\n<title>Turnan a comisiones del Senado leyes de la reforma educativa - Canal 7 SLP - 2019<\/title>\n<meta name=\"robots\" content=\"index, follow, max-snippet:-1, max-image-preview:large, max-video-preview:-1\" \/>\n<link rel=\"canonical\" href=\"https:\/\/canal7slp.tv\/2019\/turnan-a-comisiones-del-senado-leyes-de-la-reforma-educativa\/\" \/>\n<meta property=\"og:locale\" content=\"es_ES\" \/>\n<meta property=\"og:type\" content=\"article\" \/>\n<meta property=\"og:title\" content=\"Turnan a comisiones del Senado leyes de la reforma educativa - Canal 7 SLP - 2019\" \/>\n<meta property=\"og:description\" content=\"La bancada del PAN adelanta que votar\u00e1 en contra de los dict\u00e1menes, pues consideran que significan un &#8220;retroceso&#8221; M\u00e9xico.- Las comisiones unidas de Educaci\u00f3n y de Estudios Legislativos, Segunda, del Senado, inician este martes el an\u00e1lisis y dictaminaci\u00f3n de las minutas que recibi\u00f3 de la C\u00e1mara de Diputados sobre las leyes secundarias de la reforma [&hellip;]\" \/>\n<meta property=\"og:url\" content=\"https:\/\/canal7slp.tv\/2019\/turnan-a-comisiones-del-senado-leyes-de-la-reforma-educativa\/\" \/>\n<meta property=\"og:site_name\" content=\"Canal 7 SLP - 2019\" \/>\n<meta property=\"article:publisher\" content=\"https:\/\/www.facebook.com\/CANAL7SLP\/\" \/>\n<meta property=\"article:published_time\" content=\"2019-09-25T13:26:49+00:00\" \/>\n<meta property=\"og:image\" content=\"https:\/\/canal7slp.tv\/2019\/wp-content\/uploads\/2019\/09\/930-16.jpg\" \/>\n\t<meta property=\"og:image:width\" content=\"770\" \/>\n\t<meta property=\"og:image:height\" content=\"485\" \/>\n\t<meta property=\"og:image:type\" content=\"image\/jpeg\" \/>\n<meta name=\"author\" content=\"edicionweb\" \/>\n<meta name=\"twitter:card\" content=\"summary_large_image\" \/>\n<meta name=\"twitter:creator\" content=\"@canal7_slp\" \/>\n<meta name=\"twitter:site\" content=\"@canal7_slp\" \/>\n<meta name=\"twitter:label1\" content=\"Escrito por\" \/>\n\t<meta name=\"twitter:data1\" content=\"edicionweb\" \/>\n\t<meta name=\"twitter:label2\" content=\"Tiempo de lectura\" \/>\n\t<meta name=\"twitter:data2\" content=\"3 minutos\" \/>\n<script type=\"application\/ld+json\" class=\"yoast-schema-graph\">{\"@context\":\"https:\\\/\\\/schema.org\",\"@graph\":[{\"@type\":\"Article\",\"@id\":\"https:\\\/\\\/canal7slp.tv\\\/2019\\\/turnan-a-comisiones-del-senado-leyes-de-la-reforma-educativa\\\/#article\",\"isPartOf\":{\"@id\":\"https:\\\/\\\/canal7slp.tv\\\/2019\\\/turnan-a-comisiones-del-senado-leyes-de-la-reforma-educativa\\\/\"},\"author\":{\"name\":\"edicionweb\",\"@id\":\"https:\\\/\\\/canal7slp.tv\\\/2019\\\/#\\\/schema\\\/person\\\/11d941c1c6ca30ac0a46b95fa37aa2e3\"},\"headline\":\"Turnan a comisiones del Senado leyes de la reforma educativa\",\"datePublished\":\"2019-09-25T13:26:49+00:00\",\"mainEntityOfPage\":{\"@id\":\"https:\\\/\\\/canal7slp.tv\\\/2019\\\/turnan-a-comisiones-del-senado-leyes-de-la-reforma-educativa\\\/\"},\"wordCount\":543,\"commentCount\":0,\"publisher\":{\"@id\":\"https:\\\/\\\/canal7slp.tv\\\/2019\\\/#organization\"},\"image\":{\"@id\":\"https:\\\/\\\/canal7slp.tv\\\/2019\\\/turnan-a-comisiones-del-senado-leyes-de-la-reforma-educativa\\\/#primaryimage\"},\"thumbnailUrl\":\"https:\\\/\\\/canal7slp.tv\\\/2019\\\/wp-content\\\/uploads\\\/2019\\\/09\\\/930-16.jpg\",\"articleSection\":[\"NACIONAL\"],\"inLanguage\":\"es\",\"potentialAction\":[{\"@type\":\"CommentAction\",\"name\":\"Comment\",\"target\":[\"https:\\\/\\\/canal7slp.tv\\\/2019\\\/turnan-a-comisiones-del-senado-leyes-de-la-reforma-educativa\\\/#respond\"]}]},{\"@type\":\"WebPage\",\"@id\":\"https:\\\/\\\/canal7slp.tv\\\/2019\\\/turnan-a-comisiones-del-senado-leyes-de-la-reforma-educativa\\\/\",\"url\":\"https:\\\/\\\/canal7slp.tv\\\/2019\\\/turnan-a-comisiones-del-senado-leyes-de-la-reforma-educativa\\\/\",\"name\":\"Turnan a comisiones del Senado leyes de la reforma educativa - Canal 7 SLP - 2019\",\"isPartOf\":{\"@id\":\"https:\\\/\\\/canal7slp.tv\\\/2019\\\/#website\"},\"primaryImageOfPage\":{\"@id\":\"https:\\\/\\\/canal7slp.tv\\\/2019\\\/turnan-a-comisiones-del-senado-leyes-de-la-reforma-educativa\\\/#primaryimage\"},\"image\":{\"@id\":\"https:\\\/\\\/canal7slp.tv\\\/2019\\\/turnan-a-comisiones-del-senado-leyes-de-la-reforma-educativa\\\/#primaryimage\"},\"thumbnailUrl\":\"https:\\\/\\\/canal7slp.tv\\\/2019\\\/wp-content\\\/uploads\\\/2019\\\/09\\\/930-16.jpg\",\"datePublished\":\"2019-09-25T13:26:49+00:00\",\"breadcrumb\":{\"@id\":\"https:\\\/\\\/canal7slp.tv\\\/2019\\\/turnan-a-comisiones-del-senado-leyes-de-la-reforma-educativa\\\/#breadcrumb\"},\"inLanguage\":\"es\",\"potentialAction\":[{\"@type\":\"ReadAction\",\"target\":[\"https:\\\/\\\/canal7slp.tv\\\/2019\\\/turnan-a-comisiones-del-senado-leyes-de-la-reforma-educativa\\\/\"]}]},{\"@type\":\"ImageObject\",\"inLanguage\":\"es\",\"@id\":\"https:\\\/\\\/canal7slp.tv\\\/2019\\\/turnan-a-comisiones-del-senado-leyes-de-la-reforma-educativa\\\/#primaryimage\",\"url\":\"https:\\\/\\\/canal7slp.tv\\\/2019\\\/wp-content\\\/uploads\\\/2019\\\/09\\\/930-16.jpg\",\"contentUrl\":\"https:\\\/\\\/canal7slp.tv\\\/2019\\\/wp-content\\\/uploads\\\/2019\\\/09\\\/930-16.jpg\",\"width\":770,\"height\":485},{\"@type\":\"BreadcrumbList\",\"@id\":\"https:\\\/\\\/canal7slp.tv\\\/2019\\\/turnan-a-comisiones-del-senado-leyes-de-la-reforma-educativa\\\/#breadcrumb\",\"itemListElement\":[{\"@type\":\"ListItem\",\"position\":1,\"name\":\"Home\",\"item\":\"https:\\\/\\\/canal7slp.tv\\\/2019\\\/\"},{\"@type\":\"ListItem\",\"position\":2,\"name\":\"Turnan a comisiones del Senado leyes de la reforma educativa\"}]},{\"@type\":\"WebSite\",\"@id\":\"https:\\\/\\\/canal7slp.tv\\\/2019\\\/#website\",\"url\":\"https:\\\/\\\/canal7slp.tv\\\/2019\\\/\",\"name\":\"Canal 7 SLP - Somos TV\",\"description\":\"Somos un Canal de 10\",\"publisher\":{\"@id\":\"https:\\\/\\\/canal7slp.tv\\\/2019\\\/#organization\"},\"potentialAction\":[{\"@type\":\"SearchAction\",\"target\":{\"@type\":\"EntryPoint\",\"urlTemplate\":\"https:\\\/\\\/canal7slp.tv\\\/2019\\\/?s={search_term_string}\"},\"query-input\":{\"@type\":\"PropertyValueSpecification\",\"valueRequired\":true,\"valueName\":\"search_term_string\"}}],\"inLanguage\":\"es\"},{\"@type\":\"Organization\",\"@id\":\"https:\\\/\\\/canal7slp.tv\\\/2019\\\/#organization\",\"name\":\"Comunicaci\u00f3n 2000 S.A. de C.V.\",\"url\":\"https:\\\/\\\/canal7slp.tv\\\/2019\\\/\",\"logo\":{\"@type\":\"ImageObject\",\"inLanguage\":\"es\",\"@id\":\"https:\\\/\\\/canal7slp.tv\\\/2019\\\/#\\\/schema\\\/logo\\\/image\\\/\",\"url\":\"https:\\\/\\\/canal7slp.tv\\\/2019\\\/wp-content\\\/uploads\\\/2019\\\/07\\\/logo-c7.png\",\"contentUrl\":\"https:\\\/\\\/canal7slp.tv\\\/2019\\\/wp-content\\\/uploads\\\/2019\\\/07\\\/logo-c7.png\",\"width\":220,\"height\":60,\"caption\":\"Comunicaci\u00f3n 2000 S.A. de C.V.\"},\"image\":{\"@id\":\"https:\\\/\\\/canal7slp.tv\\\/2019\\\/#\\\/schema\\\/logo\\\/image\\\/\"},\"sameAs\":[\"https:\\\/\\\/www.facebook.com\\\/CANAL7SLP\\\/\",\"https:\\\/\\\/x.com\\\/canal7_slp\",\"https:\\\/\\\/www.instagram.com\\\/canal7_slp\",\"https:\\\/\\\/www.youtube.com\\\/user\\\/NOTICIEROSCANAL7SLP\\\/\"]},{\"@type\":\"Person\",\"@id\":\"https:\\\/\\\/canal7slp.tv\\\/2019\\\/#\\\/schema\\\/person\\\/11d941c1c6ca30ac0a46b95fa37aa2e3\",\"name\":\"edicionweb\",\"image\":{\"@type\":\"ImageObject\",\"inLanguage\":\"es\",\"@id\":\"https:\\\/\\\/secure.gravatar.com\\\/avatar\\\/eee448fc3f7164808013b816ba91ac7e43bbe82a70bebac296f8bc6f0addaa1a?s=96&d=mm&r=g\",\"url\":\"https:\\\/\\\/secure.gravatar.com\\\/avatar\\\/eee448fc3f7164808013b816ba91ac7e43bbe82a70bebac296f8bc6f0addaa1a?s=96&d=mm&r=g\",\"contentUrl\":\"https:\\\/\\\/secure.gravatar.com\\\/avatar\\\/eee448fc3f7164808013b816ba91ac7e43bbe82a70bebac296f8bc6f0addaa1a?s=96&d=mm&r=g\",\"caption\":\"edicionweb\"}}]}<\/script>\n<!-- \/ Yoast SEO plugin. -->","yoast_head_json":{"title":"Turnan a comisiones del Senado leyes de la reforma educativa - Canal 7 SLP - 2019","robots":{"index":"index","follow":"follow","max-snippet":"max-snippet:-1","max-image-preview":"max-image-preview:large","max-video-preview":"max-video-preview:-1"},"canonical":"https:\/\/canal7slp.tv\/2019\/turnan-a-comisiones-del-senado-leyes-de-la-reforma-educativa\/","og_locale":"es_ES","og_type":"article","og_title":"Turnan a comisiones del Senado leyes de la reforma educativa - Canal 7 SLP - 2019","og_description":"La bancada del PAN adelanta que votar\u00e1 en contra de los dict\u00e1menes, pues consideran que significan un &#8220;retroceso&#8221; M\u00e9xico.- Las comisiones unidas de Educaci\u00f3n y de Estudios Legislativos, Segunda, del Senado, inician este martes el an\u00e1lisis y dictaminaci\u00f3n de las minutas que recibi\u00f3 de la C\u00e1mara de Diputados sobre las leyes secundarias de la reforma [&hellip;]","og_url":"https:\/\/canal7slp.tv\/2019\/turnan-a-comisiones-del-senado-leyes-de-la-reforma-educativa\/","og_site_name":"Canal 7 SLP - 2019","article_publisher":"https:\/\/www.facebook.com\/CANAL7SLP\/","article_published_time":"2019-09-25T13:26:49+00:00","og_image":[{"width":770,"height":485,"url":"https:\/\/canal7slp.tv\/2019\/wp-content\/uploads\/2019\/09\/930-16.jpg","type":"image\/jpeg"}],"author":"edicionweb","twitter_card":"summary_large_image","twitter_creator":"@canal7_slp","twitter_site":"@canal7_slp","twitter_misc":{"Escrito por":"edicionweb","Tiempo de lectura":"3 minutos"},"schema":{"@context":"https:\/\/schema.org","@graph":[{"@type":"Article","@id":"https:\/\/canal7slp.tv\/2019\/turnan-a-comisiones-del-senado-leyes-de-la-reforma-educativa\/#article","isPartOf":{"@id":"https:\/\/canal7slp.tv\/2019\/turnan-a-comisiones-del-senado-leyes-de-la-reforma-educativa\/"},"author":{"name":"edicionweb","@id":"https:\/\/canal7slp.tv\/2019\/#\/schema\/person\/11d941c1c6ca30ac0a46b95fa37aa2e3"},"headline":"Turnan a comisiones del Senado leyes de la reforma educativa","datePublished":"2019-09-25T13:26:49+00:00","mainEntityOfPage":{"@id":"https:\/\/canal7slp.tv\/2019\/turnan-a-comisiones-del-senado-leyes-de-la-reforma-educativa\/"},"wordCount":543,"commentCount":0,"publisher":{"@id":"https:\/\/canal7slp.tv\/2019\/#organization"},"image":{"@id":"https:\/\/canal7slp.tv\/2019\/turnan-a-comisiones-del-senado-leyes-de-la-reforma-educativa\/#primaryimage"},"thumbnailUrl":"https:\/\/canal7slp.tv\/2019\/wp-content\/uploads\/2019\/09\/930-16.jpg","articleSection":["NACIONAL"],"inLanguage":"es","potentialAction":[{"@type":"CommentAction","name":"Comment","target":["https:\/\/canal7slp.tv\/2019\/turnan-a-comisiones-del-senado-leyes-de-la-reforma-educativa\/#respond"]}]},{"@type":"WebPage","@id":"https:\/\/canal7slp.tv\/2019\/turnan-a-comisiones-del-senado-leyes-de-la-reforma-educativa\/","url":"https:\/\/canal7slp.tv\/2019\/turnan-a-comisiones-del-senado-leyes-de-la-reforma-educativa\/","name":"Turnan a comisiones del Senado leyes de la reforma educativa - Canal 7 SLP - 2019","isPartOf":{"@id":"https:\/\/canal7slp.tv\/2019\/#website"},"primaryImageOfPage":{"@id":"https:\/\/canal7slp.tv\/2019\/turnan-a-comisiones-del-senado-leyes-de-la-reforma-educativa\/#primaryimage"},"image":{"@id":"https:\/\/canal7slp.tv\/2019\/turnan-a-comisiones-del-senado-leyes-de-la-reforma-educativa\/#primaryimage"},"thumbnailUrl":"https:\/\/canal7slp.tv\/2019\/wp-content\/uploads\/2019\/09\/930-16.jpg","datePublished":"2019-09-25T13:26:49+00:00","breadcrumb":{"@id":"https:\/\/canal7slp.tv\/2019\/turnan-a-comisiones-del-senado-leyes-de-la-reforma-educativa\/#breadcrumb"},"inLanguage":"es","potentialAction":[{"@type":"ReadAction","target":["https:\/\/canal7slp.tv\/2019\/turnan-a-comisiones-del-senado-leyes-de-la-reforma-educativa\/"]}]},{"@type":"ImageObject","inLanguage":"es","@id":"https:\/\/canal7slp.tv\/2019\/turnan-a-comisiones-del-senado-leyes-de-la-reforma-educativa\/#primaryimage","url":"https:\/\/canal7slp.tv\/2019\/wp-content\/uploads\/2019\/09\/930-16.jpg","contentUrl":"https:\/\/canal7slp.tv\/2019\/wp-content\/uploads\/2019\/09\/930-16.jpg","width":770,"height":485},{"@type":"BreadcrumbList","@id":"https:\/\/canal7slp.tv\/2019\/turnan-a-comisiones-del-senado-leyes-de-la-reforma-educativa\/#breadcrumb","itemListElement":[{"@type":"ListItem","position":1,"name":"Home","item":"https:\/\/canal7slp.tv\/2019\/"},{"@type":"ListItem","position":2,"name":"Turnan a comisiones del Senado leyes de la reforma educativa"}]},{"@type":"WebSite","@id":"https:\/\/canal7slp.tv\/2019\/#website","url":"https:\/\/canal7slp.tv\/2019\/","name":"Canal 7 SLP - Somos TV","description":"Somos un Canal de 10","publisher":{"@id":"https:\/\/canal7slp.tv\/2019\/#organization"},"potentialAction":[{"@type":"SearchAction","target":{"@type":"EntryPoint","urlTemplate":"https:\/\/canal7slp.tv\/2019\/?s={search_term_string}"},"query-input":{"@type":"PropertyValueSpecification","valueRequired":true,"valueName":"search_term_string"}}],"inLanguage":"es"},{"@type":"Organization","@id":"https:\/\/canal7slp.tv\/2019\/#organization","name":"Comunicaci\u00f3n 2000 S.A. de C.V.","url":"https:\/\/canal7slp.tv\/2019\/","logo":{"@type":"ImageObject","inLanguage":"es","@id":"https:\/\/canal7slp.tv\/2019\/#\/schema\/logo\/image\/","url":"https:\/\/canal7slp.tv\/2019\/wp-content\/uploads\/2019\/07\/logo-c7.png","contentUrl":"https:\/\/canal7slp.tv\/2019\/wp-content\/uploads\/2019\/07\/logo-c7.png","width":220,"height":60,"caption":"Comunicaci\u00f3n 2000 S.A. de C.V."},"image":{"@id":"https:\/\/canal7slp.tv\/2019\/#\/schema\/logo\/image\/"},"sameAs":["https:\/\/www.facebook.com\/CANAL7SLP\/","https:\/\/x.com\/canal7_slp","https:\/\/www.instagram.com\/canal7_slp","https:\/\/www.youtube.com\/user\/NOTICIEROSCANAL7SLP\/"]},{"@type":"Person","@id":"https:\/\/canal7slp.tv\/2019\/#\/schema\/person\/11d941c1c6ca30ac0a46b95fa37aa2e3","name":"edicionweb","image":{"@type":"ImageObject","inLanguage":"es","@id":"https:\/\/secure.gravatar.com\/avatar\/eee448fc3f7164808013b816ba91ac7e43bbe82a70bebac296f8bc6f0addaa1a?s=96&d=mm&r=g","url":"https:\/\/secure.gravatar.com\/avatar\/eee448fc3f7164808013b816ba91ac7e43bbe82a70bebac296f8bc6f0addaa1a?s=96&d=mm&r=g","contentUrl":"https:\/\/secure.gravatar.com\/avatar\/eee448fc3f7164808013b816ba91ac7e43bbe82a70bebac296f8bc6f0addaa1a?s=96&d=mm&r=g","caption":"edicionweb"}}]}},"amp_enabled":true,"cmb2":{"video_ids_in_playlist":{"vid_p_videos":""},"video_ids_in_channel":{"vid_c_videos":""},"playlist_ids_in_channel":{"vid_c_playlists":""},"series_ids_in_channel":{"vid_c_series":""},"channel_images":{"vid_c_logo":"","vid_c_banner":""},"poster_feature_image":{"vid_m_poster_image":""},"gif_feature_image":{"vid_m_gif_image":""},"video_movie_settings":{"vid_m_director":"","vid_m_actor":"","vid_m_imdb_ratings":"","vid_m_amazon_associates":""},"vid_youtube_broadcasts_settings":{"vid_yb_broadcast_title":"","vid_yb_q":"","vid_yb_channelid":"","vid_yb_videocategoryid":"","vid_yb_maxresults":"","vid_yb_order":"","vid_yb_regioncode":"","vid_yb_videosyndicated":"","vid_yb_style":"","vid_yb_reload_first":""},"video_series_settings":{"vid_m_director":"","vid_m_actor":"","vid_m_imdb_ratings":"","video_series_group":""},"amazon_associates_settings":{"amazon_associates":"","amazon_native_ad":""},"vid_youtube_automatic_settings":{"vid_ya_youtube_source":"","vid_ya_update_every":"","vid_ya_update_unit":"","vid_ya_categories":"","vid_ya_published_after":"","vid_ya_published_before":"","vid_ya_playlists":"","vid_ya_channels":"","vid_ya_director":"","vid_ya_actor":"","vid_ya_author":"","vid_ya_import_post_date":"","vid_ya_status":"","vid_ya_sub_api_key":""},"vid_ads_m_videoads_settings_post":{"vid_ads_m_video_ads":"","vid_ads_m_video_ads_type":"","vid_ads_m_group_google_ima":"","vid_ads_m_group_image":"","vid_ads_m_group_html5_video":"","vid_ads_m_group_html":"","vid_ads_m_vast_preroll":"","vid_ads_m_vast_postroll":"","vid_ads_m_vast_pauseroll":"","vid_ads_m_vast_midroll":[{"vid_ads_m_vast_timer_seconds":"50"}],"vid_ads_m_time_to_show_ads":"","vid_ads_m_time_skip_ads":"","vid_ads_m_time_to_hide_ads":""},"page_slider_settings":{"display_slider_group":"","page_slider_group":""},"blog_page_settings":{"blog_page_title":"","blog_page_heading":"","blog_page_ic":"","blog_page_it":"","blog_page_ec":"","blog_page_ip":"","archive_loop_style":"","blog_image_ratio":"","blog_show_categories":"","blog_show_excerpt":"","blog_show_author":"","blog_show_date":"","blog_show_comment_count":"","blog_show_view_count":"","blog_show_like_count":"","blog_show_dislike_count":"","blog_items_per_page":"","blog_pag_type":""},"page_options":{"get_page_template":"","color_mode":"","main_layout":"","main_layout_full_with":"","main_logo":"","main_logo_retina":"","main_logo_mobile":"","main_logo_mobile_retina":"","sticky_logo":"","sticky_logo_retina":"","main_nav_layout":"","ajax_search":"","header_background":"","theme_sidebar":"","instagram_feed":"","instagram_feed_position":"","popular_videos":"","popular_videos_title_1":"","popular_videos_title_2":"","popular_videos_ic":"","popular_videos_it":"","theme_background":"","page_custom_css":""},"feature_image_settings":{"feature_image_position":""},"video_player_settings":{"single_video_style":"","video_player_position":"","vm_video_url":"","video_player_library":"","video_streaming":"","vm_media_sources":"","vid_auto_play":"","vm_video_shortcode":"","vid_p_sync_playlist":"","vid_c_sync_channel":"","get_post_format":"","multiple_links_structure":"default","multi_links_title":"","vm_video_multi_links":"","vm_duration":"","vid_social_locker":"off","vid_social_locker_id":"","vid_membership_action":"content-video","vm_video_trailer_url":"","vid_download_type":"free","vid_download_target":"download","vid_woo_product":"","vm_media_download":"","user_rating":"","user_rating_position":"","user_rating_mode":"","user_rating_multi_sets":""},"video_auto_fetch_settings":{"vm_video_fetch":"on"},"video_fake_views_likes":{"vm_fake_views":"","vm_fake_likes":"","vm_fake_dislikes":""},"gallery_settings":{"gallery_position":""},"quote_settings":{"quote_position":""},"post_options":{"main_layout":"","main_logo":"","main_logo_retina":"","main_logo_mobile":"","main_logo_mobile_retina":"","sticky_logo":"","sticky_logo_retina":"","main_nav_layout":"","header_background":"","theme_sidebar":"","single_post_comment_type":"","theme_background":""}},"_links":{"self":[{"href":"https:\/\/canal7slp.tv\/2019\/wp-json\/wp\/v2\/posts\/70541","targetHints":{"allow":["GET"]}}],"collection":[{"href":"https:\/\/canal7slp.tv\/2019\/wp-json\/wp\/v2\/posts"}],"about":[{"href":"https:\/\/canal7slp.tv\/2019\/wp-json\/wp\/v2\/types\/post"}],"author":[{"embeddable":true,"href":"https:\/\/canal7slp.tv\/2019\/wp-json\/wp\/v2\/users\/2"}],"replies":[{"embeddable":true,"href":"https:\/\/canal7slp.tv\/2019\/wp-json\/wp\/v2\/comments?post=70541"}],"version-history":[{"count":0,"href":"https:\/\/canal7slp.tv\/2019\/wp-json\/wp\/v2\/posts\/70541\/revisions"}],"wp:featuredmedia":[{"embeddable":true,"href":"https:\/\/canal7slp.tv\/2019\/wp-json\/wp\/v2\/media\/70542"}],"wp:attachment":[{"href":"https:\/\/canal7slp.tv\/2019\/wp-json\/wp\/v2\/media?parent=70541"}],"wp:term":[{"taxonomy":"category","embeddable":true,"href":"https:\/\/canal7slp.tv\/2019\/wp-json\/wp\/v2\/categories?post=70541"},{"taxonomy":"post_tag","embeddable":true,"href":"https:\/\/canal7slp.tv\/2019\/wp-json\/wp\/v2\/tags?post=70541"}],"curies":[{"name":"wp","href":"https:\/\/api.w.org\/{rel}","templated":true}]}}