{"id":70263,"date":"2019-09-24T13:04:15","date_gmt":"2019-09-24T18:04:15","guid":{"rendered":"https:\/\/canal7slp.tv\/2019\/?p=70263"},"modified":"2019-09-24T13:04:15","modified_gmt":"2019-09-24T18:04:15","slug":"joker-no-sera-proyectada-en-cine-donde-ocurrio-tiroteo-por-batman","status":"publish","type":"post","link":"https:\/\/canal7slp.tv\/2019\/joker-no-sera-proyectada-en-cine-donde-ocurrio-tiroteo-por-batman\/","title":{"rendered":"&#8220;Joker&#8221; no ser\u00e1 proyectada en cine donde ocurri\u00f3 tiroteo por &#8220;Batman&#8221;"},"content":{"rendered":"<ul>\n<li style=\"text-align: justify\">Seg\u00fan The Hollywood Reporter, familiares de las v\u00edctimas muestran preocupaci\u00f3n por la nueva adaptaci\u00f3n del villano<\/li>\n<\/ul>\n<p style=\"text-align: justify\">Colorado.- La versi\u00f3n de Todd Phillips sobre el villano \u201cJoker\u201d no ser\u00e1 proyectado en el cine de Aurora, Colorado tras el tiroteo ocurrido en 2012 por \u201cEl Caballero de la Noche Asciende\u201d, inform\u00f3 The Hollywood Reporter.<\/p>\n<p style=\"text-align: justify\">De acuerdo con el medio especializado, la cadena de cine no incluy\u00f3 este lunes los horarios para la proyecci\u00f3n de \u201cJoker\u201d en su pr\u00f3ximo estreno el 4 de octubre. Un empleado del teatro dijo a THR que la preventa de boletos del estreno no estaba disponible.<\/p>\n<p style=\"text-align: justify\">Asimismo, familiares de las v\u00edctimas del atentado que dej\u00f3 a 12 personas muertas y 70 heridos durante la pel\u00edcula de \u201cBatman\u201d, pidieron a Warner Bros. mediante una carta facilitada al medio, que done a grupos que ayuden a las v\u00edctimas de la violencia armada.<\/p>\n<p style=\"text-align: justify\">Algunos familiares y sobrevivientes del atentado perpetrado por James Holmes muestra la preocupaci\u00f3n sobre la nueva adaptaci\u00f3n del vilano de \u201cCiudad G\u00f3tica\u201d.<\/p>\n<p style=\"text-align: justify\">\u201cNo necesito ver una foto de (Holmes); s\u00f3lo necesito ver una promoci\u00f3n de \u00b4Joker\u00b4y veo una foto del asesino\u201d, dijo Sandy Phillips a The Hollywood Reporter, cuya hija de 24 a\u00f1os estaba entre las v\u00edctimas.<\/p>\n<p style=\"text-align: justify\">Phillips agreg\u00f3 que el filme protagonizado por Joaquin Phoenix es como \u201cuna bofetada en la cara\u201d, pues le preocupa que el p\u00fablico se conecte o emule al protagonista en un mundo donde los tiroteos masivos se han convertido en algo com\u00fan.<\/p>\n<p style=\"text-align: justify\">\u201cLa carta dirigida a Warner no busca detener el lanzamiento de la pel\u00edcula ni reunir a los cr\u00edticos de armas para boicotearla\u201d, aclar\u00f3 Sandy, y dijo que piden al estudio que \u201duse su influencia en el Congreso para presionar activamente por la reforma armamentista\u201d en EU.<\/p>\n<p style=\"text-align: justify\">Sin embargo, el representante de los estudios Warner asegur\u00f3 que no han recibido dicha carta, por lo que no \u201cpueden comentar sobre una carta que no han visto\u201d.<\/p>\n<p style=\"text-align: justify\">El pasado 20 de julio de 2012 James Holmes, vestido con armadura completa y cargado de m\u00faltiples armas, incluido un rifle de asalto, aterroriz\u00f3 el cine Aurora Cinemark, dejando un total de 12 personas muertas e hiri\u00f3 a 70 durante la proyecci\u00f3n de la pel\u00edcula \u201cEl Caballero de la Noche Asciende\u201d de Christopher Nolan.<\/p>\n<p style=\"text-align: justify\">\u201cJoker\u201d (2019) es comercializada con una clasificaci\u00f3n R (No apta para menores de edad en EU) por su contenido de drama criminal, toda vez que recibi\u00f3 elogios en su estreno en el Festival de Cine de Venecia, llev\u00e1ndose tambi\u00e9n el Le\u00f3n de Oro de la muestra.<\/p>\n","protected":false},"excerpt":{"rendered":"<p>Seg\u00fan The Hollywood Reporter, familiares de las v\u00edctimas muestran preocupaci\u00f3n por la nueva adaptaci\u00f3n del villano Colorado.- La versi\u00f3n de Todd Phillips sobre el villano \u201cJoker\u201d no ser\u00e1 proyectado en el cine de Aurora, Colorado tras el tiroteo ocurrido en 2012 por \u201cEl Caballero de la Noche Asciende\u201d, inform\u00f3 The Hollywood Reporter. De acuerdo con [&hellip;]<\/p>\n","protected":false},"author":2,"featured_media":70264,"comment_status":"open","ping_status":"open","sticky":false,"template":"","format":"standard","meta":{"footnotes":""},"categories":[24],"tags":[],"class_list":["post-70263","post","type-post","status-publish","format-standard","has-post-thumbnail","hentry","category-espectaculos"],"yoast_head":"<!-- This site is optimized with the Yoast SEO plugin v27.5 - https:\/\/yoast.com\/product\/yoast-seo-wordpress\/ -->\n<title>&quot;Joker&quot; no ser\u00e1 proyectada en cine donde ocurri\u00f3 tiroteo por &quot;Batman&quot; - Canal 7 SLP - 2019<\/title>\n<meta name=\"robots\" content=\"index, follow, max-snippet:-1, max-image-preview:large, max-video-preview:-1\" \/>\n<link rel=\"canonical\" href=\"https:\/\/canal7slp.tv\/2019\/joker-no-sera-proyectada-en-cine-donde-ocurrio-tiroteo-por-batman\/\" \/>\n<meta property=\"og:locale\" content=\"es_ES\" \/>\n<meta property=\"og:type\" content=\"article\" \/>\n<meta property=\"og:title\" content=\"&quot;Joker&quot; no ser\u00e1 proyectada en cine donde ocurri\u00f3 tiroteo por &quot;Batman&quot; - Canal 7 SLP - 2019\" \/>\n<meta property=\"og:description\" content=\"Seg\u00fan The Hollywood Reporter, familiares de las v\u00edctimas muestran preocupaci\u00f3n por la nueva adaptaci\u00f3n del villano Colorado.- La versi\u00f3n de Todd Phillips sobre el villano \u201cJoker\u201d no ser\u00e1 proyectado en el cine de Aurora, Colorado tras el tiroteo ocurrido en 2012 por \u201cEl Caballero de la Noche Asciende\u201d, inform\u00f3 The Hollywood Reporter. De acuerdo con [&hellip;]\" \/>\n<meta property=\"og:url\" content=\"https:\/\/canal7slp.tv\/2019\/joker-no-sera-proyectada-en-cine-donde-ocurrio-tiroteo-por-batman\/\" \/>\n<meta property=\"og:site_name\" content=\"Canal 7 SLP - 2019\" \/>\n<meta property=\"article:publisher\" content=\"https:\/\/www.facebook.com\/CANAL7SLP\/\" \/>\n<meta property=\"article:published_time\" content=\"2019-09-24T18:04:15+00:00\" \/>\n<meta property=\"og:image\" content=\"https:\/\/canal7slp.tv\/2019\/wp-content\/uploads\/2019\/09\/1440-3.jpg\" \/>\n\t<meta property=\"og:image:width\" content=\"770\" \/>\n\t<meta property=\"og:image:height\" content=\"485\" \/>\n\t<meta property=\"og:image:type\" content=\"image\/jpeg\" \/>\n<meta name=\"author\" content=\"edicionweb\" \/>\n<meta name=\"twitter:card\" content=\"summary_large_image\" \/>\n<meta name=\"twitter:creator\" content=\"@canal7_slp\" \/>\n<meta name=\"twitter:site\" content=\"@canal7_slp\" \/>\n<meta name=\"twitter:label1\" content=\"Escrito por\" \/>\n\t<meta name=\"twitter:data1\" content=\"edicionweb\" \/>\n\t<meta name=\"twitter:label2\" content=\"Tiempo de lectura\" \/>\n\t<meta name=\"twitter:data2\" content=\"2 minutos\" \/>\n<script type=\"application\/ld+json\" class=\"yoast-schema-graph\">{\"@context\":\"https:\\\/\\\/schema.org\",\"@graph\":[{\"@type\":\"Article\",\"@id\":\"https:\\\/\\\/canal7slp.tv\\\/2019\\\/joker-no-sera-proyectada-en-cine-donde-ocurrio-tiroteo-por-batman\\\/#article\",\"isPartOf\":{\"@id\":\"https:\\\/\\\/canal7slp.tv\\\/2019\\\/joker-no-sera-proyectada-en-cine-donde-ocurrio-tiroteo-por-batman\\\/\"},\"author\":{\"name\":\"edicionweb\",\"@id\":\"https:\\\/\\\/canal7slp.tv\\\/2019\\\/#\\\/schema\\\/person\\\/11d941c1c6ca30ac0a46b95fa37aa2e3\"},\"headline\":\"&#8220;Joker&#8221; no ser\u00e1 proyectada en cine donde ocurri\u00f3 tiroteo por &#8220;Batman&#8221;\",\"datePublished\":\"2019-09-24T18:04:15+00:00\",\"mainEntityOfPage\":{\"@id\":\"https:\\\/\\\/canal7slp.tv\\\/2019\\\/joker-no-sera-proyectada-en-cine-donde-ocurrio-tiroteo-por-batman\\\/\"},\"wordCount\":445,\"commentCount\":0,\"publisher\":{\"@id\":\"https:\\\/\\\/canal7slp.tv\\\/2019\\\/#organization\"},\"image\":{\"@id\":\"https:\\\/\\\/canal7slp.tv\\\/2019\\\/joker-no-sera-proyectada-en-cine-donde-ocurrio-tiroteo-por-batman\\\/#primaryimage\"},\"thumbnailUrl\":\"https:\\\/\\\/canal7slp.tv\\\/2019\\\/wp-content\\\/uploads\\\/2019\\\/09\\\/1440-3.jpg\",\"articleSection\":[\"ESPECTACULOS\"],\"inLanguage\":\"es\",\"potentialAction\":[{\"@type\":\"CommentAction\",\"name\":\"Comment\",\"target\":[\"https:\\\/\\\/canal7slp.tv\\\/2019\\\/joker-no-sera-proyectada-en-cine-donde-ocurrio-tiroteo-por-batman\\\/#respond\"]}]},{\"@type\":\"WebPage\",\"@id\":\"https:\\\/\\\/canal7slp.tv\\\/2019\\\/joker-no-sera-proyectada-en-cine-donde-ocurrio-tiroteo-por-batman\\\/\",\"url\":\"https:\\\/\\\/canal7slp.tv\\\/2019\\\/joker-no-sera-proyectada-en-cine-donde-ocurrio-tiroteo-por-batman\\\/\",\"name\":\"\\\"Joker\\\" no ser\u00e1 proyectada en cine donde ocurri\u00f3 tiroteo por \\\"Batman\\\" - Canal 7 SLP - 2019\",\"isPartOf\":{\"@id\":\"https:\\\/\\\/canal7slp.tv\\\/2019\\\/#website\"},\"primaryImageOfPage\":{\"@id\":\"https:\\\/\\\/canal7slp.tv\\\/2019\\\/joker-no-sera-proyectada-en-cine-donde-ocurrio-tiroteo-por-batman\\\/#primaryimage\"},\"image\":{\"@id\":\"https:\\\/\\\/canal7slp.tv\\\/2019\\\/joker-no-sera-proyectada-en-cine-donde-ocurrio-tiroteo-por-batman\\\/#primaryimage\"},\"thumbnailUrl\":\"https:\\\/\\\/canal7slp.tv\\\/2019\\\/wp-content\\\/uploads\\\/2019\\\/09\\\/1440-3.jpg\",\"datePublished\":\"2019-09-24T18:04:15+00:00\",\"breadcrumb\":{\"@id\":\"https:\\\/\\\/canal7slp.tv\\\/2019\\\/joker-no-sera-proyectada-en-cine-donde-ocurrio-tiroteo-por-batman\\\/#breadcrumb\"},\"inLanguage\":\"es\",\"potentialAction\":[{\"@type\":\"ReadAction\",\"target\":[\"https:\\\/\\\/canal7slp.tv\\\/2019\\\/joker-no-sera-proyectada-en-cine-donde-ocurrio-tiroteo-por-batman\\\/\"]}]},{\"@type\":\"ImageObject\",\"inLanguage\":\"es\",\"@id\":\"https:\\\/\\\/canal7slp.tv\\\/2019\\\/joker-no-sera-proyectada-en-cine-donde-ocurrio-tiroteo-por-batman\\\/#primaryimage\",\"url\":\"https:\\\/\\\/canal7slp.tv\\\/2019\\\/wp-content\\\/uploads\\\/2019\\\/09\\\/1440-3.jpg\",\"contentUrl\":\"https:\\\/\\\/canal7slp.tv\\\/2019\\\/wp-content\\\/uploads\\\/2019\\\/09\\\/1440-3.jpg\",\"width\":770,\"height\":485},{\"@type\":\"BreadcrumbList\",\"@id\":\"https:\\\/\\\/canal7slp.tv\\\/2019\\\/joker-no-sera-proyectada-en-cine-donde-ocurrio-tiroteo-por-batman\\\/#breadcrumb\",\"itemListElement\":[{\"@type\":\"ListItem\",\"position\":1,\"name\":\"Home\",\"item\":\"https:\\\/\\\/canal7slp.tv\\\/2019\\\/\"},{\"@type\":\"ListItem\",\"position\":2,\"name\":\"&#8220;Joker&#8221; no ser\u00e1 proyectada en cine donde ocurri\u00f3 tiroteo por &#8220;Batman&#8221;\"}]},{\"@type\":\"WebSite\",\"@id\":\"https:\\\/\\\/canal7slp.tv\\\/2019\\\/#website\",\"url\":\"https:\\\/\\\/canal7slp.tv\\\/2019\\\/\",\"name\":\"Canal 7 SLP - Somos TV\",\"description\":\"Somos un Canal de 10\",\"publisher\":{\"@id\":\"https:\\\/\\\/canal7slp.tv\\\/2019\\\/#organization\"},\"potentialAction\":[{\"@type\":\"SearchAction\",\"target\":{\"@type\":\"EntryPoint\",\"urlTemplate\":\"https:\\\/\\\/canal7slp.tv\\\/2019\\\/?s={search_term_string}\"},\"query-input\":{\"@type\":\"PropertyValueSpecification\",\"valueRequired\":true,\"valueName\":\"search_term_string\"}}],\"inLanguage\":\"es\"},{\"@type\":\"Organization\",\"@id\":\"https:\\\/\\\/canal7slp.tv\\\/2019\\\/#organization\",\"name\":\"Comunicaci\u00f3n 2000 S.A. de C.V.\",\"url\":\"https:\\\/\\\/canal7slp.tv\\\/2019\\\/\",\"logo\":{\"@type\":\"ImageObject\",\"inLanguage\":\"es\",\"@id\":\"https:\\\/\\\/canal7slp.tv\\\/2019\\\/#\\\/schema\\\/logo\\\/image\\\/\",\"url\":\"https:\\\/\\\/canal7slp.tv\\\/2019\\\/wp-content\\\/uploads\\\/2019\\\/07\\\/logo-c7.png\",\"contentUrl\":\"https:\\\/\\\/canal7slp.tv\\\/2019\\\/wp-content\\\/uploads\\\/2019\\\/07\\\/logo-c7.png\",\"width\":220,\"height\":60,\"caption\":\"Comunicaci\u00f3n 2000 S.A. de C.V.\"},\"image\":{\"@id\":\"https:\\\/\\\/canal7slp.tv\\\/2019\\\/#\\\/schema\\\/logo\\\/image\\\/\"},\"sameAs\":[\"https:\\\/\\\/www.facebook.com\\\/CANAL7SLP\\\/\",\"https:\\\/\\\/x.com\\\/canal7_slp\",\"https:\\\/\\\/www.instagram.com\\\/canal7_slp\",\"https:\\\/\\\/www.youtube.com\\\/user\\\/NOTICIEROSCANAL7SLP\\\/\"]},{\"@type\":\"Person\",\"@id\":\"https:\\\/\\\/canal7slp.tv\\\/2019\\\/#\\\/schema\\\/person\\\/11d941c1c6ca30ac0a46b95fa37aa2e3\",\"name\":\"edicionweb\",\"image\":{\"@type\":\"ImageObject\",\"inLanguage\":\"es\",\"@id\":\"https:\\\/\\\/secure.gravatar.com\\\/avatar\\\/eee448fc3f7164808013b816ba91ac7e43bbe82a70bebac296f8bc6f0addaa1a?s=96&d=mm&r=g\",\"url\":\"https:\\\/\\\/secure.gravatar.com\\\/avatar\\\/eee448fc3f7164808013b816ba91ac7e43bbe82a70bebac296f8bc6f0addaa1a?s=96&d=mm&r=g\",\"contentUrl\":\"https:\\\/\\\/secure.gravatar.com\\\/avatar\\\/eee448fc3f7164808013b816ba91ac7e43bbe82a70bebac296f8bc6f0addaa1a?s=96&d=mm&r=g\",\"caption\":\"edicionweb\"}}]}<\/script>\n<!-- \/ Yoast SEO plugin. -->","yoast_head_json":{"title":"\"Joker\" no ser\u00e1 proyectada en cine donde ocurri\u00f3 tiroteo por \"Batman\" - Canal 7 SLP - 2019","robots":{"index":"index","follow":"follow","max-snippet":"max-snippet:-1","max-image-preview":"max-image-preview:large","max-video-preview":"max-video-preview:-1"},"canonical":"https:\/\/canal7slp.tv\/2019\/joker-no-sera-proyectada-en-cine-donde-ocurrio-tiroteo-por-batman\/","og_locale":"es_ES","og_type":"article","og_title":"\"Joker\" no ser\u00e1 proyectada en cine donde ocurri\u00f3 tiroteo por \"Batman\" - Canal 7 SLP - 2019","og_description":"Seg\u00fan The Hollywood Reporter, familiares de las v\u00edctimas muestran preocupaci\u00f3n por la nueva adaptaci\u00f3n del villano Colorado.- La versi\u00f3n de Todd Phillips sobre el villano \u201cJoker\u201d no ser\u00e1 proyectado en el cine de Aurora, Colorado tras el tiroteo ocurrido en 2012 por \u201cEl Caballero de la Noche Asciende\u201d, inform\u00f3 The Hollywood Reporter. De acuerdo con [&hellip;]","og_url":"https:\/\/canal7slp.tv\/2019\/joker-no-sera-proyectada-en-cine-donde-ocurrio-tiroteo-por-batman\/","og_site_name":"Canal 7 SLP - 2019","article_publisher":"https:\/\/www.facebook.com\/CANAL7SLP\/","article_published_time":"2019-09-24T18:04:15+00:00","og_image":[{"width":770,"height":485,"url":"https:\/\/canal7slp.tv\/2019\/wp-content\/uploads\/2019\/09\/1440-3.jpg","type":"image\/jpeg"}],"author":"edicionweb","twitter_card":"summary_large_image","twitter_creator":"@canal7_slp","twitter_site":"@canal7_slp","twitter_misc":{"Escrito por":"edicionweb","Tiempo de lectura":"2 minutos"},"schema":{"@context":"https:\/\/schema.org","@graph":[{"@type":"Article","@id":"https:\/\/canal7slp.tv\/2019\/joker-no-sera-proyectada-en-cine-donde-ocurrio-tiroteo-por-batman\/#article","isPartOf":{"@id":"https:\/\/canal7slp.tv\/2019\/joker-no-sera-proyectada-en-cine-donde-ocurrio-tiroteo-por-batman\/"},"author":{"name":"edicionweb","@id":"https:\/\/canal7slp.tv\/2019\/#\/schema\/person\/11d941c1c6ca30ac0a46b95fa37aa2e3"},"headline":"&#8220;Joker&#8221; no ser\u00e1 proyectada en cine donde ocurri\u00f3 tiroteo por &#8220;Batman&#8221;","datePublished":"2019-09-24T18:04:15+00:00","mainEntityOfPage":{"@id":"https:\/\/canal7slp.tv\/2019\/joker-no-sera-proyectada-en-cine-donde-ocurrio-tiroteo-por-batman\/"},"wordCount":445,"commentCount":0,"publisher":{"@id":"https:\/\/canal7slp.tv\/2019\/#organization"},"image":{"@id":"https:\/\/canal7slp.tv\/2019\/joker-no-sera-proyectada-en-cine-donde-ocurrio-tiroteo-por-batman\/#primaryimage"},"thumbnailUrl":"https:\/\/canal7slp.tv\/2019\/wp-content\/uploads\/2019\/09\/1440-3.jpg","articleSection":["ESPECTACULOS"],"inLanguage":"es","potentialAction":[{"@type":"CommentAction","name":"Comment","target":["https:\/\/canal7slp.tv\/2019\/joker-no-sera-proyectada-en-cine-donde-ocurrio-tiroteo-por-batman\/#respond"]}]},{"@type":"WebPage","@id":"https:\/\/canal7slp.tv\/2019\/joker-no-sera-proyectada-en-cine-donde-ocurrio-tiroteo-por-batman\/","url":"https:\/\/canal7slp.tv\/2019\/joker-no-sera-proyectada-en-cine-donde-ocurrio-tiroteo-por-batman\/","name":"\"Joker\" no ser\u00e1 proyectada en cine donde ocurri\u00f3 tiroteo por \"Batman\" - Canal 7 SLP - 2019","isPartOf":{"@id":"https:\/\/canal7slp.tv\/2019\/#website"},"primaryImageOfPage":{"@id":"https:\/\/canal7slp.tv\/2019\/joker-no-sera-proyectada-en-cine-donde-ocurrio-tiroteo-por-batman\/#primaryimage"},"image":{"@id":"https:\/\/canal7slp.tv\/2019\/joker-no-sera-proyectada-en-cine-donde-ocurrio-tiroteo-por-batman\/#primaryimage"},"thumbnailUrl":"https:\/\/canal7slp.tv\/2019\/wp-content\/uploads\/2019\/09\/1440-3.jpg","datePublished":"2019-09-24T18:04:15+00:00","breadcrumb":{"@id":"https:\/\/canal7slp.tv\/2019\/joker-no-sera-proyectada-en-cine-donde-ocurrio-tiroteo-por-batman\/#breadcrumb"},"inLanguage":"es","potentialAction":[{"@type":"ReadAction","target":["https:\/\/canal7slp.tv\/2019\/joker-no-sera-proyectada-en-cine-donde-ocurrio-tiroteo-por-batman\/"]}]},{"@type":"ImageObject","inLanguage":"es","@id":"https:\/\/canal7slp.tv\/2019\/joker-no-sera-proyectada-en-cine-donde-ocurrio-tiroteo-por-batman\/#primaryimage","url":"https:\/\/canal7slp.tv\/2019\/wp-content\/uploads\/2019\/09\/1440-3.jpg","contentUrl":"https:\/\/canal7slp.tv\/2019\/wp-content\/uploads\/2019\/09\/1440-3.jpg","width":770,"height":485},{"@type":"BreadcrumbList","@id":"https:\/\/canal7slp.tv\/2019\/joker-no-sera-proyectada-en-cine-donde-ocurrio-tiroteo-por-batman\/#breadcrumb","itemListElement":[{"@type":"ListItem","position":1,"name":"Home","item":"https:\/\/canal7slp.tv\/2019\/"},{"@type":"ListItem","position":2,"name":"&#8220;Joker&#8221; no ser\u00e1 proyectada en cine donde ocurri\u00f3 tiroteo por &#8220;Batman&#8221;"}]},{"@type":"WebSite","@id":"https:\/\/canal7slp.tv\/2019\/#website","url":"https:\/\/canal7slp.tv\/2019\/","name":"Canal 7 SLP - Somos TV","description":"Somos un Canal de 10","publisher":{"@id":"https:\/\/canal7slp.tv\/2019\/#organization"},"potentialAction":[{"@type":"SearchAction","target":{"@type":"EntryPoint","urlTemplate":"https:\/\/canal7slp.tv\/2019\/?s={search_term_string}"},"query-input":{"@type":"PropertyValueSpecification","valueRequired":true,"valueName":"search_term_string"}}],"inLanguage":"es"},{"@type":"Organization","@id":"https:\/\/canal7slp.tv\/2019\/#organization","name":"Comunicaci\u00f3n 2000 S.A. de C.V.","url":"https:\/\/canal7slp.tv\/2019\/","logo":{"@type":"ImageObject","inLanguage":"es","@id":"https:\/\/canal7slp.tv\/2019\/#\/schema\/logo\/image\/","url":"https:\/\/canal7slp.tv\/2019\/wp-content\/uploads\/2019\/07\/logo-c7.png","contentUrl":"https:\/\/canal7slp.tv\/2019\/wp-content\/uploads\/2019\/07\/logo-c7.png","width":220,"height":60,"caption":"Comunicaci\u00f3n 2000 S.A. de C.V."},"image":{"@id":"https:\/\/canal7slp.tv\/2019\/#\/schema\/logo\/image\/"},"sameAs":["https:\/\/www.facebook.com\/CANAL7SLP\/","https:\/\/x.com\/canal7_slp","https:\/\/www.instagram.com\/canal7_slp","https:\/\/www.youtube.com\/user\/NOTICIEROSCANAL7SLP\/"]},{"@type":"Person","@id":"https:\/\/canal7slp.tv\/2019\/#\/schema\/person\/11d941c1c6ca30ac0a46b95fa37aa2e3","name":"edicionweb","image":{"@type":"ImageObject","inLanguage":"es","@id":"https:\/\/secure.gravatar.com\/avatar\/eee448fc3f7164808013b816ba91ac7e43bbe82a70bebac296f8bc6f0addaa1a?s=96&d=mm&r=g","url":"https:\/\/secure.gravatar.com\/avatar\/eee448fc3f7164808013b816ba91ac7e43bbe82a70bebac296f8bc6f0addaa1a?s=96&d=mm&r=g","contentUrl":"https:\/\/secure.gravatar.com\/avatar\/eee448fc3f7164808013b816ba91ac7e43bbe82a70bebac296f8bc6f0addaa1a?s=96&d=mm&r=g","caption":"edicionweb"}}]}},"amp_enabled":true,"cmb2":{"video_ids_in_playlist":{"vid_p_videos":""},"video_ids_in_channel":{"vid_c_videos":""},"playlist_ids_in_channel":{"vid_c_playlists":""},"series_ids_in_channel":{"vid_c_series":""},"channel_images":{"vid_c_logo":"","vid_c_banner":""},"poster_feature_image":{"vid_m_poster_image":""},"gif_feature_image":{"vid_m_gif_image":""},"video_movie_settings":{"vid_m_director":"","vid_m_actor":"","vid_m_imdb_ratings":"","vid_m_amazon_associates":""},"vid_youtube_broadcasts_settings":{"vid_yb_broadcast_title":"","vid_yb_q":"","vid_yb_channelid":"","vid_yb_videocategoryid":"","vid_yb_maxresults":"","vid_yb_order":"","vid_yb_regioncode":"","vid_yb_videosyndicated":"","vid_yb_style":"","vid_yb_reload_first":""},"video_series_settings":{"vid_m_director":"","vid_m_actor":"","vid_m_imdb_ratings":"","video_series_group":""},"amazon_associates_settings":{"amazon_associates":"","amazon_native_ad":""},"vid_youtube_automatic_settings":{"vid_ya_youtube_source":"","vid_ya_update_every":"","vid_ya_update_unit":"","vid_ya_categories":"","vid_ya_published_after":"","vid_ya_published_before":"","vid_ya_playlists":"","vid_ya_channels":"","vid_ya_director":"","vid_ya_actor":"","vid_ya_author":"","vid_ya_import_post_date":"","vid_ya_status":"","vid_ya_sub_api_key":""},"vid_ads_m_videoads_settings_post":{"vid_ads_m_video_ads":"","vid_ads_m_video_ads_type":"","vid_ads_m_group_google_ima":"","vid_ads_m_group_image":"","vid_ads_m_group_html5_video":"","vid_ads_m_group_html":"","vid_ads_m_vast_preroll":"","vid_ads_m_vast_postroll":"","vid_ads_m_vast_pauseroll":"","vid_ads_m_vast_midroll":[{"vid_ads_m_vast_timer_seconds":"50"}],"vid_ads_m_time_to_show_ads":"","vid_ads_m_time_skip_ads":"","vid_ads_m_time_to_hide_ads":""},"page_slider_settings":{"display_slider_group":"","page_slider_group":""},"blog_page_settings":{"blog_page_title":"","blog_page_heading":"","blog_page_ic":"","blog_page_it":"","blog_page_ec":"","blog_page_ip":"","archive_loop_style":"","blog_image_ratio":"","blog_show_categories":"","blog_show_excerpt":"","blog_show_author":"","blog_show_date":"","blog_show_comment_count":"","blog_show_view_count":"","blog_show_like_count":"","blog_show_dislike_count":"","blog_items_per_page":"","blog_pag_type":""},"page_options":{"get_page_template":"","color_mode":"","main_layout":"","main_layout_full_with":"","main_logo":"","main_logo_retina":"","main_logo_mobile":"","main_logo_mobile_retina":"","sticky_logo":"","sticky_logo_retina":"","main_nav_layout":"","ajax_search":"","header_background":"","theme_sidebar":"","instagram_feed":"","instagram_feed_position":"","popular_videos":"","popular_videos_title_1":"","popular_videos_title_2":"","popular_videos_ic":"","popular_videos_it":"","theme_background":"","page_custom_css":""},"feature_image_settings":{"feature_image_position":""},"video_player_settings":{"single_video_style":"","video_player_position":"","vm_video_url":"","video_player_library":"","video_streaming":"","vm_media_sources":"","vid_auto_play":"","vm_video_shortcode":"","vid_p_sync_playlist":"","vid_c_sync_channel":"","get_post_format":"","multiple_links_structure":"default","multi_links_title":"","vm_video_multi_links":"","vm_duration":"","vid_social_locker":"off","vid_social_locker_id":"","vid_membership_action":"content-video","vm_video_trailer_url":"","vid_download_type":"free","vid_download_target":"download","vid_woo_product":"","vm_media_download":"","user_rating":"","user_rating_position":"","user_rating_mode":"","user_rating_multi_sets":""},"video_auto_fetch_settings":{"vm_video_fetch":"on"},"video_fake_views_likes":{"vm_fake_views":"","vm_fake_likes":"","vm_fake_dislikes":""},"gallery_settings":{"gallery_position":""},"quote_settings":{"quote_position":""},"post_options":{"main_layout":"","main_logo":"","main_logo_retina":"","main_logo_mobile":"","main_logo_mobile_retina":"","sticky_logo":"","sticky_logo_retina":"","main_nav_layout":"","header_background":"","theme_sidebar":"","single_post_comment_type":"","theme_background":""}},"_links":{"self":[{"href":"https:\/\/canal7slp.tv\/2019\/wp-json\/wp\/v2\/posts\/70263","targetHints":{"allow":["GET"]}}],"collection":[{"href":"https:\/\/canal7slp.tv\/2019\/wp-json\/wp\/v2\/posts"}],"about":[{"href":"https:\/\/canal7slp.tv\/2019\/wp-json\/wp\/v2\/types\/post"}],"author":[{"embeddable":true,"href":"https:\/\/canal7slp.tv\/2019\/wp-json\/wp\/v2\/users\/2"}],"replies":[{"embeddable":true,"href":"https:\/\/canal7slp.tv\/2019\/wp-json\/wp\/v2\/comments?post=70263"}],"version-history":[{"count":0,"href":"https:\/\/canal7slp.tv\/2019\/wp-json\/wp\/v2\/posts\/70263\/revisions"}],"wp:featuredmedia":[{"embeddable":true,"href":"https:\/\/canal7slp.tv\/2019\/wp-json\/wp\/v2\/media\/70264"}],"wp:attachment":[{"href":"https:\/\/canal7slp.tv\/2019\/wp-json\/wp\/v2\/media?parent=70263"}],"wp:term":[{"taxonomy":"category","embeddable":true,"href":"https:\/\/canal7slp.tv\/2019\/wp-json\/wp\/v2\/categories?post=70263"},{"taxonomy":"post_tag","embeddable":true,"href":"https:\/\/canal7slp.tv\/2019\/wp-json\/wp\/v2\/tags?post=70263"}],"curies":[{"name":"wp","href":"https:\/\/api.w.org\/{rel}","templated":true}]}}