{"id":70207,"date":"2019-09-24T11:38:03","date_gmt":"2019-09-24T16:38:03","guid":{"rendered":"https:\/\/canal7slp.tv\/2019\/?p=70207"},"modified":"2019-09-24T11:38:03","modified_gmt":"2019-09-24T16:38:03","slug":"presentaremos-recursos-legales-contra-leyes-secundarias-de-la-reforma-educativa-josefina-salazar","status":"publish","type":"post","link":"https:\/\/canal7slp.tv\/2019\/presentaremos-recursos-legales-contra-leyes-secundarias-de-la-reforma-educativa-josefina-salazar\/","title":{"rendered":"Presentaremos recursos legales contra leyes secundarias de la Reforma Educativa: Josefina Salazar"},"content":{"rendered":"<ul>\n<li style=\"text-align: justify\">\u00a0Los proyectos de ley aprobados son anticonstitucionales, representa una regresi\u00f3n autoritaria, redundantes, contradictorios, centralistas y contradicen el federalismo educativo.<\/li>\n<\/ul>\n<p style=\"text-align: justify\">SLP.- La legisladora del PAN, Josefina Salazar B\u00e1ez inform\u00f3 que los diputados del GPPAN presentar\u00e1n recursos legales en contra de la Reforma Educativa aprobada por Morena, debido a que el contenido atenta contra la Rector\u00eda del Estado y fomentan la discrecionalidad y la corrupci\u00f3n.<\/p>\n<p style=\"text-align: justify\">\u201cLa bancada de Acci\u00f3n Nacional recurrir\u00e1\u0301 a la Suprema Corte de Justicia de la Nacio\u0301n, tras la intensa Sesi\u00f3n Ordinaria en la Ca\u0301mara de Diputados del jueves pasado, que culmino\u0301 hasta el amanecer del viernes con la aprobacio\u0301n, por parte de MORENA y sus partidos aliados de tres ordenamientos secundarios en materia educativa\u201d; adelant\u00f3.<\/p>\n<p style=\"text-align: justify\">Dijo que los diputados del PAN denunciaron un cu\u0301mulo de errores de contenido que vulnera el texto de la Constitucio\u0301n Poli\u0301tica, asi\u0301 como las faltas en el procedimiento legislativo. Sin embargo, MORENA y sus aliados no tomaron en consideracio\u0301n ninguna de las propuestas presentadas.<\/p>\n<p style=\"text-align: justify\">\u201cSe trata de la Ley General de Educacio\u0301n, la Ley General del Sistema para la Carrera de las Maestras y Maestros, y la Ley del Organismo para la Mejora Continua de la Educacio\u0301n que, como quedaron votadas por el Pleno, le da la espalda a los educandos, provocara\u0301 retrocesos lamentables, establecen disposiciones a modo para un grupu\u0301sculo sindical, en detrimento del derecho a la educacio\u0301n de 32 millones de mexicanos inscritos en los niveles educativos ba\u0301sico, medio superior y superior\u201d; destac\u00f3.<\/p>\n<p style=\"text-align: justify\">Salazar B\u00e1ez dijo que a Accio\u0301n Nacional lo mueve el intere\u0301s superior de la nin\u0303ez y la defensa de los miles de maestros y maestras que todos los di\u0301as se presentan frente a su grupo.<\/p>\n<p style=\"text-align: justify\">Mientras los proyectos aprobados tienen un espi\u0301ritu corporativista que atenta contra la rectori\u0301a del Estado, fomenta la discrecionalidad y la corrupcio\u0301n. \u201cNo nos confundamos: Los maestros de Me\u0301xico no son su sindicato\u201d; acot\u00f3.<\/p>\n<p style=\"text-align: justify\">Indic\u00f3 que a MORENA y a sus aliados les urgi\u0301a aprobarlo, con tanta prisa que incluso el plazo otorgado a las entidades federativas para la armonizacio\u0301n de sus leyes no coincide con la reforma constitucional.<\/p>\n<p style=\"text-align: justify\">\u201cLos diputados de Accio\u0301n Nacional no le vamos a dar la espalda a los nin\u0303as, nin\u0303os, adolescentes y jo\u0301venes del pai\u0301s, a sus papa\u0301s y mama\u0301s, a las maestras y maestros que si\u0301 cumplen con la noble vocacio\u0301n de ensen\u0303ar y formar buenos mexicanos. A todos ellos les decimos que vamos a defender el derecho a la educacio\u0301n\u201d, finalizo\u0301.<\/p>\n","protected":false},"excerpt":{"rendered":"<p>\u00a0Los proyectos de ley aprobados son anticonstitucionales, representa una regresi\u00f3n autoritaria, redundantes, contradictorios, centralistas y contradicen el federalismo educativo. SLP.- La legisladora del PAN, Josefina Salazar B\u00e1ez inform\u00f3 que los diputados del GPPAN presentar\u00e1n recursos legales en contra de la Reforma Educativa aprobada por Morena, debido a que el contenido atenta contra la Rector\u00eda del [&hellip;]<\/p>\n","protected":false},"author":2,"featured_media":70208,"comment_status":"open","ping_status":"open","sticky":false,"template":"","format":"standard","meta":{"footnotes":""},"categories":[17],"tags":[],"class_list":["post-70207","post","type-post","status-publish","format-standard","has-post-thumbnail","hentry","category-localesyregionales"],"yoast_head":"<!-- This site is optimized with the Yoast SEO plugin v27.5 - https:\/\/yoast.com\/product\/yoast-seo-wordpress\/ -->\n<title>Presentaremos recursos legales contra leyes secundarias de la Reforma Educativa: Josefina Salazar - Canal 7 SLP - 2019<\/title>\n<meta name=\"robots\" content=\"index, follow, max-snippet:-1, max-image-preview:large, max-video-preview:-1\" \/>\n<link rel=\"canonical\" href=\"https:\/\/canal7slp.tv\/2019\/presentaremos-recursos-legales-contra-leyes-secundarias-de-la-reforma-educativa-josefina-salazar\/\" \/>\n<meta property=\"og:locale\" content=\"es_ES\" \/>\n<meta property=\"og:type\" content=\"article\" \/>\n<meta property=\"og:title\" content=\"Presentaremos recursos legales contra leyes secundarias de la Reforma Educativa: Josefina Salazar - Canal 7 SLP - 2019\" \/>\n<meta property=\"og:description\" content=\"\u00a0Los proyectos de ley aprobados son anticonstitucionales, representa una regresi\u00f3n autoritaria, redundantes, contradictorios, centralistas y contradicen el federalismo educativo. SLP.- La legisladora del PAN, Josefina Salazar B\u00e1ez inform\u00f3 que los diputados del GPPAN presentar\u00e1n recursos legales en contra de la Reforma Educativa aprobada por Morena, debido a que el contenido atenta contra la Rector\u00eda del [&hellip;]\" \/>\n<meta property=\"og:url\" content=\"https:\/\/canal7slp.tv\/2019\/presentaremos-recursos-legales-contra-leyes-secundarias-de-la-reforma-educativa-josefina-salazar\/\" \/>\n<meta property=\"og:site_name\" content=\"Canal 7 SLP - 2019\" \/>\n<meta property=\"article:publisher\" content=\"https:\/\/www.facebook.com\/CANAL7SLP\/\" \/>\n<meta property=\"article:published_time\" content=\"2019-09-24T16:38:03+00:00\" \/>\n<meta property=\"og:image\" content=\"https:\/\/canal7slp.tv\/2019\/wp-content\/uploads\/2019\/09\/josefina.jpg\" \/>\n\t<meta property=\"og:image:width\" content=\"960\" \/>\n\t<meta property=\"og:image:height\" content=\"702\" \/>\n\t<meta property=\"og:image:type\" content=\"image\/jpeg\" \/>\n<meta name=\"author\" content=\"edicionweb\" \/>\n<meta name=\"twitter:card\" content=\"summary_large_image\" \/>\n<meta name=\"twitter:creator\" content=\"@canal7_slp\" \/>\n<meta name=\"twitter:site\" content=\"@canal7_slp\" \/>\n<meta name=\"twitter:label1\" content=\"Escrito por\" \/>\n\t<meta name=\"twitter:data1\" content=\"edicionweb\" \/>\n\t<meta name=\"twitter:label2\" content=\"Tiempo de lectura\" \/>\n\t<meta name=\"twitter:data2\" content=\"2 minutos\" \/>\n<script type=\"application\/ld+json\" class=\"yoast-schema-graph\">{\"@context\":\"https:\\\/\\\/schema.org\",\"@graph\":[{\"@type\":\"Article\",\"@id\":\"https:\\\/\\\/canal7slp.tv\\\/2019\\\/presentaremos-recursos-legales-contra-leyes-secundarias-de-la-reforma-educativa-josefina-salazar\\\/#article\",\"isPartOf\":{\"@id\":\"https:\\\/\\\/canal7slp.tv\\\/2019\\\/presentaremos-recursos-legales-contra-leyes-secundarias-de-la-reforma-educativa-josefina-salazar\\\/\"},\"author\":{\"name\":\"edicionweb\",\"@id\":\"https:\\\/\\\/canal7slp.tv\\\/2019\\\/#\\\/schema\\\/person\\\/11d941c1c6ca30ac0a46b95fa37aa2e3\"},\"headline\":\"Presentaremos recursos legales contra leyes secundarias de la Reforma Educativa: Josefina Salazar\",\"datePublished\":\"2019-09-24T16:38:03+00:00\",\"mainEntityOfPage\":{\"@id\":\"https:\\\/\\\/canal7slp.tv\\\/2019\\\/presentaremos-recursos-legales-contra-leyes-secundarias-de-la-reforma-educativa-josefina-salazar\\\/\"},\"wordCount\":456,\"commentCount\":0,\"publisher\":{\"@id\":\"https:\\\/\\\/canal7slp.tv\\\/2019\\\/#organization\"},\"image\":{\"@id\":\"https:\\\/\\\/canal7slp.tv\\\/2019\\\/presentaremos-recursos-legales-contra-leyes-secundarias-de-la-reforma-educativa-josefina-salazar\\\/#primaryimage\"},\"thumbnailUrl\":\"https:\\\/\\\/canal7slp.tv\\\/2019\\\/wp-content\\\/uploads\\\/2019\\\/09\\\/josefina.jpg\",\"articleSection\":[\"LOCALES Y REGIONALES\"],\"inLanguage\":\"es\",\"potentialAction\":[{\"@type\":\"CommentAction\",\"name\":\"Comment\",\"target\":[\"https:\\\/\\\/canal7slp.tv\\\/2019\\\/presentaremos-recursos-legales-contra-leyes-secundarias-de-la-reforma-educativa-josefina-salazar\\\/#respond\"]}]},{\"@type\":\"WebPage\",\"@id\":\"https:\\\/\\\/canal7slp.tv\\\/2019\\\/presentaremos-recursos-legales-contra-leyes-secundarias-de-la-reforma-educativa-josefina-salazar\\\/\",\"url\":\"https:\\\/\\\/canal7slp.tv\\\/2019\\\/presentaremos-recursos-legales-contra-leyes-secundarias-de-la-reforma-educativa-josefina-salazar\\\/\",\"name\":\"Presentaremos recursos legales contra leyes secundarias de la Reforma Educativa: Josefina Salazar - Canal 7 SLP - 2019\",\"isPartOf\":{\"@id\":\"https:\\\/\\\/canal7slp.tv\\\/2019\\\/#website\"},\"primaryImageOfPage\":{\"@id\":\"https:\\\/\\\/canal7slp.tv\\\/2019\\\/presentaremos-recursos-legales-contra-leyes-secundarias-de-la-reforma-educativa-josefina-salazar\\\/#primaryimage\"},\"image\":{\"@id\":\"https:\\\/\\\/canal7slp.tv\\\/2019\\\/presentaremos-recursos-legales-contra-leyes-secundarias-de-la-reforma-educativa-josefina-salazar\\\/#primaryimage\"},\"thumbnailUrl\":\"https:\\\/\\\/canal7slp.tv\\\/2019\\\/wp-content\\\/uploads\\\/2019\\\/09\\\/josefina.jpg\",\"datePublished\":\"2019-09-24T16:38:03+00:00\",\"breadcrumb\":{\"@id\":\"https:\\\/\\\/canal7slp.tv\\\/2019\\\/presentaremos-recursos-legales-contra-leyes-secundarias-de-la-reforma-educativa-josefina-salazar\\\/#breadcrumb\"},\"inLanguage\":\"es\",\"potentialAction\":[{\"@type\":\"ReadAction\",\"target\":[\"https:\\\/\\\/canal7slp.tv\\\/2019\\\/presentaremos-recursos-legales-contra-leyes-secundarias-de-la-reforma-educativa-josefina-salazar\\\/\"]}]},{\"@type\":\"ImageObject\",\"inLanguage\":\"es\",\"@id\":\"https:\\\/\\\/canal7slp.tv\\\/2019\\\/presentaremos-recursos-legales-contra-leyes-secundarias-de-la-reforma-educativa-josefina-salazar\\\/#primaryimage\",\"url\":\"https:\\\/\\\/canal7slp.tv\\\/2019\\\/wp-content\\\/uploads\\\/2019\\\/09\\\/josefina.jpg\",\"contentUrl\":\"https:\\\/\\\/canal7slp.tv\\\/2019\\\/wp-content\\\/uploads\\\/2019\\\/09\\\/josefina.jpg\",\"width\":960,\"height\":702},{\"@type\":\"BreadcrumbList\",\"@id\":\"https:\\\/\\\/canal7slp.tv\\\/2019\\\/presentaremos-recursos-legales-contra-leyes-secundarias-de-la-reforma-educativa-josefina-salazar\\\/#breadcrumb\",\"itemListElement\":[{\"@type\":\"ListItem\",\"position\":1,\"name\":\"Home\",\"item\":\"https:\\\/\\\/canal7slp.tv\\\/2019\\\/\"},{\"@type\":\"ListItem\",\"position\":2,\"name\":\"Presentaremos recursos legales contra leyes secundarias de la Reforma Educativa: Josefina Salazar\"}]},{\"@type\":\"WebSite\",\"@id\":\"https:\\\/\\\/canal7slp.tv\\\/2019\\\/#website\",\"url\":\"https:\\\/\\\/canal7slp.tv\\\/2019\\\/\",\"name\":\"Canal 7 SLP - Somos TV\",\"description\":\"Somos un Canal de 10\",\"publisher\":{\"@id\":\"https:\\\/\\\/canal7slp.tv\\\/2019\\\/#organization\"},\"potentialAction\":[{\"@type\":\"SearchAction\",\"target\":{\"@type\":\"EntryPoint\",\"urlTemplate\":\"https:\\\/\\\/canal7slp.tv\\\/2019\\\/?s={search_term_string}\"},\"query-input\":{\"@type\":\"PropertyValueSpecification\",\"valueRequired\":true,\"valueName\":\"search_term_string\"}}],\"inLanguage\":\"es\"},{\"@type\":\"Organization\",\"@id\":\"https:\\\/\\\/canal7slp.tv\\\/2019\\\/#organization\",\"name\":\"Comunicaci\u00f3n 2000 S.A. de C.V.\",\"url\":\"https:\\\/\\\/canal7slp.tv\\\/2019\\\/\",\"logo\":{\"@type\":\"ImageObject\",\"inLanguage\":\"es\",\"@id\":\"https:\\\/\\\/canal7slp.tv\\\/2019\\\/#\\\/schema\\\/logo\\\/image\\\/\",\"url\":\"https:\\\/\\\/canal7slp.tv\\\/2019\\\/wp-content\\\/uploads\\\/2019\\\/07\\\/logo-c7.png\",\"contentUrl\":\"https:\\\/\\\/canal7slp.tv\\\/2019\\\/wp-content\\\/uploads\\\/2019\\\/07\\\/logo-c7.png\",\"width\":220,\"height\":60,\"caption\":\"Comunicaci\u00f3n 2000 S.A. de C.V.\"},\"image\":{\"@id\":\"https:\\\/\\\/canal7slp.tv\\\/2019\\\/#\\\/schema\\\/logo\\\/image\\\/\"},\"sameAs\":[\"https:\\\/\\\/www.facebook.com\\\/CANAL7SLP\\\/\",\"https:\\\/\\\/x.com\\\/canal7_slp\",\"https:\\\/\\\/www.instagram.com\\\/canal7_slp\",\"https:\\\/\\\/www.youtube.com\\\/user\\\/NOTICIEROSCANAL7SLP\\\/\"]},{\"@type\":\"Person\",\"@id\":\"https:\\\/\\\/canal7slp.tv\\\/2019\\\/#\\\/schema\\\/person\\\/11d941c1c6ca30ac0a46b95fa37aa2e3\",\"name\":\"edicionweb\",\"image\":{\"@type\":\"ImageObject\",\"inLanguage\":\"es\",\"@id\":\"https:\\\/\\\/secure.gravatar.com\\\/avatar\\\/eee448fc3f7164808013b816ba91ac7e43bbe82a70bebac296f8bc6f0addaa1a?s=96&d=mm&r=g\",\"url\":\"https:\\\/\\\/secure.gravatar.com\\\/avatar\\\/eee448fc3f7164808013b816ba91ac7e43bbe82a70bebac296f8bc6f0addaa1a?s=96&d=mm&r=g\",\"contentUrl\":\"https:\\\/\\\/secure.gravatar.com\\\/avatar\\\/eee448fc3f7164808013b816ba91ac7e43bbe82a70bebac296f8bc6f0addaa1a?s=96&d=mm&r=g\",\"caption\":\"edicionweb\"}}]}<\/script>\n<!-- \/ Yoast SEO plugin. -->","yoast_head_json":{"title":"Presentaremos recursos legales contra leyes secundarias de la Reforma Educativa: Josefina Salazar - Canal 7 SLP - 2019","robots":{"index":"index","follow":"follow","max-snippet":"max-snippet:-1","max-image-preview":"max-image-preview:large","max-video-preview":"max-video-preview:-1"},"canonical":"https:\/\/canal7slp.tv\/2019\/presentaremos-recursos-legales-contra-leyes-secundarias-de-la-reforma-educativa-josefina-salazar\/","og_locale":"es_ES","og_type":"article","og_title":"Presentaremos recursos legales contra leyes secundarias de la Reforma Educativa: Josefina Salazar - Canal 7 SLP - 2019","og_description":"\u00a0Los proyectos de ley aprobados son anticonstitucionales, representa una regresi\u00f3n autoritaria, redundantes, contradictorios, centralistas y contradicen el federalismo educativo. SLP.- La legisladora del PAN, Josefina Salazar B\u00e1ez inform\u00f3 que los diputados del GPPAN presentar\u00e1n recursos legales en contra de la Reforma Educativa aprobada por Morena, debido a que el contenido atenta contra la Rector\u00eda del [&hellip;]","og_url":"https:\/\/canal7slp.tv\/2019\/presentaremos-recursos-legales-contra-leyes-secundarias-de-la-reforma-educativa-josefina-salazar\/","og_site_name":"Canal 7 SLP - 2019","article_publisher":"https:\/\/www.facebook.com\/CANAL7SLP\/","article_published_time":"2019-09-24T16:38:03+00:00","og_image":[{"width":960,"height":702,"url":"https:\/\/canal7slp.tv\/2019\/wp-content\/uploads\/2019\/09\/josefina.jpg","type":"image\/jpeg"}],"author":"edicionweb","twitter_card":"summary_large_image","twitter_creator":"@canal7_slp","twitter_site":"@canal7_slp","twitter_misc":{"Escrito por":"edicionweb","Tiempo de lectura":"2 minutos"},"schema":{"@context":"https:\/\/schema.org","@graph":[{"@type":"Article","@id":"https:\/\/canal7slp.tv\/2019\/presentaremos-recursos-legales-contra-leyes-secundarias-de-la-reforma-educativa-josefina-salazar\/#article","isPartOf":{"@id":"https:\/\/canal7slp.tv\/2019\/presentaremos-recursos-legales-contra-leyes-secundarias-de-la-reforma-educativa-josefina-salazar\/"},"author":{"name":"edicionweb","@id":"https:\/\/canal7slp.tv\/2019\/#\/schema\/person\/11d941c1c6ca30ac0a46b95fa37aa2e3"},"headline":"Presentaremos recursos legales contra leyes secundarias de la Reforma Educativa: Josefina Salazar","datePublished":"2019-09-24T16:38:03+00:00","mainEntityOfPage":{"@id":"https:\/\/canal7slp.tv\/2019\/presentaremos-recursos-legales-contra-leyes-secundarias-de-la-reforma-educativa-josefina-salazar\/"},"wordCount":456,"commentCount":0,"publisher":{"@id":"https:\/\/canal7slp.tv\/2019\/#organization"},"image":{"@id":"https:\/\/canal7slp.tv\/2019\/presentaremos-recursos-legales-contra-leyes-secundarias-de-la-reforma-educativa-josefina-salazar\/#primaryimage"},"thumbnailUrl":"https:\/\/canal7slp.tv\/2019\/wp-content\/uploads\/2019\/09\/josefina.jpg","articleSection":["LOCALES Y REGIONALES"],"inLanguage":"es","potentialAction":[{"@type":"CommentAction","name":"Comment","target":["https:\/\/canal7slp.tv\/2019\/presentaremos-recursos-legales-contra-leyes-secundarias-de-la-reforma-educativa-josefina-salazar\/#respond"]}]},{"@type":"WebPage","@id":"https:\/\/canal7slp.tv\/2019\/presentaremos-recursos-legales-contra-leyes-secundarias-de-la-reforma-educativa-josefina-salazar\/","url":"https:\/\/canal7slp.tv\/2019\/presentaremos-recursos-legales-contra-leyes-secundarias-de-la-reforma-educativa-josefina-salazar\/","name":"Presentaremos recursos legales contra leyes secundarias de la Reforma Educativa: Josefina Salazar - Canal 7 SLP - 2019","isPartOf":{"@id":"https:\/\/canal7slp.tv\/2019\/#website"},"primaryImageOfPage":{"@id":"https:\/\/canal7slp.tv\/2019\/presentaremos-recursos-legales-contra-leyes-secundarias-de-la-reforma-educativa-josefina-salazar\/#primaryimage"},"image":{"@id":"https:\/\/canal7slp.tv\/2019\/presentaremos-recursos-legales-contra-leyes-secundarias-de-la-reforma-educativa-josefina-salazar\/#primaryimage"},"thumbnailUrl":"https:\/\/canal7slp.tv\/2019\/wp-content\/uploads\/2019\/09\/josefina.jpg","datePublished":"2019-09-24T16:38:03+00:00","breadcrumb":{"@id":"https:\/\/canal7slp.tv\/2019\/presentaremos-recursos-legales-contra-leyes-secundarias-de-la-reforma-educativa-josefina-salazar\/#breadcrumb"},"inLanguage":"es","potentialAction":[{"@type":"ReadAction","target":["https:\/\/canal7slp.tv\/2019\/presentaremos-recursos-legales-contra-leyes-secundarias-de-la-reforma-educativa-josefina-salazar\/"]}]},{"@type":"ImageObject","inLanguage":"es","@id":"https:\/\/canal7slp.tv\/2019\/presentaremos-recursos-legales-contra-leyes-secundarias-de-la-reforma-educativa-josefina-salazar\/#primaryimage","url":"https:\/\/canal7slp.tv\/2019\/wp-content\/uploads\/2019\/09\/josefina.jpg","contentUrl":"https:\/\/canal7slp.tv\/2019\/wp-content\/uploads\/2019\/09\/josefina.jpg","width":960,"height":702},{"@type":"BreadcrumbList","@id":"https:\/\/canal7slp.tv\/2019\/presentaremos-recursos-legales-contra-leyes-secundarias-de-la-reforma-educativa-josefina-salazar\/#breadcrumb","itemListElement":[{"@type":"ListItem","position":1,"name":"Home","item":"https:\/\/canal7slp.tv\/2019\/"},{"@type":"ListItem","position":2,"name":"Presentaremos recursos legales contra leyes secundarias de la Reforma Educativa: Josefina Salazar"}]},{"@type":"WebSite","@id":"https:\/\/canal7slp.tv\/2019\/#website","url":"https:\/\/canal7slp.tv\/2019\/","name":"Canal 7 SLP - Somos TV","description":"Somos un Canal de 10","publisher":{"@id":"https:\/\/canal7slp.tv\/2019\/#organization"},"potentialAction":[{"@type":"SearchAction","target":{"@type":"EntryPoint","urlTemplate":"https:\/\/canal7slp.tv\/2019\/?s={search_term_string}"},"query-input":{"@type":"PropertyValueSpecification","valueRequired":true,"valueName":"search_term_string"}}],"inLanguage":"es"},{"@type":"Organization","@id":"https:\/\/canal7slp.tv\/2019\/#organization","name":"Comunicaci\u00f3n 2000 S.A. de C.V.","url":"https:\/\/canal7slp.tv\/2019\/","logo":{"@type":"ImageObject","inLanguage":"es","@id":"https:\/\/canal7slp.tv\/2019\/#\/schema\/logo\/image\/","url":"https:\/\/canal7slp.tv\/2019\/wp-content\/uploads\/2019\/07\/logo-c7.png","contentUrl":"https:\/\/canal7slp.tv\/2019\/wp-content\/uploads\/2019\/07\/logo-c7.png","width":220,"height":60,"caption":"Comunicaci\u00f3n 2000 S.A. de C.V."},"image":{"@id":"https:\/\/canal7slp.tv\/2019\/#\/schema\/logo\/image\/"},"sameAs":["https:\/\/www.facebook.com\/CANAL7SLP\/","https:\/\/x.com\/canal7_slp","https:\/\/www.instagram.com\/canal7_slp","https:\/\/www.youtube.com\/user\/NOTICIEROSCANAL7SLP\/"]},{"@type":"Person","@id":"https:\/\/canal7slp.tv\/2019\/#\/schema\/person\/11d941c1c6ca30ac0a46b95fa37aa2e3","name":"edicionweb","image":{"@type":"ImageObject","inLanguage":"es","@id":"https:\/\/secure.gravatar.com\/avatar\/eee448fc3f7164808013b816ba91ac7e43bbe82a70bebac296f8bc6f0addaa1a?s=96&d=mm&r=g","url":"https:\/\/secure.gravatar.com\/avatar\/eee448fc3f7164808013b816ba91ac7e43bbe82a70bebac296f8bc6f0addaa1a?s=96&d=mm&r=g","contentUrl":"https:\/\/secure.gravatar.com\/avatar\/eee448fc3f7164808013b816ba91ac7e43bbe82a70bebac296f8bc6f0addaa1a?s=96&d=mm&r=g","caption":"edicionweb"}}]}},"amp_enabled":true,"cmb2":{"video_ids_in_playlist":{"vid_p_videos":""},"video_ids_in_channel":{"vid_c_videos":""},"playlist_ids_in_channel":{"vid_c_playlists":""},"series_ids_in_channel":{"vid_c_series":""},"channel_images":{"vid_c_logo":"","vid_c_banner":""},"poster_feature_image":{"vid_m_poster_image":""},"gif_feature_image":{"vid_m_gif_image":""},"video_movie_settings":{"vid_m_director":"","vid_m_actor":"","vid_m_imdb_ratings":"","vid_m_amazon_associates":""},"vid_youtube_broadcasts_settings":{"vid_yb_broadcast_title":"","vid_yb_q":"","vid_yb_channelid":"","vid_yb_videocategoryid":"","vid_yb_maxresults":"","vid_yb_order":"","vid_yb_regioncode":"","vid_yb_videosyndicated":"","vid_yb_style":"","vid_yb_reload_first":""},"video_series_settings":{"vid_m_director":"","vid_m_actor":"","vid_m_imdb_ratings":"","video_series_group":""},"amazon_associates_settings":{"amazon_associates":"","amazon_native_ad":""},"vid_youtube_automatic_settings":{"vid_ya_youtube_source":"","vid_ya_update_every":"","vid_ya_update_unit":"","vid_ya_categories":"","vid_ya_published_after":"","vid_ya_published_before":"","vid_ya_playlists":"","vid_ya_channels":"","vid_ya_director":"","vid_ya_actor":"","vid_ya_author":"","vid_ya_import_post_date":"","vid_ya_status":"","vid_ya_sub_api_key":""},"vid_ads_m_videoads_settings_post":{"vid_ads_m_video_ads":"","vid_ads_m_video_ads_type":"","vid_ads_m_group_google_ima":"","vid_ads_m_group_image":"","vid_ads_m_group_html5_video":"","vid_ads_m_group_html":"","vid_ads_m_vast_preroll":"","vid_ads_m_vast_postroll":"","vid_ads_m_vast_pauseroll":"","vid_ads_m_vast_midroll":[{"vid_ads_m_vast_timer_seconds":"50"}],"vid_ads_m_time_to_show_ads":"","vid_ads_m_time_skip_ads":"","vid_ads_m_time_to_hide_ads":""},"page_slider_settings":{"display_slider_group":"","page_slider_group":""},"blog_page_settings":{"blog_page_title":"","blog_page_heading":"","blog_page_ic":"","blog_page_it":"","blog_page_ec":"","blog_page_ip":"","archive_loop_style":"","blog_image_ratio":"","blog_show_categories":"","blog_show_excerpt":"","blog_show_author":"","blog_show_date":"","blog_show_comment_count":"","blog_show_view_count":"","blog_show_like_count":"","blog_show_dislike_count":"","blog_items_per_page":"","blog_pag_type":""},"page_options":{"get_page_template":"","color_mode":"","main_layout":"","main_layout_full_with":"","main_logo":"","main_logo_retina":"","main_logo_mobile":"","main_logo_mobile_retina":"","sticky_logo":"","sticky_logo_retina":"","main_nav_layout":"","ajax_search":"","header_background":"","theme_sidebar":"","instagram_feed":"","instagram_feed_position":"","popular_videos":"","popular_videos_title_1":"","popular_videos_title_2":"","popular_videos_ic":"","popular_videos_it":"","theme_background":"","page_custom_css":""},"feature_image_settings":{"feature_image_position":""},"video_player_settings":{"single_video_style":"","video_player_position":"","vm_video_url":"","video_player_library":"","video_streaming":"","vm_media_sources":"","vid_auto_play":"","vm_video_shortcode":"","vid_p_sync_playlist":"","vid_c_sync_channel":"","get_post_format":"","multiple_links_structure":"default","multi_links_title":"","vm_video_multi_links":"","vm_duration":"","vid_social_locker":"off","vid_social_locker_id":"","vid_membership_action":"content-video","vm_video_trailer_url":"","vid_download_type":"free","vid_download_target":"download","vid_woo_product":"","vm_media_download":"","user_rating":"","user_rating_position":"","user_rating_mode":"","user_rating_multi_sets":""},"video_auto_fetch_settings":{"vm_video_fetch":"on"},"video_fake_views_likes":{"vm_fake_views":"","vm_fake_likes":"","vm_fake_dislikes":""},"gallery_settings":{"gallery_position":""},"quote_settings":{"quote_position":""},"post_options":{"main_layout":"","main_logo":"","main_logo_retina":"","main_logo_mobile":"","main_logo_mobile_retina":"","sticky_logo":"","sticky_logo_retina":"","main_nav_layout":"","header_background":"","theme_sidebar":"","single_post_comment_type":"","theme_background":""}},"_links":{"self":[{"href":"https:\/\/canal7slp.tv\/2019\/wp-json\/wp\/v2\/posts\/70207","targetHints":{"allow":["GET"]}}],"collection":[{"href":"https:\/\/canal7slp.tv\/2019\/wp-json\/wp\/v2\/posts"}],"about":[{"href":"https:\/\/canal7slp.tv\/2019\/wp-json\/wp\/v2\/types\/post"}],"author":[{"embeddable":true,"href":"https:\/\/canal7slp.tv\/2019\/wp-json\/wp\/v2\/users\/2"}],"replies":[{"embeddable":true,"href":"https:\/\/canal7slp.tv\/2019\/wp-json\/wp\/v2\/comments?post=70207"}],"version-history":[{"count":0,"href":"https:\/\/canal7slp.tv\/2019\/wp-json\/wp\/v2\/posts\/70207\/revisions"}],"wp:featuredmedia":[{"embeddable":true,"href":"https:\/\/canal7slp.tv\/2019\/wp-json\/wp\/v2\/media\/70208"}],"wp:attachment":[{"href":"https:\/\/canal7slp.tv\/2019\/wp-json\/wp\/v2\/media?parent=70207"}],"wp:term":[{"taxonomy":"category","embeddable":true,"href":"https:\/\/canal7slp.tv\/2019\/wp-json\/wp\/v2\/categories?post=70207"},{"taxonomy":"post_tag","embeddable":true,"href":"https:\/\/canal7slp.tv\/2019\/wp-json\/wp\/v2\/tags?post=70207"}],"curies":[{"name":"wp","href":"https:\/\/api.w.org\/{rel}","templated":true}]}}