{"id":69572,"date":"2019-09-21T10:04:40","date_gmt":"2019-09-21T15:04:40","guid":{"rendered":"https:\/\/canal7slp.tv\/2019\/?p=69572"},"modified":"2019-09-23T17:21:18","modified_gmt":"2019-09-23T22:21:18","slug":"investigan-27-muertes-por-posible-dengue-en-veracruz","status":"publish","type":"post","link":"https:\/\/canal7slp.tv\/2019\/investigan-27-muertes-por-posible-dengue-en-veracruz\/","title":{"rendered":"Investigan 27 muertes por posible dengue en Veracruz"},"content":{"rendered":"<ul>\n<li style=\"text-align: justify\">El estado ocupa el primer lugar a nivel nacional en portar la enfermedad con 4 mil 845 casos hasta el pasado 16 de septiembre<\/li>\n<\/ul>\n<p style=\"text-align: justify\">Veracruz.- Los servicios de salud de Veracruz analizan si 27 fallecimientos de personas tienen que ver con el dengue, una enfermedad que azota a la entidad en las \u00faltimas semanas.<\/p>\n<p style=\"text-align: justify\">El director de Salud P\u00fablica de Veracruz, Salvador Beristain Hern\u00e1ndez, inform\u00f3 que oficialmente tienen un registro de 4 mil 845 casos de dengue y dos muertes causadas por la enfermedad.<\/p>\n<p style=\"text-align: justify\">&#8220;Es importante se\u00f1alar que hay dos (fallecimientos) que el Sistema Nacional evalu\u00f3 con datos cl\u00ednicos para hacer la clasificaci\u00f3n y son los que salieron, pero tenemos 27 que est\u00e1n en espera de que salgan con la confirmaci\u00f3n o negaci\u00f3n&#8221;, aclar\u00f3.<\/p>\n<p style=\"text-align: justify\">El funcionario admiti\u00f3 que es &#8220;infinitamente mayor&#8221; el n\u00famero de casos de dengue que se registraron durante el a\u00f1o anterior al actual.<\/p>\n<p style=\"text-align: justify\">&#8220;La evaluaci\u00f3n epidemiol\u00f3gica no se puede hacer cada a\u00f1o porque el dengue es una enfermedad c\u00edclica, porque pasado un periodo vuelve a presentarse brotes y sucede en todo el mundo. Si s\u00f3lo hablamos contra el a\u00f1o anterior es un n\u00famero infinitamente mayor de casos pero si hacemos la evaluaci\u00f3n de acuerdo a los ciclos estamos por debajo del \u00faltimo ciclo de 2012 que fue de m\u00e1s de 8 mil casos&#8221;.<\/p>\n<p style=\"text-align: justify\">Agreg\u00f3 que los municipios en donde se ha incrementado el n\u00famero de casos son Mart\u00ednez de la Torre, Orizaba, P\u00e1nuco, Xalapa y en Coatzacoalcos.<\/p>\n<p style=\"text-align: justify\">Berista\u00edn Hern\u00e1ndez adem\u00e1s descart\u00f3 que no se hagan fumigaciones, pues dijo que actualmente hay m\u00e1s de 800 trabajadores y poco m\u00e1s de mil 200 promotores atendiendo al estado. En Xalapa hay 142 trabajadores y al menos 200 voluntarios.<\/p>\n<p style=\"text-align: justify\">&#8220;Est\u00e1n fumigando en todo el estado, en Xalapa se ha hecho el rociado en la colonia Casablanca y aquellas colonias que est\u00e1n como positivas. Antes ven\u00edan que sal\u00edan con sus m\u00e1quinas y echaban humo pero el insecticida que estamos usando es distinto con una niebla muy fina que no se ve, no se nota y es mejor&#8221;.<\/p>\n<p style=\"text-align: justify\">Veracruz es el \u00fanico estado del pa\u00eds que registra los cuatro tipos de serotipo de dengue, ocupando por ello el primer lugar a nivel nacional con 4 mil 845 casos hasta el pasado 16 de septiembre, seg\u00fan la Secretar\u00eda de Salud.<\/p>\n<p style=\"text-align: justify\">En el reporte Panorama Epidemiol\u00f3gico de Dengue 2019, el 72 por ciento de los casos confirmados de dengue corresponden a Veracruz, Jalisco, Chiapas, Oaxaca y Puebla.<\/p>\n<p style=\"text-align: justify\">A nivel nacional se han confirmado 16 mil 403 casos a la semana 37 (corte 16 de septiembre) y 43 defunciones. El mayor n\u00famero de casos se concentran en el primer serotipo DNG con 11 mil 710; enseguida DCSA+DG con 4 mil 693; con 3 mil 545 casos DCSA y; DG el menos con mil 148 casos.<\/p>\n<p style=\"text-align: justify\">Los cuatro serotipos de dengue son: dengue no grave (DNG); dengue con signos de alarma (DCSA); dengue grave (DG) y dengue grave con signos de alarma y dengue grave (DCSA+DG).<\/p>\n<p style=\"text-align: justify\">Para el caso de Veracruz, el reporte destac\u00f3 que la entidad es el \u00fanico estado con los cuatro serotipos circulantes. Actualmente se tienen en probables casos de dengue 23 mil 631 casos, pero se han confirmado 4 mil 845 defunciones.<\/p>\n<p style=\"text-align: justify\">De \u00e9ste universo el mayor n\u00famero de casos se concentran en el serotipo 1 (DNG) con 4 mil 251; en el serotipo 2 (DCSA) 476 casos; en el serotipo 3 (DG) 118 casos y; serotipo 4 (DCSG+DG) 594 casos de dengue.<\/p>\n<p style=\"text-align: justify\">Los municipios con m\u00e1s casos son Rafael Lucio con 109 y existen seis casos de DCSA+DG; sigue el municipio de Jilotepec con 71 casos todos DNG; seguido de Benito Ju\u00e1rez con 70 casos; Nautla con 33; resto (sin especificar) 3 mil 968.<\/p>\n","protected":false},"excerpt":{"rendered":"<p>El estado ocupa el primer lugar a nivel nacional en portar la enfermedad con 4 mil 845 casos hasta el pasado 16 de septiembre Veracruz.- Los servicios de salud de Veracruz analizan si 27 fallecimientos de personas tienen que ver con el dengue, una enfermedad que azota a la entidad en las \u00faltimas semanas. El [&hellip;]<\/p>\n","protected":false},"author":2,"featured_media":69573,"comment_status":"open","ping_status":"open","sticky":false,"template":"","format":"standard","meta":{"footnotes":""},"categories":[30],"tags":[],"class_list":["post-69572","post","type-post","status-publish","format-standard","has-post-thumbnail","hentry","category-nacional"],"yoast_head":"<!-- This site is optimized with the Yoast SEO plugin v27.5 - https:\/\/yoast.com\/product\/yoast-seo-wordpress\/ -->\n<title>Investigan 27 muertes por posible dengue en Veracruz - Canal 7 SLP - 2019<\/title>\n<meta name=\"robots\" content=\"index, follow, max-snippet:-1, max-image-preview:large, max-video-preview:-1\" \/>\n<link rel=\"canonical\" href=\"https:\/\/canal7slp.tv\/2019\/investigan-27-muertes-por-posible-dengue-en-veracruz\/\" \/>\n<meta property=\"og:locale\" content=\"es_ES\" \/>\n<meta property=\"og:type\" content=\"article\" \/>\n<meta property=\"og:title\" content=\"Investigan 27 muertes por posible dengue en Veracruz - Canal 7 SLP - 2019\" \/>\n<meta property=\"og:description\" content=\"El estado ocupa el primer lugar a nivel nacional en portar la enfermedad con 4 mil 845 casos hasta el pasado 16 de septiembre Veracruz.- Los servicios de salud de Veracruz analizan si 27 fallecimientos de personas tienen que ver con el dengue, una enfermedad que azota a la entidad en las \u00faltimas semanas. El [&hellip;]\" \/>\n<meta property=\"og:url\" content=\"https:\/\/canal7slp.tv\/2019\/investigan-27-muertes-por-posible-dengue-en-veracruz\/\" \/>\n<meta property=\"og:site_name\" content=\"Canal 7 SLP - 2019\" \/>\n<meta property=\"article:publisher\" content=\"https:\/\/www.facebook.com\/CANAL7SLP\/\" \/>\n<meta property=\"article:published_time\" content=\"2019-09-21T15:04:40+00:00\" \/>\n<meta property=\"article:modified_time\" content=\"2019-09-23T22:21:18+00:00\" \/>\n<meta property=\"og:image\" content=\"https:\/\/canal7slp.tv\/2019\/wp-content\/uploads\/2019\/09\/1045-19.jpg\" \/>\n\t<meta property=\"og:image:width\" content=\"770\" \/>\n\t<meta property=\"og:image:height\" content=\"485\" \/>\n\t<meta property=\"og:image:type\" content=\"image\/jpeg\" \/>\n<meta name=\"author\" content=\"edicionweb\" \/>\n<meta name=\"twitter:card\" content=\"summary_large_image\" \/>\n<meta name=\"twitter:creator\" content=\"@canal7_slp\" \/>\n<meta name=\"twitter:site\" content=\"@canal7_slp\" \/>\n<meta name=\"twitter:label1\" content=\"Escrito por\" \/>\n\t<meta name=\"twitter:data1\" content=\"edicionweb\" \/>\n\t<meta name=\"twitter:label2\" content=\"Tiempo de lectura\" \/>\n\t<meta name=\"twitter:data2\" content=\"3 minutos\" \/>\n<script type=\"application\/ld+json\" class=\"yoast-schema-graph\">{\"@context\":\"https:\\\/\\\/schema.org\",\"@graph\":[{\"@type\":\"Article\",\"@id\":\"https:\\\/\\\/canal7slp.tv\\\/2019\\\/investigan-27-muertes-por-posible-dengue-en-veracruz\\\/#article\",\"isPartOf\":{\"@id\":\"https:\\\/\\\/canal7slp.tv\\\/2019\\\/investigan-27-muertes-por-posible-dengue-en-veracruz\\\/\"},\"author\":{\"name\":\"edicionweb\",\"@id\":\"https:\\\/\\\/canal7slp.tv\\\/2019\\\/#\\\/schema\\\/person\\\/11d941c1c6ca30ac0a46b95fa37aa2e3\"},\"headline\":\"Investigan 27 muertes por posible dengue en Veracruz\",\"datePublished\":\"2019-09-21T15:04:40+00:00\",\"dateModified\":\"2019-09-23T22:21:18+00:00\",\"mainEntityOfPage\":{\"@id\":\"https:\\\/\\\/canal7slp.tv\\\/2019\\\/investigan-27-muertes-por-posible-dengue-en-veracruz\\\/\"},\"wordCount\":615,\"commentCount\":0,\"publisher\":{\"@id\":\"https:\\\/\\\/canal7slp.tv\\\/2019\\\/#organization\"},\"image\":{\"@id\":\"https:\\\/\\\/canal7slp.tv\\\/2019\\\/investigan-27-muertes-por-posible-dengue-en-veracruz\\\/#primaryimage\"},\"thumbnailUrl\":\"https:\\\/\\\/canal7slp.tv\\\/2019\\\/wp-content\\\/uploads\\\/2019\\\/09\\\/1045-19.jpg\",\"articleSection\":[\"NACIONAL\"],\"inLanguage\":\"es\",\"potentialAction\":[{\"@type\":\"CommentAction\",\"name\":\"Comment\",\"target\":[\"https:\\\/\\\/canal7slp.tv\\\/2019\\\/investigan-27-muertes-por-posible-dengue-en-veracruz\\\/#respond\"]}]},{\"@type\":\"WebPage\",\"@id\":\"https:\\\/\\\/canal7slp.tv\\\/2019\\\/investigan-27-muertes-por-posible-dengue-en-veracruz\\\/\",\"url\":\"https:\\\/\\\/canal7slp.tv\\\/2019\\\/investigan-27-muertes-por-posible-dengue-en-veracruz\\\/\",\"name\":\"Investigan 27 muertes por posible dengue en Veracruz - Canal 7 SLP - 2019\",\"isPartOf\":{\"@id\":\"https:\\\/\\\/canal7slp.tv\\\/2019\\\/#website\"},\"primaryImageOfPage\":{\"@id\":\"https:\\\/\\\/canal7slp.tv\\\/2019\\\/investigan-27-muertes-por-posible-dengue-en-veracruz\\\/#primaryimage\"},\"image\":{\"@id\":\"https:\\\/\\\/canal7slp.tv\\\/2019\\\/investigan-27-muertes-por-posible-dengue-en-veracruz\\\/#primaryimage\"},\"thumbnailUrl\":\"https:\\\/\\\/canal7slp.tv\\\/2019\\\/wp-content\\\/uploads\\\/2019\\\/09\\\/1045-19.jpg\",\"datePublished\":\"2019-09-21T15:04:40+00:00\",\"dateModified\":\"2019-09-23T22:21:18+00:00\",\"breadcrumb\":{\"@id\":\"https:\\\/\\\/canal7slp.tv\\\/2019\\\/investigan-27-muertes-por-posible-dengue-en-veracruz\\\/#breadcrumb\"},\"inLanguage\":\"es\",\"potentialAction\":[{\"@type\":\"ReadAction\",\"target\":[\"https:\\\/\\\/canal7slp.tv\\\/2019\\\/investigan-27-muertes-por-posible-dengue-en-veracruz\\\/\"]}]},{\"@type\":\"ImageObject\",\"inLanguage\":\"es\",\"@id\":\"https:\\\/\\\/canal7slp.tv\\\/2019\\\/investigan-27-muertes-por-posible-dengue-en-veracruz\\\/#primaryimage\",\"url\":\"https:\\\/\\\/canal7slp.tv\\\/2019\\\/wp-content\\\/uploads\\\/2019\\\/09\\\/1045-19.jpg\",\"contentUrl\":\"https:\\\/\\\/canal7slp.tv\\\/2019\\\/wp-content\\\/uploads\\\/2019\\\/09\\\/1045-19.jpg\",\"width\":770,\"height\":485},{\"@type\":\"BreadcrumbList\",\"@id\":\"https:\\\/\\\/canal7slp.tv\\\/2019\\\/investigan-27-muertes-por-posible-dengue-en-veracruz\\\/#breadcrumb\",\"itemListElement\":[{\"@type\":\"ListItem\",\"position\":1,\"name\":\"Home\",\"item\":\"https:\\\/\\\/canal7slp.tv\\\/2019\\\/\"},{\"@type\":\"ListItem\",\"position\":2,\"name\":\"Investigan 27 muertes por posible dengue en Veracruz\"}]},{\"@type\":\"WebSite\",\"@id\":\"https:\\\/\\\/canal7slp.tv\\\/2019\\\/#website\",\"url\":\"https:\\\/\\\/canal7slp.tv\\\/2019\\\/\",\"name\":\"Canal 7 SLP - Somos TV\",\"description\":\"Somos un Canal de 10\",\"publisher\":{\"@id\":\"https:\\\/\\\/canal7slp.tv\\\/2019\\\/#organization\"},\"potentialAction\":[{\"@type\":\"SearchAction\",\"target\":{\"@type\":\"EntryPoint\",\"urlTemplate\":\"https:\\\/\\\/canal7slp.tv\\\/2019\\\/?s={search_term_string}\"},\"query-input\":{\"@type\":\"PropertyValueSpecification\",\"valueRequired\":true,\"valueName\":\"search_term_string\"}}],\"inLanguage\":\"es\"},{\"@type\":\"Organization\",\"@id\":\"https:\\\/\\\/canal7slp.tv\\\/2019\\\/#organization\",\"name\":\"Comunicaci\u00f3n 2000 S.A. de C.V.\",\"url\":\"https:\\\/\\\/canal7slp.tv\\\/2019\\\/\",\"logo\":{\"@type\":\"ImageObject\",\"inLanguage\":\"es\",\"@id\":\"https:\\\/\\\/canal7slp.tv\\\/2019\\\/#\\\/schema\\\/logo\\\/image\\\/\",\"url\":\"https:\\\/\\\/canal7slp.tv\\\/2019\\\/wp-content\\\/uploads\\\/2019\\\/07\\\/logo-c7.png\",\"contentUrl\":\"https:\\\/\\\/canal7slp.tv\\\/2019\\\/wp-content\\\/uploads\\\/2019\\\/07\\\/logo-c7.png\",\"width\":220,\"height\":60,\"caption\":\"Comunicaci\u00f3n 2000 S.A. de C.V.\"},\"image\":{\"@id\":\"https:\\\/\\\/canal7slp.tv\\\/2019\\\/#\\\/schema\\\/logo\\\/image\\\/\"},\"sameAs\":[\"https:\\\/\\\/www.facebook.com\\\/CANAL7SLP\\\/\",\"https:\\\/\\\/x.com\\\/canal7_slp\",\"https:\\\/\\\/www.instagram.com\\\/canal7_slp\",\"https:\\\/\\\/www.youtube.com\\\/user\\\/NOTICIEROSCANAL7SLP\\\/\"]},{\"@type\":\"Person\",\"@id\":\"https:\\\/\\\/canal7slp.tv\\\/2019\\\/#\\\/schema\\\/person\\\/11d941c1c6ca30ac0a46b95fa37aa2e3\",\"name\":\"edicionweb\",\"image\":{\"@type\":\"ImageObject\",\"inLanguage\":\"es\",\"@id\":\"https:\\\/\\\/secure.gravatar.com\\\/avatar\\\/eee448fc3f7164808013b816ba91ac7e43bbe82a70bebac296f8bc6f0addaa1a?s=96&d=mm&r=g\",\"url\":\"https:\\\/\\\/secure.gravatar.com\\\/avatar\\\/eee448fc3f7164808013b816ba91ac7e43bbe82a70bebac296f8bc6f0addaa1a?s=96&d=mm&r=g\",\"contentUrl\":\"https:\\\/\\\/secure.gravatar.com\\\/avatar\\\/eee448fc3f7164808013b816ba91ac7e43bbe82a70bebac296f8bc6f0addaa1a?s=96&d=mm&r=g\",\"caption\":\"edicionweb\"}}]}<\/script>\n<!-- \/ Yoast SEO plugin. -->","yoast_head_json":{"title":"Investigan 27 muertes por posible dengue en Veracruz - Canal 7 SLP - 2019","robots":{"index":"index","follow":"follow","max-snippet":"max-snippet:-1","max-image-preview":"max-image-preview:large","max-video-preview":"max-video-preview:-1"},"canonical":"https:\/\/canal7slp.tv\/2019\/investigan-27-muertes-por-posible-dengue-en-veracruz\/","og_locale":"es_ES","og_type":"article","og_title":"Investigan 27 muertes por posible dengue en Veracruz - Canal 7 SLP - 2019","og_description":"El estado ocupa el primer lugar a nivel nacional en portar la enfermedad con 4 mil 845 casos hasta el pasado 16 de septiembre Veracruz.- Los servicios de salud de Veracruz analizan si 27 fallecimientos de personas tienen que ver con el dengue, una enfermedad que azota a la entidad en las \u00faltimas semanas. El [&hellip;]","og_url":"https:\/\/canal7slp.tv\/2019\/investigan-27-muertes-por-posible-dengue-en-veracruz\/","og_site_name":"Canal 7 SLP - 2019","article_publisher":"https:\/\/www.facebook.com\/CANAL7SLP\/","article_published_time":"2019-09-21T15:04:40+00:00","article_modified_time":"2019-09-23T22:21:18+00:00","og_image":[{"width":770,"height":485,"url":"https:\/\/canal7slp.tv\/2019\/wp-content\/uploads\/2019\/09\/1045-19.jpg","type":"image\/jpeg"}],"author":"edicionweb","twitter_card":"summary_large_image","twitter_creator":"@canal7_slp","twitter_site":"@canal7_slp","twitter_misc":{"Escrito por":"edicionweb","Tiempo de lectura":"3 minutos"},"schema":{"@context":"https:\/\/schema.org","@graph":[{"@type":"Article","@id":"https:\/\/canal7slp.tv\/2019\/investigan-27-muertes-por-posible-dengue-en-veracruz\/#article","isPartOf":{"@id":"https:\/\/canal7slp.tv\/2019\/investigan-27-muertes-por-posible-dengue-en-veracruz\/"},"author":{"name":"edicionweb","@id":"https:\/\/canal7slp.tv\/2019\/#\/schema\/person\/11d941c1c6ca30ac0a46b95fa37aa2e3"},"headline":"Investigan 27 muertes por posible dengue en Veracruz","datePublished":"2019-09-21T15:04:40+00:00","dateModified":"2019-09-23T22:21:18+00:00","mainEntityOfPage":{"@id":"https:\/\/canal7slp.tv\/2019\/investigan-27-muertes-por-posible-dengue-en-veracruz\/"},"wordCount":615,"commentCount":0,"publisher":{"@id":"https:\/\/canal7slp.tv\/2019\/#organization"},"image":{"@id":"https:\/\/canal7slp.tv\/2019\/investigan-27-muertes-por-posible-dengue-en-veracruz\/#primaryimage"},"thumbnailUrl":"https:\/\/canal7slp.tv\/2019\/wp-content\/uploads\/2019\/09\/1045-19.jpg","articleSection":["NACIONAL"],"inLanguage":"es","potentialAction":[{"@type":"CommentAction","name":"Comment","target":["https:\/\/canal7slp.tv\/2019\/investigan-27-muertes-por-posible-dengue-en-veracruz\/#respond"]}]},{"@type":"WebPage","@id":"https:\/\/canal7slp.tv\/2019\/investigan-27-muertes-por-posible-dengue-en-veracruz\/","url":"https:\/\/canal7slp.tv\/2019\/investigan-27-muertes-por-posible-dengue-en-veracruz\/","name":"Investigan 27 muertes por posible dengue en Veracruz - Canal 7 SLP - 2019","isPartOf":{"@id":"https:\/\/canal7slp.tv\/2019\/#website"},"primaryImageOfPage":{"@id":"https:\/\/canal7slp.tv\/2019\/investigan-27-muertes-por-posible-dengue-en-veracruz\/#primaryimage"},"image":{"@id":"https:\/\/canal7slp.tv\/2019\/investigan-27-muertes-por-posible-dengue-en-veracruz\/#primaryimage"},"thumbnailUrl":"https:\/\/canal7slp.tv\/2019\/wp-content\/uploads\/2019\/09\/1045-19.jpg","datePublished":"2019-09-21T15:04:40+00:00","dateModified":"2019-09-23T22:21:18+00:00","breadcrumb":{"@id":"https:\/\/canal7slp.tv\/2019\/investigan-27-muertes-por-posible-dengue-en-veracruz\/#breadcrumb"},"inLanguage":"es","potentialAction":[{"@type":"ReadAction","target":["https:\/\/canal7slp.tv\/2019\/investigan-27-muertes-por-posible-dengue-en-veracruz\/"]}]},{"@type":"ImageObject","inLanguage":"es","@id":"https:\/\/canal7slp.tv\/2019\/investigan-27-muertes-por-posible-dengue-en-veracruz\/#primaryimage","url":"https:\/\/canal7slp.tv\/2019\/wp-content\/uploads\/2019\/09\/1045-19.jpg","contentUrl":"https:\/\/canal7slp.tv\/2019\/wp-content\/uploads\/2019\/09\/1045-19.jpg","width":770,"height":485},{"@type":"BreadcrumbList","@id":"https:\/\/canal7slp.tv\/2019\/investigan-27-muertes-por-posible-dengue-en-veracruz\/#breadcrumb","itemListElement":[{"@type":"ListItem","position":1,"name":"Home","item":"https:\/\/canal7slp.tv\/2019\/"},{"@type":"ListItem","position":2,"name":"Investigan 27 muertes por posible dengue en Veracruz"}]},{"@type":"WebSite","@id":"https:\/\/canal7slp.tv\/2019\/#website","url":"https:\/\/canal7slp.tv\/2019\/","name":"Canal 7 SLP - Somos TV","description":"Somos un Canal de 10","publisher":{"@id":"https:\/\/canal7slp.tv\/2019\/#organization"},"potentialAction":[{"@type":"SearchAction","target":{"@type":"EntryPoint","urlTemplate":"https:\/\/canal7slp.tv\/2019\/?s={search_term_string}"},"query-input":{"@type":"PropertyValueSpecification","valueRequired":true,"valueName":"search_term_string"}}],"inLanguage":"es"},{"@type":"Organization","@id":"https:\/\/canal7slp.tv\/2019\/#organization","name":"Comunicaci\u00f3n 2000 S.A. de C.V.","url":"https:\/\/canal7slp.tv\/2019\/","logo":{"@type":"ImageObject","inLanguage":"es","@id":"https:\/\/canal7slp.tv\/2019\/#\/schema\/logo\/image\/","url":"https:\/\/canal7slp.tv\/2019\/wp-content\/uploads\/2019\/07\/logo-c7.png","contentUrl":"https:\/\/canal7slp.tv\/2019\/wp-content\/uploads\/2019\/07\/logo-c7.png","width":220,"height":60,"caption":"Comunicaci\u00f3n 2000 S.A. de C.V."},"image":{"@id":"https:\/\/canal7slp.tv\/2019\/#\/schema\/logo\/image\/"},"sameAs":["https:\/\/www.facebook.com\/CANAL7SLP\/","https:\/\/x.com\/canal7_slp","https:\/\/www.instagram.com\/canal7_slp","https:\/\/www.youtube.com\/user\/NOTICIEROSCANAL7SLP\/"]},{"@type":"Person","@id":"https:\/\/canal7slp.tv\/2019\/#\/schema\/person\/11d941c1c6ca30ac0a46b95fa37aa2e3","name":"edicionweb","image":{"@type":"ImageObject","inLanguage":"es","@id":"https:\/\/secure.gravatar.com\/avatar\/eee448fc3f7164808013b816ba91ac7e43bbe82a70bebac296f8bc6f0addaa1a?s=96&d=mm&r=g","url":"https:\/\/secure.gravatar.com\/avatar\/eee448fc3f7164808013b816ba91ac7e43bbe82a70bebac296f8bc6f0addaa1a?s=96&d=mm&r=g","contentUrl":"https:\/\/secure.gravatar.com\/avatar\/eee448fc3f7164808013b816ba91ac7e43bbe82a70bebac296f8bc6f0addaa1a?s=96&d=mm&r=g","caption":"edicionweb"}}]}},"amp_enabled":true,"cmb2":{"video_ids_in_playlist":{"vid_p_videos":""},"video_ids_in_channel":{"vid_c_videos":""},"playlist_ids_in_channel":{"vid_c_playlists":""},"series_ids_in_channel":{"vid_c_series":""},"channel_images":{"vid_c_logo":"","vid_c_banner":""},"poster_feature_image":{"vid_m_poster_image":""},"gif_feature_image":{"vid_m_gif_image":""},"video_movie_settings":{"vid_m_director":"","vid_m_actor":"","vid_m_imdb_ratings":"","vid_m_amazon_associates":""},"vid_youtube_broadcasts_settings":{"vid_yb_broadcast_title":"","vid_yb_q":"","vid_yb_channelid":"","vid_yb_videocategoryid":"","vid_yb_maxresults":"","vid_yb_order":"","vid_yb_regioncode":"","vid_yb_videosyndicated":"","vid_yb_style":"","vid_yb_reload_first":""},"video_series_settings":{"vid_m_director":"","vid_m_actor":"","vid_m_imdb_ratings":"","video_series_group":""},"amazon_associates_settings":{"amazon_associates":"","amazon_native_ad":""},"vid_youtube_automatic_settings":{"vid_ya_youtube_source":"","vid_ya_update_every":"","vid_ya_update_unit":"","vid_ya_categories":"","vid_ya_published_after":"","vid_ya_published_before":"","vid_ya_playlists":"","vid_ya_channels":"","vid_ya_director":"","vid_ya_actor":"","vid_ya_author":"","vid_ya_import_post_date":"","vid_ya_status":"","vid_ya_sub_api_key":""},"vid_ads_m_videoads_settings_post":{"vid_ads_m_video_ads":"","vid_ads_m_video_ads_type":"","vid_ads_m_group_google_ima":"","vid_ads_m_group_image":"","vid_ads_m_group_html5_video":"","vid_ads_m_group_html":"","vid_ads_m_vast_preroll":"","vid_ads_m_vast_postroll":"","vid_ads_m_vast_pauseroll":"","vid_ads_m_vast_midroll":[{"vid_ads_m_vast_timer_seconds":"50"}],"vid_ads_m_time_to_show_ads":"","vid_ads_m_time_skip_ads":"","vid_ads_m_time_to_hide_ads":""},"page_slider_settings":{"display_slider_group":"","page_slider_group":""},"blog_page_settings":{"blog_page_title":"","blog_page_heading":"","blog_page_ic":"","blog_page_it":"","blog_page_ec":"","blog_page_ip":"","archive_loop_style":"","blog_image_ratio":"","blog_show_categories":"","blog_show_excerpt":"","blog_show_author":"","blog_show_date":"","blog_show_comment_count":"","blog_show_view_count":"","blog_show_like_count":"","blog_show_dislike_count":"","blog_items_per_page":"","blog_pag_type":""},"page_options":{"get_page_template":"","color_mode":"","main_layout":"","main_layout_full_with":"","main_logo":"","main_logo_retina":"","main_logo_mobile":"","main_logo_mobile_retina":"","sticky_logo":"","sticky_logo_retina":"","main_nav_layout":"","ajax_search":"","header_background":"","theme_sidebar":"","instagram_feed":"","instagram_feed_position":"","popular_videos":"","popular_videos_title_1":"","popular_videos_title_2":"","popular_videos_ic":"","popular_videos_it":"","theme_background":"","page_custom_css":""},"feature_image_settings":{"feature_image_position":""},"video_player_settings":{"single_video_style":"","video_player_position":"","vm_video_url":"","video_player_library":"","video_streaming":"","vm_media_sources":"","vid_auto_play":"","vm_video_shortcode":"","vid_p_sync_playlist":"","vid_c_sync_channel":"","get_post_format":"","multiple_links_structure":"default","multi_links_title":"","vm_video_multi_links":"","vm_duration":"","vid_social_locker":"off","vid_social_locker_id":"","vid_membership_action":"content-video","vm_video_trailer_url":"","vid_download_type":"free","vid_download_target":"download","vid_woo_product":"","vm_media_download":"","user_rating":"","user_rating_position":"","user_rating_mode":"","user_rating_multi_sets":""},"video_auto_fetch_settings":{"vm_video_fetch":"on"},"video_fake_views_likes":{"vm_fake_views":"","vm_fake_likes":"","vm_fake_dislikes":""},"gallery_settings":{"gallery_position":""},"quote_settings":{"quote_position":""},"post_options":{"main_layout":"","main_logo":"","main_logo_retina":"","main_logo_mobile":"","main_logo_mobile_retina":"","sticky_logo":"","sticky_logo_retina":"","main_nav_layout":"","header_background":"","theme_sidebar":"","single_post_comment_type":"","theme_background":""}},"_links":{"self":[{"href":"https:\/\/canal7slp.tv\/2019\/wp-json\/wp\/v2\/posts\/69572","targetHints":{"allow":["GET"]}}],"collection":[{"href":"https:\/\/canal7slp.tv\/2019\/wp-json\/wp\/v2\/posts"}],"about":[{"href":"https:\/\/canal7slp.tv\/2019\/wp-json\/wp\/v2\/types\/post"}],"author":[{"embeddable":true,"href":"https:\/\/canal7slp.tv\/2019\/wp-json\/wp\/v2\/users\/2"}],"replies":[{"embeddable":true,"href":"https:\/\/canal7slp.tv\/2019\/wp-json\/wp\/v2\/comments?post=69572"}],"version-history":[{"count":0,"href":"https:\/\/canal7slp.tv\/2019\/wp-json\/wp\/v2\/posts\/69572\/revisions"}],"wp:featuredmedia":[{"embeddable":true,"href":"https:\/\/canal7slp.tv\/2019\/wp-json\/wp\/v2\/media\/69573"}],"wp:attachment":[{"href":"https:\/\/canal7slp.tv\/2019\/wp-json\/wp\/v2\/media?parent=69572"}],"wp:term":[{"taxonomy":"category","embeddable":true,"href":"https:\/\/canal7slp.tv\/2019\/wp-json\/wp\/v2\/categories?post=69572"},{"taxonomy":"post_tag","embeddable":true,"href":"https:\/\/canal7slp.tv\/2019\/wp-json\/wp\/v2\/tags?post=69572"}],"curies":[{"name":"wp","href":"https:\/\/api.w.org\/{rel}","templated":true}]}}