{"id":69315,"date":"2019-09-20T12:22:07","date_gmt":"2019-09-20T17:22:07","guid":{"rendered":"https:\/\/canal7slp.tv\/2019\/?p=69315"},"modified":"2019-09-23T00:56:17","modified_gmt":"2019-09-23T05:56:17","slug":"mozart-y-mahler-resonaran-con-la-osm","status":"publish","type":"post","link":"https:\/\/canal7slp.tv\/2019\/mozart-y-mahler-resonaran-con-la-osm\/","title":{"rendered":"Mozart y Mahler resonar\u00e1n con la OSM"},"content":{"rendered":"<ul>\n<li style=\"text-align: justify\">El Conjunto Santander de Artes Esc\u00e9nicas formar\u00e1 parte de la hist\u00f3rica despedida del director de orquesta Kent Nagano<\/li>\n<\/ul>\n<p style=\"text-align: justify\">M\u00e9xico.- El director de orquesta Kent Nagano concluye su ciclo con la Orquesta Sinf\u00f3nica de Montreal (Canad\u00e1), donde ha trabajado durante casi dos d\u00e9cadas como director musical. Dentro de su gira de despedida visitar\u00e1n Jalisco, para presentar un concierto en la Sala Pl\u00e1cido Domingo del Conjunto Santander de Artes Esc\u00e9nicas.<\/p>\n<p style=\"text-align: justify\">Sobre el programa que interpretar\u00e1n, Kent adelant\u00f3 en entrevista con este medio: \u201cEl programa incluye a Mozart y su principal Concierto para viol\u00edn (n\u00fam. 3 en Sol mayor, K. 216). Y despu\u00e9s la Quinta sinfon\u00eda de Mahler. Es una pieza que representa la totalidad de la orquesta. Pero tambi\u00e9n exploramos un gran repertorio que recurre a orquestas m\u00e1s peque\u00f1as, obras de Johann Sebastian Bach o Mozart, que son muy importantes. Por eso llevamos los dos lados a M\u00e9xico\u201d. Cabe destacar que Veronika Eberle ser\u00e1 la violinista para el concierto de Mozart.<\/p>\n<p style=\"text-align: justify\">Sobre su labor con la orquesta sinf\u00f3nica, platic\u00f3: \u201cPara el ensamble es muy importante que el director musical no solo est\u00e9 con la orquesta en el escenario y en el trabajo previo, sino que tambi\u00e9n es vital que el director musical se aproxime a la comunidad. Esto para tratar de asegurarse de que no haya separaci\u00f3n entre la comunidad y la orquesta. Hablando hist\u00f3ricamente, una orquesta refleja la personalidad y el car\u00e1cter de la ciudad. Siempre ha sido as\u00ed, desde que empezaron las orquestas en la \u00e9poca de Bach, Mozart y Beethoven. Ahora desafortunadamente hay una tendencia a separar el escenario y la comunidad. Nos hemos enfocado en que Montreal sienta que la orquesta le pertenece. Un director es el embajador de la misma\u201d.<\/p>\n<p style=\"text-align: justify\">Entre sus actividades durante los a\u00f1os con la batuta de la orquesta, Nagano ha grabado numerosos discos: \u201cEn Montreal por fortuna siempre tenemos casa llena, \u2018sold out\u2019. Pero incluso si tocamos tres conciertos de un programa con localidades agotadas, eso significa que tocaremos frente a unas 6 mil personas en total (nuestro teatro es para 2 mil personas). Una grabaci\u00f3n le permite a la orquesta tener una audiencia m\u00e1s amplia internacionalmente. Tambi\u00e9n tenemos internet, streaming en vivo, y tambi\u00e9n contamos con documentales que se han hecho sobre la orquesta. Son nuevos medios que sirven para alcanzar a un p\u00fablico que no ser\u00eda capaz de venir a Montreal\u201d.<\/p>\n<p style=\"text-align: justify\">Para el director estadounidense, el legado va m\u00e1s all\u00e1 de lo musical: \u201cLo interesante es lo cerca que hemos trabajado juntos: los m\u00fasicos de la orquesta, la administraci\u00f3n, yo mismo, los pol\u00edticos locales y la comunidad, la ciudad de Montreal. Estos 16 a\u00f1os hemos trabajado cerca e intensamente. El legado que dejamos ser\u00e1 recordado como un momento de expansi\u00f3n. Al comienzo tuvimos que lidiar con el reto de dificultades financieras. Ahora, 16 a\u00f1os despu\u00e9s, la orquesta est\u00e1 sana en sus finanzas\u201d.<\/p>\n<p style=\"text-align: justify\">A prop\u00f3sito de las finanzas de un ensamble sinf\u00f3nico, Kent platic\u00f3 sobre los diferentes modelos de financiamiento que tienen las orquestas en el mundo: \u201cHe trabajado en los Estados Unidos, donde pr\u00e1cticamente no hay, o es muy poco, el apoyo para las artes. He trabajado en Alemania, donde hay una participaci\u00f3n sustancial para apoyar a las filarm\u00f3nicas. He trabajado en Canad\u00e1, donde hay un nivel h\u00edbrido: el gobierno aporta un apoyo, pero tambi\u00e9n hay una inversi\u00f3n privada para financiar a las orquestas. En cada uno de estos modelos hay aspectos positivos, pero tambi\u00e9n negativos\u2026 No hay uno perfecto, depende de cu\u00e1n relevante es la orquesta para la comunidad\u201d.<\/p>\n<p style=\"text-align: justify\">Kent Nagano dejar\u00e1 en 2020 su puesto como director musical de la Orquesta Sinf\u00f3nica de Montreal. De sus proyectos a futuro, dijo: \u201cContinuar\u00e9 mi trabajo en Hamburgo (en la Staatsoper Hamburg). Reci\u00e9n extend\u00ed mi contrato all\u00ed por otros seis a\u00f1os. Sin embargo, creo que es importante decir que la relaci\u00f3n con Montreal seguir\u00e1, estoy seguro que no ser\u00e1 un adi\u00f3s con la orquesta, tenemos m\u00e1s proyectos a futuro. Aunque ya no ser\u00e9 el director musical\u201d.<\/p>\n<p style=\"text-align: justify\">No te pierdas la presentaci\u00f3n de la Orquesta Sinf\u00f3nica de Montreal en la gira de despedida de su director, Kent Nagano. La cita es el pr\u00f3ximo domingo 13 de octubre a las 18:00 horas, en la Sala Pl\u00e1cido Domingo del Conjunto Santander de Artes Esc\u00e9nicas (Av. Perif\u00e9rico Norte 1695). Boletos de 200 a 500 pesos.<\/p>\n","protected":false},"excerpt":{"rendered":"<p>El Conjunto Santander de Artes Esc\u00e9nicas formar\u00e1 parte de la hist\u00f3rica despedida del director de orquesta Kent Nagano M\u00e9xico.- El director de orquesta Kent Nagano concluye su ciclo con la Orquesta Sinf\u00f3nica de Montreal (Canad\u00e1), donde ha trabajado durante casi dos d\u00e9cadas como director musical. Dentro de su gira de despedida visitar\u00e1n Jalisco, para presentar [&hellip;]<\/p>\n","protected":false},"author":2,"featured_media":69316,"comment_status":"open","ping_status":"open","sticky":false,"template":"","format":"standard","meta":{"footnotes":""},"categories":[25],"tags":[],"class_list":["post-69315","post","type-post","status-publish","format-standard","has-post-thumbnail","hentry","category-cultura"],"yoast_head":"<!-- This site is optimized with the Yoast SEO plugin v27.5 - https:\/\/yoast.com\/product\/yoast-seo-wordpress\/ -->\n<title>Mozart y Mahler resonar\u00e1n con la OSM - Canal 7 SLP - 2019<\/title>\n<meta name=\"robots\" content=\"index, follow, max-snippet:-1, max-image-preview:large, max-video-preview:-1\" \/>\n<link rel=\"canonical\" href=\"https:\/\/canal7slp.tv\/2019\/mozart-y-mahler-resonaran-con-la-osm\/\" \/>\n<meta property=\"og:locale\" content=\"es_ES\" \/>\n<meta property=\"og:type\" content=\"article\" \/>\n<meta property=\"og:title\" content=\"Mozart y Mahler resonar\u00e1n con la OSM - Canal 7 SLP - 2019\" \/>\n<meta property=\"og:description\" content=\"El Conjunto Santander de Artes Esc\u00e9nicas formar\u00e1 parte de la hist\u00f3rica despedida del director de orquesta Kent Nagano M\u00e9xico.- El director de orquesta Kent Nagano concluye su ciclo con la Orquesta Sinf\u00f3nica de Montreal (Canad\u00e1), donde ha trabajado durante casi dos d\u00e9cadas como director musical. Dentro de su gira de despedida visitar\u00e1n Jalisco, para presentar [&hellip;]\" \/>\n<meta property=\"og:url\" content=\"https:\/\/canal7slp.tv\/2019\/mozart-y-mahler-resonaran-con-la-osm\/\" \/>\n<meta property=\"og:site_name\" content=\"Canal 7 SLP - 2019\" \/>\n<meta property=\"article:publisher\" content=\"https:\/\/www.facebook.com\/CANAL7SLP\/\" \/>\n<meta property=\"article:published_time\" content=\"2019-09-20T17:22:07+00:00\" \/>\n<meta property=\"article:modified_time\" content=\"2019-09-23T05:56:17+00:00\" \/>\n<meta property=\"og:image\" content=\"https:\/\/canal7slp.tv\/2019\/wp-content\/uploads\/2019\/09\/1245-15.jpg\" \/>\n\t<meta property=\"og:image:width\" content=\"770\" \/>\n\t<meta property=\"og:image:height\" content=\"485\" \/>\n\t<meta property=\"og:image:type\" content=\"image\/jpeg\" \/>\n<meta name=\"author\" content=\"edicionweb\" \/>\n<meta name=\"twitter:card\" content=\"summary_large_image\" \/>\n<meta name=\"twitter:creator\" content=\"@canal7_slp\" \/>\n<meta name=\"twitter:site\" content=\"@canal7_slp\" \/>\n<meta name=\"twitter:label1\" content=\"Escrito por\" \/>\n\t<meta name=\"twitter:data1\" content=\"edicionweb\" \/>\n\t<meta name=\"twitter:label2\" content=\"Tiempo de lectura\" \/>\n\t<meta name=\"twitter:data2\" content=\"4 minutos\" \/>\n<script type=\"application\/ld+json\" class=\"yoast-schema-graph\">{\"@context\":\"https:\\\/\\\/schema.org\",\"@graph\":[{\"@type\":\"Article\",\"@id\":\"https:\\\/\\\/canal7slp.tv\\\/2019\\\/mozart-y-mahler-resonaran-con-la-osm\\\/#article\",\"isPartOf\":{\"@id\":\"https:\\\/\\\/canal7slp.tv\\\/2019\\\/mozart-y-mahler-resonaran-con-la-osm\\\/\"},\"author\":{\"name\":\"edicionweb\",\"@id\":\"https:\\\/\\\/canal7slp.tv\\\/2019\\\/#\\\/schema\\\/person\\\/11d941c1c6ca30ac0a46b95fa37aa2e3\"},\"headline\":\"Mozart y Mahler resonar\u00e1n con la OSM\",\"datePublished\":\"2019-09-20T17:22:07+00:00\",\"dateModified\":\"2019-09-23T05:56:17+00:00\",\"mainEntityOfPage\":{\"@id\":\"https:\\\/\\\/canal7slp.tv\\\/2019\\\/mozart-y-mahler-resonaran-con-la-osm\\\/\"},\"wordCount\":765,\"commentCount\":0,\"publisher\":{\"@id\":\"https:\\\/\\\/canal7slp.tv\\\/2019\\\/#organization\"},\"image\":{\"@id\":\"https:\\\/\\\/canal7slp.tv\\\/2019\\\/mozart-y-mahler-resonaran-con-la-osm\\\/#primaryimage\"},\"thumbnailUrl\":\"https:\\\/\\\/canal7slp.tv\\\/2019\\\/wp-content\\\/uploads\\\/2019\\\/09\\\/1245-15.jpg\",\"articleSection\":[\"CULTURA\"],\"inLanguage\":\"es\",\"potentialAction\":[{\"@type\":\"CommentAction\",\"name\":\"Comment\",\"target\":[\"https:\\\/\\\/canal7slp.tv\\\/2019\\\/mozart-y-mahler-resonaran-con-la-osm\\\/#respond\"]}]},{\"@type\":\"WebPage\",\"@id\":\"https:\\\/\\\/canal7slp.tv\\\/2019\\\/mozart-y-mahler-resonaran-con-la-osm\\\/\",\"url\":\"https:\\\/\\\/canal7slp.tv\\\/2019\\\/mozart-y-mahler-resonaran-con-la-osm\\\/\",\"name\":\"Mozart y Mahler resonar\u00e1n con la OSM - Canal 7 SLP - 2019\",\"isPartOf\":{\"@id\":\"https:\\\/\\\/canal7slp.tv\\\/2019\\\/#website\"},\"primaryImageOfPage\":{\"@id\":\"https:\\\/\\\/canal7slp.tv\\\/2019\\\/mozart-y-mahler-resonaran-con-la-osm\\\/#primaryimage\"},\"image\":{\"@id\":\"https:\\\/\\\/canal7slp.tv\\\/2019\\\/mozart-y-mahler-resonaran-con-la-osm\\\/#primaryimage\"},\"thumbnailUrl\":\"https:\\\/\\\/canal7slp.tv\\\/2019\\\/wp-content\\\/uploads\\\/2019\\\/09\\\/1245-15.jpg\",\"datePublished\":\"2019-09-20T17:22:07+00:00\",\"dateModified\":\"2019-09-23T05:56:17+00:00\",\"breadcrumb\":{\"@id\":\"https:\\\/\\\/canal7slp.tv\\\/2019\\\/mozart-y-mahler-resonaran-con-la-osm\\\/#breadcrumb\"},\"inLanguage\":\"es\",\"potentialAction\":[{\"@type\":\"ReadAction\",\"target\":[\"https:\\\/\\\/canal7slp.tv\\\/2019\\\/mozart-y-mahler-resonaran-con-la-osm\\\/\"]}]},{\"@type\":\"ImageObject\",\"inLanguage\":\"es\",\"@id\":\"https:\\\/\\\/canal7slp.tv\\\/2019\\\/mozart-y-mahler-resonaran-con-la-osm\\\/#primaryimage\",\"url\":\"https:\\\/\\\/canal7slp.tv\\\/2019\\\/wp-content\\\/uploads\\\/2019\\\/09\\\/1245-15.jpg\",\"contentUrl\":\"https:\\\/\\\/canal7slp.tv\\\/2019\\\/wp-content\\\/uploads\\\/2019\\\/09\\\/1245-15.jpg\",\"width\":770,\"height\":485},{\"@type\":\"BreadcrumbList\",\"@id\":\"https:\\\/\\\/canal7slp.tv\\\/2019\\\/mozart-y-mahler-resonaran-con-la-osm\\\/#breadcrumb\",\"itemListElement\":[{\"@type\":\"ListItem\",\"position\":1,\"name\":\"Home\",\"item\":\"https:\\\/\\\/canal7slp.tv\\\/2019\\\/\"},{\"@type\":\"ListItem\",\"position\":2,\"name\":\"Mozart y Mahler resonar\u00e1n con la OSM\"}]},{\"@type\":\"WebSite\",\"@id\":\"https:\\\/\\\/canal7slp.tv\\\/2019\\\/#website\",\"url\":\"https:\\\/\\\/canal7slp.tv\\\/2019\\\/\",\"name\":\"Canal 7 SLP - Somos TV\",\"description\":\"Somos un Canal de 10\",\"publisher\":{\"@id\":\"https:\\\/\\\/canal7slp.tv\\\/2019\\\/#organization\"},\"potentialAction\":[{\"@type\":\"SearchAction\",\"target\":{\"@type\":\"EntryPoint\",\"urlTemplate\":\"https:\\\/\\\/canal7slp.tv\\\/2019\\\/?s={search_term_string}\"},\"query-input\":{\"@type\":\"PropertyValueSpecification\",\"valueRequired\":true,\"valueName\":\"search_term_string\"}}],\"inLanguage\":\"es\"},{\"@type\":\"Organization\",\"@id\":\"https:\\\/\\\/canal7slp.tv\\\/2019\\\/#organization\",\"name\":\"Comunicaci\u00f3n 2000 S.A. de C.V.\",\"url\":\"https:\\\/\\\/canal7slp.tv\\\/2019\\\/\",\"logo\":{\"@type\":\"ImageObject\",\"inLanguage\":\"es\",\"@id\":\"https:\\\/\\\/canal7slp.tv\\\/2019\\\/#\\\/schema\\\/logo\\\/image\\\/\",\"url\":\"https:\\\/\\\/canal7slp.tv\\\/2019\\\/wp-content\\\/uploads\\\/2019\\\/07\\\/logo-c7.png\",\"contentUrl\":\"https:\\\/\\\/canal7slp.tv\\\/2019\\\/wp-content\\\/uploads\\\/2019\\\/07\\\/logo-c7.png\",\"width\":220,\"height\":60,\"caption\":\"Comunicaci\u00f3n 2000 S.A. de C.V.\"},\"image\":{\"@id\":\"https:\\\/\\\/canal7slp.tv\\\/2019\\\/#\\\/schema\\\/logo\\\/image\\\/\"},\"sameAs\":[\"https:\\\/\\\/www.facebook.com\\\/CANAL7SLP\\\/\",\"https:\\\/\\\/x.com\\\/canal7_slp\",\"https:\\\/\\\/www.instagram.com\\\/canal7_slp\",\"https:\\\/\\\/www.youtube.com\\\/user\\\/NOTICIEROSCANAL7SLP\\\/\"]},{\"@type\":\"Person\",\"@id\":\"https:\\\/\\\/canal7slp.tv\\\/2019\\\/#\\\/schema\\\/person\\\/11d941c1c6ca30ac0a46b95fa37aa2e3\",\"name\":\"edicionweb\",\"image\":{\"@type\":\"ImageObject\",\"inLanguage\":\"es\",\"@id\":\"https:\\\/\\\/secure.gravatar.com\\\/avatar\\\/eee448fc3f7164808013b816ba91ac7e43bbe82a70bebac296f8bc6f0addaa1a?s=96&d=mm&r=g\",\"url\":\"https:\\\/\\\/secure.gravatar.com\\\/avatar\\\/eee448fc3f7164808013b816ba91ac7e43bbe82a70bebac296f8bc6f0addaa1a?s=96&d=mm&r=g\",\"contentUrl\":\"https:\\\/\\\/secure.gravatar.com\\\/avatar\\\/eee448fc3f7164808013b816ba91ac7e43bbe82a70bebac296f8bc6f0addaa1a?s=96&d=mm&r=g\",\"caption\":\"edicionweb\"}}]}<\/script>\n<!-- \/ Yoast SEO plugin. -->","yoast_head_json":{"title":"Mozart y Mahler resonar\u00e1n con la OSM - Canal 7 SLP - 2019","robots":{"index":"index","follow":"follow","max-snippet":"max-snippet:-1","max-image-preview":"max-image-preview:large","max-video-preview":"max-video-preview:-1"},"canonical":"https:\/\/canal7slp.tv\/2019\/mozart-y-mahler-resonaran-con-la-osm\/","og_locale":"es_ES","og_type":"article","og_title":"Mozart y Mahler resonar\u00e1n con la OSM - Canal 7 SLP - 2019","og_description":"El Conjunto Santander de Artes Esc\u00e9nicas formar\u00e1 parte de la hist\u00f3rica despedida del director de orquesta Kent Nagano M\u00e9xico.- El director de orquesta Kent Nagano concluye su ciclo con la Orquesta Sinf\u00f3nica de Montreal (Canad\u00e1), donde ha trabajado durante casi dos d\u00e9cadas como director musical. Dentro de su gira de despedida visitar\u00e1n Jalisco, para presentar [&hellip;]","og_url":"https:\/\/canal7slp.tv\/2019\/mozart-y-mahler-resonaran-con-la-osm\/","og_site_name":"Canal 7 SLP - 2019","article_publisher":"https:\/\/www.facebook.com\/CANAL7SLP\/","article_published_time":"2019-09-20T17:22:07+00:00","article_modified_time":"2019-09-23T05:56:17+00:00","og_image":[{"width":770,"height":485,"url":"https:\/\/canal7slp.tv\/2019\/wp-content\/uploads\/2019\/09\/1245-15.jpg","type":"image\/jpeg"}],"author":"edicionweb","twitter_card":"summary_large_image","twitter_creator":"@canal7_slp","twitter_site":"@canal7_slp","twitter_misc":{"Escrito por":"edicionweb","Tiempo de lectura":"4 minutos"},"schema":{"@context":"https:\/\/schema.org","@graph":[{"@type":"Article","@id":"https:\/\/canal7slp.tv\/2019\/mozart-y-mahler-resonaran-con-la-osm\/#article","isPartOf":{"@id":"https:\/\/canal7slp.tv\/2019\/mozart-y-mahler-resonaran-con-la-osm\/"},"author":{"name":"edicionweb","@id":"https:\/\/canal7slp.tv\/2019\/#\/schema\/person\/11d941c1c6ca30ac0a46b95fa37aa2e3"},"headline":"Mozart y Mahler resonar\u00e1n con la OSM","datePublished":"2019-09-20T17:22:07+00:00","dateModified":"2019-09-23T05:56:17+00:00","mainEntityOfPage":{"@id":"https:\/\/canal7slp.tv\/2019\/mozart-y-mahler-resonaran-con-la-osm\/"},"wordCount":765,"commentCount":0,"publisher":{"@id":"https:\/\/canal7slp.tv\/2019\/#organization"},"image":{"@id":"https:\/\/canal7slp.tv\/2019\/mozart-y-mahler-resonaran-con-la-osm\/#primaryimage"},"thumbnailUrl":"https:\/\/canal7slp.tv\/2019\/wp-content\/uploads\/2019\/09\/1245-15.jpg","articleSection":["CULTURA"],"inLanguage":"es","potentialAction":[{"@type":"CommentAction","name":"Comment","target":["https:\/\/canal7slp.tv\/2019\/mozart-y-mahler-resonaran-con-la-osm\/#respond"]}]},{"@type":"WebPage","@id":"https:\/\/canal7slp.tv\/2019\/mozart-y-mahler-resonaran-con-la-osm\/","url":"https:\/\/canal7slp.tv\/2019\/mozart-y-mahler-resonaran-con-la-osm\/","name":"Mozart y Mahler resonar\u00e1n con la OSM - Canal 7 SLP - 2019","isPartOf":{"@id":"https:\/\/canal7slp.tv\/2019\/#website"},"primaryImageOfPage":{"@id":"https:\/\/canal7slp.tv\/2019\/mozart-y-mahler-resonaran-con-la-osm\/#primaryimage"},"image":{"@id":"https:\/\/canal7slp.tv\/2019\/mozart-y-mahler-resonaran-con-la-osm\/#primaryimage"},"thumbnailUrl":"https:\/\/canal7slp.tv\/2019\/wp-content\/uploads\/2019\/09\/1245-15.jpg","datePublished":"2019-09-20T17:22:07+00:00","dateModified":"2019-09-23T05:56:17+00:00","breadcrumb":{"@id":"https:\/\/canal7slp.tv\/2019\/mozart-y-mahler-resonaran-con-la-osm\/#breadcrumb"},"inLanguage":"es","potentialAction":[{"@type":"ReadAction","target":["https:\/\/canal7slp.tv\/2019\/mozart-y-mahler-resonaran-con-la-osm\/"]}]},{"@type":"ImageObject","inLanguage":"es","@id":"https:\/\/canal7slp.tv\/2019\/mozart-y-mahler-resonaran-con-la-osm\/#primaryimage","url":"https:\/\/canal7slp.tv\/2019\/wp-content\/uploads\/2019\/09\/1245-15.jpg","contentUrl":"https:\/\/canal7slp.tv\/2019\/wp-content\/uploads\/2019\/09\/1245-15.jpg","width":770,"height":485},{"@type":"BreadcrumbList","@id":"https:\/\/canal7slp.tv\/2019\/mozart-y-mahler-resonaran-con-la-osm\/#breadcrumb","itemListElement":[{"@type":"ListItem","position":1,"name":"Home","item":"https:\/\/canal7slp.tv\/2019\/"},{"@type":"ListItem","position":2,"name":"Mozart y Mahler resonar\u00e1n con la OSM"}]},{"@type":"WebSite","@id":"https:\/\/canal7slp.tv\/2019\/#website","url":"https:\/\/canal7slp.tv\/2019\/","name":"Canal 7 SLP - Somos TV","description":"Somos un Canal de 10","publisher":{"@id":"https:\/\/canal7slp.tv\/2019\/#organization"},"potentialAction":[{"@type":"SearchAction","target":{"@type":"EntryPoint","urlTemplate":"https:\/\/canal7slp.tv\/2019\/?s={search_term_string}"},"query-input":{"@type":"PropertyValueSpecification","valueRequired":true,"valueName":"search_term_string"}}],"inLanguage":"es"},{"@type":"Organization","@id":"https:\/\/canal7slp.tv\/2019\/#organization","name":"Comunicaci\u00f3n 2000 S.A. de C.V.","url":"https:\/\/canal7slp.tv\/2019\/","logo":{"@type":"ImageObject","inLanguage":"es","@id":"https:\/\/canal7slp.tv\/2019\/#\/schema\/logo\/image\/","url":"https:\/\/canal7slp.tv\/2019\/wp-content\/uploads\/2019\/07\/logo-c7.png","contentUrl":"https:\/\/canal7slp.tv\/2019\/wp-content\/uploads\/2019\/07\/logo-c7.png","width":220,"height":60,"caption":"Comunicaci\u00f3n 2000 S.A. de C.V."},"image":{"@id":"https:\/\/canal7slp.tv\/2019\/#\/schema\/logo\/image\/"},"sameAs":["https:\/\/www.facebook.com\/CANAL7SLP\/","https:\/\/x.com\/canal7_slp","https:\/\/www.instagram.com\/canal7_slp","https:\/\/www.youtube.com\/user\/NOTICIEROSCANAL7SLP\/"]},{"@type":"Person","@id":"https:\/\/canal7slp.tv\/2019\/#\/schema\/person\/11d941c1c6ca30ac0a46b95fa37aa2e3","name":"edicionweb","image":{"@type":"ImageObject","inLanguage":"es","@id":"https:\/\/secure.gravatar.com\/avatar\/eee448fc3f7164808013b816ba91ac7e43bbe82a70bebac296f8bc6f0addaa1a?s=96&d=mm&r=g","url":"https:\/\/secure.gravatar.com\/avatar\/eee448fc3f7164808013b816ba91ac7e43bbe82a70bebac296f8bc6f0addaa1a?s=96&d=mm&r=g","contentUrl":"https:\/\/secure.gravatar.com\/avatar\/eee448fc3f7164808013b816ba91ac7e43bbe82a70bebac296f8bc6f0addaa1a?s=96&d=mm&r=g","caption":"edicionweb"}}]}},"amp_enabled":true,"cmb2":{"video_ids_in_playlist":{"vid_p_videos":""},"video_ids_in_channel":{"vid_c_videos":""},"playlist_ids_in_channel":{"vid_c_playlists":""},"series_ids_in_channel":{"vid_c_series":""},"channel_images":{"vid_c_logo":"","vid_c_banner":""},"poster_feature_image":{"vid_m_poster_image":""},"gif_feature_image":{"vid_m_gif_image":""},"video_movie_settings":{"vid_m_director":"","vid_m_actor":"","vid_m_imdb_ratings":"","vid_m_amazon_associates":""},"vid_youtube_broadcasts_settings":{"vid_yb_broadcast_title":"","vid_yb_q":"","vid_yb_channelid":"","vid_yb_videocategoryid":"","vid_yb_maxresults":"","vid_yb_order":"","vid_yb_regioncode":"","vid_yb_videosyndicated":"","vid_yb_style":"","vid_yb_reload_first":""},"video_series_settings":{"vid_m_director":"","vid_m_actor":"","vid_m_imdb_ratings":"","video_series_group":""},"amazon_associates_settings":{"amazon_associates":"","amazon_native_ad":""},"vid_youtube_automatic_settings":{"vid_ya_youtube_source":"","vid_ya_update_every":"","vid_ya_update_unit":"","vid_ya_categories":"","vid_ya_published_after":"","vid_ya_published_before":"","vid_ya_playlists":"","vid_ya_channels":"","vid_ya_director":"","vid_ya_actor":"","vid_ya_author":"","vid_ya_import_post_date":"","vid_ya_status":"","vid_ya_sub_api_key":""},"vid_ads_m_videoads_settings_post":{"vid_ads_m_video_ads":"","vid_ads_m_video_ads_type":"","vid_ads_m_group_google_ima":"","vid_ads_m_group_image":"","vid_ads_m_group_html5_video":"","vid_ads_m_group_html":"","vid_ads_m_vast_preroll":"","vid_ads_m_vast_postroll":"","vid_ads_m_vast_pauseroll":"","vid_ads_m_vast_midroll":[{"vid_ads_m_vast_timer_seconds":"50"}],"vid_ads_m_time_to_show_ads":"","vid_ads_m_time_skip_ads":"","vid_ads_m_time_to_hide_ads":""},"page_slider_settings":{"display_slider_group":"","page_slider_group":""},"blog_page_settings":{"blog_page_title":"","blog_page_heading":"","blog_page_ic":"","blog_page_it":"","blog_page_ec":"","blog_page_ip":"","archive_loop_style":"","blog_image_ratio":"","blog_show_categories":"","blog_show_excerpt":"","blog_show_author":"","blog_show_date":"","blog_show_comment_count":"","blog_show_view_count":"","blog_show_like_count":"","blog_show_dislike_count":"","blog_items_per_page":"","blog_pag_type":""},"page_options":{"get_page_template":"","color_mode":"","main_layout":"","main_layout_full_with":"","main_logo":"","main_logo_retina":"","main_logo_mobile":"","main_logo_mobile_retina":"","sticky_logo":"","sticky_logo_retina":"","main_nav_layout":"","ajax_search":"","header_background":"","theme_sidebar":"","instagram_feed":"","instagram_feed_position":"","popular_videos":"","popular_videos_title_1":"","popular_videos_title_2":"","popular_videos_ic":"","popular_videos_it":"","theme_background":"","page_custom_css":""},"feature_image_settings":{"feature_image_position":""},"video_player_settings":{"single_video_style":"","video_player_position":"","vm_video_url":"","video_player_library":"","video_streaming":"","vm_media_sources":"","vid_auto_play":"","vm_video_shortcode":"","vid_p_sync_playlist":"","vid_c_sync_channel":"","get_post_format":"","multiple_links_structure":"default","multi_links_title":"","vm_video_multi_links":"","vm_duration":"","vid_social_locker":"off","vid_social_locker_id":"","vid_membership_action":"content-video","vm_video_trailer_url":"","vid_download_type":"free","vid_download_target":"download","vid_woo_product":"","vm_media_download":"","user_rating":"","user_rating_position":"","user_rating_mode":"","user_rating_multi_sets":""},"video_auto_fetch_settings":{"vm_video_fetch":"on"},"video_fake_views_likes":{"vm_fake_views":"","vm_fake_likes":"","vm_fake_dislikes":""},"gallery_settings":{"gallery_position":""},"quote_settings":{"quote_position":""},"post_options":{"main_layout":"","main_logo":"","main_logo_retina":"","main_logo_mobile":"","main_logo_mobile_retina":"","sticky_logo":"","sticky_logo_retina":"","main_nav_layout":"","header_background":"","theme_sidebar":"","single_post_comment_type":"","theme_background":""}},"_links":{"self":[{"href":"https:\/\/canal7slp.tv\/2019\/wp-json\/wp\/v2\/posts\/69315","targetHints":{"allow":["GET"]}}],"collection":[{"href":"https:\/\/canal7slp.tv\/2019\/wp-json\/wp\/v2\/posts"}],"about":[{"href":"https:\/\/canal7slp.tv\/2019\/wp-json\/wp\/v2\/types\/post"}],"author":[{"embeddable":true,"href":"https:\/\/canal7slp.tv\/2019\/wp-json\/wp\/v2\/users\/2"}],"replies":[{"embeddable":true,"href":"https:\/\/canal7slp.tv\/2019\/wp-json\/wp\/v2\/comments?post=69315"}],"version-history":[{"count":0,"href":"https:\/\/canal7slp.tv\/2019\/wp-json\/wp\/v2\/posts\/69315\/revisions"}],"wp:featuredmedia":[{"embeddable":true,"href":"https:\/\/canal7slp.tv\/2019\/wp-json\/wp\/v2\/media\/69316"}],"wp:attachment":[{"href":"https:\/\/canal7slp.tv\/2019\/wp-json\/wp\/v2\/media?parent=69315"}],"wp:term":[{"taxonomy":"category","embeddable":true,"href":"https:\/\/canal7slp.tv\/2019\/wp-json\/wp\/v2\/categories?post=69315"},{"taxonomy":"post_tag","embeddable":true,"href":"https:\/\/canal7slp.tv\/2019\/wp-json\/wp\/v2\/tags?post=69315"}],"curies":[{"name":"wp","href":"https:\/\/api.w.org\/{rel}","templated":true}]}}