{"id":68230,"date":"2019-09-18T09:17:11","date_gmt":"2019-09-18T14:17:11","guid":{"rendered":"https:\/\/canal7slp.tv\/2019\/?p=68230"},"modified":"2019-09-18T09:17:11","modified_gmt":"2019-09-18T14:17:11","slug":"timochenko-descarta-ayuda-de-venezuela-a-disidentes-de-farc","status":"publish","type":"post","link":"https:\/\/canal7slp.tv\/2019\/timochenko-descarta-ayuda-de-venezuela-a-disidentes-de-farc\/","title":{"rendered":"&#8220;Timochenko&#8221; descarta ayuda de Venezuela a disidentes de FARC"},"content":{"rendered":"<ul>\n<li style=\"text-align: justify\">El excomandante de las Fuerzas Revolucionarias de Colombia considera improbable que el pa\u00eds vecino est\u00e1 apoyando a aquellos que retomaron las armas<\/li>\n<\/ul>\n<p style=\"text-align: justify\">Venezuela.- El presidente del partido Fuerza Alternativa Revolucionaria del Com\u00fan, Rodrigo Londo\u00f1o, alias Timochenko, descart\u00f3 que Venezuela apoye a los disidentes de las extintas Fuerzas Armadas Revolucionarias de Colombia (FARC) que retomaron las armas y a los que consider\u00f3 unos &#8220;ilusos&#8221;.<\/p>\n<p style=\"text-align: justify\">Al participar este martes en la Semana por la Paz, Londo\u00f1o hizo una reflexi\u00f3n sobre la situaci\u00f3n actual en Colombia, tras el rearme de un grupo encabezado por los exl\u00edderes rebeldes Luciano Mar\u00edn Arango, alias &#8220;Iv\u00e1n M\u00e1rquez&#8221;, y Seuxis Paucias Hern\u00e1ndez, alias &#8220;Jes\u00fas Santrich&#8221;.<\/p>\n<p style=\"text-align: justify\">Consider\u00f3 que ambos exdirigentes de las desaparecidas FARC son unos &#8220;ilusos&#8221; por pensar que una guerrilla se forma de la noche a la ma\u00f1ana.<\/p>\n<p style=\"text-align: justify\">Descart\u00f3 que el gobierno del presidente de Venezuela, Nicol\u00e1s Maduro, brinde ayuda a este grupo de disidentes, report\u00f3 el peri\u00f3dico colombiano El Nuevo Siglo.<\/p>\n<p style=\"text-align: justify\">&#8220;No creo que Venezuela est\u00e9 ayudando a un grupo de ilusos en un proyecto para que nos matemos los colombianos y menos al Ej\u00e9rcito de Liberaci\u00f3n Nacional&#8221;, se\u00f1al\u00f3.<\/p>\n<p style=\"text-align: justify\">Londo\u00f1o, quien fue uno de los l\u00edderes m\u00e1s importantes de las FARC, asegur\u00f3: &#8220;nosotros, alzados en armas tuvimos campamentos en la frontera y nunca tuvimos apoyo del pa\u00eds vecino&#8221;.<\/p>\n<p style=\"text-align: justify\">Por otra parte, llam\u00f3 al senador del Centro Democr\u00e1tico y exmandatario de Colombia, \u00c1lvaro Uribe V\u00e9lez\u00a8, a la Jurisdicci\u00f3n Especial para la Paz (JEP) &#8220;por el bien del pa\u00eds&#8221;.<\/p>\n<p style=\"text-align: justify\">&#8220;\u00c1lvaro Uribe, lo invito a que venga para la JEP. Contemos la verdad. \u00c9l tiene mucho que contar; apliquemos la verdad reconstructiva&#8221;, indic\u00f3.<\/p>\n<p style=\"text-align: justify\">En 2018, Londo\u00f1o envi\u00f3 una misiva a Uribe V\u00e9lez en la que le indic\u00f3: &#8220;aceptando que usted, nosotros, y muchos otros nos encontramos a las puertas de responder ante la justicia, bueno ser\u00eda darle al pa\u00eds un ejemplo acerca de en qu\u00e9 consiste la b\u00fasqueda y el esclarecimiento de la verdad&#8221;.<\/p>\n<p style=\"text-align: justify\">El 29 de agosto pasado, el exn\u00famero dos de las FARC, Luciano Mar\u00edn Arango, y cuyo paradero se desconoce desde hace m\u00e1s de un a\u00f1o, reapareci\u00f3 en un video junto con otros excombatientes como &#8220;El Paisa&#8221; y &#8220;Jes\u00fas Santrich&#8221;, en el que anunciaron que iniciaban &#8220;una nueva etapa de lucha armada&#8221;, a casi tres a\u00f1os de la firma del Acuerdo de Paz con el gobierno colombiano.<\/p>\n","protected":false},"excerpt":{"rendered":"<p>El excomandante de las Fuerzas Revolucionarias de Colombia considera improbable que el pa\u00eds vecino est\u00e1 apoyando a aquellos que retomaron las armas Venezuela.- El presidente del partido Fuerza Alternativa Revolucionaria del Com\u00fan, Rodrigo Londo\u00f1o, alias Timochenko, descart\u00f3 que Venezuela apoye a los disidentes de las extintas Fuerzas Armadas Revolucionarias de Colombia (FARC) que retomaron las [&hellip;]<\/p>\n","protected":false},"author":2,"featured_media":68231,"comment_status":"open","ping_status":"open","sticky":false,"template":"","format":"standard","meta":{"footnotes":""},"categories":[18],"tags":[],"class_list":["post-68230","post","type-post","status-publish","format-standard","has-post-thumbnail","hentry","category-internacional"],"yoast_head":"<!-- This site is optimized with the Yoast SEO plugin v27.5 - https:\/\/yoast.com\/product\/yoast-seo-wordpress\/ -->\n<title>&quot;Timochenko&quot; descarta ayuda de Venezuela a disidentes de FARC - Canal 7 SLP - 2019<\/title>\n<meta name=\"robots\" content=\"index, follow, max-snippet:-1, max-image-preview:large, max-video-preview:-1\" \/>\n<link rel=\"canonical\" href=\"https:\/\/canal7slp.tv\/2019\/timochenko-descarta-ayuda-de-venezuela-a-disidentes-de-farc\/\" \/>\n<meta property=\"og:locale\" content=\"es_ES\" \/>\n<meta property=\"og:type\" content=\"article\" \/>\n<meta property=\"og:title\" content=\"&quot;Timochenko&quot; descarta ayuda de Venezuela a disidentes de FARC - Canal 7 SLP - 2019\" \/>\n<meta property=\"og:description\" content=\"El excomandante de las Fuerzas Revolucionarias de Colombia considera improbable que el pa\u00eds vecino est\u00e1 apoyando a aquellos que retomaron las armas Venezuela.- El presidente del partido Fuerza Alternativa Revolucionaria del Com\u00fan, Rodrigo Londo\u00f1o, alias Timochenko, descart\u00f3 que Venezuela apoye a los disidentes de las extintas Fuerzas Armadas Revolucionarias de Colombia (FARC) que retomaron las [&hellip;]\" \/>\n<meta property=\"og:url\" content=\"https:\/\/canal7slp.tv\/2019\/timochenko-descarta-ayuda-de-venezuela-a-disidentes-de-farc\/\" \/>\n<meta property=\"og:site_name\" content=\"Canal 7 SLP - 2019\" \/>\n<meta property=\"article:publisher\" content=\"https:\/\/www.facebook.com\/CANAL7SLP\/\" \/>\n<meta property=\"article:published_time\" content=\"2019-09-18T14:17:11+00:00\" \/>\n<meta property=\"og:image\" content=\"https:\/\/canal7slp.tv\/2019\/wp-content\/uploads\/2019\/09\/1100-15.jpg\" \/>\n\t<meta property=\"og:image:width\" content=\"770\" \/>\n\t<meta property=\"og:image:height\" content=\"485\" \/>\n\t<meta property=\"og:image:type\" content=\"image\/jpeg\" \/>\n<meta name=\"author\" content=\"edicionweb\" \/>\n<meta name=\"twitter:card\" content=\"summary_large_image\" \/>\n<meta name=\"twitter:creator\" content=\"@canal7_slp\" \/>\n<meta name=\"twitter:site\" content=\"@canal7_slp\" \/>\n<meta name=\"twitter:label1\" content=\"Escrito por\" \/>\n\t<meta name=\"twitter:data1\" content=\"edicionweb\" \/>\n\t<meta name=\"twitter:label2\" content=\"Tiempo de lectura\" \/>\n\t<meta name=\"twitter:data2\" content=\"2 minutos\" \/>\n<script type=\"application\/ld+json\" class=\"yoast-schema-graph\">{\"@context\":\"https:\\\/\\\/schema.org\",\"@graph\":[{\"@type\":\"Article\",\"@id\":\"https:\\\/\\\/canal7slp.tv\\\/2019\\\/timochenko-descarta-ayuda-de-venezuela-a-disidentes-de-farc\\\/#article\",\"isPartOf\":{\"@id\":\"https:\\\/\\\/canal7slp.tv\\\/2019\\\/timochenko-descarta-ayuda-de-venezuela-a-disidentes-de-farc\\\/\"},\"author\":{\"name\":\"edicionweb\",\"@id\":\"https:\\\/\\\/canal7slp.tv\\\/2019\\\/#\\\/schema\\\/person\\\/11d941c1c6ca30ac0a46b95fa37aa2e3\"},\"headline\":\"&#8220;Timochenko&#8221; descarta ayuda de Venezuela a disidentes de FARC\",\"datePublished\":\"2019-09-18T14:17:11+00:00\",\"mainEntityOfPage\":{\"@id\":\"https:\\\/\\\/canal7slp.tv\\\/2019\\\/timochenko-descarta-ayuda-de-venezuela-a-disidentes-de-farc\\\/\"},\"wordCount\":426,\"commentCount\":0,\"publisher\":{\"@id\":\"https:\\\/\\\/canal7slp.tv\\\/2019\\\/#organization\"},\"image\":{\"@id\":\"https:\\\/\\\/canal7slp.tv\\\/2019\\\/timochenko-descarta-ayuda-de-venezuela-a-disidentes-de-farc\\\/#primaryimage\"},\"thumbnailUrl\":\"https:\\\/\\\/canal7slp.tv\\\/2019\\\/wp-content\\\/uploads\\\/2019\\\/09\\\/1100-15.jpg\",\"articleSection\":[\"INTERNACIONAL\"],\"inLanguage\":\"es\",\"potentialAction\":[{\"@type\":\"CommentAction\",\"name\":\"Comment\",\"target\":[\"https:\\\/\\\/canal7slp.tv\\\/2019\\\/timochenko-descarta-ayuda-de-venezuela-a-disidentes-de-farc\\\/#respond\"]}]},{\"@type\":\"WebPage\",\"@id\":\"https:\\\/\\\/canal7slp.tv\\\/2019\\\/timochenko-descarta-ayuda-de-venezuela-a-disidentes-de-farc\\\/\",\"url\":\"https:\\\/\\\/canal7slp.tv\\\/2019\\\/timochenko-descarta-ayuda-de-venezuela-a-disidentes-de-farc\\\/\",\"name\":\"\\\"Timochenko\\\" descarta ayuda de Venezuela a disidentes de FARC - Canal 7 SLP - 2019\",\"isPartOf\":{\"@id\":\"https:\\\/\\\/canal7slp.tv\\\/2019\\\/#website\"},\"primaryImageOfPage\":{\"@id\":\"https:\\\/\\\/canal7slp.tv\\\/2019\\\/timochenko-descarta-ayuda-de-venezuela-a-disidentes-de-farc\\\/#primaryimage\"},\"image\":{\"@id\":\"https:\\\/\\\/canal7slp.tv\\\/2019\\\/timochenko-descarta-ayuda-de-venezuela-a-disidentes-de-farc\\\/#primaryimage\"},\"thumbnailUrl\":\"https:\\\/\\\/canal7slp.tv\\\/2019\\\/wp-content\\\/uploads\\\/2019\\\/09\\\/1100-15.jpg\",\"datePublished\":\"2019-09-18T14:17:11+00:00\",\"breadcrumb\":{\"@id\":\"https:\\\/\\\/canal7slp.tv\\\/2019\\\/timochenko-descarta-ayuda-de-venezuela-a-disidentes-de-farc\\\/#breadcrumb\"},\"inLanguage\":\"es\",\"potentialAction\":[{\"@type\":\"ReadAction\",\"target\":[\"https:\\\/\\\/canal7slp.tv\\\/2019\\\/timochenko-descarta-ayuda-de-venezuela-a-disidentes-de-farc\\\/\"]}]},{\"@type\":\"ImageObject\",\"inLanguage\":\"es\",\"@id\":\"https:\\\/\\\/canal7slp.tv\\\/2019\\\/timochenko-descarta-ayuda-de-venezuela-a-disidentes-de-farc\\\/#primaryimage\",\"url\":\"https:\\\/\\\/canal7slp.tv\\\/2019\\\/wp-content\\\/uploads\\\/2019\\\/09\\\/1100-15.jpg\",\"contentUrl\":\"https:\\\/\\\/canal7slp.tv\\\/2019\\\/wp-content\\\/uploads\\\/2019\\\/09\\\/1100-15.jpg\",\"width\":770,\"height\":485},{\"@type\":\"BreadcrumbList\",\"@id\":\"https:\\\/\\\/canal7slp.tv\\\/2019\\\/timochenko-descarta-ayuda-de-venezuela-a-disidentes-de-farc\\\/#breadcrumb\",\"itemListElement\":[{\"@type\":\"ListItem\",\"position\":1,\"name\":\"Home\",\"item\":\"https:\\\/\\\/canal7slp.tv\\\/2019\\\/\"},{\"@type\":\"ListItem\",\"position\":2,\"name\":\"&#8220;Timochenko&#8221; descarta ayuda de Venezuela a disidentes de FARC\"}]},{\"@type\":\"WebSite\",\"@id\":\"https:\\\/\\\/canal7slp.tv\\\/2019\\\/#website\",\"url\":\"https:\\\/\\\/canal7slp.tv\\\/2019\\\/\",\"name\":\"Canal 7 SLP - Somos TV\",\"description\":\"Somos un Canal de 10\",\"publisher\":{\"@id\":\"https:\\\/\\\/canal7slp.tv\\\/2019\\\/#organization\"},\"potentialAction\":[{\"@type\":\"SearchAction\",\"target\":{\"@type\":\"EntryPoint\",\"urlTemplate\":\"https:\\\/\\\/canal7slp.tv\\\/2019\\\/?s={search_term_string}\"},\"query-input\":{\"@type\":\"PropertyValueSpecification\",\"valueRequired\":true,\"valueName\":\"search_term_string\"}}],\"inLanguage\":\"es\"},{\"@type\":\"Organization\",\"@id\":\"https:\\\/\\\/canal7slp.tv\\\/2019\\\/#organization\",\"name\":\"Comunicaci\u00f3n 2000 S.A. de C.V.\",\"url\":\"https:\\\/\\\/canal7slp.tv\\\/2019\\\/\",\"logo\":{\"@type\":\"ImageObject\",\"inLanguage\":\"es\",\"@id\":\"https:\\\/\\\/canal7slp.tv\\\/2019\\\/#\\\/schema\\\/logo\\\/image\\\/\",\"url\":\"https:\\\/\\\/canal7slp.tv\\\/2019\\\/wp-content\\\/uploads\\\/2019\\\/07\\\/logo-c7.png\",\"contentUrl\":\"https:\\\/\\\/canal7slp.tv\\\/2019\\\/wp-content\\\/uploads\\\/2019\\\/07\\\/logo-c7.png\",\"width\":220,\"height\":60,\"caption\":\"Comunicaci\u00f3n 2000 S.A. de C.V.\"},\"image\":{\"@id\":\"https:\\\/\\\/canal7slp.tv\\\/2019\\\/#\\\/schema\\\/logo\\\/image\\\/\"},\"sameAs\":[\"https:\\\/\\\/www.facebook.com\\\/CANAL7SLP\\\/\",\"https:\\\/\\\/x.com\\\/canal7_slp\",\"https:\\\/\\\/www.instagram.com\\\/canal7_slp\",\"https:\\\/\\\/www.youtube.com\\\/user\\\/NOTICIEROSCANAL7SLP\\\/\"]},{\"@type\":\"Person\",\"@id\":\"https:\\\/\\\/canal7slp.tv\\\/2019\\\/#\\\/schema\\\/person\\\/11d941c1c6ca30ac0a46b95fa37aa2e3\",\"name\":\"edicionweb\",\"image\":{\"@type\":\"ImageObject\",\"inLanguage\":\"es\",\"@id\":\"https:\\\/\\\/secure.gravatar.com\\\/avatar\\\/eee448fc3f7164808013b816ba91ac7e43bbe82a70bebac296f8bc6f0addaa1a?s=96&d=mm&r=g\",\"url\":\"https:\\\/\\\/secure.gravatar.com\\\/avatar\\\/eee448fc3f7164808013b816ba91ac7e43bbe82a70bebac296f8bc6f0addaa1a?s=96&d=mm&r=g\",\"contentUrl\":\"https:\\\/\\\/secure.gravatar.com\\\/avatar\\\/eee448fc3f7164808013b816ba91ac7e43bbe82a70bebac296f8bc6f0addaa1a?s=96&d=mm&r=g\",\"caption\":\"edicionweb\"}}]}<\/script>\n<!-- \/ Yoast SEO plugin. -->","yoast_head_json":{"title":"\"Timochenko\" descarta ayuda de Venezuela a disidentes de FARC - Canal 7 SLP - 2019","robots":{"index":"index","follow":"follow","max-snippet":"max-snippet:-1","max-image-preview":"max-image-preview:large","max-video-preview":"max-video-preview:-1"},"canonical":"https:\/\/canal7slp.tv\/2019\/timochenko-descarta-ayuda-de-venezuela-a-disidentes-de-farc\/","og_locale":"es_ES","og_type":"article","og_title":"\"Timochenko\" descarta ayuda de Venezuela a disidentes de FARC - Canal 7 SLP - 2019","og_description":"El excomandante de las Fuerzas Revolucionarias de Colombia considera improbable que el pa\u00eds vecino est\u00e1 apoyando a aquellos que retomaron las armas Venezuela.- El presidente del partido Fuerza Alternativa Revolucionaria del Com\u00fan, Rodrigo Londo\u00f1o, alias Timochenko, descart\u00f3 que Venezuela apoye a los disidentes de las extintas Fuerzas Armadas Revolucionarias de Colombia (FARC) que retomaron las [&hellip;]","og_url":"https:\/\/canal7slp.tv\/2019\/timochenko-descarta-ayuda-de-venezuela-a-disidentes-de-farc\/","og_site_name":"Canal 7 SLP - 2019","article_publisher":"https:\/\/www.facebook.com\/CANAL7SLP\/","article_published_time":"2019-09-18T14:17:11+00:00","og_image":[{"width":770,"height":485,"url":"https:\/\/canal7slp.tv\/2019\/wp-content\/uploads\/2019\/09\/1100-15.jpg","type":"image\/jpeg"}],"author":"edicionweb","twitter_card":"summary_large_image","twitter_creator":"@canal7_slp","twitter_site":"@canal7_slp","twitter_misc":{"Escrito por":"edicionweb","Tiempo de lectura":"2 minutos"},"schema":{"@context":"https:\/\/schema.org","@graph":[{"@type":"Article","@id":"https:\/\/canal7slp.tv\/2019\/timochenko-descarta-ayuda-de-venezuela-a-disidentes-de-farc\/#article","isPartOf":{"@id":"https:\/\/canal7slp.tv\/2019\/timochenko-descarta-ayuda-de-venezuela-a-disidentes-de-farc\/"},"author":{"name":"edicionweb","@id":"https:\/\/canal7slp.tv\/2019\/#\/schema\/person\/11d941c1c6ca30ac0a46b95fa37aa2e3"},"headline":"&#8220;Timochenko&#8221; descarta ayuda de Venezuela a disidentes de FARC","datePublished":"2019-09-18T14:17:11+00:00","mainEntityOfPage":{"@id":"https:\/\/canal7slp.tv\/2019\/timochenko-descarta-ayuda-de-venezuela-a-disidentes-de-farc\/"},"wordCount":426,"commentCount":0,"publisher":{"@id":"https:\/\/canal7slp.tv\/2019\/#organization"},"image":{"@id":"https:\/\/canal7slp.tv\/2019\/timochenko-descarta-ayuda-de-venezuela-a-disidentes-de-farc\/#primaryimage"},"thumbnailUrl":"https:\/\/canal7slp.tv\/2019\/wp-content\/uploads\/2019\/09\/1100-15.jpg","articleSection":["INTERNACIONAL"],"inLanguage":"es","potentialAction":[{"@type":"CommentAction","name":"Comment","target":["https:\/\/canal7slp.tv\/2019\/timochenko-descarta-ayuda-de-venezuela-a-disidentes-de-farc\/#respond"]}]},{"@type":"WebPage","@id":"https:\/\/canal7slp.tv\/2019\/timochenko-descarta-ayuda-de-venezuela-a-disidentes-de-farc\/","url":"https:\/\/canal7slp.tv\/2019\/timochenko-descarta-ayuda-de-venezuela-a-disidentes-de-farc\/","name":"\"Timochenko\" descarta ayuda de Venezuela a disidentes de FARC - Canal 7 SLP - 2019","isPartOf":{"@id":"https:\/\/canal7slp.tv\/2019\/#website"},"primaryImageOfPage":{"@id":"https:\/\/canal7slp.tv\/2019\/timochenko-descarta-ayuda-de-venezuela-a-disidentes-de-farc\/#primaryimage"},"image":{"@id":"https:\/\/canal7slp.tv\/2019\/timochenko-descarta-ayuda-de-venezuela-a-disidentes-de-farc\/#primaryimage"},"thumbnailUrl":"https:\/\/canal7slp.tv\/2019\/wp-content\/uploads\/2019\/09\/1100-15.jpg","datePublished":"2019-09-18T14:17:11+00:00","breadcrumb":{"@id":"https:\/\/canal7slp.tv\/2019\/timochenko-descarta-ayuda-de-venezuela-a-disidentes-de-farc\/#breadcrumb"},"inLanguage":"es","potentialAction":[{"@type":"ReadAction","target":["https:\/\/canal7slp.tv\/2019\/timochenko-descarta-ayuda-de-venezuela-a-disidentes-de-farc\/"]}]},{"@type":"ImageObject","inLanguage":"es","@id":"https:\/\/canal7slp.tv\/2019\/timochenko-descarta-ayuda-de-venezuela-a-disidentes-de-farc\/#primaryimage","url":"https:\/\/canal7slp.tv\/2019\/wp-content\/uploads\/2019\/09\/1100-15.jpg","contentUrl":"https:\/\/canal7slp.tv\/2019\/wp-content\/uploads\/2019\/09\/1100-15.jpg","width":770,"height":485},{"@type":"BreadcrumbList","@id":"https:\/\/canal7slp.tv\/2019\/timochenko-descarta-ayuda-de-venezuela-a-disidentes-de-farc\/#breadcrumb","itemListElement":[{"@type":"ListItem","position":1,"name":"Home","item":"https:\/\/canal7slp.tv\/2019\/"},{"@type":"ListItem","position":2,"name":"&#8220;Timochenko&#8221; descarta ayuda de Venezuela a disidentes de FARC"}]},{"@type":"WebSite","@id":"https:\/\/canal7slp.tv\/2019\/#website","url":"https:\/\/canal7slp.tv\/2019\/","name":"Canal 7 SLP - Somos TV","description":"Somos un Canal de 10","publisher":{"@id":"https:\/\/canal7slp.tv\/2019\/#organization"},"potentialAction":[{"@type":"SearchAction","target":{"@type":"EntryPoint","urlTemplate":"https:\/\/canal7slp.tv\/2019\/?s={search_term_string}"},"query-input":{"@type":"PropertyValueSpecification","valueRequired":true,"valueName":"search_term_string"}}],"inLanguage":"es"},{"@type":"Organization","@id":"https:\/\/canal7slp.tv\/2019\/#organization","name":"Comunicaci\u00f3n 2000 S.A. de C.V.","url":"https:\/\/canal7slp.tv\/2019\/","logo":{"@type":"ImageObject","inLanguage":"es","@id":"https:\/\/canal7slp.tv\/2019\/#\/schema\/logo\/image\/","url":"https:\/\/canal7slp.tv\/2019\/wp-content\/uploads\/2019\/07\/logo-c7.png","contentUrl":"https:\/\/canal7slp.tv\/2019\/wp-content\/uploads\/2019\/07\/logo-c7.png","width":220,"height":60,"caption":"Comunicaci\u00f3n 2000 S.A. de C.V."},"image":{"@id":"https:\/\/canal7slp.tv\/2019\/#\/schema\/logo\/image\/"},"sameAs":["https:\/\/www.facebook.com\/CANAL7SLP\/","https:\/\/x.com\/canal7_slp","https:\/\/www.instagram.com\/canal7_slp","https:\/\/www.youtube.com\/user\/NOTICIEROSCANAL7SLP\/"]},{"@type":"Person","@id":"https:\/\/canal7slp.tv\/2019\/#\/schema\/person\/11d941c1c6ca30ac0a46b95fa37aa2e3","name":"edicionweb","image":{"@type":"ImageObject","inLanguage":"es","@id":"https:\/\/secure.gravatar.com\/avatar\/eee448fc3f7164808013b816ba91ac7e43bbe82a70bebac296f8bc6f0addaa1a?s=96&d=mm&r=g","url":"https:\/\/secure.gravatar.com\/avatar\/eee448fc3f7164808013b816ba91ac7e43bbe82a70bebac296f8bc6f0addaa1a?s=96&d=mm&r=g","contentUrl":"https:\/\/secure.gravatar.com\/avatar\/eee448fc3f7164808013b816ba91ac7e43bbe82a70bebac296f8bc6f0addaa1a?s=96&d=mm&r=g","caption":"edicionweb"}}]}},"amp_enabled":true,"cmb2":{"video_ids_in_playlist":{"vid_p_videos":""},"video_ids_in_channel":{"vid_c_videos":""},"playlist_ids_in_channel":{"vid_c_playlists":""},"series_ids_in_channel":{"vid_c_series":""},"channel_images":{"vid_c_logo":"","vid_c_banner":""},"poster_feature_image":{"vid_m_poster_image":""},"gif_feature_image":{"vid_m_gif_image":""},"video_movie_settings":{"vid_m_director":"","vid_m_actor":"","vid_m_imdb_ratings":"","vid_m_amazon_associates":""},"vid_youtube_broadcasts_settings":{"vid_yb_broadcast_title":"","vid_yb_q":"","vid_yb_channelid":"","vid_yb_videocategoryid":"","vid_yb_maxresults":"","vid_yb_order":"","vid_yb_regioncode":"","vid_yb_videosyndicated":"","vid_yb_style":"","vid_yb_reload_first":""},"video_series_settings":{"vid_m_director":"","vid_m_actor":"","vid_m_imdb_ratings":"","video_series_group":""},"amazon_associates_settings":{"amazon_associates":"","amazon_native_ad":""},"vid_youtube_automatic_settings":{"vid_ya_youtube_source":"","vid_ya_update_every":"","vid_ya_update_unit":"","vid_ya_categories":"","vid_ya_published_after":"","vid_ya_published_before":"","vid_ya_playlists":"","vid_ya_channels":"","vid_ya_director":"","vid_ya_actor":"","vid_ya_author":"","vid_ya_import_post_date":"","vid_ya_status":"","vid_ya_sub_api_key":""},"vid_ads_m_videoads_settings_post":{"vid_ads_m_video_ads":"","vid_ads_m_video_ads_type":"","vid_ads_m_group_google_ima":"","vid_ads_m_group_image":"","vid_ads_m_group_html5_video":"","vid_ads_m_group_html":"","vid_ads_m_vast_preroll":"","vid_ads_m_vast_postroll":"","vid_ads_m_vast_pauseroll":"","vid_ads_m_vast_midroll":[{"vid_ads_m_vast_timer_seconds":"50"}],"vid_ads_m_time_to_show_ads":"","vid_ads_m_time_skip_ads":"","vid_ads_m_time_to_hide_ads":""},"page_slider_settings":{"display_slider_group":"","page_slider_group":""},"blog_page_settings":{"blog_page_title":"","blog_page_heading":"","blog_page_ic":"","blog_page_it":"","blog_page_ec":"","blog_page_ip":"","archive_loop_style":"","blog_image_ratio":"","blog_show_categories":"","blog_show_excerpt":"","blog_show_author":"","blog_show_date":"","blog_show_comment_count":"","blog_show_view_count":"","blog_show_like_count":"","blog_show_dislike_count":"","blog_items_per_page":"","blog_pag_type":""},"page_options":{"get_page_template":"","color_mode":"","main_layout":"","main_layout_full_with":"","main_logo":"","main_logo_retina":"","main_logo_mobile":"","main_logo_mobile_retina":"","sticky_logo":"","sticky_logo_retina":"","main_nav_layout":"","ajax_search":"","header_background":"","theme_sidebar":"","instagram_feed":"","instagram_feed_position":"","popular_videos":"","popular_videos_title_1":"","popular_videos_title_2":"","popular_videos_ic":"","popular_videos_it":"","theme_background":"","page_custom_css":""},"feature_image_settings":{"feature_image_position":""},"video_player_settings":{"single_video_style":"","video_player_position":"","vm_video_url":"","video_player_library":"","video_streaming":"","vm_media_sources":"","vid_auto_play":"","vm_video_shortcode":"","vid_p_sync_playlist":"","vid_c_sync_channel":"","get_post_format":"","multiple_links_structure":"default","multi_links_title":"","vm_video_multi_links":"","vm_duration":"","vid_social_locker":"off","vid_social_locker_id":"","vid_membership_action":"content-video","vm_video_trailer_url":"","vid_download_type":"free","vid_download_target":"download","vid_woo_product":"","vm_media_download":"","user_rating":"","user_rating_position":"","user_rating_mode":"","user_rating_multi_sets":""},"video_auto_fetch_settings":{"vm_video_fetch":"on"},"video_fake_views_likes":{"vm_fake_views":"","vm_fake_likes":"","vm_fake_dislikes":""},"gallery_settings":{"gallery_position":""},"quote_settings":{"quote_position":""},"post_options":{"main_layout":"","main_logo":"","main_logo_retina":"","main_logo_mobile":"","main_logo_mobile_retina":"","sticky_logo":"","sticky_logo_retina":"","main_nav_layout":"","header_background":"","theme_sidebar":"","single_post_comment_type":"","theme_background":""}},"_links":{"self":[{"href":"https:\/\/canal7slp.tv\/2019\/wp-json\/wp\/v2\/posts\/68230","targetHints":{"allow":["GET"]}}],"collection":[{"href":"https:\/\/canal7slp.tv\/2019\/wp-json\/wp\/v2\/posts"}],"about":[{"href":"https:\/\/canal7slp.tv\/2019\/wp-json\/wp\/v2\/types\/post"}],"author":[{"embeddable":true,"href":"https:\/\/canal7slp.tv\/2019\/wp-json\/wp\/v2\/users\/2"}],"replies":[{"embeddable":true,"href":"https:\/\/canal7slp.tv\/2019\/wp-json\/wp\/v2\/comments?post=68230"}],"version-history":[{"count":0,"href":"https:\/\/canal7slp.tv\/2019\/wp-json\/wp\/v2\/posts\/68230\/revisions"}],"wp:featuredmedia":[{"embeddable":true,"href":"https:\/\/canal7slp.tv\/2019\/wp-json\/wp\/v2\/media\/68231"}],"wp:attachment":[{"href":"https:\/\/canal7slp.tv\/2019\/wp-json\/wp\/v2\/media?parent=68230"}],"wp:term":[{"taxonomy":"category","embeddable":true,"href":"https:\/\/canal7slp.tv\/2019\/wp-json\/wp\/v2\/categories?post=68230"},{"taxonomy":"post_tag","embeddable":true,"href":"https:\/\/canal7slp.tv\/2019\/wp-json\/wp\/v2\/tags?post=68230"}],"curies":[{"name":"wp","href":"https:\/\/api.w.org\/{rel}","templated":true}]}}