{"id":68219,"date":"2019-09-18T09:05:05","date_gmt":"2019-09-18T14:05:05","guid":{"rendered":"https:\/\/canal7slp.tv\/2019\/?p=68219"},"modified":"2019-09-18T09:05:06","modified_gmt":"2019-09-18T14:05:06","slug":"senalan-a-la-mafia-por-la-deforestacion-en-la-amazonia","status":"publish","type":"post","link":"https:\/\/canal7slp.tv\/2019\/senalan-a-la-mafia-por-la-deforestacion-en-la-amazonia\/","title":{"rendered":"Se\u00f1alan a la mafia por la deforestaci\u00f3n en la Amazon\u00eda"},"content":{"rendered":"<ul>\n<li style=\"text-align: justify\">Human Rights Watch denuncia que diversos grupos delictivos operan con impunidad en la zona, ejecutando la tala indiscriminada y el asesinato de defensores medioambientales<\/li>\n<\/ul>\n<p style=\"text-align: justify\">Brasil.- Grupos mafiosos act\u00faan con impunidad en la Amazon\u00eda brasile\u00f1a y est\u00e1n detr\u00e1s del asesinato de defensores medioambientales, la tala indiscriminada de \u00e1rboles y los incendios que se extienden en la regi\u00f3n, denunci\u00f3 la organizaci\u00f3n Human Rights Watch (HRW).<\/p>\n<p style=\"text-align: justify\">Seg\u00fan un estudio de HRW, que empez\u00f3 hace dos a\u00f1os y es el resultado de entrevistas a 170 personas que viven en la Amazon\u00eda, en el mayor bosque tropical del planeta se multiplican las amenazas y las presiones de redes criminales para llevar a cabo sus actividades il\u00edcitas ante la inoperancia de las autoridades brasile\u00f1as en todos los niveles.<\/p>\n<p style=\"text-align: justify\">\u201cLa deforestaci\u00f3n es impulsada, en gran parte, por esas redes criminales, que usan la violencia y hacen lo que quieren contra los ind\u00edgenas, funcionarios de organismos federales y peque\u00f1os agricultores\u201d, asegur\u00f3 Daniel Wilkinson, director de Derechos Humanos y Medioambiente de HRW.<\/p>\n<p style=\"text-align: justify\">\u201cEl Gobierno est\u00e1 fracasando en proteger a esas personas y la situaci\u00f3n est\u00e1 empeorando con el presidente Jair Bolsonaro\u201d, a\u00f1adi\u00f3.<\/p>\n<p style=\"text-align: justify\">En los primeros ochos meses del Gobierno de Bolsonaro, la deforestaci\u00f3n en la Amazon\u00eda pr\u00e1cticamente se duplic\u00f3 frente al mismo periodo de 2018, seg\u00fan datos oficiales, mientras que los incendios desatados en agosto fueron los peores de la \u00faltima d\u00e9cada.<\/p>\n<p style=\"text-align: justify\">Bolsonaro, l\u00edder de la extrema derecha en Brasil, defiende la explotaci\u00f3n de los recursos naturales de la selva junto con otros pa\u00edses.<\/p>\n<p style=\"text-align: justify\">Adem\u00e1s, HRW denunci\u00f3 la impunidad como otro de los graves problemas que enfrentan los defensores del considerado pulm\u00f3n verde del planeta. Unas 300 personas fueron asesinadas durante la \u00faltima d\u00e9cada en conflictos por el uso de la tierra y de recursos naturales en la Amazon\u00eda, pero solo 14 casos fueron juzgados.<\/p>\n<p style=\"text-align: justify\">Seg\u00fan el informe, esas redes tienen la suficiente \u201ccapacidad log\u00edstica de coordinar la tala, el procesamiento y la venta de madera a gran escala\u201d. Emplean \u201chombres armados\u201d para intimidar y, en algunos casos, \u201cejecutar a aquellos que defienden la selva\u201d.<\/p>\n<p style=\"text-align: justify\">Brasil usar\u00e1 parte del dinero que la Justicia ha recuperado de la corrupci\u00f3n en acciones que permitan una mejor preservaci\u00f3n de la Amazon\u00eda, as\u00ed como para financiar proyectos educativos.<\/p>\n<p style=\"text-align: justify\">Seg\u00fan un acuerdo anunciado por la Corte Suprema, responsable de la gesti\u00f3n de un fondo al que fue destinado parte del dinero recuperado de la corrupci\u00f3n en la estatal Petrobras, la protecci\u00f3n de la regi\u00f3n amaz\u00f3nica y el sector educativo recibir\u00e1n un total 650 millones de d\u00f3lares.<\/p>\n<p style=\"text-align: justify\">Para la preservaci\u00f3n del mayor pulm\u00f3n verde del planeta, que en las \u00faltimas semanas ha sufrido vastos incendios que desataron una gran preocupaci\u00f3n internacional, ser\u00e1n dirigidos 250 millones de d\u00f3lares, que ser\u00e1n gestionados por los gobiernos regionales de los nueve estados de esa regi\u00f3n.<\/p>\n<p style=\"text-align: justify\">Seg\u00fan la Corte Suprema, el resto del dinero ser\u00e1 volcado a proyectos del Ministerio de Educaci\u00f3n, que al igual que el despacho del Medio Ambiente, responsable de la preservaci\u00f3n y cuidado de la Amazon\u00eda, ha tenido sus presupuestos recortados por la austeridad que promueve el Gobierno del ultraderechista Jair Bolsonaro.<\/p>\n","protected":false},"excerpt":{"rendered":"<p>Human Rights Watch denuncia que diversos grupos delictivos operan con impunidad en la zona, ejecutando la tala indiscriminada y el asesinato de defensores medioambientales Brasil.- Grupos mafiosos act\u00faan con impunidad en la Amazon\u00eda brasile\u00f1a y est\u00e1n detr\u00e1s del asesinato de defensores medioambientales, la tala indiscriminada de \u00e1rboles y los incendios que se extienden en la [&hellip;]<\/p>\n","protected":false},"author":2,"featured_media":68220,"comment_status":"open","ping_status":"open","sticky":false,"template":"","format":"standard","meta":{"footnotes":""},"categories":[18],"tags":[],"class_list":["post-68219","post","type-post","status-publish","format-standard","has-post-thumbnail","hentry","category-internacional"],"yoast_head":"<!-- This site is optimized with the Yoast SEO plugin v27.5 - https:\/\/yoast.com\/product\/yoast-seo-wordpress\/ -->\n<title>Se\u00f1alan a la mafia por la deforestaci\u00f3n en la Amazon\u00eda - Canal 7 SLP - 2019<\/title>\n<meta name=\"robots\" content=\"index, follow, max-snippet:-1, max-image-preview:large, max-video-preview:-1\" \/>\n<link rel=\"canonical\" href=\"https:\/\/canal7slp.tv\/2019\/senalan-a-la-mafia-por-la-deforestacion-en-la-amazonia\/\" \/>\n<meta property=\"og:locale\" content=\"es_ES\" \/>\n<meta property=\"og:type\" content=\"article\" \/>\n<meta property=\"og:title\" content=\"Se\u00f1alan a la mafia por la deforestaci\u00f3n en la Amazon\u00eda - Canal 7 SLP - 2019\" \/>\n<meta property=\"og:description\" content=\"Human Rights Watch denuncia que diversos grupos delictivos operan con impunidad en la zona, ejecutando la tala indiscriminada y el asesinato de defensores medioambientales Brasil.- Grupos mafiosos act\u00faan con impunidad en la Amazon\u00eda brasile\u00f1a y est\u00e1n detr\u00e1s del asesinato de defensores medioambientales, la tala indiscriminada de \u00e1rboles y los incendios que se extienden en la [&hellip;]\" \/>\n<meta property=\"og:url\" content=\"https:\/\/canal7slp.tv\/2019\/senalan-a-la-mafia-por-la-deforestacion-en-la-amazonia\/\" \/>\n<meta property=\"og:site_name\" content=\"Canal 7 SLP - 2019\" \/>\n<meta property=\"article:publisher\" content=\"https:\/\/www.facebook.com\/CANAL7SLP\/\" \/>\n<meta property=\"article:published_time\" content=\"2019-09-18T14:05:05+00:00\" \/>\n<meta property=\"article:modified_time\" content=\"2019-09-18T14:05:06+00:00\" \/>\n<meta property=\"og:image\" content=\"https:\/\/canal7slp.tv\/2019\/wp-content\/uploads\/2019\/09\/1015-14.jpg\" \/>\n\t<meta property=\"og:image:width\" content=\"770\" \/>\n\t<meta property=\"og:image:height\" content=\"485\" \/>\n\t<meta property=\"og:image:type\" content=\"image\/jpeg\" \/>\n<meta name=\"author\" content=\"edicionweb\" \/>\n<meta name=\"twitter:card\" content=\"summary_large_image\" \/>\n<meta name=\"twitter:creator\" content=\"@canal7_slp\" \/>\n<meta name=\"twitter:site\" content=\"@canal7_slp\" \/>\n<meta name=\"twitter:label1\" content=\"Escrito por\" \/>\n\t<meta name=\"twitter:data1\" content=\"edicionweb\" \/>\n\t<meta name=\"twitter:label2\" content=\"Tiempo de lectura\" \/>\n\t<meta name=\"twitter:data2\" content=\"3 minutos\" \/>\n<script type=\"application\/ld+json\" class=\"yoast-schema-graph\">{\"@context\":\"https:\\\/\\\/schema.org\",\"@graph\":[{\"@type\":\"Article\",\"@id\":\"https:\\\/\\\/canal7slp.tv\\\/2019\\\/senalan-a-la-mafia-por-la-deforestacion-en-la-amazonia\\\/#article\",\"isPartOf\":{\"@id\":\"https:\\\/\\\/canal7slp.tv\\\/2019\\\/senalan-a-la-mafia-por-la-deforestacion-en-la-amazonia\\\/\"},\"author\":{\"name\":\"edicionweb\",\"@id\":\"https:\\\/\\\/canal7slp.tv\\\/2019\\\/#\\\/schema\\\/person\\\/11d941c1c6ca30ac0a46b95fa37aa2e3\"},\"headline\":\"Se\u00f1alan a la mafia por la deforestaci\u00f3n en la Amazon\u00eda\",\"datePublished\":\"2019-09-18T14:05:05+00:00\",\"dateModified\":\"2019-09-18T14:05:06+00:00\",\"mainEntityOfPage\":{\"@id\":\"https:\\\/\\\/canal7slp.tv\\\/2019\\\/senalan-a-la-mafia-por-la-deforestacion-en-la-amazonia\\\/\"},\"wordCount\":567,\"commentCount\":0,\"publisher\":{\"@id\":\"https:\\\/\\\/canal7slp.tv\\\/2019\\\/#organization\"},\"image\":{\"@id\":\"https:\\\/\\\/canal7slp.tv\\\/2019\\\/senalan-a-la-mafia-por-la-deforestacion-en-la-amazonia\\\/#primaryimage\"},\"thumbnailUrl\":\"https:\\\/\\\/canal7slp.tv\\\/2019\\\/wp-content\\\/uploads\\\/2019\\\/09\\\/1015-14.jpg\",\"articleSection\":[\"INTERNACIONAL\"],\"inLanguage\":\"es\",\"potentialAction\":[{\"@type\":\"CommentAction\",\"name\":\"Comment\",\"target\":[\"https:\\\/\\\/canal7slp.tv\\\/2019\\\/senalan-a-la-mafia-por-la-deforestacion-en-la-amazonia\\\/#respond\"]}]},{\"@type\":\"WebPage\",\"@id\":\"https:\\\/\\\/canal7slp.tv\\\/2019\\\/senalan-a-la-mafia-por-la-deforestacion-en-la-amazonia\\\/\",\"url\":\"https:\\\/\\\/canal7slp.tv\\\/2019\\\/senalan-a-la-mafia-por-la-deforestacion-en-la-amazonia\\\/\",\"name\":\"Se\u00f1alan a la mafia por la deforestaci\u00f3n en la Amazon\u00eda - Canal 7 SLP - 2019\",\"isPartOf\":{\"@id\":\"https:\\\/\\\/canal7slp.tv\\\/2019\\\/#website\"},\"primaryImageOfPage\":{\"@id\":\"https:\\\/\\\/canal7slp.tv\\\/2019\\\/senalan-a-la-mafia-por-la-deforestacion-en-la-amazonia\\\/#primaryimage\"},\"image\":{\"@id\":\"https:\\\/\\\/canal7slp.tv\\\/2019\\\/senalan-a-la-mafia-por-la-deforestacion-en-la-amazonia\\\/#primaryimage\"},\"thumbnailUrl\":\"https:\\\/\\\/canal7slp.tv\\\/2019\\\/wp-content\\\/uploads\\\/2019\\\/09\\\/1015-14.jpg\",\"datePublished\":\"2019-09-18T14:05:05+00:00\",\"dateModified\":\"2019-09-18T14:05:06+00:00\",\"breadcrumb\":{\"@id\":\"https:\\\/\\\/canal7slp.tv\\\/2019\\\/senalan-a-la-mafia-por-la-deforestacion-en-la-amazonia\\\/#breadcrumb\"},\"inLanguage\":\"es\",\"potentialAction\":[{\"@type\":\"ReadAction\",\"target\":[\"https:\\\/\\\/canal7slp.tv\\\/2019\\\/senalan-a-la-mafia-por-la-deforestacion-en-la-amazonia\\\/\"]}]},{\"@type\":\"ImageObject\",\"inLanguage\":\"es\",\"@id\":\"https:\\\/\\\/canal7slp.tv\\\/2019\\\/senalan-a-la-mafia-por-la-deforestacion-en-la-amazonia\\\/#primaryimage\",\"url\":\"https:\\\/\\\/canal7slp.tv\\\/2019\\\/wp-content\\\/uploads\\\/2019\\\/09\\\/1015-14.jpg\",\"contentUrl\":\"https:\\\/\\\/canal7slp.tv\\\/2019\\\/wp-content\\\/uploads\\\/2019\\\/09\\\/1015-14.jpg\",\"width\":770,\"height\":485},{\"@type\":\"BreadcrumbList\",\"@id\":\"https:\\\/\\\/canal7slp.tv\\\/2019\\\/senalan-a-la-mafia-por-la-deforestacion-en-la-amazonia\\\/#breadcrumb\",\"itemListElement\":[{\"@type\":\"ListItem\",\"position\":1,\"name\":\"Home\",\"item\":\"https:\\\/\\\/canal7slp.tv\\\/2019\\\/\"},{\"@type\":\"ListItem\",\"position\":2,\"name\":\"Se\u00f1alan a la mafia por la deforestaci\u00f3n en la Amazon\u00eda\"}]},{\"@type\":\"WebSite\",\"@id\":\"https:\\\/\\\/canal7slp.tv\\\/2019\\\/#website\",\"url\":\"https:\\\/\\\/canal7slp.tv\\\/2019\\\/\",\"name\":\"Canal 7 SLP - Somos TV\",\"description\":\"Somos un Canal de 10\",\"publisher\":{\"@id\":\"https:\\\/\\\/canal7slp.tv\\\/2019\\\/#organization\"},\"potentialAction\":[{\"@type\":\"SearchAction\",\"target\":{\"@type\":\"EntryPoint\",\"urlTemplate\":\"https:\\\/\\\/canal7slp.tv\\\/2019\\\/?s={search_term_string}\"},\"query-input\":{\"@type\":\"PropertyValueSpecification\",\"valueRequired\":true,\"valueName\":\"search_term_string\"}}],\"inLanguage\":\"es\"},{\"@type\":\"Organization\",\"@id\":\"https:\\\/\\\/canal7slp.tv\\\/2019\\\/#organization\",\"name\":\"Comunicaci\u00f3n 2000 S.A. de C.V.\",\"url\":\"https:\\\/\\\/canal7slp.tv\\\/2019\\\/\",\"logo\":{\"@type\":\"ImageObject\",\"inLanguage\":\"es\",\"@id\":\"https:\\\/\\\/canal7slp.tv\\\/2019\\\/#\\\/schema\\\/logo\\\/image\\\/\",\"url\":\"https:\\\/\\\/canal7slp.tv\\\/2019\\\/wp-content\\\/uploads\\\/2019\\\/07\\\/logo-c7.png\",\"contentUrl\":\"https:\\\/\\\/canal7slp.tv\\\/2019\\\/wp-content\\\/uploads\\\/2019\\\/07\\\/logo-c7.png\",\"width\":220,\"height\":60,\"caption\":\"Comunicaci\u00f3n 2000 S.A. de C.V.\"},\"image\":{\"@id\":\"https:\\\/\\\/canal7slp.tv\\\/2019\\\/#\\\/schema\\\/logo\\\/image\\\/\"},\"sameAs\":[\"https:\\\/\\\/www.facebook.com\\\/CANAL7SLP\\\/\",\"https:\\\/\\\/x.com\\\/canal7_slp\",\"https:\\\/\\\/www.instagram.com\\\/canal7_slp\",\"https:\\\/\\\/www.youtube.com\\\/user\\\/NOTICIEROSCANAL7SLP\\\/\"]},{\"@type\":\"Person\",\"@id\":\"https:\\\/\\\/canal7slp.tv\\\/2019\\\/#\\\/schema\\\/person\\\/11d941c1c6ca30ac0a46b95fa37aa2e3\",\"name\":\"edicionweb\",\"image\":{\"@type\":\"ImageObject\",\"inLanguage\":\"es\",\"@id\":\"https:\\\/\\\/secure.gravatar.com\\\/avatar\\\/eee448fc3f7164808013b816ba91ac7e43bbe82a70bebac296f8bc6f0addaa1a?s=96&d=mm&r=g\",\"url\":\"https:\\\/\\\/secure.gravatar.com\\\/avatar\\\/eee448fc3f7164808013b816ba91ac7e43bbe82a70bebac296f8bc6f0addaa1a?s=96&d=mm&r=g\",\"contentUrl\":\"https:\\\/\\\/secure.gravatar.com\\\/avatar\\\/eee448fc3f7164808013b816ba91ac7e43bbe82a70bebac296f8bc6f0addaa1a?s=96&d=mm&r=g\",\"caption\":\"edicionweb\"}}]}<\/script>\n<!-- \/ Yoast SEO plugin. -->","yoast_head_json":{"title":"Se\u00f1alan a la mafia por la deforestaci\u00f3n en la Amazon\u00eda - Canal 7 SLP - 2019","robots":{"index":"index","follow":"follow","max-snippet":"max-snippet:-1","max-image-preview":"max-image-preview:large","max-video-preview":"max-video-preview:-1"},"canonical":"https:\/\/canal7slp.tv\/2019\/senalan-a-la-mafia-por-la-deforestacion-en-la-amazonia\/","og_locale":"es_ES","og_type":"article","og_title":"Se\u00f1alan a la mafia por la deforestaci\u00f3n en la Amazon\u00eda - Canal 7 SLP - 2019","og_description":"Human Rights Watch denuncia que diversos grupos delictivos operan con impunidad en la zona, ejecutando la tala indiscriminada y el asesinato de defensores medioambientales Brasil.- Grupos mafiosos act\u00faan con impunidad en la Amazon\u00eda brasile\u00f1a y est\u00e1n detr\u00e1s del asesinato de defensores medioambientales, la tala indiscriminada de \u00e1rboles y los incendios que se extienden en la [&hellip;]","og_url":"https:\/\/canal7slp.tv\/2019\/senalan-a-la-mafia-por-la-deforestacion-en-la-amazonia\/","og_site_name":"Canal 7 SLP - 2019","article_publisher":"https:\/\/www.facebook.com\/CANAL7SLP\/","article_published_time":"2019-09-18T14:05:05+00:00","article_modified_time":"2019-09-18T14:05:06+00:00","og_image":[{"width":770,"height":485,"url":"https:\/\/canal7slp.tv\/2019\/wp-content\/uploads\/2019\/09\/1015-14.jpg","type":"image\/jpeg"}],"author":"edicionweb","twitter_card":"summary_large_image","twitter_creator":"@canal7_slp","twitter_site":"@canal7_slp","twitter_misc":{"Escrito por":"edicionweb","Tiempo de lectura":"3 minutos"},"schema":{"@context":"https:\/\/schema.org","@graph":[{"@type":"Article","@id":"https:\/\/canal7slp.tv\/2019\/senalan-a-la-mafia-por-la-deforestacion-en-la-amazonia\/#article","isPartOf":{"@id":"https:\/\/canal7slp.tv\/2019\/senalan-a-la-mafia-por-la-deforestacion-en-la-amazonia\/"},"author":{"name":"edicionweb","@id":"https:\/\/canal7slp.tv\/2019\/#\/schema\/person\/11d941c1c6ca30ac0a46b95fa37aa2e3"},"headline":"Se\u00f1alan a la mafia por la deforestaci\u00f3n en la Amazon\u00eda","datePublished":"2019-09-18T14:05:05+00:00","dateModified":"2019-09-18T14:05:06+00:00","mainEntityOfPage":{"@id":"https:\/\/canal7slp.tv\/2019\/senalan-a-la-mafia-por-la-deforestacion-en-la-amazonia\/"},"wordCount":567,"commentCount":0,"publisher":{"@id":"https:\/\/canal7slp.tv\/2019\/#organization"},"image":{"@id":"https:\/\/canal7slp.tv\/2019\/senalan-a-la-mafia-por-la-deforestacion-en-la-amazonia\/#primaryimage"},"thumbnailUrl":"https:\/\/canal7slp.tv\/2019\/wp-content\/uploads\/2019\/09\/1015-14.jpg","articleSection":["INTERNACIONAL"],"inLanguage":"es","potentialAction":[{"@type":"CommentAction","name":"Comment","target":["https:\/\/canal7slp.tv\/2019\/senalan-a-la-mafia-por-la-deforestacion-en-la-amazonia\/#respond"]}]},{"@type":"WebPage","@id":"https:\/\/canal7slp.tv\/2019\/senalan-a-la-mafia-por-la-deforestacion-en-la-amazonia\/","url":"https:\/\/canal7slp.tv\/2019\/senalan-a-la-mafia-por-la-deforestacion-en-la-amazonia\/","name":"Se\u00f1alan a la mafia por la deforestaci\u00f3n en la Amazon\u00eda - Canal 7 SLP - 2019","isPartOf":{"@id":"https:\/\/canal7slp.tv\/2019\/#website"},"primaryImageOfPage":{"@id":"https:\/\/canal7slp.tv\/2019\/senalan-a-la-mafia-por-la-deforestacion-en-la-amazonia\/#primaryimage"},"image":{"@id":"https:\/\/canal7slp.tv\/2019\/senalan-a-la-mafia-por-la-deforestacion-en-la-amazonia\/#primaryimage"},"thumbnailUrl":"https:\/\/canal7slp.tv\/2019\/wp-content\/uploads\/2019\/09\/1015-14.jpg","datePublished":"2019-09-18T14:05:05+00:00","dateModified":"2019-09-18T14:05:06+00:00","breadcrumb":{"@id":"https:\/\/canal7slp.tv\/2019\/senalan-a-la-mafia-por-la-deforestacion-en-la-amazonia\/#breadcrumb"},"inLanguage":"es","potentialAction":[{"@type":"ReadAction","target":["https:\/\/canal7slp.tv\/2019\/senalan-a-la-mafia-por-la-deforestacion-en-la-amazonia\/"]}]},{"@type":"ImageObject","inLanguage":"es","@id":"https:\/\/canal7slp.tv\/2019\/senalan-a-la-mafia-por-la-deforestacion-en-la-amazonia\/#primaryimage","url":"https:\/\/canal7slp.tv\/2019\/wp-content\/uploads\/2019\/09\/1015-14.jpg","contentUrl":"https:\/\/canal7slp.tv\/2019\/wp-content\/uploads\/2019\/09\/1015-14.jpg","width":770,"height":485},{"@type":"BreadcrumbList","@id":"https:\/\/canal7slp.tv\/2019\/senalan-a-la-mafia-por-la-deforestacion-en-la-amazonia\/#breadcrumb","itemListElement":[{"@type":"ListItem","position":1,"name":"Home","item":"https:\/\/canal7slp.tv\/2019\/"},{"@type":"ListItem","position":2,"name":"Se\u00f1alan a la mafia por la deforestaci\u00f3n en la Amazon\u00eda"}]},{"@type":"WebSite","@id":"https:\/\/canal7slp.tv\/2019\/#website","url":"https:\/\/canal7slp.tv\/2019\/","name":"Canal 7 SLP - Somos TV","description":"Somos un Canal de 10","publisher":{"@id":"https:\/\/canal7slp.tv\/2019\/#organization"},"potentialAction":[{"@type":"SearchAction","target":{"@type":"EntryPoint","urlTemplate":"https:\/\/canal7slp.tv\/2019\/?s={search_term_string}"},"query-input":{"@type":"PropertyValueSpecification","valueRequired":true,"valueName":"search_term_string"}}],"inLanguage":"es"},{"@type":"Organization","@id":"https:\/\/canal7slp.tv\/2019\/#organization","name":"Comunicaci\u00f3n 2000 S.A. de C.V.","url":"https:\/\/canal7slp.tv\/2019\/","logo":{"@type":"ImageObject","inLanguage":"es","@id":"https:\/\/canal7slp.tv\/2019\/#\/schema\/logo\/image\/","url":"https:\/\/canal7slp.tv\/2019\/wp-content\/uploads\/2019\/07\/logo-c7.png","contentUrl":"https:\/\/canal7slp.tv\/2019\/wp-content\/uploads\/2019\/07\/logo-c7.png","width":220,"height":60,"caption":"Comunicaci\u00f3n 2000 S.A. de C.V."},"image":{"@id":"https:\/\/canal7slp.tv\/2019\/#\/schema\/logo\/image\/"},"sameAs":["https:\/\/www.facebook.com\/CANAL7SLP\/","https:\/\/x.com\/canal7_slp","https:\/\/www.instagram.com\/canal7_slp","https:\/\/www.youtube.com\/user\/NOTICIEROSCANAL7SLP\/"]},{"@type":"Person","@id":"https:\/\/canal7slp.tv\/2019\/#\/schema\/person\/11d941c1c6ca30ac0a46b95fa37aa2e3","name":"edicionweb","image":{"@type":"ImageObject","inLanguage":"es","@id":"https:\/\/secure.gravatar.com\/avatar\/eee448fc3f7164808013b816ba91ac7e43bbe82a70bebac296f8bc6f0addaa1a?s=96&d=mm&r=g","url":"https:\/\/secure.gravatar.com\/avatar\/eee448fc3f7164808013b816ba91ac7e43bbe82a70bebac296f8bc6f0addaa1a?s=96&d=mm&r=g","contentUrl":"https:\/\/secure.gravatar.com\/avatar\/eee448fc3f7164808013b816ba91ac7e43bbe82a70bebac296f8bc6f0addaa1a?s=96&d=mm&r=g","caption":"edicionweb"}}]}},"amp_enabled":true,"cmb2":{"video_ids_in_playlist":{"vid_p_videos":""},"video_ids_in_channel":{"vid_c_videos":""},"playlist_ids_in_channel":{"vid_c_playlists":""},"series_ids_in_channel":{"vid_c_series":""},"channel_images":{"vid_c_logo":"","vid_c_banner":""},"poster_feature_image":{"vid_m_poster_image":""},"gif_feature_image":{"vid_m_gif_image":""},"video_movie_settings":{"vid_m_director":"","vid_m_actor":"","vid_m_imdb_ratings":"","vid_m_amazon_associates":""},"vid_youtube_broadcasts_settings":{"vid_yb_broadcast_title":"","vid_yb_q":"","vid_yb_channelid":"","vid_yb_videocategoryid":"","vid_yb_maxresults":"","vid_yb_order":"","vid_yb_regioncode":"","vid_yb_videosyndicated":"","vid_yb_style":"","vid_yb_reload_first":""},"video_series_settings":{"vid_m_director":"","vid_m_actor":"","vid_m_imdb_ratings":"","video_series_group":""},"amazon_associates_settings":{"amazon_associates":"","amazon_native_ad":""},"vid_youtube_automatic_settings":{"vid_ya_youtube_source":"","vid_ya_update_every":"","vid_ya_update_unit":"","vid_ya_categories":"","vid_ya_published_after":"","vid_ya_published_before":"","vid_ya_playlists":"","vid_ya_channels":"","vid_ya_director":"","vid_ya_actor":"","vid_ya_author":"","vid_ya_import_post_date":"","vid_ya_status":"","vid_ya_sub_api_key":""},"vid_ads_m_videoads_settings_post":{"vid_ads_m_video_ads":"","vid_ads_m_video_ads_type":"","vid_ads_m_group_google_ima":"","vid_ads_m_group_image":"","vid_ads_m_group_html5_video":"","vid_ads_m_group_html":"","vid_ads_m_vast_preroll":"","vid_ads_m_vast_postroll":"","vid_ads_m_vast_pauseroll":"","vid_ads_m_vast_midroll":[{"vid_ads_m_vast_timer_seconds":"50"}],"vid_ads_m_time_to_show_ads":"","vid_ads_m_time_skip_ads":"","vid_ads_m_time_to_hide_ads":""},"page_slider_settings":{"display_slider_group":"","page_slider_group":""},"blog_page_settings":{"blog_page_title":"","blog_page_heading":"","blog_page_ic":"","blog_page_it":"","blog_page_ec":"","blog_page_ip":"","archive_loop_style":"","blog_image_ratio":"","blog_show_categories":"","blog_show_excerpt":"","blog_show_author":"","blog_show_date":"","blog_show_comment_count":"","blog_show_view_count":"","blog_show_like_count":"","blog_show_dislike_count":"","blog_items_per_page":"","blog_pag_type":""},"page_options":{"get_page_template":"","color_mode":"","main_layout":"","main_layout_full_with":"","main_logo":"","main_logo_retina":"","main_logo_mobile":"","main_logo_mobile_retina":"","sticky_logo":"","sticky_logo_retina":"","main_nav_layout":"","ajax_search":"","header_background":"","theme_sidebar":"","instagram_feed":"","instagram_feed_position":"","popular_videos":"","popular_videos_title_1":"","popular_videos_title_2":"","popular_videos_ic":"","popular_videos_it":"","theme_background":"","page_custom_css":""},"feature_image_settings":{"feature_image_position":""},"video_player_settings":{"single_video_style":"","video_player_position":"","vm_video_url":"","video_player_library":"","video_streaming":"","vm_media_sources":"","vid_auto_play":"","vm_video_shortcode":"","vid_p_sync_playlist":"","vid_c_sync_channel":"","get_post_format":"","multiple_links_structure":"default","multi_links_title":"","vm_video_multi_links":"","vm_duration":"","vid_social_locker":"off","vid_social_locker_id":"","vid_membership_action":"content-video","vm_video_trailer_url":"","vid_download_type":"free","vid_download_target":"download","vid_woo_product":"","vm_media_download":"","user_rating":"","user_rating_position":"","user_rating_mode":"","user_rating_multi_sets":""},"video_auto_fetch_settings":{"vm_video_fetch":"on"},"video_fake_views_likes":{"vm_fake_views":"","vm_fake_likes":"","vm_fake_dislikes":""},"gallery_settings":{"gallery_position":""},"quote_settings":{"quote_position":""},"post_options":{"main_layout":"","main_logo":"","main_logo_retina":"","main_logo_mobile":"","main_logo_mobile_retina":"","sticky_logo":"","sticky_logo_retina":"","main_nav_layout":"","header_background":"","theme_sidebar":"","single_post_comment_type":"","theme_background":""}},"_links":{"self":[{"href":"https:\/\/canal7slp.tv\/2019\/wp-json\/wp\/v2\/posts\/68219","targetHints":{"allow":["GET"]}}],"collection":[{"href":"https:\/\/canal7slp.tv\/2019\/wp-json\/wp\/v2\/posts"}],"about":[{"href":"https:\/\/canal7slp.tv\/2019\/wp-json\/wp\/v2\/types\/post"}],"author":[{"embeddable":true,"href":"https:\/\/canal7slp.tv\/2019\/wp-json\/wp\/v2\/users\/2"}],"replies":[{"embeddable":true,"href":"https:\/\/canal7slp.tv\/2019\/wp-json\/wp\/v2\/comments?post=68219"}],"version-history":[{"count":0,"href":"https:\/\/canal7slp.tv\/2019\/wp-json\/wp\/v2\/posts\/68219\/revisions"}],"wp:featuredmedia":[{"embeddable":true,"href":"https:\/\/canal7slp.tv\/2019\/wp-json\/wp\/v2\/media\/68220"}],"wp:attachment":[{"href":"https:\/\/canal7slp.tv\/2019\/wp-json\/wp\/v2\/media?parent=68219"}],"wp:term":[{"taxonomy":"category","embeddable":true,"href":"https:\/\/canal7slp.tv\/2019\/wp-json\/wp\/v2\/categories?post=68219"},{"taxonomy":"post_tag","embeddable":true,"href":"https:\/\/canal7slp.tv\/2019\/wp-json\/wp\/v2\/tags?post=68219"}],"curies":[{"name":"wp","href":"https:\/\/api.w.org\/{rel}","templated":true}]}}