{"id":68216,"date":"2019-09-18T09:02:57","date_gmt":"2019-09-18T14:02:57","guid":{"rendered":"https:\/\/canal7slp.tv\/2019\/?p=68216"},"modified":"2019-09-18T09:02:57","modified_gmt":"2019-09-18T14:02:57","slug":"desempleo-en-latinoamerica-el-mas-alto-en-10-anos","status":"publish","type":"post","link":"https:\/\/canal7slp.tv\/2019\/desempleo-en-latinoamerica-el-mas-alto-en-10-anos\/","title":{"rendered":"Desempleo en Latinoam\u00e9rica, el m\u00e1s alto en 10 a\u00f1os"},"content":{"rendered":"<ul>\n<li style=\"text-align: justify\">La tasa de desempleo en la regi\u00f3n es de 8 %, y el bajo crecimiento econ\u00f3mico que se prev\u00e9 podr\u00eda aumentarla<\/li>\n<\/ul>\n<p style=\"text-align: justify\">ONU..- La tasa de desempleo actual en los pa\u00edses de Am\u00e9rica Latina y el Caribe es de 8 %, &#8220;la m\u00e1s alta en una d\u00e9cada y podr\u00eda subir&#8221;, alertaron este martes la Oficina de Coordinaci\u00f3n para el Desarrollo de la ONU (UNDCO) y la Organizaci\u00f3n Internacional del Trabajo (OIT) en Lima.<\/p>\n<p style=\"text-align: justify\">Ello se deber\u00eda, entre otros factores, a que la regi\u00f3n tendr\u00e1 un crecimiento de 0.5 % en 2019, seg\u00fan estimaciones de la Comisi\u00f3n Econ\u00f3mica para Am\u00e9rica Latina y el Caribe (CEPAL), por debajo incluso del 0.9 % registrado en 2018, cuando este ya era considerado como moderado y con escaso impacto en los mercados laborales.<\/p>\n<p style=\"text-align: justify\">&#8220;Estamos viviendo un momento de alta complejidad en Am\u00e9rica Latina y el Caribe&#8221;, dijo el director regional de la UNDCO, Christian Salazar, durante la inauguraci\u00f3n de la primera reuni\u00f3n de Coordinadores Residentes de Naciones Unidas y la OIT.<\/p>\n<p style=\"text-align: justify\">En esta reuni\u00f3n se precis\u00f3 adem\u00e1s que, ante este panorama econ\u00f3mico, &#8220;ser\u00e1 dif\u00edcil que pueda reducirse la informalidad que afecta al 50 % de los ocupados en la regi\u00f3n, que son alrededor de 140 millones de personas&#8221;.<\/p>\n<p style=\"text-align: justify\">En esa l\u00ednea, Salazar destac\u00f3 la importancia de &#8220;revitalizar la cooperaci\u00f3n en un momento en el cual no se busca solo avanzar en el desarrollo sostenible, sino tambi\u00e9n evitar retrocesos&#8221;.<\/p>\n<p style=\"text-align: justify\">&#8220;Necesitamos trabajar juntos y alinearnos mejor para hacer frente a temas de trabajo y econom\u00eda, que no deben quedar fuera de la agenda para el desarrollo sostenible, tal como el empleo de los j\u00f3venes, quienes enfrentan una desocupaci\u00f3n tres veces mayor que los adultos, alta informalidad de 60 %, y la dificultad de insertarse para un 20 % que ni estudia ni trabaja&#8221;, agreg\u00f3 el especialista.<\/p>\n<p style=\"text-align: justify\">Por su parte, el director general adjunto de Programas Exteriores y Alianzas de la OIT, Moussa Omauru, quien lleg\u00f3 a Lima para la reuni\u00f3n, resalt\u00f3 la importancia del trabajo decente para la poblaci\u00f3n que dijo que es &#8220;mucho m\u00e1s que un empleo, sino un componente esencial de la Agenda 2030, para conseguir un desarrollo sostenible que permita eliminar la pobreza sin dejar a nadie atr\u00e1s&#8221;.<\/p>\n<p style=\"text-align: justify\">Tambi\u00e9n destac\u00f3 la importancia de hacer frente a un futuro del trabajo con el impacto de las tecnolog\u00edas, el cambio clim\u00e1tico o la evoluci\u00f3n demogr\u00e1fica, junto con los desaf\u00edos de un presente caracterizado por alto desempleo, informalidad, desigualdades, persistencia del trabajo infantil y del trabajo forzoso, entre otros.<\/p>\n<p style=\"text-align: justify\">La reuni\u00f3n de dos d\u00edas entre los Coordinadores Residentes de Naciones Unidas incluye en su agenda el an\u00e1lisis de asuntos como el impacto de las normas internacionales del trabajo de la OIT, los objetivos de promoci\u00f3n de empleo, protecci\u00f3n social y formaci\u00f3n profesional.<\/p>\n","protected":false},"excerpt":{"rendered":"<p>La tasa de desempleo en la regi\u00f3n es de 8 %, y el bajo crecimiento econ\u00f3mico que se prev\u00e9 podr\u00eda aumentarla ONU..- La tasa de desempleo actual en los pa\u00edses de Am\u00e9rica Latina y el Caribe es de 8 %, &#8220;la m\u00e1s alta en una d\u00e9cada y podr\u00eda subir&#8221;, alertaron este martes la Oficina de [&hellip;]<\/p>\n","protected":false},"author":2,"featured_media":68217,"comment_status":"open","ping_status":"open","sticky":false,"template":"","format":"standard","meta":{"footnotes":""},"categories":[98],"tags":[],"class_list":["post-68216","post","type-post","status-publish","format-standard","has-post-thumbnail","hentry","category-finanzas"],"yoast_head":"<!-- This site is optimized with the Yoast SEO plugin v27.5 - https:\/\/yoast.com\/product\/yoast-seo-wordpress\/ -->\n<title>Desempleo en Latinoam\u00e9rica, el m\u00e1s alto en 10 a\u00f1os - Canal 7 SLP - 2019<\/title>\n<meta name=\"robots\" content=\"index, follow, max-snippet:-1, max-image-preview:large, max-video-preview:-1\" \/>\n<link rel=\"canonical\" href=\"https:\/\/canal7slp.tv\/2019\/desempleo-en-latinoamerica-el-mas-alto-en-10-anos\/\" \/>\n<meta property=\"og:locale\" content=\"es_ES\" \/>\n<meta property=\"og:type\" content=\"article\" \/>\n<meta property=\"og:title\" content=\"Desempleo en Latinoam\u00e9rica, el m\u00e1s alto en 10 a\u00f1os - Canal 7 SLP - 2019\" \/>\n<meta property=\"og:description\" content=\"La tasa de desempleo en la regi\u00f3n es de 8 %, y el bajo crecimiento econ\u00f3mico que se prev\u00e9 podr\u00eda aumentarla ONU..- La tasa de desempleo actual en los pa\u00edses de Am\u00e9rica Latina y el Caribe es de 8 %, &#8220;la m\u00e1s alta en una d\u00e9cada y podr\u00eda subir&#8221;, alertaron este martes la Oficina de [&hellip;]\" \/>\n<meta property=\"og:url\" content=\"https:\/\/canal7slp.tv\/2019\/desempleo-en-latinoamerica-el-mas-alto-en-10-anos\/\" \/>\n<meta property=\"og:site_name\" content=\"Canal 7 SLP - 2019\" \/>\n<meta property=\"article:publisher\" content=\"https:\/\/www.facebook.com\/CANAL7SLP\/\" \/>\n<meta property=\"article:published_time\" content=\"2019-09-18T14:02:57+00:00\" \/>\n<meta property=\"og:image\" content=\"https:\/\/canal7slp.tv\/2019\/wp-content\/uploads\/2019\/09\/1000-15.jpg\" \/>\n\t<meta property=\"og:image:width\" content=\"770\" \/>\n\t<meta property=\"og:image:height\" content=\"485\" \/>\n\t<meta property=\"og:image:type\" content=\"image\/jpeg\" \/>\n<meta name=\"author\" content=\"edicionweb\" \/>\n<meta name=\"twitter:card\" content=\"summary_large_image\" \/>\n<meta name=\"twitter:creator\" content=\"@canal7_slp\" \/>\n<meta name=\"twitter:site\" content=\"@canal7_slp\" \/>\n<meta name=\"twitter:label1\" content=\"Escrito por\" \/>\n\t<meta name=\"twitter:data1\" content=\"edicionweb\" \/>\n\t<meta name=\"twitter:label2\" content=\"Tiempo de lectura\" \/>\n\t<meta name=\"twitter:data2\" content=\"2 minutos\" \/>\n<script type=\"application\/ld+json\" class=\"yoast-schema-graph\">{\"@context\":\"https:\\\/\\\/schema.org\",\"@graph\":[{\"@type\":\"Article\",\"@id\":\"https:\\\/\\\/canal7slp.tv\\\/2019\\\/desempleo-en-latinoamerica-el-mas-alto-en-10-anos\\\/#article\",\"isPartOf\":{\"@id\":\"https:\\\/\\\/canal7slp.tv\\\/2019\\\/desempleo-en-latinoamerica-el-mas-alto-en-10-anos\\\/\"},\"author\":{\"name\":\"edicionweb\",\"@id\":\"https:\\\/\\\/canal7slp.tv\\\/2019\\\/#\\\/schema\\\/person\\\/11d941c1c6ca30ac0a46b95fa37aa2e3\"},\"headline\":\"Desempleo en Latinoam\u00e9rica, el m\u00e1s alto en 10 a\u00f1os\",\"datePublished\":\"2019-09-18T14:02:57+00:00\",\"mainEntityOfPage\":{\"@id\":\"https:\\\/\\\/canal7slp.tv\\\/2019\\\/desempleo-en-latinoamerica-el-mas-alto-en-10-anos\\\/\"},\"wordCount\":494,\"commentCount\":0,\"publisher\":{\"@id\":\"https:\\\/\\\/canal7slp.tv\\\/2019\\\/#organization\"},\"image\":{\"@id\":\"https:\\\/\\\/canal7slp.tv\\\/2019\\\/desempleo-en-latinoamerica-el-mas-alto-en-10-anos\\\/#primaryimage\"},\"thumbnailUrl\":\"https:\\\/\\\/canal7slp.tv\\\/2019\\\/wp-content\\\/uploads\\\/2019\\\/09\\\/1000-15.jpg\",\"articleSection\":[\"FINANZAS\"],\"inLanguage\":\"es\",\"potentialAction\":[{\"@type\":\"CommentAction\",\"name\":\"Comment\",\"target\":[\"https:\\\/\\\/canal7slp.tv\\\/2019\\\/desempleo-en-latinoamerica-el-mas-alto-en-10-anos\\\/#respond\"]}]},{\"@type\":\"WebPage\",\"@id\":\"https:\\\/\\\/canal7slp.tv\\\/2019\\\/desempleo-en-latinoamerica-el-mas-alto-en-10-anos\\\/\",\"url\":\"https:\\\/\\\/canal7slp.tv\\\/2019\\\/desempleo-en-latinoamerica-el-mas-alto-en-10-anos\\\/\",\"name\":\"Desempleo en Latinoam\u00e9rica, el m\u00e1s alto en 10 a\u00f1os - Canal 7 SLP - 2019\",\"isPartOf\":{\"@id\":\"https:\\\/\\\/canal7slp.tv\\\/2019\\\/#website\"},\"primaryImageOfPage\":{\"@id\":\"https:\\\/\\\/canal7slp.tv\\\/2019\\\/desempleo-en-latinoamerica-el-mas-alto-en-10-anos\\\/#primaryimage\"},\"image\":{\"@id\":\"https:\\\/\\\/canal7slp.tv\\\/2019\\\/desempleo-en-latinoamerica-el-mas-alto-en-10-anos\\\/#primaryimage\"},\"thumbnailUrl\":\"https:\\\/\\\/canal7slp.tv\\\/2019\\\/wp-content\\\/uploads\\\/2019\\\/09\\\/1000-15.jpg\",\"datePublished\":\"2019-09-18T14:02:57+00:00\",\"breadcrumb\":{\"@id\":\"https:\\\/\\\/canal7slp.tv\\\/2019\\\/desempleo-en-latinoamerica-el-mas-alto-en-10-anos\\\/#breadcrumb\"},\"inLanguage\":\"es\",\"potentialAction\":[{\"@type\":\"ReadAction\",\"target\":[\"https:\\\/\\\/canal7slp.tv\\\/2019\\\/desempleo-en-latinoamerica-el-mas-alto-en-10-anos\\\/\"]}]},{\"@type\":\"ImageObject\",\"inLanguage\":\"es\",\"@id\":\"https:\\\/\\\/canal7slp.tv\\\/2019\\\/desempleo-en-latinoamerica-el-mas-alto-en-10-anos\\\/#primaryimage\",\"url\":\"https:\\\/\\\/canal7slp.tv\\\/2019\\\/wp-content\\\/uploads\\\/2019\\\/09\\\/1000-15.jpg\",\"contentUrl\":\"https:\\\/\\\/canal7slp.tv\\\/2019\\\/wp-content\\\/uploads\\\/2019\\\/09\\\/1000-15.jpg\",\"width\":770,\"height\":485},{\"@type\":\"BreadcrumbList\",\"@id\":\"https:\\\/\\\/canal7slp.tv\\\/2019\\\/desempleo-en-latinoamerica-el-mas-alto-en-10-anos\\\/#breadcrumb\",\"itemListElement\":[{\"@type\":\"ListItem\",\"position\":1,\"name\":\"Home\",\"item\":\"https:\\\/\\\/canal7slp.tv\\\/2019\\\/\"},{\"@type\":\"ListItem\",\"position\":2,\"name\":\"Desempleo en Latinoam\u00e9rica, el m\u00e1s alto en 10 a\u00f1os\"}]},{\"@type\":\"WebSite\",\"@id\":\"https:\\\/\\\/canal7slp.tv\\\/2019\\\/#website\",\"url\":\"https:\\\/\\\/canal7slp.tv\\\/2019\\\/\",\"name\":\"Canal 7 SLP - Somos TV\",\"description\":\"Somos un Canal de 10\",\"publisher\":{\"@id\":\"https:\\\/\\\/canal7slp.tv\\\/2019\\\/#organization\"},\"potentialAction\":[{\"@type\":\"SearchAction\",\"target\":{\"@type\":\"EntryPoint\",\"urlTemplate\":\"https:\\\/\\\/canal7slp.tv\\\/2019\\\/?s={search_term_string}\"},\"query-input\":{\"@type\":\"PropertyValueSpecification\",\"valueRequired\":true,\"valueName\":\"search_term_string\"}}],\"inLanguage\":\"es\"},{\"@type\":\"Organization\",\"@id\":\"https:\\\/\\\/canal7slp.tv\\\/2019\\\/#organization\",\"name\":\"Comunicaci\u00f3n 2000 S.A. de C.V.\",\"url\":\"https:\\\/\\\/canal7slp.tv\\\/2019\\\/\",\"logo\":{\"@type\":\"ImageObject\",\"inLanguage\":\"es\",\"@id\":\"https:\\\/\\\/canal7slp.tv\\\/2019\\\/#\\\/schema\\\/logo\\\/image\\\/\",\"url\":\"https:\\\/\\\/canal7slp.tv\\\/2019\\\/wp-content\\\/uploads\\\/2019\\\/07\\\/logo-c7.png\",\"contentUrl\":\"https:\\\/\\\/canal7slp.tv\\\/2019\\\/wp-content\\\/uploads\\\/2019\\\/07\\\/logo-c7.png\",\"width\":220,\"height\":60,\"caption\":\"Comunicaci\u00f3n 2000 S.A. de C.V.\"},\"image\":{\"@id\":\"https:\\\/\\\/canal7slp.tv\\\/2019\\\/#\\\/schema\\\/logo\\\/image\\\/\"},\"sameAs\":[\"https:\\\/\\\/www.facebook.com\\\/CANAL7SLP\\\/\",\"https:\\\/\\\/x.com\\\/canal7_slp\",\"https:\\\/\\\/www.instagram.com\\\/canal7_slp\",\"https:\\\/\\\/www.youtube.com\\\/user\\\/NOTICIEROSCANAL7SLP\\\/\"]},{\"@type\":\"Person\",\"@id\":\"https:\\\/\\\/canal7slp.tv\\\/2019\\\/#\\\/schema\\\/person\\\/11d941c1c6ca30ac0a46b95fa37aa2e3\",\"name\":\"edicionweb\",\"image\":{\"@type\":\"ImageObject\",\"inLanguage\":\"es\",\"@id\":\"https:\\\/\\\/secure.gravatar.com\\\/avatar\\\/eee448fc3f7164808013b816ba91ac7e43bbe82a70bebac296f8bc6f0addaa1a?s=96&d=mm&r=g\",\"url\":\"https:\\\/\\\/secure.gravatar.com\\\/avatar\\\/eee448fc3f7164808013b816ba91ac7e43bbe82a70bebac296f8bc6f0addaa1a?s=96&d=mm&r=g\",\"contentUrl\":\"https:\\\/\\\/secure.gravatar.com\\\/avatar\\\/eee448fc3f7164808013b816ba91ac7e43bbe82a70bebac296f8bc6f0addaa1a?s=96&d=mm&r=g\",\"caption\":\"edicionweb\"}}]}<\/script>\n<!-- \/ Yoast SEO plugin. -->","yoast_head_json":{"title":"Desempleo en Latinoam\u00e9rica, el m\u00e1s alto en 10 a\u00f1os - Canal 7 SLP - 2019","robots":{"index":"index","follow":"follow","max-snippet":"max-snippet:-1","max-image-preview":"max-image-preview:large","max-video-preview":"max-video-preview:-1"},"canonical":"https:\/\/canal7slp.tv\/2019\/desempleo-en-latinoamerica-el-mas-alto-en-10-anos\/","og_locale":"es_ES","og_type":"article","og_title":"Desempleo en Latinoam\u00e9rica, el m\u00e1s alto en 10 a\u00f1os - Canal 7 SLP - 2019","og_description":"La tasa de desempleo en la regi\u00f3n es de 8 %, y el bajo crecimiento econ\u00f3mico que se prev\u00e9 podr\u00eda aumentarla ONU..- La tasa de desempleo actual en los pa\u00edses de Am\u00e9rica Latina y el Caribe es de 8 %, &#8220;la m\u00e1s alta en una d\u00e9cada y podr\u00eda subir&#8221;, alertaron este martes la Oficina de [&hellip;]","og_url":"https:\/\/canal7slp.tv\/2019\/desempleo-en-latinoamerica-el-mas-alto-en-10-anos\/","og_site_name":"Canal 7 SLP - 2019","article_publisher":"https:\/\/www.facebook.com\/CANAL7SLP\/","article_published_time":"2019-09-18T14:02:57+00:00","og_image":[{"width":770,"height":485,"url":"https:\/\/canal7slp.tv\/2019\/wp-content\/uploads\/2019\/09\/1000-15.jpg","type":"image\/jpeg"}],"author":"edicionweb","twitter_card":"summary_large_image","twitter_creator":"@canal7_slp","twitter_site":"@canal7_slp","twitter_misc":{"Escrito por":"edicionweb","Tiempo de lectura":"2 minutos"},"schema":{"@context":"https:\/\/schema.org","@graph":[{"@type":"Article","@id":"https:\/\/canal7slp.tv\/2019\/desempleo-en-latinoamerica-el-mas-alto-en-10-anos\/#article","isPartOf":{"@id":"https:\/\/canal7slp.tv\/2019\/desempleo-en-latinoamerica-el-mas-alto-en-10-anos\/"},"author":{"name":"edicionweb","@id":"https:\/\/canal7slp.tv\/2019\/#\/schema\/person\/11d941c1c6ca30ac0a46b95fa37aa2e3"},"headline":"Desempleo en Latinoam\u00e9rica, el m\u00e1s alto en 10 a\u00f1os","datePublished":"2019-09-18T14:02:57+00:00","mainEntityOfPage":{"@id":"https:\/\/canal7slp.tv\/2019\/desempleo-en-latinoamerica-el-mas-alto-en-10-anos\/"},"wordCount":494,"commentCount":0,"publisher":{"@id":"https:\/\/canal7slp.tv\/2019\/#organization"},"image":{"@id":"https:\/\/canal7slp.tv\/2019\/desempleo-en-latinoamerica-el-mas-alto-en-10-anos\/#primaryimage"},"thumbnailUrl":"https:\/\/canal7slp.tv\/2019\/wp-content\/uploads\/2019\/09\/1000-15.jpg","articleSection":["FINANZAS"],"inLanguage":"es","potentialAction":[{"@type":"CommentAction","name":"Comment","target":["https:\/\/canal7slp.tv\/2019\/desempleo-en-latinoamerica-el-mas-alto-en-10-anos\/#respond"]}]},{"@type":"WebPage","@id":"https:\/\/canal7slp.tv\/2019\/desempleo-en-latinoamerica-el-mas-alto-en-10-anos\/","url":"https:\/\/canal7slp.tv\/2019\/desempleo-en-latinoamerica-el-mas-alto-en-10-anos\/","name":"Desempleo en Latinoam\u00e9rica, el m\u00e1s alto en 10 a\u00f1os - Canal 7 SLP - 2019","isPartOf":{"@id":"https:\/\/canal7slp.tv\/2019\/#website"},"primaryImageOfPage":{"@id":"https:\/\/canal7slp.tv\/2019\/desempleo-en-latinoamerica-el-mas-alto-en-10-anos\/#primaryimage"},"image":{"@id":"https:\/\/canal7slp.tv\/2019\/desempleo-en-latinoamerica-el-mas-alto-en-10-anos\/#primaryimage"},"thumbnailUrl":"https:\/\/canal7slp.tv\/2019\/wp-content\/uploads\/2019\/09\/1000-15.jpg","datePublished":"2019-09-18T14:02:57+00:00","breadcrumb":{"@id":"https:\/\/canal7slp.tv\/2019\/desempleo-en-latinoamerica-el-mas-alto-en-10-anos\/#breadcrumb"},"inLanguage":"es","potentialAction":[{"@type":"ReadAction","target":["https:\/\/canal7slp.tv\/2019\/desempleo-en-latinoamerica-el-mas-alto-en-10-anos\/"]}]},{"@type":"ImageObject","inLanguage":"es","@id":"https:\/\/canal7slp.tv\/2019\/desempleo-en-latinoamerica-el-mas-alto-en-10-anos\/#primaryimage","url":"https:\/\/canal7slp.tv\/2019\/wp-content\/uploads\/2019\/09\/1000-15.jpg","contentUrl":"https:\/\/canal7slp.tv\/2019\/wp-content\/uploads\/2019\/09\/1000-15.jpg","width":770,"height":485},{"@type":"BreadcrumbList","@id":"https:\/\/canal7slp.tv\/2019\/desempleo-en-latinoamerica-el-mas-alto-en-10-anos\/#breadcrumb","itemListElement":[{"@type":"ListItem","position":1,"name":"Home","item":"https:\/\/canal7slp.tv\/2019\/"},{"@type":"ListItem","position":2,"name":"Desempleo en Latinoam\u00e9rica, el m\u00e1s alto en 10 a\u00f1os"}]},{"@type":"WebSite","@id":"https:\/\/canal7slp.tv\/2019\/#website","url":"https:\/\/canal7slp.tv\/2019\/","name":"Canal 7 SLP - Somos TV","description":"Somos un Canal de 10","publisher":{"@id":"https:\/\/canal7slp.tv\/2019\/#organization"},"potentialAction":[{"@type":"SearchAction","target":{"@type":"EntryPoint","urlTemplate":"https:\/\/canal7slp.tv\/2019\/?s={search_term_string}"},"query-input":{"@type":"PropertyValueSpecification","valueRequired":true,"valueName":"search_term_string"}}],"inLanguage":"es"},{"@type":"Organization","@id":"https:\/\/canal7slp.tv\/2019\/#organization","name":"Comunicaci\u00f3n 2000 S.A. de C.V.","url":"https:\/\/canal7slp.tv\/2019\/","logo":{"@type":"ImageObject","inLanguage":"es","@id":"https:\/\/canal7slp.tv\/2019\/#\/schema\/logo\/image\/","url":"https:\/\/canal7slp.tv\/2019\/wp-content\/uploads\/2019\/07\/logo-c7.png","contentUrl":"https:\/\/canal7slp.tv\/2019\/wp-content\/uploads\/2019\/07\/logo-c7.png","width":220,"height":60,"caption":"Comunicaci\u00f3n 2000 S.A. de C.V."},"image":{"@id":"https:\/\/canal7slp.tv\/2019\/#\/schema\/logo\/image\/"},"sameAs":["https:\/\/www.facebook.com\/CANAL7SLP\/","https:\/\/x.com\/canal7_slp","https:\/\/www.instagram.com\/canal7_slp","https:\/\/www.youtube.com\/user\/NOTICIEROSCANAL7SLP\/"]},{"@type":"Person","@id":"https:\/\/canal7slp.tv\/2019\/#\/schema\/person\/11d941c1c6ca30ac0a46b95fa37aa2e3","name":"edicionweb","image":{"@type":"ImageObject","inLanguage":"es","@id":"https:\/\/secure.gravatar.com\/avatar\/eee448fc3f7164808013b816ba91ac7e43bbe82a70bebac296f8bc6f0addaa1a?s=96&d=mm&r=g","url":"https:\/\/secure.gravatar.com\/avatar\/eee448fc3f7164808013b816ba91ac7e43bbe82a70bebac296f8bc6f0addaa1a?s=96&d=mm&r=g","contentUrl":"https:\/\/secure.gravatar.com\/avatar\/eee448fc3f7164808013b816ba91ac7e43bbe82a70bebac296f8bc6f0addaa1a?s=96&d=mm&r=g","caption":"edicionweb"}}]}},"amp_enabled":true,"cmb2":{"video_ids_in_playlist":{"vid_p_videos":""},"video_ids_in_channel":{"vid_c_videos":""},"playlist_ids_in_channel":{"vid_c_playlists":""},"series_ids_in_channel":{"vid_c_series":""},"channel_images":{"vid_c_logo":"","vid_c_banner":""},"poster_feature_image":{"vid_m_poster_image":""},"gif_feature_image":{"vid_m_gif_image":""},"video_movie_settings":{"vid_m_director":"","vid_m_actor":"","vid_m_imdb_ratings":"","vid_m_amazon_associates":""},"vid_youtube_broadcasts_settings":{"vid_yb_broadcast_title":"","vid_yb_q":"","vid_yb_channelid":"","vid_yb_videocategoryid":"","vid_yb_maxresults":"","vid_yb_order":"","vid_yb_regioncode":"","vid_yb_videosyndicated":"","vid_yb_style":"","vid_yb_reload_first":""},"video_series_settings":{"vid_m_director":"","vid_m_actor":"","vid_m_imdb_ratings":"","video_series_group":""},"amazon_associates_settings":{"amazon_associates":"","amazon_native_ad":""},"vid_youtube_automatic_settings":{"vid_ya_youtube_source":"","vid_ya_update_every":"","vid_ya_update_unit":"","vid_ya_categories":"","vid_ya_published_after":"","vid_ya_published_before":"","vid_ya_playlists":"","vid_ya_channels":"","vid_ya_director":"","vid_ya_actor":"","vid_ya_author":"","vid_ya_import_post_date":"","vid_ya_status":"","vid_ya_sub_api_key":""},"vid_ads_m_videoads_settings_post":{"vid_ads_m_video_ads":"","vid_ads_m_video_ads_type":"","vid_ads_m_group_google_ima":"","vid_ads_m_group_image":"","vid_ads_m_group_html5_video":"","vid_ads_m_group_html":"","vid_ads_m_vast_preroll":"","vid_ads_m_vast_postroll":"","vid_ads_m_vast_pauseroll":"","vid_ads_m_vast_midroll":[{"vid_ads_m_vast_timer_seconds":"50"}],"vid_ads_m_time_to_show_ads":"","vid_ads_m_time_skip_ads":"","vid_ads_m_time_to_hide_ads":""},"page_slider_settings":{"display_slider_group":"","page_slider_group":""},"blog_page_settings":{"blog_page_title":"","blog_page_heading":"","blog_page_ic":"","blog_page_it":"","blog_page_ec":"","blog_page_ip":"","archive_loop_style":"","blog_image_ratio":"","blog_show_categories":"","blog_show_excerpt":"","blog_show_author":"","blog_show_date":"","blog_show_comment_count":"","blog_show_view_count":"","blog_show_like_count":"","blog_show_dislike_count":"","blog_items_per_page":"","blog_pag_type":""},"page_options":{"get_page_template":"","color_mode":"","main_layout":"","main_layout_full_with":"","main_logo":"","main_logo_retina":"","main_logo_mobile":"","main_logo_mobile_retina":"","sticky_logo":"","sticky_logo_retina":"","main_nav_layout":"","ajax_search":"","header_background":"","theme_sidebar":"","instagram_feed":"","instagram_feed_position":"","popular_videos":"","popular_videos_title_1":"","popular_videos_title_2":"","popular_videos_ic":"","popular_videos_it":"","theme_background":"","page_custom_css":""},"feature_image_settings":{"feature_image_position":""},"video_player_settings":{"single_video_style":"","video_player_position":"","vm_video_url":"","video_player_library":"","video_streaming":"","vm_media_sources":"","vid_auto_play":"","vm_video_shortcode":"","vid_p_sync_playlist":"","vid_c_sync_channel":"","get_post_format":"","multiple_links_structure":"default","multi_links_title":"","vm_video_multi_links":"","vm_duration":"","vid_social_locker":"off","vid_social_locker_id":"","vid_membership_action":"content-video","vm_video_trailer_url":"","vid_download_type":"free","vid_download_target":"download","vid_woo_product":"","vm_media_download":"","user_rating":"","user_rating_position":"","user_rating_mode":"","user_rating_multi_sets":""},"video_auto_fetch_settings":{"vm_video_fetch":"on"},"video_fake_views_likes":{"vm_fake_views":"","vm_fake_likes":"","vm_fake_dislikes":""},"gallery_settings":{"gallery_position":""},"quote_settings":{"quote_position":""},"post_options":{"main_layout":"","main_logo":"","main_logo_retina":"","main_logo_mobile":"","main_logo_mobile_retina":"","sticky_logo":"","sticky_logo_retina":"","main_nav_layout":"","header_background":"","theme_sidebar":"","single_post_comment_type":"","theme_background":""}},"_links":{"self":[{"href":"https:\/\/canal7slp.tv\/2019\/wp-json\/wp\/v2\/posts\/68216","targetHints":{"allow":["GET"]}}],"collection":[{"href":"https:\/\/canal7slp.tv\/2019\/wp-json\/wp\/v2\/posts"}],"about":[{"href":"https:\/\/canal7slp.tv\/2019\/wp-json\/wp\/v2\/types\/post"}],"author":[{"embeddable":true,"href":"https:\/\/canal7slp.tv\/2019\/wp-json\/wp\/v2\/users\/2"}],"replies":[{"embeddable":true,"href":"https:\/\/canal7slp.tv\/2019\/wp-json\/wp\/v2\/comments?post=68216"}],"version-history":[{"count":0,"href":"https:\/\/canal7slp.tv\/2019\/wp-json\/wp\/v2\/posts\/68216\/revisions"}],"wp:featuredmedia":[{"embeddable":true,"href":"https:\/\/canal7slp.tv\/2019\/wp-json\/wp\/v2\/media\/68217"}],"wp:attachment":[{"href":"https:\/\/canal7slp.tv\/2019\/wp-json\/wp\/v2\/media?parent=68216"}],"wp:term":[{"taxonomy":"category","embeddable":true,"href":"https:\/\/canal7slp.tv\/2019\/wp-json\/wp\/v2\/categories?post=68216"},{"taxonomy":"post_tag","embeddable":true,"href":"https:\/\/canal7slp.tv\/2019\/wp-json\/wp\/v2\/tags?post=68216"}],"curies":[{"name":"wp","href":"https:\/\/api.w.org\/{rel}","templated":true}]}}