{"id":68213,"date":"2019-09-18T09:01:13","date_gmt":"2019-09-18T14:01:13","guid":{"rendered":"https:\/\/canal7slp.tv\/2019\/?p=68213"},"modified":"2019-09-18T09:01:13","modified_gmt":"2019-09-18T14:01:13","slug":"no-aumentaran-los-precios-de-los-combustibles-lopez-obrador","status":"publish","type":"post","link":"https:\/\/canal7slp.tv\/2019\/no-aumentaran-los-precios-de-los-combustibles-lopez-obrador\/","title":{"rendered":"No aumentar\u00e1n los precios de los combustibles: L\u00f3pez Obrador"},"content":{"rendered":"<ul>\n<li style=\"text-align: justify\">Gasolinas valdr\u00e1n igual pese al alza de los hidrocarburos por los ataques a Arabia Saudita, asegura el Presidente<\/li>\n<\/ul>\n<p style=\"text-align: justify\">M\u00e9xico.- Luego de los ataques a instalaciones petroleras en Arabia Saudita, que provocaron un alza en los precios del petr\u00f3leo, el Presidente Andr\u00e9s Manuel L\u00f3pez Obrador (AMLO) asegur\u00f3 que en M\u00e9xico no habr\u00e1 variaciones en los precios de las gasolinas y se mantendr\u00e1 el compromiso de no aumentar los combustibles \u201cen t\u00e9rminos reales\u201d.<\/p>\n<p style=\"text-align: justify\">\u201cA pesar de los ajustes en los precios del crudo al alza, nosotros estamos protegidos tras los atentados a plantas productoras\u201d, dijo el Mandatario en su conferencia de prensa matutina, pues \u201ca pesar de la situaci\u00f3n especial en lo externo, en nuestro pa\u00eds vamos a mantener la estabilidad, es un equilibrio que tenemos que mantener\u201d.<\/p>\n<p style=\"text-align: justify\">Adelant\u00f3 que habr\u00e1 una reuni\u00f3n entre la Secretar\u00eda de Hacienda y Petr\u00f3leos Mexicanos (Pemex) para hacer el an\u00e1lisis, \u201cporque por un lado nos beneficia el aumento en el precio del crudo; pero como somos compradores de gasolinas, nos puede perjudicar\u201d.<\/p>\n<p style=\"text-align: justify\">Sostuvo que el abasto de gasolinas est\u00e1 asegurado \u201csin ning\u00fan problema\u201d a trav\u00e9s de las importaciones, adem\u00e1s de que se aument\u00f3 la capacidad de refinaci\u00f3n de las plantas de Petr\u00f3leos Mexicanos (Pemex), y aprovech\u00f3 para destacar que est\u00e1 muy satisfecho con la administraci\u00f3n de la empresa productiva del Estado, a cargo de Octavio Romero Oropeza.<\/p>\n<p style=\"text-align: justify\">Mientras tanto, el ministro de Energ\u00eda de Arabia Saudita, el pr\u00edncipe Abdulaziz bin Salman, asegur\u00f3 que los suministros de crudo del reino han regresado a los niveles anteriores al ataque con drones del pasado s\u00e1bado contra plantas petrol\u00edferas de la compa\u00f1\u00eda estatal Aramco.<\/p>\n<p style=\"text-align: justify\">Afirm\u00f3 que en los \u00faltimos dos d\u00edas han podido recuperar m\u00e1s de la mitad de la producci\u00f3n que se vio afectada por los ataques, esto es, aproximadamente un 50% del total.<\/p>\n<p style=\"text-align: justify\">Seg\u00fan el ministro, Aramco ha logrado \u201ccontrolar los da\u00f1os\u201d y compensar la disminuci\u00f3n de la producci\u00f3n en esas dos plantas aumentando la de otras instalaciones.<\/p>\n<p style=\"text-align: justify\">\u201cLas exportaciones del reino no van a disminuir\u201d, remarc\u00f3 y se\u00f1al\u00f3 que el suministro de crudo estar\u00e1 asegurado.<\/p>\n<p style=\"text-align: justify\">Por otra parte, el pr\u00edncipe Bin Salman hizo un llamado a la comunidad internacional para que tome medidas en\u00e9rgicas tras el ataque contra sus instalaciones petroleras.<\/p>\n<p style=\"text-align: justify\">El repunte en los precios del petr\u00f3leo a nivel global, tras los ataques este fin de semana a dos refiner\u00edas en Arabia Saudita, podr\u00eda incrementar los precios de los combustibles en M\u00e9xico y \u201ctodo sube\u201d, advirti\u00f3 la Confederaci\u00f3n de C\u00e1maras Industriales (Concamin).<\/p>\n<p style=\"text-align: justify\">El presidente del organismo, Francisco Cervantes, consider\u00f3 que ante el inesperado aumento de precios del crudo, la Secretar\u00eda de Hacienda y Cr\u00e9dito P\u00fablico (SHCP) debe contar con un plan, pues existe la promesa de no subir los combustibles.<\/p>\n<p style=\"text-align: justify\">\u201cLa Secretar\u00eda de Hacienda debe tener alg\u00fan plan, porque esto fue inesperado. Hay la promesa de no subir combustibles, pero ante esto qui\u00e9n sabe las f\u00f3rmulas c\u00f3mo las vayan a obtener\u201d, argument\u00f3.<\/p>\n<p style=\"text-align: justify\">El l\u00edder de los industriales afirm\u00f3 que a causa del alza en los precios del petr\u00f3leo tambi\u00e9n se elevar\u00e1 la cotizaci\u00f3n de los combustibles y \u201ctodo sube y m\u00e1s ahorita, que est\u00e1 libre\u201d, en relaci\u00f3n con la liberalizaci\u00f3n de precios de las gasolinas y el di\u00e9sel en M\u00e9xico desde noviembre de 2017.<\/p>\n<p style=\"text-align: justify\">Se\u00f1al\u00f3 que el reciente repunte del precio de la mezcla mexicana de exportaci\u00f3n perjudica a los industriales por el alza registrada en materias primas.<\/p>\n<p style=\"text-align: justify\">Apunt\u00f3 que el reciente aumento en la cotizaci\u00f3n del petr\u00f3leo perjudica por un lado a los industriales, pues impacta el costo de las materias primas, pero tambi\u00e9n le ayuda a este sector, por ejemplo, en la exportaci\u00f3n de productos.<\/p>\n<p style=\"text-align: justify\">\u201cOjal\u00e1 tuvi\u00e9ramos mucha producci\u00f3n petrolera, pues ayudar\u00eda mucho en el crecimiento de la econom\u00eda\u201d.<\/p>\n","protected":false},"excerpt":{"rendered":"<p>Gasolinas valdr\u00e1n igual pese al alza de los hidrocarburos por los ataques a Arabia Saudita, asegura el Presidente M\u00e9xico.- Luego de los ataques a instalaciones petroleras en Arabia Saudita, que provocaron un alza en los precios del petr\u00f3leo, el Presidente Andr\u00e9s Manuel L\u00f3pez Obrador (AMLO) asegur\u00f3 que en M\u00e9xico no habr\u00e1 variaciones en los precios [&hellip;]<\/p>\n","protected":false},"author":2,"featured_media":68214,"comment_status":"open","ping_status":"open","sticky":false,"template":"","format":"standard","meta":{"footnotes":""},"categories":[98],"tags":[],"class_list":["post-68213","post","type-post","status-publish","format-standard","has-post-thumbnail","hentry","category-finanzas"],"yoast_head":"<!-- This site is optimized with the Yoast SEO plugin v27.5 - https:\/\/yoast.com\/product\/yoast-seo-wordpress\/ -->\n<title>No aumentar\u00e1n los precios de los combustibles: L\u00f3pez Obrador - Canal 7 SLP - 2019<\/title>\n<meta name=\"robots\" content=\"index, follow, max-snippet:-1, max-image-preview:large, max-video-preview:-1\" \/>\n<link rel=\"canonical\" href=\"https:\/\/canal7slp.tv\/2019\/no-aumentaran-los-precios-de-los-combustibles-lopez-obrador\/\" \/>\n<meta property=\"og:locale\" content=\"es_ES\" \/>\n<meta property=\"og:type\" content=\"article\" \/>\n<meta property=\"og:title\" content=\"No aumentar\u00e1n los precios de los combustibles: L\u00f3pez Obrador - Canal 7 SLP - 2019\" \/>\n<meta property=\"og:description\" content=\"Gasolinas valdr\u00e1n igual pese al alza de los hidrocarburos por los ataques a Arabia Saudita, asegura el Presidente M\u00e9xico.- Luego de los ataques a instalaciones petroleras en Arabia Saudita, que provocaron un alza en los precios del petr\u00f3leo, el Presidente Andr\u00e9s Manuel L\u00f3pez Obrador (AMLO) asegur\u00f3 que en M\u00e9xico no habr\u00e1 variaciones en los precios [&hellip;]\" \/>\n<meta property=\"og:url\" content=\"https:\/\/canal7slp.tv\/2019\/no-aumentaran-los-precios-de-los-combustibles-lopez-obrador\/\" \/>\n<meta property=\"og:site_name\" content=\"Canal 7 SLP - 2019\" \/>\n<meta property=\"article:publisher\" content=\"https:\/\/www.facebook.com\/CANAL7SLP\/\" \/>\n<meta property=\"article:published_time\" content=\"2019-09-18T14:01:13+00:00\" \/>\n<meta property=\"og:image\" content=\"https:\/\/canal7slp.tv\/2019\/wp-content\/uploads\/2019\/09\/945-1.jpeg\" \/>\n\t<meta property=\"og:image:width\" content=\"958\" \/>\n\t<meta property=\"og:image:height\" content=\"596\" \/>\n\t<meta property=\"og:image:type\" content=\"image\/jpeg\" \/>\n<meta name=\"author\" content=\"edicionweb\" \/>\n<meta name=\"twitter:card\" content=\"summary_large_image\" \/>\n<meta name=\"twitter:creator\" content=\"@canal7_slp\" \/>\n<meta name=\"twitter:site\" content=\"@canal7_slp\" \/>\n<meta name=\"twitter:label1\" content=\"Escrito por\" \/>\n\t<meta name=\"twitter:data1\" content=\"edicionweb\" \/>\n\t<meta name=\"twitter:label2\" content=\"Tiempo de lectura\" \/>\n\t<meta name=\"twitter:data2\" content=\"3 minutos\" \/>\n<script type=\"application\/ld+json\" class=\"yoast-schema-graph\">{\"@context\":\"https:\\\/\\\/schema.org\",\"@graph\":[{\"@type\":\"Article\",\"@id\":\"https:\\\/\\\/canal7slp.tv\\\/2019\\\/no-aumentaran-los-precios-de-los-combustibles-lopez-obrador\\\/#article\",\"isPartOf\":{\"@id\":\"https:\\\/\\\/canal7slp.tv\\\/2019\\\/no-aumentaran-los-precios-de-los-combustibles-lopez-obrador\\\/\"},\"author\":{\"name\":\"edicionweb\",\"@id\":\"https:\\\/\\\/canal7slp.tv\\\/2019\\\/#\\\/schema\\\/person\\\/11d941c1c6ca30ac0a46b95fa37aa2e3\"},\"headline\":\"No aumentar\u00e1n los precios de los combustibles: L\u00f3pez Obrador\",\"datePublished\":\"2019-09-18T14:01:13+00:00\",\"mainEntityOfPage\":{\"@id\":\"https:\\\/\\\/canal7slp.tv\\\/2019\\\/no-aumentaran-los-precios-de-los-combustibles-lopez-obrador\\\/\"},\"wordCount\":682,\"commentCount\":0,\"publisher\":{\"@id\":\"https:\\\/\\\/canal7slp.tv\\\/2019\\\/#organization\"},\"image\":{\"@id\":\"https:\\\/\\\/canal7slp.tv\\\/2019\\\/no-aumentaran-los-precios-de-los-combustibles-lopez-obrador\\\/#primaryimage\"},\"thumbnailUrl\":\"https:\\\/\\\/canal7slp.tv\\\/2019\\\/wp-content\\\/uploads\\\/2019\\\/09\\\/945-1.jpeg\",\"articleSection\":[\"FINANZAS\"],\"inLanguage\":\"es\",\"potentialAction\":[{\"@type\":\"CommentAction\",\"name\":\"Comment\",\"target\":[\"https:\\\/\\\/canal7slp.tv\\\/2019\\\/no-aumentaran-los-precios-de-los-combustibles-lopez-obrador\\\/#respond\"]}]},{\"@type\":\"WebPage\",\"@id\":\"https:\\\/\\\/canal7slp.tv\\\/2019\\\/no-aumentaran-los-precios-de-los-combustibles-lopez-obrador\\\/\",\"url\":\"https:\\\/\\\/canal7slp.tv\\\/2019\\\/no-aumentaran-los-precios-de-los-combustibles-lopez-obrador\\\/\",\"name\":\"No aumentar\u00e1n los precios de los combustibles: L\u00f3pez Obrador - Canal 7 SLP - 2019\",\"isPartOf\":{\"@id\":\"https:\\\/\\\/canal7slp.tv\\\/2019\\\/#website\"},\"primaryImageOfPage\":{\"@id\":\"https:\\\/\\\/canal7slp.tv\\\/2019\\\/no-aumentaran-los-precios-de-los-combustibles-lopez-obrador\\\/#primaryimage\"},\"image\":{\"@id\":\"https:\\\/\\\/canal7slp.tv\\\/2019\\\/no-aumentaran-los-precios-de-los-combustibles-lopez-obrador\\\/#primaryimage\"},\"thumbnailUrl\":\"https:\\\/\\\/canal7slp.tv\\\/2019\\\/wp-content\\\/uploads\\\/2019\\\/09\\\/945-1.jpeg\",\"datePublished\":\"2019-09-18T14:01:13+00:00\",\"breadcrumb\":{\"@id\":\"https:\\\/\\\/canal7slp.tv\\\/2019\\\/no-aumentaran-los-precios-de-los-combustibles-lopez-obrador\\\/#breadcrumb\"},\"inLanguage\":\"es\",\"potentialAction\":[{\"@type\":\"ReadAction\",\"target\":[\"https:\\\/\\\/canal7slp.tv\\\/2019\\\/no-aumentaran-los-precios-de-los-combustibles-lopez-obrador\\\/\"]}]},{\"@type\":\"ImageObject\",\"inLanguage\":\"es\",\"@id\":\"https:\\\/\\\/canal7slp.tv\\\/2019\\\/no-aumentaran-los-precios-de-los-combustibles-lopez-obrador\\\/#primaryimage\",\"url\":\"https:\\\/\\\/canal7slp.tv\\\/2019\\\/wp-content\\\/uploads\\\/2019\\\/09\\\/945-1.jpeg\",\"contentUrl\":\"https:\\\/\\\/canal7slp.tv\\\/2019\\\/wp-content\\\/uploads\\\/2019\\\/09\\\/945-1.jpeg\",\"width\":958,\"height\":596},{\"@type\":\"BreadcrumbList\",\"@id\":\"https:\\\/\\\/canal7slp.tv\\\/2019\\\/no-aumentaran-los-precios-de-los-combustibles-lopez-obrador\\\/#breadcrumb\",\"itemListElement\":[{\"@type\":\"ListItem\",\"position\":1,\"name\":\"Home\",\"item\":\"https:\\\/\\\/canal7slp.tv\\\/2019\\\/\"},{\"@type\":\"ListItem\",\"position\":2,\"name\":\"No aumentar\u00e1n los precios de los combustibles: L\u00f3pez Obrador\"}]},{\"@type\":\"WebSite\",\"@id\":\"https:\\\/\\\/canal7slp.tv\\\/2019\\\/#website\",\"url\":\"https:\\\/\\\/canal7slp.tv\\\/2019\\\/\",\"name\":\"Canal 7 SLP - Somos TV\",\"description\":\"Somos un Canal de 10\",\"publisher\":{\"@id\":\"https:\\\/\\\/canal7slp.tv\\\/2019\\\/#organization\"},\"potentialAction\":[{\"@type\":\"SearchAction\",\"target\":{\"@type\":\"EntryPoint\",\"urlTemplate\":\"https:\\\/\\\/canal7slp.tv\\\/2019\\\/?s={search_term_string}\"},\"query-input\":{\"@type\":\"PropertyValueSpecification\",\"valueRequired\":true,\"valueName\":\"search_term_string\"}}],\"inLanguage\":\"es\"},{\"@type\":\"Organization\",\"@id\":\"https:\\\/\\\/canal7slp.tv\\\/2019\\\/#organization\",\"name\":\"Comunicaci\u00f3n 2000 S.A. de C.V.\",\"url\":\"https:\\\/\\\/canal7slp.tv\\\/2019\\\/\",\"logo\":{\"@type\":\"ImageObject\",\"inLanguage\":\"es\",\"@id\":\"https:\\\/\\\/canal7slp.tv\\\/2019\\\/#\\\/schema\\\/logo\\\/image\\\/\",\"url\":\"https:\\\/\\\/canal7slp.tv\\\/2019\\\/wp-content\\\/uploads\\\/2019\\\/07\\\/logo-c7.png\",\"contentUrl\":\"https:\\\/\\\/canal7slp.tv\\\/2019\\\/wp-content\\\/uploads\\\/2019\\\/07\\\/logo-c7.png\",\"width\":220,\"height\":60,\"caption\":\"Comunicaci\u00f3n 2000 S.A. de C.V.\"},\"image\":{\"@id\":\"https:\\\/\\\/canal7slp.tv\\\/2019\\\/#\\\/schema\\\/logo\\\/image\\\/\"},\"sameAs\":[\"https:\\\/\\\/www.facebook.com\\\/CANAL7SLP\\\/\",\"https:\\\/\\\/x.com\\\/canal7_slp\",\"https:\\\/\\\/www.instagram.com\\\/canal7_slp\",\"https:\\\/\\\/www.youtube.com\\\/user\\\/NOTICIEROSCANAL7SLP\\\/\"]},{\"@type\":\"Person\",\"@id\":\"https:\\\/\\\/canal7slp.tv\\\/2019\\\/#\\\/schema\\\/person\\\/11d941c1c6ca30ac0a46b95fa37aa2e3\",\"name\":\"edicionweb\",\"image\":{\"@type\":\"ImageObject\",\"inLanguage\":\"es\",\"@id\":\"https:\\\/\\\/secure.gravatar.com\\\/avatar\\\/eee448fc3f7164808013b816ba91ac7e43bbe82a70bebac296f8bc6f0addaa1a?s=96&d=mm&r=g\",\"url\":\"https:\\\/\\\/secure.gravatar.com\\\/avatar\\\/eee448fc3f7164808013b816ba91ac7e43bbe82a70bebac296f8bc6f0addaa1a?s=96&d=mm&r=g\",\"contentUrl\":\"https:\\\/\\\/secure.gravatar.com\\\/avatar\\\/eee448fc3f7164808013b816ba91ac7e43bbe82a70bebac296f8bc6f0addaa1a?s=96&d=mm&r=g\",\"caption\":\"edicionweb\"}}]}<\/script>\n<!-- \/ Yoast SEO plugin. -->","yoast_head_json":{"title":"No aumentar\u00e1n los precios de los combustibles: L\u00f3pez Obrador - Canal 7 SLP - 2019","robots":{"index":"index","follow":"follow","max-snippet":"max-snippet:-1","max-image-preview":"max-image-preview:large","max-video-preview":"max-video-preview:-1"},"canonical":"https:\/\/canal7slp.tv\/2019\/no-aumentaran-los-precios-de-los-combustibles-lopez-obrador\/","og_locale":"es_ES","og_type":"article","og_title":"No aumentar\u00e1n los precios de los combustibles: L\u00f3pez Obrador - Canal 7 SLP - 2019","og_description":"Gasolinas valdr\u00e1n igual pese al alza de los hidrocarburos por los ataques a Arabia Saudita, asegura el Presidente M\u00e9xico.- Luego de los ataques a instalaciones petroleras en Arabia Saudita, que provocaron un alza en los precios del petr\u00f3leo, el Presidente Andr\u00e9s Manuel L\u00f3pez Obrador (AMLO) asegur\u00f3 que en M\u00e9xico no habr\u00e1 variaciones en los precios [&hellip;]","og_url":"https:\/\/canal7slp.tv\/2019\/no-aumentaran-los-precios-de-los-combustibles-lopez-obrador\/","og_site_name":"Canal 7 SLP - 2019","article_publisher":"https:\/\/www.facebook.com\/CANAL7SLP\/","article_published_time":"2019-09-18T14:01:13+00:00","og_image":[{"width":958,"height":596,"url":"https:\/\/canal7slp.tv\/2019\/wp-content\/uploads\/2019\/09\/945-1.jpeg","type":"image\/jpeg"}],"author":"edicionweb","twitter_card":"summary_large_image","twitter_creator":"@canal7_slp","twitter_site":"@canal7_slp","twitter_misc":{"Escrito por":"edicionweb","Tiempo de lectura":"3 minutos"},"schema":{"@context":"https:\/\/schema.org","@graph":[{"@type":"Article","@id":"https:\/\/canal7slp.tv\/2019\/no-aumentaran-los-precios-de-los-combustibles-lopez-obrador\/#article","isPartOf":{"@id":"https:\/\/canal7slp.tv\/2019\/no-aumentaran-los-precios-de-los-combustibles-lopez-obrador\/"},"author":{"name":"edicionweb","@id":"https:\/\/canal7slp.tv\/2019\/#\/schema\/person\/11d941c1c6ca30ac0a46b95fa37aa2e3"},"headline":"No aumentar\u00e1n los precios de los combustibles: L\u00f3pez Obrador","datePublished":"2019-09-18T14:01:13+00:00","mainEntityOfPage":{"@id":"https:\/\/canal7slp.tv\/2019\/no-aumentaran-los-precios-de-los-combustibles-lopez-obrador\/"},"wordCount":682,"commentCount":0,"publisher":{"@id":"https:\/\/canal7slp.tv\/2019\/#organization"},"image":{"@id":"https:\/\/canal7slp.tv\/2019\/no-aumentaran-los-precios-de-los-combustibles-lopez-obrador\/#primaryimage"},"thumbnailUrl":"https:\/\/canal7slp.tv\/2019\/wp-content\/uploads\/2019\/09\/945-1.jpeg","articleSection":["FINANZAS"],"inLanguage":"es","potentialAction":[{"@type":"CommentAction","name":"Comment","target":["https:\/\/canal7slp.tv\/2019\/no-aumentaran-los-precios-de-los-combustibles-lopez-obrador\/#respond"]}]},{"@type":"WebPage","@id":"https:\/\/canal7slp.tv\/2019\/no-aumentaran-los-precios-de-los-combustibles-lopez-obrador\/","url":"https:\/\/canal7slp.tv\/2019\/no-aumentaran-los-precios-de-los-combustibles-lopez-obrador\/","name":"No aumentar\u00e1n los precios de los combustibles: L\u00f3pez Obrador - Canal 7 SLP - 2019","isPartOf":{"@id":"https:\/\/canal7slp.tv\/2019\/#website"},"primaryImageOfPage":{"@id":"https:\/\/canal7slp.tv\/2019\/no-aumentaran-los-precios-de-los-combustibles-lopez-obrador\/#primaryimage"},"image":{"@id":"https:\/\/canal7slp.tv\/2019\/no-aumentaran-los-precios-de-los-combustibles-lopez-obrador\/#primaryimage"},"thumbnailUrl":"https:\/\/canal7slp.tv\/2019\/wp-content\/uploads\/2019\/09\/945-1.jpeg","datePublished":"2019-09-18T14:01:13+00:00","breadcrumb":{"@id":"https:\/\/canal7slp.tv\/2019\/no-aumentaran-los-precios-de-los-combustibles-lopez-obrador\/#breadcrumb"},"inLanguage":"es","potentialAction":[{"@type":"ReadAction","target":["https:\/\/canal7slp.tv\/2019\/no-aumentaran-los-precios-de-los-combustibles-lopez-obrador\/"]}]},{"@type":"ImageObject","inLanguage":"es","@id":"https:\/\/canal7slp.tv\/2019\/no-aumentaran-los-precios-de-los-combustibles-lopez-obrador\/#primaryimage","url":"https:\/\/canal7slp.tv\/2019\/wp-content\/uploads\/2019\/09\/945-1.jpeg","contentUrl":"https:\/\/canal7slp.tv\/2019\/wp-content\/uploads\/2019\/09\/945-1.jpeg","width":958,"height":596},{"@type":"BreadcrumbList","@id":"https:\/\/canal7slp.tv\/2019\/no-aumentaran-los-precios-de-los-combustibles-lopez-obrador\/#breadcrumb","itemListElement":[{"@type":"ListItem","position":1,"name":"Home","item":"https:\/\/canal7slp.tv\/2019\/"},{"@type":"ListItem","position":2,"name":"No aumentar\u00e1n los precios de los combustibles: L\u00f3pez Obrador"}]},{"@type":"WebSite","@id":"https:\/\/canal7slp.tv\/2019\/#website","url":"https:\/\/canal7slp.tv\/2019\/","name":"Canal 7 SLP - Somos TV","description":"Somos un Canal de 10","publisher":{"@id":"https:\/\/canal7slp.tv\/2019\/#organization"},"potentialAction":[{"@type":"SearchAction","target":{"@type":"EntryPoint","urlTemplate":"https:\/\/canal7slp.tv\/2019\/?s={search_term_string}"},"query-input":{"@type":"PropertyValueSpecification","valueRequired":true,"valueName":"search_term_string"}}],"inLanguage":"es"},{"@type":"Organization","@id":"https:\/\/canal7slp.tv\/2019\/#organization","name":"Comunicaci\u00f3n 2000 S.A. de C.V.","url":"https:\/\/canal7slp.tv\/2019\/","logo":{"@type":"ImageObject","inLanguage":"es","@id":"https:\/\/canal7slp.tv\/2019\/#\/schema\/logo\/image\/","url":"https:\/\/canal7slp.tv\/2019\/wp-content\/uploads\/2019\/07\/logo-c7.png","contentUrl":"https:\/\/canal7slp.tv\/2019\/wp-content\/uploads\/2019\/07\/logo-c7.png","width":220,"height":60,"caption":"Comunicaci\u00f3n 2000 S.A. de C.V."},"image":{"@id":"https:\/\/canal7slp.tv\/2019\/#\/schema\/logo\/image\/"},"sameAs":["https:\/\/www.facebook.com\/CANAL7SLP\/","https:\/\/x.com\/canal7_slp","https:\/\/www.instagram.com\/canal7_slp","https:\/\/www.youtube.com\/user\/NOTICIEROSCANAL7SLP\/"]},{"@type":"Person","@id":"https:\/\/canal7slp.tv\/2019\/#\/schema\/person\/11d941c1c6ca30ac0a46b95fa37aa2e3","name":"edicionweb","image":{"@type":"ImageObject","inLanguage":"es","@id":"https:\/\/secure.gravatar.com\/avatar\/eee448fc3f7164808013b816ba91ac7e43bbe82a70bebac296f8bc6f0addaa1a?s=96&d=mm&r=g","url":"https:\/\/secure.gravatar.com\/avatar\/eee448fc3f7164808013b816ba91ac7e43bbe82a70bebac296f8bc6f0addaa1a?s=96&d=mm&r=g","contentUrl":"https:\/\/secure.gravatar.com\/avatar\/eee448fc3f7164808013b816ba91ac7e43bbe82a70bebac296f8bc6f0addaa1a?s=96&d=mm&r=g","caption":"edicionweb"}}]}},"amp_enabled":true,"cmb2":{"video_ids_in_playlist":{"vid_p_videos":""},"video_ids_in_channel":{"vid_c_videos":""},"playlist_ids_in_channel":{"vid_c_playlists":""},"series_ids_in_channel":{"vid_c_series":""},"channel_images":{"vid_c_logo":"","vid_c_banner":""},"poster_feature_image":{"vid_m_poster_image":""},"gif_feature_image":{"vid_m_gif_image":""},"video_movie_settings":{"vid_m_director":"","vid_m_actor":"","vid_m_imdb_ratings":"","vid_m_amazon_associates":""},"vid_youtube_broadcasts_settings":{"vid_yb_broadcast_title":"","vid_yb_q":"","vid_yb_channelid":"","vid_yb_videocategoryid":"","vid_yb_maxresults":"","vid_yb_order":"","vid_yb_regioncode":"","vid_yb_videosyndicated":"","vid_yb_style":"","vid_yb_reload_first":""},"video_series_settings":{"vid_m_director":"","vid_m_actor":"","vid_m_imdb_ratings":"","video_series_group":""},"amazon_associates_settings":{"amazon_associates":"","amazon_native_ad":""},"vid_youtube_automatic_settings":{"vid_ya_youtube_source":"","vid_ya_update_every":"","vid_ya_update_unit":"","vid_ya_categories":"","vid_ya_published_after":"","vid_ya_published_before":"","vid_ya_playlists":"","vid_ya_channels":"","vid_ya_director":"","vid_ya_actor":"","vid_ya_author":"","vid_ya_import_post_date":"","vid_ya_status":"","vid_ya_sub_api_key":""},"vid_ads_m_videoads_settings_post":{"vid_ads_m_video_ads":"","vid_ads_m_video_ads_type":"","vid_ads_m_group_google_ima":"","vid_ads_m_group_image":"","vid_ads_m_group_html5_video":"","vid_ads_m_group_html":"","vid_ads_m_vast_preroll":"","vid_ads_m_vast_postroll":"","vid_ads_m_vast_pauseroll":"","vid_ads_m_vast_midroll":[{"vid_ads_m_vast_timer_seconds":"50"}],"vid_ads_m_time_to_show_ads":"","vid_ads_m_time_skip_ads":"","vid_ads_m_time_to_hide_ads":""},"page_slider_settings":{"display_slider_group":"","page_slider_group":""},"blog_page_settings":{"blog_page_title":"","blog_page_heading":"","blog_page_ic":"","blog_page_it":"","blog_page_ec":"","blog_page_ip":"","archive_loop_style":"","blog_image_ratio":"","blog_show_categories":"","blog_show_excerpt":"","blog_show_author":"","blog_show_date":"","blog_show_comment_count":"","blog_show_view_count":"","blog_show_like_count":"","blog_show_dislike_count":"","blog_items_per_page":"","blog_pag_type":""},"page_options":{"get_page_template":"","color_mode":"","main_layout":"","main_layout_full_with":"","main_logo":"","main_logo_retina":"","main_logo_mobile":"","main_logo_mobile_retina":"","sticky_logo":"","sticky_logo_retina":"","main_nav_layout":"","ajax_search":"","header_background":"","theme_sidebar":"","instagram_feed":"","instagram_feed_position":"","popular_videos":"","popular_videos_title_1":"","popular_videos_title_2":"","popular_videos_ic":"","popular_videos_it":"","theme_background":"","page_custom_css":""},"feature_image_settings":{"feature_image_position":""},"video_player_settings":{"single_video_style":"","video_player_position":"","vm_video_url":"","video_player_library":"","video_streaming":"","vm_media_sources":"","vid_auto_play":"","vm_video_shortcode":"","vid_p_sync_playlist":"","vid_c_sync_channel":"","get_post_format":"","multiple_links_structure":"default","multi_links_title":"","vm_video_multi_links":"","vm_duration":"","vid_social_locker":"off","vid_social_locker_id":"","vid_membership_action":"content-video","vm_video_trailer_url":"","vid_download_type":"free","vid_download_target":"download","vid_woo_product":"","vm_media_download":"","user_rating":"","user_rating_position":"","user_rating_mode":"","user_rating_multi_sets":""},"video_auto_fetch_settings":{"vm_video_fetch":"on"},"video_fake_views_likes":{"vm_fake_views":"","vm_fake_likes":"","vm_fake_dislikes":""},"gallery_settings":{"gallery_position":""},"quote_settings":{"quote_position":""},"post_options":{"main_layout":"","main_logo":"","main_logo_retina":"","main_logo_mobile":"","main_logo_mobile_retina":"","sticky_logo":"","sticky_logo_retina":"","main_nav_layout":"","header_background":"","theme_sidebar":"","single_post_comment_type":"","theme_background":""}},"_links":{"self":[{"href":"https:\/\/canal7slp.tv\/2019\/wp-json\/wp\/v2\/posts\/68213","targetHints":{"allow":["GET"]}}],"collection":[{"href":"https:\/\/canal7slp.tv\/2019\/wp-json\/wp\/v2\/posts"}],"about":[{"href":"https:\/\/canal7slp.tv\/2019\/wp-json\/wp\/v2\/types\/post"}],"author":[{"embeddable":true,"href":"https:\/\/canal7slp.tv\/2019\/wp-json\/wp\/v2\/users\/2"}],"replies":[{"embeddable":true,"href":"https:\/\/canal7slp.tv\/2019\/wp-json\/wp\/v2\/comments?post=68213"}],"version-history":[{"count":0,"href":"https:\/\/canal7slp.tv\/2019\/wp-json\/wp\/v2\/posts\/68213\/revisions"}],"wp:featuredmedia":[{"embeddable":true,"href":"https:\/\/canal7slp.tv\/2019\/wp-json\/wp\/v2\/media\/68214"}],"wp:attachment":[{"href":"https:\/\/canal7slp.tv\/2019\/wp-json\/wp\/v2\/media?parent=68213"}],"wp:term":[{"taxonomy":"category","embeddable":true,"href":"https:\/\/canal7slp.tv\/2019\/wp-json\/wp\/v2\/categories?post=68213"},{"taxonomy":"post_tag","embeddable":true,"href":"https:\/\/canal7slp.tv\/2019\/wp-json\/wp\/v2\/tags?post=68213"}],"curies":[{"name":"wp","href":"https:\/\/api.w.org\/{rel}","templated":true}]}}