{"id":68164,"date":"2019-09-17T20:06:03","date_gmt":"2019-09-18T01:06:03","guid":{"rendered":"https:\/\/canal7slp.tv\/2019\/?p=68164"},"modified":"2019-09-17T20:37:07","modified_gmt":"2019-09-18T01:37:07","slug":"villa-de-reyes-realizara-obras-y-remodelacion-en-la-acequia-y-mercado-hidalgo","status":"publish","type":"post","link":"https:\/\/canal7slp.tv\/2019\/villa-de-reyes-realizara-obras-y-remodelacion-en-la-acequia-y-mercado-hidalgo\/","title":{"rendered":"Villa de Reyes realizar\u00e1 obras y remodelaci\u00f3n en la Acequia y Mercado Hidalgo."},"content":{"rendered":"<p>Villa de Reyes.- El Mercado Municipal &#8220;Hidalgo&#8221;, ubicado en el cuadro principal de la cabecera de Villa de Reyes, ser\u00e1 modernizado para brindar atenci\u00f3n y buena imagen a los consumidores, soluci\u00f3n a los problemas de salubridad y seguridad, a petici\u00f3n de los propios locatarios y vecinos de la zona.<\/p>\n<p>La alcaldesa \u00c9rika Briones P\u00e9rez, encabez\u00f3 el banderazo de arranque de las obras que se llevar\u00e1n a cabo durante el pr\u00f3ximo trimestre, en una importante zona urbana.<\/p>\n<p>Involucra la acequia, en una primera etapa, se realizar\u00e1n trabajos de tapado de este \u201ccanal\u00f3n\u201d que funciona como drenaje pluvial, con lozas de concreto y sus correspondientes bocas de tormenta, para brindar el mantenimiento, y as\u00ed mismo, se har\u00e1 el entubamiento correcto de los desfogues de agua, restructura que evitar\u00e1 los malos olores en la zona y acumulaci\u00f3n de basura.<\/p>\n<p>En una segunda etapa, se realizar\u00e1 el reordenamiento, ampliaci\u00f3n y remodelaci\u00f3n del \u201cMercado Municipal Hidalgo\u201d.<\/p>\n<p>La presidenta municipal se\u00f1al\u00f3 que \u201crecibe diariamente a cientos de visitantes que se abastecen de insumos, adem\u00e1s de ser una de las caras m\u00e1s importantes del municipio ante los ojos de los visitantes procedentes de otros lugares\u201d; destac\u00f3 que ambas obras, son prioridad, ya que obedecen a la petici\u00f3n expresa de los habitantes enunciada durante la consulta ciudadana del \u201cPlan Municipal de Desarrollo\u201d.<\/p>\n<p>Finalmente, la titular del gobierno municipal, coment\u00f3 que la primera etapa ser\u00e1 concluida en un plazo de tres meses, para posteriormente, con la entrada del 2020, se retome el concepto de la remodelaci\u00f3n y reordenamiento del mercado, adem\u00e1s de la ampliaci\u00f3n del mismo, para la reubicaci\u00f3n de comerciantes, quienes contar\u00e1n con un espacio fijo para la venta de sus mercanc\u00edas.<\/p>\n<p>Por: H\u00e9ctor Mor\u00e1n<\/p>\n","protected":false},"excerpt":{"rendered":"<p>Villa de Reyes.- El Mercado Municipal &#8220;Hidalgo&#8221;, ubicado en el cuadro principal de la cabecera de Villa de Reyes, ser\u00e1 modernizado para brindar atenci\u00f3n y buena imagen a los consumidores, soluci\u00f3n a los problemas de salubridad y seguridad, a petici\u00f3n de los propios locatarios y vecinos de la zona. La alcaldesa \u00c9rika Briones P\u00e9rez, encabez\u00f3 [&hellip;]<\/p>\n","protected":false},"author":2,"featured_media":68167,"comment_status":"open","ping_status":"open","sticky":false,"template":"","format":"video","meta":{"footnotes":""},"categories":[108,28,17],"tags":[263],"class_list":["post-68164","post","type-post","status-publish","format-video","has-post-thumbnail","hentry","category-destacadas","category-interior","category-localesyregionales","tag-ayuntamiento-villa-de-reyes","post_format-post-format-video"],"yoast_head":"<!-- This site is optimized with the Yoast SEO plugin v27.5 - https:\/\/yoast.com\/product\/yoast-seo-wordpress\/ -->\n<title>Villa de Reyes realizar\u00e1 obras y remodelaci\u00f3n en la Acequia y Mercado Hidalgo. - Canal 7 SLP - 2019<\/title>\n<meta name=\"robots\" content=\"index, follow, max-snippet:-1, max-image-preview:large, max-video-preview:-1\" \/>\n<link rel=\"canonical\" href=\"https:\/\/canal7slp.tv\/2019\/villa-de-reyes-realizara-obras-y-remodelacion-en-la-acequia-y-mercado-hidalgo\/\" \/>\n<meta property=\"og:locale\" content=\"es_ES\" \/>\n<meta property=\"og:type\" content=\"article\" \/>\n<meta property=\"og:title\" content=\"Villa de Reyes realizar\u00e1 obras y remodelaci\u00f3n en la Acequia y Mercado Hidalgo. - Canal 7 SLP - 2019\" \/>\n<meta property=\"og:description\" content=\"Villa de Reyes.- El Mercado Municipal &#8220;Hidalgo&#8221;, ubicado en el cuadro principal de la cabecera de Villa de Reyes, ser\u00e1 modernizado para brindar atenci\u00f3n y buena imagen a los consumidores, soluci\u00f3n a los problemas de salubridad y seguridad, a petici\u00f3n de los propios locatarios y vecinos de la zona. La alcaldesa \u00c9rika Briones P\u00e9rez, encabez\u00f3 [&hellip;]\" \/>\n<meta property=\"og:url\" content=\"https:\/\/canal7slp.tv\/2019\/villa-de-reyes-realizara-obras-y-remodelacion-en-la-acequia-y-mercado-hidalgo\/\" \/>\n<meta property=\"og:site_name\" content=\"Canal 7 SLP - 2019\" \/>\n<meta property=\"article:publisher\" content=\"https:\/\/www.facebook.com\/CANAL7SLP\/\" \/>\n<meta property=\"article:published_time\" content=\"2019-09-18T01:06:03+00:00\" \/>\n<meta property=\"article:modified_time\" content=\"2019-09-18T01:37:07+00:00\" \/>\n<meta property=\"og:image\" content=\"https:\/\/canal7slp.tv\/2019\/wp-content\/uploads\/2019\/09\/villareyes.png\" \/>\n\t<meta property=\"og:image:width\" content=\"1280\" \/>\n\t<meta property=\"og:image:height\" content=\"720\" \/>\n\t<meta property=\"og:image:type\" content=\"image\/png\" \/>\n<meta name=\"author\" content=\"edicionweb\" \/>\n<meta name=\"twitter:card\" content=\"summary_large_image\" \/>\n<meta name=\"twitter:creator\" content=\"@canal7_slp\" \/>\n<meta name=\"twitter:site\" content=\"@canal7_slp\" \/>\n<meta name=\"twitter:label1\" content=\"Escrito por\" \/>\n\t<meta name=\"twitter:data1\" content=\"edicionweb\" \/>\n\t<meta name=\"twitter:label2\" content=\"Tiempo de lectura\" \/>\n\t<meta name=\"twitter:data2\" content=\"2 minutos\" \/>\n<script type=\"application\/ld+json\" class=\"yoast-schema-graph\">{\"@context\":\"https:\\\/\\\/schema.org\",\"@graph\":[{\"@type\":\"Article\",\"@id\":\"https:\\\/\\\/canal7slp.tv\\\/2019\\\/villa-de-reyes-realizara-obras-y-remodelacion-en-la-acequia-y-mercado-hidalgo\\\/#article\",\"isPartOf\":{\"@id\":\"https:\\\/\\\/canal7slp.tv\\\/2019\\\/villa-de-reyes-realizara-obras-y-remodelacion-en-la-acequia-y-mercado-hidalgo\\\/\"},\"author\":{\"name\":\"edicionweb\",\"@id\":\"https:\\\/\\\/canal7slp.tv\\\/2019\\\/#\\\/schema\\\/person\\\/11d941c1c6ca30ac0a46b95fa37aa2e3\"},\"headline\":\"Villa de Reyes realizar\u00e1 obras y remodelaci\u00f3n en la Acequia y Mercado Hidalgo.\",\"datePublished\":\"2019-09-18T01:06:03+00:00\",\"dateModified\":\"2019-09-18T01:37:07+00:00\",\"mainEntityOfPage\":{\"@id\":\"https:\\\/\\\/canal7slp.tv\\\/2019\\\/villa-de-reyes-realizara-obras-y-remodelacion-en-la-acequia-y-mercado-hidalgo\\\/\"},\"wordCount\":314,\"commentCount\":0,\"publisher\":{\"@id\":\"https:\\\/\\\/canal7slp.tv\\\/2019\\\/#organization\"},\"image\":{\"@id\":\"https:\\\/\\\/canal7slp.tv\\\/2019\\\/villa-de-reyes-realizara-obras-y-remodelacion-en-la-acequia-y-mercado-hidalgo\\\/#primaryimage\"},\"thumbnailUrl\":\"https:\\\/\\\/canal7slp.tv\\\/2019\\\/wp-content\\\/uploads\\\/2019\\\/09\\\/villareyes.png\",\"keywords\":[\"Ayuntamiento Villa de Reyes\"],\"articleSection\":[\"DESTACADAS\",\"INTERIOR DEL ESTADO\",\"LOCALES Y REGIONALES\"],\"inLanguage\":\"es\",\"potentialAction\":[{\"@type\":\"CommentAction\",\"name\":\"Comment\",\"target\":[\"https:\\\/\\\/canal7slp.tv\\\/2019\\\/villa-de-reyes-realizara-obras-y-remodelacion-en-la-acequia-y-mercado-hidalgo\\\/#respond\"]}]},{\"@type\":\"WebPage\",\"@id\":\"https:\\\/\\\/canal7slp.tv\\\/2019\\\/villa-de-reyes-realizara-obras-y-remodelacion-en-la-acequia-y-mercado-hidalgo\\\/\",\"url\":\"https:\\\/\\\/canal7slp.tv\\\/2019\\\/villa-de-reyes-realizara-obras-y-remodelacion-en-la-acequia-y-mercado-hidalgo\\\/\",\"name\":\"Villa de Reyes realizar\u00e1 obras y remodelaci\u00f3n en la Acequia y Mercado Hidalgo. - Canal 7 SLP - 2019\",\"isPartOf\":{\"@id\":\"https:\\\/\\\/canal7slp.tv\\\/2019\\\/#website\"},\"primaryImageOfPage\":{\"@id\":\"https:\\\/\\\/canal7slp.tv\\\/2019\\\/villa-de-reyes-realizara-obras-y-remodelacion-en-la-acequia-y-mercado-hidalgo\\\/#primaryimage\"},\"image\":{\"@id\":\"https:\\\/\\\/canal7slp.tv\\\/2019\\\/villa-de-reyes-realizara-obras-y-remodelacion-en-la-acequia-y-mercado-hidalgo\\\/#primaryimage\"},\"thumbnailUrl\":\"https:\\\/\\\/canal7slp.tv\\\/2019\\\/wp-content\\\/uploads\\\/2019\\\/09\\\/villareyes.png\",\"datePublished\":\"2019-09-18T01:06:03+00:00\",\"dateModified\":\"2019-09-18T01:37:07+00:00\",\"breadcrumb\":{\"@id\":\"https:\\\/\\\/canal7slp.tv\\\/2019\\\/villa-de-reyes-realizara-obras-y-remodelacion-en-la-acequia-y-mercado-hidalgo\\\/#breadcrumb\"},\"inLanguage\":\"es\",\"potentialAction\":[{\"@type\":\"ReadAction\",\"target\":[\"https:\\\/\\\/canal7slp.tv\\\/2019\\\/villa-de-reyes-realizara-obras-y-remodelacion-en-la-acequia-y-mercado-hidalgo\\\/\"]}]},{\"@type\":\"ImageObject\",\"inLanguage\":\"es\",\"@id\":\"https:\\\/\\\/canal7slp.tv\\\/2019\\\/villa-de-reyes-realizara-obras-y-remodelacion-en-la-acequia-y-mercado-hidalgo\\\/#primaryimage\",\"url\":\"https:\\\/\\\/canal7slp.tv\\\/2019\\\/wp-content\\\/uploads\\\/2019\\\/09\\\/villareyes.png\",\"contentUrl\":\"https:\\\/\\\/canal7slp.tv\\\/2019\\\/wp-content\\\/uploads\\\/2019\\\/09\\\/villareyes.png\",\"width\":1280,\"height\":720},{\"@type\":\"BreadcrumbList\",\"@id\":\"https:\\\/\\\/canal7slp.tv\\\/2019\\\/villa-de-reyes-realizara-obras-y-remodelacion-en-la-acequia-y-mercado-hidalgo\\\/#breadcrumb\",\"itemListElement\":[{\"@type\":\"ListItem\",\"position\":1,\"name\":\"Home\",\"item\":\"https:\\\/\\\/canal7slp.tv\\\/2019\\\/\"},{\"@type\":\"ListItem\",\"position\":2,\"name\":\"Villa de Reyes realizar\u00e1 obras y remodelaci\u00f3n en la Acequia y Mercado Hidalgo.\"}]},{\"@type\":\"WebSite\",\"@id\":\"https:\\\/\\\/canal7slp.tv\\\/2019\\\/#website\",\"url\":\"https:\\\/\\\/canal7slp.tv\\\/2019\\\/\",\"name\":\"Canal 7 SLP - Somos TV\",\"description\":\"Somos un Canal de 10\",\"publisher\":{\"@id\":\"https:\\\/\\\/canal7slp.tv\\\/2019\\\/#organization\"},\"potentialAction\":[{\"@type\":\"SearchAction\",\"target\":{\"@type\":\"EntryPoint\",\"urlTemplate\":\"https:\\\/\\\/canal7slp.tv\\\/2019\\\/?s={search_term_string}\"},\"query-input\":{\"@type\":\"PropertyValueSpecification\",\"valueRequired\":true,\"valueName\":\"search_term_string\"}}],\"inLanguage\":\"es\"},{\"@type\":\"Organization\",\"@id\":\"https:\\\/\\\/canal7slp.tv\\\/2019\\\/#organization\",\"name\":\"Comunicaci\u00f3n 2000 S.A. de C.V.\",\"url\":\"https:\\\/\\\/canal7slp.tv\\\/2019\\\/\",\"logo\":{\"@type\":\"ImageObject\",\"inLanguage\":\"es\",\"@id\":\"https:\\\/\\\/canal7slp.tv\\\/2019\\\/#\\\/schema\\\/logo\\\/image\\\/\",\"url\":\"https:\\\/\\\/canal7slp.tv\\\/2019\\\/wp-content\\\/uploads\\\/2019\\\/07\\\/logo-c7.png\",\"contentUrl\":\"https:\\\/\\\/canal7slp.tv\\\/2019\\\/wp-content\\\/uploads\\\/2019\\\/07\\\/logo-c7.png\",\"width\":220,\"height\":60,\"caption\":\"Comunicaci\u00f3n 2000 S.A. de C.V.\"},\"image\":{\"@id\":\"https:\\\/\\\/canal7slp.tv\\\/2019\\\/#\\\/schema\\\/logo\\\/image\\\/\"},\"sameAs\":[\"https:\\\/\\\/www.facebook.com\\\/CANAL7SLP\\\/\",\"https:\\\/\\\/x.com\\\/canal7_slp\",\"https:\\\/\\\/www.instagram.com\\\/canal7_slp\",\"https:\\\/\\\/www.youtube.com\\\/user\\\/NOTICIEROSCANAL7SLP\\\/\"]},{\"@type\":\"Person\",\"@id\":\"https:\\\/\\\/canal7slp.tv\\\/2019\\\/#\\\/schema\\\/person\\\/11d941c1c6ca30ac0a46b95fa37aa2e3\",\"name\":\"edicionweb\",\"image\":{\"@type\":\"ImageObject\",\"inLanguage\":\"es\",\"@id\":\"https:\\\/\\\/secure.gravatar.com\\\/avatar\\\/eee448fc3f7164808013b816ba91ac7e43bbe82a70bebac296f8bc6f0addaa1a?s=96&d=mm&r=g\",\"url\":\"https:\\\/\\\/secure.gravatar.com\\\/avatar\\\/eee448fc3f7164808013b816ba91ac7e43bbe82a70bebac296f8bc6f0addaa1a?s=96&d=mm&r=g\",\"contentUrl\":\"https:\\\/\\\/secure.gravatar.com\\\/avatar\\\/eee448fc3f7164808013b816ba91ac7e43bbe82a70bebac296f8bc6f0addaa1a?s=96&d=mm&r=g\",\"caption\":\"edicionweb\"}}]}<\/script>\n<!-- \/ Yoast SEO plugin. -->","yoast_head_json":{"title":"Villa de Reyes realizar\u00e1 obras y remodelaci\u00f3n en la Acequia y Mercado Hidalgo. - Canal 7 SLP - 2019","robots":{"index":"index","follow":"follow","max-snippet":"max-snippet:-1","max-image-preview":"max-image-preview:large","max-video-preview":"max-video-preview:-1"},"canonical":"https:\/\/canal7slp.tv\/2019\/villa-de-reyes-realizara-obras-y-remodelacion-en-la-acequia-y-mercado-hidalgo\/","og_locale":"es_ES","og_type":"article","og_title":"Villa de Reyes realizar\u00e1 obras y remodelaci\u00f3n en la Acequia y Mercado Hidalgo. - Canal 7 SLP - 2019","og_description":"Villa de Reyes.- El Mercado Municipal &#8220;Hidalgo&#8221;, ubicado en el cuadro principal de la cabecera de Villa de Reyes, ser\u00e1 modernizado para brindar atenci\u00f3n y buena imagen a los consumidores, soluci\u00f3n a los problemas de salubridad y seguridad, a petici\u00f3n de los propios locatarios y vecinos de la zona. La alcaldesa \u00c9rika Briones P\u00e9rez, encabez\u00f3 [&hellip;]","og_url":"https:\/\/canal7slp.tv\/2019\/villa-de-reyes-realizara-obras-y-remodelacion-en-la-acequia-y-mercado-hidalgo\/","og_site_name":"Canal 7 SLP - 2019","article_publisher":"https:\/\/www.facebook.com\/CANAL7SLP\/","article_published_time":"2019-09-18T01:06:03+00:00","article_modified_time":"2019-09-18T01:37:07+00:00","og_image":[{"width":1280,"height":720,"url":"https:\/\/canal7slp.tv\/2019\/wp-content\/uploads\/2019\/09\/villareyes.png","type":"image\/png"}],"author":"edicionweb","twitter_card":"summary_large_image","twitter_creator":"@canal7_slp","twitter_site":"@canal7_slp","twitter_misc":{"Escrito por":"edicionweb","Tiempo de lectura":"2 minutos"},"schema":{"@context":"https:\/\/schema.org","@graph":[{"@type":"Article","@id":"https:\/\/canal7slp.tv\/2019\/villa-de-reyes-realizara-obras-y-remodelacion-en-la-acequia-y-mercado-hidalgo\/#article","isPartOf":{"@id":"https:\/\/canal7slp.tv\/2019\/villa-de-reyes-realizara-obras-y-remodelacion-en-la-acequia-y-mercado-hidalgo\/"},"author":{"name":"edicionweb","@id":"https:\/\/canal7slp.tv\/2019\/#\/schema\/person\/11d941c1c6ca30ac0a46b95fa37aa2e3"},"headline":"Villa de Reyes realizar\u00e1 obras y remodelaci\u00f3n en la Acequia y Mercado Hidalgo.","datePublished":"2019-09-18T01:06:03+00:00","dateModified":"2019-09-18T01:37:07+00:00","mainEntityOfPage":{"@id":"https:\/\/canal7slp.tv\/2019\/villa-de-reyes-realizara-obras-y-remodelacion-en-la-acequia-y-mercado-hidalgo\/"},"wordCount":314,"commentCount":0,"publisher":{"@id":"https:\/\/canal7slp.tv\/2019\/#organization"},"image":{"@id":"https:\/\/canal7slp.tv\/2019\/villa-de-reyes-realizara-obras-y-remodelacion-en-la-acequia-y-mercado-hidalgo\/#primaryimage"},"thumbnailUrl":"https:\/\/canal7slp.tv\/2019\/wp-content\/uploads\/2019\/09\/villareyes.png","keywords":["Ayuntamiento Villa de Reyes"],"articleSection":["DESTACADAS","INTERIOR DEL ESTADO","LOCALES Y REGIONALES"],"inLanguage":"es","potentialAction":[{"@type":"CommentAction","name":"Comment","target":["https:\/\/canal7slp.tv\/2019\/villa-de-reyes-realizara-obras-y-remodelacion-en-la-acequia-y-mercado-hidalgo\/#respond"]}]},{"@type":"WebPage","@id":"https:\/\/canal7slp.tv\/2019\/villa-de-reyes-realizara-obras-y-remodelacion-en-la-acequia-y-mercado-hidalgo\/","url":"https:\/\/canal7slp.tv\/2019\/villa-de-reyes-realizara-obras-y-remodelacion-en-la-acequia-y-mercado-hidalgo\/","name":"Villa de Reyes realizar\u00e1 obras y remodelaci\u00f3n en la Acequia y Mercado Hidalgo. - Canal 7 SLP - 2019","isPartOf":{"@id":"https:\/\/canal7slp.tv\/2019\/#website"},"primaryImageOfPage":{"@id":"https:\/\/canal7slp.tv\/2019\/villa-de-reyes-realizara-obras-y-remodelacion-en-la-acequia-y-mercado-hidalgo\/#primaryimage"},"image":{"@id":"https:\/\/canal7slp.tv\/2019\/villa-de-reyes-realizara-obras-y-remodelacion-en-la-acequia-y-mercado-hidalgo\/#primaryimage"},"thumbnailUrl":"https:\/\/canal7slp.tv\/2019\/wp-content\/uploads\/2019\/09\/villareyes.png","datePublished":"2019-09-18T01:06:03+00:00","dateModified":"2019-09-18T01:37:07+00:00","breadcrumb":{"@id":"https:\/\/canal7slp.tv\/2019\/villa-de-reyes-realizara-obras-y-remodelacion-en-la-acequia-y-mercado-hidalgo\/#breadcrumb"},"inLanguage":"es","potentialAction":[{"@type":"ReadAction","target":["https:\/\/canal7slp.tv\/2019\/villa-de-reyes-realizara-obras-y-remodelacion-en-la-acequia-y-mercado-hidalgo\/"]}]},{"@type":"ImageObject","inLanguage":"es","@id":"https:\/\/canal7slp.tv\/2019\/villa-de-reyes-realizara-obras-y-remodelacion-en-la-acequia-y-mercado-hidalgo\/#primaryimage","url":"https:\/\/canal7slp.tv\/2019\/wp-content\/uploads\/2019\/09\/villareyes.png","contentUrl":"https:\/\/canal7slp.tv\/2019\/wp-content\/uploads\/2019\/09\/villareyes.png","width":1280,"height":720},{"@type":"BreadcrumbList","@id":"https:\/\/canal7slp.tv\/2019\/villa-de-reyes-realizara-obras-y-remodelacion-en-la-acequia-y-mercado-hidalgo\/#breadcrumb","itemListElement":[{"@type":"ListItem","position":1,"name":"Home","item":"https:\/\/canal7slp.tv\/2019\/"},{"@type":"ListItem","position":2,"name":"Villa de Reyes realizar\u00e1 obras y remodelaci\u00f3n en la Acequia y Mercado Hidalgo."}]},{"@type":"WebSite","@id":"https:\/\/canal7slp.tv\/2019\/#website","url":"https:\/\/canal7slp.tv\/2019\/","name":"Canal 7 SLP - Somos TV","description":"Somos un Canal de 10","publisher":{"@id":"https:\/\/canal7slp.tv\/2019\/#organization"},"potentialAction":[{"@type":"SearchAction","target":{"@type":"EntryPoint","urlTemplate":"https:\/\/canal7slp.tv\/2019\/?s={search_term_string}"},"query-input":{"@type":"PropertyValueSpecification","valueRequired":true,"valueName":"search_term_string"}}],"inLanguage":"es"},{"@type":"Organization","@id":"https:\/\/canal7slp.tv\/2019\/#organization","name":"Comunicaci\u00f3n 2000 S.A. de C.V.","url":"https:\/\/canal7slp.tv\/2019\/","logo":{"@type":"ImageObject","inLanguage":"es","@id":"https:\/\/canal7slp.tv\/2019\/#\/schema\/logo\/image\/","url":"https:\/\/canal7slp.tv\/2019\/wp-content\/uploads\/2019\/07\/logo-c7.png","contentUrl":"https:\/\/canal7slp.tv\/2019\/wp-content\/uploads\/2019\/07\/logo-c7.png","width":220,"height":60,"caption":"Comunicaci\u00f3n 2000 S.A. de C.V."},"image":{"@id":"https:\/\/canal7slp.tv\/2019\/#\/schema\/logo\/image\/"},"sameAs":["https:\/\/www.facebook.com\/CANAL7SLP\/","https:\/\/x.com\/canal7_slp","https:\/\/www.instagram.com\/canal7_slp","https:\/\/www.youtube.com\/user\/NOTICIEROSCANAL7SLP\/"]},{"@type":"Person","@id":"https:\/\/canal7slp.tv\/2019\/#\/schema\/person\/11d941c1c6ca30ac0a46b95fa37aa2e3","name":"edicionweb","image":{"@type":"ImageObject","inLanguage":"es","@id":"https:\/\/secure.gravatar.com\/avatar\/eee448fc3f7164808013b816ba91ac7e43bbe82a70bebac296f8bc6f0addaa1a?s=96&d=mm&r=g","url":"https:\/\/secure.gravatar.com\/avatar\/eee448fc3f7164808013b816ba91ac7e43bbe82a70bebac296f8bc6f0addaa1a?s=96&d=mm&r=g","contentUrl":"https:\/\/secure.gravatar.com\/avatar\/eee448fc3f7164808013b816ba91ac7e43bbe82a70bebac296f8bc6f0addaa1a?s=96&d=mm&r=g","caption":"edicionweb"}}]}},"amp_enabled":true,"cmb2":{"video_ids_in_playlist":{"vid_p_videos":""},"video_ids_in_channel":{"vid_c_videos":""},"playlist_ids_in_channel":{"vid_c_playlists":""},"series_ids_in_channel":{"vid_c_series":""},"channel_images":{"vid_c_logo":"","vid_c_banner":""},"poster_feature_image":{"vid_m_poster_image":""},"gif_feature_image":{"vid_m_gif_image":""},"video_movie_settings":{"vid_m_director":"","vid_m_actor":"","vid_m_imdb_ratings":"","vid_m_amazon_associates":""},"vid_youtube_broadcasts_settings":{"vid_yb_broadcast_title":"","vid_yb_q":"","vid_yb_channelid":"","vid_yb_videocategoryid":"","vid_yb_maxresults":"","vid_yb_order":"","vid_yb_regioncode":"","vid_yb_videosyndicated":"","vid_yb_style":"","vid_yb_reload_first":""},"video_series_settings":{"vid_m_director":"","vid_m_actor":"","vid_m_imdb_ratings":"","video_series_group":""},"amazon_associates_settings":{"amazon_associates":"","amazon_native_ad":""},"vid_youtube_automatic_settings":{"vid_ya_youtube_source":"","vid_ya_update_every":"","vid_ya_update_unit":"","vid_ya_categories":"","vid_ya_published_after":"","vid_ya_published_before":"","vid_ya_playlists":"","vid_ya_channels":"","vid_ya_director":"","vid_ya_actor":"","vid_ya_author":"","vid_ya_import_post_date":"","vid_ya_status":"","vid_ya_sub_api_key":""},"vid_ads_m_videoads_settings_post":{"vid_ads_m_video_ads":"","vid_ads_m_video_ads_type":"","vid_ads_m_group_google_ima":"","vid_ads_m_group_image":"","vid_ads_m_group_html5_video":"","vid_ads_m_group_html":"","vid_ads_m_vast_preroll":"","vid_ads_m_vast_postroll":"","vid_ads_m_vast_pauseroll":"","vid_ads_m_vast_midroll":[{"vid_ads_m_vast_timer_seconds":"50"}],"vid_ads_m_time_to_show_ads":"","vid_ads_m_time_skip_ads":"","vid_ads_m_time_to_hide_ads":""},"page_slider_settings":{"display_slider_group":"","page_slider_group":""},"blog_page_settings":{"blog_page_title":"","blog_page_heading":"","blog_page_ic":"","blog_page_it":"","blog_page_ec":"","blog_page_ip":"","archive_loop_style":"","blog_image_ratio":"","blog_show_categories":"","blog_show_excerpt":"","blog_show_author":"","blog_show_date":"","blog_show_comment_count":"","blog_show_view_count":"","blog_show_like_count":"","blog_show_dislike_count":"","blog_items_per_page":"","blog_pag_type":""},"page_options":{"get_page_template":"","color_mode":"","main_layout":"","main_layout_full_with":"","main_logo":"","main_logo_retina":"","main_logo_mobile":"","main_logo_mobile_retina":"","sticky_logo":"","sticky_logo_retina":"","main_nav_layout":"","ajax_search":"","header_background":"","theme_sidebar":"","instagram_feed":"","instagram_feed_position":"","popular_videos":"","popular_videos_title_1":"","popular_videos_title_2":"","popular_videos_ic":"","popular_videos_it":"","theme_background":"","page_custom_css":""},"feature_image_settings":{"feature_image_position":""},"video_player_settings":{"single_video_style":"","video_player_position":"","vm_video_url":"https:\/\/youtu.be\/iBTUDD-gpTY","video_player_library":"","video_streaming":"","vm_media_sources":"","vid_auto_play":"","vm_video_shortcode":"","vid_p_sync_playlist":"","vid_c_sync_channel":"","get_post_format":"","multiple_links_structure":"default","multi_links_title":"","vm_video_multi_links":"","vm_duration":"02:11","vid_social_locker":"off","vid_social_locker_id":"","vid_membership_action":"content-video","vm_video_trailer_url":"","vid_download_type":"free","vid_download_target":"download","vid_woo_product":"","vm_media_download":"","user_rating":"","user_rating_position":"","user_rating_mode":"","user_rating_multi_sets":""},"video_auto_fetch_settings":{"vm_video_fetch":"on"},"video_fake_views_likes":{"vm_fake_views":"","vm_fake_likes":"","vm_fake_dislikes":""},"gallery_settings":{"gallery_position":""},"quote_settings":{"quote_position":""},"post_options":{"main_layout":"","main_logo":"","main_logo_retina":"","main_logo_mobile":"","main_logo_mobile_retina":"","sticky_logo":"","sticky_logo_retina":"","main_nav_layout":"","header_background":"","theme_sidebar":"","single_post_comment_type":"","theme_background":""}},"_links":{"self":[{"href":"https:\/\/canal7slp.tv\/2019\/wp-json\/wp\/v2\/posts\/68164","targetHints":{"allow":["GET"]}}],"collection":[{"href":"https:\/\/canal7slp.tv\/2019\/wp-json\/wp\/v2\/posts"}],"about":[{"href":"https:\/\/canal7slp.tv\/2019\/wp-json\/wp\/v2\/types\/post"}],"author":[{"embeddable":true,"href":"https:\/\/canal7slp.tv\/2019\/wp-json\/wp\/v2\/users\/2"}],"replies":[{"embeddable":true,"href":"https:\/\/canal7slp.tv\/2019\/wp-json\/wp\/v2\/comments?post=68164"}],"version-history":[{"count":0,"href":"https:\/\/canal7slp.tv\/2019\/wp-json\/wp\/v2\/posts\/68164\/revisions"}],"wp:featuredmedia":[{"embeddable":true,"href":"https:\/\/canal7slp.tv\/2019\/wp-json\/wp\/v2\/media\/68167"}],"wp:attachment":[{"href":"https:\/\/canal7slp.tv\/2019\/wp-json\/wp\/v2\/media?parent=68164"}],"wp:term":[{"taxonomy":"category","embeddable":true,"href":"https:\/\/canal7slp.tv\/2019\/wp-json\/wp\/v2\/categories?post=68164"},{"taxonomy":"post_tag","embeddable":true,"href":"https:\/\/canal7slp.tv\/2019\/wp-json\/wp\/v2\/tags?post=68164"}],"curies":[{"name":"wp","href":"https:\/\/api.w.org\/{rel}","templated":true}]}}