{"id":68044,"date":"2019-09-17T18:03:16","date_gmt":"2019-09-17T23:03:16","guid":{"rendered":"https:\/\/canal7slp.tv\/2019\/?p=68044"},"modified":"2019-09-17T20:37:49","modified_gmt":"2019-09-18T01:37:49","slug":"diputados-responden-segun-les-fue-en-la-feria-ante-resultados-de-congreso-calificado","status":"publish","type":"post","link":"https:\/\/canal7slp.tv\/2019\/diputados-responden-segun-les-fue-en-la-feria-ante-resultados-de-congreso-calificado\/","title":{"rendered":"Diputados responden seg\u00fan \u201cles fue en la feria\u201d ante resultados de Congreso Calificado."},"content":{"rendered":"<p style=\"text-align: justify\">SLP.- Diputados con el mas bajo desempe\u00f1o legislativo que hoy acudieron al Congreso del Estado, opinaron de la evaluaci\u00f3n que tuvieron por parte de la organizacion &#8220;Congreso Calificado&#8221;.<\/p>\n<p style=\"text-align: justify\">La diputada de Morena Alejandra Vald\u00e9s Mart\u00ednez dijo que es injusta la calificaci\u00f3n de menos 4.5\u00a0 que obtuvo,ya que su Comisi\u00f3n Legislativa: &#8220;Comunicaci\u00f3nes y Transportes&#8221;, no tiene rezagos y es de las que m\u00e1s trabajan.<\/p>\n<p style=\"text-align: justify\">Lament\u00f3 el desencuentro que tuvo con su ex- asesor Paul Ibarra quien denunci\u00f3 que la legisladora le resuraba el salario.<\/p>\n<p style=\"text-align: justify\">La diputada de Morena\u00a0 se\u00f1alo que este asunto se encuentra en la Fiscal\u00eda.<\/p>\n<p style=\"text-align: justify\">El legislador panista Rolando Hervert Lara quien tuvo 3.5 de calificaci\u00f3n dijo que debe modificarse el m\u00e9todo de evaluaci\u00f3n.<\/p>\n<p style=\"text-align: justify\">Al mismo tiempo pidi\u00f3 Hervert Lara, que en el Congreso del Estado se dejen de producir iniciativas de ley que son una basura porque no le sirven a la sociedad y lamentablemente son las que se califican.<\/p>\n<p style=\"text-align: justify\">Recomend\u00f3 legislar en iniciativas de calidad, que tengan forma\u00a0 y fondo.<\/p>\n<p style=\"text-align: justify\">El diputado Rolando Hervert Lara en su calidad\u00a0 de presidente de la Junta de Corodinaci\u00f3n Pol\u00edtica del Congreso del Estado, anunci\u00f3 la creaci\u00f3n de un sistema de evaluaci\u00f3n m\u00e1s profesional, dise\u00f1ado por Universidades.<\/p>\n<p style=\"text-align: justify\">Por su parte, el diputado panista Rub\u00e9n Guajardo Barrera se mostr\u00f3 soprendido con el 4 de calificaci\u00f3n que obtuvo, dijo que puede mejorar su evaluaci\u00f3n si se toman en cuenta otros par\u00e1metros como podrian ser los trabajos en comisiones.<\/p>\n<p style=\"text-align: justify\">Pidio que la evaluacion sea m\u00e1s cualitativa.<\/p>\n<p style=\"text-align: justify\">El diputado del Partido Encuentro Social Mario Larraga Delgado, dijo que no le preocupa el 0.5\u00a0 de la calificacion que lo ubica en el pen\u00faltimo lugar.<\/p>\n<p style=\"text-align: justify\">El diputado del PRI Mart\u00edn Ju\u00e1rez C\u00f3rdova quien obtuvo el segundo lugar de la evaluaci\u00f3n con 7.5 de calificaci\u00f3n\u00a0 s\u00ed estuvo de acuerdo en la evaluaci\u00f3n, dijo \u201cque no se puede mejorar lo que no se puede calificar\u201d.<\/p>\n<p style=\"text-align: justify\">Por: Jos\u00e9 Luis Juarez<\/p>\n","protected":false},"excerpt":{"rendered":"<p>SLP.- Diputados con el mas bajo desempe\u00f1o legislativo que hoy acudieron al Congreso del Estado, opinaron de la evaluaci\u00f3n que tuvieron por parte de la organizacion &#8220;Congreso Calificado&#8221;. La diputada de Morena Alejandra Vald\u00e9s Mart\u00ednez dijo que es injusta la calificaci\u00f3n de menos 4.5\u00a0 que obtuvo,ya que su Comisi\u00f3n Legislativa: &#8220;Comunicaci\u00f3nes y Transportes&#8221;, no tiene [&hellip;]<\/p>\n","protected":false},"author":2,"featured_media":68047,"comment_status":"open","ping_status":"open","sticky":false,"template":"","format":"video","meta":{"footnotes":""},"categories":[108,17],"tags":[],"class_list":["post-68044","post","type-post","status-publish","format-video","has-post-thumbnail","hentry","category-destacadas","category-localesyregionales","post_format-post-format-video"],"yoast_head":"<!-- This site is optimized with the Yoast SEO plugin v27.5 - https:\/\/yoast.com\/product\/yoast-seo-wordpress\/ -->\n<title>Diputados responden seg\u00fan \u201cles fue en la feria\u201d ante resultados de Congreso Calificado. - Canal 7 SLP - 2019<\/title>\n<meta name=\"robots\" content=\"index, follow, max-snippet:-1, max-image-preview:large, max-video-preview:-1\" \/>\n<link rel=\"canonical\" href=\"https:\/\/canal7slp.tv\/2019\/diputados-responden-segun-les-fue-en-la-feria-ante-resultados-de-congreso-calificado\/\" \/>\n<meta property=\"og:locale\" content=\"es_ES\" \/>\n<meta property=\"og:type\" content=\"article\" \/>\n<meta property=\"og:title\" content=\"Diputados responden seg\u00fan \u201cles fue en la feria\u201d ante resultados de Congreso Calificado. - Canal 7 SLP - 2019\" \/>\n<meta property=\"og:description\" content=\"SLP.- Diputados con el mas bajo desempe\u00f1o legislativo que hoy acudieron al Congreso del Estado, opinaron de la evaluaci\u00f3n que tuvieron por parte de la organizacion &#8220;Congreso Calificado&#8221;. La diputada de Morena Alejandra Vald\u00e9s Mart\u00ednez dijo que es injusta la calificaci\u00f3n de menos 4.5\u00a0 que obtuvo,ya que su Comisi\u00f3n Legislativa: &#8220;Comunicaci\u00f3nes y Transportes&#8221;, no tiene [&hellip;]\" \/>\n<meta property=\"og:url\" content=\"https:\/\/canal7slp.tv\/2019\/diputados-responden-segun-les-fue-en-la-feria-ante-resultados-de-congreso-calificado\/\" \/>\n<meta property=\"og:site_name\" content=\"Canal 7 SLP - 2019\" \/>\n<meta property=\"article:publisher\" content=\"https:\/\/www.facebook.com\/CANAL7SLP\/\" \/>\n<meta property=\"article:published_time\" content=\"2019-09-17T23:03:16+00:00\" \/>\n<meta property=\"article:modified_time\" content=\"2019-09-18T01:37:49+00:00\" \/>\n<meta property=\"og:image\" content=\"https:\/\/canal7slp.tv\/2019\/wp-content\/uploads\/2019\/09\/congresocalificado.png\" \/>\n\t<meta property=\"og:image:width\" content=\"750\" \/>\n\t<meta property=\"og:image:height\" content=\"421\" \/>\n\t<meta property=\"og:image:type\" content=\"image\/png\" \/>\n<meta name=\"author\" content=\"edicionweb\" \/>\n<meta name=\"twitter:card\" content=\"summary_large_image\" \/>\n<meta name=\"twitter:creator\" content=\"@canal7_slp\" \/>\n<meta name=\"twitter:site\" content=\"@canal7_slp\" \/>\n<meta name=\"twitter:label1\" content=\"Escrito por\" \/>\n\t<meta name=\"twitter:data1\" content=\"edicionweb\" \/>\n\t<meta name=\"twitter:label2\" content=\"Tiempo de lectura\" \/>\n\t<meta name=\"twitter:data2\" content=\"2 minutos\" \/>\n<script type=\"application\/ld+json\" class=\"yoast-schema-graph\">{\"@context\":\"https:\\\/\\\/schema.org\",\"@graph\":[{\"@type\":\"Article\",\"@id\":\"https:\\\/\\\/canal7slp.tv\\\/2019\\\/diputados-responden-segun-les-fue-en-la-feria-ante-resultados-de-congreso-calificado\\\/#article\",\"isPartOf\":{\"@id\":\"https:\\\/\\\/canal7slp.tv\\\/2019\\\/diputados-responden-segun-les-fue-en-la-feria-ante-resultados-de-congreso-calificado\\\/\"},\"author\":{\"name\":\"edicionweb\",\"@id\":\"https:\\\/\\\/canal7slp.tv\\\/2019\\\/#\\\/schema\\\/person\\\/11d941c1c6ca30ac0a46b95fa37aa2e3\"},\"headline\":\"Diputados responden seg\u00fan \u201cles fue en la feria\u201d ante resultados de Congreso Calificado.\",\"datePublished\":\"2019-09-17T23:03:16+00:00\",\"dateModified\":\"2019-09-18T01:37:49+00:00\",\"mainEntityOfPage\":{\"@id\":\"https:\\\/\\\/canal7slp.tv\\\/2019\\\/diputados-responden-segun-les-fue-en-la-feria-ante-resultados-de-congreso-calificado\\\/\"},\"wordCount\":352,\"commentCount\":0,\"publisher\":{\"@id\":\"https:\\\/\\\/canal7slp.tv\\\/2019\\\/#organization\"},\"image\":{\"@id\":\"https:\\\/\\\/canal7slp.tv\\\/2019\\\/diputados-responden-segun-les-fue-en-la-feria-ante-resultados-de-congreso-calificado\\\/#primaryimage\"},\"thumbnailUrl\":\"https:\\\/\\\/canal7slp.tv\\\/2019\\\/wp-content\\\/uploads\\\/2019\\\/09\\\/congresocalificado.png\",\"articleSection\":[\"DESTACADAS\",\"LOCALES Y REGIONALES\"],\"inLanguage\":\"es\",\"potentialAction\":[{\"@type\":\"CommentAction\",\"name\":\"Comment\",\"target\":[\"https:\\\/\\\/canal7slp.tv\\\/2019\\\/diputados-responden-segun-les-fue-en-la-feria-ante-resultados-de-congreso-calificado\\\/#respond\"]}]},{\"@type\":\"WebPage\",\"@id\":\"https:\\\/\\\/canal7slp.tv\\\/2019\\\/diputados-responden-segun-les-fue-en-la-feria-ante-resultados-de-congreso-calificado\\\/\",\"url\":\"https:\\\/\\\/canal7slp.tv\\\/2019\\\/diputados-responden-segun-les-fue-en-la-feria-ante-resultados-de-congreso-calificado\\\/\",\"name\":\"Diputados responden seg\u00fan \u201cles fue en la feria\u201d ante resultados de Congreso Calificado. - Canal 7 SLP - 2019\",\"isPartOf\":{\"@id\":\"https:\\\/\\\/canal7slp.tv\\\/2019\\\/#website\"},\"primaryImageOfPage\":{\"@id\":\"https:\\\/\\\/canal7slp.tv\\\/2019\\\/diputados-responden-segun-les-fue-en-la-feria-ante-resultados-de-congreso-calificado\\\/#primaryimage\"},\"image\":{\"@id\":\"https:\\\/\\\/canal7slp.tv\\\/2019\\\/diputados-responden-segun-les-fue-en-la-feria-ante-resultados-de-congreso-calificado\\\/#primaryimage\"},\"thumbnailUrl\":\"https:\\\/\\\/canal7slp.tv\\\/2019\\\/wp-content\\\/uploads\\\/2019\\\/09\\\/congresocalificado.png\",\"datePublished\":\"2019-09-17T23:03:16+00:00\",\"dateModified\":\"2019-09-18T01:37:49+00:00\",\"breadcrumb\":{\"@id\":\"https:\\\/\\\/canal7slp.tv\\\/2019\\\/diputados-responden-segun-les-fue-en-la-feria-ante-resultados-de-congreso-calificado\\\/#breadcrumb\"},\"inLanguage\":\"es\",\"potentialAction\":[{\"@type\":\"ReadAction\",\"target\":[\"https:\\\/\\\/canal7slp.tv\\\/2019\\\/diputados-responden-segun-les-fue-en-la-feria-ante-resultados-de-congreso-calificado\\\/\"]}]},{\"@type\":\"ImageObject\",\"inLanguage\":\"es\",\"@id\":\"https:\\\/\\\/canal7slp.tv\\\/2019\\\/diputados-responden-segun-les-fue-en-la-feria-ante-resultados-de-congreso-calificado\\\/#primaryimage\",\"url\":\"https:\\\/\\\/canal7slp.tv\\\/2019\\\/wp-content\\\/uploads\\\/2019\\\/09\\\/congresocalificado.png\",\"contentUrl\":\"https:\\\/\\\/canal7slp.tv\\\/2019\\\/wp-content\\\/uploads\\\/2019\\\/09\\\/congresocalificado.png\",\"width\":750,\"height\":421},{\"@type\":\"BreadcrumbList\",\"@id\":\"https:\\\/\\\/canal7slp.tv\\\/2019\\\/diputados-responden-segun-les-fue-en-la-feria-ante-resultados-de-congreso-calificado\\\/#breadcrumb\",\"itemListElement\":[{\"@type\":\"ListItem\",\"position\":1,\"name\":\"Home\",\"item\":\"https:\\\/\\\/canal7slp.tv\\\/2019\\\/\"},{\"@type\":\"ListItem\",\"position\":2,\"name\":\"Diputados responden seg\u00fan \u201cles fue en la feria\u201d ante resultados de Congreso Calificado.\"}]},{\"@type\":\"WebSite\",\"@id\":\"https:\\\/\\\/canal7slp.tv\\\/2019\\\/#website\",\"url\":\"https:\\\/\\\/canal7slp.tv\\\/2019\\\/\",\"name\":\"Canal 7 SLP - Somos TV\",\"description\":\"Somos un Canal de 10\",\"publisher\":{\"@id\":\"https:\\\/\\\/canal7slp.tv\\\/2019\\\/#organization\"},\"potentialAction\":[{\"@type\":\"SearchAction\",\"target\":{\"@type\":\"EntryPoint\",\"urlTemplate\":\"https:\\\/\\\/canal7slp.tv\\\/2019\\\/?s={search_term_string}\"},\"query-input\":{\"@type\":\"PropertyValueSpecification\",\"valueRequired\":true,\"valueName\":\"search_term_string\"}}],\"inLanguage\":\"es\"},{\"@type\":\"Organization\",\"@id\":\"https:\\\/\\\/canal7slp.tv\\\/2019\\\/#organization\",\"name\":\"Comunicaci\u00f3n 2000 S.A. de C.V.\",\"url\":\"https:\\\/\\\/canal7slp.tv\\\/2019\\\/\",\"logo\":{\"@type\":\"ImageObject\",\"inLanguage\":\"es\",\"@id\":\"https:\\\/\\\/canal7slp.tv\\\/2019\\\/#\\\/schema\\\/logo\\\/image\\\/\",\"url\":\"https:\\\/\\\/canal7slp.tv\\\/2019\\\/wp-content\\\/uploads\\\/2019\\\/07\\\/logo-c7.png\",\"contentUrl\":\"https:\\\/\\\/canal7slp.tv\\\/2019\\\/wp-content\\\/uploads\\\/2019\\\/07\\\/logo-c7.png\",\"width\":220,\"height\":60,\"caption\":\"Comunicaci\u00f3n 2000 S.A. de C.V.\"},\"image\":{\"@id\":\"https:\\\/\\\/canal7slp.tv\\\/2019\\\/#\\\/schema\\\/logo\\\/image\\\/\"},\"sameAs\":[\"https:\\\/\\\/www.facebook.com\\\/CANAL7SLP\\\/\",\"https:\\\/\\\/x.com\\\/canal7_slp\",\"https:\\\/\\\/www.instagram.com\\\/canal7_slp\",\"https:\\\/\\\/www.youtube.com\\\/user\\\/NOTICIEROSCANAL7SLP\\\/\"]},{\"@type\":\"Person\",\"@id\":\"https:\\\/\\\/canal7slp.tv\\\/2019\\\/#\\\/schema\\\/person\\\/11d941c1c6ca30ac0a46b95fa37aa2e3\",\"name\":\"edicionweb\",\"image\":{\"@type\":\"ImageObject\",\"inLanguage\":\"es\",\"@id\":\"https:\\\/\\\/secure.gravatar.com\\\/avatar\\\/eee448fc3f7164808013b816ba91ac7e43bbe82a70bebac296f8bc6f0addaa1a?s=96&d=mm&r=g\",\"url\":\"https:\\\/\\\/secure.gravatar.com\\\/avatar\\\/eee448fc3f7164808013b816ba91ac7e43bbe82a70bebac296f8bc6f0addaa1a?s=96&d=mm&r=g\",\"contentUrl\":\"https:\\\/\\\/secure.gravatar.com\\\/avatar\\\/eee448fc3f7164808013b816ba91ac7e43bbe82a70bebac296f8bc6f0addaa1a?s=96&d=mm&r=g\",\"caption\":\"edicionweb\"}}]}<\/script>\n<!-- \/ Yoast SEO plugin. -->","yoast_head_json":{"title":"Diputados responden seg\u00fan \u201cles fue en la feria\u201d ante resultados de Congreso Calificado. - Canal 7 SLP - 2019","robots":{"index":"index","follow":"follow","max-snippet":"max-snippet:-1","max-image-preview":"max-image-preview:large","max-video-preview":"max-video-preview:-1"},"canonical":"https:\/\/canal7slp.tv\/2019\/diputados-responden-segun-les-fue-en-la-feria-ante-resultados-de-congreso-calificado\/","og_locale":"es_ES","og_type":"article","og_title":"Diputados responden seg\u00fan \u201cles fue en la feria\u201d ante resultados de Congreso Calificado. - Canal 7 SLP - 2019","og_description":"SLP.- Diputados con el mas bajo desempe\u00f1o legislativo que hoy acudieron al Congreso del Estado, opinaron de la evaluaci\u00f3n que tuvieron por parte de la organizacion &#8220;Congreso Calificado&#8221;. La diputada de Morena Alejandra Vald\u00e9s Mart\u00ednez dijo que es injusta la calificaci\u00f3n de menos 4.5\u00a0 que obtuvo,ya que su Comisi\u00f3n Legislativa: &#8220;Comunicaci\u00f3nes y Transportes&#8221;, no tiene [&hellip;]","og_url":"https:\/\/canal7slp.tv\/2019\/diputados-responden-segun-les-fue-en-la-feria-ante-resultados-de-congreso-calificado\/","og_site_name":"Canal 7 SLP - 2019","article_publisher":"https:\/\/www.facebook.com\/CANAL7SLP\/","article_published_time":"2019-09-17T23:03:16+00:00","article_modified_time":"2019-09-18T01:37:49+00:00","og_image":[{"width":750,"height":421,"url":"https:\/\/canal7slp.tv\/2019\/wp-content\/uploads\/2019\/09\/congresocalificado.png","type":"image\/png"}],"author":"edicionweb","twitter_card":"summary_large_image","twitter_creator":"@canal7_slp","twitter_site":"@canal7_slp","twitter_misc":{"Escrito por":"edicionweb","Tiempo de lectura":"2 minutos"},"schema":{"@context":"https:\/\/schema.org","@graph":[{"@type":"Article","@id":"https:\/\/canal7slp.tv\/2019\/diputados-responden-segun-les-fue-en-la-feria-ante-resultados-de-congreso-calificado\/#article","isPartOf":{"@id":"https:\/\/canal7slp.tv\/2019\/diputados-responden-segun-les-fue-en-la-feria-ante-resultados-de-congreso-calificado\/"},"author":{"name":"edicionweb","@id":"https:\/\/canal7slp.tv\/2019\/#\/schema\/person\/11d941c1c6ca30ac0a46b95fa37aa2e3"},"headline":"Diputados responden seg\u00fan \u201cles fue en la feria\u201d ante resultados de Congreso Calificado.","datePublished":"2019-09-17T23:03:16+00:00","dateModified":"2019-09-18T01:37:49+00:00","mainEntityOfPage":{"@id":"https:\/\/canal7slp.tv\/2019\/diputados-responden-segun-les-fue-en-la-feria-ante-resultados-de-congreso-calificado\/"},"wordCount":352,"commentCount":0,"publisher":{"@id":"https:\/\/canal7slp.tv\/2019\/#organization"},"image":{"@id":"https:\/\/canal7slp.tv\/2019\/diputados-responden-segun-les-fue-en-la-feria-ante-resultados-de-congreso-calificado\/#primaryimage"},"thumbnailUrl":"https:\/\/canal7slp.tv\/2019\/wp-content\/uploads\/2019\/09\/congresocalificado.png","articleSection":["DESTACADAS","LOCALES Y REGIONALES"],"inLanguage":"es","potentialAction":[{"@type":"CommentAction","name":"Comment","target":["https:\/\/canal7slp.tv\/2019\/diputados-responden-segun-les-fue-en-la-feria-ante-resultados-de-congreso-calificado\/#respond"]}]},{"@type":"WebPage","@id":"https:\/\/canal7slp.tv\/2019\/diputados-responden-segun-les-fue-en-la-feria-ante-resultados-de-congreso-calificado\/","url":"https:\/\/canal7slp.tv\/2019\/diputados-responden-segun-les-fue-en-la-feria-ante-resultados-de-congreso-calificado\/","name":"Diputados responden seg\u00fan \u201cles fue en la feria\u201d ante resultados de Congreso Calificado. - Canal 7 SLP - 2019","isPartOf":{"@id":"https:\/\/canal7slp.tv\/2019\/#website"},"primaryImageOfPage":{"@id":"https:\/\/canal7slp.tv\/2019\/diputados-responden-segun-les-fue-en-la-feria-ante-resultados-de-congreso-calificado\/#primaryimage"},"image":{"@id":"https:\/\/canal7slp.tv\/2019\/diputados-responden-segun-les-fue-en-la-feria-ante-resultados-de-congreso-calificado\/#primaryimage"},"thumbnailUrl":"https:\/\/canal7slp.tv\/2019\/wp-content\/uploads\/2019\/09\/congresocalificado.png","datePublished":"2019-09-17T23:03:16+00:00","dateModified":"2019-09-18T01:37:49+00:00","breadcrumb":{"@id":"https:\/\/canal7slp.tv\/2019\/diputados-responden-segun-les-fue-en-la-feria-ante-resultados-de-congreso-calificado\/#breadcrumb"},"inLanguage":"es","potentialAction":[{"@type":"ReadAction","target":["https:\/\/canal7slp.tv\/2019\/diputados-responden-segun-les-fue-en-la-feria-ante-resultados-de-congreso-calificado\/"]}]},{"@type":"ImageObject","inLanguage":"es","@id":"https:\/\/canal7slp.tv\/2019\/diputados-responden-segun-les-fue-en-la-feria-ante-resultados-de-congreso-calificado\/#primaryimage","url":"https:\/\/canal7slp.tv\/2019\/wp-content\/uploads\/2019\/09\/congresocalificado.png","contentUrl":"https:\/\/canal7slp.tv\/2019\/wp-content\/uploads\/2019\/09\/congresocalificado.png","width":750,"height":421},{"@type":"BreadcrumbList","@id":"https:\/\/canal7slp.tv\/2019\/diputados-responden-segun-les-fue-en-la-feria-ante-resultados-de-congreso-calificado\/#breadcrumb","itemListElement":[{"@type":"ListItem","position":1,"name":"Home","item":"https:\/\/canal7slp.tv\/2019\/"},{"@type":"ListItem","position":2,"name":"Diputados responden seg\u00fan \u201cles fue en la feria\u201d ante resultados de Congreso Calificado."}]},{"@type":"WebSite","@id":"https:\/\/canal7slp.tv\/2019\/#website","url":"https:\/\/canal7slp.tv\/2019\/","name":"Canal 7 SLP - Somos TV","description":"Somos un Canal de 10","publisher":{"@id":"https:\/\/canal7slp.tv\/2019\/#organization"},"potentialAction":[{"@type":"SearchAction","target":{"@type":"EntryPoint","urlTemplate":"https:\/\/canal7slp.tv\/2019\/?s={search_term_string}"},"query-input":{"@type":"PropertyValueSpecification","valueRequired":true,"valueName":"search_term_string"}}],"inLanguage":"es"},{"@type":"Organization","@id":"https:\/\/canal7slp.tv\/2019\/#organization","name":"Comunicaci\u00f3n 2000 S.A. de C.V.","url":"https:\/\/canal7slp.tv\/2019\/","logo":{"@type":"ImageObject","inLanguage":"es","@id":"https:\/\/canal7slp.tv\/2019\/#\/schema\/logo\/image\/","url":"https:\/\/canal7slp.tv\/2019\/wp-content\/uploads\/2019\/07\/logo-c7.png","contentUrl":"https:\/\/canal7slp.tv\/2019\/wp-content\/uploads\/2019\/07\/logo-c7.png","width":220,"height":60,"caption":"Comunicaci\u00f3n 2000 S.A. de C.V."},"image":{"@id":"https:\/\/canal7slp.tv\/2019\/#\/schema\/logo\/image\/"},"sameAs":["https:\/\/www.facebook.com\/CANAL7SLP\/","https:\/\/x.com\/canal7_slp","https:\/\/www.instagram.com\/canal7_slp","https:\/\/www.youtube.com\/user\/NOTICIEROSCANAL7SLP\/"]},{"@type":"Person","@id":"https:\/\/canal7slp.tv\/2019\/#\/schema\/person\/11d941c1c6ca30ac0a46b95fa37aa2e3","name":"edicionweb","image":{"@type":"ImageObject","inLanguage":"es","@id":"https:\/\/secure.gravatar.com\/avatar\/eee448fc3f7164808013b816ba91ac7e43bbe82a70bebac296f8bc6f0addaa1a?s=96&d=mm&r=g","url":"https:\/\/secure.gravatar.com\/avatar\/eee448fc3f7164808013b816ba91ac7e43bbe82a70bebac296f8bc6f0addaa1a?s=96&d=mm&r=g","contentUrl":"https:\/\/secure.gravatar.com\/avatar\/eee448fc3f7164808013b816ba91ac7e43bbe82a70bebac296f8bc6f0addaa1a?s=96&d=mm&r=g","caption":"edicionweb"}}]}},"amp_enabled":true,"cmb2":{"video_ids_in_playlist":{"vid_p_videos":""},"video_ids_in_channel":{"vid_c_videos":""},"playlist_ids_in_channel":{"vid_c_playlists":""},"series_ids_in_channel":{"vid_c_series":""},"channel_images":{"vid_c_logo":"","vid_c_banner":""},"poster_feature_image":{"vid_m_poster_image":""},"gif_feature_image":{"vid_m_gif_image":""},"video_movie_settings":{"vid_m_director":"","vid_m_actor":"","vid_m_imdb_ratings":"","vid_m_amazon_associates":""},"vid_youtube_broadcasts_settings":{"vid_yb_broadcast_title":"","vid_yb_q":"","vid_yb_channelid":"","vid_yb_videocategoryid":"","vid_yb_maxresults":"","vid_yb_order":"","vid_yb_regioncode":"","vid_yb_videosyndicated":"","vid_yb_style":"","vid_yb_reload_first":""},"video_series_settings":{"vid_m_director":"","vid_m_actor":"","vid_m_imdb_ratings":"","video_series_group":""},"amazon_associates_settings":{"amazon_associates":"","amazon_native_ad":""},"vid_youtube_automatic_settings":{"vid_ya_youtube_source":"","vid_ya_update_every":"","vid_ya_update_unit":"","vid_ya_categories":"","vid_ya_published_after":"","vid_ya_published_before":"","vid_ya_playlists":"","vid_ya_channels":"","vid_ya_director":"","vid_ya_actor":"","vid_ya_author":"","vid_ya_import_post_date":"","vid_ya_status":"","vid_ya_sub_api_key":""},"vid_ads_m_videoads_settings_post":{"vid_ads_m_video_ads":"","vid_ads_m_video_ads_type":"","vid_ads_m_group_google_ima":"","vid_ads_m_group_image":"","vid_ads_m_group_html5_video":"","vid_ads_m_group_html":"","vid_ads_m_vast_preroll":"","vid_ads_m_vast_postroll":"","vid_ads_m_vast_pauseroll":"","vid_ads_m_vast_midroll":[{"vid_ads_m_vast_timer_seconds":"50"}],"vid_ads_m_time_to_show_ads":"","vid_ads_m_time_skip_ads":"","vid_ads_m_time_to_hide_ads":""},"page_slider_settings":{"display_slider_group":"","page_slider_group":""},"blog_page_settings":{"blog_page_title":"","blog_page_heading":"","blog_page_ic":"","blog_page_it":"","blog_page_ec":"","blog_page_ip":"","archive_loop_style":"","blog_image_ratio":"","blog_show_categories":"","blog_show_excerpt":"","blog_show_author":"","blog_show_date":"","blog_show_comment_count":"","blog_show_view_count":"","blog_show_like_count":"","blog_show_dislike_count":"","blog_items_per_page":"","blog_pag_type":""},"page_options":{"get_page_template":"","color_mode":"","main_layout":"","main_layout_full_with":"","main_logo":"","main_logo_retina":"","main_logo_mobile":"","main_logo_mobile_retina":"","sticky_logo":"","sticky_logo_retina":"","main_nav_layout":"","ajax_search":"","header_background":"","theme_sidebar":"","instagram_feed":"","instagram_feed_position":"","popular_videos":"","popular_videos_title_1":"","popular_videos_title_2":"","popular_videos_ic":"","popular_videos_it":"","theme_background":"","page_custom_css":""},"feature_image_settings":{"feature_image_position":""},"video_player_settings":{"single_video_style":"","video_player_position":"","vm_video_url":"https:\/\/youtu.be\/2TV2DHkdhQM","video_player_library":"","video_streaming":"","vm_media_sources":"","vid_auto_play":"","vm_video_shortcode":"","vid_p_sync_playlist":"","vid_c_sync_channel":"","get_post_format":"","multiple_links_structure":"default","multi_links_title":"","vm_video_multi_links":"","vm_duration":"","vid_social_locker":"off","vid_social_locker_id":"","vid_membership_action":"content-video","vm_video_trailer_url":"","vid_download_type":"free","vid_download_target":"download","vid_woo_product":"","vm_media_download":"","user_rating":"","user_rating_position":"","user_rating_mode":"","user_rating_multi_sets":""},"video_auto_fetch_settings":{"vm_video_fetch":"off"},"video_fake_views_likes":{"vm_fake_views":"","vm_fake_likes":"","vm_fake_dislikes":""},"gallery_settings":{"gallery_position":""},"quote_settings":{"quote_position":""},"post_options":{"main_layout":"","main_logo":"","main_logo_retina":"","main_logo_mobile":"","main_logo_mobile_retina":"","sticky_logo":"","sticky_logo_retina":"","main_nav_layout":"","header_background":"","theme_sidebar":"","single_post_comment_type":"","theme_background":""}},"_links":{"self":[{"href":"https:\/\/canal7slp.tv\/2019\/wp-json\/wp\/v2\/posts\/68044","targetHints":{"allow":["GET"]}}],"collection":[{"href":"https:\/\/canal7slp.tv\/2019\/wp-json\/wp\/v2\/posts"}],"about":[{"href":"https:\/\/canal7slp.tv\/2019\/wp-json\/wp\/v2\/types\/post"}],"author":[{"embeddable":true,"href":"https:\/\/canal7slp.tv\/2019\/wp-json\/wp\/v2\/users\/2"}],"replies":[{"embeddable":true,"href":"https:\/\/canal7slp.tv\/2019\/wp-json\/wp\/v2\/comments?post=68044"}],"version-history":[{"count":0,"href":"https:\/\/canal7slp.tv\/2019\/wp-json\/wp\/v2\/posts\/68044\/revisions"}],"wp:featuredmedia":[{"embeddable":true,"href":"https:\/\/canal7slp.tv\/2019\/wp-json\/wp\/v2\/media\/68047"}],"wp:attachment":[{"href":"https:\/\/canal7slp.tv\/2019\/wp-json\/wp\/v2\/media?parent=68044"}],"wp:term":[{"taxonomy":"category","embeddable":true,"href":"https:\/\/canal7slp.tv\/2019\/wp-json\/wp\/v2\/categories?post=68044"},{"taxonomy":"post_tag","embeddable":true,"href":"https:\/\/canal7slp.tv\/2019\/wp-json\/wp\/v2\/tags?post=68044"}],"curies":[{"name":"wp","href":"https:\/\/api.w.org\/{rel}","templated":true}]}}