{"id":6801,"date":"2019-06-04T18:00:28","date_gmt":"2019-06-04T23:00:28","guid":{"rendered":"https:\/\/canal7slp.tv\/2019\/?p=6801"},"modified":"2019-06-04T18:00:28","modified_gmt":"2019-06-04T23:00:28","slug":"fiscalia-obtiene-prision-preventiva-para-hombre-por-probable-secuestro","status":"publish","type":"post","link":"https:\/\/canal7slp.tv\/2019\/fiscalia-obtiene-prision-preventiva-para-hombre-por-probable-secuestro\/","title":{"rendered":"Fiscal\u00eda obtiene prisi\u00f3n preventiva para hombre por probable secuestro"},"content":{"rendered":"<p>\u2022 Hace unos d\u00edas la UECS lo detuvo en Durango por hechos en Santo Domingo SLP<\/p>\n<p>SLP. &#8211; A trav\u00e9s de los litigadores de la Unidad Especializada de Combate al Secuestro (UECS), la Fiscal\u00eda General del Estado de San Luis Potos\u00ed (FGESLP) logr\u00f3 la vinculaci\u00f3n a proceso de un sujeto por su probable responsabilidad en el delito de secuestro agravado.<\/p>\n<p>Luego de que concluy\u00f3 la duplicidad del t\u00e9rmino solicitada por la defensa, en la audiencia inicial el Juez de Control dict\u00f3 tambi\u00e9n la prisi\u00f3n preventiva oficiosa para Ulises \u201cN\u201d, de 25 a\u00f1os de edad, se\u00f1alando un plazo de 4 meses para el cierre de la investigaci\u00f3n complementaria.<\/p>\n<p>Fue el 26 de marzo del a\u00f1o en curso, cuando una mujer fue privada de su libertad en el municipio de Santo Domingo, por lo que el hijo de la v\u00edctima comenz\u00f3 a recibir llamadas de los presuntos secuestradores que le exig\u00edan una fuerte cantidad de dinero para liberar a su mam\u00e1.<\/p>\n<p>Al tener conocimiento, los agentes de la UECS le brindaron asesor\u00eda en manejo de crisis y negociaci\u00f3n, siendo el d\u00eda 8 de abril cuando se logr\u00f3 pactar una cantidad mucho menor para la liberaci\u00f3n de la v\u00edctima, la cual fue entregada en el estado de Zacatecas.<\/p>\n<p>Sin embargo, los sujetos nuevamente llamaron a los afectados y les pidieron otra cantidad de dinero, lo cual se llev\u00f3 a cabo el 15 de abril.<\/p>\n<p>Al continuar con la investigaci\u00f3n, se obtuvieron datos de prueba que fueron aportados a la carpeta respectiva, logrando adem\u00e1s identificar a uno de los presuntos implicados como Ulises \u201cN\u201d, quien hab\u00eda huido al Estado de Durango.<\/p>\n<p>Una vez que se obtuvo la orden de aprehensi\u00f3n, los agentes adscritos a la Unidad Especializada en Combate al Secuestro se trasladaron a esa entidad, logrando detener al presunto en la colonia Salvador Nava Mart\u00ednez en G\u00f3mez Palacio, iniciando as\u00ed su proceso legal.<\/p>\n<p>El imputado por el delito de secuestro agravado estar\u00e1 recluido en centro de reinserci\u00f3n social de Matehuala, mientras las partes involucradas presentas m\u00e1s pruebas a esta investigaci\u00f3n durante el plazo que fij\u00f3 el juez de control.<\/p>\n","protected":false},"excerpt":{"rendered":"<p>\u2022 Hace unos d\u00edas la UECS lo detuvo en Durango por hechos en Santo Domingo SLP SLP. &#8211; A trav\u00e9s de los litigadores de la Unidad Especializada de Combate al Secuestro (UECS), la Fiscal\u00eda General del Estado de San Luis Potos\u00ed (FGESLP) logr\u00f3 la vinculaci\u00f3n a proceso de un sujeto por su probable responsabilidad en [&hellip;]<\/p>\n","protected":false},"author":2,"featured_media":6802,"comment_status":"open","ping_status":"closed","sticky":false,"template":"","format":"standard","meta":{"footnotes":""},"categories":[29],"tags":[],"class_list":["post-6801","post","type-post","status-publish","format-standard","has-post-thumbnail","hentry","category-reporte7"],"yoast_head":"<!-- This site is optimized with the Yoast SEO plugin v27.5 - https:\/\/yoast.com\/product\/yoast-seo-wordpress\/ -->\n<title>Fiscal\u00eda obtiene prisi\u00f3n preventiva para hombre por probable secuestro - Canal 7 SLP - 2019<\/title>\n<meta name=\"robots\" content=\"index, follow, max-snippet:-1, max-image-preview:large, max-video-preview:-1\" \/>\n<link rel=\"canonical\" href=\"https:\/\/canal7slp.tv\/2019\/fiscalia-obtiene-prision-preventiva-para-hombre-por-probable-secuestro\/\" \/>\n<meta property=\"og:locale\" content=\"es_ES\" \/>\n<meta property=\"og:type\" content=\"article\" \/>\n<meta property=\"og:title\" content=\"Fiscal\u00eda obtiene prisi\u00f3n preventiva para hombre por probable secuestro - Canal 7 SLP - 2019\" \/>\n<meta property=\"og:description\" content=\"\u2022 Hace unos d\u00edas la UECS lo detuvo en Durango por hechos en Santo Domingo SLP SLP. &#8211; A trav\u00e9s de los litigadores de la Unidad Especializada de Combate al Secuestro (UECS), la Fiscal\u00eda General del Estado de San Luis Potos\u00ed (FGESLP) logr\u00f3 la vinculaci\u00f3n a proceso de un sujeto por su probable responsabilidad en [&hellip;]\" \/>\n<meta property=\"og:url\" content=\"https:\/\/canal7slp.tv\/2019\/fiscalia-obtiene-prision-preventiva-para-hombre-por-probable-secuestro\/\" \/>\n<meta property=\"og:site_name\" content=\"Canal 7 SLP - 2019\" \/>\n<meta property=\"article:publisher\" content=\"https:\/\/www.facebook.com\/CANAL7SLP\/\" \/>\n<meta property=\"article:published_time\" content=\"2019-06-04T23:00:28+00:00\" \/>\n<meta property=\"og:image\" content=\"https:\/\/canal7slp.tv\/2019\/wp-content\/uploads\/2019\/06\/seguridad1-3.jpg\" \/>\n\t<meta property=\"og:image:width\" content=\"447\" \/>\n\t<meta property=\"og:image:height\" content=\"558\" \/>\n\t<meta property=\"og:image:type\" content=\"image\/jpeg\" \/>\n<meta name=\"author\" content=\"edicionweb\" \/>\n<meta name=\"twitter:card\" content=\"summary_large_image\" \/>\n<meta name=\"twitter:creator\" content=\"@canal7_slp\" \/>\n<meta name=\"twitter:site\" content=\"@canal7_slp\" \/>\n<meta name=\"twitter:label1\" content=\"Escrito por\" \/>\n\t<meta name=\"twitter:data1\" content=\"edicionweb\" \/>\n\t<meta name=\"twitter:label2\" content=\"Tiempo de lectura\" \/>\n\t<meta name=\"twitter:data2\" content=\"2 minutos\" \/>\n<script type=\"application\/ld+json\" class=\"yoast-schema-graph\">{\"@context\":\"https:\\\/\\\/schema.org\",\"@graph\":[{\"@type\":\"Article\",\"@id\":\"https:\\\/\\\/canal7slp.tv\\\/2019\\\/fiscalia-obtiene-prision-preventiva-para-hombre-por-probable-secuestro\\\/#article\",\"isPartOf\":{\"@id\":\"https:\\\/\\\/canal7slp.tv\\\/2019\\\/fiscalia-obtiene-prision-preventiva-para-hombre-por-probable-secuestro\\\/\"},\"author\":{\"name\":\"edicionweb\",\"@id\":\"https:\\\/\\\/canal7slp.tv\\\/2019\\\/#\\\/schema\\\/person\\\/11d941c1c6ca30ac0a46b95fa37aa2e3\"},\"headline\":\"Fiscal\u00eda obtiene prisi\u00f3n preventiva para hombre por probable secuestro\",\"datePublished\":\"2019-06-04T23:00:28+00:00\",\"mainEntityOfPage\":{\"@id\":\"https:\\\/\\\/canal7slp.tv\\\/2019\\\/fiscalia-obtiene-prision-preventiva-para-hombre-por-probable-secuestro\\\/\"},\"wordCount\":378,\"commentCount\":0,\"publisher\":{\"@id\":\"https:\\\/\\\/canal7slp.tv\\\/2019\\\/#organization\"},\"image\":{\"@id\":\"https:\\\/\\\/canal7slp.tv\\\/2019\\\/fiscalia-obtiene-prision-preventiva-para-hombre-por-probable-secuestro\\\/#primaryimage\"},\"thumbnailUrl\":\"https:\\\/\\\/canal7slp.tv\\\/2019\\\/wp-content\\\/uploads\\\/2019\\\/06\\\/seguridad1-3.jpg\",\"articleSection\":[\"REPORTE 7\"],\"inLanguage\":\"es\",\"potentialAction\":[{\"@type\":\"CommentAction\",\"name\":\"Comment\",\"target\":[\"https:\\\/\\\/canal7slp.tv\\\/2019\\\/fiscalia-obtiene-prision-preventiva-para-hombre-por-probable-secuestro\\\/#respond\"]}]},{\"@type\":\"WebPage\",\"@id\":\"https:\\\/\\\/canal7slp.tv\\\/2019\\\/fiscalia-obtiene-prision-preventiva-para-hombre-por-probable-secuestro\\\/\",\"url\":\"https:\\\/\\\/canal7slp.tv\\\/2019\\\/fiscalia-obtiene-prision-preventiva-para-hombre-por-probable-secuestro\\\/\",\"name\":\"Fiscal\u00eda obtiene prisi\u00f3n preventiva para hombre por probable secuestro - Canal 7 SLP - 2019\",\"isPartOf\":{\"@id\":\"https:\\\/\\\/canal7slp.tv\\\/2019\\\/#website\"},\"primaryImageOfPage\":{\"@id\":\"https:\\\/\\\/canal7slp.tv\\\/2019\\\/fiscalia-obtiene-prision-preventiva-para-hombre-por-probable-secuestro\\\/#primaryimage\"},\"image\":{\"@id\":\"https:\\\/\\\/canal7slp.tv\\\/2019\\\/fiscalia-obtiene-prision-preventiva-para-hombre-por-probable-secuestro\\\/#primaryimage\"},\"thumbnailUrl\":\"https:\\\/\\\/canal7slp.tv\\\/2019\\\/wp-content\\\/uploads\\\/2019\\\/06\\\/seguridad1-3.jpg\",\"datePublished\":\"2019-06-04T23:00:28+00:00\",\"breadcrumb\":{\"@id\":\"https:\\\/\\\/canal7slp.tv\\\/2019\\\/fiscalia-obtiene-prision-preventiva-para-hombre-por-probable-secuestro\\\/#breadcrumb\"},\"inLanguage\":\"es\",\"potentialAction\":[{\"@type\":\"ReadAction\",\"target\":[\"https:\\\/\\\/canal7slp.tv\\\/2019\\\/fiscalia-obtiene-prision-preventiva-para-hombre-por-probable-secuestro\\\/\"]}]},{\"@type\":\"ImageObject\",\"inLanguage\":\"es\",\"@id\":\"https:\\\/\\\/canal7slp.tv\\\/2019\\\/fiscalia-obtiene-prision-preventiva-para-hombre-por-probable-secuestro\\\/#primaryimage\",\"url\":\"https:\\\/\\\/canal7slp.tv\\\/2019\\\/wp-content\\\/uploads\\\/2019\\\/06\\\/seguridad1-3.jpg\",\"contentUrl\":\"https:\\\/\\\/canal7slp.tv\\\/2019\\\/wp-content\\\/uploads\\\/2019\\\/06\\\/seguridad1-3.jpg\",\"width\":447,\"height\":558},{\"@type\":\"BreadcrumbList\",\"@id\":\"https:\\\/\\\/canal7slp.tv\\\/2019\\\/fiscalia-obtiene-prision-preventiva-para-hombre-por-probable-secuestro\\\/#breadcrumb\",\"itemListElement\":[{\"@type\":\"ListItem\",\"position\":1,\"name\":\"Home\",\"item\":\"https:\\\/\\\/canal7slp.tv\\\/2019\\\/\"},{\"@type\":\"ListItem\",\"position\":2,\"name\":\"Fiscal\u00eda obtiene prisi\u00f3n preventiva para hombre por probable secuestro\"}]},{\"@type\":\"WebSite\",\"@id\":\"https:\\\/\\\/canal7slp.tv\\\/2019\\\/#website\",\"url\":\"https:\\\/\\\/canal7slp.tv\\\/2019\\\/\",\"name\":\"Canal 7 SLP - Somos TV\",\"description\":\"Somos un Canal de 10\",\"publisher\":{\"@id\":\"https:\\\/\\\/canal7slp.tv\\\/2019\\\/#organization\"},\"potentialAction\":[{\"@type\":\"SearchAction\",\"target\":{\"@type\":\"EntryPoint\",\"urlTemplate\":\"https:\\\/\\\/canal7slp.tv\\\/2019\\\/?s={search_term_string}\"},\"query-input\":{\"@type\":\"PropertyValueSpecification\",\"valueRequired\":true,\"valueName\":\"search_term_string\"}}],\"inLanguage\":\"es\"},{\"@type\":\"Organization\",\"@id\":\"https:\\\/\\\/canal7slp.tv\\\/2019\\\/#organization\",\"name\":\"Comunicaci\u00f3n 2000 S.A. de C.V.\",\"url\":\"https:\\\/\\\/canal7slp.tv\\\/2019\\\/\",\"logo\":{\"@type\":\"ImageObject\",\"inLanguage\":\"es\",\"@id\":\"https:\\\/\\\/canal7slp.tv\\\/2019\\\/#\\\/schema\\\/logo\\\/image\\\/\",\"url\":\"https:\\\/\\\/canal7slp.tv\\\/2019\\\/wp-content\\\/uploads\\\/2019\\\/07\\\/logo-c7.png\",\"contentUrl\":\"https:\\\/\\\/canal7slp.tv\\\/2019\\\/wp-content\\\/uploads\\\/2019\\\/07\\\/logo-c7.png\",\"width\":220,\"height\":60,\"caption\":\"Comunicaci\u00f3n 2000 S.A. de C.V.\"},\"image\":{\"@id\":\"https:\\\/\\\/canal7slp.tv\\\/2019\\\/#\\\/schema\\\/logo\\\/image\\\/\"},\"sameAs\":[\"https:\\\/\\\/www.facebook.com\\\/CANAL7SLP\\\/\",\"https:\\\/\\\/x.com\\\/canal7_slp\",\"https:\\\/\\\/www.instagram.com\\\/canal7_slp\",\"https:\\\/\\\/www.youtube.com\\\/user\\\/NOTICIEROSCANAL7SLP\\\/\"]},{\"@type\":\"Person\",\"@id\":\"https:\\\/\\\/canal7slp.tv\\\/2019\\\/#\\\/schema\\\/person\\\/11d941c1c6ca30ac0a46b95fa37aa2e3\",\"name\":\"edicionweb\",\"image\":{\"@type\":\"ImageObject\",\"inLanguage\":\"es\",\"@id\":\"https:\\\/\\\/secure.gravatar.com\\\/avatar\\\/eee448fc3f7164808013b816ba91ac7e43bbe82a70bebac296f8bc6f0addaa1a?s=96&d=mm&r=g\",\"url\":\"https:\\\/\\\/secure.gravatar.com\\\/avatar\\\/eee448fc3f7164808013b816ba91ac7e43bbe82a70bebac296f8bc6f0addaa1a?s=96&d=mm&r=g\",\"contentUrl\":\"https:\\\/\\\/secure.gravatar.com\\\/avatar\\\/eee448fc3f7164808013b816ba91ac7e43bbe82a70bebac296f8bc6f0addaa1a?s=96&d=mm&r=g\",\"caption\":\"edicionweb\"}}]}<\/script>\n<!-- \/ Yoast SEO plugin. -->","yoast_head_json":{"title":"Fiscal\u00eda obtiene prisi\u00f3n preventiva para hombre por probable secuestro - Canal 7 SLP - 2019","robots":{"index":"index","follow":"follow","max-snippet":"max-snippet:-1","max-image-preview":"max-image-preview:large","max-video-preview":"max-video-preview:-1"},"canonical":"https:\/\/canal7slp.tv\/2019\/fiscalia-obtiene-prision-preventiva-para-hombre-por-probable-secuestro\/","og_locale":"es_ES","og_type":"article","og_title":"Fiscal\u00eda obtiene prisi\u00f3n preventiva para hombre por probable secuestro - Canal 7 SLP - 2019","og_description":"\u2022 Hace unos d\u00edas la UECS lo detuvo en Durango por hechos en Santo Domingo SLP SLP. &#8211; A trav\u00e9s de los litigadores de la Unidad Especializada de Combate al Secuestro (UECS), la Fiscal\u00eda General del Estado de San Luis Potos\u00ed (FGESLP) logr\u00f3 la vinculaci\u00f3n a proceso de un sujeto por su probable responsabilidad en [&hellip;]","og_url":"https:\/\/canal7slp.tv\/2019\/fiscalia-obtiene-prision-preventiva-para-hombre-por-probable-secuestro\/","og_site_name":"Canal 7 SLP - 2019","article_publisher":"https:\/\/www.facebook.com\/CANAL7SLP\/","article_published_time":"2019-06-04T23:00:28+00:00","og_image":[{"width":447,"height":558,"url":"https:\/\/canal7slp.tv\/2019\/wp-content\/uploads\/2019\/06\/seguridad1-3.jpg","type":"image\/jpeg"}],"author":"edicionweb","twitter_card":"summary_large_image","twitter_creator":"@canal7_slp","twitter_site":"@canal7_slp","twitter_misc":{"Escrito por":"edicionweb","Tiempo de lectura":"2 minutos"},"schema":{"@context":"https:\/\/schema.org","@graph":[{"@type":"Article","@id":"https:\/\/canal7slp.tv\/2019\/fiscalia-obtiene-prision-preventiva-para-hombre-por-probable-secuestro\/#article","isPartOf":{"@id":"https:\/\/canal7slp.tv\/2019\/fiscalia-obtiene-prision-preventiva-para-hombre-por-probable-secuestro\/"},"author":{"name":"edicionweb","@id":"https:\/\/canal7slp.tv\/2019\/#\/schema\/person\/11d941c1c6ca30ac0a46b95fa37aa2e3"},"headline":"Fiscal\u00eda obtiene prisi\u00f3n preventiva para hombre por probable secuestro","datePublished":"2019-06-04T23:00:28+00:00","mainEntityOfPage":{"@id":"https:\/\/canal7slp.tv\/2019\/fiscalia-obtiene-prision-preventiva-para-hombre-por-probable-secuestro\/"},"wordCount":378,"commentCount":0,"publisher":{"@id":"https:\/\/canal7slp.tv\/2019\/#organization"},"image":{"@id":"https:\/\/canal7slp.tv\/2019\/fiscalia-obtiene-prision-preventiva-para-hombre-por-probable-secuestro\/#primaryimage"},"thumbnailUrl":"https:\/\/canal7slp.tv\/2019\/wp-content\/uploads\/2019\/06\/seguridad1-3.jpg","articleSection":["REPORTE 7"],"inLanguage":"es","potentialAction":[{"@type":"CommentAction","name":"Comment","target":["https:\/\/canal7slp.tv\/2019\/fiscalia-obtiene-prision-preventiva-para-hombre-por-probable-secuestro\/#respond"]}]},{"@type":"WebPage","@id":"https:\/\/canal7slp.tv\/2019\/fiscalia-obtiene-prision-preventiva-para-hombre-por-probable-secuestro\/","url":"https:\/\/canal7slp.tv\/2019\/fiscalia-obtiene-prision-preventiva-para-hombre-por-probable-secuestro\/","name":"Fiscal\u00eda obtiene prisi\u00f3n preventiva para hombre por probable secuestro - Canal 7 SLP - 2019","isPartOf":{"@id":"https:\/\/canal7slp.tv\/2019\/#website"},"primaryImageOfPage":{"@id":"https:\/\/canal7slp.tv\/2019\/fiscalia-obtiene-prision-preventiva-para-hombre-por-probable-secuestro\/#primaryimage"},"image":{"@id":"https:\/\/canal7slp.tv\/2019\/fiscalia-obtiene-prision-preventiva-para-hombre-por-probable-secuestro\/#primaryimage"},"thumbnailUrl":"https:\/\/canal7slp.tv\/2019\/wp-content\/uploads\/2019\/06\/seguridad1-3.jpg","datePublished":"2019-06-04T23:00:28+00:00","breadcrumb":{"@id":"https:\/\/canal7slp.tv\/2019\/fiscalia-obtiene-prision-preventiva-para-hombre-por-probable-secuestro\/#breadcrumb"},"inLanguage":"es","potentialAction":[{"@type":"ReadAction","target":["https:\/\/canal7slp.tv\/2019\/fiscalia-obtiene-prision-preventiva-para-hombre-por-probable-secuestro\/"]}]},{"@type":"ImageObject","inLanguage":"es","@id":"https:\/\/canal7slp.tv\/2019\/fiscalia-obtiene-prision-preventiva-para-hombre-por-probable-secuestro\/#primaryimage","url":"https:\/\/canal7slp.tv\/2019\/wp-content\/uploads\/2019\/06\/seguridad1-3.jpg","contentUrl":"https:\/\/canal7slp.tv\/2019\/wp-content\/uploads\/2019\/06\/seguridad1-3.jpg","width":447,"height":558},{"@type":"BreadcrumbList","@id":"https:\/\/canal7slp.tv\/2019\/fiscalia-obtiene-prision-preventiva-para-hombre-por-probable-secuestro\/#breadcrumb","itemListElement":[{"@type":"ListItem","position":1,"name":"Home","item":"https:\/\/canal7slp.tv\/2019\/"},{"@type":"ListItem","position":2,"name":"Fiscal\u00eda obtiene prisi\u00f3n preventiva para hombre por probable secuestro"}]},{"@type":"WebSite","@id":"https:\/\/canal7slp.tv\/2019\/#website","url":"https:\/\/canal7slp.tv\/2019\/","name":"Canal 7 SLP - Somos TV","description":"Somos un Canal de 10","publisher":{"@id":"https:\/\/canal7slp.tv\/2019\/#organization"},"potentialAction":[{"@type":"SearchAction","target":{"@type":"EntryPoint","urlTemplate":"https:\/\/canal7slp.tv\/2019\/?s={search_term_string}"},"query-input":{"@type":"PropertyValueSpecification","valueRequired":true,"valueName":"search_term_string"}}],"inLanguage":"es"},{"@type":"Organization","@id":"https:\/\/canal7slp.tv\/2019\/#organization","name":"Comunicaci\u00f3n 2000 S.A. de C.V.","url":"https:\/\/canal7slp.tv\/2019\/","logo":{"@type":"ImageObject","inLanguage":"es","@id":"https:\/\/canal7slp.tv\/2019\/#\/schema\/logo\/image\/","url":"https:\/\/canal7slp.tv\/2019\/wp-content\/uploads\/2019\/07\/logo-c7.png","contentUrl":"https:\/\/canal7slp.tv\/2019\/wp-content\/uploads\/2019\/07\/logo-c7.png","width":220,"height":60,"caption":"Comunicaci\u00f3n 2000 S.A. de C.V."},"image":{"@id":"https:\/\/canal7slp.tv\/2019\/#\/schema\/logo\/image\/"},"sameAs":["https:\/\/www.facebook.com\/CANAL7SLP\/","https:\/\/x.com\/canal7_slp","https:\/\/www.instagram.com\/canal7_slp","https:\/\/www.youtube.com\/user\/NOTICIEROSCANAL7SLP\/"]},{"@type":"Person","@id":"https:\/\/canal7slp.tv\/2019\/#\/schema\/person\/11d941c1c6ca30ac0a46b95fa37aa2e3","name":"edicionweb","image":{"@type":"ImageObject","inLanguage":"es","@id":"https:\/\/secure.gravatar.com\/avatar\/eee448fc3f7164808013b816ba91ac7e43bbe82a70bebac296f8bc6f0addaa1a?s=96&d=mm&r=g","url":"https:\/\/secure.gravatar.com\/avatar\/eee448fc3f7164808013b816ba91ac7e43bbe82a70bebac296f8bc6f0addaa1a?s=96&d=mm&r=g","contentUrl":"https:\/\/secure.gravatar.com\/avatar\/eee448fc3f7164808013b816ba91ac7e43bbe82a70bebac296f8bc6f0addaa1a?s=96&d=mm&r=g","caption":"edicionweb"}}]}},"amp_enabled":true,"cmb2":{"video_ids_in_playlist":{"vid_p_videos":""},"video_ids_in_channel":{"vid_c_videos":""},"playlist_ids_in_channel":{"vid_c_playlists":""},"series_ids_in_channel":{"vid_c_series":""},"channel_images":{"vid_c_logo":"","vid_c_banner":""},"poster_feature_image":{"vid_m_poster_image":""},"gif_feature_image":{"vid_m_gif_image":""},"video_movie_settings":{"vid_m_director":"","vid_m_actor":"","vid_m_imdb_ratings":"","vid_m_amazon_associates":""},"vid_youtube_broadcasts_settings":{"vid_yb_broadcast_title":"","vid_yb_q":"","vid_yb_channelid":"","vid_yb_videocategoryid":"","vid_yb_maxresults":"","vid_yb_order":"","vid_yb_regioncode":"","vid_yb_videosyndicated":"","vid_yb_style":"","vid_yb_reload_first":""},"video_series_settings":{"vid_m_director":"","vid_m_actor":"","vid_m_imdb_ratings":"","video_series_group":""},"amazon_associates_settings":{"amazon_associates":"","amazon_native_ad":""},"vid_youtube_automatic_settings":{"vid_ya_youtube_source":"","vid_ya_update_every":"","vid_ya_update_unit":"","vid_ya_categories":"","vid_ya_published_after":"","vid_ya_published_before":"","vid_ya_playlists":"","vid_ya_channels":"","vid_ya_director":"","vid_ya_actor":"","vid_ya_author":"","vid_ya_import_post_date":"","vid_ya_status":"","vid_ya_sub_api_key":""},"vid_ads_m_videoads_settings_post":{"vid_ads_m_video_ads":"","vid_ads_m_video_ads_type":"","vid_ads_m_group_google_ima":"","vid_ads_m_group_image":"","vid_ads_m_group_html5_video":"","vid_ads_m_group_html":"","vid_ads_m_vast_preroll":"","vid_ads_m_vast_postroll":"","vid_ads_m_vast_pauseroll":"","vid_ads_m_vast_midroll":[{"vid_ads_m_vast_timer_seconds":"50"}],"vid_ads_m_time_to_show_ads":"","vid_ads_m_time_skip_ads":"","vid_ads_m_time_to_hide_ads":""},"page_slider_settings":{"display_slider_group":"","page_slider_group":""},"blog_page_settings":{"blog_page_title":"","blog_page_heading":"","blog_page_ic":"","blog_page_it":"","blog_page_ec":"","blog_page_ip":"","archive_loop_style":"","blog_image_ratio":"","blog_show_categories":"","blog_show_excerpt":"","blog_show_author":"","blog_show_date":"","blog_show_comment_count":"","blog_show_view_count":"","blog_show_like_count":"","blog_show_dislike_count":"","blog_items_per_page":"","blog_pag_type":""},"page_options":{"get_page_template":"","color_mode":"","main_layout":"","main_layout_full_with":"","main_logo":"","main_logo_retina":"","main_logo_mobile":"","main_logo_mobile_retina":"","sticky_logo":"","sticky_logo_retina":"","main_nav_layout":"","ajax_search":"","header_background":"","theme_sidebar":"","instagram_feed":"","instagram_feed_position":"","popular_videos":"","popular_videos_title_1":"","popular_videos_title_2":"","popular_videos_ic":"","popular_videos_it":"","theme_background":"","page_custom_css":""},"feature_image_settings":{"feature_image_position":""},"video_player_settings":{"single_video_style":"","video_player_position":"","vm_video_url":"","video_player_library":"","video_streaming":"","vm_media_sources":"","vid_auto_play":"","vm_video_shortcode":"","vid_p_sync_playlist":"","vid_c_sync_channel":"","get_post_format":"","multiple_links_structure":"default","multi_links_title":"","vm_video_multi_links":"","vm_duration":"","vid_social_locker":"off","vid_social_locker_id":"","vid_membership_action":"content-video","vm_video_trailer_url":"","vid_download_type":"free","vid_download_target":"download","vid_woo_product":"","vm_media_download":"","user_rating":"","user_rating_position":"","user_rating_mode":"","user_rating_multi_sets":""},"video_auto_fetch_settings":{"vm_video_fetch":"on"},"video_fake_views_likes":{"vm_fake_views":"","vm_fake_likes":"","vm_fake_dislikes":""},"gallery_settings":{"gallery_position":""},"quote_settings":{"quote_position":""},"post_options":{"main_layout":"","main_logo":"","main_logo_retina":"","main_logo_mobile":"","main_logo_mobile_retina":"","sticky_logo":"","sticky_logo_retina":"","main_nav_layout":"","header_background":"","theme_sidebar":"","single_post_comment_type":"","theme_background":""}},"_links":{"self":[{"href":"https:\/\/canal7slp.tv\/2019\/wp-json\/wp\/v2\/posts\/6801","targetHints":{"allow":["GET"]}}],"collection":[{"href":"https:\/\/canal7slp.tv\/2019\/wp-json\/wp\/v2\/posts"}],"about":[{"href":"https:\/\/canal7slp.tv\/2019\/wp-json\/wp\/v2\/types\/post"}],"author":[{"embeddable":true,"href":"https:\/\/canal7slp.tv\/2019\/wp-json\/wp\/v2\/users\/2"}],"replies":[{"embeddable":true,"href":"https:\/\/canal7slp.tv\/2019\/wp-json\/wp\/v2\/comments?post=6801"}],"version-history":[{"count":0,"href":"https:\/\/canal7slp.tv\/2019\/wp-json\/wp\/v2\/posts\/6801\/revisions"}],"wp:featuredmedia":[{"embeddable":true,"href":"https:\/\/canal7slp.tv\/2019\/wp-json\/wp\/v2\/media\/6802"}],"wp:attachment":[{"href":"https:\/\/canal7slp.tv\/2019\/wp-json\/wp\/v2\/media?parent=6801"}],"wp:term":[{"taxonomy":"category","embeddable":true,"href":"https:\/\/canal7slp.tv\/2019\/wp-json\/wp\/v2\/categories?post=6801"},{"taxonomy":"post_tag","embeddable":true,"href":"https:\/\/canal7slp.tv\/2019\/wp-json\/wp\/v2\/tags?post=6801"}],"curies":[{"name":"wp","href":"https:\/\/api.w.org\/{rel}","templated":true}]}}