{"id":67259,"date":"2019-09-16T09:46:34","date_gmt":"2019-09-16T14:46:34","guid":{"rendered":"https:\/\/canal7slp.tv\/2019\/?p=67259"},"modified":"2019-09-16T11:32:16","modified_gmt":"2019-09-16T16:32:16","slug":"cristiano-ronaldo-rompe-en-llanto-en-plena-entrevista-debido-a-su-padre","status":"publish","type":"post","link":"https:\/\/canal7slp.tv\/2019\/cristiano-ronaldo-rompe-en-llanto-en-plena-entrevista-debido-a-su-padre\/","title":{"rendered":"Cristiano Ronaldo rompe en llanto en plena entrevista debido a su padre"},"content":{"rendered":"<ul>\n<li style=\"text-align: justify\">Cristiano Ronaldo rompi\u00f3 en llanto durante una entrevista con Piers Morgan al escuchar las palabras pronunciadas por su padre en un video<\/li>\n<\/ul>\n<p style=\"text-align: justify\">Londres, Inglaterra.- La estrella del futbol Cristiano Ronaldo rompi\u00f3 en llanto durante una entrevista al ver un video en el que su padre dice lo orgulloso que est\u00e1 de sus logros como atleta.<\/p>\n<p style=\"text-align: justify\">El jugador de la Juventus observ\u00f3 un clip en el que su fallecido pap\u00e1, Jose Dinis Aveiro, habla sobre su hijo antes de la celebraci\u00f3n de la Eurocopa 2004, la cual tom\u00f3 lugar en Portugal.<\/p>\n<p style=\"text-align: justify\">Jose Dinis Aveiro, un hombre que fue alcoh\u00f3lico y soldado, morir\u00eda un a\u00f1o despu\u00e9s de insuficiencia hep\u00e1tica a la edad de 52 a\u00f1os, perdi\u00e9ndose much\u00edsimos de los \u00e9xitos de su hijo y el nacimiento de sus cuatro nietos.<\/p>\n<p style=\"text-align: justify\">Nunca vi ese video. Incre\u00edble&#8221;, expuso entre l\u00e1grimas Cristiano Ronaldo durante su entrevista con Piers Morgan, para Good Morning Britain.<\/p>\n<p style=\"text-align: justify\">Pens\u00e9 que la entrevista ser\u00eda divertida, pero no esperaba llorar. Pero nunca vi estas im\u00e1genes. No s\u00e9 de d\u00f3nde ustedes\u2026 Tengo que tener esas im\u00e1genes para mostr\u00e1rselas a mi familia&#8221;, comparti\u00f3 el futbolista.<br \/>\nEl exjugador del Real Madrid tambi\u00e9n hizo comentarios sobre lo dif\u00edcil que fue nunca haber conocido realmente a su padre.<\/p>\n<p style=\"text-align: justify\">Realmente no conozco a mi padre al 100 por ciento. \u00c9l era alcoh\u00f3lico. Nunca habl\u00e9 con \u00e9l, como en una conversaci\u00f3n normal. Fue dif\u00edcil&#8221;, reportan diarios brit\u00e1nicos que extern\u00f3 Ronaldo.<\/p>\n<p style=\"text-align: justify\">Cristiano Ronaldo ten\u00eda solo 20 a\u00f1os de edad cuando su padre muri\u00f3, por lo que no pudo ver c\u00f3mo su hijo se llev\u00f3 cinco Champions League, gan\u00f3 cinco balones de oro, entre otros \u00e9xitos alcanzados.<\/p>\n<p style=\"text-align: justify\">El futbolista dijo que su padre fue afectado por las guerras en Mozambique y Angola.<\/p>\n<p style=\"text-align: justify\">Ser el n\u00famero uno y que \u00e9l no ve nada, que \u00e9l no me veo recibir premios, en lo que me he convertido. Mi familia los ve, mi madre, mis hermanos, incluso mi hijo, pero mi padre, \u00e9l no vio nada y eso fue\u2026 \u00e9l muri\u00f3 muy joven\u201d, informan que coment\u00f3 la estrella de la Juventus.<\/p>\n","protected":false},"excerpt":{"rendered":"<p>Cristiano Ronaldo rompi\u00f3 en llanto durante una entrevista con Piers Morgan al escuchar las palabras pronunciadas por su padre en un video Londres, Inglaterra.- La estrella del futbol Cristiano Ronaldo rompi\u00f3 en llanto durante una entrevista al ver un video en el que su padre dice lo orgulloso que est\u00e1 de sus logros como atleta. [&hellip;]<\/p>\n","protected":false},"author":2,"featured_media":67260,"comment_status":"open","ping_status":"open","sticky":false,"template":"","format":"standard","meta":{"footnotes":""},"categories":[96],"tags":[],"class_list":["post-67259","post","type-post","status-publish","format-standard","has-post-thumbnail","hentry","category-deportes"],"yoast_head":"<!-- This site is optimized with the Yoast SEO plugin v27.5 - https:\/\/yoast.com\/product\/yoast-seo-wordpress\/ -->\n<title>Cristiano Ronaldo rompe en llanto en plena entrevista debido a su padre - Canal 7 SLP - 2019<\/title>\n<meta name=\"robots\" content=\"index, follow, max-snippet:-1, max-image-preview:large, max-video-preview:-1\" \/>\n<link rel=\"canonical\" href=\"https:\/\/canal7slp.tv\/2019\/cristiano-ronaldo-rompe-en-llanto-en-plena-entrevista-debido-a-su-padre\/\" \/>\n<meta property=\"og:locale\" content=\"es_ES\" \/>\n<meta property=\"og:type\" content=\"article\" \/>\n<meta property=\"og:title\" content=\"Cristiano Ronaldo rompe en llanto en plena entrevista debido a su padre - Canal 7 SLP - 2019\" \/>\n<meta property=\"og:description\" content=\"Cristiano Ronaldo rompi\u00f3 en llanto durante una entrevista con Piers Morgan al escuchar las palabras pronunciadas por su padre en un video Londres, Inglaterra.- La estrella del futbol Cristiano Ronaldo rompi\u00f3 en llanto durante una entrevista al ver un video en el que su padre dice lo orgulloso que est\u00e1 de sus logros como atleta. [&hellip;]\" \/>\n<meta property=\"og:url\" content=\"https:\/\/canal7slp.tv\/2019\/cristiano-ronaldo-rompe-en-llanto-en-plena-entrevista-debido-a-su-padre\/\" \/>\n<meta property=\"og:site_name\" content=\"Canal 7 SLP - 2019\" \/>\n<meta property=\"article:publisher\" content=\"https:\/\/www.facebook.com\/CANAL7SLP\/\" \/>\n<meta property=\"article:published_time\" content=\"2019-09-16T14:46:34+00:00\" \/>\n<meta property=\"article:modified_time\" content=\"2019-09-16T16:32:16+00:00\" \/>\n<meta property=\"og:image\" content=\"https:\/\/canal7slp.tv\/2019\/wp-content\/uploads\/2019\/09\/1115-15.jpg\" \/>\n\t<meta property=\"og:image:width\" content=\"659\" \/>\n\t<meta property=\"og:image:height\" content=\"410\" \/>\n\t<meta property=\"og:image:type\" content=\"image\/jpeg\" \/>\n<meta name=\"author\" content=\"edicionweb\" \/>\n<meta name=\"twitter:card\" content=\"summary_large_image\" \/>\n<meta name=\"twitter:creator\" content=\"@canal7_slp\" \/>\n<meta name=\"twitter:site\" content=\"@canal7_slp\" \/>\n<meta name=\"twitter:label1\" content=\"Escrito por\" \/>\n\t<meta name=\"twitter:data1\" content=\"edicionweb\" \/>\n\t<meta name=\"twitter:label2\" content=\"Tiempo de lectura\" \/>\n\t<meta name=\"twitter:data2\" content=\"2 minutos\" \/>\n<script type=\"application\/ld+json\" class=\"yoast-schema-graph\">{\"@context\":\"https:\\\/\\\/schema.org\",\"@graph\":[{\"@type\":\"Article\",\"@id\":\"https:\\\/\\\/canal7slp.tv\\\/2019\\\/cristiano-ronaldo-rompe-en-llanto-en-plena-entrevista-debido-a-su-padre\\\/#article\",\"isPartOf\":{\"@id\":\"https:\\\/\\\/canal7slp.tv\\\/2019\\\/cristiano-ronaldo-rompe-en-llanto-en-plena-entrevista-debido-a-su-padre\\\/\"},\"author\":{\"name\":\"edicionweb\",\"@id\":\"https:\\\/\\\/canal7slp.tv\\\/2019\\\/#\\\/schema\\\/person\\\/11d941c1c6ca30ac0a46b95fa37aa2e3\"},\"headline\":\"Cristiano Ronaldo rompe en llanto en plena entrevista debido a su padre\",\"datePublished\":\"2019-09-16T14:46:34+00:00\",\"dateModified\":\"2019-09-16T16:32:16+00:00\",\"mainEntityOfPage\":{\"@id\":\"https:\\\/\\\/canal7slp.tv\\\/2019\\\/cristiano-ronaldo-rompe-en-llanto-en-plena-entrevista-debido-a-su-padre\\\/\"},\"wordCount\":372,\"commentCount\":0,\"publisher\":{\"@id\":\"https:\\\/\\\/canal7slp.tv\\\/2019\\\/#organization\"},\"image\":{\"@id\":\"https:\\\/\\\/canal7slp.tv\\\/2019\\\/cristiano-ronaldo-rompe-en-llanto-en-plena-entrevista-debido-a-su-padre\\\/#primaryimage\"},\"thumbnailUrl\":\"https:\\\/\\\/canal7slp.tv\\\/2019\\\/wp-content\\\/uploads\\\/2019\\\/09\\\/1115-15.jpg\",\"articleSection\":[\"DEPORTES\"],\"inLanguage\":\"es\",\"potentialAction\":[{\"@type\":\"CommentAction\",\"name\":\"Comment\",\"target\":[\"https:\\\/\\\/canal7slp.tv\\\/2019\\\/cristiano-ronaldo-rompe-en-llanto-en-plena-entrevista-debido-a-su-padre\\\/#respond\"]}]},{\"@type\":\"WebPage\",\"@id\":\"https:\\\/\\\/canal7slp.tv\\\/2019\\\/cristiano-ronaldo-rompe-en-llanto-en-plena-entrevista-debido-a-su-padre\\\/\",\"url\":\"https:\\\/\\\/canal7slp.tv\\\/2019\\\/cristiano-ronaldo-rompe-en-llanto-en-plena-entrevista-debido-a-su-padre\\\/\",\"name\":\"Cristiano Ronaldo rompe en llanto en plena entrevista debido a su padre - Canal 7 SLP - 2019\",\"isPartOf\":{\"@id\":\"https:\\\/\\\/canal7slp.tv\\\/2019\\\/#website\"},\"primaryImageOfPage\":{\"@id\":\"https:\\\/\\\/canal7slp.tv\\\/2019\\\/cristiano-ronaldo-rompe-en-llanto-en-plena-entrevista-debido-a-su-padre\\\/#primaryimage\"},\"image\":{\"@id\":\"https:\\\/\\\/canal7slp.tv\\\/2019\\\/cristiano-ronaldo-rompe-en-llanto-en-plena-entrevista-debido-a-su-padre\\\/#primaryimage\"},\"thumbnailUrl\":\"https:\\\/\\\/canal7slp.tv\\\/2019\\\/wp-content\\\/uploads\\\/2019\\\/09\\\/1115-15.jpg\",\"datePublished\":\"2019-09-16T14:46:34+00:00\",\"dateModified\":\"2019-09-16T16:32:16+00:00\",\"breadcrumb\":{\"@id\":\"https:\\\/\\\/canal7slp.tv\\\/2019\\\/cristiano-ronaldo-rompe-en-llanto-en-plena-entrevista-debido-a-su-padre\\\/#breadcrumb\"},\"inLanguage\":\"es\",\"potentialAction\":[{\"@type\":\"ReadAction\",\"target\":[\"https:\\\/\\\/canal7slp.tv\\\/2019\\\/cristiano-ronaldo-rompe-en-llanto-en-plena-entrevista-debido-a-su-padre\\\/\"]}]},{\"@type\":\"ImageObject\",\"inLanguage\":\"es\",\"@id\":\"https:\\\/\\\/canal7slp.tv\\\/2019\\\/cristiano-ronaldo-rompe-en-llanto-en-plena-entrevista-debido-a-su-padre\\\/#primaryimage\",\"url\":\"https:\\\/\\\/canal7slp.tv\\\/2019\\\/wp-content\\\/uploads\\\/2019\\\/09\\\/1115-15.jpg\",\"contentUrl\":\"https:\\\/\\\/canal7slp.tv\\\/2019\\\/wp-content\\\/uploads\\\/2019\\\/09\\\/1115-15.jpg\",\"width\":659,\"height\":410},{\"@type\":\"BreadcrumbList\",\"@id\":\"https:\\\/\\\/canal7slp.tv\\\/2019\\\/cristiano-ronaldo-rompe-en-llanto-en-plena-entrevista-debido-a-su-padre\\\/#breadcrumb\",\"itemListElement\":[{\"@type\":\"ListItem\",\"position\":1,\"name\":\"Home\",\"item\":\"https:\\\/\\\/canal7slp.tv\\\/2019\\\/\"},{\"@type\":\"ListItem\",\"position\":2,\"name\":\"Cristiano Ronaldo rompe en llanto en plena entrevista debido a su padre\"}]},{\"@type\":\"WebSite\",\"@id\":\"https:\\\/\\\/canal7slp.tv\\\/2019\\\/#website\",\"url\":\"https:\\\/\\\/canal7slp.tv\\\/2019\\\/\",\"name\":\"Canal 7 SLP - Somos TV\",\"description\":\"Somos un Canal de 10\",\"publisher\":{\"@id\":\"https:\\\/\\\/canal7slp.tv\\\/2019\\\/#organization\"},\"potentialAction\":[{\"@type\":\"SearchAction\",\"target\":{\"@type\":\"EntryPoint\",\"urlTemplate\":\"https:\\\/\\\/canal7slp.tv\\\/2019\\\/?s={search_term_string}\"},\"query-input\":{\"@type\":\"PropertyValueSpecification\",\"valueRequired\":true,\"valueName\":\"search_term_string\"}}],\"inLanguage\":\"es\"},{\"@type\":\"Organization\",\"@id\":\"https:\\\/\\\/canal7slp.tv\\\/2019\\\/#organization\",\"name\":\"Comunicaci\u00f3n 2000 S.A. de C.V.\",\"url\":\"https:\\\/\\\/canal7slp.tv\\\/2019\\\/\",\"logo\":{\"@type\":\"ImageObject\",\"inLanguage\":\"es\",\"@id\":\"https:\\\/\\\/canal7slp.tv\\\/2019\\\/#\\\/schema\\\/logo\\\/image\\\/\",\"url\":\"https:\\\/\\\/canal7slp.tv\\\/2019\\\/wp-content\\\/uploads\\\/2019\\\/07\\\/logo-c7.png\",\"contentUrl\":\"https:\\\/\\\/canal7slp.tv\\\/2019\\\/wp-content\\\/uploads\\\/2019\\\/07\\\/logo-c7.png\",\"width\":220,\"height\":60,\"caption\":\"Comunicaci\u00f3n 2000 S.A. de C.V.\"},\"image\":{\"@id\":\"https:\\\/\\\/canal7slp.tv\\\/2019\\\/#\\\/schema\\\/logo\\\/image\\\/\"},\"sameAs\":[\"https:\\\/\\\/www.facebook.com\\\/CANAL7SLP\\\/\",\"https:\\\/\\\/x.com\\\/canal7_slp\",\"https:\\\/\\\/www.instagram.com\\\/canal7_slp\",\"https:\\\/\\\/www.youtube.com\\\/user\\\/NOTICIEROSCANAL7SLP\\\/\"]},{\"@type\":\"Person\",\"@id\":\"https:\\\/\\\/canal7slp.tv\\\/2019\\\/#\\\/schema\\\/person\\\/11d941c1c6ca30ac0a46b95fa37aa2e3\",\"name\":\"edicionweb\",\"image\":{\"@type\":\"ImageObject\",\"inLanguage\":\"es\",\"@id\":\"https:\\\/\\\/secure.gravatar.com\\\/avatar\\\/eee448fc3f7164808013b816ba91ac7e43bbe82a70bebac296f8bc6f0addaa1a?s=96&d=mm&r=g\",\"url\":\"https:\\\/\\\/secure.gravatar.com\\\/avatar\\\/eee448fc3f7164808013b816ba91ac7e43bbe82a70bebac296f8bc6f0addaa1a?s=96&d=mm&r=g\",\"contentUrl\":\"https:\\\/\\\/secure.gravatar.com\\\/avatar\\\/eee448fc3f7164808013b816ba91ac7e43bbe82a70bebac296f8bc6f0addaa1a?s=96&d=mm&r=g\",\"caption\":\"edicionweb\"}}]}<\/script>\n<!-- \/ Yoast SEO plugin. -->","yoast_head_json":{"title":"Cristiano Ronaldo rompe en llanto en plena entrevista debido a su padre - Canal 7 SLP - 2019","robots":{"index":"index","follow":"follow","max-snippet":"max-snippet:-1","max-image-preview":"max-image-preview:large","max-video-preview":"max-video-preview:-1"},"canonical":"https:\/\/canal7slp.tv\/2019\/cristiano-ronaldo-rompe-en-llanto-en-plena-entrevista-debido-a-su-padre\/","og_locale":"es_ES","og_type":"article","og_title":"Cristiano Ronaldo rompe en llanto en plena entrevista debido a su padre - Canal 7 SLP - 2019","og_description":"Cristiano Ronaldo rompi\u00f3 en llanto durante una entrevista con Piers Morgan al escuchar las palabras pronunciadas por su padre en un video Londres, Inglaterra.- La estrella del futbol Cristiano Ronaldo rompi\u00f3 en llanto durante una entrevista al ver un video en el que su padre dice lo orgulloso que est\u00e1 de sus logros como atleta. [&hellip;]","og_url":"https:\/\/canal7slp.tv\/2019\/cristiano-ronaldo-rompe-en-llanto-en-plena-entrevista-debido-a-su-padre\/","og_site_name":"Canal 7 SLP - 2019","article_publisher":"https:\/\/www.facebook.com\/CANAL7SLP\/","article_published_time":"2019-09-16T14:46:34+00:00","article_modified_time":"2019-09-16T16:32:16+00:00","og_image":[{"width":659,"height":410,"url":"https:\/\/canal7slp.tv\/2019\/wp-content\/uploads\/2019\/09\/1115-15.jpg","type":"image\/jpeg"}],"author":"edicionweb","twitter_card":"summary_large_image","twitter_creator":"@canal7_slp","twitter_site":"@canal7_slp","twitter_misc":{"Escrito por":"edicionweb","Tiempo de lectura":"2 minutos"},"schema":{"@context":"https:\/\/schema.org","@graph":[{"@type":"Article","@id":"https:\/\/canal7slp.tv\/2019\/cristiano-ronaldo-rompe-en-llanto-en-plena-entrevista-debido-a-su-padre\/#article","isPartOf":{"@id":"https:\/\/canal7slp.tv\/2019\/cristiano-ronaldo-rompe-en-llanto-en-plena-entrevista-debido-a-su-padre\/"},"author":{"name":"edicionweb","@id":"https:\/\/canal7slp.tv\/2019\/#\/schema\/person\/11d941c1c6ca30ac0a46b95fa37aa2e3"},"headline":"Cristiano Ronaldo rompe en llanto en plena entrevista debido a su padre","datePublished":"2019-09-16T14:46:34+00:00","dateModified":"2019-09-16T16:32:16+00:00","mainEntityOfPage":{"@id":"https:\/\/canal7slp.tv\/2019\/cristiano-ronaldo-rompe-en-llanto-en-plena-entrevista-debido-a-su-padre\/"},"wordCount":372,"commentCount":0,"publisher":{"@id":"https:\/\/canal7slp.tv\/2019\/#organization"},"image":{"@id":"https:\/\/canal7slp.tv\/2019\/cristiano-ronaldo-rompe-en-llanto-en-plena-entrevista-debido-a-su-padre\/#primaryimage"},"thumbnailUrl":"https:\/\/canal7slp.tv\/2019\/wp-content\/uploads\/2019\/09\/1115-15.jpg","articleSection":["DEPORTES"],"inLanguage":"es","potentialAction":[{"@type":"CommentAction","name":"Comment","target":["https:\/\/canal7slp.tv\/2019\/cristiano-ronaldo-rompe-en-llanto-en-plena-entrevista-debido-a-su-padre\/#respond"]}]},{"@type":"WebPage","@id":"https:\/\/canal7slp.tv\/2019\/cristiano-ronaldo-rompe-en-llanto-en-plena-entrevista-debido-a-su-padre\/","url":"https:\/\/canal7slp.tv\/2019\/cristiano-ronaldo-rompe-en-llanto-en-plena-entrevista-debido-a-su-padre\/","name":"Cristiano Ronaldo rompe en llanto en plena entrevista debido a su padre - Canal 7 SLP - 2019","isPartOf":{"@id":"https:\/\/canal7slp.tv\/2019\/#website"},"primaryImageOfPage":{"@id":"https:\/\/canal7slp.tv\/2019\/cristiano-ronaldo-rompe-en-llanto-en-plena-entrevista-debido-a-su-padre\/#primaryimage"},"image":{"@id":"https:\/\/canal7slp.tv\/2019\/cristiano-ronaldo-rompe-en-llanto-en-plena-entrevista-debido-a-su-padre\/#primaryimage"},"thumbnailUrl":"https:\/\/canal7slp.tv\/2019\/wp-content\/uploads\/2019\/09\/1115-15.jpg","datePublished":"2019-09-16T14:46:34+00:00","dateModified":"2019-09-16T16:32:16+00:00","breadcrumb":{"@id":"https:\/\/canal7slp.tv\/2019\/cristiano-ronaldo-rompe-en-llanto-en-plena-entrevista-debido-a-su-padre\/#breadcrumb"},"inLanguage":"es","potentialAction":[{"@type":"ReadAction","target":["https:\/\/canal7slp.tv\/2019\/cristiano-ronaldo-rompe-en-llanto-en-plena-entrevista-debido-a-su-padre\/"]}]},{"@type":"ImageObject","inLanguage":"es","@id":"https:\/\/canal7slp.tv\/2019\/cristiano-ronaldo-rompe-en-llanto-en-plena-entrevista-debido-a-su-padre\/#primaryimage","url":"https:\/\/canal7slp.tv\/2019\/wp-content\/uploads\/2019\/09\/1115-15.jpg","contentUrl":"https:\/\/canal7slp.tv\/2019\/wp-content\/uploads\/2019\/09\/1115-15.jpg","width":659,"height":410},{"@type":"BreadcrumbList","@id":"https:\/\/canal7slp.tv\/2019\/cristiano-ronaldo-rompe-en-llanto-en-plena-entrevista-debido-a-su-padre\/#breadcrumb","itemListElement":[{"@type":"ListItem","position":1,"name":"Home","item":"https:\/\/canal7slp.tv\/2019\/"},{"@type":"ListItem","position":2,"name":"Cristiano Ronaldo rompe en llanto en plena entrevista debido a su padre"}]},{"@type":"WebSite","@id":"https:\/\/canal7slp.tv\/2019\/#website","url":"https:\/\/canal7slp.tv\/2019\/","name":"Canal 7 SLP - Somos TV","description":"Somos un Canal de 10","publisher":{"@id":"https:\/\/canal7slp.tv\/2019\/#organization"},"potentialAction":[{"@type":"SearchAction","target":{"@type":"EntryPoint","urlTemplate":"https:\/\/canal7slp.tv\/2019\/?s={search_term_string}"},"query-input":{"@type":"PropertyValueSpecification","valueRequired":true,"valueName":"search_term_string"}}],"inLanguage":"es"},{"@type":"Organization","@id":"https:\/\/canal7slp.tv\/2019\/#organization","name":"Comunicaci\u00f3n 2000 S.A. de C.V.","url":"https:\/\/canal7slp.tv\/2019\/","logo":{"@type":"ImageObject","inLanguage":"es","@id":"https:\/\/canal7slp.tv\/2019\/#\/schema\/logo\/image\/","url":"https:\/\/canal7slp.tv\/2019\/wp-content\/uploads\/2019\/07\/logo-c7.png","contentUrl":"https:\/\/canal7slp.tv\/2019\/wp-content\/uploads\/2019\/07\/logo-c7.png","width":220,"height":60,"caption":"Comunicaci\u00f3n 2000 S.A. de C.V."},"image":{"@id":"https:\/\/canal7slp.tv\/2019\/#\/schema\/logo\/image\/"},"sameAs":["https:\/\/www.facebook.com\/CANAL7SLP\/","https:\/\/x.com\/canal7_slp","https:\/\/www.instagram.com\/canal7_slp","https:\/\/www.youtube.com\/user\/NOTICIEROSCANAL7SLP\/"]},{"@type":"Person","@id":"https:\/\/canal7slp.tv\/2019\/#\/schema\/person\/11d941c1c6ca30ac0a46b95fa37aa2e3","name":"edicionweb","image":{"@type":"ImageObject","inLanguage":"es","@id":"https:\/\/secure.gravatar.com\/avatar\/eee448fc3f7164808013b816ba91ac7e43bbe82a70bebac296f8bc6f0addaa1a?s=96&d=mm&r=g","url":"https:\/\/secure.gravatar.com\/avatar\/eee448fc3f7164808013b816ba91ac7e43bbe82a70bebac296f8bc6f0addaa1a?s=96&d=mm&r=g","contentUrl":"https:\/\/secure.gravatar.com\/avatar\/eee448fc3f7164808013b816ba91ac7e43bbe82a70bebac296f8bc6f0addaa1a?s=96&d=mm&r=g","caption":"edicionweb"}}]}},"amp_enabled":true,"cmb2":{"video_ids_in_playlist":{"vid_p_videos":""},"video_ids_in_channel":{"vid_c_videos":""},"playlist_ids_in_channel":{"vid_c_playlists":""},"series_ids_in_channel":{"vid_c_series":""},"channel_images":{"vid_c_logo":"","vid_c_banner":""},"poster_feature_image":{"vid_m_poster_image":""},"gif_feature_image":{"vid_m_gif_image":""},"video_movie_settings":{"vid_m_director":"","vid_m_actor":"","vid_m_imdb_ratings":"","vid_m_amazon_associates":""},"vid_youtube_broadcasts_settings":{"vid_yb_broadcast_title":"","vid_yb_q":"","vid_yb_channelid":"","vid_yb_videocategoryid":"","vid_yb_maxresults":"","vid_yb_order":"","vid_yb_regioncode":"","vid_yb_videosyndicated":"","vid_yb_style":"","vid_yb_reload_first":""},"video_series_settings":{"vid_m_director":"","vid_m_actor":"","vid_m_imdb_ratings":"","video_series_group":""},"amazon_associates_settings":{"amazon_associates":"","amazon_native_ad":""},"vid_youtube_automatic_settings":{"vid_ya_youtube_source":"","vid_ya_update_every":"","vid_ya_update_unit":"","vid_ya_categories":"","vid_ya_published_after":"","vid_ya_published_before":"","vid_ya_playlists":"","vid_ya_channels":"","vid_ya_director":"","vid_ya_actor":"","vid_ya_author":"","vid_ya_import_post_date":"","vid_ya_status":"","vid_ya_sub_api_key":""},"vid_ads_m_videoads_settings_post":{"vid_ads_m_video_ads":"","vid_ads_m_video_ads_type":"","vid_ads_m_group_google_ima":"","vid_ads_m_group_image":"","vid_ads_m_group_html5_video":"","vid_ads_m_group_html":"","vid_ads_m_vast_preroll":"","vid_ads_m_vast_postroll":"","vid_ads_m_vast_pauseroll":"","vid_ads_m_vast_midroll":[{"vid_ads_m_vast_timer_seconds":"50"}],"vid_ads_m_time_to_show_ads":"","vid_ads_m_time_skip_ads":"","vid_ads_m_time_to_hide_ads":""},"page_slider_settings":{"display_slider_group":"","page_slider_group":""},"blog_page_settings":{"blog_page_title":"","blog_page_heading":"","blog_page_ic":"","blog_page_it":"","blog_page_ec":"","blog_page_ip":"","archive_loop_style":"","blog_image_ratio":"","blog_show_categories":"","blog_show_excerpt":"","blog_show_author":"","blog_show_date":"","blog_show_comment_count":"","blog_show_view_count":"","blog_show_like_count":"","blog_show_dislike_count":"","blog_items_per_page":"","blog_pag_type":""},"page_options":{"get_page_template":"","color_mode":"","main_layout":"","main_layout_full_with":"","main_logo":"","main_logo_retina":"","main_logo_mobile":"","main_logo_mobile_retina":"","sticky_logo":"","sticky_logo_retina":"","main_nav_layout":"","ajax_search":"","header_background":"","theme_sidebar":"","instagram_feed":"","instagram_feed_position":"","popular_videos":"","popular_videos_title_1":"","popular_videos_title_2":"","popular_videos_ic":"","popular_videos_it":"","theme_background":"","page_custom_css":""},"feature_image_settings":{"feature_image_position":""},"video_player_settings":{"single_video_style":"","video_player_position":"","vm_video_url":"","video_player_library":"","video_streaming":"","vm_media_sources":"","vid_auto_play":"","vm_video_shortcode":"","vid_p_sync_playlist":"","vid_c_sync_channel":"","get_post_format":"","multiple_links_structure":"default","multi_links_title":"","vm_video_multi_links":"","vm_duration":"","vid_social_locker":"off","vid_social_locker_id":"","vid_membership_action":"content-video","vm_video_trailer_url":"","vid_download_type":"free","vid_download_target":"download","vid_woo_product":"","vm_media_download":"","user_rating":"","user_rating_position":"","user_rating_mode":"","user_rating_multi_sets":""},"video_auto_fetch_settings":{"vm_video_fetch":"on"},"video_fake_views_likes":{"vm_fake_views":"","vm_fake_likes":"","vm_fake_dislikes":""},"gallery_settings":{"gallery_position":""},"quote_settings":{"quote_position":""},"post_options":{"main_layout":"","main_logo":"","main_logo_retina":"","main_logo_mobile":"","main_logo_mobile_retina":"","sticky_logo":"","sticky_logo_retina":"","main_nav_layout":"","header_background":"","theme_sidebar":"","single_post_comment_type":"","theme_background":""}},"_links":{"self":[{"href":"https:\/\/canal7slp.tv\/2019\/wp-json\/wp\/v2\/posts\/67259","targetHints":{"allow":["GET"]}}],"collection":[{"href":"https:\/\/canal7slp.tv\/2019\/wp-json\/wp\/v2\/posts"}],"about":[{"href":"https:\/\/canal7slp.tv\/2019\/wp-json\/wp\/v2\/types\/post"}],"author":[{"embeddable":true,"href":"https:\/\/canal7slp.tv\/2019\/wp-json\/wp\/v2\/users\/2"}],"replies":[{"embeddable":true,"href":"https:\/\/canal7slp.tv\/2019\/wp-json\/wp\/v2\/comments?post=67259"}],"version-history":[{"count":0,"href":"https:\/\/canal7slp.tv\/2019\/wp-json\/wp\/v2\/posts\/67259\/revisions"}],"wp:featuredmedia":[{"embeddable":true,"href":"https:\/\/canal7slp.tv\/2019\/wp-json\/wp\/v2\/media\/67260"}],"wp:attachment":[{"href":"https:\/\/canal7slp.tv\/2019\/wp-json\/wp\/v2\/media?parent=67259"}],"wp:term":[{"taxonomy":"category","embeddable":true,"href":"https:\/\/canal7slp.tv\/2019\/wp-json\/wp\/v2\/categories?post=67259"},{"taxonomy":"post_tag","embeddable":true,"href":"https:\/\/canal7slp.tv\/2019\/wp-json\/wp\/v2\/tags?post=67259"}],"curies":[{"name":"wp","href":"https:\/\/api.w.org\/{rel}","templated":true}]}}